{"id":100042,"date":"2022-12-14T19:54:13","date_gmt":"2022-12-15T01:54:13","guid":{"rendered":"https:\/\/lospoliticosveracruz.com.mx\/?p=100042"},"modified":"2022-12-14T19:54:19","modified_gmt":"2022-12-15T01:54:19","slug":"cuic-y-ruth","status":"publish","type":"post","link":"https:\/\/lospoliticosveracruz.com\/?p=100042","title":{"rendered":"CUIC Y RUTH"},"content":{"rendered":"\n<p><strong>Salvador Mu\u00f1oz<br><\/strong><em>Los Pol\u00edticos<\/em><\/p>\n\n\n\n<p>Algo hay que reconocer al Gobernador Cuitl\u00e1huac en lo que fue el cierre de la Glosa del IV Informe con su presencia en el Congreso del Estado: no atasc\u00f3 ni las calles de la avenida Encanto ni los patios del Palacio Legislativo como dos o tres de sus secretarios lo hicieron cuando comparecieron ante los diputados\u2026 punto a favor de Garc\u00eda Jim\u00e9nez.<\/p>\n\n\n\n<figure class=\"wp-block-embed is-type-video is-provider-youtube wp-block-embed-youtube wp-embed-aspect-16-9 wp-has-aspect-ratio\"><div class=\"wp-block-embed__wrapper\">\n<iframe loading=\"lazy\" title=\"Cluster Coworking\" width=\"696\" height=\"392\" src=\"https:\/\/www.youtube.com\/embed\/Nxe-vxf8GuY?feature=oembed\" frameborder=\"0\" allow=\"accelerometer; autoplay; clipboard-write; encrypted-media; gyroscope; picture-in-picture; web-share\" referrerpolicy=\"strict-origin-when-cross-origin\" allowfullscreen><\/iframe>\n<\/div><\/figure>\n\n\n\n<p><br>Hablar de lo que ha hecho o dej\u00f3 de hacer el Mandatario estatal, o el mismo rollo mareador de los gobiernos anteriores, en esta columna no es el caso\u2026 vamos a referirnos al papel pol\u00edtico que desarroll\u00f3 durante su presencia ante los legisladores as\u00ed como algunos detalles dentro del evento, como el hecho de que no le funcionara el micr\u00f3fono cuando pidi\u00f3 la intervenci\u00f3n al presidente de la Junta de Coordinaci\u00f3n Pol\u00edtica del Congreso local, Juan Javier G\u00f3mez Cazar\u00edn, por lo que tuvo que pasar a Tribuna a pedir un minuto de silencio por el fallecimiento de Luis Miguel Ger\u00f3nimo Barbosa Huerta\u2026<br>Curiosidades legislativas: el diputado por el PT, Ram\u00f3n D\u00edaz Avila, igual dio a conocer el fallecimiento de otra Barbosa, la Diputada suplente por el distrito de Minatitl\u00e1n, Mar\u00eda del Carmen Barbosa Santiago\u2026 A diferencia del Jucopo, el petista pidi\u00f3 aplausos para la compa\u00f1era\u2026 en ese lapso, hubo un momento en que el Gobernador ya se iba a sentar, pero los aplausos siguieron y tuvo que enderezarse y de nuevo seguir con las palmas\u2026<br>La gran pregunta que se hac\u00edan algunos: \u00bfQu\u00e9 chingaos o\u00eda el diputado y tambi\u00e9n Vicepresidente de la Mesa Directiva, Hugo Gonz\u00e1lez Saavedra, porque en varias ocasiones se le alcanz\u00f3 a ver su \u201cAir Pods\u201d (Aud\u00edfonos de la Mac, pues) del lado del Gobernador.<br>En la intervenci\u00f3n de las fracciones legislativas, no desentonaron Miguel Hermida Copado, Marlon Ram\u00edrez Mar\u00edn ni Ruth Callejas, quienes en ese tenor de oposici\u00f3n cr\u00edtica, hicieron observaciones y propuestas que, salvo con Ruth Callejas, fueron respondidas bien, con argumentos, seco y a veces flexible por parte de Garc\u00eda Jim\u00e9nez\u2026 como que dej\u00f3 aparte el encono, el enojo, el resentimiento en sus palabras\u2026 Insisto, para Hermida y Marlon\u2026 \u00a1vamos! No les contest\u00f3 con flores pero tampoco se vio silvestre\u2026<br>No as\u00ed el diputado \u201cJust for Men\u201d Luis Fernando Cervantes Cruz, quien en la intervenci\u00f3n de Miguel Hermida se levant\u00f3 desde su curul para gritarle al panista, quien ya debe estar acostumbrado a estas alturas de los altisonantes reclamos en sus intervenciones por parte de la bancada morena. Por ah\u00ed, un pati\u00f1o desde las butacas del p\u00fablico igual le grit\u00f3 \u201c\u00a1Mentiroso!\u201d a Hermida.<br>Aqu\u00ed bien merece Margarita Corro un reconocimiento por actuar presta en ambos \u201cchous\u201d pidiendo silencio a ambos payasos, tanto el diputado como el \u201cespont\u00e1neo\u201d del p\u00fablico\u2026<br>\u00bfPero qu\u00e9 pas\u00f3 con Ruth Callejas? Pues dio una radiograf\u00eda de lo que adolece Veracruz: seguridad\u2026 seguridad en sus ciudadanos y principalmente en sus mujeres\u2026 y adem\u00e1s calific\u00f3 de inmoral hablar de obras cuando no se atiende el tejido social lastimado por feminicidios, entre otros datos. No dej\u00f3 pasar la oportunidad de recordar que \u201calgunos\u201d secretarios cuando son cuestionados, \u00e9stos denigran o descalifican\u2026 \u00a1Ai te hablan Bola 8!<br>\u00bfFue mi imaginaci\u00f3n o s\u00f3lo yo escuch\u00e9 una voz temblorosa, como con sentimiento atravesado en la garganta de Ruth?<br>Cuitl\u00e1huac con Ruth se vio rudo, a veces un tanto con la legisladora a veces otro con el partido Movimiento Ciudadano, al grado de que consider\u00f3 que si no tienen presidentas municipales es porque no las apoya el partido naranja\u2026 s\u00ed, un absurdo que aderez\u00f3 diciendo que en el Congreso, son m\u00e1s mujeres que varones en la fracci\u00f3n morena\u2026 si no contamos a Perla y Lidia, que saltaron del PRD a Morena, se quedan en 14 contra 14 varones (sin contar a Fararoni que lleg\u00f3 con el Verde)\u2026 pero si ve al Diputade fuera de los hombres, entonces, s\u00ed, por una son mayor\u00eda\u2026<br>En lo que respecta a las otras fuerzas, en t\u00e9rminos futbol\u00edsticos podr\u00edamos decir que s\u00f3lo le pusieron la pelota para que metiera gol\u2026 En general, pol\u00edticamente hablando, podemos decir que no se vio mal, pero la forma en que respondi\u00f3 a la diputada Ruth haci\u00e9ndolo desde un punto de vista, hasta personal, hace que piense uno que pudo haberse visto mejor\u2026<\/p>\n","protected":false},"excerpt":{"rendered":"<p>Salvador Mu\u00f1ozLos Pol\u00edticos Algo hay que reconocer al Gobernador Cuitl\u00e1huac en lo que fue el cierre de la Glosa del IV Informe con su presencia en el Congreso del Estado: no atasc\u00f3 ni las calles de la avenida Encanto ni los patios del Palacio Legislativo como dos o tres de sus secretarios lo hicieron cuando [&hellip;]<\/p>\n","protected":false},"author":2,"featured_media":0,"comment_status":"closed","ping_status":"closed","sticky":false,"template":"","format":"standard","meta":{"tdm_status":"","tdm_grid_status":"","footnotes":""},"categories":[70],"tags":[1563,12655,12695,35834,2908,28430,373,1026,2289,34064,1385,195],"class_list":{"0":"post-100042","1":"post","2":"type-post","3":"status-publish","4":"format-standard","6":"category-de-opinion","7":"tag-cuitlahuac-garcia-jimenez","8":"tag-hugo-gonzalez-saavedra","9":"tag-juan-javier-gomez-cazarin","10":"tag-luis-miguel-geronimo-barbosa-huerta","11":"tag-marlon-ramirez-marin","12":"tag-miguel-hermida-copado","13":"tag-minatitlan","14":"tag-morena","15":"tag-pt","16":"tag-ramon-diaz-avila-2","17":"tag-ruth-callejas","18":"tag-veracruz"},"yoast_head":"<!-- This site is optimized with the Yoast SEO plugin v27.4 - https:\/\/yoast.com\/product\/yoast-seo-wordpress\/ -->\n<title>CUIC Y RUTH - Los pol\u00edticos Veracruz<\/title>\n<meta name=\"robots\" content=\"index, follow, max-snippet:-1, max-image-preview:large, max-video-preview:-1\" \/>\n<link rel=\"canonical\" href=\"https:\/\/lospoliticosveracruz.com\/?p=100042\" \/>\n<meta property=\"og:locale\" content=\"es_ES\" \/>\n<meta property=\"og:type\" content=\"article\" \/>\n<meta property=\"og:title\" content=\"CUIC Y RUTH - Los pol\u00edticos Veracruz\" \/>\n<meta property=\"og:description\" content=\"Salvador Mu\u00f1ozLos Pol\u00edticos Algo hay que reconocer al Gobernador Cuitl\u00e1huac en lo que fue el cierre de la Glosa del IV Informe con su presencia en el Congreso del Estado: no atasc\u00f3 ni las calles de la avenida Encanto ni los patios del Palacio Legislativo como dos o tres de sus secretarios lo hicieron cuando [&hellip;]\" \/>\n<meta property=\"og:url\" content=\"https:\/\/lospoliticosveracruz.com\/?p=100042\" \/>\n<meta property=\"og:site_name\" content=\"Los pol\u00edticos Veracruz\" \/>\n<meta property=\"article:publisher\" content=\"https:\/\/www.facebook.com\/people\/Notimemes-de-los-Polticos\/61565672886568\/\" \/>\n<meta property=\"article:published_time\" content=\"2022-12-15T01:54:13+00:00\" \/>\n<meta property=\"article:modified_time\" content=\"2022-12-15T01:54:19+00:00\" \/>\n<meta property=\"og:image\" content=\"https:\/\/lospoliticosveracruz.com\/wp-content\/uploads\/2016\/07\/Logo-Dor.jpg\" \/>\n\t<meta property=\"og:image:width\" content=\"200\" \/>\n\t<meta property=\"og:image:height\" content=\"200\" \/>\n\t<meta property=\"og:image:type\" content=\"image\/jpeg\" \/>\n<meta name=\"author\" content=\"Lo viste en Los Pol\u00edticos\" \/>\n<meta name=\"twitter:card\" content=\"summary_large_image\" \/>\n<meta name=\"twitter:creator\" content=\"@LosPoliticosVer\" \/>\n<meta name=\"twitter:site\" content=\"@LosPoliticosVer\" \/>\n<meta name=\"twitter:label1\" content=\"Escrito por\" \/>\n\t<meta name=\"twitter:data1\" content=\"Lo viste en Los Pol\u00edticos\" \/>\n\t<meta name=\"twitter:label2\" content=\"Tiempo de lectura\" \/>\n\t<meta name=\"twitter:data2\" content=\"4 minutos\" \/>\n<script type=\"application\/ld+json\" class=\"yoast-schema-graph\">{\"@context\":\"https:\\\/\\\/schema.org\",\"@graph\":[{\"@type\":\"Article\",\"@id\":\"https:\\\/\\\/lospoliticosveracruz.com\\\/?p=100042#article\",\"isPartOf\":{\"@id\":\"https:\\\/\\\/lospoliticosveracruz.com\\\/?p=100042\"},\"author\":{\"name\":\"Lo viste en Los Pol\u00edticos\",\"@id\":\"https:\\\/\\\/lospoliticosveracruz.com\\\/#\\\/schema\\\/person\\\/b8702bb0e538456e6efd07080bf2a4a2\"},\"headline\":\"CUIC Y RUTH\",\"datePublished\":\"2022-12-15T01:54:13+00:00\",\"dateModified\":\"2022-12-15T01:54:19+00:00\",\"mainEntityOfPage\":{\"@id\":\"https:\\\/\\\/lospoliticosveracruz.com\\\/?p=100042\"},\"wordCount\":756,\"publisher\":{\"@id\":\"https:\\\/\\\/lospoliticosveracruz.com\\\/#organization\"},\"keywords\":[\"Cuitl\u00e1huac Garc\u00eda Jim\u00e9nez\",\"Hugo Gonz\u00e1lez Saavedra\",\"Juan Javier G\u00f3mez Cazar\u00edn\",\"Luis Miguel Ger\u00f3nimo Barbosa Huerta\",\"Marlon Ram\u00edrez Mar\u00edn\",\"Miguel Hermida Copado\",\"Minatitl\u00e1n\",\"Morena\",\"PT\",\"Ram\u00f3n D\u00edaz Avila\",\"Ruth Callejas\",\"Veracruz\"],\"articleSection\":[\"De Opini\u00f3n\"],\"inLanguage\":\"es\"},{\"@type\":\"WebPage\",\"@id\":\"https:\\\/\\\/lospoliticosveracruz.com\\\/?p=100042\",\"url\":\"https:\\\/\\\/lospoliticosveracruz.com\\\/?p=100042\",\"name\":\"CUIC Y RUTH - Los pol\u00edticos Veracruz\",\"isPartOf\":{\"@id\":\"https:\\\/\\\/lospoliticosveracruz.com\\\/#website\"},\"datePublished\":\"2022-12-15T01:54:13+00:00\",\"dateModified\":\"2022-12-15T01:54:19+00:00\",\"breadcrumb\":{\"@id\":\"https:\\\/\\\/lospoliticosveracruz.com\\\/?p=100042#breadcrumb\"},\"inLanguage\":\"es\",\"potentialAction\":[{\"@type\":\"ReadAction\",\"target\":[\"https:\\\/\\\/lospoliticosveracruz.com\\\/?p=100042\"]}]},{\"@type\":\"BreadcrumbList\",\"@id\":\"https:\\\/\\\/lospoliticosveracruz.com\\\/?p=100042#breadcrumb\",\"itemListElement\":[{\"@type\":\"ListItem\",\"position\":1,\"name\":\"Portada\",\"item\":\"https:\\\/\\\/lospoliticosveracruz.com\\\/\"},{\"@type\":\"ListItem\",\"position\":2,\"name\":\"CUIC Y RUTH\"}]},{\"@type\":\"WebSite\",\"@id\":\"https:\\\/\\\/lospoliticosveracruz.com\\\/#website\",\"url\":\"https:\\\/\\\/lospoliticosveracruz.com\\\/\",\"name\":\"Los pol\u00edticos Veracruz\",\"description\":\"\",\"publisher\":{\"@id\":\"https:\\\/\\\/lospoliticosveracruz.com\\\/#organization\"},\"potentialAction\":[{\"@type\":\"SearchAction\",\"target\":{\"@type\":\"EntryPoint\",\"urlTemplate\":\"https:\\\/\\\/lospoliticosveracruz.com\\\/?s={search_term_string}\"},\"query-input\":{\"@type\":\"PropertyValueSpecification\",\"valueRequired\":true,\"valueName\":\"search_term_string\"}}],\"inLanguage\":\"es\"},{\"@type\":\"Organization\",\"@id\":\"https:\\\/\\\/lospoliticosveracruz.com\\\/#organization\",\"name\":\"Los pol\u00edticos Veracruz\",\"url\":\"https:\\\/\\\/lospoliticosveracruz.com\\\/\",\"logo\":{\"@type\":\"ImageObject\",\"inLanguage\":\"es\",\"@id\":\"https:\\\/\\\/lospoliticosveracruz.com\\\/#\\\/schema\\\/logo\\\/image\\\/\",\"url\":\"https:\\\/\\\/lospoliticosveracruz.com\\\/wp-content\\\/uploads\\\/2025\\\/12\\\/Logo-Nuevo-LOS-POLITICOS-1.jpg\",\"contentUrl\":\"https:\\\/\\\/lospoliticosveracruz.com\\\/wp-content\\\/uploads\\\/2025\\\/12\\\/Logo-Nuevo-LOS-POLITICOS-1.jpg\",\"width\":260,\"height\":70,\"caption\":\"Los pol\u00edticos Veracruz\"},\"image\":{\"@id\":\"https:\\\/\\\/lospoliticosveracruz.com\\\/#\\\/schema\\\/logo\\\/image\\\/\"},\"sameAs\":[\"https:\\\/\\\/www.facebook.com\\\/people\\\/Notimemes-de-los-Polticos\\\/61565672886568\\\/\",\"https:\\\/\\\/x.com\\\/LosPoliticosVer\"]},{\"@type\":\"Person\",\"@id\":\"https:\\\/\\\/lospoliticosveracruz.com\\\/#\\\/schema\\\/person\\\/b8702bb0e538456e6efd07080bf2a4a2\",\"name\":\"Lo viste en Los Pol\u00edticos\",\"image\":{\"@type\":\"ImageObject\",\"inLanguage\":\"es\",\"@id\":\"https:\\\/\\\/secure.gravatar.com\\\/avatar\\\/3a8de04a2656d44082be478bd6c086daa447c4651605818287b9532d3d0bd435?s=96&d=mm&r=g\",\"url\":\"https:\\\/\\\/secure.gravatar.com\\\/avatar\\\/3a8de04a2656d44082be478bd6c086daa447c4651605818287b9532d3d0bd435?s=96&d=mm&r=g\",\"contentUrl\":\"https:\\\/\\\/secure.gravatar.com\\\/avatar\\\/3a8de04a2656d44082be478bd6c086daa447c4651605818287b9532d3d0bd435?s=96&d=mm&r=g\",\"caption\":\"Lo viste en Los Pol\u00edticos\"},\"url\":\"https:\\\/\\\/lospoliticosveracruz.com\\\/?author=2\"}]}<\/script>\n<!-- \/ Yoast SEO plugin. -->","yoast_head_json":{"title":"CUIC Y RUTH - Los pol\u00edticos Veracruz","robots":{"index":"index","follow":"follow","max-snippet":"max-snippet:-1","max-image-preview":"max-image-preview:large","max-video-preview":"max-video-preview:-1"},"canonical":"https:\/\/lospoliticosveracruz.com\/?p=100042","og_locale":"es_ES","og_type":"article","og_title":"CUIC Y RUTH - Los pol\u00edticos Veracruz","og_description":"Salvador Mu\u00f1ozLos Pol\u00edticos Algo hay que reconocer al Gobernador Cuitl\u00e1huac en lo que fue el cierre de la Glosa del IV Informe con su presencia en el Congreso del Estado: no atasc\u00f3 ni las calles de la avenida Encanto ni los patios del Palacio Legislativo como dos o tres de sus secretarios lo hicieron cuando [&hellip;]","og_url":"https:\/\/lospoliticosveracruz.com\/?p=100042","og_site_name":"Los pol\u00edticos Veracruz","article_publisher":"https:\/\/www.facebook.com\/people\/Notimemes-de-los-Polticos\/61565672886568\/","article_published_time":"2022-12-15T01:54:13+00:00","article_modified_time":"2022-12-15T01:54:19+00:00","og_image":[{"width":200,"height":200,"url":"https:\/\/lospoliticosveracruz.com\/wp-content\/uploads\/2016\/07\/Logo-Dor.jpg","type":"image\/jpeg"}],"author":"Lo viste en Los Pol\u00edticos","twitter_card":"summary_large_image","twitter_creator":"@LosPoliticosVer","twitter_site":"@LosPoliticosVer","twitter_misc":{"Escrito por":"Lo viste en Los Pol\u00edticos","Tiempo de lectura":"4 minutos"},"schema":{"@context":"https:\/\/schema.org","@graph":[{"@type":"Article","@id":"https:\/\/lospoliticosveracruz.com\/?p=100042#article","isPartOf":{"@id":"https:\/\/lospoliticosveracruz.com\/?p=100042"},"author":{"name":"Lo viste en Los Pol\u00edticos","@id":"https:\/\/lospoliticosveracruz.com\/#\/schema\/person\/b8702bb0e538456e6efd07080bf2a4a2"},"headline":"CUIC Y RUTH","datePublished":"2022-12-15T01:54:13+00:00","dateModified":"2022-12-15T01:54:19+00:00","mainEntityOfPage":{"@id":"https:\/\/lospoliticosveracruz.com\/?p=100042"},"wordCount":756,"publisher":{"@id":"https:\/\/lospoliticosveracruz.com\/#organization"},"keywords":["Cuitl\u00e1huac Garc\u00eda Jim\u00e9nez","Hugo Gonz\u00e1lez Saavedra","Juan Javier G\u00f3mez Cazar\u00edn","Luis Miguel Ger\u00f3nimo Barbosa Huerta","Marlon Ram\u00edrez Mar\u00edn","Miguel Hermida Copado","Minatitl\u00e1n","Morena","PT","Ram\u00f3n D\u00edaz Avila","Ruth Callejas","Veracruz"],"articleSection":["De Opini\u00f3n"],"inLanguage":"es"},{"@type":"WebPage","@id":"https:\/\/lospoliticosveracruz.com\/?p=100042","url":"https:\/\/lospoliticosveracruz.com\/?p=100042","name":"CUIC Y RUTH - Los pol\u00edticos Veracruz","isPartOf":{"@id":"https:\/\/lospoliticosveracruz.com\/#website"},"datePublished":"2022-12-15T01:54:13+00:00","dateModified":"2022-12-15T01:54:19+00:00","breadcrumb":{"@id":"https:\/\/lospoliticosveracruz.com\/?p=100042#breadcrumb"},"inLanguage":"es","potentialAction":[{"@type":"ReadAction","target":["https:\/\/lospoliticosveracruz.com\/?p=100042"]}]},{"@type":"BreadcrumbList","@id":"https:\/\/lospoliticosveracruz.com\/?p=100042#breadcrumb","itemListElement":[{"@type":"ListItem","position":1,"name":"Portada","item":"https:\/\/lospoliticosveracruz.com\/"},{"@type":"ListItem","position":2,"name":"CUIC Y RUTH"}]},{"@type":"WebSite","@id":"https:\/\/lospoliticosveracruz.com\/#website","url":"https:\/\/lospoliticosveracruz.com\/","name":"Los pol\u00edticos Veracruz","description":"","publisher":{"@id":"https:\/\/lospoliticosveracruz.com\/#organization"},"potentialAction":[{"@type":"SearchAction","target":{"@type":"EntryPoint","urlTemplate":"https:\/\/lospoliticosveracruz.com\/?s={search_term_string}"},"query-input":{"@type":"PropertyValueSpecification","valueRequired":true,"valueName":"search_term_string"}}],"inLanguage":"es"},{"@type":"Organization","@id":"https:\/\/lospoliticosveracruz.com\/#organization","name":"Los pol\u00edticos Veracruz","url":"https:\/\/lospoliticosveracruz.com\/","logo":{"@type":"ImageObject","inLanguage":"es","@id":"https:\/\/lospoliticosveracruz.com\/#\/schema\/logo\/image\/","url":"https:\/\/lospoliticosveracruz.com\/wp-content\/uploads\/2025\/12\/Logo-Nuevo-LOS-POLITICOS-1.jpg","contentUrl":"https:\/\/lospoliticosveracruz.com\/wp-content\/uploads\/2025\/12\/Logo-Nuevo-LOS-POLITICOS-1.jpg","width":260,"height":70,"caption":"Los pol\u00edticos Veracruz"},"image":{"@id":"https:\/\/lospoliticosveracruz.com\/#\/schema\/logo\/image\/"},"sameAs":["https:\/\/www.facebook.com\/people\/Notimemes-de-los-Polticos\/61565672886568\/","https:\/\/x.com\/LosPoliticosVer"]},{"@type":"Person","@id":"https:\/\/lospoliticosveracruz.com\/#\/schema\/person\/b8702bb0e538456e6efd07080bf2a4a2","name":"Lo viste en Los Pol\u00edticos","image":{"@type":"ImageObject","inLanguage":"es","@id":"https:\/\/secure.gravatar.com\/avatar\/3a8de04a2656d44082be478bd6c086daa447c4651605818287b9532d3d0bd435?s=96&d=mm&r=g","url":"https:\/\/secure.gravatar.com\/avatar\/3a8de04a2656d44082be478bd6c086daa447c4651605818287b9532d3d0bd435?s=96&d=mm&r=g","contentUrl":"https:\/\/secure.gravatar.com\/avatar\/3a8de04a2656d44082be478bd6c086daa447c4651605818287b9532d3d0bd435?s=96&d=mm&r=g","caption":"Lo viste en Los Pol\u00edticos"},"url":"https:\/\/lospoliticosveracruz.com\/?author=2"}]}},"_links":{"self":[{"href":"https:\/\/lospoliticosveracruz.com\/index.php?rest_route=\/wp\/v2\/posts\/100042","targetHints":{"allow":["GET"]}}],"collection":[{"href":"https:\/\/lospoliticosveracruz.com\/index.php?rest_route=\/wp\/v2\/posts"}],"about":[{"href":"https:\/\/lospoliticosveracruz.com\/index.php?rest_route=\/wp\/v2\/types\/post"}],"author":[{"embeddable":true,"href":"https:\/\/lospoliticosveracruz.com\/index.php?rest_route=\/wp\/v2\/users\/2"}],"replies":[{"embeddable":true,"href":"https:\/\/lospoliticosveracruz.com\/index.php?rest_route=%2Fwp%2Fv2%2Fcomments&post=100042"}],"version-history":[{"count":1,"href":"https:\/\/lospoliticosveracruz.com\/index.php?rest_route=\/wp\/v2\/posts\/100042\/revisions"}],"predecessor-version":[{"id":100047,"href":"https:\/\/lospoliticosveracruz.com\/index.php?rest_route=\/wp\/v2\/posts\/100042\/revisions\/100047"}],"wp:attachment":[{"href":"https:\/\/lospoliticosveracruz.com\/index.php?rest_route=%2Fwp%2Fv2%2Fmedia&parent=100042"}],"wp:term":[{"taxonomy":"category","embeddable":true,"href":"https:\/\/lospoliticosveracruz.com\/index.php?rest_route=%2Fwp%2Fv2%2Fcategories&post=100042"},{"taxonomy":"post_tag","embeddable":true,"href":"https:\/\/lospoliticosveracruz.com\/index.php?rest_route=%2Fwp%2Fv2%2Ftags&post=100042"}],"curies":[{"name":"wp","href":"https:\/\/api.w.org\/{rel}","templated":true}]}}