{"id":100344,"date":"2022-12-22T07:39:20","date_gmt":"2022-12-22T13:39:20","guid":{"rendered":"https:\/\/lospoliticosveracruz.com.mx\/?p=100344"},"modified":"2022-12-22T07:39:27","modified_gmt":"2022-12-22T13:39:27","slug":"chin-tan-bien-que-iba-el-senador","status":"publish","type":"post","link":"https:\/\/lospoliticosveracruz.com\/?p=100344","title":{"rendered":"CHIN\u2026. TAN BIEN QUE IBA EL SENADOR"},"content":{"rendered":"\n<p><strong>Bernardo Guti\u00e9rrez Parra<\/strong><\/p>\n\n\n\n<p><em>Desde el Caf\u00e9\u00a0<\/em><\/p>\n\n\n\n<p>El senador panista Julen Rementer\u00eda del Puerto es el aspirante m\u00e1s activo hasta el momento de la alianza Va por Veracruz que no tardan en reconfirmar el PAN, PRI y PRD rumbo al 2024. Julen ha sido un enconado adversario de los morenos a los que no se ha cansado de se\u00f1alarles sus dislates. Adem\u00e1s, trae tras de s\u00ed un excelente equipo que lo ha posicionado muy bien tanto en las redes como en los medios de comunicaci\u00f3n.\u00a0<br><\/p>\n\n\n\n<figure class=\"wp-block-image size-full\"><a href=\"https:\/\/lospoliticosveracruz.com.mx\/wp-content\/uploads\/2022\/05\/Seguro-Julio-Cerecedo.jpg\"><img decoding=\"async\" src=\"https:\/\/lospoliticosveracruz.com.mx\/wp-content\/uploads\/2022\/05\/Seguro-Julio-Cerecedo.jpg\" alt=\"\" class=\"wp-image-90414\"\/><\/a><\/figure>\n\n\n\n<p>El legislador es sin discusi\u00f3n la carta m\u00e1s fuerte del PAN a la gubernatura. Nadie le hace la m\u00ednima sombra en el blanquiazul, ni los Yunes del Estero cuya baraja m\u00e1s preciada es la se\u00f1ora Patricia Lobeira, alcaldesa de Veracruz, que a lo m\u00e1s que puede aspirar es a una senadur\u00eda.<\/p>\n\n\n\n<p>Desde el 2018 en que Morena lleg\u00f3 tumbando ca\u00f1a y dej\u00f3 a la oposici\u00f3n en calidad de fiambre, Julen ha ido abri\u00e9ndose paso rumbo a la candidatura de la alianza tripartita y seguidores no le faltan.&nbsp;<\/p>\n\n\n\n<p>\u201cNuestro abanderado Julen va que vuela a la gubernatura. No lo van a parar y tampoco lo van a bajar\u201d, me dijo un distinguido panista, pero qui\u00e9n sabe. Quien le acaba de meter una penosa zancadilla fue un miembro de su familia.<\/p>\n\n\n\n<p>Este martes, el diputado local Bingen Rementer\u00eda que entre otras cosas es su hijo, se sum\u00f3 a la bancada de Morena y vot\u00f3 a favor de la designaci\u00f3n de los magistrados que integrar\u00e1n el Tribunal de Justicia Administrativa del Estado de Veracruz (TRIJAEV), puros cuates de Cuitl\u00e1huac Garc\u00eda que tienen la imparcialidad que ten\u00eda el PRI en sus a\u00f1os de gloria y son m\u00e1s morenistas que Andr\u00e9s Manuel.&nbsp;<\/p>\n\n\n\n<p>A los morenos les faltaba un voto para imponer a sus magistrados y Bingen les hizo el favor, junto con los tambi\u00e9n panistas Nora Lagunes y Hugo Gonz\u00e1lez que en agosto votaron a favor de la llamada Ley Nahle.&nbsp;<\/p>\n\n\n\n<p>Furiosa por el proceder del junior, la senadora del PAN, Indira Rosales San Rom\u00e1n, dijo que es \u201ctotalmente incongruente\u201d que su hom\u00f3logo Julen Rementer\u00eda se pronuncie contra las acciones de la 4T en Veracruz y su hijo Bingen apoye a Morena.<\/p>\n\n\n\n<p>Como todo buen padre que defiende a un v\u00e1stago hasta de sus babosadas m\u00e1s grandes, Julen puede alegar que Bingen est\u00e1 lo suficientemente grandecito para hacer lo que mejor le convenga, pero lo cierto es que el golpe lo agarr\u00f3 desprevenido y lo puso muy maltrecho. Si hasta hace 72 horas era el aspirante invencible del blanquiazul, ahora qui\u00e9n sabe.&nbsp;<\/p>\n\n\n\n<p>\u00bfQu\u00e9 sigue con Bingen? Dicen que lo van a expulsar del partido por traidor, pero lo mismo dijeron en agosto de Nora y Hugo que ah\u00ed siguen, traicionando al PAN y vendiendo la poca dignidad que les quedaba.<\/p>\n\n\n\n<p>\u00bfY qu\u00e9 sigue con el imparable Julen? Debe estar apesadumbrado al saber que su propio hijo le cort\u00f3 al menos una de las dos alas que necesita para volar rumbo a la candidatura y eventualmente hacia la gubernatura.<\/p>\n\n\n\n<p>Si por esas cosas que tiene la vida llega a ser candidato, los morenos lo van a tundir. Si bien Julen supo sortear la bronca que desat\u00f3 con su acercamiento al partido ultraderechista VOX y a su l\u00edder Santiago Abascal, carece de defensa contra la traici\u00f3n de su hijo y las consecuencias las pagar\u00e1 \u00e9l.&nbsp;<\/p>\n\n\n\n<p>\u00bfTiene el PAN un plan B? No tiene nada ni a nadie, sus esperanzas estaban puestas en Julen, pero vino su hijo Bingen y ech\u00f3 al traste con todo, lector.&nbsp;&nbsp;<\/p>\n\n\n\n<p>L\u00e1stima, tan bien que iba el senador.<\/p>\n\n\n\n<p><strong>La moraleja de Lima Franco\u00a0<\/strong><\/p>\n\n\n\n<p>Hasta los m\u00e1s esc\u00e9pticos tuvieron que aceptar que se equivocaron; hasta hace unos d\u00edas pocos le creyeron al titular de Finanzas, Jos\u00e9 Luis Lima Franco, cuando anunci\u00f3 que los maestros recibir\u00edan sus emolumentos correspondientes al 3, 2 y 1 por ciento que autoriz\u00f3 el presidente L\u00f3pez Obrador.&nbsp;<\/p>\n\n\n\n<p>El 14 de este mes y previo a la comparecencia del gobernador Cuitl\u00e1huac Garc\u00eda, el funcionario fue abordado por los reporteros a los que dijo que el gobierno estatal contaba con 10 mil millones de pesos para el pago de las dos quincenas y aguinaldos de los bur\u00f3cratas.&nbsp;<\/p>\n\n\n\n<p>\u201c\u00bfSe les pagar\u00e1 completo a los maestros?\u201d, le preguntaron.&nbsp;<\/p>\n\n\n\n<p>\u201cSi, en los 10 mil millones va lo que corresponde a sus dos quincenas, los aguinaldos y la parte del retroactivo por el aumento salarial que se les ha dado\u201d, contest\u00f3 el funcionario, pero pocos le creyeron.<\/p>\n\n\n\n<p>Ese mismo d\u00eda, cuando en los celulares de los docentes de Veracruz comenz\u00f3 a circular el ansiado mensaje de dos palabras \u201cya cay\u00f3\u201d, hasta los m\u00e1s esc\u00e9pticos tuvieron que reconocer que Lima Franco cumpli\u00f3.&nbsp;<\/p>\n\n\n\n<p>Seamos claros; si se evitaron marchas y plantones que hubieran alterado la paz en los municipios de Veracruz, fue gracias a los buenos oficios de un solo hombre; Jos\u00e9 Luis Lima Franco, que hizo posible que el pago del aumento a los maestros se hiciera realidad junto con sus quincenas y el aguinaldo.<\/p>\n\n\n\n<p>Moraleja: Cuando habla de dinero, hay que creerle al joven funcionario.&nbsp;<\/p>\n\n\n\n<p>bernardogup@hotmail.com<\/p>\n","protected":false},"excerpt":{"rendered":"<p>Bernardo Guti\u00e9rrez Parra Desde el Caf\u00e9\u00a0 El senador panista Julen Rementer\u00eda del Puerto es el aspirante m\u00e1s activo hasta el momento de la alianza Va por Veracruz que no tardan en reconfirmar el PAN, PRI y PRD rumbo al 2024. Julen ha sido un enconado adversario de los morenos a los que no se ha [&hellip;]<\/p>\n","protected":false},"author":2,"featured_media":0,"comment_status":"closed","ping_status":"closed","sticky":false,"template":"","format":"standard","meta":{"tdm_status":"","tdm_grid_status":"","footnotes":""},"categories":[70],"tags":[34206,4684,1563,13713,1130,1026,15052,266,28254,107,251,36673,24697,25692],"class_list":{"0":"post-100344","1":"post","2":"type-post","3":"status-publish","4":"format-standard","6":"category-de-opinion","7":"tag-bernardo-gutierrez-parra","8":"tag-bingen-rementeria","9":"tag-cuitlahuac-garcia-jimenez","10":"tag-jose-luis-lima-franco","11":"tag-julen-rementeria","12":"tag-morena","13":"tag-nora-lagunes","14":"tag-pan","15":"tag-patricia-lobeira","16":"tag-prd","17":"tag-pri","18":"tag-tribunal-de-justicia-administrativa-del-estado-de-veracruz","19":"tag-va-por-mexico","20":"tag-veracruz-va"},"yoast_head":"<!-- This site is optimized with the Yoast SEO plugin v27.4 - https:\/\/yoast.com\/product\/yoast-seo-wordpress\/ -->\n<title>CHIN\u2026. TAN BIEN QUE IBA EL SENADOR - Los pol\u00edticos Veracruz<\/title>\n<meta name=\"robots\" content=\"index, follow, max-snippet:-1, max-image-preview:large, max-video-preview:-1\" \/>\n<link rel=\"canonical\" href=\"https:\/\/lospoliticosveracruz.com\/?p=100344\" \/>\n<meta property=\"og:locale\" content=\"es_ES\" \/>\n<meta property=\"og:type\" content=\"article\" \/>\n<meta property=\"og:title\" content=\"CHIN\u2026. TAN BIEN QUE IBA EL SENADOR - Los pol\u00edticos Veracruz\" \/>\n<meta property=\"og:description\" content=\"Bernardo Guti\u00e9rrez Parra Desde el Caf\u00e9\u00a0 El senador panista Julen Rementer\u00eda del Puerto es el aspirante m\u00e1s activo hasta el momento de la alianza Va por Veracruz que no tardan en reconfirmar el PAN, PRI y PRD rumbo al 2024. Julen ha sido un enconado adversario de los morenos a los que no se ha [&hellip;]\" \/>\n<meta property=\"og:url\" content=\"https:\/\/lospoliticosveracruz.com\/?p=100344\" \/>\n<meta property=\"og:site_name\" content=\"Los pol\u00edticos Veracruz\" \/>\n<meta property=\"article:publisher\" content=\"https:\/\/www.facebook.com\/people\/Notimemes-de-los-Polticos\/61565672886568\/\" \/>\n<meta property=\"article:published_time\" content=\"2022-12-22T13:39:20+00:00\" \/>\n<meta property=\"article:modified_time\" content=\"2022-12-22T13:39:27+00:00\" \/>\n<meta property=\"og:image\" content=\"https:\/\/lospoliticosveracruz.com.mx\/wp-content\/uploads\/2022\/05\/Seguro-Julio-Cerecedo.jpg\" \/>\n<meta name=\"author\" content=\"Lo viste en Los Pol\u00edticos\" \/>\n<meta name=\"twitter:card\" content=\"summary_large_image\" \/>\n<meta name=\"twitter:creator\" content=\"@LosPoliticosVer\" \/>\n<meta name=\"twitter:site\" content=\"@LosPoliticosVer\" \/>\n<meta name=\"twitter:label1\" content=\"Escrito por\" \/>\n\t<meta name=\"twitter:data1\" content=\"Lo viste en Los Pol\u00edticos\" \/>\n\t<meta name=\"twitter:label2\" content=\"Tiempo de lectura\" \/>\n\t<meta name=\"twitter:data2\" content=\"4 minutos\" \/>\n<script type=\"application\/ld+json\" class=\"yoast-schema-graph\">{\"@context\":\"https:\\\/\\\/schema.org\",\"@graph\":[{\"@type\":\"Article\",\"@id\":\"https:\\\/\\\/lospoliticosveracruz.com\\\/?p=100344#article\",\"isPartOf\":{\"@id\":\"https:\\\/\\\/lospoliticosveracruz.com\\\/?p=100344\"},\"author\":{\"name\":\"Lo viste en Los Pol\u00edticos\",\"@id\":\"https:\\\/\\\/lospoliticosveracruz.com\\\/#\\\/schema\\\/person\\\/b8702bb0e538456e6efd07080bf2a4a2\"},\"headline\":\"CHIN\u2026. TAN BIEN QUE IBA EL SENADOR\",\"datePublished\":\"2022-12-22T13:39:20+00:00\",\"dateModified\":\"2022-12-22T13:39:27+00:00\",\"mainEntityOfPage\":{\"@id\":\"https:\\\/\\\/lospoliticosveracruz.com\\\/?p=100344\"},\"wordCount\":894,\"publisher\":{\"@id\":\"https:\\\/\\\/lospoliticosveracruz.com\\\/#organization\"},\"image\":{\"@id\":\"https:\\\/\\\/lospoliticosveracruz.com\\\/?p=100344#primaryimage\"},\"thumbnailUrl\":\"https:\\\/\\\/lospoliticosveracruz.com.mx\\\/wp-content\\\/uploads\\\/2022\\\/05\\\/Seguro-Julio-Cerecedo.jpg\",\"keywords\":[\"Bernardo Guti\u00e9rrez Parra\",\"Bingen Rementer\u00eda\",\"Cuitl\u00e1huac Garc\u00eda Jim\u00e9nez\",\"Jos\u00e9 Luis Lima Franco\",\"Julen Rementer\u00eda\",\"Morena\",\"Nora Lagunes\",\"PAN\",\"Patricia Lobeira\",\"PRD\",\"PRI\",\"Tribunal de Justicia Administrativa del Estado de Veracruz\",\"Va por M\u00e9xico\",\"Veracruz Va\"],\"articleSection\":[\"De Opini\u00f3n\"],\"inLanguage\":\"es\"},{\"@type\":\"WebPage\",\"@id\":\"https:\\\/\\\/lospoliticosveracruz.com\\\/?p=100344\",\"url\":\"https:\\\/\\\/lospoliticosveracruz.com\\\/?p=100344\",\"name\":\"CHIN\u2026. TAN BIEN QUE IBA EL SENADOR - Los pol\u00edticos Veracruz\",\"isPartOf\":{\"@id\":\"https:\\\/\\\/lospoliticosveracruz.com\\\/#website\"},\"primaryImageOfPage\":{\"@id\":\"https:\\\/\\\/lospoliticosveracruz.com\\\/?p=100344#primaryimage\"},\"image\":{\"@id\":\"https:\\\/\\\/lospoliticosveracruz.com\\\/?p=100344#primaryimage\"},\"thumbnailUrl\":\"https:\\\/\\\/lospoliticosveracruz.com.mx\\\/wp-content\\\/uploads\\\/2022\\\/05\\\/Seguro-Julio-Cerecedo.jpg\",\"datePublished\":\"2022-12-22T13:39:20+00:00\",\"dateModified\":\"2022-12-22T13:39:27+00:00\",\"breadcrumb\":{\"@id\":\"https:\\\/\\\/lospoliticosveracruz.com\\\/?p=100344#breadcrumb\"},\"inLanguage\":\"es\",\"potentialAction\":[{\"@type\":\"ReadAction\",\"target\":[\"https:\\\/\\\/lospoliticosveracruz.com\\\/?p=100344\"]}]},{\"@type\":\"ImageObject\",\"inLanguage\":\"es\",\"@id\":\"https:\\\/\\\/lospoliticosveracruz.com\\\/?p=100344#primaryimage\",\"url\":\"https:\\\/\\\/lospoliticosveracruz.com.mx\\\/wp-content\\\/uploads\\\/2022\\\/05\\\/Seguro-Julio-Cerecedo.jpg\",\"contentUrl\":\"https:\\\/\\\/lospoliticosveracruz.com.mx\\\/wp-content\\\/uploads\\\/2022\\\/05\\\/Seguro-Julio-Cerecedo.jpg\"},{\"@type\":\"BreadcrumbList\",\"@id\":\"https:\\\/\\\/lospoliticosveracruz.com\\\/?p=100344#breadcrumb\",\"itemListElement\":[{\"@type\":\"ListItem\",\"position\":1,\"name\":\"Portada\",\"item\":\"https:\\\/\\\/lospoliticosveracruz.com\\\/\"},{\"@type\":\"ListItem\",\"position\":2,\"name\":\"CHIN\u2026. TAN BIEN QUE IBA EL SENADOR\"}]},{\"@type\":\"WebSite\",\"@id\":\"https:\\\/\\\/lospoliticosveracruz.com\\\/#website\",\"url\":\"https:\\\/\\\/lospoliticosveracruz.com\\\/\",\"name\":\"Los pol\u00edticos Veracruz\",\"description\":\"\",\"publisher\":{\"@id\":\"https:\\\/\\\/lospoliticosveracruz.com\\\/#organization\"},\"potentialAction\":[{\"@type\":\"SearchAction\",\"target\":{\"@type\":\"EntryPoint\",\"urlTemplate\":\"https:\\\/\\\/lospoliticosveracruz.com\\\/?s={search_term_string}\"},\"query-input\":{\"@type\":\"PropertyValueSpecification\",\"valueRequired\":true,\"valueName\":\"search_term_string\"}}],\"inLanguage\":\"es\"},{\"@type\":\"Organization\",\"@id\":\"https:\\\/\\\/lospoliticosveracruz.com\\\/#organization\",\"name\":\"Los pol\u00edticos Veracruz\",\"url\":\"https:\\\/\\\/lospoliticosveracruz.com\\\/\",\"logo\":{\"@type\":\"ImageObject\",\"inLanguage\":\"es\",\"@id\":\"https:\\\/\\\/lospoliticosveracruz.com\\\/#\\\/schema\\\/logo\\\/image\\\/\",\"url\":\"https:\\\/\\\/lospoliticosveracruz.com\\\/wp-content\\\/uploads\\\/2025\\\/12\\\/Logo-Nuevo-LOS-POLITICOS-1.jpg\",\"contentUrl\":\"https:\\\/\\\/lospoliticosveracruz.com\\\/wp-content\\\/uploads\\\/2025\\\/12\\\/Logo-Nuevo-LOS-POLITICOS-1.jpg\",\"width\":260,\"height\":70,\"caption\":\"Los pol\u00edticos Veracruz\"},\"image\":{\"@id\":\"https:\\\/\\\/lospoliticosveracruz.com\\\/#\\\/schema\\\/logo\\\/image\\\/\"},\"sameAs\":[\"https:\\\/\\\/www.facebook.com\\\/people\\\/Notimemes-de-los-Polticos\\\/61565672886568\\\/\",\"https:\\\/\\\/x.com\\\/LosPoliticosVer\"]},{\"@type\":\"Person\",\"@id\":\"https:\\\/\\\/lospoliticosveracruz.com\\\/#\\\/schema\\\/person\\\/b8702bb0e538456e6efd07080bf2a4a2\",\"name\":\"Lo viste en Los Pol\u00edticos\",\"image\":{\"@type\":\"ImageObject\",\"inLanguage\":\"es\",\"@id\":\"https:\\\/\\\/secure.gravatar.com\\\/avatar\\\/3a8de04a2656d44082be478bd6c086daa447c4651605818287b9532d3d0bd435?s=96&d=mm&r=g\",\"url\":\"https:\\\/\\\/secure.gravatar.com\\\/avatar\\\/3a8de04a2656d44082be478bd6c086daa447c4651605818287b9532d3d0bd435?s=96&d=mm&r=g\",\"contentUrl\":\"https:\\\/\\\/secure.gravatar.com\\\/avatar\\\/3a8de04a2656d44082be478bd6c086daa447c4651605818287b9532d3d0bd435?s=96&d=mm&r=g\",\"caption\":\"Lo viste en Los Pol\u00edticos\"},\"url\":\"https:\\\/\\\/lospoliticosveracruz.com\\\/?author=2\"}]}<\/script>\n<!-- \/ Yoast SEO plugin. -->","yoast_head_json":{"title":"CHIN\u2026. TAN BIEN QUE IBA EL SENADOR - Los pol\u00edticos Veracruz","robots":{"index":"index","follow":"follow","max-snippet":"max-snippet:-1","max-image-preview":"max-image-preview:large","max-video-preview":"max-video-preview:-1"},"canonical":"https:\/\/lospoliticosveracruz.com\/?p=100344","og_locale":"es_ES","og_type":"article","og_title":"CHIN\u2026. TAN BIEN QUE IBA EL SENADOR - Los pol\u00edticos Veracruz","og_description":"Bernardo Guti\u00e9rrez Parra Desde el Caf\u00e9\u00a0 El senador panista Julen Rementer\u00eda del Puerto es el aspirante m\u00e1s activo hasta el momento de la alianza Va por Veracruz que no tardan en reconfirmar el PAN, PRI y PRD rumbo al 2024. Julen ha sido un enconado adversario de los morenos a los que no se ha [&hellip;]","og_url":"https:\/\/lospoliticosveracruz.com\/?p=100344","og_site_name":"Los pol\u00edticos Veracruz","article_publisher":"https:\/\/www.facebook.com\/people\/Notimemes-de-los-Polticos\/61565672886568\/","article_published_time":"2022-12-22T13:39:20+00:00","article_modified_time":"2022-12-22T13:39:27+00:00","og_image":[{"url":"https:\/\/lospoliticosveracruz.com.mx\/wp-content\/uploads\/2022\/05\/Seguro-Julio-Cerecedo.jpg","type":"","width":"","height":""}],"author":"Lo viste en Los Pol\u00edticos","twitter_card":"summary_large_image","twitter_creator":"@LosPoliticosVer","twitter_site":"@LosPoliticosVer","twitter_misc":{"Escrito por":"Lo viste en Los Pol\u00edticos","Tiempo de lectura":"4 minutos"},"schema":{"@context":"https:\/\/schema.org","@graph":[{"@type":"Article","@id":"https:\/\/lospoliticosveracruz.com\/?p=100344#article","isPartOf":{"@id":"https:\/\/lospoliticosveracruz.com\/?p=100344"},"author":{"name":"Lo viste en Los Pol\u00edticos","@id":"https:\/\/lospoliticosveracruz.com\/#\/schema\/person\/b8702bb0e538456e6efd07080bf2a4a2"},"headline":"CHIN\u2026. TAN BIEN QUE IBA EL SENADOR","datePublished":"2022-12-22T13:39:20+00:00","dateModified":"2022-12-22T13:39:27+00:00","mainEntityOfPage":{"@id":"https:\/\/lospoliticosveracruz.com\/?p=100344"},"wordCount":894,"publisher":{"@id":"https:\/\/lospoliticosveracruz.com\/#organization"},"image":{"@id":"https:\/\/lospoliticosveracruz.com\/?p=100344#primaryimage"},"thumbnailUrl":"https:\/\/lospoliticosveracruz.com.mx\/wp-content\/uploads\/2022\/05\/Seguro-Julio-Cerecedo.jpg","keywords":["Bernardo Guti\u00e9rrez Parra","Bingen Rementer\u00eda","Cuitl\u00e1huac Garc\u00eda Jim\u00e9nez","Jos\u00e9 Luis Lima Franco","Julen Rementer\u00eda","Morena","Nora Lagunes","PAN","Patricia Lobeira","PRD","PRI","Tribunal de Justicia Administrativa del Estado de Veracruz","Va por M\u00e9xico","Veracruz Va"],"articleSection":["De Opini\u00f3n"],"inLanguage":"es"},{"@type":"WebPage","@id":"https:\/\/lospoliticosveracruz.com\/?p=100344","url":"https:\/\/lospoliticosveracruz.com\/?p=100344","name":"CHIN\u2026. TAN BIEN QUE IBA EL SENADOR - Los pol\u00edticos Veracruz","isPartOf":{"@id":"https:\/\/lospoliticosveracruz.com\/#website"},"primaryImageOfPage":{"@id":"https:\/\/lospoliticosveracruz.com\/?p=100344#primaryimage"},"image":{"@id":"https:\/\/lospoliticosveracruz.com\/?p=100344#primaryimage"},"thumbnailUrl":"https:\/\/lospoliticosveracruz.com.mx\/wp-content\/uploads\/2022\/05\/Seguro-Julio-Cerecedo.jpg","datePublished":"2022-12-22T13:39:20+00:00","dateModified":"2022-12-22T13:39:27+00:00","breadcrumb":{"@id":"https:\/\/lospoliticosveracruz.com\/?p=100344#breadcrumb"},"inLanguage":"es","potentialAction":[{"@type":"ReadAction","target":["https:\/\/lospoliticosveracruz.com\/?p=100344"]}]},{"@type":"ImageObject","inLanguage":"es","@id":"https:\/\/lospoliticosveracruz.com\/?p=100344#primaryimage","url":"https:\/\/lospoliticosveracruz.com.mx\/wp-content\/uploads\/2022\/05\/Seguro-Julio-Cerecedo.jpg","contentUrl":"https:\/\/lospoliticosveracruz.com.mx\/wp-content\/uploads\/2022\/05\/Seguro-Julio-Cerecedo.jpg"},{"@type":"BreadcrumbList","@id":"https:\/\/lospoliticosveracruz.com\/?p=100344#breadcrumb","itemListElement":[{"@type":"ListItem","position":1,"name":"Portada","item":"https:\/\/lospoliticosveracruz.com\/"},{"@type":"ListItem","position":2,"name":"CHIN\u2026. TAN BIEN QUE IBA EL SENADOR"}]},{"@type":"WebSite","@id":"https:\/\/lospoliticosveracruz.com\/#website","url":"https:\/\/lospoliticosveracruz.com\/","name":"Los pol\u00edticos Veracruz","description":"","publisher":{"@id":"https:\/\/lospoliticosveracruz.com\/#organization"},"potentialAction":[{"@type":"SearchAction","target":{"@type":"EntryPoint","urlTemplate":"https:\/\/lospoliticosveracruz.com\/?s={search_term_string}"},"query-input":{"@type":"PropertyValueSpecification","valueRequired":true,"valueName":"search_term_string"}}],"inLanguage":"es"},{"@type":"Organization","@id":"https:\/\/lospoliticosveracruz.com\/#organization","name":"Los pol\u00edticos Veracruz","url":"https:\/\/lospoliticosveracruz.com\/","logo":{"@type":"ImageObject","inLanguage":"es","@id":"https:\/\/lospoliticosveracruz.com\/#\/schema\/logo\/image\/","url":"https:\/\/lospoliticosveracruz.com\/wp-content\/uploads\/2025\/12\/Logo-Nuevo-LOS-POLITICOS-1.jpg","contentUrl":"https:\/\/lospoliticosveracruz.com\/wp-content\/uploads\/2025\/12\/Logo-Nuevo-LOS-POLITICOS-1.jpg","width":260,"height":70,"caption":"Los pol\u00edticos Veracruz"},"image":{"@id":"https:\/\/lospoliticosveracruz.com\/#\/schema\/logo\/image\/"},"sameAs":["https:\/\/www.facebook.com\/people\/Notimemes-de-los-Polticos\/61565672886568\/","https:\/\/x.com\/LosPoliticosVer"]},{"@type":"Person","@id":"https:\/\/lospoliticosveracruz.com\/#\/schema\/person\/b8702bb0e538456e6efd07080bf2a4a2","name":"Lo viste en Los Pol\u00edticos","image":{"@type":"ImageObject","inLanguage":"es","@id":"https:\/\/secure.gravatar.com\/avatar\/3a8de04a2656d44082be478bd6c086daa447c4651605818287b9532d3d0bd435?s=96&d=mm&r=g","url":"https:\/\/secure.gravatar.com\/avatar\/3a8de04a2656d44082be478bd6c086daa447c4651605818287b9532d3d0bd435?s=96&d=mm&r=g","contentUrl":"https:\/\/secure.gravatar.com\/avatar\/3a8de04a2656d44082be478bd6c086daa447c4651605818287b9532d3d0bd435?s=96&d=mm&r=g","caption":"Lo viste en Los Pol\u00edticos"},"url":"https:\/\/lospoliticosveracruz.com\/?author=2"}]}},"_links":{"self":[{"href":"https:\/\/lospoliticosveracruz.com\/index.php?rest_route=\/wp\/v2\/posts\/100344","targetHints":{"allow":["GET"]}}],"collection":[{"href":"https:\/\/lospoliticosveracruz.com\/index.php?rest_route=\/wp\/v2\/posts"}],"about":[{"href":"https:\/\/lospoliticosveracruz.com\/index.php?rest_route=\/wp\/v2\/types\/post"}],"author":[{"embeddable":true,"href":"https:\/\/lospoliticosveracruz.com\/index.php?rest_route=\/wp\/v2\/users\/2"}],"replies":[{"embeddable":true,"href":"https:\/\/lospoliticosveracruz.com\/index.php?rest_route=%2Fwp%2Fv2%2Fcomments&post=100344"}],"version-history":[{"count":1,"href":"https:\/\/lospoliticosveracruz.com\/index.php?rest_route=\/wp\/v2\/posts\/100344\/revisions"}],"predecessor-version":[{"id":100345,"href":"https:\/\/lospoliticosveracruz.com\/index.php?rest_route=\/wp\/v2\/posts\/100344\/revisions\/100345"}],"wp:attachment":[{"href":"https:\/\/lospoliticosveracruz.com\/index.php?rest_route=%2Fwp%2Fv2%2Fmedia&parent=100344"}],"wp:term":[{"taxonomy":"category","embeddable":true,"href":"https:\/\/lospoliticosveracruz.com\/index.php?rest_route=%2Fwp%2Fv2%2Fcategories&post=100344"},{"taxonomy":"post_tag","embeddable":true,"href":"https:\/\/lospoliticosveracruz.com\/index.php?rest_route=%2Fwp%2Fv2%2Ftags&post=100344"}],"curies":[{"name":"wp","href":"https:\/\/api.w.org\/{rel}","templated":true}]}}