{"id":100505,"date":"2022-12-28T08:26:47","date_gmt":"2022-12-28T14:26:47","guid":{"rendered":"https:\/\/lospoliticosveracruz.com.mx\/?p=100505"},"modified":"2022-12-28T08:26:50","modified_gmt":"2022-12-28T14:26:50","slug":"mal-ano-para-la-salud-publica","status":"publish","type":"post","link":"https:\/\/lospoliticosveracruz.com\/?p=100505","title":{"rendered":"MAL A\u00d1O PARA LA SALUD P\u00daBLICA"},"content":{"rendered":"\n<p><\/p>\n\n\n\n<p><strong>Luis Alberto Romero<br><\/strong><em>Hora cero<\/em><\/p>\n\n\n\n<p><em><br><\/em>Cierra 2022 como un mal a\u00f1o en t\u00e9rminos de salud p\u00fablica, por un incremento en los casos de enfermedades como Covid-19, dengue, diabetes, VIH.<\/p>\n\n\n\n<p>La Secretar\u00eda de Salud del Gobierno Federal dio a conocer el bolet\u00edn epidemiol\u00f3gico, actualizado al pasado 17 de diciembre, que consigna, por ejemplo, que de 2021 a 2022 hubo un aumento en el n\u00famero de casos de tuberculosis respiratoria, de 15 mil 325 a 18 mil 690.<\/p>\n\n\n<div class=\"wp-block-image\">\n<figure class=\"alignleft size-medium\"><a href=\"https:\/\/lospoliticosveracruz.com.mx\/wp-content\/uploads\/2021\/10\/WhatsApp-Image-2021-10-02-at-15.20.25.jpeg\"><img loading=\"lazy\" decoding=\"async\" width=\"212\" height=\"300\" src=\"https:\/\/lospoliticosveracruz.com.mx\/wp-content\/uploads\/2021\/10\/WhatsApp-Image-2021-10-02-at-15.20.25-212x300.jpeg\" alt=\"\" class=\"wp-image-80177\" srcset=\"https:\/\/lospoliticosveracruz.com\/wp-content\/uploads\/2021\/10\/WhatsApp-Image-2021-10-02-at-15.20.25-212x300.jpeg 212w, https:\/\/lospoliticosveracruz.com\/wp-content\/uploads\/2021\/10\/WhatsApp-Image-2021-10-02-at-15.20.25-724x1024.jpeg 724w, https:\/\/lospoliticosveracruz.com\/wp-content\/uploads\/2021\/10\/WhatsApp-Image-2021-10-02-at-15.20.25-768x1086.jpeg 768w, https:\/\/lospoliticosveracruz.com\/wp-content\/uploads\/2021\/10\/WhatsApp-Image-2021-10-02-at-15.20.25.jpeg 905w\" sizes=\"auto, (max-width: 212px) 100vw, 212px\" \/><\/a><\/figure>\n<\/div>\n\n\n<p>El dengue, una enfermedad que el a\u00f1o pasado registr\u00f3 menos de 6 mil 300 casos, este a\u00f1o afect\u00f3 a m\u00e1s de 12 mil personas.<\/p>\n\n\n\n<p>El bolet\u00edn de la Secretar\u00eda de Salud reporta tambi\u00e9n un incremento en el n\u00famero de nuevos contagios de virus de la inmunodeficiencia humana (VIH); esa estad\u00edstica pas\u00f3 de 13 mil 187 en 2021 a 15 mil 609 en el a\u00f1o que est\u00e1 por terminar.<\/p>\n\n\n\n<p>Una de las enfermedades que m\u00e1s aument\u00f3 en M\u00e9xico durante 2022 fue la influenza, que pas\u00f3 de 828 casos a m\u00e1s de 9 mil; s\u00f3lo durante la semana del 10 al 17 de diciembre se reportaron m\u00e1s de mil contagios.<\/p>\n\n\n\n<p>En cuanto al coronavirus, esta enfermedad registr\u00f3 durante 2022 casi 700 mil casos m\u00e1s que durante el a\u00f1o anterior: en 2021, 2 millones 395 mil contagios; en el presente a\u00f1o, m\u00e1s de 3 millones 71 mil.<\/p>\n\n\n\n<p>\u00danicamente durante la m\u00e1s reciente semana se reportaron 25 mil nuevos casos en todo el pa\u00eds, en el inicio de una nueva ola de contagios.<\/p>\n\n\n\n<p>El reporte indica que durante 2022, m\u00e1s de 3 millones 328 mil mexicanos presentaron enfermedades infecciosas intestinales, 380 mil m\u00e1s que en el a\u00f1o previo.<\/p>\n\n\n\n<p>Los casos de varicela se duplicaron, al igual que las hepatitis virales y la conjuntivitis.<\/p>\n\n\n\n<p>El n\u00famero de personas afectadas por infecciones asociadas a la atenci\u00f3n de la salud pas\u00f3 de 47 mil, en 2021, a 68 mil 700 durante el presente a\u00f1o.<\/p>\n\n\n\n<p>El incremento en los casos de s\u00edfilis adquirida fue del 40 por ciento.<\/p>\n\n\n\n<p>De igual manera, hubo aumentos en padecimientos como la hipertensi\u00f3n arterial (553 mil nuevos diagn\u00f3sticos) y diabetes mellitus, que pas\u00f3 de 388 mil detecciones en 2021 a 460 mil en 2022.<\/p>\n\n\n\n<p>El registro de personas en condici\u00f3n de desnutrici\u00f3n tambi\u00e9n fue superior al del a\u00f1o pasado (casi 62 mil casos); en tanto que el c\u00e1ncer mamario tambi\u00e9n se dispar\u00f3, al pasar de menos de 16 mil diagn\u00f3sticos en 2021 a m\u00e1s de 20 mil 300 en 2022.<\/p>\n\n\n\n<p>Se trata de cifras oficiales, datos que retoma la Secretar\u00eda de Salud de los hospitales p\u00fablicos y privados y centros de salud; est\u00e1n fuera de esos registros miles de mexicanos que se atienden con herbolaria, medicina tradicional y en consultorios m\u00e9dicos privados.<\/p>\n\n\n\n<p>Incluso enfermedades que pueden prevenirse por vacunaci\u00f3n, como la varicela, se dispararon: en 2021 se reportaron 14 mil casos; en 2022 fueron m\u00e1s de 33 mil; de esos, por cierto, hubo m\u00e1s de 2 mil 300 en Veracruz, entidad que tambi\u00e9n report\u00f3 un incremento en hepatitis A y B, en enfermedades infecciosas intestinales, as\u00ed como en virus de papiloma humano.<\/p>\n\n\n\n<p>En la entidad veracruzana tambi\u00e9n aumentaron los casos de tuberculosis respiratoria (de menos de mil 600 a m\u00e1s de mil 800); y casi se duplicaron las neumon\u00edas y bronconeumon\u00edas; y en general los casos de enfermedades respiratorias.<\/p>\n\n\n\n<p>M\u00e9xico est\u00e1 muy lejos del primer mundo en t\u00e9rminos de salud, como lo consignan las cifras oficiales; 2022 fue un muy a\u00f1o para la salud p\u00fablica. <\/p>\n\n\n\n<p>@luisromero85<\/p>\n","protected":false},"excerpt":{"rendered":"<p>Luis Alberto RomeroHora cero Cierra 2022 como un mal a\u00f1o en t\u00e9rminos de salud p\u00fablica, por un incremento en los casos de enfermedades como Covid-19, dengue, diabetes, VIH. La Secretar\u00eda de Salud del Gobierno Federal dio a conocer el bolet\u00edn epidemiol\u00f3gico, actualizado al pasado 17 de diciembre, que consigna, por ejemplo, que de 2021 a [&hellip;]<\/p>\n","protected":false},"author":2,"featured_media":0,"comment_status":"closed","ping_status":"closed","sticky":false,"template":"","format":"standard","meta":{"tdm_status":"","tdm_grid_status":"","footnotes":""},"categories":[1],"tags":[26577,2937,3112,8576,36734],"class_list":{"0":"post-100505","1":"post","2":"type-post","3":"status-publish","4":"format-standard","6":"category-sin-categoria","7":"tag-covid-19-2","8":"tag-dengue","9":"tag-diabetes","10":"tag-salud-publica","11":"tag-secretaria-de-salud-del-gobierno-federal"},"yoast_head":"<!-- This site is optimized with the Yoast SEO plugin v27.4 - https:\/\/yoast.com\/product\/yoast-seo-wordpress\/ -->\n<title>MAL A\u00d1O PARA LA SALUD P\u00daBLICA - Los pol\u00edticos Veracruz<\/title>\n<meta name=\"robots\" content=\"index, follow, max-snippet:-1, max-image-preview:large, max-video-preview:-1\" \/>\n<link rel=\"canonical\" href=\"https:\/\/lospoliticosveracruz.com\/?p=100505\" \/>\n<meta property=\"og:locale\" content=\"es_ES\" \/>\n<meta property=\"og:type\" content=\"article\" \/>\n<meta property=\"og:title\" content=\"MAL A\u00d1O PARA LA SALUD P\u00daBLICA - Los pol\u00edticos Veracruz\" \/>\n<meta property=\"og:description\" content=\"Luis Alberto RomeroHora cero Cierra 2022 como un mal a\u00f1o en t\u00e9rminos de salud p\u00fablica, por un incremento en los casos de enfermedades como Covid-19, dengue, diabetes, VIH. La Secretar\u00eda de Salud del Gobierno Federal dio a conocer el bolet\u00edn epidemiol\u00f3gico, actualizado al pasado 17 de diciembre, que consigna, por ejemplo, que de 2021 a [&hellip;]\" \/>\n<meta property=\"og:url\" content=\"https:\/\/lospoliticosveracruz.com\/?p=100505\" \/>\n<meta property=\"og:site_name\" content=\"Los pol\u00edticos Veracruz\" \/>\n<meta property=\"article:publisher\" content=\"https:\/\/www.facebook.com\/people\/Notimemes-de-los-Polticos\/61565672886568\/\" \/>\n<meta property=\"article:published_time\" content=\"2022-12-28T14:26:47+00:00\" \/>\n<meta property=\"article:modified_time\" content=\"2022-12-28T14:26:50+00:00\" \/>\n<meta property=\"og:image\" content=\"https:\/\/lospoliticosveracruz.com.mx\/wp-content\/uploads\/2021\/10\/WhatsApp-Image-2021-10-02-at-15.20.25-212x300.jpeg\" \/>\n<meta name=\"author\" content=\"Lo viste en Los Pol\u00edticos\" \/>\n<meta name=\"twitter:card\" content=\"summary_large_image\" \/>\n<meta name=\"twitter:creator\" content=\"@LosPoliticosVer\" \/>\n<meta name=\"twitter:site\" content=\"@LosPoliticosVer\" \/>\n<meta name=\"twitter:label1\" content=\"Escrito por\" \/>\n\t<meta name=\"twitter:data1\" content=\"Lo viste en Los Pol\u00edticos\" \/>\n\t<meta name=\"twitter:label2\" content=\"Tiempo de lectura\" \/>\n\t<meta name=\"twitter:data2\" content=\"3 minutos\" \/>\n<script type=\"application\/ld+json\" class=\"yoast-schema-graph\">{\"@context\":\"https:\\\/\\\/schema.org\",\"@graph\":[{\"@type\":\"Article\",\"@id\":\"https:\\\/\\\/lospoliticosveracruz.com\\\/?p=100505#article\",\"isPartOf\":{\"@id\":\"https:\\\/\\\/lospoliticosveracruz.com\\\/?p=100505\"},\"author\":{\"name\":\"Lo viste en Los Pol\u00edticos\",\"@id\":\"https:\\\/\\\/lospoliticosveracruz.com\\\/#\\\/schema\\\/person\\\/b8702bb0e538456e6efd07080bf2a4a2\"},\"headline\":\"MAL A\u00d1O PARA LA SALUD P\u00daBLICA\",\"datePublished\":\"2022-12-28T14:26:47+00:00\",\"dateModified\":\"2022-12-28T14:26:50+00:00\",\"mainEntityOfPage\":{\"@id\":\"https:\\\/\\\/lospoliticosveracruz.com\\\/?p=100505\"},\"wordCount\":579,\"publisher\":{\"@id\":\"https:\\\/\\\/lospoliticosveracruz.com\\\/#organization\"},\"image\":{\"@id\":\"https:\\\/\\\/lospoliticosveracruz.com\\\/?p=100505#primaryimage\"},\"thumbnailUrl\":\"https:\\\/\\\/lospoliticosveracruz.com.mx\\\/wp-content\\\/uploads\\\/2021\\\/10\\\/WhatsApp-Image-2021-10-02-at-15.20.25-212x300.jpeg\",\"keywords\":[\"Covid-19\",\"dengue\",\"Diabetes\",\"salud p\u00fablica\",\"Secretar\u00eda de Salud del Gobierno Federal\"],\"inLanguage\":\"es\"},{\"@type\":\"WebPage\",\"@id\":\"https:\\\/\\\/lospoliticosveracruz.com\\\/?p=100505\",\"url\":\"https:\\\/\\\/lospoliticosveracruz.com\\\/?p=100505\",\"name\":\"MAL A\u00d1O PARA LA SALUD P\u00daBLICA - Los pol\u00edticos Veracruz\",\"isPartOf\":{\"@id\":\"https:\\\/\\\/lospoliticosveracruz.com\\\/#website\"},\"primaryImageOfPage\":{\"@id\":\"https:\\\/\\\/lospoliticosveracruz.com\\\/?p=100505#primaryimage\"},\"image\":{\"@id\":\"https:\\\/\\\/lospoliticosveracruz.com\\\/?p=100505#primaryimage\"},\"thumbnailUrl\":\"https:\\\/\\\/lospoliticosveracruz.com.mx\\\/wp-content\\\/uploads\\\/2021\\\/10\\\/WhatsApp-Image-2021-10-02-at-15.20.25-212x300.jpeg\",\"datePublished\":\"2022-12-28T14:26:47+00:00\",\"dateModified\":\"2022-12-28T14:26:50+00:00\",\"breadcrumb\":{\"@id\":\"https:\\\/\\\/lospoliticosveracruz.com\\\/?p=100505#breadcrumb\"},\"inLanguage\":\"es\",\"potentialAction\":[{\"@type\":\"ReadAction\",\"target\":[\"https:\\\/\\\/lospoliticosveracruz.com\\\/?p=100505\"]}]},{\"@type\":\"ImageObject\",\"inLanguage\":\"es\",\"@id\":\"https:\\\/\\\/lospoliticosveracruz.com\\\/?p=100505#primaryimage\",\"url\":\"https:\\\/\\\/lospoliticosveracruz.com.mx\\\/wp-content\\\/uploads\\\/2021\\\/10\\\/WhatsApp-Image-2021-10-02-at-15.20.25-212x300.jpeg\",\"contentUrl\":\"https:\\\/\\\/lospoliticosveracruz.com.mx\\\/wp-content\\\/uploads\\\/2021\\\/10\\\/WhatsApp-Image-2021-10-02-at-15.20.25-212x300.jpeg\"},{\"@type\":\"BreadcrumbList\",\"@id\":\"https:\\\/\\\/lospoliticosveracruz.com\\\/?p=100505#breadcrumb\",\"itemListElement\":[{\"@type\":\"ListItem\",\"position\":1,\"name\":\"Portada\",\"item\":\"https:\\\/\\\/lospoliticosveracruz.com\\\/\"},{\"@type\":\"ListItem\",\"position\":2,\"name\":\"MAL A\u00d1O PARA LA SALUD P\u00daBLICA\"}]},{\"@type\":\"WebSite\",\"@id\":\"https:\\\/\\\/lospoliticosveracruz.com\\\/#website\",\"url\":\"https:\\\/\\\/lospoliticosveracruz.com\\\/\",\"name\":\"Los pol\u00edticos Veracruz\",\"description\":\"\",\"publisher\":{\"@id\":\"https:\\\/\\\/lospoliticosveracruz.com\\\/#organization\"},\"potentialAction\":[{\"@type\":\"SearchAction\",\"target\":{\"@type\":\"EntryPoint\",\"urlTemplate\":\"https:\\\/\\\/lospoliticosveracruz.com\\\/?s={search_term_string}\"},\"query-input\":{\"@type\":\"PropertyValueSpecification\",\"valueRequired\":true,\"valueName\":\"search_term_string\"}}],\"inLanguage\":\"es\"},{\"@type\":\"Organization\",\"@id\":\"https:\\\/\\\/lospoliticosveracruz.com\\\/#organization\",\"name\":\"Los pol\u00edticos Veracruz\",\"url\":\"https:\\\/\\\/lospoliticosveracruz.com\\\/\",\"logo\":{\"@type\":\"ImageObject\",\"inLanguage\":\"es\",\"@id\":\"https:\\\/\\\/lospoliticosveracruz.com\\\/#\\\/schema\\\/logo\\\/image\\\/\",\"url\":\"https:\\\/\\\/lospoliticosveracruz.com\\\/wp-content\\\/uploads\\\/2025\\\/12\\\/Logo-Nuevo-LOS-POLITICOS-1.jpg\",\"contentUrl\":\"https:\\\/\\\/lospoliticosveracruz.com\\\/wp-content\\\/uploads\\\/2025\\\/12\\\/Logo-Nuevo-LOS-POLITICOS-1.jpg\",\"width\":260,\"height\":70,\"caption\":\"Los pol\u00edticos Veracruz\"},\"image\":{\"@id\":\"https:\\\/\\\/lospoliticosveracruz.com\\\/#\\\/schema\\\/logo\\\/image\\\/\"},\"sameAs\":[\"https:\\\/\\\/www.facebook.com\\\/people\\\/Notimemes-de-los-Polticos\\\/61565672886568\\\/\",\"https:\\\/\\\/x.com\\\/LosPoliticosVer\"]},{\"@type\":\"Person\",\"@id\":\"https:\\\/\\\/lospoliticosveracruz.com\\\/#\\\/schema\\\/person\\\/b8702bb0e538456e6efd07080bf2a4a2\",\"name\":\"Lo viste en Los Pol\u00edticos\",\"image\":{\"@type\":\"ImageObject\",\"inLanguage\":\"es\",\"@id\":\"https:\\\/\\\/secure.gravatar.com\\\/avatar\\\/3a8de04a2656d44082be478bd6c086daa447c4651605818287b9532d3d0bd435?s=96&d=mm&r=g\",\"url\":\"https:\\\/\\\/secure.gravatar.com\\\/avatar\\\/3a8de04a2656d44082be478bd6c086daa447c4651605818287b9532d3d0bd435?s=96&d=mm&r=g\",\"contentUrl\":\"https:\\\/\\\/secure.gravatar.com\\\/avatar\\\/3a8de04a2656d44082be478bd6c086daa447c4651605818287b9532d3d0bd435?s=96&d=mm&r=g\",\"caption\":\"Lo viste en Los Pol\u00edticos\"},\"url\":\"https:\\\/\\\/lospoliticosveracruz.com\\\/?author=2\"}]}<\/script>\n<!-- \/ Yoast SEO plugin. -->","yoast_head_json":{"title":"MAL A\u00d1O PARA LA SALUD P\u00daBLICA - Los pol\u00edticos Veracruz","robots":{"index":"index","follow":"follow","max-snippet":"max-snippet:-1","max-image-preview":"max-image-preview:large","max-video-preview":"max-video-preview:-1"},"canonical":"https:\/\/lospoliticosveracruz.com\/?p=100505","og_locale":"es_ES","og_type":"article","og_title":"MAL A\u00d1O PARA LA SALUD P\u00daBLICA - Los pol\u00edticos Veracruz","og_description":"Luis Alberto RomeroHora cero Cierra 2022 como un mal a\u00f1o en t\u00e9rminos de salud p\u00fablica, por un incremento en los casos de enfermedades como Covid-19, dengue, diabetes, VIH. La Secretar\u00eda de Salud del Gobierno Federal dio a conocer el bolet\u00edn epidemiol\u00f3gico, actualizado al pasado 17 de diciembre, que consigna, por ejemplo, que de 2021 a [&hellip;]","og_url":"https:\/\/lospoliticosveracruz.com\/?p=100505","og_site_name":"Los pol\u00edticos Veracruz","article_publisher":"https:\/\/www.facebook.com\/people\/Notimemes-de-los-Polticos\/61565672886568\/","article_published_time":"2022-12-28T14:26:47+00:00","article_modified_time":"2022-12-28T14:26:50+00:00","og_image":[{"url":"https:\/\/lospoliticosveracruz.com.mx\/wp-content\/uploads\/2021\/10\/WhatsApp-Image-2021-10-02-at-15.20.25-212x300.jpeg","type":"","width":"","height":""}],"author":"Lo viste en Los Pol\u00edticos","twitter_card":"summary_large_image","twitter_creator":"@LosPoliticosVer","twitter_site":"@LosPoliticosVer","twitter_misc":{"Escrito por":"Lo viste en Los Pol\u00edticos","Tiempo de lectura":"3 minutos"},"schema":{"@context":"https:\/\/schema.org","@graph":[{"@type":"Article","@id":"https:\/\/lospoliticosveracruz.com\/?p=100505#article","isPartOf":{"@id":"https:\/\/lospoliticosveracruz.com\/?p=100505"},"author":{"name":"Lo viste en Los Pol\u00edticos","@id":"https:\/\/lospoliticosveracruz.com\/#\/schema\/person\/b8702bb0e538456e6efd07080bf2a4a2"},"headline":"MAL A\u00d1O PARA LA SALUD P\u00daBLICA","datePublished":"2022-12-28T14:26:47+00:00","dateModified":"2022-12-28T14:26:50+00:00","mainEntityOfPage":{"@id":"https:\/\/lospoliticosveracruz.com\/?p=100505"},"wordCount":579,"publisher":{"@id":"https:\/\/lospoliticosveracruz.com\/#organization"},"image":{"@id":"https:\/\/lospoliticosveracruz.com\/?p=100505#primaryimage"},"thumbnailUrl":"https:\/\/lospoliticosveracruz.com.mx\/wp-content\/uploads\/2021\/10\/WhatsApp-Image-2021-10-02-at-15.20.25-212x300.jpeg","keywords":["Covid-19","dengue","Diabetes","salud p\u00fablica","Secretar\u00eda de Salud del Gobierno Federal"],"inLanguage":"es"},{"@type":"WebPage","@id":"https:\/\/lospoliticosveracruz.com\/?p=100505","url":"https:\/\/lospoliticosveracruz.com\/?p=100505","name":"MAL A\u00d1O PARA LA SALUD P\u00daBLICA - Los pol\u00edticos Veracruz","isPartOf":{"@id":"https:\/\/lospoliticosveracruz.com\/#website"},"primaryImageOfPage":{"@id":"https:\/\/lospoliticosveracruz.com\/?p=100505#primaryimage"},"image":{"@id":"https:\/\/lospoliticosveracruz.com\/?p=100505#primaryimage"},"thumbnailUrl":"https:\/\/lospoliticosveracruz.com.mx\/wp-content\/uploads\/2021\/10\/WhatsApp-Image-2021-10-02-at-15.20.25-212x300.jpeg","datePublished":"2022-12-28T14:26:47+00:00","dateModified":"2022-12-28T14:26:50+00:00","breadcrumb":{"@id":"https:\/\/lospoliticosveracruz.com\/?p=100505#breadcrumb"},"inLanguage":"es","potentialAction":[{"@type":"ReadAction","target":["https:\/\/lospoliticosveracruz.com\/?p=100505"]}]},{"@type":"ImageObject","inLanguage":"es","@id":"https:\/\/lospoliticosveracruz.com\/?p=100505#primaryimage","url":"https:\/\/lospoliticosveracruz.com.mx\/wp-content\/uploads\/2021\/10\/WhatsApp-Image-2021-10-02-at-15.20.25-212x300.jpeg","contentUrl":"https:\/\/lospoliticosveracruz.com.mx\/wp-content\/uploads\/2021\/10\/WhatsApp-Image-2021-10-02-at-15.20.25-212x300.jpeg"},{"@type":"BreadcrumbList","@id":"https:\/\/lospoliticosveracruz.com\/?p=100505#breadcrumb","itemListElement":[{"@type":"ListItem","position":1,"name":"Portada","item":"https:\/\/lospoliticosveracruz.com\/"},{"@type":"ListItem","position":2,"name":"MAL A\u00d1O PARA LA SALUD P\u00daBLICA"}]},{"@type":"WebSite","@id":"https:\/\/lospoliticosveracruz.com\/#website","url":"https:\/\/lospoliticosveracruz.com\/","name":"Los pol\u00edticos Veracruz","description":"","publisher":{"@id":"https:\/\/lospoliticosveracruz.com\/#organization"},"potentialAction":[{"@type":"SearchAction","target":{"@type":"EntryPoint","urlTemplate":"https:\/\/lospoliticosveracruz.com\/?s={search_term_string}"},"query-input":{"@type":"PropertyValueSpecification","valueRequired":true,"valueName":"search_term_string"}}],"inLanguage":"es"},{"@type":"Organization","@id":"https:\/\/lospoliticosveracruz.com\/#organization","name":"Los pol\u00edticos Veracruz","url":"https:\/\/lospoliticosveracruz.com\/","logo":{"@type":"ImageObject","inLanguage":"es","@id":"https:\/\/lospoliticosveracruz.com\/#\/schema\/logo\/image\/","url":"https:\/\/lospoliticosveracruz.com\/wp-content\/uploads\/2025\/12\/Logo-Nuevo-LOS-POLITICOS-1.jpg","contentUrl":"https:\/\/lospoliticosveracruz.com\/wp-content\/uploads\/2025\/12\/Logo-Nuevo-LOS-POLITICOS-1.jpg","width":260,"height":70,"caption":"Los pol\u00edticos Veracruz"},"image":{"@id":"https:\/\/lospoliticosveracruz.com\/#\/schema\/logo\/image\/"},"sameAs":["https:\/\/www.facebook.com\/people\/Notimemes-de-los-Polticos\/61565672886568\/","https:\/\/x.com\/LosPoliticosVer"]},{"@type":"Person","@id":"https:\/\/lospoliticosveracruz.com\/#\/schema\/person\/b8702bb0e538456e6efd07080bf2a4a2","name":"Lo viste en Los Pol\u00edticos","image":{"@type":"ImageObject","inLanguage":"es","@id":"https:\/\/secure.gravatar.com\/avatar\/3a8de04a2656d44082be478bd6c086daa447c4651605818287b9532d3d0bd435?s=96&d=mm&r=g","url":"https:\/\/secure.gravatar.com\/avatar\/3a8de04a2656d44082be478bd6c086daa447c4651605818287b9532d3d0bd435?s=96&d=mm&r=g","contentUrl":"https:\/\/secure.gravatar.com\/avatar\/3a8de04a2656d44082be478bd6c086daa447c4651605818287b9532d3d0bd435?s=96&d=mm&r=g","caption":"Lo viste en Los Pol\u00edticos"},"url":"https:\/\/lospoliticosveracruz.com\/?author=2"}]}},"_links":{"self":[{"href":"https:\/\/lospoliticosveracruz.com\/index.php?rest_route=\/wp\/v2\/posts\/100505","targetHints":{"allow":["GET"]}}],"collection":[{"href":"https:\/\/lospoliticosveracruz.com\/index.php?rest_route=\/wp\/v2\/posts"}],"about":[{"href":"https:\/\/lospoliticosveracruz.com\/index.php?rest_route=\/wp\/v2\/types\/post"}],"author":[{"embeddable":true,"href":"https:\/\/lospoliticosveracruz.com\/index.php?rest_route=\/wp\/v2\/users\/2"}],"replies":[{"embeddable":true,"href":"https:\/\/lospoliticosveracruz.com\/index.php?rest_route=%2Fwp%2Fv2%2Fcomments&post=100505"}],"version-history":[{"count":1,"href":"https:\/\/lospoliticosveracruz.com\/index.php?rest_route=\/wp\/v2\/posts\/100505\/revisions"}],"predecessor-version":[{"id":100507,"href":"https:\/\/lospoliticosveracruz.com\/index.php?rest_route=\/wp\/v2\/posts\/100505\/revisions\/100507"}],"wp:attachment":[{"href":"https:\/\/lospoliticosveracruz.com\/index.php?rest_route=%2Fwp%2Fv2%2Fmedia&parent=100505"}],"wp:term":[{"taxonomy":"category","embeddable":true,"href":"https:\/\/lospoliticosveracruz.com\/index.php?rest_route=%2Fwp%2Fv2%2Fcategories&post=100505"},{"taxonomy":"post_tag","embeddable":true,"href":"https:\/\/lospoliticosveracruz.com\/index.php?rest_route=%2Fwp%2Fv2%2Ftags&post=100505"}],"curies":[{"name":"wp","href":"https:\/\/api.w.org\/{rel}","templated":true}]}}