{"id":100536,"date":"2022-12-29T08:55:19","date_gmt":"2022-12-29T14:55:19","guid":{"rendered":"https:\/\/lospoliticosveracruz.com.mx\/?p=100536"},"modified":"2022-12-29T08:55:22","modified_gmt":"2022-12-29T14:55:22","slug":"mas-casetas-la-solucion-en-fortin","status":"publish","type":"post","link":"https:\/\/lospoliticosveracruz.com\/?p=100536","title":{"rendered":"M\u00c1S CASETAS, LA SOLUCI\u00d3N EN FORT\u00cdN!"},"content":{"rendered":"\n<p><strong>Karla M\u00e9ndez<\/strong><\/p>\n\n\n\n<p>Xalapa, Ver.- La caseta 045 que se encuentra en Fort\u00edn de las Flores no podr\u00e1 ser reubicada, aunque se hab\u00eda planteado la idea como una posible soluci\u00f3n a las problem\u00e1ticas viales que se presentan, as\u00ed lo dio a conocer el Senador Ernesto P\u00e9rez Astorga.<\/p>\n\n\n\n<p>En entrevista, explic\u00f3 que dicho proyecto no puede ser posible debido a los tiempos de la Federaci\u00f3n y por los Fideicomisos que&nbsp;&nbsp;Banco Nacional de Obras (Banobras).&nbsp;<\/p>\n\n\n\n<p>Cabe recordar que el Senador de Veracruz por MORENA, ha sido enlace entre Caminos y Puentes Federales (CAPUFE) y la administraci\u00f3n estatal, la cual busca dar una soluci\u00f3n a los conflictos viales que la caseta de peaje representa, principalmente para los municipios de C\u00f3rdoba y Orizaba, entre otros del Centro del Estado.<\/p>\n\n\n\n<p>\u00abNo es tan f\u00e1cil hablar de un tema de reubicaci\u00f3n porque hay fideicomisos de Banobras (Banco Nacional de Obras) ligados, y se est\u00e1 tratando de buscar una soluci\u00f3n\u00bb.<\/p>\n\n\n\n<p>Sin embargo, P\u00e9rez Astorga, dio a conocer que el pr\u00f3ximo a\u00f1o se reunir\u00e1 con las autoridades de la dependencia federal en Cuernavaca, Morelos, a fin de analizar el proyecto que ser\u00eda ampliar el n\u00famero de m\u00f3dulos de cobro a cuatro m\u00e1s.&nbsp;<\/p>\n\n\n\n<p>\u00abEs factible la ampliaci\u00f3n. \u00danicamente la ampliaci\u00f3n, porque lo que se estaba buscando era la reubicaci\u00f3n pero no se va a poder porque recordemos que una de las primicias que tiene la presidencia de la Rep\u00fablica es que no pueden hacer una obra que no se concluya en la administraci\u00f3n. Entonces, ya estamos con el tiempo encima\u00bb.<\/p>\n\n\n\n<p>Finalmente, dijo que la ampliaci\u00f3n se podr\u00eda realizar en los dos a\u00f1os que quedan de la administraci\u00f3n federal, siempre y cuando se inicie a principios de 2023.<\/p>\n","protected":false},"excerpt":{"rendered":"<p>Karla M\u00e9ndez Xalapa, Ver.- La caseta 045 que se encuentra en Fort\u00edn de las Flores no podr\u00e1 ser reubicada, aunque se hab\u00eda planteado la idea como una posible soluci\u00f3n a las problem\u00e1ticas viales que se presentan, as\u00ed lo dio a conocer el Senador Ernesto P\u00e9rez Astorga. En entrevista, explic\u00f3 que dicho proyecto no puede ser [&hellip;]<\/p>\n","protected":false},"author":2,"featured_media":0,"comment_status":"closed","ping_status":"closed","sticky":false,"template":"","format":"standard","meta":{"tdm_status":"","tdm_grid_status":"","footnotes":""},"categories":[6446],"tags":[36742,12605,2254],"class_list":{"0":"post-100536","1":"post","2":"type-post","3":"status-publish","4":"format-standard","6":"category-la-nota","7":"tag-caseta-045","8":"tag-ernesto-perez-astorga","9":"tag-fortin-de-las-flores"},"yoast_head":"<!-- This site is optimized with the Yoast SEO plugin v27.4 - https:\/\/yoast.com\/product\/yoast-seo-wordpress\/ -->\n<title>M\u00c1S CASETAS, LA SOLUCI\u00d3N EN FORT\u00cdN! - Los pol\u00edticos Veracruz<\/title>\n<meta name=\"robots\" content=\"index, follow, max-snippet:-1, max-image-preview:large, max-video-preview:-1\" \/>\n<link rel=\"canonical\" href=\"https:\/\/lospoliticosveracruz.com\/?p=100536\" \/>\n<meta property=\"og:locale\" content=\"es_ES\" \/>\n<meta property=\"og:type\" content=\"article\" \/>\n<meta property=\"og:title\" content=\"M\u00c1S CASETAS, LA SOLUCI\u00d3N EN FORT\u00cdN! - Los pol\u00edticos Veracruz\" \/>\n<meta property=\"og:description\" content=\"Karla M\u00e9ndez Xalapa, Ver.- La caseta 045 que se encuentra en Fort\u00edn de las Flores no podr\u00e1 ser reubicada, aunque se hab\u00eda planteado la idea como una posible soluci\u00f3n a las problem\u00e1ticas viales que se presentan, as\u00ed lo dio a conocer el Senador Ernesto P\u00e9rez Astorga. En entrevista, explic\u00f3 que dicho proyecto no puede ser [&hellip;]\" \/>\n<meta property=\"og:url\" content=\"https:\/\/lospoliticosveracruz.com\/?p=100536\" \/>\n<meta property=\"og:site_name\" content=\"Los pol\u00edticos Veracruz\" \/>\n<meta property=\"article:publisher\" content=\"https:\/\/www.facebook.com\/people\/Notimemes-de-los-Polticos\/61565672886568\/\" \/>\n<meta property=\"article:published_time\" content=\"2022-12-29T14:55:19+00:00\" \/>\n<meta property=\"article:modified_time\" content=\"2022-12-29T14:55:22+00:00\" \/>\n<meta property=\"og:image\" content=\"https:\/\/lospoliticosveracruz.com\/wp-content\/uploads\/2016\/07\/Logo-Dor.jpg\" \/>\n\t<meta property=\"og:image:width\" content=\"200\" \/>\n\t<meta property=\"og:image:height\" content=\"200\" \/>\n\t<meta property=\"og:image:type\" content=\"image\/jpeg\" \/>\n<meta name=\"author\" content=\"Lo viste en Los Pol\u00edticos\" \/>\n<meta name=\"twitter:card\" content=\"summary_large_image\" \/>\n<meta name=\"twitter:creator\" content=\"@LosPoliticosVer\" \/>\n<meta name=\"twitter:site\" content=\"@LosPoliticosVer\" \/>\n<meta name=\"twitter:label1\" content=\"Escrito por\" \/>\n\t<meta name=\"twitter:data1\" content=\"Lo viste en Los Pol\u00edticos\" \/>\n\t<meta name=\"twitter:label2\" content=\"Tiempo de lectura\" \/>\n\t<meta name=\"twitter:data2\" content=\"2 minutos\" \/>\n<script type=\"application\/ld+json\" class=\"yoast-schema-graph\">{\"@context\":\"https:\\\/\\\/schema.org\",\"@graph\":[{\"@type\":\"Article\",\"@id\":\"https:\\\/\\\/lospoliticosveracruz.com\\\/?p=100536#article\",\"isPartOf\":{\"@id\":\"https:\\\/\\\/lospoliticosveracruz.com\\\/?p=100536\"},\"author\":{\"name\":\"Lo viste en Los Pol\u00edticos\",\"@id\":\"https:\\\/\\\/lospoliticosveracruz.com\\\/#\\\/schema\\\/person\\\/b8702bb0e538456e6efd07080bf2a4a2\"},\"headline\":\"M\u00c1S CASETAS, LA SOLUCI\u00d3N EN FORT\u00cdN!\",\"datePublished\":\"2022-12-29T14:55:19+00:00\",\"dateModified\":\"2022-12-29T14:55:22+00:00\",\"mainEntityOfPage\":{\"@id\":\"https:\\\/\\\/lospoliticosveracruz.com\\\/?p=100536\"},\"wordCount\":319,\"publisher\":{\"@id\":\"https:\\\/\\\/lospoliticosveracruz.com\\\/#organization\"},\"keywords\":[\"caseta 045\",\"Ernesto P\u00e9rez Astorga\",\"Fort\u00edn de las Flores\"],\"articleSection\":[\"La Nota\"],\"inLanguage\":\"es\"},{\"@type\":\"WebPage\",\"@id\":\"https:\\\/\\\/lospoliticosveracruz.com\\\/?p=100536\",\"url\":\"https:\\\/\\\/lospoliticosveracruz.com\\\/?p=100536\",\"name\":\"M\u00c1S CASETAS, LA SOLUCI\u00d3N EN FORT\u00cdN! - Los pol\u00edticos Veracruz\",\"isPartOf\":{\"@id\":\"https:\\\/\\\/lospoliticosveracruz.com\\\/#website\"},\"datePublished\":\"2022-12-29T14:55:19+00:00\",\"dateModified\":\"2022-12-29T14:55:22+00:00\",\"breadcrumb\":{\"@id\":\"https:\\\/\\\/lospoliticosveracruz.com\\\/?p=100536#breadcrumb\"},\"inLanguage\":\"es\",\"potentialAction\":[{\"@type\":\"ReadAction\",\"target\":[\"https:\\\/\\\/lospoliticosveracruz.com\\\/?p=100536\"]}]},{\"@type\":\"BreadcrumbList\",\"@id\":\"https:\\\/\\\/lospoliticosveracruz.com\\\/?p=100536#breadcrumb\",\"itemListElement\":[{\"@type\":\"ListItem\",\"position\":1,\"name\":\"Portada\",\"item\":\"https:\\\/\\\/lospoliticosveracruz.com\\\/\"},{\"@type\":\"ListItem\",\"position\":2,\"name\":\"M\u00c1S CASETAS, LA SOLUCI\u00d3N EN FORT\u00cdN!\"}]},{\"@type\":\"WebSite\",\"@id\":\"https:\\\/\\\/lospoliticosveracruz.com\\\/#website\",\"url\":\"https:\\\/\\\/lospoliticosveracruz.com\\\/\",\"name\":\"Los pol\u00edticos Veracruz\",\"description\":\"\",\"publisher\":{\"@id\":\"https:\\\/\\\/lospoliticosveracruz.com\\\/#organization\"},\"potentialAction\":[{\"@type\":\"SearchAction\",\"target\":{\"@type\":\"EntryPoint\",\"urlTemplate\":\"https:\\\/\\\/lospoliticosveracruz.com\\\/?s={search_term_string}\"},\"query-input\":{\"@type\":\"PropertyValueSpecification\",\"valueRequired\":true,\"valueName\":\"search_term_string\"}}],\"inLanguage\":\"es\"},{\"@type\":\"Organization\",\"@id\":\"https:\\\/\\\/lospoliticosveracruz.com\\\/#organization\",\"name\":\"Los pol\u00edticos Veracruz\",\"url\":\"https:\\\/\\\/lospoliticosveracruz.com\\\/\",\"logo\":{\"@type\":\"ImageObject\",\"inLanguage\":\"es\",\"@id\":\"https:\\\/\\\/lospoliticosveracruz.com\\\/#\\\/schema\\\/logo\\\/image\\\/\",\"url\":\"https:\\\/\\\/lospoliticosveracruz.com\\\/wp-content\\\/uploads\\\/2025\\\/12\\\/Logo-Nuevo-LOS-POLITICOS-1.jpg\",\"contentUrl\":\"https:\\\/\\\/lospoliticosveracruz.com\\\/wp-content\\\/uploads\\\/2025\\\/12\\\/Logo-Nuevo-LOS-POLITICOS-1.jpg\",\"width\":260,\"height\":70,\"caption\":\"Los pol\u00edticos Veracruz\"},\"image\":{\"@id\":\"https:\\\/\\\/lospoliticosveracruz.com\\\/#\\\/schema\\\/logo\\\/image\\\/\"},\"sameAs\":[\"https:\\\/\\\/www.facebook.com\\\/people\\\/Notimemes-de-los-Polticos\\\/61565672886568\\\/\",\"https:\\\/\\\/x.com\\\/LosPoliticosVer\"]},{\"@type\":\"Person\",\"@id\":\"https:\\\/\\\/lospoliticosveracruz.com\\\/#\\\/schema\\\/person\\\/b8702bb0e538456e6efd07080bf2a4a2\",\"name\":\"Lo viste en Los Pol\u00edticos\",\"image\":{\"@type\":\"ImageObject\",\"inLanguage\":\"es\",\"@id\":\"https:\\\/\\\/secure.gravatar.com\\\/avatar\\\/3a8de04a2656d44082be478bd6c086daa447c4651605818287b9532d3d0bd435?s=96&d=mm&r=g\",\"url\":\"https:\\\/\\\/secure.gravatar.com\\\/avatar\\\/3a8de04a2656d44082be478bd6c086daa447c4651605818287b9532d3d0bd435?s=96&d=mm&r=g\",\"contentUrl\":\"https:\\\/\\\/secure.gravatar.com\\\/avatar\\\/3a8de04a2656d44082be478bd6c086daa447c4651605818287b9532d3d0bd435?s=96&d=mm&r=g\",\"caption\":\"Lo viste en Los Pol\u00edticos\"},\"url\":\"https:\\\/\\\/lospoliticosveracruz.com\\\/?author=2\"}]}<\/script>\n<!-- \/ Yoast SEO plugin. -->","yoast_head_json":{"title":"M\u00c1S CASETAS, LA SOLUCI\u00d3N EN FORT\u00cdN! - Los pol\u00edticos Veracruz","robots":{"index":"index","follow":"follow","max-snippet":"max-snippet:-1","max-image-preview":"max-image-preview:large","max-video-preview":"max-video-preview:-1"},"canonical":"https:\/\/lospoliticosveracruz.com\/?p=100536","og_locale":"es_ES","og_type":"article","og_title":"M\u00c1S CASETAS, LA SOLUCI\u00d3N EN FORT\u00cdN! - Los pol\u00edticos Veracruz","og_description":"Karla M\u00e9ndez Xalapa, Ver.- La caseta 045 que se encuentra en Fort\u00edn de las Flores no podr\u00e1 ser reubicada, aunque se hab\u00eda planteado la idea como una posible soluci\u00f3n a las problem\u00e1ticas viales que se presentan, as\u00ed lo dio a conocer el Senador Ernesto P\u00e9rez Astorga. En entrevista, explic\u00f3 que dicho proyecto no puede ser [&hellip;]","og_url":"https:\/\/lospoliticosveracruz.com\/?p=100536","og_site_name":"Los pol\u00edticos Veracruz","article_publisher":"https:\/\/www.facebook.com\/people\/Notimemes-de-los-Polticos\/61565672886568\/","article_published_time":"2022-12-29T14:55:19+00:00","article_modified_time":"2022-12-29T14:55:22+00:00","og_image":[{"width":200,"height":200,"url":"https:\/\/lospoliticosveracruz.com\/wp-content\/uploads\/2016\/07\/Logo-Dor.jpg","type":"image\/jpeg"}],"author":"Lo viste en Los Pol\u00edticos","twitter_card":"summary_large_image","twitter_creator":"@LosPoliticosVer","twitter_site":"@LosPoliticosVer","twitter_misc":{"Escrito por":"Lo viste en Los Pol\u00edticos","Tiempo de lectura":"2 minutos"},"schema":{"@context":"https:\/\/schema.org","@graph":[{"@type":"Article","@id":"https:\/\/lospoliticosveracruz.com\/?p=100536#article","isPartOf":{"@id":"https:\/\/lospoliticosveracruz.com\/?p=100536"},"author":{"name":"Lo viste en Los Pol\u00edticos","@id":"https:\/\/lospoliticosveracruz.com\/#\/schema\/person\/b8702bb0e538456e6efd07080bf2a4a2"},"headline":"M\u00c1S CASETAS, LA SOLUCI\u00d3N EN FORT\u00cdN!","datePublished":"2022-12-29T14:55:19+00:00","dateModified":"2022-12-29T14:55:22+00:00","mainEntityOfPage":{"@id":"https:\/\/lospoliticosveracruz.com\/?p=100536"},"wordCount":319,"publisher":{"@id":"https:\/\/lospoliticosveracruz.com\/#organization"},"keywords":["caseta 045","Ernesto P\u00e9rez Astorga","Fort\u00edn de las Flores"],"articleSection":["La Nota"],"inLanguage":"es"},{"@type":"WebPage","@id":"https:\/\/lospoliticosveracruz.com\/?p=100536","url":"https:\/\/lospoliticosveracruz.com\/?p=100536","name":"M\u00c1S CASETAS, LA SOLUCI\u00d3N EN FORT\u00cdN! - Los pol\u00edticos Veracruz","isPartOf":{"@id":"https:\/\/lospoliticosveracruz.com\/#website"},"datePublished":"2022-12-29T14:55:19+00:00","dateModified":"2022-12-29T14:55:22+00:00","breadcrumb":{"@id":"https:\/\/lospoliticosveracruz.com\/?p=100536#breadcrumb"},"inLanguage":"es","potentialAction":[{"@type":"ReadAction","target":["https:\/\/lospoliticosveracruz.com\/?p=100536"]}]},{"@type":"BreadcrumbList","@id":"https:\/\/lospoliticosveracruz.com\/?p=100536#breadcrumb","itemListElement":[{"@type":"ListItem","position":1,"name":"Portada","item":"https:\/\/lospoliticosveracruz.com\/"},{"@type":"ListItem","position":2,"name":"M\u00c1S CASETAS, LA SOLUCI\u00d3N EN FORT\u00cdN!"}]},{"@type":"WebSite","@id":"https:\/\/lospoliticosveracruz.com\/#website","url":"https:\/\/lospoliticosveracruz.com\/","name":"Los pol\u00edticos Veracruz","description":"","publisher":{"@id":"https:\/\/lospoliticosveracruz.com\/#organization"},"potentialAction":[{"@type":"SearchAction","target":{"@type":"EntryPoint","urlTemplate":"https:\/\/lospoliticosveracruz.com\/?s={search_term_string}"},"query-input":{"@type":"PropertyValueSpecification","valueRequired":true,"valueName":"search_term_string"}}],"inLanguage":"es"},{"@type":"Organization","@id":"https:\/\/lospoliticosveracruz.com\/#organization","name":"Los pol\u00edticos Veracruz","url":"https:\/\/lospoliticosveracruz.com\/","logo":{"@type":"ImageObject","inLanguage":"es","@id":"https:\/\/lospoliticosveracruz.com\/#\/schema\/logo\/image\/","url":"https:\/\/lospoliticosveracruz.com\/wp-content\/uploads\/2025\/12\/Logo-Nuevo-LOS-POLITICOS-1.jpg","contentUrl":"https:\/\/lospoliticosveracruz.com\/wp-content\/uploads\/2025\/12\/Logo-Nuevo-LOS-POLITICOS-1.jpg","width":260,"height":70,"caption":"Los pol\u00edticos Veracruz"},"image":{"@id":"https:\/\/lospoliticosveracruz.com\/#\/schema\/logo\/image\/"},"sameAs":["https:\/\/www.facebook.com\/people\/Notimemes-de-los-Polticos\/61565672886568\/","https:\/\/x.com\/LosPoliticosVer"]},{"@type":"Person","@id":"https:\/\/lospoliticosveracruz.com\/#\/schema\/person\/b8702bb0e538456e6efd07080bf2a4a2","name":"Lo viste en Los Pol\u00edticos","image":{"@type":"ImageObject","inLanguage":"es","@id":"https:\/\/secure.gravatar.com\/avatar\/3a8de04a2656d44082be478bd6c086daa447c4651605818287b9532d3d0bd435?s=96&d=mm&r=g","url":"https:\/\/secure.gravatar.com\/avatar\/3a8de04a2656d44082be478bd6c086daa447c4651605818287b9532d3d0bd435?s=96&d=mm&r=g","contentUrl":"https:\/\/secure.gravatar.com\/avatar\/3a8de04a2656d44082be478bd6c086daa447c4651605818287b9532d3d0bd435?s=96&d=mm&r=g","caption":"Lo viste en Los Pol\u00edticos"},"url":"https:\/\/lospoliticosveracruz.com\/?author=2"}]}},"_links":{"self":[{"href":"https:\/\/lospoliticosveracruz.com\/index.php?rest_route=\/wp\/v2\/posts\/100536","targetHints":{"allow":["GET"]}}],"collection":[{"href":"https:\/\/lospoliticosveracruz.com\/index.php?rest_route=\/wp\/v2\/posts"}],"about":[{"href":"https:\/\/lospoliticosveracruz.com\/index.php?rest_route=\/wp\/v2\/types\/post"}],"author":[{"embeddable":true,"href":"https:\/\/lospoliticosveracruz.com\/index.php?rest_route=\/wp\/v2\/users\/2"}],"replies":[{"embeddable":true,"href":"https:\/\/lospoliticosveracruz.com\/index.php?rest_route=%2Fwp%2Fv2%2Fcomments&post=100536"}],"version-history":[{"count":1,"href":"https:\/\/lospoliticosveracruz.com\/index.php?rest_route=\/wp\/v2\/posts\/100536\/revisions"}],"predecessor-version":[{"id":100538,"href":"https:\/\/lospoliticosveracruz.com\/index.php?rest_route=\/wp\/v2\/posts\/100536\/revisions\/100538"}],"wp:attachment":[{"href":"https:\/\/lospoliticosveracruz.com\/index.php?rest_route=%2Fwp%2Fv2%2Fmedia&parent=100536"}],"wp:term":[{"taxonomy":"category","embeddable":true,"href":"https:\/\/lospoliticosveracruz.com\/index.php?rest_route=%2Fwp%2Fv2%2Fcategories&post=100536"},{"taxonomy":"post_tag","embeddable":true,"href":"https:\/\/lospoliticosveracruz.com\/index.php?rest_route=%2Fwp%2Fv2%2Ftags&post=100536"}],"curies":[{"name":"wp","href":"https:\/\/api.w.org\/{rel}","templated":true}]}}