{"id":100568,"date":"2022-12-30T10:23:55","date_gmt":"2022-12-30T16:23:55","guid":{"rendered":"https:\/\/lospoliticosveracruz.com.mx\/?p=100568"},"modified":"2022-12-30T10:26:17","modified_gmt":"2022-12-30T16:26:17","slug":"mujeres-cuestionadas","status":"publish","type":"post","link":"https:\/\/lospoliticosveracruz.com\/?p=100568","title":{"rendered":"MUJERES CUESTIONADAS"},"content":{"rendered":"\n<p><strong>Teresa Carbajal<\/strong><\/p>\n\n\n\n<p><em>Debo, no niego; pago, lo justo&nbsp;<\/em><\/p>\n\n\n\n<p>Cuando una mujer ocupa un alto cargo o encomienda como resultado de su reputaci\u00f3n, trayectoria, trabajo, desempe\u00f1o profesional y desde luego ardua preparaci\u00f3n es sin duda motivo de orgullo para quienes como compa\u00f1eras de g\u00e9nero no hemos encontrado limitaciones en el mismo para ejercer nuestra vocaci\u00f3n y ser \u00fatiles a la sociedad; pero el sentimiento se vuelve enojo y verg\u00fcenza al evidenciarse los motivos inmorales o ileg\u00edtimos que les ganaron un espacio desde el cual seguramente obedecer\u00e1n conforme a los mandatos del amo, pues habr\u00e1n echando por tierra los principios de la lucha social que feminista o no, busca reconocer en las mujeres fortalezas, capacidades y destrezas propias como agentes de cambio y evoluci\u00f3n social sin que ello ri\u00f1a con seguir siendo madres, esposas, hijas o jefas de familia.<\/p>\n\n\n\n<figure class=\"wp-block-image size-full\"><a href=\"https:\/\/lospoliticosveracruz.com.mx\/wp-content\/uploads\/2022\/05\/Seguro-Julio-Cerecedo.jpg\"><img decoding=\"async\" src=\"https:\/\/lospoliticosveracruz.com.mx\/wp-content\/uploads\/2022\/05\/Seguro-Julio-Cerecedo.jpg\" alt=\"\" class=\"wp-image-90414\"\/><\/a><\/figure>\n\n\n\n<p>Y es que este a\u00f1o termina, con una mujer, ministra de la Suprema Corte de Justicia de la Naci\u00f3n Yasm\u00edn Esquivel en el ojo del hurac\u00e1n se\u00f1alada por haber copiado la tesis con la que se titular\u00eda de la Licenciatura en Derecho (doble indignaci\u00f3n), principal candidata a suceder al ministro Arturo Zald\u00edvar actual presidente del M\u00e1ximo Tribunal Constitucional del pa\u00eds como tambi\u00e9n se le conoce a la Corte.<\/p>\n\n\n\n<p>La Corte es de vital importancia para la vida democr\u00e1tica y la libertad que hoy gozamos todos los mexicanos, pues entre sus principales funciones est\u00e1 la de interpretar y defender la Constituci\u00f3n y revisar que las leyes sean acordes a ella, tambi\u00e9n la de resolver los recursos de inconstitucionalidad que se presenten en casos tan trascendentes como la reforma planteada para el Instituto Nacional Electoral (INE) por citar un tema actual o dar el \u201cmanotazo en la mesa\u201d cuando se quieran legalizar caprichos, ocurrencias, o atropellos a la clase trabajadora, desechando todo lo que no sea acorde a los derechos humanos y sus resoluciones son definitivas pues no existe autoridad que pueda revocarlas; de ah\u00ed el tama\u00f1o de la \u00e9tica y probidad que debe tener quien aspire a presidirla.<\/p>\n\n\n\n<p>De entre los dimes y diretes que ha desatado la acusaci\u00f3n de plagio, lleva la peor parte la \u201cdefensa\u201d de la ministra pues las respuestas son tan contradictorias que en lugar de alejarla de la duda la hunden m\u00e1s en la conclusi\u00f3n de no ser, ni ahora ni nunca, la persona adecuada para estar al frente de una instituci\u00f3n que tiene por fin garantizarnos -con verdad- la libertad y la democracia.<\/p>\n\n\n\n<p>Es relevante observar que en torno al caso gira una hip\u00f3tesis que vincula a su c\u00f3nyuge con el Presidente de la Rep\u00fablica a nivel de negocios, hip\u00f3tesis que deber\u00edamos para ser objetivos desechar y eliminar del caso cualquier sesgo que nos coloque en una postura machista o patriarcal en donde todo tiene que ver con un hombre y se cosifique a la mujer como un objeto para cumplir los fines de otros.<\/p>\n\n\n\n<p>Pero es justo aqu\u00ed en donde viene la mejor arma que tanto hombres como mujeres tendremos siempre para defensa: Hemos de ser decentes pero adem\u00e1s debemos parecerlo.<\/p>\n\n\n\n<p>Cuando como hoy hab\u00edamos tenido a tantas mujeres como representantes de organismos aut\u00f3nomos, o a mujeres ocupando consecutivamente la presidencia del Tribunal Superior de Justicia y del Consejo de la Judicatura del Poder Judicial de Veracruz, y cuando hab\u00edamos visto que convivieran de manera tan despreocupada y en cuanto convite y pachanga se le ocurriera al gobernador en turno, llevando con ellas a cuestas las siglas de las instituciones que representan, como si fuera la danza de las vocales de Cri Cri, place\u00e1ndose en lugares y celebraciones que no justifican (ni requieren) su presencia, ni sus atribuciones, ni el respeto que deben darse por ser representantes de poderes aut\u00f3nomos.<\/p>\n\n\n\n<p>No dudo que est\u00e9n haciendo una buena labor en sus espacios, pero tanta camarader\u00eda, tanto comadrazgo, al rato c\u00f3mo van a pedir cuentas, o peor a\u00fan qu\u00e9 cuentas van a dar a la sociedad, que imparcialidad podemos esperar en la impartici\u00f3n de justicia, quien podr\u00e1 creer en la autonom\u00eda si lo mismo se les ve inaugurando el altar de d\u00eda de muertos, que en la posada, en el encendido del \u00e1rbol de navidad, o en la Rosca, si eso sucede en lo p\u00fablico qu\u00e9 no suceder\u00e1 en lo privado, y si es nada; mas vale guardar la compostura y coherencia entre la labor que se desempe\u00f1a y lo que se aparenta.<\/p>\n\n\n\n<p>Deseo para todos que 2023 sea un gran a\u00f1o y que en los momentos dif\u00edciles no falte la salud, ni la Fe en Dios y que todo lo superemos.<\/p>\n\n\n\n<p>\u00danase ya, a la Jornada Estatal para la Defensa del Patrimonio Familiar 2281148502 visite&nbsp;&nbsp;www.elbarzonrc.org Contacte elbarzonrc@yahoo.com.mx, O s\u00edgame en @terecarbajal<\/p>\n","protected":false},"excerpt":{"rendered":"<p>Teresa Carbajal Debo, no niego; pago, lo justo&nbsp; Cuando una mujer ocupa un alto cargo o encomienda como resultado de su reputaci\u00f3n, trayectoria, trabajo, desempe\u00f1o profesional y desde luego ardua preparaci\u00f3n es sin duda motivo de orgullo para quienes como compa\u00f1eras de g\u00e9nero no hemos encontrado limitaciones en el mismo para ejercer nuestra vocaci\u00f3n y [&hellip;]<\/p>\n","protected":false},"author":2,"featured_media":0,"comment_status":"closed","ping_status":"closed","sticky":false,"template":"","format":"standard","meta":{"tdm_status":"","tdm_grid_status":"","footnotes":""},"categories":[70],"tags":[30084,15570,10798],"class_list":{"0":"post-100568","1":"post","2":"type-post","3":"status-publish","4":"format-standard","6":"category-de-opinion","7":"tag-plagio","8":"tag-teresa-carbajal","9":"tag-tribunal-superior-de-justicia"},"yoast_head":"<!-- This site is optimized with the Yoast SEO plugin v27.4 - https:\/\/yoast.com\/product\/yoast-seo-wordpress\/ -->\n<title>MUJERES CUESTIONADAS - Los pol\u00edticos Veracruz<\/title>\n<meta name=\"robots\" content=\"index, follow, max-snippet:-1, max-image-preview:large, max-video-preview:-1\" \/>\n<link rel=\"canonical\" href=\"https:\/\/lospoliticosveracruz.com\/?p=100568\" \/>\n<meta property=\"og:locale\" content=\"es_ES\" \/>\n<meta property=\"og:type\" content=\"article\" \/>\n<meta property=\"og:title\" content=\"MUJERES CUESTIONADAS - Los pol\u00edticos Veracruz\" \/>\n<meta property=\"og:description\" content=\"Teresa Carbajal Debo, no niego; pago, lo justo&nbsp; Cuando una mujer ocupa un alto cargo o encomienda como resultado de su reputaci\u00f3n, trayectoria, trabajo, desempe\u00f1o profesional y desde luego ardua preparaci\u00f3n es sin duda motivo de orgullo para quienes como compa\u00f1eras de g\u00e9nero no hemos encontrado limitaciones en el mismo para ejercer nuestra vocaci\u00f3n y [&hellip;]\" \/>\n<meta property=\"og:url\" content=\"https:\/\/lospoliticosveracruz.com\/?p=100568\" \/>\n<meta property=\"og:site_name\" content=\"Los pol\u00edticos Veracruz\" \/>\n<meta property=\"article:publisher\" content=\"https:\/\/www.facebook.com\/people\/Notimemes-de-los-Polticos\/61565672886568\/\" \/>\n<meta property=\"article:published_time\" content=\"2022-12-30T16:23:55+00:00\" \/>\n<meta property=\"article:modified_time\" content=\"2022-12-30T16:26:17+00:00\" \/>\n<meta property=\"og:image\" content=\"https:\/\/lospoliticosveracruz.com.mx\/wp-content\/uploads\/2022\/05\/Seguro-Julio-Cerecedo.jpg\" \/>\n<meta name=\"author\" content=\"Lo viste en Los Pol\u00edticos\" \/>\n<meta name=\"twitter:card\" content=\"summary_large_image\" \/>\n<meta name=\"twitter:creator\" content=\"@LosPoliticosVer\" \/>\n<meta name=\"twitter:site\" content=\"@LosPoliticosVer\" \/>\n<meta name=\"twitter:label1\" content=\"Escrito por\" \/>\n\t<meta name=\"twitter:data1\" content=\"Lo viste en Los Pol\u00edticos\" \/>\n\t<meta name=\"twitter:label2\" content=\"Tiempo de lectura\" \/>\n\t<meta name=\"twitter:data2\" content=\"4 minutos\" \/>\n<script type=\"application\/ld+json\" class=\"yoast-schema-graph\">{\"@context\":\"https:\\\/\\\/schema.org\",\"@graph\":[{\"@type\":\"Article\",\"@id\":\"https:\\\/\\\/lospoliticosveracruz.com\\\/?p=100568#article\",\"isPartOf\":{\"@id\":\"https:\\\/\\\/lospoliticosveracruz.com\\\/?p=100568\"},\"author\":{\"name\":\"Lo viste en Los Pol\u00edticos\",\"@id\":\"https:\\\/\\\/lospoliticosveracruz.com\\\/#\\\/schema\\\/person\\\/b8702bb0e538456e6efd07080bf2a4a2\"},\"headline\":\"MUJERES CUESTIONADAS\",\"datePublished\":\"2022-12-30T16:23:55+00:00\",\"dateModified\":\"2022-12-30T16:26:17+00:00\",\"mainEntityOfPage\":{\"@id\":\"https:\\\/\\\/lospoliticosveracruz.com\\\/?p=100568\"},\"wordCount\":836,\"publisher\":{\"@id\":\"https:\\\/\\\/lospoliticosveracruz.com\\\/#organization\"},\"image\":{\"@id\":\"https:\\\/\\\/lospoliticosveracruz.com\\\/?p=100568#primaryimage\"},\"thumbnailUrl\":\"https:\\\/\\\/lospoliticosveracruz.com.mx\\\/wp-content\\\/uploads\\\/2022\\\/05\\\/Seguro-Julio-Cerecedo.jpg\",\"keywords\":[\"Plagio\",\"Teresa Carbajal\",\"Tribunal Superior de Justicia\"],\"articleSection\":[\"De Opini\u00f3n\"],\"inLanguage\":\"es\"},{\"@type\":\"WebPage\",\"@id\":\"https:\\\/\\\/lospoliticosveracruz.com\\\/?p=100568\",\"url\":\"https:\\\/\\\/lospoliticosveracruz.com\\\/?p=100568\",\"name\":\"MUJERES CUESTIONADAS - Los pol\u00edticos Veracruz\",\"isPartOf\":{\"@id\":\"https:\\\/\\\/lospoliticosveracruz.com\\\/#website\"},\"primaryImageOfPage\":{\"@id\":\"https:\\\/\\\/lospoliticosveracruz.com\\\/?p=100568#primaryimage\"},\"image\":{\"@id\":\"https:\\\/\\\/lospoliticosveracruz.com\\\/?p=100568#primaryimage\"},\"thumbnailUrl\":\"https:\\\/\\\/lospoliticosveracruz.com.mx\\\/wp-content\\\/uploads\\\/2022\\\/05\\\/Seguro-Julio-Cerecedo.jpg\",\"datePublished\":\"2022-12-30T16:23:55+00:00\",\"dateModified\":\"2022-12-30T16:26:17+00:00\",\"breadcrumb\":{\"@id\":\"https:\\\/\\\/lospoliticosveracruz.com\\\/?p=100568#breadcrumb\"},\"inLanguage\":\"es\",\"potentialAction\":[{\"@type\":\"ReadAction\",\"target\":[\"https:\\\/\\\/lospoliticosveracruz.com\\\/?p=100568\"]}]},{\"@type\":\"ImageObject\",\"inLanguage\":\"es\",\"@id\":\"https:\\\/\\\/lospoliticosveracruz.com\\\/?p=100568#primaryimage\",\"url\":\"https:\\\/\\\/lospoliticosveracruz.com.mx\\\/wp-content\\\/uploads\\\/2022\\\/05\\\/Seguro-Julio-Cerecedo.jpg\",\"contentUrl\":\"https:\\\/\\\/lospoliticosveracruz.com.mx\\\/wp-content\\\/uploads\\\/2022\\\/05\\\/Seguro-Julio-Cerecedo.jpg\"},{\"@type\":\"BreadcrumbList\",\"@id\":\"https:\\\/\\\/lospoliticosveracruz.com\\\/?p=100568#breadcrumb\",\"itemListElement\":[{\"@type\":\"ListItem\",\"position\":1,\"name\":\"Portada\",\"item\":\"https:\\\/\\\/lospoliticosveracruz.com\\\/\"},{\"@type\":\"ListItem\",\"position\":2,\"name\":\"MUJERES CUESTIONADAS\"}]},{\"@type\":\"WebSite\",\"@id\":\"https:\\\/\\\/lospoliticosveracruz.com\\\/#website\",\"url\":\"https:\\\/\\\/lospoliticosveracruz.com\\\/\",\"name\":\"Los pol\u00edticos Veracruz\",\"description\":\"\",\"publisher\":{\"@id\":\"https:\\\/\\\/lospoliticosveracruz.com\\\/#organization\"},\"potentialAction\":[{\"@type\":\"SearchAction\",\"target\":{\"@type\":\"EntryPoint\",\"urlTemplate\":\"https:\\\/\\\/lospoliticosveracruz.com\\\/?s={search_term_string}\"},\"query-input\":{\"@type\":\"PropertyValueSpecification\",\"valueRequired\":true,\"valueName\":\"search_term_string\"}}],\"inLanguage\":\"es\"},{\"@type\":\"Organization\",\"@id\":\"https:\\\/\\\/lospoliticosveracruz.com\\\/#organization\",\"name\":\"Los pol\u00edticos Veracruz\",\"url\":\"https:\\\/\\\/lospoliticosveracruz.com\\\/\",\"logo\":{\"@type\":\"ImageObject\",\"inLanguage\":\"es\",\"@id\":\"https:\\\/\\\/lospoliticosveracruz.com\\\/#\\\/schema\\\/logo\\\/image\\\/\",\"url\":\"https:\\\/\\\/lospoliticosveracruz.com\\\/wp-content\\\/uploads\\\/2025\\\/12\\\/Logo-Nuevo-LOS-POLITICOS-1.jpg\",\"contentUrl\":\"https:\\\/\\\/lospoliticosveracruz.com\\\/wp-content\\\/uploads\\\/2025\\\/12\\\/Logo-Nuevo-LOS-POLITICOS-1.jpg\",\"width\":260,\"height\":70,\"caption\":\"Los pol\u00edticos Veracruz\"},\"image\":{\"@id\":\"https:\\\/\\\/lospoliticosveracruz.com\\\/#\\\/schema\\\/logo\\\/image\\\/\"},\"sameAs\":[\"https:\\\/\\\/www.facebook.com\\\/people\\\/Notimemes-de-los-Polticos\\\/61565672886568\\\/\",\"https:\\\/\\\/x.com\\\/LosPoliticosVer\"]},{\"@type\":\"Person\",\"@id\":\"https:\\\/\\\/lospoliticosveracruz.com\\\/#\\\/schema\\\/person\\\/b8702bb0e538456e6efd07080bf2a4a2\",\"name\":\"Lo viste en Los Pol\u00edticos\",\"image\":{\"@type\":\"ImageObject\",\"inLanguage\":\"es\",\"@id\":\"https:\\\/\\\/secure.gravatar.com\\\/avatar\\\/3a8de04a2656d44082be478bd6c086daa447c4651605818287b9532d3d0bd435?s=96&d=mm&r=g\",\"url\":\"https:\\\/\\\/secure.gravatar.com\\\/avatar\\\/3a8de04a2656d44082be478bd6c086daa447c4651605818287b9532d3d0bd435?s=96&d=mm&r=g\",\"contentUrl\":\"https:\\\/\\\/secure.gravatar.com\\\/avatar\\\/3a8de04a2656d44082be478bd6c086daa447c4651605818287b9532d3d0bd435?s=96&d=mm&r=g\",\"caption\":\"Lo viste en Los Pol\u00edticos\"},\"url\":\"https:\\\/\\\/lospoliticosveracruz.com\\\/?author=2\"}]}<\/script>\n<!-- \/ Yoast SEO plugin. -->","yoast_head_json":{"title":"MUJERES CUESTIONADAS - Los pol\u00edticos Veracruz","robots":{"index":"index","follow":"follow","max-snippet":"max-snippet:-1","max-image-preview":"max-image-preview:large","max-video-preview":"max-video-preview:-1"},"canonical":"https:\/\/lospoliticosveracruz.com\/?p=100568","og_locale":"es_ES","og_type":"article","og_title":"MUJERES CUESTIONADAS - Los pol\u00edticos Veracruz","og_description":"Teresa Carbajal Debo, no niego; pago, lo justo&nbsp; Cuando una mujer ocupa un alto cargo o encomienda como resultado de su reputaci\u00f3n, trayectoria, trabajo, desempe\u00f1o profesional y desde luego ardua preparaci\u00f3n es sin duda motivo de orgullo para quienes como compa\u00f1eras de g\u00e9nero no hemos encontrado limitaciones en el mismo para ejercer nuestra vocaci\u00f3n y [&hellip;]","og_url":"https:\/\/lospoliticosveracruz.com\/?p=100568","og_site_name":"Los pol\u00edticos Veracruz","article_publisher":"https:\/\/www.facebook.com\/people\/Notimemes-de-los-Polticos\/61565672886568\/","article_published_time":"2022-12-30T16:23:55+00:00","article_modified_time":"2022-12-30T16:26:17+00:00","og_image":[{"url":"https:\/\/lospoliticosveracruz.com.mx\/wp-content\/uploads\/2022\/05\/Seguro-Julio-Cerecedo.jpg","type":"","width":"","height":""}],"author":"Lo viste en Los Pol\u00edticos","twitter_card":"summary_large_image","twitter_creator":"@LosPoliticosVer","twitter_site":"@LosPoliticosVer","twitter_misc":{"Escrito por":"Lo viste en Los Pol\u00edticos","Tiempo de lectura":"4 minutos"},"schema":{"@context":"https:\/\/schema.org","@graph":[{"@type":"Article","@id":"https:\/\/lospoliticosveracruz.com\/?p=100568#article","isPartOf":{"@id":"https:\/\/lospoliticosveracruz.com\/?p=100568"},"author":{"name":"Lo viste en Los Pol\u00edticos","@id":"https:\/\/lospoliticosveracruz.com\/#\/schema\/person\/b8702bb0e538456e6efd07080bf2a4a2"},"headline":"MUJERES CUESTIONADAS","datePublished":"2022-12-30T16:23:55+00:00","dateModified":"2022-12-30T16:26:17+00:00","mainEntityOfPage":{"@id":"https:\/\/lospoliticosveracruz.com\/?p=100568"},"wordCount":836,"publisher":{"@id":"https:\/\/lospoliticosveracruz.com\/#organization"},"image":{"@id":"https:\/\/lospoliticosveracruz.com\/?p=100568#primaryimage"},"thumbnailUrl":"https:\/\/lospoliticosveracruz.com.mx\/wp-content\/uploads\/2022\/05\/Seguro-Julio-Cerecedo.jpg","keywords":["Plagio","Teresa Carbajal","Tribunal Superior de Justicia"],"articleSection":["De Opini\u00f3n"],"inLanguage":"es"},{"@type":"WebPage","@id":"https:\/\/lospoliticosveracruz.com\/?p=100568","url":"https:\/\/lospoliticosveracruz.com\/?p=100568","name":"MUJERES CUESTIONADAS - Los pol\u00edticos Veracruz","isPartOf":{"@id":"https:\/\/lospoliticosveracruz.com\/#website"},"primaryImageOfPage":{"@id":"https:\/\/lospoliticosveracruz.com\/?p=100568#primaryimage"},"image":{"@id":"https:\/\/lospoliticosveracruz.com\/?p=100568#primaryimage"},"thumbnailUrl":"https:\/\/lospoliticosveracruz.com.mx\/wp-content\/uploads\/2022\/05\/Seguro-Julio-Cerecedo.jpg","datePublished":"2022-12-30T16:23:55+00:00","dateModified":"2022-12-30T16:26:17+00:00","breadcrumb":{"@id":"https:\/\/lospoliticosveracruz.com\/?p=100568#breadcrumb"},"inLanguage":"es","potentialAction":[{"@type":"ReadAction","target":["https:\/\/lospoliticosveracruz.com\/?p=100568"]}]},{"@type":"ImageObject","inLanguage":"es","@id":"https:\/\/lospoliticosveracruz.com\/?p=100568#primaryimage","url":"https:\/\/lospoliticosveracruz.com.mx\/wp-content\/uploads\/2022\/05\/Seguro-Julio-Cerecedo.jpg","contentUrl":"https:\/\/lospoliticosveracruz.com.mx\/wp-content\/uploads\/2022\/05\/Seguro-Julio-Cerecedo.jpg"},{"@type":"BreadcrumbList","@id":"https:\/\/lospoliticosveracruz.com\/?p=100568#breadcrumb","itemListElement":[{"@type":"ListItem","position":1,"name":"Portada","item":"https:\/\/lospoliticosveracruz.com\/"},{"@type":"ListItem","position":2,"name":"MUJERES CUESTIONADAS"}]},{"@type":"WebSite","@id":"https:\/\/lospoliticosveracruz.com\/#website","url":"https:\/\/lospoliticosveracruz.com\/","name":"Los pol\u00edticos Veracruz","description":"","publisher":{"@id":"https:\/\/lospoliticosveracruz.com\/#organization"},"potentialAction":[{"@type":"SearchAction","target":{"@type":"EntryPoint","urlTemplate":"https:\/\/lospoliticosveracruz.com\/?s={search_term_string}"},"query-input":{"@type":"PropertyValueSpecification","valueRequired":true,"valueName":"search_term_string"}}],"inLanguage":"es"},{"@type":"Organization","@id":"https:\/\/lospoliticosveracruz.com\/#organization","name":"Los pol\u00edticos Veracruz","url":"https:\/\/lospoliticosveracruz.com\/","logo":{"@type":"ImageObject","inLanguage":"es","@id":"https:\/\/lospoliticosveracruz.com\/#\/schema\/logo\/image\/","url":"https:\/\/lospoliticosveracruz.com\/wp-content\/uploads\/2025\/12\/Logo-Nuevo-LOS-POLITICOS-1.jpg","contentUrl":"https:\/\/lospoliticosveracruz.com\/wp-content\/uploads\/2025\/12\/Logo-Nuevo-LOS-POLITICOS-1.jpg","width":260,"height":70,"caption":"Los pol\u00edticos Veracruz"},"image":{"@id":"https:\/\/lospoliticosveracruz.com\/#\/schema\/logo\/image\/"},"sameAs":["https:\/\/www.facebook.com\/people\/Notimemes-de-los-Polticos\/61565672886568\/","https:\/\/x.com\/LosPoliticosVer"]},{"@type":"Person","@id":"https:\/\/lospoliticosveracruz.com\/#\/schema\/person\/b8702bb0e538456e6efd07080bf2a4a2","name":"Lo viste en Los Pol\u00edticos","image":{"@type":"ImageObject","inLanguage":"es","@id":"https:\/\/secure.gravatar.com\/avatar\/3a8de04a2656d44082be478bd6c086daa447c4651605818287b9532d3d0bd435?s=96&d=mm&r=g","url":"https:\/\/secure.gravatar.com\/avatar\/3a8de04a2656d44082be478bd6c086daa447c4651605818287b9532d3d0bd435?s=96&d=mm&r=g","contentUrl":"https:\/\/secure.gravatar.com\/avatar\/3a8de04a2656d44082be478bd6c086daa447c4651605818287b9532d3d0bd435?s=96&d=mm&r=g","caption":"Lo viste en Los Pol\u00edticos"},"url":"https:\/\/lospoliticosveracruz.com\/?author=2"}]}},"_links":{"self":[{"href":"https:\/\/lospoliticosveracruz.com\/index.php?rest_route=\/wp\/v2\/posts\/100568","targetHints":{"allow":["GET"]}}],"collection":[{"href":"https:\/\/lospoliticosveracruz.com\/index.php?rest_route=\/wp\/v2\/posts"}],"about":[{"href":"https:\/\/lospoliticosveracruz.com\/index.php?rest_route=\/wp\/v2\/types\/post"}],"author":[{"embeddable":true,"href":"https:\/\/lospoliticosveracruz.com\/index.php?rest_route=\/wp\/v2\/users\/2"}],"replies":[{"embeddable":true,"href":"https:\/\/lospoliticosveracruz.com\/index.php?rest_route=%2Fwp%2Fv2%2Fcomments&post=100568"}],"version-history":[{"count":2,"href":"https:\/\/lospoliticosveracruz.com\/index.php?rest_route=\/wp\/v2\/posts\/100568\/revisions"}],"predecessor-version":[{"id":100570,"href":"https:\/\/lospoliticosveracruz.com\/index.php?rest_route=\/wp\/v2\/posts\/100568\/revisions\/100570"}],"wp:attachment":[{"href":"https:\/\/lospoliticosveracruz.com\/index.php?rest_route=%2Fwp%2Fv2%2Fmedia&parent=100568"}],"wp:term":[{"taxonomy":"category","embeddable":true,"href":"https:\/\/lospoliticosveracruz.com\/index.php?rest_route=%2Fwp%2Fv2%2Fcategories&post=100568"},{"taxonomy":"post_tag","embeddable":true,"href":"https:\/\/lospoliticosveracruz.com\/index.php?rest_route=%2Fwp%2Fv2%2Ftags&post=100568"}],"curies":[{"name":"wp","href":"https:\/\/api.w.org\/{rel}","templated":true}]}}