{"id":100648,"date":"2023-01-03T07:48:14","date_gmt":"2023-01-03T13:48:14","guid":{"rendered":"https:\/\/lospoliticosveracruz.com.mx\/?p=100648"},"modified":"2023-01-03T07:48:20","modified_gmt":"2023-01-03T13:48:20","slug":"los-39-dias-del-2022","status":"publish","type":"post","link":"https:\/\/lospoliticosveracruz.com\/?p=100648","title":{"rendered":"LOS 39 D\u00cdAS DEL 2022&nbsp;"},"content":{"rendered":"\n<p><strong>Bernardo Guti\u00e9rrez Parra\u00a0\u00a0<\/strong><\/p>\n\n\n\n<p><em>Desde el Caf\u00e9\u00a0<\/em><\/p>\n\n\n\n<p>El 29 de diciembre el gobernador Cuitl\u00e1huac Garc\u00eda, realiz\u00f3 su Mesa de Construcci\u00f3n para la Paz (reitero, ah pa\u2019 nombrecito) en la Fortaleza de San Carlos en Perote. Ah\u00ed anunci\u00f3 que se hab\u00edan acumulado 39 d\u00edas sin homicidios en lo que iba del a\u00f1o. \u201cCifra in\u00e9dita en relaci\u00f3n a gobiernos anteriores\u201d. Y no dijo m\u00e1s, simplemente solt\u00f3 el dato y pas\u00f3 a otro tema.\u00a0<br><\/p>\n\n\n<div class=\"wp-block-image\">\n<figure class=\"alignleft size-medium\"><a href=\"https:\/\/lospoliticosveracruz.com.mx\/wp-content\/uploads\/2021\/10\/Zacauilt.jpg\"><img decoding=\"async\" src=\"https:\/\/lospoliticosveracruz.com.mx\/wp-content\/uploads\/2021\/10\/Zacauilt-150x300.jpg\" alt=\"\" class=\"wp-image-80558\"\/><\/a><\/figure>\n<\/div>\n\n\n<p>Pero al dar a conocer esta informaci\u00f3n acept\u00f3 de manera impl\u00edcita que Veracruz es uno de los estados m\u00e1s inseguros del pa\u00eds, ya que de los 365 d\u00edas que tuvo el 2022, en 326 se contabilizaron al menos dos asesinatos en promedio. Que se hayan acumulado 39 d\u00edas sin homicidios no tiene ning\u00fan m\u00e9rito. Y que sea una cifra \u201cin\u00e9dita\u201d en relaci\u00f3n a gobiernos anteriores est\u00e1 por verse.&nbsp;<\/p>\n\n\n\n<p>En 2018, \u00faltimo a\u00f1o del bienio de Miguel \u00c1ngel Yunes, se contabilizaron 36 d\u00edas sin homicidios y en 2017, 42 d\u00edas. En 2016 \u00faltimo a\u00f1o de Javier Duarte, se contabilizaron 51 d\u00edas sin asesinatos dolosos; en 2015, 49; en 2014, 54; en 2013, 63 d\u00edas\u2026 Esto por no hablar de los m\u00e1s de 200 d\u00edas sin asesinatos que tuvieron cada a\u00f1o de los gobiernos de Patricio Chirinos, Fernando Guti\u00e9rrez Barrios y Rafael Hern\u00e1ndez Ochoa.&nbsp;&nbsp;<\/p>\n\n\n\n<p>Para colmo, la noticia del gobernador se prest\u00f3 a confusiones porque hubo quienes dijeron que en los \u00faltimos 39 d\u00edas del 2022 (hasta el 28 de diciembre) hubo saldo blanco lo que tampoco es verdad.&nbsp;<\/p>\n\n\n\n<p>De acuerdo con reportes period\u00edsticos, entre el 20 de noviembre (primer d\u00eda de los supuestos 39 sin homicidios seg\u00fan los confundidos) y el 30 del mismo mes, se registraron 23 asesinatos dolosos, 3 feminicidios, se encontraron 3 desmembrados, hubo 6 desaparecidos y 2 levantados.&nbsp;<\/p>\n\n\n\n<p>Y del 1 al 28 de diciembre hubo 38 asesinatos, 6 feminicidios, 6 embolsados y 17 personas desaparecidas.&nbsp;<\/p>\n\n\n\n<p>En 39 d\u00edas se cometieron en Veracruz 61 asesinatos dolosos, 9 feminicidios y se encontraron 9 embolsados lo que da un total de 79 asesinados violentamente y 25 desaparecidos.&nbsp;<\/p>\n\n\n\n<p>Pero ah\u00ed no par\u00f3 la danza macabra.&nbsp;<\/p>\n\n\n\n<p>El 29 de diciembre, d\u00eda en que Cuitl\u00e1huac dio a conocer su escueto anuncio, se registr\u00f3 un feminicidio, hubo dos asesinatos y se report\u00f3 a un menor desaparecido. El d\u00eda 30 se registraron dos asesinatos.&nbsp;<\/p>\n\n\n\n<p>La muerte despidi\u00f3 al 2022 el 31 de diciembre con cuatro ejecutados en C\u00f3rdoba, un descuartizado en Espinal, cuatro asesinados en distintos municipios y dos embolsados en el tramo Las Trancas-Coatepec.<\/p>\n\n\n\n<p>Es decir, en los \u00faltimos 42 d\u00edas del a\u00f1o que se acaba de ir se registraron 95 asesinatos violentos y 26 desaparecidos. Y entre las v\u00edctimas mortales estuvieron un ex alcalde, un ex regidor, un s\u00edndico, un tesorero y un alcalde en funciones; Isauro Ambrosio Tocohua, alcalde de Rafael Delgado asesinado el 31 de diciembre.&nbsp;<\/p>\n\n\n\n<p>Y para que se vea que en la entidad sigue mandando la violencia, el 1 de enero los delincuentes recibieron el 2023 con una masacre en Poza Rica donde hubo 12 muertos (la Fiscal\u00eda dice que fueron 8) en tres bares de aquella ciudad.&nbsp;<\/p>\n\n\n\n<p>Veracruz no cambia lector, simplemente empeora.&nbsp;<\/p>\n\n\n\n<p>Lo bueno es que el a\u00f1o anterior tuvimos 39 d\u00edas sin muertes violentas, algo \u201cin\u00e9dito\u201d seg\u00fan dijo el se\u00f1or gobernador y algo que de seguro lo llena de orgullo.<\/p>\n\n\n\n<p>Sea por Dios.&nbsp;<\/p>\n\n\n\n<p><strong>\u2026Y Yasm\u00edn se qued\u00f3 con las ganas<\/strong><\/p>\n\n\n\n<p>De nada valieron sus alegatos, justificaciones y el volverse al victimizar. Al final se qued\u00f3 con las ganas de ser la primera mujer presidenta de la Suprema Corte de Justicia de la Naci\u00f3n.&nbsp;<\/p>\n\n\n\n<p>En la primera ronda obtuvo dos votos, en la segunda solo uno, el de ella, y con eso ya no particip\u00f3 en la tercera ronda donde la ganadora y nueva presidenta del m\u00e1ximo tribunal de nuestro pa\u00eds result\u00f3 la ministra Norma Luc\u00eda Pi\u00f1a.&nbsp;<\/p>\n\n\n\n<p>\u00bfQu\u00e9 suceder\u00e1 con la pasante de derecho Yasm\u00edn Esquivel Mossa? \u00bfSeguir\u00e1 usurpando un puesto como ministra de la SCJN o la mandar\u00e1n a que se titule como Dios manda y regrese?&nbsp;<\/p>\n\n\n\n<p>Veremos.&nbsp;<\/p>\n\n\n\n<p>Por lo pronto, el triunfo de do\u00f1a Norma es un tanque de ox\u00edgeno tanto para el INE como para nuestra democracia. Al primero lo hemos visto casi desahuciado y a la segunda, muy desmejorada.&nbsp;&nbsp;<\/p>\n\n\n\n<p>bernardogup@hotmail.com<\/p>\n","protected":false},"excerpt":{"rendered":"<p>Bernardo Guti\u00e9rrez Parra\u00a0\u00a0 Desde el Caf\u00e9\u00a0 El 29 de diciembre el gobernador Cuitl\u00e1huac Garc\u00eda, realiz\u00f3 su Mesa de Construcci\u00f3n para la Paz (reitero, ah pa\u2019 nombrecito) en la Fortaleza de San Carlos en Perote. Ah\u00ed anunci\u00f3 que se hab\u00edan acumulado 39 d\u00edas sin homicidios en lo que iba del a\u00f1o. \u201cCifra in\u00e9dita en relaci\u00f3n a [&hellip;]<\/p>\n","protected":false},"author":2,"featured_media":0,"comment_status":"closed","ping_status":"closed","sticky":false,"template":"","format":"standard","meta":{"tdm_status":"","tdm_grid_status":"","footnotes":""},"categories":[70],"tags":[34206,1563,1026,195],"class_list":{"0":"post-100648","1":"post","2":"type-post","3":"status-publish","4":"format-standard","6":"category-de-opinion","7":"tag-bernardo-gutierrez-parra","8":"tag-cuitlahuac-garcia-jimenez","9":"tag-morena","10":"tag-veracruz"},"yoast_head":"<!-- This site is optimized with the Yoast SEO plugin v27.4 - https:\/\/yoast.com\/product\/yoast-seo-wordpress\/ -->\n<title>LOS 39 D\u00cdAS DEL 2022&nbsp; - Los pol\u00edticos Veracruz<\/title>\n<meta name=\"robots\" content=\"index, follow, max-snippet:-1, max-image-preview:large, max-video-preview:-1\" \/>\n<link rel=\"canonical\" href=\"https:\/\/lospoliticosveracruz.com\/?p=100648\" \/>\n<meta property=\"og:locale\" content=\"es_ES\" \/>\n<meta property=\"og:type\" content=\"article\" \/>\n<meta property=\"og:title\" content=\"LOS 39 D\u00cdAS DEL 2022&nbsp; - Los pol\u00edticos Veracruz\" \/>\n<meta property=\"og:description\" content=\"Bernardo Guti\u00e9rrez Parra\u00a0\u00a0 Desde el Caf\u00e9\u00a0 El 29 de diciembre el gobernador Cuitl\u00e1huac Garc\u00eda, realiz\u00f3 su Mesa de Construcci\u00f3n para la Paz (reitero, ah pa\u2019 nombrecito) en la Fortaleza de San Carlos en Perote. Ah\u00ed anunci\u00f3 que se hab\u00edan acumulado 39 d\u00edas sin homicidios en lo que iba del a\u00f1o. \u201cCifra in\u00e9dita en relaci\u00f3n a [&hellip;]\" \/>\n<meta property=\"og:url\" content=\"https:\/\/lospoliticosveracruz.com\/?p=100648\" \/>\n<meta property=\"og:site_name\" content=\"Los pol\u00edticos Veracruz\" \/>\n<meta property=\"article:publisher\" content=\"https:\/\/www.facebook.com\/people\/Notimemes-de-los-Polticos\/61565672886568\/\" \/>\n<meta property=\"article:published_time\" content=\"2023-01-03T13:48:14+00:00\" \/>\n<meta property=\"article:modified_time\" content=\"2023-01-03T13:48:20+00:00\" \/>\n<meta property=\"og:image\" content=\"https:\/\/lospoliticosveracruz.com.mx\/wp-content\/uploads\/2021\/10\/Zacauilt-150x300.jpg\" \/>\n<meta name=\"author\" content=\"Lo viste en Los Pol\u00edticos\" \/>\n<meta name=\"twitter:card\" content=\"summary_large_image\" \/>\n<meta name=\"twitter:creator\" content=\"@LosPoliticosVer\" \/>\n<meta name=\"twitter:site\" content=\"@LosPoliticosVer\" \/>\n<meta name=\"twitter:label1\" content=\"Escrito por\" \/>\n\t<meta name=\"twitter:data1\" content=\"Lo viste en Los Pol\u00edticos\" \/>\n\t<meta name=\"twitter:label2\" content=\"Tiempo de lectura\" \/>\n\t<meta name=\"twitter:data2\" content=\"4 minutos\" \/>\n<script type=\"application\/ld+json\" class=\"yoast-schema-graph\">{\"@context\":\"https:\\\/\\\/schema.org\",\"@graph\":[{\"@type\":\"Article\",\"@id\":\"https:\\\/\\\/lospoliticosveracruz.com\\\/?p=100648#article\",\"isPartOf\":{\"@id\":\"https:\\\/\\\/lospoliticosveracruz.com\\\/?p=100648\"},\"author\":{\"name\":\"Lo viste en Los Pol\u00edticos\",\"@id\":\"https:\\\/\\\/lospoliticosveracruz.com\\\/#\\\/schema\\\/person\\\/b8702bb0e538456e6efd07080bf2a4a2\"},\"headline\":\"LOS 39 D\u00cdAS DEL 2022&nbsp;\",\"datePublished\":\"2023-01-03T13:48:14+00:00\",\"dateModified\":\"2023-01-03T13:48:20+00:00\",\"mainEntityOfPage\":{\"@id\":\"https:\\\/\\\/lospoliticosveracruz.com\\\/?p=100648\"},\"wordCount\":729,\"publisher\":{\"@id\":\"https:\\\/\\\/lospoliticosveracruz.com\\\/#organization\"},\"image\":{\"@id\":\"https:\\\/\\\/lospoliticosveracruz.com\\\/?p=100648#primaryimage\"},\"thumbnailUrl\":\"https:\\\/\\\/lospoliticosveracruz.com.mx\\\/wp-content\\\/uploads\\\/2021\\\/10\\\/Zacauilt-150x300.jpg\",\"keywords\":[\"Bernardo Guti\u00e9rrez Parra\",\"Cuitl\u00e1huac Garc\u00eda Jim\u00e9nez\",\"Morena\",\"Veracruz\"],\"articleSection\":[\"De Opini\u00f3n\"],\"inLanguage\":\"es\"},{\"@type\":\"WebPage\",\"@id\":\"https:\\\/\\\/lospoliticosveracruz.com\\\/?p=100648\",\"url\":\"https:\\\/\\\/lospoliticosveracruz.com\\\/?p=100648\",\"name\":\"LOS 39 D\u00cdAS DEL 2022&nbsp; - Los pol\u00edticos Veracruz\",\"isPartOf\":{\"@id\":\"https:\\\/\\\/lospoliticosveracruz.com\\\/#website\"},\"primaryImageOfPage\":{\"@id\":\"https:\\\/\\\/lospoliticosveracruz.com\\\/?p=100648#primaryimage\"},\"image\":{\"@id\":\"https:\\\/\\\/lospoliticosveracruz.com\\\/?p=100648#primaryimage\"},\"thumbnailUrl\":\"https:\\\/\\\/lospoliticosveracruz.com.mx\\\/wp-content\\\/uploads\\\/2021\\\/10\\\/Zacauilt-150x300.jpg\",\"datePublished\":\"2023-01-03T13:48:14+00:00\",\"dateModified\":\"2023-01-03T13:48:20+00:00\",\"breadcrumb\":{\"@id\":\"https:\\\/\\\/lospoliticosveracruz.com\\\/?p=100648#breadcrumb\"},\"inLanguage\":\"es\",\"potentialAction\":[{\"@type\":\"ReadAction\",\"target\":[\"https:\\\/\\\/lospoliticosveracruz.com\\\/?p=100648\"]}]},{\"@type\":\"ImageObject\",\"inLanguage\":\"es\",\"@id\":\"https:\\\/\\\/lospoliticosveracruz.com\\\/?p=100648#primaryimage\",\"url\":\"https:\\\/\\\/lospoliticosveracruz.com.mx\\\/wp-content\\\/uploads\\\/2021\\\/10\\\/Zacauilt-150x300.jpg\",\"contentUrl\":\"https:\\\/\\\/lospoliticosveracruz.com.mx\\\/wp-content\\\/uploads\\\/2021\\\/10\\\/Zacauilt-150x300.jpg\"},{\"@type\":\"BreadcrumbList\",\"@id\":\"https:\\\/\\\/lospoliticosveracruz.com\\\/?p=100648#breadcrumb\",\"itemListElement\":[{\"@type\":\"ListItem\",\"position\":1,\"name\":\"Portada\",\"item\":\"https:\\\/\\\/lospoliticosveracruz.com\\\/\"},{\"@type\":\"ListItem\",\"position\":2,\"name\":\"LOS 39 D\u00cdAS DEL 2022&nbsp;\"}]},{\"@type\":\"WebSite\",\"@id\":\"https:\\\/\\\/lospoliticosveracruz.com\\\/#website\",\"url\":\"https:\\\/\\\/lospoliticosveracruz.com\\\/\",\"name\":\"Los pol\u00edticos Veracruz\",\"description\":\"\",\"publisher\":{\"@id\":\"https:\\\/\\\/lospoliticosveracruz.com\\\/#organization\"},\"potentialAction\":[{\"@type\":\"SearchAction\",\"target\":{\"@type\":\"EntryPoint\",\"urlTemplate\":\"https:\\\/\\\/lospoliticosveracruz.com\\\/?s={search_term_string}\"},\"query-input\":{\"@type\":\"PropertyValueSpecification\",\"valueRequired\":true,\"valueName\":\"search_term_string\"}}],\"inLanguage\":\"es\"},{\"@type\":\"Organization\",\"@id\":\"https:\\\/\\\/lospoliticosveracruz.com\\\/#organization\",\"name\":\"Los pol\u00edticos Veracruz\",\"url\":\"https:\\\/\\\/lospoliticosveracruz.com\\\/\",\"logo\":{\"@type\":\"ImageObject\",\"inLanguage\":\"es\",\"@id\":\"https:\\\/\\\/lospoliticosveracruz.com\\\/#\\\/schema\\\/logo\\\/image\\\/\",\"url\":\"https:\\\/\\\/lospoliticosveracruz.com\\\/wp-content\\\/uploads\\\/2025\\\/12\\\/Logo-Nuevo-LOS-POLITICOS-1.jpg\",\"contentUrl\":\"https:\\\/\\\/lospoliticosveracruz.com\\\/wp-content\\\/uploads\\\/2025\\\/12\\\/Logo-Nuevo-LOS-POLITICOS-1.jpg\",\"width\":260,\"height\":70,\"caption\":\"Los pol\u00edticos Veracruz\"},\"image\":{\"@id\":\"https:\\\/\\\/lospoliticosveracruz.com\\\/#\\\/schema\\\/logo\\\/image\\\/\"},\"sameAs\":[\"https:\\\/\\\/www.facebook.com\\\/people\\\/Notimemes-de-los-Polticos\\\/61565672886568\\\/\",\"https:\\\/\\\/x.com\\\/LosPoliticosVer\"]},{\"@type\":\"Person\",\"@id\":\"https:\\\/\\\/lospoliticosveracruz.com\\\/#\\\/schema\\\/person\\\/b8702bb0e538456e6efd07080bf2a4a2\",\"name\":\"Lo viste en Los Pol\u00edticos\",\"image\":{\"@type\":\"ImageObject\",\"inLanguage\":\"es\",\"@id\":\"https:\\\/\\\/secure.gravatar.com\\\/avatar\\\/3a8de04a2656d44082be478bd6c086daa447c4651605818287b9532d3d0bd435?s=96&d=mm&r=g\",\"url\":\"https:\\\/\\\/secure.gravatar.com\\\/avatar\\\/3a8de04a2656d44082be478bd6c086daa447c4651605818287b9532d3d0bd435?s=96&d=mm&r=g\",\"contentUrl\":\"https:\\\/\\\/secure.gravatar.com\\\/avatar\\\/3a8de04a2656d44082be478bd6c086daa447c4651605818287b9532d3d0bd435?s=96&d=mm&r=g\",\"caption\":\"Lo viste en Los Pol\u00edticos\"},\"url\":\"https:\\\/\\\/lospoliticosveracruz.com\\\/?author=2\"}]}<\/script>\n<!-- \/ Yoast SEO plugin. -->","yoast_head_json":{"title":"LOS 39 D\u00cdAS DEL 2022&nbsp; - Los pol\u00edticos Veracruz","robots":{"index":"index","follow":"follow","max-snippet":"max-snippet:-1","max-image-preview":"max-image-preview:large","max-video-preview":"max-video-preview:-1"},"canonical":"https:\/\/lospoliticosveracruz.com\/?p=100648","og_locale":"es_ES","og_type":"article","og_title":"LOS 39 D\u00cdAS DEL 2022&nbsp; - Los pol\u00edticos Veracruz","og_description":"Bernardo Guti\u00e9rrez Parra\u00a0\u00a0 Desde el Caf\u00e9\u00a0 El 29 de diciembre el gobernador Cuitl\u00e1huac Garc\u00eda, realiz\u00f3 su Mesa de Construcci\u00f3n para la Paz (reitero, ah pa\u2019 nombrecito) en la Fortaleza de San Carlos en Perote. Ah\u00ed anunci\u00f3 que se hab\u00edan acumulado 39 d\u00edas sin homicidios en lo que iba del a\u00f1o. \u201cCifra in\u00e9dita en relaci\u00f3n a [&hellip;]","og_url":"https:\/\/lospoliticosveracruz.com\/?p=100648","og_site_name":"Los pol\u00edticos Veracruz","article_publisher":"https:\/\/www.facebook.com\/people\/Notimemes-de-los-Polticos\/61565672886568\/","article_published_time":"2023-01-03T13:48:14+00:00","article_modified_time":"2023-01-03T13:48:20+00:00","og_image":[{"url":"https:\/\/lospoliticosveracruz.com.mx\/wp-content\/uploads\/2021\/10\/Zacauilt-150x300.jpg","type":"","width":"","height":""}],"author":"Lo viste en Los Pol\u00edticos","twitter_card":"summary_large_image","twitter_creator":"@LosPoliticosVer","twitter_site":"@LosPoliticosVer","twitter_misc":{"Escrito por":"Lo viste en Los Pol\u00edticos","Tiempo de lectura":"4 minutos"},"schema":{"@context":"https:\/\/schema.org","@graph":[{"@type":"Article","@id":"https:\/\/lospoliticosveracruz.com\/?p=100648#article","isPartOf":{"@id":"https:\/\/lospoliticosveracruz.com\/?p=100648"},"author":{"name":"Lo viste en Los Pol\u00edticos","@id":"https:\/\/lospoliticosveracruz.com\/#\/schema\/person\/b8702bb0e538456e6efd07080bf2a4a2"},"headline":"LOS 39 D\u00cdAS DEL 2022&nbsp;","datePublished":"2023-01-03T13:48:14+00:00","dateModified":"2023-01-03T13:48:20+00:00","mainEntityOfPage":{"@id":"https:\/\/lospoliticosveracruz.com\/?p=100648"},"wordCount":729,"publisher":{"@id":"https:\/\/lospoliticosveracruz.com\/#organization"},"image":{"@id":"https:\/\/lospoliticosveracruz.com\/?p=100648#primaryimage"},"thumbnailUrl":"https:\/\/lospoliticosveracruz.com.mx\/wp-content\/uploads\/2021\/10\/Zacauilt-150x300.jpg","keywords":["Bernardo Guti\u00e9rrez Parra","Cuitl\u00e1huac Garc\u00eda Jim\u00e9nez","Morena","Veracruz"],"articleSection":["De Opini\u00f3n"],"inLanguage":"es"},{"@type":"WebPage","@id":"https:\/\/lospoliticosveracruz.com\/?p=100648","url":"https:\/\/lospoliticosveracruz.com\/?p=100648","name":"LOS 39 D\u00cdAS DEL 2022&nbsp; - Los pol\u00edticos Veracruz","isPartOf":{"@id":"https:\/\/lospoliticosveracruz.com\/#website"},"primaryImageOfPage":{"@id":"https:\/\/lospoliticosveracruz.com\/?p=100648#primaryimage"},"image":{"@id":"https:\/\/lospoliticosveracruz.com\/?p=100648#primaryimage"},"thumbnailUrl":"https:\/\/lospoliticosveracruz.com.mx\/wp-content\/uploads\/2021\/10\/Zacauilt-150x300.jpg","datePublished":"2023-01-03T13:48:14+00:00","dateModified":"2023-01-03T13:48:20+00:00","breadcrumb":{"@id":"https:\/\/lospoliticosveracruz.com\/?p=100648#breadcrumb"},"inLanguage":"es","potentialAction":[{"@type":"ReadAction","target":["https:\/\/lospoliticosveracruz.com\/?p=100648"]}]},{"@type":"ImageObject","inLanguage":"es","@id":"https:\/\/lospoliticosveracruz.com\/?p=100648#primaryimage","url":"https:\/\/lospoliticosveracruz.com.mx\/wp-content\/uploads\/2021\/10\/Zacauilt-150x300.jpg","contentUrl":"https:\/\/lospoliticosveracruz.com.mx\/wp-content\/uploads\/2021\/10\/Zacauilt-150x300.jpg"},{"@type":"BreadcrumbList","@id":"https:\/\/lospoliticosveracruz.com\/?p=100648#breadcrumb","itemListElement":[{"@type":"ListItem","position":1,"name":"Portada","item":"https:\/\/lospoliticosveracruz.com\/"},{"@type":"ListItem","position":2,"name":"LOS 39 D\u00cdAS DEL 2022&nbsp;"}]},{"@type":"WebSite","@id":"https:\/\/lospoliticosveracruz.com\/#website","url":"https:\/\/lospoliticosveracruz.com\/","name":"Los pol\u00edticos Veracruz","description":"","publisher":{"@id":"https:\/\/lospoliticosveracruz.com\/#organization"},"potentialAction":[{"@type":"SearchAction","target":{"@type":"EntryPoint","urlTemplate":"https:\/\/lospoliticosveracruz.com\/?s={search_term_string}"},"query-input":{"@type":"PropertyValueSpecification","valueRequired":true,"valueName":"search_term_string"}}],"inLanguage":"es"},{"@type":"Organization","@id":"https:\/\/lospoliticosveracruz.com\/#organization","name":"Los pol\u00edticos Veracruz","url":"https:\/\/lospoliticosveracruz.com\/","logo":{"@type":"ImageObject","inLanguage":"es","@id":"https:\/\/lospoliticosveracruz.com\/#\/schema\/logo\/image\/","url":"https:\/\/lospoliticosveracruz.com\/wp-content\/uploads\/2025\/12\/Logo-Nuevo-LOS-POLITICOS-1.jpg","contentUrl":"https:\/\/lospoliticosveracruz.com\/wp-content\/uploads\/2025\/12\/Logo-Nuevo-LOS-POLITICOS-1.jpg","width":260,"height":70,"caption":"Los pol\u00edticos Veracruz"},"image":{"@id":"https:\/\/lospoliticosveracruz.com\/#\/schema\/logo\/image\/"},"sameAs":["https:\/\/www.facebook.com\/people\/Notimemes-de-los-Polticos\/61565672886568\/","https:\/\/x.com\/LosPoliticosVer"]},{"@type":"Person","@id":"https:\/\/lospoliticosveracruz.com\/#\/schema\/person\/b8702bb0e538456e6efd07080bf2a4a2","name":"Lo viste en Los Pol\u00edticos","image":{"@type":"ImageObject","inLanguage":"es","@id":"https:\/\/secure.gravatar.com\/avatar\/3a8de04a2656d44082be478bd6c086daa447c4651605818287b9532d3d0bd435?s=96&d=mm&r=g","url":"https:\/\/secure.gravatar.com\/avatar\/3a8de04a2656d44082be478bd6c086daa447c4651605818287b9532d3d0bd435?s=96&d=mm&r=g","contentUrl":"https:\/\/secure.gravatar.com\/avatar\/3a8de04a2656d44082be478bd6c086daa447c4651605818287b9532d3d0bd435?s=96&d=mm&r=g","caption":"Lo viste en Los Pol\u00edticos"},"url":"https:\/\/lospoliticosveracruz.com\/?author=2"}]}},"_links":{"self":[{"href":"https:\/\/lospoliticosveracruz.com\/index.php?rest_route=\/wp\/v2\/posts\/100648","targetHints":{"allow":["GET"]}}],"collection":[{"href":"https:\/\/lospoliticosveracruz.com\/index.php?rest_route=\/wp\/v2\/posts"}],"about":[{"href":"https:\/\/lospoliticosveracruz.com\/index.php?rest_route=\/wp\/v2\/types\/post"}],"author":[{"embeddable":true,"href":"https:\/\/lospoliticosveracruz.com\/index.php?rest_route=\/wp\/v2\/users\/2"}],"replies":[{"embeddable":true,"href":"https:\/\/lospoliticosveracruz.com\/index.php?rest_route=%2Fwp%2Fv2%2Fcomments&post=100648"}],"version-history":[{"count":1,"href":"https:\/\/lospoliticosveracruz.com\/index.php?rest_route=\/wp\/v2\/posts\/100648\/revisions"}],"predecessor-version":[{"id":100649,"href":"https:\/\/lospoliticosveracruz.com\/index.php?rest_route=\/wp\/v2\/posts\/100648\/revisions\/100649"}],"wp:attachment":[{"href":"https:\/\/lospoliticosveracruz.com\/index.php?rest_route=%2Fwp%2Fv2%2Fmedia&parent=100648"}],"wp:term":[{"taxonomy":"category","embeddable":true,"href":"https:\/\/lospoliticosveracruz.com\/index.php?rest_route=%2Fwp%2Fv2%2Fcategories&post=100648"},{"taxonomy":"post_tag","embeddable":true,"href":"https:\/\/lospoliticosveracruz.com\/index.php?rest_route=%2Fwp%2Fv2%2Ftags&post=100648"}],"curies":[{"name":"wp","href":"https:\/\/api.w.org\/{rel}","templated":true}]}}