{"id":100688,"date":"2023-01-03T21:08:57","date_gmt":"2023-01-04T03:08:57","guid":{"rendered":"https:\/\/lospoliticosveracruz.com.mx\/?p=100688"},"modified":"2023-01-03T21:12:22","modified_gmt":"2023-01-04T03:12:22","slug":"violencia-de-genero-en-ayuntamientos","status":"publish","type":"post","link":"https:\/\/lospoliticosveracruz.com\/?p=100688","title":{"rendered":"VIOLENCIA DE G\u00c9NERO EN AYUNTAMIENTOS"},"content":{"rendered":"\n<p><strong>Enrique Yasser Pompeyo<br><\/strong><em>Mesa de Redacci\u00f3n<\/em><\/p>\n\n\n\n<p>A los hechos de violencia en municipios y presuntos nexos de ediles con el crimen organizado, se suma la violencia pol\u00edtica en raz\u00f3n de g\u00e9nero.<\/p>\n\n\n\n<figure class=\"wp-block-image size-full\"><a href=\"https:\/\/lospoliticosveracruz.com.mx\/wp-content\/uploads\/2022\/05\/Seguro-Julio-Cerecedo.jpg\"><img decoding=\"async\" src=\"https:\/\/lospoliticosveracruz.com.mx\/wp-content\/uploads\/2022\/05\/Seguro-Julio-Cerecedo.jpg\" alt=\"\" class=\"wp-image-90414\"\/><\/a><\/figure>\n\n\n\n<p>Por citar un caso. La s\u00edndica del Ayuntamiento de Coatzintla, Eunice Garc\u00eda Garc\u00eda revela el infierno que vive ah\u00ed por parte no s\u00f3lo del alcalde C\u00e9sar Ulises Garc\u00eda V\u00e1zquez, sino tambi\u00e9n del secretario, el director de Obras, la contralora y la tesorera.<\/p>\n\n\n\n<p>No s\u00f3lo sufre violencia pol\u00edtica de g\u00e9nero, sino tambi\u00e9n violencia psicol\u00f3gica y f\u00edsica, adem\u00e1s de acoso sexual.<\/p>\n\n\n\n<p>\u00bfCu\u00e1l es la raz\u00f3n? Ha cuestionado las irregularidades que se cometen en materia administrativa y en el manejo de los recursos p\u00fablicos.<\/p>\n\n\n\n<p>\u00bfY d\u00f3nde est\u00e1n las autoridades responsables de atender estos casos?<\/p>\n\n\n\n<p>De entrada, la edil tuvo que acudir al Tribunal Electoral de Veracruz (TEV) para que se proceda en consecuencia, pero tambi\u00e9n se debe avanzar en las dem\u00e1s \u00e1reas.<\/p>\n\n\n\n<p>La s\u00edndica teme por su integridad f\u00edsica y la de su familia, por lo que, si le sucede algo a ella o a sus familiares, hace responsable al presidente municipal y a los dem\u00e1s funcionarios.<\/p>\n\n\n\n<p>Tambi\u00e9n se espera que haya una postura, un pronunciamiento por parte de quienes abanderaron al alcalde, en este caso, Morena, PT y Partido Verde.<\/p>\n\n\n\n<p>Este es s\u00f3lo un ejemplo de lo que sucede en un ayuntamiento, pero, \u00bfcu\u00e1ntas mujeres m\u00e1s sufren violencia y acoso en las dem\u00e1s administraciones municipales?<\/p>\n\n\n\n<p>Muchas veces, por miedo y amenazas a ser despedidas o a sufrir alguna agresi\u00f3n, se quedan calladas y no acuden a interponer las denuncias.<\/p>\n\n\n\n<p>De manera que hace falta que las instituciones y organismos fortalezcan las pol\u00edticas p\u00fablicas para brindar una mejor atenci\u00f3n a las mujeres y tengan la confianza, as\u00ed como la plena certeza de que nada les pasar\u00e1 al denunciar a los agresores.<\/p>\n\n\n\n<p>enriquepompeyo@hotmail.com<\/p>\n","protected":false},"excerpt":{"rendered":"<p>Enrique Yasser PompeyoMesa de Redacci\u00f3n A los hechos de violencia en municipios y presuntos nexos de ediles con el crimen organizado, se suma la violencia pol\u00edtica en raz\u00f3n de g\u00e9nero. Por citar un caso. La s\u00edndica del Ayuntamiento de Coatzintla, Eunice Garc\u00eda Garc\u00eda revela el infierno que vive ah\u00ed por parte no s\u00f3lo del alcalde [&hellip;]<\/p>\n","protected":false},"author":2,"featured_media":0,"comment_status":"closed","ping_status":"closed","sticky":false,"template":"","format":"standard","meta":{"tdm_status":"","tdm_grid_status":"","footnotes":""},"categories":[70],"tags":[9253,572,15477,36779,6753],"class_list":{"0":"post-100688","1":"post","2":"type-post","3":"status-publish","4":"format-standard","6":"category-de-opinion","7":"tag-cesar-ulises-garcia-vazquez","8":"tag-coatzintla","9":"tag-enrique-yasser-pompeyo","10":"tag-eunice-garcia-garcia","11":"tag-tribunal-electoral-de-veracruz"},"yoast_head":"<!-- This site is optimized with the Yoast SEO plugin v27.4 - https:\/\/yoast.com\/product\/yoast-seo-wordpress\/ -->\n<title>VIOLENCIA DE G\u00c9NERO EN AYUNTAMIENTOS - Los pol\u00edticos Veracruz<\/title>\n<meta name=\"robots\" content=\"index, follow, max-snippet:-1, max-image-preview:large, max-video-preview:-1\" \/>\n<link rel=\"canonical\" href=\"https:\/\/lospoliticosveracruz.com\/?p=100688\" \/>\n<meta property=\"og:locale\" content=\"es_ES\" \/>\n<meta property=\"og:type\" content=\"article\" \/>\n<meta property=\"og:title\" content=\"VIOLENCIA DE G\u00c9NERO EN AYUNTAMIENTOS - Los pol\u00edticos Veracruz\" \/>\n<meta property=\"og:description\" content=\"Enrique Yasser PompeyoMesa de Redacci\u00f3n A los hechos de violencia en municipios y presuntos nexos de ediles con el crimen organizado, se suma la violencia pol\u00edtica en raz\u00f3n de g\u00e9nero. Por citar un caso. La s\u00edndica del Ayuntamiento de Coatzintla, Eunice Garc\u00eda Garc\u00eda revela el infierno que vive ah\u00ed por parte no s\u00f3lo del alcalde [&hellip;]\" \/>\n<meta property=\"og:url\" content=\"https:\/\/lospoliticosveracruz.com\/?p=100688\" \/>\n<meta property=\"og:site_name\" content=\"Los pol\u00edticos Veracruz\" \/>\n<meta property=\"article:publisher\" content=\"https:\/\/www.facebook.com\/people\/Notimemes-de-los-Polticos\/61565672886568\/\" \/>\n<meta property=\"article:published_time\" content=\"2023-01-04T03:08:57+00:00\" \/>\n<meta property=\"article:modified_time\" content=\"2023-01-04T03:12:22+00:00\" \/>\n<meta property=\"og:image\" content=\"https:\/\/lospoliticosveracruz.com.mx\/wp-content\/uploads\/2022\/05\/Seguro-Julio-Cerecedo.jpg\" \/>\n<meta name=\"author\" content=\"Lo viste en Los Pol\u00edticos\" \/>\n<meta name=\"twitter:card\" content=\"summary_large_image\" \/>\n<meta name=\"twitter:creator\" content=\"@LosPoliticosVer\" \/>\n<meta name=\"twitter:site\" content=\"@LosPoliticosVer\" \/>\n<meta name=\"twitter:label1\" content=\"Escrito por\" \/>\n\t<meta name=\"twitter:data1\" content=\"Lo viste en Los Pol\u00edticos\" \/>\n\t<meta name=\"twitter:label2\" content=\"Tiempo de lectura\" \/>\n\t<meta name=\"twitter:data2\" content=\"2 minutos\" \/>\n<script type=\"application\/ld+json\" class=\"yoast-schema-graph\">{\"@context\":\"https:\\\/\\\/schema.org\",\"@graph\":[{\"@type\":\"Article\",\"@id\":\"https:\\\/\\\/lospoliticosveracruz.com\\\/?p=100688#article\",\"isPartOf\":{\"@id\":\"https:\\\/\\\/lospoliticosveracruz.com\\\/?p=100688\"},\"author\":{\"name\":\"Lo viste en Los Pol\u00edticos\",\"@id\":\"https:\\\/\\\/lospoliticosveracruz.com\\\/#\\\/schema\\\/person\\\/b8702bb0e538456e6efd07080bf2a4a2\"},\"headline\":\"VIOLENCIA DE G\u00c9NERO EN AYUNTAMIENTOS\",\"datePublished\":\"2023-01-04T03:08:57+00:00\",\"dateModified\":\"2023-01-04T03:12:22+00:00\",\"mainEntityOfPage\":{\"@id\":\"https:\\\/\\\/lospoliticosveracruz.com\\\/?p=100688\"},\"wordCount\":346,\"publisher\":{\"@id\":\"https:\\\/\\\/lospoliticosveracruz.com\\\/#organization\"},\"image\":{\"@id\":\"https:\\\/\\\/lospoliticosveracruz.com\\\/?p=100688#primaryimage\"},\"thumbnailUrl\":\"https:\\\/\\\/lospoliticosveracruz.com.mx\\\/wp-content\\\/uploads\\\/2022\\\/05\\\/Seguro-Julio-Cerecedo.jpg\",\"keywords\":[\"C\u00e9sar Ulises Garc\u00eda V\u00e1zquez\",\"Coatzintla\",\"Enrique Yasser Pompeyo\",\"Eunice Garc\u00eda Garc\u00eda\",\"Tribunal Electoral de Veracruz\"],\"articleSection\":[\"De Opini\u00f3n\"],\"inLanguage\":\"es\"},{\"@type\":\"WebPage\",\"@id\":\"https:\\\/\\\/lospoliticosveracruz.com\\\/?p=100688\",\"url\":\"https:\\\/\\\/lospoliticosveracruz.com\\\/?p=100688\",\"name\":\"VIOLENCIA DE G\u00c9NERO EN AYUNTAMIENTOS - Los pol\u00edticos Veracruz\",\"isPartOf\":{\"@id\":\"https:\\\/\\\/lospoliticosveracruz.com\\\/#website\"},\"primaryImageOfPage\":{\"@id\":\"https:\\\/\\\/lospoliticosveracruz.com\\\/?p=100688#primaryimage\"},\"image\":{\"@id\":\"https:\\\/\\\/lospoliticosveracruz.com\\\/?p=100688#primaryimage\"},\"thumbnailUrl\":\"https:\\\/\\\/lospoliticosveracruz.com.mx\\\/wp-content\\\/uploads\\\/2022\\\/05\\\/Seguro-Julio-Cerecedo.jpg\",\"datePublished\":\"2023-01-04T03:08:57+00:00\",\"dateModified\":\"2023-01-04T03:12:22+00:00\",\"breadcrumb\":{\"@id\":\"https:\\\/\\\/lospoliticosveracruz.com\\\/?p=100688#breadcrumb\"},\"inLanguage\":\"es\",\"potentialAction\":[{\"@type\":\"ReadAction\",\"target\":[\"https:\\\/\\\/lospoliticosveracruz.com\\\/?p=100688\"]}]},{\"@type\":\"ImageObject\",\"inLanguage\":\"es\",\"@id\":\"https:\\\/\\\/lospoliticosveracruz.com\\\/?p=100688#primaryimage\",\"url\":\"https:\\\/\\\/lospoliticosveracruz.com.mx\\\/wp-content\\\/uploads\\\/2022\\\/05\\\/Seguro-Julio-Cerecedo.jpg\",\"contentUrl\":\"https:\\\/\\\/lospoliticosveracruz.com.mx\\\/wp-content\\\/uploads\\\/2022\\\/05\\\/Seguro-Julio-Cerecedo.jpg\"},{\"@type\":\"BreadcrumbList\",\"@id\":\"https:\\\/\\\/lospoliticosveracruz.com\\\/?p=100688#breadcrumb\",\"itemListElement\":[{\"@type\":\"ListItem\",\"position\":1,\"name\":\"Portada\",\"item\":\"https:\\\/\\\/lospoliticosveracruz.com\\\/\"},{\"@type\":\"ListItem\",\"position\":2,\"name\":\"VIOLENCIA DE G\u00c9NERO EN AYUNTAMIENTOS\"}]},{\"@type\":\"WebSite\",\"@id\":\"https:\\\/\\\/lospoliticosveracruz.com\\\/#website\",\"url\":\"https:\\\/\\\/lospoliticosveracruz.com\\\/\",\"name\":\"Los pol\u00edticos Veracruz\",\"description\":\"\",\"publisher\":{\"@id\":\"https:\\\/\\\/lospoliticosveracruz.com\\\/#organization\"},\"potentialAction\":[{\"@type\":\"SearchAction\",\"target\":{\"@type\":\"EntryPoint\",\"urlTemplate\":\"https:\\\/\\\/lospoliticosveracruz.com\\\/?s={search_term_string}\"},\"query-input\":{\"@type\":\"PropertyValueSpecification\",\"valueRequired\":true,\"valueName\":\"search_term_string\"}}],\"inLanguage\":\"es\"},{\"@type\":\"Organization\",\"@id\":\"https:\\\/\\\/lospoliticosveracruz.com\\\/#organization\",\"name\":\"Los pol\u00edticos Veracruz\",\"url\":\"https:\\\/\\\/lospoliticosveracruz.com\\\/\",\"logo\":{\"@type\":\"ImageObject\",\"inLanguage\":\"es\",\"@id\":\"https:\\\/\\\/lospoliticosveracruz.com\\\/#\\\/schema\\\/logo\\\/image\\\/\",\"url\":\"https:\\\/\\\/lospoliticosveracruz.com\\\/wp-content\\\/uploads\\\/2025\\\/12\\\/Logo-Nuevo-LOS-POLITICOS-1.jpg\",\"contentUrl\":\"https:\\\/\\\/lospoliticosveracruz.com\\\/wp-content\\\/uploads\\\/2025\\\/12\\\/Logo-Nuevo-LOS-POLITICOS-1.jpg\",\"width\":260,\"height\":70,\"caption\":\"Los pol\u00edticos Veracruz\"},\"image\":{\"@id\":\"https:\\\/\\\/lospoliticosveracruz.com\\\/#\\\/schema\\\/logo\\\/image\\\/\"},\"sameAs\":[\"https:\\\/\\\/www.facebook.com\\\/people\\\/Notimemes-de-los-Polticos\\\/61565672886568\\\/\",\"https:\\\/\\\/x.com\\\/LosPoliticosVer\"]},{\"@type\":\"Person\",\"@id\":\"https:\\\/\\\/lospoliticosveracruz.com\\\/#\\\/schema\\\/person\\\/b8702bb0e538456e6efd07080bf2a4a2\",\"name\":\"Lo viste en Los Pol\u00edticos\",\"image\":{\"@type\":\"ImageObject\",\"inLanguage\":\"es\",\"@id\":\"https:\\\/\\\/secure.gravatar.com\\\/avatar\\\/3a8de04a2656d44082be478bd6c086daa447c4651605818287b9532d3d0bd435?s=96&d=mm&r=g\",\"url\":\"https:\\\/\\\/secure.gravatar.com\\\/avatar\\\/3a8de04a2656d44082be478bd6c086daa447c4651605818287b9532d3d0bd435?s=96&d=mm&r=g\",\"contentUrl\":\"https:\\\/\\\/secure.gravatar.com\\\/avatar\\\/3a8de04a2656d44082be478bd6c086daa447c4651605818287b9532d3d0bd435?s=96&d=mm&r=g\",\"caption\":\"Lo viste en Los Pol\u00edticos\"},\"url\":\"https:\\\/\\\/lospoliticosveracruz.com\\\/?author=2\"}]}<\/script>\n<!-- \/ Yoast SEO plugin. -->","yoast_head_json":{"title":"VIOLENCIA DE G\u00c9NERO EN AYUNTAMIENTOS - Los pol\u00edticos Veracruz","robots":{"index":"index","follow":"follow","max-snippet":"max-snippet:-1","max-image-preview":"max-image-preview:large","max-video-preview":"max-video-preview:-1"},"canonical":"https:\/\/lospoliticosveracruz.com\/?p=100688","og_locale":"es_ES","og_type":"article","og_title":"VIOLENCIA DE G\u00c9NERO EN AYUNTAMIENTOS - Los pol\u00edticos Veracruz","og_description":"Enrique Yasser PompeyoMesa de Redacci\u00f3n A los hechos de violencia en municipios y presuntos nexos de ediles con el crimen organizado, se suma la violencia pol\u00edtica en raz\u00f3n de g\u00e9nero. Por citar un caso. La s\u00edndica del Ayuntamiento de Coatzintla, Eunice Garc\u00eda Garc\u00eda revela el infierno que vive ah\u00ed por parte no s\u00f3lo del alcalde [&hellip;]","og_url":"https:\/\/lospoliticosveracruz.com\/?p=100688","og_site_name":"Los pol\u00edticos Veracruz","article_publisher":"https:\/\/www.facebook.com\/people\/Notimemes-de-los-Polticos\/61565672886568\/","article_published_time":"2023-01-04T03:08:57+00:00","article_modified_time":"2023-01-04T03:12:22+00:00","og_image":[{"url":"https:\/\/lospoliticosveracruz.com.mx\/wp-content\/uploads\/2022\/05\/Seguro-Julio-Cerecedo.jpg","type":"","width":"","height":""}],"author":"Lo viste en Los Pol\u00edticos","twitter_card":"summary_large_image","twitter_creator":"@LosPoliticosVer","twitter_site":"@LosPoliticosVer","twitter_misc":{"Escrito por":"Lo viste en Los Pol\u00edticos","Tiempo de lectura":"2 minutos"},"schema":{"@context":"https:\/\/schema.org","@graph":[{"@type":"Article","@id":"https:\/\/lospoliticosveracruz.com\/?p=100688#article","isPartOf":{"@id":"https:\/\/lospoliticosveracruz.com\/?p=100688"},"author":{"name":"Lo viste en Los Pol\u00edticos","@id":"https:\/\/lospoliticosveracruz.com\/#\/schema\/person\/b8702bb0e538456e6efd07080bf2a4a2"},"headline":"VIOLENCIA DE G\u00c9NERO EN AYUNTAMIENTOS","datePublished":"2023-01-04T03:08:57+00:00","dateModified":"2023-01-04T03:12:22+00:00","mainEntityOfPage":{"@id":"https:\/\/lospoliticosveracruz.com\/?p=100688"},"wordCount":346,"publisher":{"@id":"https:\/\/lospoliticosveracruz.com\/#organization"},"image":{"@id":"https:\/\/lospoliticosveracruz.com\/?p=100688#primaryimage"},"thumbnailUrl":"https:\/\/lospoliticosveracruz.com.mx\/wp-content\/uploads\/2022\/05\/Seguro-Julio-Cerecedo.jpg","keywords":["C\u00e9sar Ulises Garc\u00eda V\u00e1zquez","Coatzintla","Enrique Yasser Pompeyo","Eunice Garc\u00eda Garc\u00eda","Tribunal Electoral de Veracruz"],"articleSection":["De Opini\u00f3n"],"inLanguage":"es"},{"@type":"WebPage","@id":"https:\/\/lospoliticosveracruz.com\/?p=100688","url":"https:\/\/lospoliticosveracruz.com\/?p=100688","name":"VIOLENCIA DE G\u00c9NERO EN AYUNTAMIENTOS - Los pol\u00edticos Veracruz","isPartOf":{"@id":"https:\/\/lospoliticosveracruz.com\/#website"},"primaryImageOfPage":{"@id":"https:\/\/lospoliticosveracruz.com\/?p=100688#primaryimage"},"image":{"@id":"https:\/\/lospoliticosveracruz.com\/?p=100688#primaryimage"},"thumbnailUrl":"https:\/\/lospoliticosveracruz.com.mx\/wp-content\/uploads\/2022\/05\/Seguro-Julio-Cerecedo.jpg","datePublished":"2023-01-04T03:08:57+00:00","dateModified":"2023-01-04T03:12:22+00:00","breadcrumb":{"@id":"https:\/\/lospoliticosveracruz.com\/?p=100688#breadcrumb"},"inLanguage":"es","potentialAction":[{"@type":"ReadAction","target":["https:\/\/lospoliticosveracruz.com\/?p=100688"]}]},{"@type":"ImageObject","inLanguage":"es","@id":"https:\/\/lospoliticosveracruz.com\/?p=100688#primaryimage","url":"https:\/\/lospoliticosveracruz.com.mx\/wp-content\/uploads\/2022\/05\/Seguro-Julio-Cerecedo.jpg","contentUrl":"https:\/\/lospoliticosveracruz.com.mx\/wp-content\/uploads\/2022\/05\/Seguro-Julio-Cerecedo.jpg"},{"@type":"BreadcrumbList","@id":"https:\/\/lospoliticosveracruz.com\/?p=100688#breadcrumb","itemListElement":[{"@type":"ListItem","position":1,"name":"Portada","item":"https:\/\/lospoliticosveracruz.com\/"},{"@type":"ListItem","position":2,"name":"VIOLENCIA DE G\u00c9NERO EN AYUNTAMIENTOS"}]},{"@type":"WebSite","@id":"https:\/\/lospoliticosveracruz.com\/#website","url":"https:\/\/lospoliticosveracruz.com\/","name":"Los pol\u00edticos Veracruz","description":"","publisher":{"@id":"https:\/\/lospoliticosveracruz.com\/#organization"},"potentialAction":[{"@type":"SearchAction","target":{"@type":"EntryPoint","urlTemplate":"https:\/\/lospoliticosveracruz.com\/?s={search_term_string}"},"query-input":{"@type":"PropertyValueSpecification","valueRequired":true,"valueName":"search_term_string"}}],"inLanguage":"es"},{"@type":"Organization","@id":"https:\/\/lospoliticosveracruz.com\/#organization","name":"Los pol\u00edticos Veracruz","url":"https:\/\/lospoliticosveracruz.com\/","logo":{"@type":"ImageObject","inLanguage":"es","@id":"https:\/\/lospoliticosveracruz.com\/#\/schema\/logo\/image\/","url":"https:\/\/lospoliticosveracruz.com\/wp-content\/uploads\/2025\/12\/Logo-Nuevo-LOS-POLITICOS-1.jpg","contentUrl":"https:\/\/lospoliticosveracruz.com\/wp-content\/uploads\/2025\/12\/Logo-Nuevo-LOS-POLITICOS-1.jpg","width":260,"height":70,"caption":"Los pol\u00edticos Veracruz"},"image":{"@id":"https:\/\/lospoliticosveracruz.com\/#\/schema\/logo\/image\/"},"sameAs":["https:\/\/www.facebook.com\/people\/Notimemes-de-los-Polticos\/61565672886568\/","https:\/\/x.com\/LosPoliticosVer"]},{"@type":"Person","@id":"https:\/\/lospoliticosveracruz.com\/#\/schema\/person\/b8702bb0e538456e6efd07080bf2a4a2","name":"Lo viste en Los Pol\u00edticos","image":{"@type":"ImageObject","inLanguage":"es","@id":"https:\/\/secure.gravatar.com\/avatar\/3a8de04a2656d44082be478bd6c086daa447c4651605818287b9532d3d0bd435?s=96&d=mm&r=g","url":"https:\/\/secure.gravatar.com\/avatar\/3a8de04a2656d44082be478bd6c086daa447c4651605818287b9532d3d0bd435?s=96&d=mm&r=g","contentUrl":"https:\/\/secure.gravatar.com\/avatar\/3a8de04a2656d44082be478bd6c086daa447c4651605818287b9532d3d0bd435?s=96&d=mm&r=g","caption":"Lo viste en Los Pol\u00edticos"},"url":"https:\/\/lospoliticosveracruz.com\/?author=2"}]}},"_links":{"self":[{"href":"https:\/\/lospoliticosveracruz.com\/index.php?rest_route=\/wp\/v2\/posts\/100688","targetHints":{"allow":["GET"]}}],"collection":[{"href":"https:\/\/lospoliticosveracruz.com\/index.php?rest_route=\/wp\/v2\/posts"}],"about":[{"href":"https:\/\/lospoliticosveracruz.com\/index.php?rest_route=\/wp\/v2\/types\/post"}],"author":[{"embeddable":true,"href":"https:\/\/lospoliticosveracruz.com\/index.php?rest_route=\/wp\/v2\/users\/2"}],"replies":[{"embeddable":true,"href":"https:\/\/lospoliticosveracruz.com\/index.php?rest_route=%2Fwp%2Fv2%2Fcomments&post=100688"}],"version-history":[{"count":1,"href":"https:\/\/lospoliticosveracruz.com\/index.php?rest_route=\/wp\/v2\/posts\/100688\/revisions"}],"predecessor-version":[{"id":100689,"href":"https:\/\/lospoliticosveracruz.com\/index.php?rest_route=\/wp\/v2\/posts\/100688\/revisions\/100689"}],"wp:attachment":[{"href":"https:\/\/lospoliticosveracruz.com\/index.php?rest_route=%2Fwp%2Fv2%2Fmedia&parent=100688"}],"wp:term":[{"taxonomy":"category","embeddable":true,"href":"https:\/\/lospoliticosveracruz.com\/index.php?rest_route=%2Fwp%2Fv2%2Fcategories&post=100688"},{"taxonomy":"post_tag","embeddable":true,"href":"https:\/\/lospoliticosveracruz.com\/index.php?rest_route=%2Fwp%2Fv2%2Ftags&post=100688"}],"curies":[{"name":"wp","href":"https:\/\/api.w.org\/{rel}","templated":true}]}}