{"id":100699,"date":"2023-01-04T07:59:59","date_gmt":"2023-01-04T13:59:59","guid":{"rendered":"https:\/\/lospoliticosveracruz.com.mx\/?p=100699"},"modified":"2023-01-04T08:00:05","modified_gmt":"2023-01-04T14:00:05","slug":"tiburones-rojos-de-kuri","status":"publish","type":"post","link":"https:\/\/lospoliticosveracruz.com\/?p=100699","title":{"rendered":"TIBURONES ROJOS, DE KURI!"},"content":{"rendered":"\n<p><strong>Ricardo Ch\u00faa<\/strong><\/p>\n\n\n\n<p><em>Sale y Vale<\/em><\/p>\n\n\n\n<p>EXCLUSIVA.. El empresario transportista y ex diputado federal priista, Fidel Kuri Grajales, ha GANADO EL JUICIO que le otorga el ser propietario del nombre del club de f\u00fatbol de primera divisi\u00f3n de la Liga MX; \u00abTiburones Rojos del Veracruz\u00bb&#8230; Los jueces le han otorgado a favor de Kuri Grajales la propiedad del nombre.. As\u00ed que ning\u00fan equipo de f\u00fatbol profesional puede llamarse \u00abTiburones Rojos\u00bb si el orizabe\u00f1o no les da el permiso pertinente..&nbsp;&nbsp;En el \u00abPirata\u00bb Fuentes no habr\u00e1 \u00abTiburones Rojos\u00bb si no son de Fidel Kuri&#8230;<\/p>\n\n\n\n<figure class=\"wp-block-embed is-type-video is-provider-youtube wp-block-embed-youtube wp-embed-aspect-16-9 wp-has-aspect-ratio\"><div class=\"wp-block-embed__wrapper\">\n<iframe loading=\"lazy\" title=\"Cluster Coworking\" width=\"696\" height=\"392\" src=\"https:\/\/www.youtube.com\/embed\/Nxe-vxf8GuY?feature=oembed\" frameborder=\"0\" allow=\"accelerometer; autoplay; clipboard-write; encrypted-media; gyroscope; picture-in-picture; web-share\" referrerpolicy=\"strict-origin-when-cross-origin\" allowfullscreen><\/iframe>\n<\/div><\/figure>\n\n\n\n<p>Esta es una primera \u00abjugada\u00bb que les gana el empresario al gobierno estatal, que deseaban quedarse con el nombre y traer un equipo profesional a este puerto, con el nombre de \u00abLos Tiburones Rojos\u00bb ahora no se podr\u00e1 porque el nombre del equipo es propiedad de Kuri Grajales&#8230; Quien no tiene ning\u00fan tipo de cercan\u00eda o empat\u00eda con el actual gobierno del Estado&#8230; Por lo pronto, Kuri podr\u00e1 decir que \u00abLos Tiburones Rojos son suyos\u00bb&#8230; Por lo menos el nombre si&#8230; Todo se est\u00e1 acomodando de nuevo&#8230; AMEN&#8230;&nbsp;&nbsp;<\/p>\n\n\n\n<p>UNANUE HAC\u00cdA ARRIBA&#8230; Despu\u00e9s de la encuesta realizada por Consulta \u00abMitofsky\u00bb en Veracruz donde se\u00f1ala que el alcalde de Boca del R\u00edo, Juan Manuel Unanue Abascal es aceptado por lo menos por 7 de cada 10 ciudadanos en este municipio de los que aprueban en su primer a\u00f1o de gobierno como presidente municipal&#8230; Lo que es un hecho, es que esto se debe a la labor de puertas abiertas que ha mantenido el mun\u00edcipe en la ciudad&#8230; De ah\u00ed salen estos resultados en este sondeo&#8230;<\/p>\n\n\n\n<p>Ya que seg\u00fan la medici\u00f3n realizada por la empresa Consulta Mitofsky&#8230; 7 de cada 10 boque\u00f1os aprueban el primer a\u00f1o de Un\u00e1nue Abascal&#8230; Esto debido a que seg\u00fan el sondeo, que es denominado \u201cRanking Mitofsky, Alcaldes de M\u00e9xico\u201d&#8230; Y que fue realizada a finales del a\u00f1o 2022&#8230; Los ciudadanos de Boca del R\u00edo calificaron a Juan Manuel Un\u00e1nue, como un alcalde que trabaja y cumple sus compromisos, construyendo obras e implementando acciones con beneficio social&#8230;. De ah\u00ed su calificaci\u00f3n&#8230;.<\/p>\n\n\n\n<p>A inicios de este 2023&#8230; Juan Manuel Un\u00e1nue Abascal asegur\u00f3 que su gobierno seguir\u00e1 trabajando para que Boca del R\u00edo siga siendo \u00abLo Mejor de Veracruz\u00bb&#8230; Con una ciudad ordenada, limpia, bien iluminada y con calles y avenidas bien se\u00f1alizadas&#8230; Lo cual provoca que este personaje que ha sido diputado local por dos ocasiones y ahora alcalde&#8230; Puede encaminarse en el 2024 para ser aspirante a un cargo de elecci\u00f3n popular por el PAN&#8230;.<\/p>\n\n\n\n<p>Algo muy importante porque en estos tiempos donde todo el asunto pol\u00edtico en la entidad est\u00e1 m\u00e1s que \u00abrevuelto\u00bb&#8230; Ya que el tener un personaje que pueda ser aspirante de un partido de oposici\u00f3n en Veracruz, es algo que se debe hacer notar y m\u00e1s cuando pol\u00edticos de oposici\u00f3n, no logran \u00abdespegar\u00bb pese a los conflictos que se est\u00e1n viviendo en MORENA por la sucesi\u00f3n estatal en 2024.. Por lo pronto, por el PAN, ah\u00ed hay un personaje que pueda ser tomado en cuenta: Juan Manuel Unanue&#8230;&nbsp;<\/p>\n\n\n\n<p>OJO.. Esta situaci\u00f3n del crecimiento y aceptaci\u00f3n de pol\u00edticos de oposici\u00f3n en Veracruz.. Se debe principalmente a pol\u00edticos de MORENA. PVEM y PT han sido \u00abmaltratados\u00bb pol\u00edticamente porque las acciones emprendidas por el gobernador, Cuitl\u00e1huac Garc\u00eda, en el tema de seguridad. No han sido las mejores y han dejado mucho que desear entre la poblaci\u00f3n veracruzana&#8230; Y que por eso, caen en los sondeos de aceptaci\u00f3n ciudadana&#8230; Hay que recordar que el mes pasado, Cuitl\u00e1huac fue de los gobernadores peor calificados del pa\u00eds&#8230;<\/p>\n\n\n\n<p>LA REBELI\u00d3N DEL PT&#8230; Si algo ha tenido el coordinador nacional del PT en Veracruz, Vicente Aguilar, es convertirse en uno de los principales detractores del gobierno de Cuitl\u00e1huac Garc\u00eda, pese a ser aliado de MORENA y PVEM en las elecciones del 2018 y 2021 en la entidad&#8230; Pero en su momento, al llegar a Veracruz, Aguilar no fue bien visto en Palacio de Gobierno, lo que llev\u00f3 a que lo vieran como un \u00abapestado\u00bb y eso deriv\u00f3 a que hoy sea el \u00abcr\u00edtico\u00bb m\u00e1s importante del PT&#8230;<\/p>\n\n\n\n<p>Aguilar en su momento intent\u00f3 acercarse a Eric Cisneros&#8230; Pero fue rechazado su cercan\u00eda, por alguna raz\u00f3n, por el secretario de Gobernaci\u00f3n.. Lo que lo llev\u00f3 a tener \u00aborfandad\u00bb pol\u00edtica en Veracruz.. Y ahora se ha convertido en su cr\u00edtico.. Sobre todo de Cuitl\u00e1huac, al cual le lanz\u00f3 el reto de se\u00f1alar a los alcaldes que presuntamente en Veracruz tienen nexos con el crimen organizado para que los denuncie ante la FGR&#8230; \u00abNo me ayudes compadre\u00bb&#8230; Ser\u00e1 que el PT copie al PVEM y no juegue con MORENA en 2024 en Veracruz&#8230; ES DUDA..<\/p>\n","protected":false},"excerpt":{"rendered":"<p>Ricardo Ch\u00faa Sale y Vale EXCLUSIVA.. El empresario transportista y ex diputado federal priista, Fidel Kuri Grajales, ha GANADO EL JUICIO que le otorga el ser propietario del nombre del club de f\u00fatbol de primera divisi\u00f3n de la Liga MX; \u00abTiburones Rojos del Veracruz\u00bb&#8230; Los jueces le han otorgado a favor de Kuri Grajales la [&hellip;]<\/p>\n","protected":false},"author":2,"featured_media":0,"comment_status":"closed","ping_status":"closed","sticky":false,"template":"","format":"standard","meta":{"tdm_status":"","tdm_grid_status":"","footnotes":""},"categories":[70],"tags":[1563,12686,608,12535,1026,36783,13604,33357,195],"class_list":{"0":"post-100699","1":"post","2":"type-post","3":"status-publish","4":"format-standard","6":"category-de-opinion","7":"tag-cuitlahuac-garcia-jimenez","8":"tag-eric-cisneros","9":"tag-fidel-kuri-grajales","10":"tag-juan-manuel-unanue-abascal","11":"tag-morena","12":"tag-pt-en-veracruz","13":"tag-ricardo-chua","14":"tag-tiburones-rojos-del-veracruz","15":"tag-veracruz"},"yoast_head":"<!-- This site is optimized with the Yoast SEO plugin v27.4 - https:\/\/yoast.com\/product\/yoast-seo-wordpress\/ -->\n<title>TIBURONES ROJOS, DE KURI! - Los pol\u00edticos Veracruz<\/title>\n<meta name=\"robots\" content=\"index, follow, max-snippet:-1, max-image-preview:large, max-video-preview:-1\" \/>\n<link rel=\"canonical\" href=\"https:\/\/lospoliticosveracruz.com\/?p=100699\" \/>\n<meta property=\"og:locale\" content=\"es_ES\" \/>\n<meta property=\"og:type\" content=\"article\" \/>\n<meta property=\"og:title\" content=\"TIBURONES ROJOS, DE KURI! - Los pol\u00edticos Veracruz\" \/>\n<meta property=\"og:description\" content=\"Ricardo Ch\u00faa Sale y Vale EXCLUSIVA.. El empresario transportista y ex diputado federal priista, Fidel Kuri Grajales, ha GANADO EL JUICIO que le otorga el ser propietario del nombre del club de f\u00fatbol de primera divisi\u00f3n de la Liga MX; \u00abTiburones Rojos del Veracruz\u00bb&#8230; Los jueces le han otorgado a favor de Kuri Grajales la [&hellip;]\" \/>\n<meta property=\"og:url\" content=\"https:\/\/lospoliticosveracruz.com\/?p=100699\" \/>\n<meta property=\"og:site_name\" content=\"Los pol\u00edticos Veracruz\" \/>\n<meta property=\"article:publisher\" content=\"https:\/\/www.facebook.com\/people\/Notimemes-de-los-Polticos\/61565672886568\/\" \/>\n<meta property=\"article:published_time\" content=\"2023-01-04T13:59:59+00:00\" \/>\n<meta property=\"article:modified_time\" content=\"2023-01-04T14:00:05+00:00\" \/>\n<meta property=\"og:image\" content=\"https:\/\/lospoliticosveracruz.com\/wp-content\/uploads\/2016\/07\/Logo-Dor.jpg\" \/>\n\t<meta property=\"og:image:width\" content=\"200\" \/>\n\t<meta property=\"og:image:height\" content=\"200\" \/>\n\t<meta property=\"og:image:type\" content=\"image\/jpeg\" \/>\n<meta name=\"author\" content=\"Lo viste en Los Pol\u00edticos\" \/>\n<meta name=\"twitter:card\" content=\"summary_large_image\" \/>\n<meta name=\"twitter:creator\" content=\"@LosPoliticosVer\" \/>\n<meta name=\"twitter:site\" content=\"@LosPoliticosVer\" \/>\n<meta name=\"twitter:label1\" content=\"Escrito por\" \/>\n\t<meta name=\"twitter:data1\" content=\"Lo viste en Los Pol\u00edticos\" \/>\n\t<meta name=\"twitter:label2\" content=\"Tiempo de lectura\" \/>\n\t<meta name=\"twitter:data2\" content=\"4 minutos\" \/>\n<script type=\"application\/ld+json\" class=\"yoast-schema-graph\">{\"@context\":\"https:\\\/\\\/schema.org\",\"@graph\":[{\"@type\":\"Article\",\"@id\":\"https:\\\/\\\/lospoliticosveracruz.com\\\/?p=100699#article\",\"isPartOf\":{\"@id\":\"https:\\\/\\\/lospoliticosveracruz.com\\\/?p=100699\"},\"author\":{\"name\":\"Lo viste en Los Pol\u00edticos\",\"@id\":\"https:\\\/\\\/lospoliticosveracruz.com\\\/#\\\/schema\\\/person\\\/b8702bb0e538456e6efd07080bf2a4a2\"},\"headline\":\"TIBURONES ROJOS, DE KURI!\",\"datePublished\":\"2023-01-04T13:59:59+00:00\",\"dateModified\":\"2023-01-04T14:00:05+00:00\",\"mainEntityOfPage\":{\"@id\":\"https:\\\/\\\/lospoliticosveracruz.com\\\/?p=100699\"},\"wordCount\":835,\"publisher\":{\"@id\":\"https:\\\/\\\/lospoliticosveracruz.com\\\/#organization\"},\"keywords\":[\"Cuitl\u00e1huac Garc\u00eda Jim\u00e9nez\",\"Eric Cisneros\",\"Fidel Kuri Grajales\",\"Juan Manuel Un\u00e1nue Abascal\",\"Morena\",\"PT en Veracruz\",\"Ricardo Ch\u00faa\",\"Tiburones Rojos del Veracruz\",\"Veracruz\"],\"articleSection\":[\"De Opini\u00f3n\"],\"inLanguage\":\"es\"},{\"@type\":\"WebPage\",\"@id\":\"https:\\\/\\\/lospoliticosveracruz.com\\\/?p=100699\",\"url\":\"https:\\\/\\\/lospoliticosveracruz.com\\\/?p=100699\",\"name\":\"TIBURONES ROJOS, DE KURI! - Los pol\u00edticos Veracruz\",\"isPartOf\":{\"@id\":\"https:\\\/\\\/lospoliticosveracruz.com\\\/#website\"},\"datePublished\":\"2023-01-04T13:59:59+00:00\",\"dateModified\":\"2023-01-04T14:00:05+00:00\",\"breadcrumb\":{\"@id\":\"https:\\\/\\\/lospoliticosveracruz.com\\\/?p=100699#breadcrumb\"},\"inLanguage\":\"es\",\"potentialAction\":[{\"@type\":\"ReadAction\",\"target\":[\"https:\\\/\\\/lospoliticosveracruz.com\\\/?p=100699\"]}]},{\"@type\":\"BreadcrumbList\",\"@id\":\"https:\\\/\\\/lospoliticosveracruz.com\\\/?p=100699#breadcrumb\",\"itemListElement\":[{\"@type\":\"ListItem\",\"position\":1,\"name\":\"Portada\",\"item\":\"https:\\\/\\\/lospoliticosveracruz.com\\\/\"},{\"@type\":\"ListItem\",\"position\":2,\"name\":\"TIBURONES ROJOS, DE KURI!\"}]},{\"@type\":\"WebSite\",\"@id\":\"https:\\\/\\\/lospoliticosveracruz.com\\\/#website\",\"url\":\"https:\\\/\\\/lospoliticosveracruz.com\\\/\",\"name\":\"Los pol\u00edticos Veracruz\",\"description\":\"\",\"publisher\":{\"@id\":\"https:\\\/\\\/lospoliticosveracruz.com\\\/#organization\"},\"potentialAction\":[{\"@type\":\"SearchAction\",\"target\":{\"@type\":\"EntryPoint\",\"urlTemplate\":\"https:\\\/\\\/lospoliticosveracruz.com\\\/?s={search_term_string}\"},\"query-input\":{\"@type\":\"PropertyValueSpecification\",\"valueRequired\":true,\"valueName\":\"search_term_string\"}}],\"inLanguage\":\"es\"},{\"@type\":\"Organization\",\"@id\":\"https:\\\/\\\/lospoliticosveracruz.com\\\/#organization\",\"name\":\"Los pol\u00edticos Veracruz\",\"url\":\"https:\\\/\\\/lospoliticosveracruz.com\\\/\",\"logo\":{\"@type\":\"ImageObject\",\"inLanguage\":\"es\",\"@id\":\"https:\\\/\\\/lospoliticosveracruz.com\\\/#\\\/schema\\\/logo\\\/image\\\/\",\"url\":\"https:\\\/\\\/lospoliticosveracruz.com\\\/wp-content\\\/uploads\\\/2025\\\/12\\\/Logo-Nuevo-LOS-POLITICOS-1.jpg\",\"contentUrl\":\"https:\\\/\\\/lospoliticosveracruz.com\\\/wp-content\\\/uploads\\\/2025\\\/12\\\/Logo-Nuevo-LOS-POLITICOS-1.jpg\",\"width\":260,\"height\":70,\"caption\":\"Los pol\u00edticos Veracruz\"},\"image\":{\"@id\":\"https:\\\/\\\/lospoliticosveracruz.com\\\/#\\\/schema\\\/logo\\\/image\\\/\"},\"sameAs\":[\"https:\\\/\\\/www.facebook.com\\\/people\\\/Notimemes-de-los-Polticos\\\/61565672886568\\\/\",\"https:\\\/\\\/x.com\\\/LosPoliticosVer\"]},{\"@type\":\"Person\",\"@id\":\"https:\\\/\\\/lospoliticosveracruz.com\\\/#\\\/schema\\\/person\\\/b8702bb0e538456e6efd07080bf2a4a2\",\"name\":\"Lo viste en Los Pol\u00edticos\",\"image\":{\"@type\":\"ImageObject\",\"inLanguage\":\"es\",\"@id\":\"https:\\\/\\\/secure.gravatar.com\\\/avatar\\\/3a8de04a2656d44082be478bd6c086daa447c4651605818287b9532d3d0bd435?s=96&d=mm&r=g\",\"url\":\"https:\\\/\\\/secure.gravatar.com\\\/avatar\\\/3a8de04a2656d44082be478bd6c086daa447c4651605818287b9532d3d0bd435?s=96&d=mm&r=g\",\"contentUrl\":\"https:\\\/\\\/secure.gravatar.com\\\/avatar\\\/3a8de04a2656d44082be478bd6c086daa447c4651605818287b9532d3d0bd435?s=96&d=mm&r=g\",\"caption\":\"Lo viste en Los Pol\u00edticos\"},\"url\":\"https:\\\/\\\/lospoliticosveracruz.com\\\/?author=2\"}]}<\/script>\n<!-- \/ Yoast SEO plugin. -->","yoast_head_json":{"title":"TIBURONES ROJOS, DE KURI! - Los pol\u00edticos Veracruz","robots":{"index":"index","follow":"follow","max-snippet":"max-snippet:-1","max-image-preview":"max-image-preview:large","max-video-preview":"max-video-preview:-1"},"canonical":"https:\/\/lospoliticosveracruz.com\/?p=100699","og_locale":"es_ES","og_type":"article","og_title":"TIBURONES ROJOS, DE KURI! - Los pol\u00edticos Veracruz","og_description":"Ricardo Ch\u00faa Sale y Vale EXCLUSIVA.. El empresario transportista y ex diputado federal priista, Fidel Kuri Grajales, ha GANADO EL JUICIO que le otorga el ser propietario del nombre del club de f\u00fatbol de primera divisi\u00f3n de la Liga MX; \u00abTiburones Rojos del Veracruz\u00bb&#8230; Los jueces le han otorgado a favor de Kuri Grajales la [&hellip;]","og_url":"https:\/\/lospoliticosveracruz.com\/?p=100699","og_site_name":"Los pol\u00edticos Veracruz","article_publisher":"https:\/\/www.facebook.com\/people\/Notimemes-de-los-Polticos\/61565672886568\/","article_published_time":"2023-01-04T13:59:59+00:00","article_modified_time":"2023-01-04T14:00:05+00:00","og_image":[{"width":200,"height":200,"url":"https:\/\/lospoliticosveracruz.com\/wp-content\/uploads\/2016\/07\/Logo-Dor.jpg","type":"image\/jpeg"}],"author":"Lo viste en Los Pol\u00edticos","twitter_card":"summary_large_image","twitter_creator":"@LosPoliticosVer","twitter_site":"@LosPoliticosVer","twitter_misc":{"Escrito por":"Lo viste en Los Pol\u00edticos","Tiempo de lectura":"4 minutos"},"schema":{"@context":"https:\/\/schema.org","@graph":[{"@type":"Article","@id":"https:\/\/lospoliticosveracruz.com\/?p=100699#article","isPartOf":{"@id":"https:\/\/lospoliticosveracruz.com\/?p=100699"},"author":{"name":"Lo viste en Los Pol\u00edticos","@id":"https:\/\/lospoliticosveracruz.com\/#\/schema\/person\/b8702bb0e538456e6efd07080bf2a4a2"},"headline":"TIBURONES ROJOS, DE KURI!","datePublished":"2023-01-04T13:59:59+00:00","dateModified":"2023-01-04T14:00:05+00:00","mainEntityOfPage":{"@id":"https:\/\/lospoliticosveracruz.com\/?p=100699"},"wordCount":835,"publisher":{"@id":"https:\/\/lospoliticosveracruz.com\/#organization"},"keywords":["Cuitl\u00e1huac Garc\u00eda Jim\u00e9nez","Eric Cisneros","Fidel Kuri Grajales","Juan Manuel Un\u00e1nue Abascal","Morena","PT en Veracruz","Ricardo Ch\u00faa","Tiburones Rojos del Veracruz","Veracruz"],"articleSection":["De Opini\u00f3n"],"inLanguage":"es"},{"@type":"WebPage","@id":"https:\/\/lospoliticosveracruz.com\/?p=100699","url":"https:\/\/lospoliticosveracruz.com\/?p=100699","name":"TIBURONES ROJOS, DE KURI! - Los pol\u00edticos Veracruz","isPartOf":{"@id":"https:\/\/lospoliticosveracruz.com\/#website"},"datePublished":"2023-01-04T13:59:59+00:00","dateModified":"2023-01-04T14:00:05+00:00","breadcrumb":{"@id":"https:\/\/lospoliticosveracruz.com\/?p=100699#breadcrumb"},"inLanguage":"es","potentialAction":[{"@type":"ReadAction","target":["https:\/\/lospoliticosveracruz.com\/?p=100699"]}]},{"@type":"BreadcrumbList","@id":"https:\/\/lospoliticosveracruz.com\/?p=100699#breadcrumb","itemListElement":[{"@type":"ListItem","position":1,"name":"Portada","item":"https:\/\/lospoliticosveracruz.com\/"},{"@type":"ListItem","position":2,"name":"TIBURONES ROJOS, DE KURI!"}]},{"@type":"WebSite","@id":"https:\/\/lospoliticosveracruz.com\/#website","url":"https:\/\/lospoliticosveracruz.com\/","name":"Los pol\u00edticos Veracruz","description":"","publisher":{"@id":"https:\/\/lospoliticosveracruz.com\/#organization"},"potentialAction":[{"@type":"SearchAction","target":{"@type":"EntryPoint","urlTemplate":"https:\/\/lospoliticosveracruz.com\/?s={search_term_string}"},"query-input":{"@type":"PropertyValueSpecification","valueRequired":true,"valueName":"search_term_string"}}],"inLanguage":"es"},{"@type":"Organization","@id":"https:\/\/lospoliticosveracruz.com\/#organization","name":"Los pol\u00edticos Veracruz","url":"https:\/\/lospoliticosveracruz.com\/","logo":{"@type":"ImageObject","inLanguage":"es","@id":"https:\/\/lospoliticosveracruz.com\/#\/schema\/logo\/image\/","url":"https:\/\/lospoliticosveracruz.com\/wp-content\/uploads\/2025\/12\/Logo-Nuevo-LOS-POLITICOS-1.jpg","contentUrl":"https:\/\/lospoliticosveracruz.com\/wp-content\/uploads\/2025\/12\/Logo-Nuevo-LOS-POLITICOS-1.jpg","width":260,"height":70,"caption":"Los pol\u00edticos Veracruz"},"image":{"@id":"https:\/\/lospoliticosveracruz.com\/#\/schema\/logo\/image\/"},"sameAs":["https:\/\/www.facebook.com\/people\/Notimemes-de-los-Polticos\/61565672886568\/","https:\/\/x.com\/LosPoliticosVer"]},{"@type":"Person","@id":"https:\/\/lospoliticosveracruz.com\/#\/schema\/person\/b8702bb0e538456e6efd07080bf2a4a2","name":"Lo viste en Los Pol\u00edticos","image":{"@type":"ImageObject","inLanguage":"es","@id":"https:\/\/secure.gravatar.com\/avatar\/3a8de04a2656d44082be478bd6c086daa447c4651605818287b9532d3d0bd435?s=96&d=mm&r=g","url":"https:\/\/secure.gravatar.com\/avatar\/3a8de04a2656d44082be478bd6c086daa447c4651605818287b9532d3d0bd435?s=96&d=mm&r=g","contentUrl":"https:\/\/secure.gravatar.com\/avatar\/3a8de04a2656d44082be478bd6c086daa447c4651605818287b9532d3d0bd435?s=96&d=mm&r=g","caption":"Lo viste en Los Pol\u00edticos"},"url":"https:\/\/lospoliticosveracruz.com\/?author=2"}]}},"_links":{"self":[{"href":"https:\/\/lospoliticosveracruz.com\/index.php?rest_route=\/wp\/v2\/posts\/100699","targetHints":{"allow":["GET"]}}],"collection":[{"href":"https:\/\/lospoliticosveracruz.com\/index.php?rest_route=\/wp\/v2\/posts"}],"about":[{"href":"https:\/\/lospoliticosveracruz.com\/index.php?rest_route=\/wp\/v2\/types\/post"}],"author":[{"embeddable":true,"href":"https:\/\/lospoliticosveracruz.com\/index.php?rest_route=\/wp\/v2\/users\/2"}],"replies":[{"embeddable":true,"href":"https:\/\/lospoliticosveracruz.com\/index.php?rest_route=%2Fwp%2Fv2%2Fcomments&post=100699"}],"version-history":[{"count":1,"href":"https:\/\/lospoliticosveracruz.com\/index.php?rest_route=\/wp\/v2\/posts\/100699\/revisions"}],"predecessor-version":[{"id":100701,"href":"https:\/\/lospoliticosveracruz.com\/index.php?rest_route=\/wp\/v2\/posts\/100699\/revisions\/100701"}],"wp:attachment":[{"href":"https:\/\/lospoliticosveracruz.com\/index.php?rest_route=%2Fwp%2Fv2%2Fmedia&parent=100699"}],"wp:term":[{"taxonomy":"category","embeddable":true,"href":"https:\/\/lospoliticosveracruz.com\/index.php?rest_route=%2Fwp%2Fv2%2Fcategories&post=100699"},{"taxonomy":"post_tag","embeddable":true,"href":"https:\/\/lospoliticosveracruz.com\/index.php?rest_route=%2Fwp%2Fv2%2Ftags&post=100699"}],"curies":[{"name":"wp","href":"https:\/\/api.w.org\/{rel}","templated":true}]}}