{"id":100731,"date":"2023-01-04T15:55:34","date_gmt":"2023-01-04T21:55:34","guid":{"rendered":"https:\/\/lospoliticosveracruz.com.mx\/?p=100731"},"modified":"2023-01-04T15:56:21","modified_gmt":"2023-01-04T21:56:21","slug":"los-llanos-del-sotavento-tambien-son-veracruz","status":"publish","type":"post","link":"https:\/\/lospoliticosveracruz.com\/?p=100731","title":{"rendered":"LOS LLANOS DEL SOTAVENTO TAMBIEN SON VERACRUZ"},"content":{"rendered":"\n<p>\u200b<\/p>\n\n\n\n<p><strong>Vicente Luna Hern\u00e1ndez<\/strong><\/p>\n\n\n\n<p>&nbsp;\u200b<\/p>\n\n\n\n<p>Es tiempo ya que las autoridades de todos los \u00f3rdenes de gobierno- principalmente las municipales &#8211; tomen cartas en el asunto de Ciudad Isla, cuando se\u00f1alo a las autoridades municipales lo hago porque son ellos la primera autoridad, los m\u00e1s cercanos y los que conocen la idiosincrasia de sus paisanos, son ellos los que de manera diaria tienen \u00e9l pulso pol\u00edtico y social del municipio.<\/p>\n\n\n<div class=\"wp-block-image\">\n<figure class=\"alignleft size-medium\"><a href=\"https:\/\/lospoliticosveracruz.com.mx\/wp-content\/uploads\/2021\/10\/WhatsApp-Image-2021-10-02-at-15.20.25.jpeg\"><img loading=\"lazy\" decoding=\"async\" width=\"212\" height=\"300\" src=\"https:\/\/lospoliticosveracruz.com.mx\/wp-content\/uploads\/2021\/10\/WhatsApp-Image-2021-10-02-at-15.20.25-212x300.jpeg\" alt=\"\" class=\"wp-image-80177\" srcset=\"https:\/\/lospoliticosveracruz.com\/wp-content\/uploads\/2021\/10\/WhatsApp-Image-2021-10-02-at-15.20.25-212x300.jpeg 212w, https:\/\/lospoliticosveracruz.com\/wp-content\/uploads\/2021\/10\/WhatsApp-Image-2021-10-02-at-15.20.25-724x1024.jpeg 724w, https:\/\/lospoliticosveracruz.com\/wp-content\/uploads\/2021\/10\/WhatsApp-Image-2021-10-02-at-15.20.25-768x1086.jpeg 768w, https:\/\/lospoliticosveracruz.com\/wp-content\/uploads\/2021\/10\/WhatsApp-Image-2021-10-02-at-15.20.25.jpeg 905w\" sizes=\"auto, (max-width: 212px) 100vw, 212px\" \/><\/a><\/figure>\n<\/div>\n\n\n<p>Es tiempo ya que los presidentes municipales de los municipios vecinos de isla hagan causa com\u00fan, unan esfuerzos y recursos econ\u00f3micos para brindar una mejor seguridad a sus gobernados, es necesario que se cambie ya la percepci\u00f3n de inseguridad en la zona y se promocionen de mejor manera las riquezas naturales de la regi\u00f3n, es una realidad que al estar retirados del centro pol\u00edtico y econ\u00f3mico del Estado se ven tan lejanos los hechos pero tan cercanos a sus habitantes.<\/p>\n\n\n\n<p>Es tiempo ya que el gobierno estatal ponga su vista en los Llanos del Sotavento m\u00e1s all\u00e1 de verlo como un bot\u00edn pol\u00edtico, representantes populares vienen y van y la zona no sale del ostracismo econ\u00f3mico en que se encuentra \u00bfQu\u00e9 debe pasar para que San Juan Evangelista, Juan Rodr\u00edguez Clara, Ciudad Isla, Jos\u00e9 Azueta, Playa Vicente, Santiago Sochiapan, entre otros municipios, sean municipios prioritarios en el desarrollo econ\u00f3mico del Estado?<\/p>\n\n\n\n<p>Una cosa es hablar de los Tuxtlas y todo lo bueno que representa en muchos aspectos, otra es hablar de manera especial de los municipios anteriormente mencionados, es tiempo ya que la modernizaci\u00f3n en sus caminos sean una realidad, haya una mejor oferta en los productos Agr\u00edcolas y Ganaderos de la regi\u00f3n, la modernizaci\u00f3n educativa llegue a todos los centros educativos, cuando hablo de la modernizaci\u00f3n, recuerdo visitar comunidades donde no hay agua potable en las escuelas de educaci\u00f3n b\u00e1sica o no hay ba\u00f1os de material, escuelas donde solo hay un ba\u00f1o tanto para ni\u00f1as y ni\u00f1os \u00bfQu\u00e9 debe pasar en la regi\u00f3n para que llegue la tan mencionada 4 transformaci\u00f3n?<\/p>\n\n\n\n<p>Hoy como ayer un partido tiene el control pol\u00edtico de la zona, la mayor\u00eda de los ayuntamientos, la diputaci\u00f3n local y federal son del partido Morena, es tiempo ya que los representantes populares se manifiesten al respecto \u2013 aunque exista el riesgo que los rega\u00f1en- es tiempo que los representantes populares visiten cada comunidad, cada colonia, no solo para dar las gracias por el voto obtenido, que caminen para escuchar el clamor del pueblo, se re\u00fanan con ese pueblo que no recibe ning\u00fan programa social, ese pueblo que no est\u00e1 en n\u00f3mina en alguna dependencia de gobierno, escuchen no solo a los funcionarios que est\u00e1n en n\u00f3mina, mimos que muchas de la veces por cuidar el ingreso, no se atreven a manifestar la realidad social de sus respectivos municipios, es tiempo de caminar, escuchar, atender y canalizar sus inquietudes y demandas e incluso, de llevar ese clamor a sus respectivos recintos legislativos \u00bf Qu\u00e9 debe pasar para que sean aut\u00e9nticos representantes populares?<\/p>\n\n\n\n<p>San Juan Evangelista, Ciudad Isla, Juan Rodr\u00edguez Clara, Jos\u00e9 Azueta, Playa Vicente, Santiago Sochiapan, son municipios que requieren estar en todo proyecto de obra p\u00fablica de los otros 2 niveles de gobierno, m\u00e1s all\u00e1 de los errores o deficiencias del pasado, es tiempo que las autoridades municipales, estatales y federales le hagan sentir a sus habitantes que las cosas \u201c no son como antes\u201d como suelen distinguirse los que forman parte del grupo en el poder, estos municipios \u2013 cercanos a Oaxaca &#8211; son parte fundamental del desarrollo econ\u00f3mico de Veracruz, hay quienes dicen: \u201cAntes hab\u00eda 3 pueblos olvidados, hoy hay 6 olvidados\u201d esto porque de 3 municipios salieron San Juan, Azueta y Santiago, pero lo que no hay que olvidar es la m\u00e1xima de la 4T: \u201c Por el bien de todos\u2026primero los pobres \u201c y sin af\u00e1n de ofender, hay muchas carencias de infraestructura y de servicios p\u00fablicos en la regi\u00f3n, principalmente en temas de salud, ojala que antes que llegue el aire de Dinamarca, llegue una carretera digna de Isla a Santiago Tuxtla. (Esta es otra historia)<\/p>\n\n\n\n<p>P.D.-Con el \u00e1nimo que la transformaci\u00f3n que se pasea por la zona sea tan rica como la carne de b\u00fafalo de la regi\u00f3n\u2026Escribir\u00e9 otro d\u00eda.<\/p>\n","protected":false},"excerpt":{"rendered":"<p>\u200b Vicente Luna Hern\u00e1ndez &nbsp;\u200b Es tiempo ya que las autoridades de todos los \u00f3rdenes de gobierno- principalmente las municipales &#8211; tomen cartas en el asunto de Ciudad Isla, cuando se\u00f1alo a las autoridades municipales lo hago porque son ellos la primera autoridad, los m\u00e1s cercanos y los que conocen la idiosincrasia de sus paisanos, [&hellip;]<\/p>\n","protected":false},"author":2,"featured_media":0,"comment_status":"closed","ping_status":"closed","sticky":false,"template":"","format":"standard","meta":{"tdm_status":"","tdm_grid_status":"","footnotes":""},"categories":[70],"tags":[13602,1563,196,1026,195,15667],"class_list":{"0":"post-100731","1":"post","2":"type-post","3":"status-publish","4":"format-standard","6":"category-de-opinion","7":"tag-ciudad-isla","8":"tag-cuitlahuac-garcia-jimenez","9":"tag-inseguridad","10":"tag-morena","11":"tag-veracruz","12":"tag-vicente-luna-hernandez"},"yoast_head":"<!-- This site is optimized with the Yoast SEO plugin v27.4 - https:\/\/yoast.com\/product\/yoast-seo-wordpress\/ -->\n<title>LOS LLANOS DEL SOTAVENTO TAMBIEN SON VERACRUZ - Los pol\u00edticos Veracruz<\/title>\n<meta name=\"robots\" content=\"index, follow, max-snippet:-1, max-image-preview:large, max-video-preview:-1\" \/>\n<link rel=\"canonical\" href=\"https:\/\/lospoliticosveracruz.com\/?p=100731\" \/>\n<meta property=\"og:locale\" content=\"es_ES\" \/>\n<meta property=\"og:type\" content=\"article\" \/>\n<meta property=\"og:title\" content=\"LOS LLANOS DEL SOTAVENTO TAMBIEN SON VERACRUZ - Los pol\u00edticos Veracruz\" \/>\n<meta property=\"og:description\" content=\"\u200b Vicente Luna Hern\u00e1ndez &nbsp;\u200b Es tiempo ya que las autoridades de todos los \u00f3rdenes de gobierno- principalmente las municipales &#8211; tomen cartas en el asunto de Ciudad Isla, cuando se\u00f1alo a las autoridades municipales lo hago porque son ellos la primera autoridad, los m\u00e1s cercanos y los que conocen la idiosincrasia de sus paisanos, [&hellip;]\" \/>\n<meta property=\"og:url\" content=\"https:\/\/lospoliticosveracruz.com\/?p=100731\" \/>\n<meta property=\"og:site_name\" content=\"Los pol\u00edticos Veracruz\" \/>\n<meta property=\"article:publisher\" content=\"https:\/\/www.facebook.com\/people\/Notimemes-de-los-Polticos\/61565672886568\/\" \/>\n<meta property=\"article:published_time\" content=\"2023-01-04T21:55:34+00:00\" \/>\n<meta property=\"article:modified_time\" content=\"2023-01-04T21:56:21+00:00\" \/>\n<meta property=\"og:image\" content=\"https:\/\/lospoliticosveracruz.com.mx\/wp-content\/uploads\/2021\/10\/WhatsApp-Image-2021-10-02-at-15.20.25-212x300.jpeg\" \/>\n<meta name=\"author\" content=\"Lo viste en Los Pol\u00edticos\" \/>\n<meta name=\"twitter:card\" content=\"summary_large_image\" \/>\n<meta name=\"twitter:creator\" content=\"@LosPoliticosVer\" \/>\n<meta name=\"twitter:site\" content=\"@LosPoliticosVer\" \/>\n<meta name=\"twitter:label1\" content=\"Escrito por\" \/>\n\t<meta name=\"twitter:data1\" content=\"Lo viste en Los Pol\u00edticos\" \/>\n\t<meta name=\"twitter:label2\" content=\"Tiempo de lectura\" \/>\n\t<meta name=\"twitter:data2\" content=\"4 minutos\" \/>\n<script type=\"application\/ld+json\" class=\"yoast-schema-graph\">{\"@context\":\"https:\\\/\\\/schema.org\",\"@graph\":[{\"@type\":\"Article\",\"@id\":\"https:\\\/\\\/lospoliticosveracruz.com\\\/?p=100731#article\",\"isPartOf\":{\"@id\":\"https:\\\/\\\/lospoliticosveracruz.com\\\/?p=100731\"},\"author\":{\"name\":\"Lo viste en Los Pol\u00edticos\",\"@id\":\"https:\\\/\\\/lospoliticosveracruz.com\\\/#\\\/schema\\\/person\\\/b8702bb0e538456e6efd07080bf2a4a2\"},\"headline\":\"LOS LLANOS DEL SOTAVENTO TAMBIEN SON VERACRUZ\",\"datePublished\":\"2023-01-04T21:55:34+00:00\",\"dateModified\":\"2023-01-04T21:56:21+00:00\",\"mainEntityOfPage\":{\"@id\":\"https:\\\/\\\/lospoliticosveracruz.com\\\/?p=100731\"},\"wordCount\":750,\"publisher\":{\"@id\":\"https:\\\/\\\/lospoliticosveracruz.com\\\/#organization\"},\"image\":{\"@id\":\"https:\\\/\\\/lospoliticosveracruz.com\\\/?p=100731#primaryimage\"},\"thumbnailUrl\":\"https:\\\/\\\/lospoliticosveracruz.com.mx\\\/wp-content\\\/uploads\\\/2021\\\/10\\\/WhatsApp-Image-2021-10-02-at-15.20.25-212x300.jpeg\",\"keywords\":[\"Ciudad Isla\",\"Cuitl\u00e1huac Garc\u00eda Jim\u00e9nez\",\"inseguridad\",\"Morena\",\"Veracruz\",\"Vicente Luna Hern\u00e1ndez\"],\"articleSection\":[\"De Opini\u00f3n\"],\"inLanguage\":\"es\"},{\"@type\":\"WebPage\",\"@id\":\"https:\\\/\\\/lospoliticosveracruz.com\\\/?p=100731\",\"url\":\"https:\\\/\\\/lospoliticosveracruz.com\\\/?p=100731\",\"name\":\"LOS LLANOS DEL SOTAVENTO TAMBIEN SON VERACRUZ - Los pol\u00edticos Veracruz\",\"isPartOf\":{\"@id\":\"https:\\\/\\\/lospoliticosveracruz.com\\\/#website\"},\"primaryImageOfPage\":{\"@id\":\"https:\\\/\\\/lospoliticosveracruz.com\\\/?p=100731#primaryimage\"},\"image\":{\"@id\":\"https:\\\/\\\/lospoliticosveracruz.com\\\/?p=100731#primaryimage\"},\"thumbnailUrl\":\"https:\\\/\\\/lospoliticosveracruz.com.mx\\\/wp-content\\\/uploads\\\/2021\\\/10\\\/WhatsApp-Image-2021-10-02-at-15.20.25-212x300.jpeg\",\"datePublished\":\"2023-01-04T21:55:34+00:00\",\"dateModified\":\"2023-01-04T21:56:21+00:00\",\"breadcrumb\":{\"@id\":\"https:\\\/\\\/lospoliticosveracruz.com\\\/?p=100731#breadcrumb\"},\"inLanguage\":\"es\",\"potentialAction\":[{\"@type\":\"ReadAction\",\"target\":[\"https:\\\/\\\/lospoliticosveracruz.com\\\/?p=100731\"]}]},{\"@type\":\"ImageObject\",\"inLanguage\":\"es\",\"@id\":\"https:\\\/\\\/lospoliticosveracruz.com\\\/?p=100731#primaryimage\",\"url\":\"https:\\\/\\\/lospoliticosveracruz.com.mx\\\/wp-content\\\/uploads\\\/2021\\\/10\\\/WhatsApp-Image-2021-10-02-at-15.20.25-212x300.jpeg\",\"contentUrl\":\"https:\\\/\\\/lospoliticosveracruz.com.mx\\\/wp-content\\\/uploads\\\/2021\\\/10\\\/WhatsApp-Image-2021-10-02-at-15.20.25-212x300.jpeg\"},{\"@type\":\"BreadcrumbList\",\"@id\":\"https:\\\/\\\/lospoliticosveracruz.com\\\/?p=100731#breadcrumb\",\"itemListElement\":[{\"@type\":\"ListItem\",\"position\":1,\"name\":\"Portada\",\"item\":\"https:\\\/\\\/lospoliticosveracruz.com\\\/\"},{\"@type\":\"ListItem\",\"position\":2,\"name\":\"LOS LLANOS DEL SOTAVENTO TAMBIEN SON VERACRUZ\"}]},{\"@type\":\"WebSite\",\"@id\":\"https:\\\/\\\/lospoliticosveracruz.com\\\/#website\",\"url\":\"https:\\\/\\\/lospoliticosveracruz.com\\\/\",\"name\":\"Los pol\u00edticos Veracruz\",\"description\":\"\",\"publisher\":{\"@id\":\"https:\\\/\\\/lospoliticosveracruz.com\\\/#organization\"},\"potentialAction\":[{\"@type\":\"SearchAction\",\"target\":{\"@type\":\"EntryPoint\",\"urlTemplate\":\"https:\\\/\\\/lospoliticosveracruz.com\\\/?s={search_term_string}\"},\"query-input\":{\"@type\":\"PropertyValueSpecification\",\"valueRequired\":true,\"valueName\":\"search_term_string\"}}],\"inLanguage\":\"es\"},{\"@type\":\"Organization\",\"@id\":\"https:\\\/\\\/lospoliticosveracruz.com\\\/#organization\",\"name\":\"Los pol\u00edticos Veracruz\",\"url\":\"https:\\\/\\\/lospoliticosveracruz.com\\\/\",\"logo\":{\"@type\":\"ImageObject\",\"inLanguage\":\"es\",\"@id\":\"https:\\\/\\\/lospoliticosveracruz.com\\\/#\\\/schema\\\/logo\\\/image\\\/\",\"url\":\"https:\\\/\\\/lospoliticosveracruz.com\\\/wp-content\\\/uploads\\\/2025\\\/12\\\/Logo-Nuevo-LOS-POLITICOS-1.jpg\",\"contentUrl\":\"https:\\\/\\\/lospoliticosveracruz.com\\\/wp-content\\\/uploads\\\/2025\\\/12\\\/Logo-Nuevo-LOS-POLITICOS-1.jpg\",\"width\":260,\"height\":70,\"caption\":\"Los pol\u00edticos Veracruz\"},\"image\":{\"@id\":\"https:\\\/\\\/lospoliticosveracruz.com\\\/#\\\/schema\\\/logo\\\/image\\\/\"},\"sameAs\":[\"https:\\\/\\\/www.facebook.com\\\/people\\\/Notimemes-de-los-Polticos\\\/61565672886568\\\/\",\"https:\\\/\\\/x.com\\\/LosPoliticosVer\"]},{\"@type\":\"Person\",\"@id\":\"https:\\\/\\\/lospoliticosveracruz.com\\\/#\\\/schema\\\/person\\\/b8702bb0e538456e6efd07080bf2a4a2\",\"name\":\"Lo viste en Los Pol\u00edticos\",\"image\":{\"@type\":\"ImageObject\",\"inLanguage\":\"es\",\"@id\":\"https:\\\/\\\/secure.gravatar.com\\\/avatar\\\/3a8de04a2656d44082be478bd6c086daa447c4651605818287b9532d3d0bd435?s=96&d=mm&r=g\",\"url\":\"https:\\\/\\\/secure.gravatar.com\\\/avatar\\\/3a8de04a2656d44082be478bd6c086daa447c4651605818287b9532d3d0bd435?s=96&d=mm&r=g\",\"contentUrl\":\"https:\\\/\\\/secure.gravatar.com\\\/avatar\\\/3a8de04a2656d44082be478bd6c086daa447c4651605818287b9532d3d0bd435?s=96&d=mm&r=g\",\"caption\":\"Lo viste en Los Pol\u00edticos\"},\"url\":\"https:\\\/\\\/lospoliticosveracruz.com\\\/?author=2\"}]}<\/script>\n<!-- \/ Yoast SEO plugin. -->","yoast_head_json":{"title":"LOS LLANOS DEL SOTAVENTO TAMBIEN SON VERACRUZ - Los pol\u00edticos Veracruz","robots":{"index":"index","follow":"follow","max-snippet":"max-snippet:-1","max-image-preview":"max-image-preview:large","max-video-preview":"max-video-preview:-1"},"canonical":"https:\/\/lospoliticosveracruz.com\/?p=100731","og_locale":"es_ES","og_type":"article","og_title":"LOS LLANOS DEL SOTAVENTO TAMBIEN SON VERACRUZ - Los pol\u00edticos Veracruz","og_description":"\u200b Vicente Luna Hern\u00e1ndez &nbsp;\u200b Es tiempo ya que las autoridades de todos los \u00f3rdenes de gobierno- principalmente las municipales &#8211; tomen cartas en el asunto de Ciudad Isla, cuando se\u00f1alo a las autoridades municipales lo hago porque son ellos la primera autoridad, los m\u00e1s cercanos y los que conocen la idiosincrasia de sus paisanos, [&hellip;]","og_url":"https:\/\/lospoliticosveracruz.com\/?p=100731","og_site_name":"Los pol\u00edticos Veracruz","article_publisher":"https:\/\/www.facebook.com\/people\/Notimemes-de-los-Polticos\/61565672886568\/","article_published_time":"2023-01-04T21:55:34+00:00","article_modified_time":"2023-01-04T21:56:21+00:00","og_image":[{"url":"https:\/\/lospoliticosveracruz.com.mx\/wp-content\/uploads\/2021\/10\/WhatsApp-Image-2021-10-02-at-15.20.25-212x300.jpeg","type":"","width":"","height":""}],"author":"Lo viste en Los Pol\u00edticos","twitter_card":"summary_large_image","twitter_creator":"@LosPoliticosVer","twitter_site":"@LosPoliticosVer","twitter_misc":{"Escrito por":"Lo viste en Los Pol\u00edticos","Tiempo de lectura":"4 minutos"},"schema":{"@context":"https:\/\/schema.org","@graph":[{"@type":"Article","@id":"https:\/\/lospoliticosveracruz.com\/?p=100731#article","isPartOf":{"@id":"https:\/\/lospoliticosveracruz.com\/?p=100731"},"author":{"name":"Lo viste en Los Pol\u00edticos","@id":"https:\/\/lospoliticosveracruz.com\/#\/schema\/person\/b8702bb0e538456e6efd07080bf2a4a2"},"headline":"LOS LLANOS DEL SOTAVENTO TAMBIEN SON VERACRUZ","datePublished":"2023-01-04T21:55:34+00:00","dateModified":"2023-01-04T21:56:21+00:00","mainEntityOfPage":{"@id":"https:\/\/lospoliticosveracruz.com\/?p=100731"},"wordCount":750,"publisher":{"@id":"https:\/\/lospoliticosveracruz.com\/#organization"},"image":{"@id":"https:\/\/lospoliticosveracruz.com\/?p=100731#primaryimage"},"thumbnailUrl":"https:\/\/lospoliticosveracruz.com.mx\/wp-content\/uploads\/2021\/10\/WhatsApp-Image-2021-10-02-at-15.20.25-212x300.jpeg","keywords":["Ciudad Isla","Cuitl\u00e1huac Garc\u00eda Jim\u00e9nez","inseguridad","Morena","Veracruz","Vicente Luna Hern\u00e1ndez"],"articleSection":["De Opini\u00f3n"],"inLanguage":"es"},{"@type":"WebPage","@id":"https:\/\/lospoliticosveracruz.com\/?p=100731","url":"https:\/\/lospoliticosveracruz.com\/?p=100731","name":"LOS LLANOS DEL SOTAVENTO TAMBIEN SON VERACRUZ - Los pol\u00edticos Veracruz","isPartOf":{"@id":"https:\/\/lospoliticosveracruz.com\/#website"},"primaryImageOfPage":{"@id":"https:\/\/lospoliticosveracruz.com\/?p=100731#primaryimage"},"image":{"@id":"https:\/\/lospoliticosveracruz.com\/?p=100731#primaryimage"},"thumbnailUrl":"https:\/\/lospoliticosveracruz.com.mx\/wp-content\/uploads\/2021\/10\/WhatsApp-Image-2021-10-02-at-15.20.25-212x300.jpeg","datePublished":"2023-01-04T21:55:34+00:00","dateModified":"2023-01-04T21:56:21+00:00","breadcrumb":{"@id":"https:\/\/lospoliticosveracruz.com\/?p=100731#breadcrumb"},"inLanguage":"es","potentialAction":[{"@type":"ReadAction","target":["https:\/\/lospoliticosveracruz.com\/?p=100731"]}]},{"@type":"ImageObject","inLanguage":"es","@id":"https:\/\/lospoliticosveracruz.com\/?p=100731#primaryimage","url":"https:\/\/lospoliticosveracruz.com.mx\/wp-content\/uploads\/2021\/10\/WhatsApp-Image-2021-10-02-at-15.20.25-212x300.jpeg","contentUrl":"https:\/\/lospoliticosveracruz.com.mx\/wp-content\/uploads\/2021\/10\/WhatsApp-Image-2021-10-02-at-15.20.25-212x300.jpeg"},{"@type":"BreadcrumbList","@id":"https:\/\/lospoliticosveracruz.com\/?p=100731#breadcrumb","itemListElement":[{"@type":"ListItem","position":1,"name":"Portada","item":"https:\/\/lospoliticosveracruz.com\/"},{"@type":"ListItem","position":2,"name":"LOS LLANOS DEL SOTAVENTO TAMBIEN SON VERACRUZ"}]},{"@type":"WebSite","@id":"https:\/\/lospoliticosveracruz.com\/#website","url":"https:\/\/lospoliticosveracruz.com\/","name":"Los pol\u00edticos Veracruz","description":"","publisher":{"@id":"https:\/\/lospoliticosveracruz.com\/#organization"},"potentialAction":[{"@type":"SearchAction","target":{"@type":"EntryPoint","urlTemplate":"https:\/\/lospoliticosveracruz.com\/?s={search_term_string}"},"query-input":{"@type":"PropertyValueSpecification","valueRequired":true,"valueName":"search_term_string"}}],"inLanguage":"es"},{"@type":"Organization","@id":"https:\/\/lospoliticosveracruz.com\/#organization","name":"Los pol\u00edticos Veracruz","url":"https:\/\/lospoliticosveracruz.com\/","logo":{"@type":"ImageObject","inLanguage":"es","@id":"https:\/\/lospoliticosveracruz.com\/#\/schema\/logo\/image\/","url":"https:\/\/lospoliticosveracruz.com\/wp-content\/uploads\/2025\/12\/Logo-Nuevo-LOS-POLITICOS-1.jpg","contentUrl":"https:\/\/lospoliticosveracruz.com\/wp-content\/uploads\/2025\/12\/Logo-Nuevo-LOS-POLITICOS-1.jpg","width":260,"height":70,"caption":"Los pol\u00edticos Veracruz"},"image":{"@id":"https:\/\/lospoliticosveracruz.com\/#\/schema\/logo\/image\/"},"sameAs":["https:\/\/www.facebook.com\/people\/Notimemes-de-los-Polticos\/61565672886568\/","https:\/\/x.com\/LosPoliticosVer"]},{"@type":"Person","@id":"https:\/\/lospoliticosveracruz.com\/#\/schema\/person\/b8702bb0e538456e6efd07080bf2a4a2","name":"Lo viste en Los Pol\u00edticos","image":{"@type":"ImageObject","inLanguage":"es","@id":"https:\/\/secure.gravatar.com\/avatar\/3a8de04a2656d44082be478bd6c086daa447c4651605818287b9532d3d0bd435?s=96&d=mm&r=g","url":"https:\/\/secure.gravatar.com\/avatar\/3a8de04a2656d44082be478bd6c086daa447c4651605818287b9532d3d0bd435?s=96&d=mm&r=g","contentUrl":"https:\/\/secure.gravatar.com\/avatar\/3a8de04a2656d44082be478bd6c086daa447c4651605818287b9532d3d0bd435?s=96&d=mm&r=g","caption":"Lo viste en Los Pol\u00edticos"},"url":"https:\/\/lospoliticosveracruz.com\/?author=2"}]}},"_links":{"self":[{"href":"https:\/\/lospoliticosveracruz.com\/index.php?rest_route=\/wp\/v2\/posts\/100731","targetHints":{"allow":["GET"]}}],"collection":[{"href":"https:\/\/lospoliticosveracruz.com\/index.php?rest_route=\/wp\/v2\/posts"}],"about":[{"href":"https:\/\/lospoliticosveracruz.com\/index.php?rest_route=\/wp\/v2\/types\/post"}],"author":[{"embeddable":true,"href":"https:\/\/lospoliticosveracruz.com\/index.php?rest_route=\/wp\/v2\/users\/2"}],"replies":[{"embeddable":true,"href":"https:\/\/lospoliticosveracruz.com\/index.php?rest_route=%2Fwp%2Fv2%2Fcomments&post=100731"}],"version-history":[{"count":1,"href":"https:\/\/lospoliticosveracruz.com\/index.php?rest_route=\/wp\/v2\/posts\/100731\/revisions"}],"predecessor-version":[{"id":100733,"href":"https:\/\/lospoliticosveracruz.com\/index.php?rest_route=\/wp\/v2\/posts\/100731\/revisions\/100733"}],"wp:attachment":[{"href":"https:\/\/lospoliticosveracruz.com\/index.php?rest_route=%2Fwp%2Fv2%2Fmedia&parent=100731"}],"wp:term":[{"taxonomy":"category","embeddable":true,"href":"https:\/\/lospoliticosveracruz.com\/index.php?rest_route=%2Fwp%2Fv2%2Fcategories&post=100731"},{"taxonomy":"post_tag","embeddable":true,"href":"https:\/\/lospoliticosveracruz.com\/index.php?rest_route=%2Fwp%2Fv2%2Ftags&post=100731"}],"curies":[{"name":"wp","href":"https:\/\/api.w.org\/{rel}","templated":true}]}}