{"id":100741,"date":"2023-01-04T18:31:56","date_gmt":"2023-01-05T00:31:56","guid":{"rendered":"https:\/\/lospoliticosveracruz.com.mx\/?p=100741"},"modified":"2023-01-04T18:32:04","modified_gmt":"2023-01-05T00:32:04","slug":"la-4t-de-mal-en-peor","status":"publish","type":"post","link":"https:\/\/lospoliticosveracruz.com\/?p=100741","title":{"rendered":"LA 4T, DE MAL EN PEOR"},"content":{"rendered":"\n<p><strong>Miguel \u00c1ngel G\u00f3mez Ruiz<br><\/strong><em>Contrapunto<\/em><\/p>\n\n\n\n<p>El gobernador Cuitl\u00e1huac Garc\u00eda Jim\u00e9nez ha recibido desde algunos meses y casi a diario, noticias sobre la nula estrategia en seguridad y que el crimen organizado ha avanzado a pasos agigantados a lo largo y ancho del estado.<\/p>\n\n\n<div class=\"wp-block-image\">\n<figure class=\"alignleft size-full is-resized\"><a href=\"https:\/\/lospoliticosveracruz.com.mx\/wp-content\/uploads\/2021\/10\/Zacauilt.jpg\"><img loading=\"lazy\" decoding=\"async\" src=\"https:\/\/lospoliticosveracruz.com.mx\/wp-content\/uploads\/2021\/10\/Zacauilt.jpg\" alt=\"\" class=\"wp-image-80558\" width=\"175\" height=\"350\"\/><\/a><\/figure>\n<\/div>\n\n\n<p>En lugar de poner un remedio, se dedica a echar culpas. As\u00ed es la realidad, si matan a alcaldes, s\u00edndicos, secretarios, tesoreros o regidores no sale de su argumento de que ten\u00edan nexos con \u201clos malos\u201d.<\/p>\n\n\n\n<p>Inclusive, no deja de hablar y tuitear sobre el tema aun cuando los familiares de los asesinados les lloran y rezan. As\u00ed ha sido el mandatario veracruzano que cree que puede solo y la realidad es que no tiene capacidad y no resolver\u00e1 \u2013solo- el duro problema de inseguridad que vive Veracruz.<\/p>\n\n\n\n<p>Y es cuesti\u00f3n de un an\u00e1lisis simple y r\u00e1pido. Tiene un gabinete torpe, si volteamos a ver al secretario de gobierno, Eric Cisneros, \u00e9ste se ha dedicado m\u00e1s a promoverse y salvar la chamba antes que hacer algo por Veracruz. Se ha dedicado a mantener dominado a un grupo de alcaldes que le permiten todo, hasta introducir pistas de hielo a un alto costo y conste que nadie le reclama o pregunta si all\u00ed lleva alguna comisi\u00f3n.<\/p>\n\n\n\n<p>En el resto de las \u00e1reas, todos los secretarios buscan promoverse a\u00fan y cuando no tengan nivel como son los casos de su compadre Elio Hern\u00e1ndez de la SIOP y el titular en Turismo, Iv\u00e1n Mart\u00ednez Olvera, con nula preparaci\u00f3n y actitud para estar al frente de un \u00e1rea importante en la que, por a\u00f1os, se destac\u00f3 Veracruz.<\/p>\n\n\n\n<p>Ni qu\u00e9 decir de su pariente, el subsecretario de Finanzas, Eleazar Guerrero, que organiza fiestas con recursos p\u00fablicos y que se ha dedicado a gastar a manos llenas el dinero de los veracruzanos para apoyar todo lo que se planea en el gobierno para fortalecer a Morena.<\/p>\n\n\n\n<p>Hay m\u00e1s pero no tiene ni caso mencionarles, lo que s\u00ed es cierto es que adem\u00e1s de no contar con ellos, tampoco es muy apoyado por los diputados locales ni mucho menos, por el Poder Judicial.<\/p>\n\n\n\n<p>Tanto en la Legislatura de Veracruz como en el Poder Judicial hay decenas, s\u00ed, decenas de improvisados que nada tienen qu\u00e9 ver con las tareas que all\u00ed se realizan. Hay un gasto excesivo, imposici\u00f3n de personal, nula vigilancia a los recursos p\u00fablicos y lo que es peor, el saldo es mal\u00edsimo. La legislatura tiene un gran rezado en aprobaci\u00f3n de iniciativas y el Poder Judicial es el \u00faltimo lugar a nivel nacional en aplicaci\u00f3n de justicia.<\/p>\n\n\n\n<p>El gobernador puede opinar sobre cualquier tema, es verdad, pero tiene que documentarse y buscar ayuda, porque su fiscal Ver\u00f3nica Hern\u00e1ndez, no es muy ducha para temas de procuraci\u00f3n de justicia y rara vez declara ante los medios y le deja el paquete al mandatario que de justicia sabe casi nada, o menos.<\/p>\n\n\n\n<p>Adem\u00e1s, es reacio a reunirse con personas que ya han pasado por all\u00ed, o exdiputados, exsenadores o siquiera alguien que tenga un plan distinto al suyo para aplicarlo para mejorar su trabajo. No, \u00e9l dice que no se junta con corruptos o bien, que no tiene por qu\u00e9 hacerlo. La realidad es que s\u00ed, bien podr\u00eda porque hay mucha gente afuera de su estructura de gobierno que sabe mucho m\u00e1s que \u00e9l.<\/p>\n\n\n\n<p>Lo cierto es que en muchas zonas del estado hay extorsiones, enfrentamientos, ejecuciones, secuestros y m\u00e1s y lo \u00fanico que hace el gobernador es culpar a los afectados calific\u00e1ndoles como malas personas, sea cierto o no.<\/p>\n\n\n\n<p>Al gobernador le queda poco tiempo en el cargo. De hecho, finalizando 2023 \u2013dice que se ir\u00e1 a trabajar con Claudia Sheinbaum- deber\u00e1 iniciar el proceso de entrega de su administraci\u00f3n y s\u00f3lo debiera, se supone, en concentrarse en entregar las \u00faltimas obras que estar\u00edan concluidas en 2024 pero ni eso, porque grandes obras no hay. \u00c9l presume algunos metros pavimentados en \u00e1reas lejanas, pero no hay carreteras, ni oficinas nuevas, ni laboratorios para investigaci\u00f3n, nada, \u00fanicamente hace lo \u00fanico que sabe y hasta en eso tengo mis dudas: hablar y hablar, aunque pocas veces se le entienda.<\/p>\n\n\n\n<p><strong>Excepciones<\/strong><\/p>\n\n\n\n<p>Los alcaldes de Xalapa, Veracruz y Boca del R\u00edo, Ricardo Ahued Bardahuil, Paty Lobeira de Yunes y Juan Manuel de Unanue, respectivamente, han sido quiz\u00e1, los mejores alcaldes de 2022.<\/p>\n\n\n\n<p>Ahued Bardahuil \u201cech\u00f3 la casa por la ventana\u201d y orden\u00f3 mucha obra p\u00fablica no s\u00f3lo para mejorar la vialidad en la capital, sino para resolver los cientos de problemas que le dej\u00f3 su antecesor, Hip\u00f3lito Rodr\u00edguez, que fue un fiasco.<\/p>\n\n\n\n<p>Confiado en un equipo responsable con el que ya ha trabajado, el edil xalape\u00f1o no se detendr\u00e1, sino que anunci\u00f3 m\u00e1s obra p\u00fablica para mejorar la imagen de la capital y le creo. Enhorabuena.<\/p>\n\n\n\n<p>Por su parte, Paty Lobeira de Yunes tambi\u00e9n ha confiado en su equipo y en el gran apoyo de su esposo, Miguel \u00c1ngel Yunes M\u00e1rquez. Han mejorado la imagen del puerto y ella est\u00e1 concentrada en auxiliar a la poblaci\u00f3n para mejorar el entorno en que viven. Adem\u00e1s, trabaja fuertemente para que los porte\u00f1os accedan a la educaci\u00f3n, a la m\u00fasica y todo aquello que ha representado una riqueza para el primer puerto de Am\u00e9rica.<\/p>\n\n\n\n<p>Y Juan Manuel de Unanue en Boca del R\u00edo, tambi\u00e9n invirti\u00f3 buen recurso en repavimentaci\u00f3n y mejorar la imagen de escuelas y a la vez, en confiar en elementos para que mejoren \u00e1reas como seguridad y vialidad.<\/p>\n\n\n\n<p>PD Si no se hace algo pronto, la inseguridad estar\u00e1 a tope en poco tiempo. Urge que haya una mayor coordinaci\u00f3n entre los tres niveles de gobierno. Es verdad, Veracruz es uno de los estados m\u00e1s pobres del pa\u00eds al igual que Guerrero, Oaxaca y Chiapas, pero puede mejorar mucho si se permite que la sociedad tambi\u00e9n opine y sugiera ideas.<\/p>\n","protected":false},"excerpt":{"rendered":"<p>Miguel \u00c1ngel G\u00f3mez RuizContrapunto El gobernador Cuitl\u00e1huac Garc\u00eda Jim\u00e9nez ha recibido desde algunos meses y casi a diario, noticias sobre la nula estrategia en seguridad y que el crimen organizado ha avanzado a pasos agigantados a lo largo y ancho del estado. En lugar de poner un remedio, se dedica a echar culpas. As\u00ed es [&hellip;]<\/p>\n","protected":false},"author":2,"featured_media":0,"comment_status":"closed","ping_status":"closed","sticky":false,"template":"","format":"standard","meta":{"tdm_status":"","tdm_grid_status":"","footnotes":""},"categories":[70],"tags":[1563,13640,111,6732,28370,1026,28226,2812,195],"class_list":{"0":"post-100741","1":"post","2":"type-post","3":"status-publish","4":"format-standard","6":"category-de-opinion","7":"tag-cuitlahuac-garcia-jimenez","8":"tag-eleazar-guerrero","9":"tag-finanzas","10":"tag-juan-manuel-de-unanue","11":"tag-miguel-angel-gomez-ruiz","12":"tag-morena","13":"tag-paty-lobeira-de-yunes","14":"tag-ricardo-ahued-bardahuil","15":"tag-veracruz"},"yoast_head":"<!-- This site is optimized with the Yoast SEO plugin v27.4 - https:\/\/yoast.com\/product\/yoast-seo-wordpress\/ -->\n<title>LA 4T, DE MAL EN PEOR - Los pol\u00edticos Veracruz<\/title>\n<meta name=\"robots\" content=\"index, follow, max-snippet:-1, max-image-preview:large, max-video-preview:-1\" \/>\n<link rel=\"canonical\" href=\"https:\/\/lospoliticosveracruz.com\/?p=100741\" \/>\n<meta property=\"og:locale\" content=\"es_ES\" \/>\n<meta property=\"og:type\" content=\"article\" \/>\n<meta property=\"og:title\" content=\"LA 4T, DE MAL EN PEOR - Los pol\u00edticos Veracruz\" \/>\n<meta property=\"og:description\" content=\"Miguel \u00c1ngel G\u00f3mez RuizContrapunto El gobernador Cuitl\u00e1huac Garc\u00eda Jim\u00e9nez ha recibido desde algunos meses y casi a diario, noticias sobre la nula estrategia en seguridad y que el crimen organizado ha avanzado a pasos agigantados a lo largo y ancho del estado. En lugar de poner un remedio, se dedica a echar culpas. As\u00ed es [&hellip;]\" \/>\n<meta property=\"og:url\" content=\"https:\/\/lospoliticosveracruz.com\/?p=100741\" \/>\n<meta property=\"og:site_name\" content=\"Los pol\u00edticos Veracruz\" \/>\n<meta property=\"article:publisher\" content=\"https:\/\/www.facebook.com\/people\/Notimemes-de-los-Polticos\/61565672886568\/\" \/>\n<meta property=\"article:published_time\" content=\"2023-01-05T00:31:56+00:00\" \/>\n<meta property=\"article:modified_time\" content=\"2023-01-05T00:32:04+00:00\" \/>\n<meta property=\"og:image\" content=\"https:\/\/lospoliticosveracruz.com.mx\/wp-content\/uploads\/2021\/10\/Zacauilt.jpg\" \/>\n<meta name=\"author\" content=\"Lo viste en Los Pol\u00edticos\" \/>\n<meta name=\"twitter:card\" content=\"summary_large_image\" \/>\n<meta name=\"twitter:creator\" content=\"@LosPoliticosVer\" \/>\n<meta name=\"twitter:site\" content=\"@LosPoliticosVer\" \/>\n<meta name=\"twitter:label1\" content=\"Escrito por\" \/>\n\t<meta name=\"twitter:data1\" content=\"Lo viste en Los Pol\u00edticos\" \/>\n\t<meta name=\"twitter:label2\" content=\"Tiempo de lectura\" \/>\n\t<meta name=\"twitter:data2\" content=\"5 minutos\" \/>\n<script type=\"application\/ld+json\" class=\"yoast-schema-graph\">{\"@context\":\"https:\\\/\\\/schema.org\",\"@graph\":[{\"@type\":\"Article\",\"@id\":\"https:\\\/\\\/lospoliticosveracruz.com\\\/?p=100741#article\",\"isPartOf\":{\"@id\":\"https:\\\/\\\/lospoliticosveracruz.com\\\/?p=100741\"},\"author\":{\"name\":\"Lo viste en Los Pol\u00edticos\",\"@id\":\"https:\\\/\\\/lospoliticosveracruz.com\\\/#\\\/schema\\\/person\\\/b8702bb0e538456e6efd07080bf2a4a2\"},\"headline\":\"LA 4T, DE MAL EN PEOR\",\"datePublished\":\"2023-01-05T00:31:56+00:00\",\"dateModified\":\"2023-01-05T00:32:04+00:00\",\"mainEntityOfPage\":{\"@id\":\"https:\\\/\\\/lospoliticosveracruz.com\\\/?p=100741\"},\"wordCount\":1025,\"publisher\":{\"@id\":\"https:\\\/\\\/lospoliticosveracruz.com\\\/#organization\"},\"image\":{\"@id\":\"https:\\\/\\\/lospoliticosveracruz.com\\\/?p=100741#primaryimage\"},\"thumbnailUrl\":\"https:\\\/\\\/lospoliticosveracruz.com.mx\\\/wp-content\\\/uploads\\\/2021\\\/10\\\/Zacauilt.jpg\",\"keywords\":[\"Cuitl\u00e1huac Garc\u00eda Jim\u00e9nez\",\"Eleazar Guerrero\",\"Finanzas\",\"Juan Manuel de Unanue\",\"Miguel \u00c1ngel G\u00f3mez Ruiz\",\"Morena\",\"Paty Lobeira de Yunes\",\"Ricardo Ahued Bardahuil\",\"Veracruz\"],\"articleSection\":[\"De Opini\u00f3n\"],\"inLanguage\":\"es\"},{\"@type\":\"WebPage\",\"@id\":\"https:\\\/\\\/lospoliticosveracruz.com\\\/?p=100741\",\"url\":\"https:\\\/\\\/lospoliticosveracruz.com\\\/?p=100741\",\"name\":\"LA 4T, DE MAL EN PEOR - Los pol\u00edticos Veracruz\",\"isPartOf\":{\"@id\":\"https:\\\/\\\/lospoliticosveracruz.com\\\/#website\"},\"primaryImageOfPage\":{\"@id\":\"https:\\\/\\\/lospoliticosveracruz.com\\\/?p=100741#primaryimage\"},\"image\":{\"@id\":\"https:\\\/\\\/lospoliticosveracruz.com\\\/?p=100741#primaryimage\"},\"thumbnailUrl\":\"https:\\\/\\\/lospoliticosveracruz.com.mx\\\/wp-content\\\/uploads\\\/2021\\\/10\\\/Zacauilt.jpg\",\"datePublished\":\"2023-01-05T00:31:56+00:00\",\"dateModified\":\"2023-01-05T00:32:04+00:00\",\"breadcrumb\":{\"@id\":\"https:\\\/\\\/lospoliticosveracruz.com\\\/?p=100741#breadcrumb\"},\"inLanguage\":\"es\",\"potentialAction\":[{\"@type\":\"ReadAction\",\"target\":[\"https:\\\/\\\/lospoliticosveracruz.com\\\/?p=100741\"]}]},{\"@type\":\"ImageObject\",\"inLanguage\":\"es\",\"@id\":\"https:\\\/\\\/lospoliticosveracruz.com\\\/?p=100741#primaryimage\",\"url\":\"https:\\\/\\\/lospoliticosveracruz.com.mx\\\/wp-content\\\/uploads\\\/2021\\\/10\\\/Zacauilt.jpg\",\"contentUrl\":\"https:\\\/\\\/lospoliticosveracruz.com.mx\\\/wp-content\\\/uploads\\\/2021\\\/10\\\/Zacauilt.jpg\"},{\"@type\":\"BreadcrumbList\",\"@id\":\"https:\\\/\\\/lospoliticosveracruz.com\\\/?p=100741#breadcrumb\",\"itemListElement\":[{\"@type\":\"ListItem\",\"position\":1,\"name\":\"Portada\",\"item\":\"https:\\\/\\\/lospoliticosveracruz.com\\\/\"},{\"@type\":\"ListItem\",\"position\":2,\"name\":\"LA 4T, DE MAL EN PEOR\"}]},{\"@type\":\"WebSite\",\"@id\":\"https:\\\/\\\/lospoliticosveracruz.com\\\/#website\",\"url\":\"https:\\\/\\\/lospoliticosveracruz.com\\\/\",\"name\":\"Los pol\u00edticos Veracruz\",\"description\":\"\",\"publisher\":{\"@id\":\"https:\\\/\\\/lospoliticosveracruz.com\\\/#organization\"},\"potentialAction\":[{\"@type\":\"SearchAction\",\"target\":{\"@type\":\"EntryPoint\",\"urlTemplate\":\"https:\\\/\\\/lospoliticosveracruz.com\\\/?s={search_term_string}\"},\"query-input\":{\"@type\":\"PropertyValueSpecification\",\"valueRequired\":true,\"valueName\":\"search_term_string\"}}],\"inLanguage\":\"es\"},{\"@type\":\"Organization\",\"@id\":\"https:\\\/\\\/lospoliticosveracruz.com\\\/#organization\",\"name\":\"Los pol\u00edticos Veracruz\",\"url\":\"https:\\\/\\\/lospoliticosveracruz.com\\\/\",\"logo\":{\"@type\":\"ImageObject\",\"inLanguage\":\"es\",\"@id\":\"https:\\\/\\\/lospoliticosveracruz.com\\\/#\\\/schema\\\/logo\\\/image\\\/\",\"url\":\"https:\\\/\\\/lospoliticosveracruz.com\\\/wp-content\\\/uploads\\\/2025\\\/12\\\/Logo-Nuevo-LOS-POLITICOS-1.jpg\",\"contentUrl\":\"https:\\\/\\\/lospoliticosveracruz.com\\\/wp-content\\\/uploads\\\/2025\\\/12\\\/Logo-Nuevo-LOS-POLITICOS-1.jpg\",\"width\":260,\"height\":70,\"caption\":\"Los pol\u00edticos Veracruz\"},\"image\":{\"@id\":\"https:\\\/\\\/lospoliticosveracruz.com\\\/#\\\/schema\\\/logo\\\/image\\\/\"},\"sameAs\":[\"https:\\\/\\\/www.facebook.com\\\/people\\\/Notimemes-de-los-Polticos\\\/61565672886568\\\/\",\"https:\\\/\\\/x.com\\\/LosPoliticosVer\"]},{\"@type\":\"Person\",\"@id\":\"https:\\\/\\\/lospoliticosveracruz.com\\\/#\\\/schema\\\/person\\\/b8702bb0e538456e6efd07080bf2a4a2\",\"name\":\"Lo viste en Los Pol\u00edticos\",\"image\":{\"@type\":\"ImageObject\",\"inLanguage\":\"es\",\"@id\":\"https:\\\/\\\/secure.gravatar.com\\\/avatar\\\/3a8de04a2656d44082be478bd6c086daa447c4651605818287b9532d3d0bd435?s=96&d=mm&r=g\",\"url\":\"https:\\\/\\\/secure.gravatar.com\\\/avatar\\\/3a8de04a2656d44082be478bd6c086daa447c4651605818287b9532d3d0bd435?s=96&d=mm&r=g\",\"contentUrl\":\"https:\\\/\\\/secure.gravatar.com\\\/avatar\\\/3a8de04a2656d44082be478bd6c086daa447c4651605818287b9532d3d0bd435?s=96&d=mm&r=g\",\"caption\":\"Lo viste en Los Pol\u00edticos\"},\"url\":\"https:\\\/\\\/lospoliticosveracruz.com\\\/?author=2\"}]}<\/script>\n<!-- \/ Yoast SEO plugin. -->","yoast_head_json":{"title":"LA 4T, DE MAL EN PEOR - Los pol\u00edticos Veracruz","robots":{"index":"index","follow":"follow","max-snippet":"max-snippet:-1","max-image-preview":"max-image-preview:large","max-video-preview":"max-video-preview:-1"},"canonical":"https:\/\/lospoliticosveracruz.com\/?p=100741","og_locale":"es_ES","og_type":"article","og_title":"LA 4T, DE MAL EN PEOR - Los pol\u00edticos Veracruz","og_description":"Miguel \u00c1ngel G\u00f3mez RuizContrapunto El gobernador Cuitl\u00e1huac Garc\u00eda Jim\u00e9nez ha recibido desde algunos meses y casi a diario, noticias sobre la nula estrategia en seguridad y que el crimen organizado ha avanzado a pasos agigantados a lo largo y ancho del estado. En lugar de poner un remedio, se dedica a echar culpas. As\u00ed es [&hellip;]","og_url":"https:\/\/lospoliticosveracruz.com\/?p=100741","og_site_name":"Los pol\u00edticos Veracruz","article_publisher":"https:\/\/www.facebook.com\/people\/Notimemes-de-los-Polticos\/61565672886568\/","article_published_time":"2023-01-05T00:31:56+00:00","article_modified_time":"2023-01-05T00:32:04+00:00","og_image":[{"url":"https:\/\/lospoliticosveracruz.com.mx\/wp-content\/uploads\/2021\/10\/Zacauilt.jpg","type":"","width":"","height":""}],"author":"Lo viste en Los Pol\u00edticos","twitter_card":"summary_large_image","twitter_creator":"@LosPoliticosVer","twitter_site":"@LosPoliticosVer","twitter_misc":{"Escrito por":"Lo viste en Los Pol\u00edticos","Tiempo de lectura":"5 minutos"},"schema":{"@context":"https:\/\/schema.org","@graph":[{"@type":"Article","@id":"https:\/\/lospoliticosveracruz.com\/?p=100741#article","isPartOf":{"@id":"https:\/\/lospoliticosveracruz.com\/?p=100741"},"author":{"name":"Lo viste en Los Pol\u00edticos","@id":"https:\/\/lospoliticosveracruz.com\/#\/schema\/person\/b8702bb0e538456e6efd07080bf2a4a2"},"headline":"LA 4T, DE MAL EN PEOR","datePublished":"2023-01-05T00:31:56+00:00","dateModified":"2023-01-05T00:32:04+00:00","mainEntityOfPage":{"@id":"https:\/\/lospoliticosveracruz.com\/?p=100741"},"wordCount":1025,"publisher":{"@id":"https:\/\/lospoliticosveracruz.com\/#organization"},"image":{"@id":"https:\/\/lospoliticosveracruz.com\/?p=100741#primaryimage"},"thumbnailUrl":"https:\/\/lospoliticosveracruz.com.mx\/wp-content\/uploads\/2021\/10\/Zacauilt.jpg","keywords":["Cuitl\u00e1huac Garc\u00eda Jim\u00e9nez","Eleazar Guerrero","Finanzas","Juan Manuel de Unanue","Miguel \u00c1ngel G\u00f3mez Ruiz","Morena","Paty Lobeira de Yunes","Ricardo Ahued Bardahuil","Veracruz"],"articleSection":["De Opini\u00f3n"],"inLanguage":"es"},{"@type":"WebPage","@id":"https:\/\/lospoliticosveracruz.com\/?p=100741","url":"https:\/\/lospoliticosveracruz.com\/?p=100741","name":"LA 4T, DE MAL EN PEOR - Los pol\u00edticos Veracruz","isPartOf":{"@id":"https:\/\/lospoliticosveracruz.com\/#website"},"primaryImageOfPage":{"@id":"https:\/\/lospoliticosveracruz.com\/?p=100741#primaryimage"},"image":{"@id":"https:\/\/lospoliticosveracruz.com\/?p=100741#primaryimage"},"thumbnailUrl":"https:\/\/lospoliticosveracruz.com.mx\/wp-content\/uploads\/2021\/10\/Zacauilt.jpg","datePublished":"2023-01-05T00:31:56+00:00","dateModified":"2023-01-05T00:32:04+00:00","breadcrumb":{"@id":"https:\/\/lospoliticosveracruz.com\/?p=100741#breadcrumb"},"inLanguage":"es","potentialAction":[{"@type":"ReadAction","target":["https:\/\/lospoliticosveracruz.com\/?p=100741"]}]},{"@type":"ImageObject","inLanguage":"es","@id":"https:\/\/lospoliticosveracruz.com\/?p=100741#primaryimage","url":"https:\/\/lospoliticosveracruz.com.mx\/wp-content\/uploads\/2021\/10\/Zacauilt.jpg","contentUrl":"https:\/\/lospoliticosveracruz.com.mx\/wp-content\/uploads\/2021\/10\/Zacauilt.jpg"},{"@type":"BreadcrumbList","@id":"https:\/\/lospoliticosveracruz.com\/?p=100741#breadcrumb","itemListElement":[{"@type":"ListItem","position":1,"name":"Portada","item":"https:\/\/lospoliticosveracruz.com\/"},{"@type":"ListItem","position":2,"name":"LA 4T, DE MAL EN PEOR"}]},{"@type":"WebSite","@id":"https:\/\/lospoliticosveracruz.com\/#website","url":"https:\/\/lospoliticosveracruz.com\/","name":"Los pol\u00edticos Veracruz","description":"","publisher":{"@id":"https:\/\/lospoliticosveracruz.com\/#organization"},"potentialAction":[{"@type":"SearchAction","target":{"@type":"EntryPoint","urlTemplate":"https:\/\/lospoliticosveracruz.com\/?s={search_term_string}"},"query-input":{"@type":"PropertyValueSpecification","valueRequired":true,"valueName":"search_term_string"}}],"inLanguage":"es"},{"@type":"Organization","@id":"https:\/\/lospoliticosveracruz.com\/#organization","name":"Los pol\u00edticos Veracruz","url":"https:\/\/lospoliticosveracruz.com\/","logo":{"@type":"ImageObject","inLanguage":"es","@id":"https:\/\/lospoliticosveracruz.com\/#\/schema\/logo\/image\/","url":"https:\/\/lospoliticosveracruz.com\/wp-content\/uploads\/2025\/12\/Logo-Nuevo-LOS-POLITICOS-1.jpg","contentUrl":"https:\/\/lospoliticosveracruz.com\/wp-content\/uploads\/2025\/12\/Logo-Nuevo-LOS-POLITICOS-1.jpg","width":260,"height":70,"caption":"Los pol\u00edticos Veracruz"},"image":{"@id":"https:\/\/lospoliticosveracruz.com\/#\/schema\/logo\/image\/"},"sameAs":["https:\/\/www.facebook.com\/people\/Notimemes-de-los-Polticos\/61565672886568\/","https:\/\/x.com\/LosPoliticosVer"]},{"@type":"Person","@id":"https:\/\/lospoliticosveracruz.com\/#\/schema\/person\/b8702bb0e538456e6efd07080bf2a4a2","name":"Lo viste en Los Pol\u00edticos","image":{"@type":"ImageObject","inLanguage":"es","@id":"https:\/\/secure.gravatar.com\/avatar\/3a8de04a2656d44082be478bd6c086daa447c4651605818287b9532d3d0bd435?s=96&d=mm&r=g","url":"https:\/\/secure.gravatar.com\/avatar\/3a8de04a2656d44082be478bd6c086daa447c4651605818287b9532d3d0bd435?s=96&d=mm&r=g","contentUrl":"https:\/\/secure.gravatar.com\/avatar\/3a8de04a2656d44082be478bd6c086daa447c4651605818287b9532d3d0bd435?s=96&d=mm&r=g","caption":"Lo viste en Los Pol\u00edticos"},"url":"https:\/\/lospoliticosveracruz.com\/?author=2"}]}},"_links":{"self":[{"href":"https:\/\/lospoliticosveracruz.com\/index.php?rest_route=\/wp\/v2\/posts\/100741","targetHints":{"allow":["GET"]}}],"collection":[{"href":"https:\/\/lospoliticosveracruz.com\/index.php?rest_route=\/wp\/v2\/posts"}],"about":[{"href":"https:\/\/lospoliticosveracruz.com\/index.php?rest_route=\/wp\/v2\/types\/post"}],"author":[{"embeddable":true,"href":"https:\/\/lospoliticosveracruz.com\/index.php?rest_route=\/wp\/v2\/users\/2"}],"replies":[{"embeddable":true,"href":"https:\/\/lospoliticosveracruz.com\/index.php?rest_route=%2Fwp%2Fv2%2Fcomments&post=100741"}],"version-history":[{"count":1,"href":"https:\/\/lospoliticosveracruz.com\/index.php?rest_route=\/wp\/v2\/posts\/100741\/revisions"}],"predecessor-version":[{"id":100742,"href":"https:\/\/lospoliticosveracruz.com\/index.php?rest_route=\/wp\/v2\/posts\/100741\/revisions\/100742"}],"wp:attachment":[{"href":"https:\/\/lospoliticosveracruz.com\/index.php?rest_route=%2Fwp%2Fv2%2Fmedia&parent=100741"}],"wp:term":[{"taxonomy":"category","embeddable":true,"href":"https:\/\/lospoliticosveracruz.com\/index.php?rest_route=%2Fwp%2Fv2%2Fcategories&post=100741"},{"taxonomy":"post_tag","embeddable":true,"href":"https:\/\/lospoliticosveracruz.com\/index.php?rest_route=%2Fwp%2Fv2%2Ftags&post=100741"}],"curies":[{"name":"wp","href":"https:\/\/api.w.org\/{rel}","templated":true}]}}