{"id":100807,"date":"2023-01-06T07:51:25","date_gmt":"2023-01-06T13:51:25","guid":{"rendered":"https:\/\/lospoliticosveracruz.com.mx\/?p=100807"},"modified":"2023-01-06T07:51:34","modified_gmt":"2023-01-06T13:51:34","slug":"amlo-y-ovidio","status":"publish","type":"post","link":"https:\/\/lospoliticosveracruz.com\/?p=100807","title":{"rendered":"AMLO Y OVIDIO"},"content":{"rendered":"\n<p><strong>Omar Z\u00fa\u00f1iga<\/strong><\/p>\n\n\n\n<p><em>De Primera Mano\u00a0<\/em><\/p>\n\n\n\n<p><\/p>\n\n\n\n<p>Es imposible abstraerse de abordar el asunto de la detenci\u00f3n del cachorro del Chapo Guzm\u00e1n, Ovidio Guzm\u00e1n, la madrugada de ayer en una congregaci\u00f3n cercana a Culiac\u00e1n, Sinaloa.<\/p>\n\n\n<div class=\"wp-block-image\">\n<figure class=\"alignleft size-medium\"><a href=\"https:\/\/lospoliticosveracruz.com.mx\/wp-content\/uploads\/2021\/10\/WhatsApp-Image-2021-10-02-at-15.20.25.jpeg\"><img loading=\"lazy\" decoding=\"async\" width=\"212\" height=\"300\" src=\"https:\/\/lospoliticosveracruz.com.mx\/wp-content\/uploads\/2021\/10\/WhatsApp-Image-2021-10-02-at-15.20.25-212x300.jpeg\" alt=\"\" class=\"wp-image-80177\" srcset=\"https:\/\/lospoliticosveracruz.com\/wp-content\/uploads\/2021\/10\/WhatsApp-Image-2021-10-02-at-15.20.25-212x300.jpeg 212w, https:\/\/lospoliticosveracruz.com\/wp-content\/uploads\/2021\/10\/WhatsApp-Image-2021-10-02-at-15.20.25-724x1024.jpeg 724w, https:\/\/lospoliticosveracruz.com\/wp-content\/uploads\/2021\/10\/WhatsApp-Image-2021-10-02-at-15.20.25-768x1086.jpeg 768w, https:\/\/lospoliticosveracruz.com\/wp-content\/uploads\/2021\/10\/WhatsApp-Image-2021-10-02-at-15.20.25.jpeg 905w\" sizes=\"auto, (max-width: 212px) 100vw, 212px\" \/><\/a><\/figure>\n<\/div>\n\n\n<p>Un operativo de Fuerzas Especiales de la Marina \u2013incluidos helic\u00f3pteros Black Hawk artillados- le cay\u00f3 a Ovidio, el mismo que hace tres a\u00f1os fue liberado por los mismos que lo hab\u00edan detenido en su casa, por instrucci\u00f3n del mism\u00edsimo presidente L\u00f3pez Obrador, bajo el pretexto de que con esa acci\u00f3n se evitaba un ba\u00f1o de sangre en Culiac\u00e1n\u2026 \/y se march\u00f3\/ y a su barca le llam\u00f3\/ libertad\u2026<\/p>\n\n\n\n<p>Tiempo despu\u00e9s, la abuela de Don Ovidio, madre de quien fuera el capo m\u00e1s poderoso de M\u00e9xico recibi\u00f3 en su camioneta, el sol\u00edcito saludo de L\u00f3pez Obrador en una gira presidencial que realiz\u00f3 a la tierra natal de los m\u00e1s grandes capos que ha visto M\u00e9xico: Badiraguato, Sinaloa; una gira que por cierto caus\u00f3 muchas dudas, pues pr\u00e1cticamente no hab\u00eda nada qu\u00e9 ir a hacer all\u00e1, m\u00e1s que \u201cpasar a saludar porque estaba por el barrio\u2026\u201d.<\/p>\n\n\n\n<p>El tema es que las suspicacias se mantuvieron, porque la liberaci\u00f3n y el saludo era (es) imposible de entender uno sin el otro.<\/p>\n\n\n\n<p>La detenci\u00f3n de Don Ovidio causa igualmente suspicacia, pues se lleva a cabo a escasos cinco d\u00edas de una visita que har\u00e1 el Presidente de Estados Unidos Joe Biden, a nuestro pa\u00eds.<\/p>\n\n\n\n<p>Es imposible no pensar, cuantim\u00e1s porque en el operativo se ha filtrado la participaci\u00f3n activa de la DEA, que la instrucci\u00f3n de aprehenderlo \u2013ahora s\u00ed- vino directamente de Washington, pues adem\u00e1s la ocasi\u00f3n anterior, en octubre de 2019, la detenci\u00f3n era con fines de extradici\u00f3n, pues en nuestro pa\u00eds no hab\u00eda \u2013casualmente- ninguna causa penal en contra del cachorro Guzm\u00e1n.<\/p>\n\n\n\n<p>Don Ovidio se ha revelado como el gran operador del c\u00e1rtel de Sinaloa, por encima de sus hermanos Iv\u00e1n Archivaldo y Alfredo, como el m\u00e1s grande productor y traficante de fentanilo, pero tambi\u00e9n como el m\u00e1s cerebral, pues sus hermanos son conocidos por su alto nivel de agresividad.<\/p>\n\n\n\n<p>En este contexto, la nueva pregunta que surge es si esta aprehensi\u00f3n estuvo pactada con el Cartel de Sinaloa, mismo que a todas luces parec\u00eda protegido del gobierno de la 4T, por las razones arriba expuestas; de no haber sido as\u00ed, la respuesta por parte de la mafia puede ser realmente virulenta, como de hecho ha sido en Sinaloa, situaci\u00f3n que se ha extendido al sur de Sonora, a Ciudad Obreg\u00f3n, donde ya Aerom\u00e9xico suspendi\u00f3 sus vuelos por el riesgo de la operaci\u00f3n en esta ciudad, parte del corredor para el trasiego de droga hacia Estados&nbsp;&nbsp;Unidos.<\/p>\n\n\n\n<p>Sinaloa vive en un estado de sitio, instrumentado por sicarios de los hermanos Guzm\u00e1n, a quienes temor pareciera una palabra desconocida, pues no es cosa f\u00e1cil tomar por asalto el aeropuerto de Culiac\u00e1n, entrar a la pista y tratar de evitar a punta de balazos, el despegue del avi\u00f3n militar que trasladaba a su l\u00edder a la Ciudad de M\u00e9xico, refriega donde por cierto, result\u00f3 afectado un avi\u00f3n comercial de Aerom\u00e9xico (lleno de pasajeros), que recibi\u00f3 un balazo en la zona de cola, situaci\u00f3n que oblig\u00f3 al piloto a abortar el despegue.<\/p>\n\n\n\n<p>Ambas situaciones son delicadas para el gobierno de L\u00f3pez Obrador. La cacareada estrategia de abrazos, no balazos, visto est\u00e1 que no le ha resultado para nada.<\/p>\n\n\n\n<p>El lunes se realizar\u00e1 entonces la Cumbre Trilateral de los l\u00edderes de Am\u00e9rica del Norte Joe Biden de Estados Unidos, Justin Trudeau de Canad\u00e1 y el anfitri\u00f3n L\u00f3pez Obrador, quien desde ya se avizora que tendr\u00e1 \u00e9xito por el simple hecho de esta detenci\u00f3n.<\/p>\n\n\n\n<p>Esperemos ahora la respuesta del Cartel de Sinaloa.<\/p>\n\n\n\n<p>El regalo de D\u00eda de Reyes se le adelant\u00f3 un d\u00eda al presidente, a ver si no adelanta su salida.<\/p>\n\n\n\n<p>Abrazo solidario a colegas y ciudadanos sinaloenses que sufren una situaci\u00f3n delicada de violencia extrema, en la esperanza de que cese pronto y puedan retornar a su normalidad.<\/p>\n\n\n\n<p>\u00a1Qu\u00e9 barbaridad!<\/p>\n\n\n\n<p>deprimera.mano2020@gmail.com<\/p>\n","protected":false},"excerpt":{"rendered":"<p>Omar Z\u00fa\u00f1iga De Primera Mano\u00a0 Es imposible abstraerse de abordar el asunto de la detenci\u00f3n del cachorro del Chapo Guzm\u00e1n, Ovidio Guzm\u00e1n, la madrugada de ayer en una congregaci\u00f3n cercana a Culiac\u00e1n, Sinaloa. Un operativo de Fuerzas Especiales de la Marina \u2013incluidos helic\u00f3pteros Black Hawk artillados- le cay\u00f3 a Ovidio, el mismo que hace tres [&hellip;]<\/p>\n","protected":false},"author":2,"featured_media":0,"comment_status":"closed","ping_status":"closed","sticky":false,"template":"","format":"standard","meta":{"tdm_status":"","tdm_grid_status":"","footnotes":""},"categories":[70],"tags":[618,3000,15490,1026,28705,15522,6868],"class_list":{"0":"post-100807","1":"post","2":"type-post","3":"status-publish","4":"format-standard","6":"category-de-opinion","7":"tag-andres-manuel-lopez-obrador","8":"tag-chapo-guzman","9":"tag-culiacan","10":"tag-morena","11":"tag-omar-zuniga","12":"tag-ovidio-guzman","13":"tag-sinaloa"},"yoast_head":"<!-- This site is optimized with the Yoast SEO plugin v27.4 - https:\/\/yoast.com\/product\/yoast-seo-wordpress\/ -->\n<title>AMLO Y OVIDIO - Los pol\u00edticos Veracruz<\/title>\n<meta name=\"robots\" content=\"index, follow, max-snippet:-1, max-image-preview:large, max-video-preview:-1\" \/>\n<link rel=\"canonical\" href=\"https:\/\/lospoliticosveracruz.com\/?p=100807\" \/>\n<meta property=\"og:locale\" content=\"es_ES\" \/>\n<meta property=\"og:type\" content=\"article\" \/>\n<meta property=\"og:title\" content=\"AMLO Y OVIDIO - Los pol\u00edticos Veracruz\" \/>\n<meta property=\"og:description\" content=\"Omar Z\u00fa\u00f1iga De Primera Mano\u00a0 Es imposible abstraerse de abordar el asunto de la detenci\u00f3n del cachorro del Chapo Guzm\u00e1n, Ovidio Guzm\u00e1n, la madrugada de ayer en una congregaci\u00f3n cercana a Culiac\u00e1n, Sinaloa. Un operativo de Fuerzas Especiales de la Marina \u2013incluidos helic\u00f3pteros Black Hawk artillados- le cay\u00f3 a Ovidio, el mismo que hace tres [&hellip;]\" \/>\n<meta property=\"og:url\" content=\"https:\/\/lospoliticosveracruz.com\/?p=100807\" \/>\n<meta property=\"og:site_name\" content=\"Los pol\u00edticos Veracruz\" \/>\n<meta property=\"article:publisher\" content=\"https:\/\/www.facebook.com\/people\/Notimemes-de-los-Polticos\/61565672886568\/\" \/>\n<meta property=\"article:published_time\" content=\"2023-01-06T13:51:25+00:00\" \/>\n<meta property=\"article:modified_time\" content=\"2023-01-06T13:51:34+00:00\" \/>\n<meta property=\"og:image\" content=\"https:\/\/lospoliticosveracruz.com.mx\/wp-content\/uploads\/2021\/10\/WhatsApp-Image-2021-10-02-at-15.20.25-212x300.jpeg\" \/>\n<meta name=\"author\" content=\"Lo viste en Los Pol\u00edticos\" \/>\n<meta name=\"twitter:card\" content=\"summary_large_image\" \/>\n<meta name=\"twitter:creator\" content=\"@LosPoliticosVer\" \/>\n<meta name=\"twitter:site\" content=\"@LosPoliticosVer\" \/>\n<meta name=\"twitter:label1\" content=\"Escrito por\" \/>\n\t<meta name=\"twitter:data1\" content=\"Lo viste en Los Pol\u00edticos\" \/>\n\t<meta name=\"twitter:label2\" content=\"Tiempo de lectura\" \/>\n\t<meta name=\"twitter:data2\" content=\"4 minutos\" \/>\n<script type=\"application\/ld+json\" class=\"yoast-schema-graph\">{\"@context\":\"https:\\\/\\\/schema.org\",\"@graph\":[{\"@type\":\"Article\",\"@id\":\"https:\\\/\\\/lospoliticosveracruz.com\\\/?p=100807#article\",\"isPartOf\":{\"@id\":\"https:\\\/\\\/lospoliticosveracruz.com\\\/?p=100807\"},\"author\":{\"name\":\"Lo viste en Los Pol\u00edticos\",\"@id\":\"https:\\\/\\\/lospoliticosveracruz.com\\\/#\\\/schema\\\/person\\\/b8702bb0e538456e6efd07080bf2a4a2\"},\"headline\":\"AMLO Y OVIDIO\",\"datePublished\":\"2023-01-06T13:51:25+00:00\",\"dateModified\":\"2023-01-06T13:51:34+00:00\",\"mainEntityOfPage\":{\"@id\":\"https:\\\/\\\/lospoliticosveracruz.com\\\/?p=100807\"},\"wordCount\":734,\"publisher\":{\"@id\":\"https:\\\/\\\/lospoliticosveracruz.com\\\/#organization\"},\"image\":{\"@id\":\"https:\\\/\\\/lospoliticosveracruz.com\\\/?p=100807#primaryimage\"},\"thumbnailUrl\":\"https:\\\/\\\/lospoliticosveracruz.com.mx\\\/wp-content\\\/uploads\\\/2021\\\/10\\\/WhatsApp-Image-2021-10-02-at-15.20.25-212x300.jpeg\",\"keywords\":[\"Andr\u00e9s Manuel L\u00f3pez Obrador\",\"Chapo Guzm\u00e1n\",\"Culiac\u00e1n\",\"Morena\",\"Omar Z\u00fa\u00f1iga\",\"Ovidio Guzm\u00e1n\",\"Sinaloa\"],\"articleSection\":[\"De Opini\u00f3n\"],\"inLanguage\":\"es\"},{\"@type\":\"WebPage\",\"@id\":\"https:\\\/\\\/lospoliticosveracruz.com\\\/?p=100807\",\"url\":\"https:\\\/\\\/lospoliticosveracruz.com\\\/?p=100807\",\"name\":\"AMLO Y OVIDIO - Los pol\u00edticos Veracruz\",\"isPartOf\":{\"@id\":\"https:\\\/\\\/lospoliticosveracruz.com\\\/#website\"},\"primaryImageOfPage\":{\"@id\":\"https:\\\/\\\/lospoliticosveracruz.com\\\/?p=100807#primaryimage\"},\"image\":{\"@id\":\"https:\\\/\\\/lospoliticosveracruz.com\\\/?p=100807#primaryimage\"},\"thumbnailUrl\":\"https:\\\/\\\/lospoliticosveracruz.com.mx\\\/wp-content\\\/uploads\\\/2021\\\/10\\\/WhatsApp-Image-2021-10-02-at-15.20.25-212x300.jpeg\",\"datePublished\":\"2023-01-06T13:51:25+00:00\",\"dateModified\":\"2023-01-06T13:51:34+00:00\",\"breadcrumb\":{\"@id\":\"https:\\\/\\\/lospoliticosveracruz.com\\\/?p=100807#breadcrumb\"},\"inLanguage\":\"es\",\"potentialAction\":[{\"@type\":\"ReadAction\",\"target\":[\"https:\\\/\\\/lospoliticosveracruz.com\\\/?p=100807\"]}]},{\"@type\":\"ImageObject\",\"inLanguage\":\"es\",\"@id\":\"https:\\\/\\\/lospoliticosveracruz.com\\\/?p=100807#primaryimage\",\"url\":\"https:\\\/\\\/lospoliticosveracruz.com.mx\\\/wp-content\\\/uploads\\\/2021\\\/10\\\/WhatsApp-Image-2021-10-02-at-15.20.25-212x300.jpeg\",\"contentUrl\":\"https:\\\/\\\/lospoliticosveracruz.com.mx\\\/wp-content\\\/uploads\\\/2021\\\/10\\\/WhatsApp-Image-2021-10-02-at-15.20.25-212x300.jpeg\"},{\"@type\":\"BreadcrumbList\",\"@id\":\"https:\\\/\\\/lospoliticosveracruz.com\\\/?p=100807#breadcrumb\",\"itemListElement\":[{\"@type\":\"ListItem\",\"position\":1,\"name\":\"Portada\",\"item\":\"https:\\\/\\\/lospoliticosveracruz.com\\\/\"},{\"@type\":\"ListItem\",\"position\":2,\"name\":\"AMLO Y OVIDIO\"}]},{\"@type\":\"WebSite\",\"@id\":\"https:\\\/\\\/lospoliticosveracruz.com\\\/#website\",\"url\":\"https:\\\/\\\/lospoliticosveracruz.com\\\/\",\"name\":\"Los pol\u00edticos Veracruz\",\"description\":\"\",\"publisher\":{\"@id\":\"https:\\\/\\\/lospoliticosveracruz.com\\\/#organization\"},\"potentialAction\":[{\"@type\":\"SearchAction\",\"target\":{\"@type\":\"EntryPoint\",\"urlTemplate\":\"https:\\\/\\\/lospoliticosveracruz.com\\\/?s={search_term_string}\"},\"query-input\":{\"@type\":\"PropertyValueSpecification\",\"valueRequired\":true,\"valueName\":\"search_term_string\"}}],\"inLanguage\":\"es\"},{\"@type\":\"Organization\",\"@id\":\"https:\\\/\\\/lospoliticosveracruz.com\\\/#organization\",\"name\":\"Los pol\u00edticos Veracruz\",\"url\":\"https:\\\/\\\/lospoliticosveracruz.com\\\/\",\"logo\":{\"@type\":\"ImageObject\",\"inLanguage\":\"es\",\"@id\":\"https:\\\/\\\/lospoliticosveracruz.com\\\/#\\\/schema\\\/logo\\\/image\\\/\",\"url\":\"https:\\\/\\\/lospoliticosveracruz.com\\\/wp-content\\\/uploads\\\/2025\\\/12\\\/Logo-Nuevo-LOS-POLITICOS-1.jpg\",\"contentUrl\":\"https:\\\/\\\/lospoliticosveracruz.com\\\/wp-content\\\/uploads\\\/2025\\\/12\\\/Logo-Nuevo-LOS-POLITICOS-1.jpg\",\"width\":260,\"height\":70,\"caption\":\"Los pol\u00edticos Veracruz\"},\"image\":{\"@id\":\"https:\\\/\\\/lospoliticosveracruz.com\\\/#\\\/schema\\\/logo\\\/image\\\/\"},\"sameAs\":[\"https:\\\/\\\/www.facebook.com\\\/people\\\/Notimemes-de-los-Polticos\\\/61565672886568\\\/\",\"https:\\\/\\\/x.com\\\/LosPoliticosVer\"]},{\"@type\":\"Person\",\"@id\":\"https:\\\/\\\/lospoliticosveracruz.com\\\/#\\\/schema\\\/person\\\/b8702bb0e538456e6efd07080bf2a4a2\",\"name\":\"Lo viste en Los Pol\u00edticos\",\"image\":{\"@type\":\"ImageObject\",\"inLanguage\":\"es\",\"@id\":\"https:\\\/\\\/secure.gravatar.com\\\/avatar\\\/3a8de04a2656d44082be478bd6c086daa447c4651605818287b9532d3d0bd435?s=96&d=mm&r=g\",\"url\":\"https:\\\/\\\/secure.gravatar.com\\\/avatar\\\/3a8de04a2656d44082be478bd6c086daa447c4651605818287b9532d3d0bd435?s=96&d=mm&r=g\",\"contentUrl\":\"https:\\\/\\\/secure.gravatar.com\\\/avatar\\\/3a8de04a2656d44082be478bd6c086daa447c4651605818287b9532d3d0bd435?s=96&d=mm&r=g\",\"caption\":\"Lo viste en Los Pol\u00edticos\"},\"url\":\"https:\\\/\\\/lospoliticosveracruz.com\\\/?author=2\"}]}<\/script>\n<!-- \/ Yoast SEO plugin. -->","yoast_head_json":{"title":"AMLO Y OVIDIO - Los pol\u00edticos Veracruz","robots":{"index":"index","follow":"follow","max-snippet":"max-snippet:-1","max-image-preview":"max-image-preview:large","max-video-preview":"max-video-preview:-1"},"canonical":"https:\/\/lospoliticosveracruz.com\/?p=100807","og_locale":"es_ES","og_type":"article","og_title":"AMLO Y OVIDIO - Los pol\u00edticos Veracruz","og_description":"Omar Z\u00fa\u00f1iga De Primera Mano\u00a0 Es imposible abstraerse de abordar el asunto de la detenci\u00f3n del cachorro del Chapo Guzm\u00e1n, Ovidio Guzm\u00e1n, la madrugada de ayer en una congregaci\u00f3n cercana a Culiac\u00e1n, Sinaloa. Un operativo de Fuerzas Especiales de la Marina \u2013incluidos helic\u00f3pteros Black Hawk artillados- le cay\u00f3 a Ovidio, el mismo que hace tres [&hellip;]","og_url":"https:\/\/lospoliticosveracruz.com\/?p=100807","og_site_name":"Los pol\u00edticos Veracruz","article_publisher":"https:\/\/www.facebook.com\/people\/Notimemes-de-los-Polticos\/61565672886568\/","article_published_time":"2023-01-06T13:51:25+00:00","article_modified_time":"2023-01-06T13:51:34+00:00","og_image":[{"url":"https:\/\/lospoliticosveracruz.com.mx\/wp-content\/uploads\/2021\/10\/WhatsApp-Image-2021-10-02-at-15.20.25-212x300.jpeg","type":"","width":"","height":""}],"author":"Lo viste en Los Pol\u00edticos","twitter_card":"summary_large_image","twitter_creator":"@LosPoliticosVer","twitter_site":"@LosPoliticosVer","twitter_misc":{"Escrito por":"Lo viste en Los Pol\u00edticos","Tiempo de lectura":"4 minutos"},"schema":{"@context":"https:\/\/schema.org","@graph":[{"@type":"Article","@id":"https:\/\/lospoliticosveracruz.com\/?p=100807#article","isPartOf":{"@id":"https:\/\/lospoliticosveracruz.com\/?p=100807"},"author":{"name":"Lo viste en Los Pol\u00edticos","@id":"https:\/\/lospoliticosveracruz.com\/#\/schema\/person\/b8702bb0e538456e6efd07080bf2a4a2"},"headline":"AMLO Y OVIDIO","datePublished":"2023-01-06T13:51:25+00:00","dateModified":"2023-01-06T13:51:34+00:00","mainEntityOfPage":{"@id":"https:\/\/lospoliticosveracruz.com\/?p=100807"},"wordCount":734,"publisher":{"@id":"https:\/\/lospoliticosveracruz.com\/#organization"},"image":{"@id":"https:\/\/lospoliticosveracruz.com\/?p=100807#primaryimage"},"thumbnailUrl":"https:\/\/lospoliticosveracruz.com.mx\/wp-content\/uploads\/2021\/10\/WhatsApp-Image-2021-10-02-at-15.20.25-212x300.jpeg","keywords":["Andr\u00e9s Manuel L\u00f3pez Obrador","Chapo Guzm\u00e1n","Culiac\u00e1n","Morena","Omar Z\u00fa\u00f1iga","Ovidio Guzm\u00e1n","Sinaloa"],"articleSection":["De Opini\u00f3n"],"inLanguage":"es"},{"@type":"WebPage","@id":"https:\/\/lospoliticosveracruz.com\/?p=100807","url":"https:\/\/lospoliticosveracruz.com\/?p=100807","name":"AMLO Y OVIDIO - Los pol\u00edticos Veracruz","isPartOf":{"@id":"https:\/\/lospoliticosveracruz.com\/#website"},"primaryImageOfPage":{"@id":"https:\/\/lospoliticosveracruz.com\/?p=100807#primaryimage"},"image":{"@id":"https:\/\/lospoliticosveracruz.com\/?p=100807#primaryimage"},"thumbnailUrl":"https:\/\/lospoliticosveracruz.com.mx\/wp-content\/uploads\/2021\/10\/WhatsApp-Image-2021-10-02-at-15.20.25-212x300.jpeg","datePublished":"2023-01-06T13:51:25+00:00","dateModified":"2023-01-06T13:51:34+00:00","breadcrumb":{"@id":"https:\/\/lospoliticosveracruz.com\/?p=100807#breadcrumb"},"inLanguage":"es","potentialAction":[{"@type":"ReadAction","target":["https:\/\/lospoliticosveracruz.com\/?p=100807"]}]},{"@type":"ImageObject","inLanguage":"es","@id":"https:\/\/lospoliticosveracruz.com\/?p=100807#primaryimage","url":"https:\/\/lospoliticosveracruz.com.mx\/wp-content\/uploads\/2021\/10\/WhatsApp-Image-2021-10-02-at-15.20.25-212x300.jpeg","contentUrl":"https:\/\/lospoliticosveracruz.com.mx\/wp-content\/uploads\/2021\/10\/WhatsApp-Image-2021-10-02-at-15.20.25-212x300.jpeg"},{"@type":"BreadcrumbList","@id":"https:\/\/lospoliticosveracruz.com\/?p=100807#breadcrumb","itemListElement":[{"@type":"ListItem","position":1,"name":"Portada","item":"https:\/\/lospoliticosveracruz.com\/"},{"@type":"ListItem","position":2,"name":"AMLO Y OVIDIO"}]},{"@type":"WebSite","@id":"https:\/\/lospoliticosveracruz.com\/#website","url":"https:\/\/lospoliticosveracruz.com\/","name":"Los pol\u00edticos Veracruz","description":"","publisher":{"@id":"https:\/\/lospoliticosveracruz.com\/#organization"},"potentialAction":[{"@type":"SearchAction","target":{"@type":"EntryPoint","urlTemplate":"https:\/\/lospoliticosveracruz.com\/?s={search_term_string}"},"query-input":{"@type":"PropertyValueSpecification","valueRequired":true,"valueName":"search_term_string"}}],"inLanguage":"es"},{"@type":"Organization","@id":"https:\/\/lospoliticosveracruz.com\/#organization","name":"Los pol\u00edticos Veracruz","url":"https:\/\/lospoliticosveracruz.com\/","logo":{"@type":"ImageObject","inLanguage":"es","@id":"https:\/\/lospoliticosveracruz.com\/#\/schema\/logo\/image\/","url":"https:\/\/lospoliticosveracruz.com\/wp-content\/uploads\/2025\/12\/Logo-Nuevo-LOS-POLITICOS-1.jpg","contentUrl":"https:\/\/lospoliticosveracruz.com\/wp-content\/uploads\/2025\/12\/Logo-Nuevo-LOS-POLITICOS-1.jpg","width":260,"height":70,"caption":"Los pol\u00edticos Veracruz"},"image":{"@id":"https:\/\/lospoliticosveracruz.com\/#\/schema\/logo\/image\/"},"sameAs":["https:\/\/www.facebook.com\/people\/Notimemes-de-los-Polticos\/61565672886568\/","https:\/\/x.com\/LosPoliticosVer"]},{"@type":"Person","@id":"https:\/\/lospoliticosveracruz.com\/#\/schema\/person\/b8702bb0e538456e6efd07080bf2a4a2","name":"Lo viste en Los Pol\u00edticos","image":{"@type":"ImageObject","inLanguage":"es","@id":"https:\/\/secure.gravatar.com\/avatar\/3a8de04a2656d44082be478bd6c086daa447c4651605818287b9532d3d0bd435?s=96&d=mm&r=g","url":"https:\/\/secure.gravatar.com\/avatar\/3a8de04a2656d44082be478bd6c086daa447c4651605818287b9532d3d0bd435?s=96&d=mm&r=g","contentUrl":"https:\/\/secure.gravatar.com\/avatar\/3a8de04a2656d44082be478bd6c086daa447c4651605818287b9532d3d0bd435?s=96&d=mm&r=g","caption":"Lo viste en Los Pol\u00edticos"},"url":"https:\/\/lospoliticosveracruz.com\/?author=2"}]}},"_links":{"self":[{"href":"https:\/\/lospoliticosveracruz.com\/index.php?rest_route=\/wp\/v2\/posts\/100807","targetHints":{"allow":["GET"]}}],"collection":[{"href":"https:\/\/lospoliticosveracruz.com\/index.php?rest_route=\/wp\/v2\/posts"}],"about":[{"href":"https:\/\/lospoliticosveracruz.com\/index.php?rest_route=\/wp\/v2\/types\/post"}],"author":[{"embeddable":true,"href":"https:\/\/lospoliticosveracruz.com\/index.php?rest_route=\/wp\/v2\/users\/2"}],"replies":[{"embeddable":true,"href":"https:\/\/lospoliticosveracruz.com\/index.php?rest_route=%2Fwp%2Fv2%2Fcomments&post=100807"}],"version-history":[{"count":1,"href":"https:\/\/lospoliticosveracruz.com\/index.php?rest_route=\/wp\/v2\/posts\/100807\/revisions"}],"predecessor-version":[{"id":100809,"href":"https:\/\/lospoliticosveracruz.com\/index.php?rest_route=\/wp\/v2\/posts\/100807\/revisions\/100809"}],"wp:attachment":[{"href":"https:\/\/lospoliticosveracruz.com\/index.php?rest_route=%2Fwp%2Fv2%2Fmedia&parent=100807"}],"wp:term":[{"taxonomy":"category","embeddable":true,"href":"https:\/\/lospoliticosveracruz.com\/index.php?rest_route=%2Fwp%2Fv2%2Fcategories&post=100807"},{"taxonomy":"post_tag","embeddable":true,"href":"https:\/\/lospoliticosveracruz.com\/index.php?rest_route=%2Fwp%2Fv2%2Ftags&post=100807"}],"curies":[{"name":"wp","href":"https:\/\/api.w.org\/{rel}","templated":true}]}}