{"id":100816,"date":"2023-01-06T12:07:02","date_gmt":"2023-01-06T18:07:02","guid":{"rendered":"https:\/\/lospoliticosveracruz.com.mx\/?p=100816"},"modified":"2023-01-06T12:07:07","modified_gmt":"2023-01-06T18:07:07","slug":"abrazos-quirurgicos","status":"publish","type":"post","link":"https:\/\/lospoliticosveracruz.com\/?p=100816","title":{"rendered":"ABRAZOS QUIR\u00daRGICOS&nbsp;"},"content":{"rendered":"\n<p><strong>Manolo Victorio<\/strong><\/p>\n\n\n\n<p><em>Carpe Diem<\/em><\/p>\n\n\n\n<p>\u200bEl Estado, imperio de la violencia institucionalizada, el monopolio de la violencia legal, abraz\u00f3 como una gigantesca serpiente constrictora, poderosa mazacuata verde olivo, a un brazo del otro monopolio; el de la violencia criminal que detentan los c\u00e1rteles organizados.<\/p>\n\n\n\n<p>Fue un jueves largu\u00edsimo. La moneda lanzada al aire por el ej\u00e9rcito mexicano que buscaba cobrar una afrenta p\u00fablica que humill\u00f3 al pueblo uniformado el 17 de octubre de 2019, cuando la figura de Ovidio Guzm\u00e1n L\u00f3pez, jefe del c\u00e1rtel de Los Menores, ramal del c\u00e1rtel del Pac\u00edfico, se entroniz\u00f3 como el mandam\u00e1s de esta perniciosa, erosionante y criminal narco cultura que nos agobia d\u00eda a d\u00eda.<\/p>\n\n\n\n<p>Aparte del abrazo de metralla fosforescente lanzada desde un helic\u00f3ptero UH-60M, llamado black hawk, que hizo llover 850 balas por segundo, disparadas desde una Vulcan M134 Minigun, que ti\u00f1\u00f3 con l\u00edneas rojas la madrugada del 5 de enero la sindicatura de Jes\u00fas Mar\u00eda, Culiac\u00e1n, en versi\u00f3n mexicana de la llega de los reyes magos a territorio del narco, el operativo de extracci\u00f3n de \u201cEl rat\u00f3n\u201d, fue tambi\u00e9n un abraso de plomo puro que dispar\u00f3 5 mil balas por minuto en la fr\u00eda noche norte\u00f1a donde la Fuerza A\u00e9rea Mexicana dio este abrazo de muerte a quien lo desafi\u00f3 una vez.<\/p>\n\n\n\n<p>El estado soy yo, reson\u00f3 en las fr\u00edas parades del Palacio Nacional. La utop\u00eda de los abrazos transmutados en balazos quir\u00fargicos fortaleci\u00f3 hasta el tu\u00e9tano a las fuerzas armadas del estado mexicano.<\/p>\n\n\n\n<p>Una largu\u00edsima, extenuante operaci\u00f3n quir\u00fargica de extracci\u00f3n de un joven capo treinta\u00f1ero que se nos record\u00f3 \u201cla noche m\u00e1s oscura\u201d donde se asesin\u00f3 a Osama Bin Laden o a la ultima entrega de Top Gun gracias a la pericia de los militares de la Secretar\u00eda de la Defensa Nacional.<\/p>\n\n\n\n<p>El manotazo fue contundente. El riesgo era alto. Si el ejercito hubiese fallado por segunda ocasi\u00f3n, los s\u00edntomas de debilidad de la cuatrote ser\u00edan catastr\u00f3ficos en materia de gobernabilidad.<\/p>\n\n\n\n<p>Se critic\u00f3 mucho la falta de informaci\u00f3n de operativo, la ausencia de comunicaci\u00f3n institucional, hasta que al mediod\u00eda el general secretario de la Defensa Nacional, Luis Cresencio Sandoval Gonz\u00e1lez rindi\u00f3 un fr\u00edo resumen en el parte informativo donde no se le movi\u00f3 ning\u00fan m\u00fasculo facial.<\/p>\n\n\n\n<p>El saldo de este segundo Culiacanazo con marcador favorable a las fuerzas armadas y al presidente Andr\u00e9s Manuel L\u00f3pez Obrador: en la recaptura del \u201cRat\u00f3n\u201d murieron 29 militares y presuntos miembros de la delincuencia organizada, y 35 personas m\u00e1s resultaron heridas por arma de fuego.<\/p>\n\n\n\n<p>\u00bfGan\u00f3 el presidente? S\u00ed. Ganaron m\u00e1s los militares, acojonados pol\u00edticamente, achaparrados ante la opini\u00f3n p\u00fablica mil 176 d\u00edas, desde aquel fallido Culiacanazo del 17 de octubre del 2019.<\/p>\n\n\n\n<p>Habr\u00eda que recurrir a fil\u00f3sofo m\u00e1s popular de la m\u00fasica mexicana, Juan Gabriel, meti\u00e9ndole un brochazo a una de sus estrofas m\u00e1s conocidas: Dios perdona, el ej\u00e9rcito, no.<\/p>\n\n\n\n<p>Welcome to M\u00e9xico, presidente Biden, recrea hoy El Universal al sintetizar en un cabezal esta tensa relaci\u00f3n amor-odio que une a M\u00e9xico con los Estados Unidos, vecinos distantes que se reclaman cotidianamente las 200 mil muertes por el Fentanilo que pone en las calles gringas El Rat\u00f3n Guzm\u00e1n y en contraparte, el cuate Marcelo denuncia que los gringos nos mandan 500 mil armas de alto poder cada a\u00f1o a M\u00e9xico, universo mortal que s\u00f3lo se rasura en 40 mil decomisos anuales.<\/p>\n\n\n\n<p>Los gringos se matan solos, inyect\u00e1ndose, inhalando o tomando Fentanilo en sue\u00f1o eterno, nosotros caemos por el plomo ardiente que sale de los AK-47 y AR-15 que tabletean los sicarios del narco.<\/p>\n\n\n\n<p>Despu\u00e9s de la crisis pasajera de la recaptura de Ovidio Guzm\u00e1n L\u00f3pez vendr\u00e1 el lunes el l\u00fadico espect\u00e1culo del Air Force One tomando pista en el Aeropuerto Internacional Felipe \u00c1ngeles de la CDMX, orgullo de la cuatrote.<\/p>\n\n\n\n<p>El avi\u00f3n que transportar\u00e1 al presidente de los Estados Unidos, Joe Biden, un Boeing 747-200B de m\u00e1s de 70 metros de largo, 19 de ancho y casi 60 metros de envergadura (de un extremo a otro de las alas), cuesta la friolera de 3 mil 200 millones de d\u00f3lares.<\/p>\n\n\n\n<p>Ojal\u00e1 que aterrice bien y no se le atraviese un perro callejero o tropiece con un puesto de tlayudas, sensaci\u00f3n oaxaque\u00f1a premier en el AIFA. Ser\u00eda una humillaci\u00f3n para este armatroste habilitado para resistir hasta una conflagraci\u00f3n at\u00f3mica.<\/p>\n\n\n\n<p>Ser\u00e1n d\u00edas de vino y rosas para el canciller mexicano, quien recibir\u00e1 a Joe Biden y Justin Trudeau, una faena completa iniciada con la no extradici\u00f3n fast track de Ovidio Guzm\u00e1n L\u00f3pez hasta los oficios diplom\u00e1ticos a desplegar en esta cumbre de mandatarios de Am\u00e9rica del Norte.<\/p>\n\n\n\n<p>A menos, claro, que suban a do\u00f1a Claudia en traje sastre auster\u00edsimo y cola de caballo a entregarles las llaves de la ciudad.<\/p>\n\n\n\n<p>Habr\u00e1 que seguir las c\u00e1maras del El Centro de Producci\u00f3n de Programas Informativos y Especiales (CEPROPIE) para cerciorarse que instrucciones recibir\u00e1n los camar\u00f3grafos.<\/p>\n\n\n\n<p>En tanto, el monstruo de mil cabezas del narco, buscar\u00e1 otro liderazgo que, a estar horas, alguien, sus hermanos Edgar o Griselda Guzm\u00e1n L\u00f3pez, o sus medios hermanos, Jes\u00fas Alfredo o Iv\u00e1n Archivaldo Guzm\u00e1n Salazar, deben estar tomando la estafeta en esta historia sin fin.<\/p>\n\n\n\n<p>@ManoloVictorio.<\/p>\n","protected":false},"excerpt":{"rendered":"<p>Manolo Victorio Carpe Diem \u200bEl Estado, imperio de la violencia institucionalizada, el monopolio de la violencia legal, abraz\u00f3 como una gigantesca serpiente constrictora, poderosa mazacuata verde olivo, a un brazo del otro monopolio; el de la violencia criminal que detentan los c\u00e1rteles organizados. Fue un jueves largu\u00edsimo. La moneda lanzada al aire por el ej\u00e9rcito [&hellip;]<\/p>\n","protected":false},"author":2,"featured_media":0,"comment_status":"closed","ping_status":"closed","sticky":false,"template":"","format":"standard","meta":{"tdm_status":"","tdm_grid_status":"","footnotes":""},"categories":[70],"tags":[618,36806,15489],"class_list":{"0":"post-100816","1":"post","2":"type-post","3":"status-publish","4":"format-standard","6":"category-de-opinion","7":"tag-andres-manuel-lopez-obrador","8":"tag-jefe-del-cartel-de-los-menores","9":"tag-ovidio-guzman-lopez"},"yoast_head":"<!-- This site is optimized with the Yoast SEO plugin v27.4 - https:\/\/yoast.com\/product\/yoast-seo-wordpress\/ -->\n<title>ABRAZOS QUIR\u00daRGICOS&nbsp; - Los pol\u00edticos Veracruz<\/title>\n<meta name=\"robots\" content=\"index, follow, max-snippet:-1, max-image-preview:large, max-video-preview:-1\" \/>\n<link rel=\"canonical\" href=\"https:\/\/lospoliticosveracruz.com\/?p=100816\" \/>\n<meta property=\"og:locale\" content=\"es_ES\" \/>\n<meta property=\"og:type\" content=\"article\" \/>\n<meta property=\"og:title\" content=\"ABRAZOS QUIR\u00daRGICOS&nbsp; - Los pol\u00edticos Veracruz\" \/>\n<meta property=\"og:description\" content=\"Manolo Victorio Carpe Diem \u200bEl Estado, imperio de la violencia institucionalizada, el monopolio de la violencia legal, abraz\u00f3 como una gigantesca serpiente constrictora, poderosa mazacuata verde olivo, a un brazo del otro monopolio; el de la violencia criminal que detentan los c\u00e1rteles organizados. Fue un jueves largu\u00edsimo. La moneda lanzada al aire por el ej\u00e9rcito [&hellip;]\" \/>\n<meta property=\"og:url\" content=\"https:\/\/lospoliticosveracruz.com\/?p=100816\" \/>\n<meta property=\"og:site_name\" content=\"Los pol\u00edticos Veracruz\" \/>\n<meta property=\"article:publisher\" content=\"https:\/\/www.facebook.com\/people\/Notimemes-de-los-Polticos\/61565672886568\/\" \/>\n<meta property=\"article:published_time\" content=\"2023-01-06T18:07:02+00:00\" \/>\n<meta property=\"article:modified_time\" content=\"2023-01-06T18:07:07+00:00\" \/>\n<meta property=\"og:image\" content=\"https:\/\/lospoliticosveracruz.com\/wp-content\/uploads\/2016\/07\/Logo-Dor.jpg\" \/>\n\t<meta property=\"og:image:width\" content=\"200\" \/>\n\t<meta property=\"og:image:height\" content=\"200\" \/>\n\t<meta property=\"og:image:type\" content=\"image\/jpeg\" \/>\n<meta name=\"author\" content=\"Lo viste en Los Pol\u00edticos\" \/>\n<meta name=\"twitter:card\" content=\"summary_large_image\" \/>\n<meta name=\"twitter:creator\" content=\"@LosPoliticosVer\" \/>\n<meta name=\"twitter:site\" content=\"@LosPoliticosVer\" \/>\n<meta name=\"twitter:label1\" content=\"Escrito por\" \/>\n\t<meta name=\"twitter:data1\" content=\"Lo viste en Los Pol\u00edticos\" \/>\n\t<meta name=\"twitter:label2\" content=\"Tiempo de lectura\" \/>\n\t<meta name=\"twitter:data2\" content=\"5 minutos\" \/>\n<script type=\"application\/ld+json\" class=\"yoast-schema-graph\">{\"@context\":\"https:\\\/\\\/schema.org\",\"@graph\":[{\"@type\":\"Article\",\"@id\":\"https:\\\/\\\/lospoliticosveracruz.com\\\/?p=100816#article\",\"isPartOf\":{\"@id\":\"https:\\\/\\\/lospoliticosveracruz.com\\\/?p=100816\"},\"author\":{\"name\":\"Lo viste en Los Pol\u00edticos\",\"@id\":\"https:\\\/\\\/lospoliticosveracruz.com\\\/#\\\/schema\\\/person\\\/b8702bb0e538456e6efd07080bf2a4a2\"},\"headline\":\"ABRAZOS QUIR\u00daRGICOS&nbsp;\",\"datePublished\":\"2023-01-06T18:07:02+00:00\",\"dateModified\":\"2023-01-06T18:07:07+00:00\",\"mainEntityOfPage\":{\"@id\":\"https:\\\/\\\/lospoliticosveracruz.com\\\/?p=100816\"},\"wordCount\":934,\"publisher\":{\"@id\":\"https:\\\/\\\/lospoliticosveracruz.com\\\/#organization\"},\"keywords\":[\"Andr\u00e9s Manuel L\u00f3pez Obrador\",\"jefe del c\u00e1rtel de Los Menores\",\"Ovidio Guzm\u00e1n L\u00f3pez\"],\"articleSection\":[\"De Opini\u00f3n\"],\"inLanguage\":\"es\"},{\"@type\":\"WebPage\",\"@id\":\"https:\\\/\\\/lospoliticosveracruz.com\\\/?p=100816\",\"url\":\"https:\\\/\\\/lospoliticosveracruz.com\\\/?p=100816\",\"name\":\"ABRAZOS QUIR\u00daRGICOS&nbsp; - Los pol\u00edticos Veracruz\",\"isPartOf\":{\"@id\":\"https:\\\/\\\/lospoliticosveracruz.com\\\/#website\"},\"datePublished\":\"2023-01-06T18:07:02+00:00\",\"dateModified\":\"2023-01-06T18:07:07+00:00\",\"breadcrumb\":{\"@id\":\"https:\\\/\\\/lospoliticosveracruz.com\\\/?p=100816#breadcrumb\"},\"inLanguage\":\"es\",\"potentialAction\":[{\"@type\":\"ReadAction\",\"target\":[\"https:\\\/\\\/lospoliticosveracruz.com\\\/?p=100816\"]}]},{\"@type\":\"BreadcrumbList\",\"@id\":\"https:\\\/\\\/lospoliticosveracruz.com\\\/?p=100816#breadcrumb\",\"itemListElement\":[{\"@type\":\"ListItem\",\"position\":1,\"name\":\"Portada\",\"item\":\"https:\\\/\\\/lospoliticosveracruz.com\\\/\"},{\"@type\":\"ListItem\",\"position\":2,\"name\":\"ABRAZOS QUIR\u00daRGICOS&nbsp;\"}]},{\"@type\":\"WebSite\",\"@id\":\"https:\\\/\\\/lospoliticosveracruz.com\\\/#website\",\"url\":\"https:\\\/\\\/lospoliticosveracruz.com\\\/\",\"name\":\"Los pol\u00edticos Veracruz\",\"description\":\"\",\"publisher\":{\"@id\":\"https:\\\/\\\/lospoliticosveracruz.com\\\/#organization\"},\"potentialAction\":[{\"@type\":\"SearchAction\",\"target\":{\"@type\":\"EntryPoint\",\"urlTemplate\":\"https:\\\/\\\/lospoliticosveracruz.com\\\/?s={search_term_string}\"},\"query-input\":{\"@type\":\"PropertyValueSpecification\",\"valueRequired\":true,\"valueName\":\"search_term_string\"}}],\"inLanguage\":\"es\"},{\"@type\":\"Organization\",\"@id\":\"https:\\\/\\\/lospoliticosveracruz.com\\\/#organization\",\"name\":\"Los pol\u00edticos Veracruz\",\"url\":\"https:\\\/\\\/lospoliticosveracruz.com\\\/\",\"logo\":{\"@type\":\"ImageObject\",\"inLanguage\":\"es\",\"@id\":\"https:\\\/\\\/lospoliticosveracruz.com\\\/#\\\/schema\\\/logo\\\/image\\\/\",\"url\":\"https:\\\/\\\/lospoliticosveracruz.com\\\/wp-content\\\/uploads\\\/2025\\\/12\\\/Logo-Nuevo-LOS-POLITICOS-1.jpg\",\"contentUrl\":\"https:\\\/\\\/lospoliticosveracruz.com\\\/wp-content\\\/uploads\\\/2025\\\/12\\\/Logo-Nuevo-LOS-POLITICOS-1.jpg\",\"width\":260,\"height\":70,\"caption\":\"Los pol\u00edticos Veracruz\"},\"image\":{\"@id\":\"https:\\\/\\\/lospoliticosveracruz.com\\\/#\\\/schema\\\/logo\\\/image\\\/\"},\"sameAs\":[\"https:\\\/\\\/www.facebook.com\\\/people\\\/Notimemes-de-los-Polticos\\\/61565672886568\\\/\",\"https:\\\/\\\/x.com\\\/LosPoliticosVer\"]},{\"@type\":\"Person\",\"@id\":\"https:\\\/\\\/lospoliticosveracruz.com\\\/#\\\/schema\\\/person\\\/b8702bb0e538456e6efd07080bf2a4a2\",\"name\":\"Lo viste en Los Pol\u00edticos\",\"image\":{\"@type\":\"ImageObject\",\"inLanguage\":\"es\",\"@id\":\"https:\\\/\\\/secure.gravatar.com\\\/avatar\\\/3a8de04a2656d44082be478bd6c086daa447c4651605818287b9532d3d0bd435?s=96&d=mm&r=g\",\"url\":\"https:\\\/\\\/secure.gravatar.com\\\/avatar\\\/3a8de04a2656d44082be478bd6c086daa447c4651605818287b9532d3d0bd435?s=96&d=mm&r=g\",\"contentUrl\":\"https:\\\/\\\/secure.gravatar.com\\\/avatar\\\/3a8de04a2656d44082be478bd6c086daa447c4651605818287b9532d3d0bd435?s=96&d=mm&r=g\",\"caption\":\"Lo viste en Los Pol\u00edticos\"},\"url\":\"https:\\\/\\\/lospoliticosveracruz.com\\\/?author=2\"}]}<\/script>\n<!-- \/ Yoast SEO plugin. -->","yoast_head_json":{"title":"ABRAZOS QUIR\u00daRGICOS&nbsp; - Los pol\u00edticos Veracruz","robots":{"index":"index","follow":"follow","max-snippet":"max-snippet:-1","max-image-preview":"max-image-preview:large","max-video-preview":"max-video-preview:-1"},"canonical":"https:\/\/lospoliticosveracruz.com\/?p=100816","og_locale":"es_ES","og_type":"article","og_title":"ABRAZOS QUIR\u00daRGICOS&nbsp; - Los pol\u00edticos Veracruz","og_description":"Manolo Victorio Carpe Diem \u200bEl Estado, imperio de la violencia institucionalizada, el monopolio de la violencia legal, abraz\u00f3 como una gigantesca serpiente constrictora, poderosa mazacuata verde olivo, a un brazo del otro monopolio; el de la violencia criminal que detentan los c\u00e1rteles organizados. Fue un jueves largu\u00edsimo. La moneda lanzada al aire por el ej\u00e9rcito [&hellip;]","og_url":"https:\/\/lospoliticosveracruz.com\/?p=100816","og_site_name":"Los pol\u00edticos Veracruz","article_publisher":"https:\/\/www.facebook.com\/people\/Notimemes-de-los-Polticos\/61565672886568\/","article_published_time":"2023-01-06T18:07:02+00:00","article_modified_time":"2023-01-06T18:07:07+00:00","og_image":[{"width":200,"height":200,"url":"https:\/\/lospoliticosveracruz.com\/wp-content\/uploads\/2016\/07\/Logo-Dor.jpg","type":"image\/jpeg"}],"author":"Lo viste en Los Pol\u00edticos","twitter_card":"summary_large_image","twitter_creator":"@LosPoliticosVer","twitter_site":"@LosPoliticosVer","twitter_misc":{"Escrito por":"Lo viste en Los Pol\u00edticos","Tiempo de lectura":"5 minutos"},"schema":{"@context":"https:\/\/schema.org","@graph":[{"@type":"Article","@id":"https:\/\/lospoliticosveracruz.com\/?p=100816#article","isPartOf":{"@id":"https:\/\/lospoliticosveracruz.com\/?p=100816"},"author":{"name":"Lo viste en Los Pol\u00edticos","@id":"https:\/\/lospoliticosveracruz.com\/#\/schema\/person\/b8702bb0e538456e6efd07080bf2a4a2"},"headline":"ABRAZOS QUIR\u00daRGICOS&nbsp;","datePublished":"2023-01-06T18:07:02+00:00","dateModified":"2023-01-06T18:07:07+00:00","mainEntityOfPage":{"@id":"https:\/\/lospoliticosveracruz.com\/?p=100816"},"wordCount":934,"publisher":{"@id":"https:\/\/lospoliticosveracruz.com\/#organization"},"keywords":["Andr\u00e9s Manuel L\u00f3pez Obrador","jefe del c\u00e1rtel de Los Menores","Ovidio Guzm\u00e1n L\u00f3pez"],"articleSection":["De Opini\u00f3n"],"inLanguage":"es"},{"@type":"WebPage","@id":"https:\/\/lospoliticosveracruz.com\/?p=100816","url":"https:\/\/lospoliticosveracruz.com\/?p=100816","name":"ABRAZOS QUIR\u00daRGICOS&nbsp; - Los pol\u00edticos Veracruz","isPartOf":{"@id":"https:\/\/lospoliticosveracruz.com\/#website"},"datePublished":"2023-01-06T18:07:02+00:00","dateModified":"2023-01-06T18:07:07+00:00","breadcrumb":{"@id":"https:\/\/lospoliticosveracruz.com\/?p=100816#breadcrumb"},"inLanguage":"es","potentialAction":[{"@type":"ReadAction","target":["https:\/\/lospoliticosveracruz.com\/?p=100816"]}]},{"@type":"BreadcrumbList","@id":"https:\/\/lospoliticosveracruz.com\/?p=100816#breadcrumb","itemListElement":[{"@type":"ListItem","position":1,"name":"Portada","item":"https:\/\/lospoliticosveracruz.com\/"},{"@type":"ListItem","position":2,"name":"ABRAZOS QUIR\u00daRGICOS&nbsp;"}]},{"@type":"WebSite","@id":"https:\/\/lospoliticosveracruz.com\/#website","url":"https:\/\/lospoliticosveracruz.com\/","name":"Los pol\u00edticos Veracruz","description":"","publisher":{"@id":"https:\/\/lospoliticosveracruz.com\/#organization"},"potentialAction":[{"@type":"SearchAction","target":{"@type":"EntryPoint","urlTemplate":"https:\/\/lospoliticosveracruz.com\/?s={search_term_string}"},"query-input":{"@type":"PropertyValueSpecification","valueRequired":true,"valueName":"search_term_string"}}],"inLanguage":"es"},{"@type":"Organization","@id":"https:\/\/lospoliticosveracruz.com\/#organization","name":"Los pol\u00edticos Veracruz","url":"https:\/\/lospoliticosveracruz.com\/","logo":{"@type":"ImageObject","inLanguage":"es","@id":"https:\/\/lospoliticosveracruz.com\/#\/schema\/logo\/image\/","url":"https:\/\/lospoliticosveracruz.com\/wp-content\/uploads\/2025\/12\/Logo-Nuevo-LOS-POLITICOS-1.jpg","contentUrl":"https:\/\/lospoliticosveracruz.com\/wp-content\/uploads\/2025\/12\/Logo-Nuevo-LOS-POLITICOS-1.jpg","width":260,"height":70,"caption":"Los pol\u00edticos Veracruz"},"image":{"@id":"https:\/\/lospoliticosveracruz.com\/#\/schema\/logo\/image\/"},"sameAs":["https:\/\/www.facebook.com\/people\/Notimemes-de-los-Polticos\/61565672886568\/","https:\/\/x.com\/LosPoliticosVer"]},{"@type":"Person","@id":"https:\/\/lospoliticosveracruz.com\/#\/schema\/person\/b8702bb0e538456e6efd07080bf2a4a2","name":"Lo viste en Los Pol\u00edticos","image":{"@type":"ImageObject","inLanguage":"es","@id":"https:\/\/secure.gravatar.com\/avatar\/3a8de04a2656d44082be478bd6c086daa447c4651605818287b9532d3d0bd435?s=96&d=mm&r=g","url":"https:\/\/secure.gravatar.com\/avatar\/3a8de04a2656d44082be478bd6c086daa447c4651605818287b9532d3d0bd435?s=96&d=mm&r=g","contentUrl":"https:\/\/secure.gravatar.com\/avatar\/3a8de04a2656d44082be478bd6c086daa447c4651605818287b9532d3d0bd435?s=96&d=mm&r=g","caption":"Lo viste en Los Pol\u00edticos"},"url":"https:\/\/lospoliticosveracruz.com\/?author=2"}]}},"_links":{"self":[{"href":"https:\/\/lospoliticosveracruz.com\/index.php?rest_route=\/wp\/v2\/posts\/100816","targetHints":{"allow":["GET"]}}],"collection":[{"href":"https:\/\/lospoliticosveracruz.com\/index.php?rest_route=\/wp\/v2\/posts"}],"about":[{"href":"https:\/\/lospoliticosveracruz.com\/index.php?rest_route=\/wp\/v2\/types\/post"}],"author":[{"embeddable":true,"href":"https:\/\/lospoliticosveracruz.com\/index.php?rest_route=\/wp\/v2\/users\/2"}],"replies":[{"embeddable":true,"href":"https:\/\/lospoliticosveracruz.com\/index.php?rest_route=%2Fwp%2Fv2%2Fcomments&post=100816"}],"version-history":[{"count":1,"href":"https:\/\/lospoliticosveracruz.com\/index.php?rest_route=\/wp\/v2\/posts\/100816\/revisions"}],"predecessor-version":[{"id":100818,"href":"https:\/\/lospoliticosveracruz.com\/index.php?rest_route=\/wp\/v2\/posts\/100816\/revisions\/100818"}],"wp:attachment":[{"href":"https:\/\/lospoliticosveracruz.com\/index.php?rest_route=%2Fwp%2Fv2%2Fmedia&parent=100816"}],"wp:term":[{"taxonomy":"category","embeddable":true,"href":"https:\/\/lospoliticosveracruz.com\/index.php?rest_route=%2Fwp%2Fv2%2Fcategories&post=100816"},{"taxonomy":"post_tag","embeddable":true,"href":"https:\/\/lospoliticosveracruz.com\/index.php?rest_route=%2Fwp%2Fv2%2Ftags&post=100816"}],"curies":[{"name":"wp","href":"https:\/\/api.w.org\/{rel}","templated":true}]}}