{"id":100828,"date":"2023-01-06T15:45:36","date_gmt":"2023-01-06T21:45:36","guid":{"rendered":"https:\/\/lospoliticosveracruz.com.mx\/?p=100828"},"modified":"2023-01-06T15:45:43","modified_gmt":"2023-01-06T21:45:43","slug":"morena-su-fortaleza-y-debilidades","status":"publish","type":"post","link":"https:\/\/lospoliticosveracruz.com\/?p=100828","title":{"rendered":"MORENA: SU FORTALEZA Y DEBILIDADES"},"content":{"rendered":"\n<p><\/p>\n\n\n\n<p><strong>Vicente Luna Hern\u00e1ndez<\/strong><\/p>\n\n\n\n<p>La realidad es que la mayor fortaleza de MORENA es la figura del Presidente de la Rep\u00fablica Andr\u00e9s Manuel L\u00f3pez Obrador y todo lo que \u00e9l representa pol\u00edticamente hablando, su liderazgo no est\u00e1 a discusi\u00f3n, sin embargo, lo cierto es que al interior de su partido no destacan con luz propia nuevos actores pol\u00edticos, muchos de los cuales querr\u00e1n estar en las boletas electorales pr\u00f3ximamente, ah\u00ed es donde radica la debilidad de morena, los integrantes de su gabinete y la mayor\u00eda de sus legisladores se la han llevado c\u00f3modamente solo aplaudiendo al presidente, el desgaste pol\u00edtico lo lleva AMLO y ellos est\u00e1n tranquilamente pensando en reelegirse o buscar un esca\u00f1o en el Congreso de la Uni\u00f3n<\/p>\n\n\n\n<p>Hablemos de Veracruz, \u00bfCuantos legisladores andan recorriendo sus respectivos distritos? \u00bfCu\u00e1ntos de ellos y ellas salen en la prensa refutando los ataques fundados o infundados de la oposici\u00f3n? \u00bfQui\u00e9nes son los que con argumentos jur\u00eddicos defienden las iniciativas legislativas? \u00bfRealmente han sido ejemplo del quehacer pol\u00edtico, de la austeridad republicana y de la honestidad valiente del Presidente? \u00bfRecuerdan alguna intervenci\u00f3n para hablar de los sucesos que lastiman la imagen de Veracruz y a sus habitantes?<\/p>\n\n\n\n<p>Las y los actuales legisladores apuestan a los programas sociales y a las ma\u00f1aneras, sin asumir mayores responsabilidades y sin dar la cara a sus representados, apuestan a solo levantar la mano y aprobar todo lo que les llega del ejecutivo, sin cambiar una coma y cuando se le cambia, es para cuidar sus intereses pol\u00edticos-electorales, no importa que sea inconstitucional esa reforma aprobada, pensar en sus respectivas reelecciones los debe de poner a trabajar con mayor ah\u00ednco y seriedad, no solo apostar a la figura presidencial, ya que esta figura va de salida y todo puede pasar.<\/p>\n\n\n\n<p>Decir que as\u00ed ha sido siempre cuando un presidente tiene mayor\u00eda en ambas c\u00e1maras, es una simpleza ofensiva, hay que recordar que una de las promesas de campa\u00f1a fue:\u201d no somos iguales\u201d, apoyar al Presidente es natural, lo malo es que no se molesten en leer lo que van a aprobar para corregir lo corregible \u00bfiluso? Tal vez, pero Veracruz y M\u00e9xico no merecen m\u00e1s legisladores sin preparaci\u00f3n acad\u00e9mica, pol\u00edtica y compromiso social con sus representados.<\/p>\n\n\n\n<p>Es tiempo que las organizaciones civiles que se encuentran al margen de la 4T y que de diferentes maneras han manifestado su postura en contra de las pol\u00edticas p\u00fablicas, pidan cuentas a las y los legisladores en cada distrito de pa\u00eds &#8211; sean del partido que sean -, es tiempo ya que los actuales representantes populares Morenos \u2013 muchas de ellas y ellos ni representantes y menos populares &#8211; caminen m\u00e1s y tecleen menos, suban m\u00e1s cerros y caminos y menos fotos a sus redes sociales, es tiempo ya que las y los legisladores hablen a la cara a sus representados \u2013 con sus debidas medidas sanitarias por el Covid &#8211; y no solo pongan frases \u201c bonitas\u201d y \u201c motivacionales\u201d, es hora ya que sean m\u00e1s representantes populares y menos pejes.<\/p>\n\n\n\n<p>Hoy Morena tiene amplias posibilidades de ganar en el 24, repito, hoy, pero antes est\u00e1 el 23 y tanto en Coahuila como en el Estado de M\u00e9xico se enfrentar\u00e1 con una eficiente estructura operativa territorial y electoral de la oposici\u00f3n y con el partido en el poder local, seguro que se dar\u00e1 una batalla cara a cara cuerpo a cuerpo en cada secci\u00f3n electoral, en cada casilla, ah\u00ed es donde se ver\u00e1 el verdadero rostro pol\u00edtico del PRI, el verdadero rostro de la oposici\u00f3n, Morena tiene que empezar a pelear cada voto por que las batallas ser\u00e1n fiel reflejo de lo que les espera en el 24, la oposici\u00f3n y la sociedad organizada inconforme con el gobierno federal y con el discurso de confrontaci\u00f3n de AMLO est\u00e1 agazapada y lista para cobrar facturas\u2026las ma\u00f1aneras ser\u00e1n parte de esas facturas.<\/p>\n\n\n\n<p>Los resultados de sus Gobernadores ser\u00e1n la cara limpia\u2026o sucia de la 4T.<\/p>\n\n\n\n<p>P.D.-Con el \u00e1nimo que el discurso triunfalista de los dirigentes partidistas se respire en cada comit\u00e9 municipal \u2013 los comit\u00e9s fantasmas no valen -&#8230;Escribir\u00e9 otro d\u00eda.<\/p>\n","protected":false},"excerpt":{"rendered":"<p>Vicente Luna Hern\u00e1ndez La realidad es que la mayor fortaleza de MORENA es la figura del Presidente de la Rep\u00fablica Andr\u00e9s Manuel L\u00f3pez Obrador y todo lo que \u00e9l representa pol\u00edticamente hablando, su liderazgo no est\u00e1 a discusi\u00f3n, sin embargo, lo cierto es que al interior de su partido no destacan con luz propia nuevos [&hellip;]<\/p>\n","protected":false},"author":2,"featured_media":0,"comment_status":"closed","ping_status":"closed","sticky":false,"template":"","format":"standard","meta":{"tdm_status":"","tdm_grid_status":"","footnotes":""},"categories":[70],"tags":[618,1026,195],"class_list":{"0":"post-100828","1":"post","2":"type-post","3":"status-publish","4":"format-standard","6":"category-de-opinion","7":"tag-andres-manuel-lopez-obrador","8":"tag-morena","9":"tag-veracruz"},"yoast_head":"<!-- This site is optimized with the Yoast SEO plugin v27.4 - https:\/\/yoast.com\/product\/yoast-seo-wordpress\/ -->\n<title>MORENA: SU FORTALEZA Y DEBILIDADES - Los pol\u00edticos Veracruz<\/title>\n<meta name=\"robots\" content=\"index, follow, max-snippet:-1, max-image-preview:large, max-video-preview:-1\" \/>\n<link rel=\"canonical\" href=\"https:\/\/lospoliticosveracruz.com\/?p=100828\" \/>\n<meta property=\"og:locale\" content=\"es_ES\" \/>\n<meta property=\"og:type\" content=\"article\" \/>\n<meta property=\"og:title\" content=\"MORENA: SU FORTALEZA Y DEBILIDADES - Los pol\u00edticos Veracruz\" \/>\n<meta property=\"og:description\" content=\"Vicente Luna Hern\u00e1ndez La realidad es que la mayor fortaleza de MORENA es la figura del Presidente de la Rep\u00fablica Andr\u00e9s Manuel L\u00f3pez Obrador y todo lo que \u00e9l representa pol\u00edticamente hablando, su liderazgo no est\u00e1 a discusi\u00f3n, sin embargo, lo cierto es que al interior de su partido no destacan con luz propia nuevos [&hellip;]\" \/>\n<meta property=\"og:url\" content=\"https:\/\/lospoliticosveracruz.com\/?p=100828\" \/>\n<meta property=\"og:site_name\" content=\"Los pol\u00edticos Veracruz\" \/>\n<meta property=\"article:publisher\" content=\"https:\/\/www.facebook.com\/people\/Notimemes-de-los-Polticos\/61565672886568\/\" \/>\n<meta property=\"article:published_time\" content=\"2023-01-06T21:45:36+00:00\" \/>\n<meta property=\"article:modified_time\" content=\"2023-01-06T21:45:43+00:00\" \/>\n<meta property=\"og:image\" content=\"https:\/\/lospoliticosveracruz.com\/wp-content\/uploads\/2016\/07\/Logo-Dor.jpg\" \/>\n\t<meta property=\"og:image:width\" content=\"200\" \/>\n\t<meta property=\"og:image:height\" content=\"200\" \/>\n\t<meta property=\"og:image:type\" content=\"image\/jpeg\" \/>\n<meta name=\"author\" content=\"Lo viste en Los Pol\u00edticos\" \/>\n<meta name=\"twitter:card\" content=\"summary_large_image\" \/>\n<meta name=\"twitter:creator\" content=\"@LosPoliticosVer\" \/>\n<meta name=\"twitter:site\" content=\"@LosPoliticosVer\" \/>\n<meta name=\"twitter:label1\" content=\"Escrito por\" \/>\n\t<meta name=\"twitter:data1\" content=\"Lo viste en Los Pol\u00edticos\" \/>\n\t<meta name=\"twitter:label2\" content=\"Tiempo de lectura\" \/>\n\t<meta name=\"twitter:data2\" content=\"4 minutos\" \/>\n<script type=\"application\/ld+json\" class=\"yoast-schema-graph\">{\"@context\":\"https:\\\/\\\/schema.org\",\"@graph\":[{\"@type\":\"Article\",\"@id\":\"https:\\\/\\\/lospoliticosveracruz.com\\\/?p=100828#article\",\"isPartOf\":{\"@id\":\"https:\\\/\\\/lospoliticosveracruz.com\\\/?p=100828\"},\"author\":{\"name\":\"Lo viste en Los Pol\u00edticos\",\"@id\":\"https:\\\/\\\/lospoliticosveracruz.com\\\/#\\\/schema\\\/person\\\/b8702bb0e538456e6efd07080bf2a4a2\"},\"headline\":\"MORENA: SU FORTALEZA Y DEBILIDADES\",\"datePublished\":\"2023-01-06T21:45:36+00:00\",\"dateModified\":\"2023-01-06T21:45:43+00:00\",\"mainEntityOfPage\":{\"@id\":\"https:\\\/\\\/lospoliticosveracruz.com\\\/?p=100828\"},\"wordCount\":731,\"publisher\":{\"@id\":\"https:\\\/\\\/lospoliticosveracruz.com\\\/#organization\"},\"keywords\":[\"Andr\u00e9s Manuel L\u00f3pez Obrador\",\"Morena\",\"Veracruz\"],\"articleSection\":[\"De Opini\u00f3n\"],\"inLanguage\":\"es\"},{\"@type\":\"WebPage\",\"@id\":\"https:\\\/\\\/lospoliticosveracruz.com\\\/?p=100828\",\"url\":\"https:\\\/\\\/lospoliticosveracruz.com\\\/?p=100828\",\"name\":\"MORENA: SU FORTALEZA Y DEBILIDADES - Los pol\u00edticos Veracruz\",\"isPartOf\":{\"@id\":\"https:\\\/\\\/lospoliticosveracruz.com\\\/#website\"},\"datePublished\":\"2023-01-06T21:45:36+00:00\",\"dateModified\":\"2023-01-06T21:45:43+00:00\",\"breadcrumb\":{\"@id\":\"https:\\\/\\\/lospoliticosveracruz.com\\\/?p=100828#breadcrumb\"},\"inLanguage\":\"es\",\"potentialAction\":[{\"@type\":\"ReadAction\",\"target\":[\"https:\\\/\\\/lospoliticosveracruz.com\\\/?p=100828\"]}]},{\"@type\":\"BreadcrumbList\",\"@id\":\"https:\\\/\\\/lospoliticosveracruz.com\\\/?p=100828#breadcrumb\",\"itemListElement\":[{\"@type\":\"ListItem\",\"position\":1,\"name\":\"Portada\",\"item\":\"https:\\\/\\\/lospoliticosveracruz.com\\\/\"},{\"@type\":\"ListItem\",\"position\":2,\"name\":\"MORENA: SU FORTALEZA Y DEBILIDADES\"}]},{\"@type\":\"WebSite\",\"@id\":\"https:\\\/\\\/lospoliticosveracruz.com\\\/#website\",\"url\":\"https:\\\/\\\/lospoliticosveracruz.com\\\/\",\"name\":\"Los pol\u00edticos Veracruz\",\"description\":\"\",\"publisher\":{\"@id\":\"https:\\\/\\\/lospoliticosveracruz.com\\\/#organization\"},\"potentialAction\":[{\"@type\":\"SearchAction\",\"target\":{\"@type\":\"EntryPoint\",\"urlTemplate\":\"https:\\\/\\\/lospoliticosveracruz.com\\\/?s={search_term_string}\"},\"query-input\":{\"@type\":\"PropertyValueSpecification\",\"valueRequired\":true,\"valueName\":\"search_term_string\"}}],\"inLanguage\":\"es\"},{\"@type\":\"Organization\",\"@id\":\"https:\\\/\\\/lospoliticosveracruz.com\\\/#organization\",\"name\":\"Los pol\u00edticos Veracruz\",\"url\":\"https:\\\/\\\/lospoliticosveracruz.com\\\/\",\"logo\":{\"@type\":\"ImageObject\",\"inLanguage\":\"es\",\"@id\":\"https:\\\/\\\/lospoliticosveracruz.com\\\/#\\\/schema\\\/logo\\\/image\\\/\",\"url\":\"https:\\\/\\\/lospoliticosveracruz.com\\\/wp-content\\\/uploads\\\/2025\\\/12\\\/Logo-Nuevo-LOS-POLITICOS-1.jpg\",\"contentUrl\":\"https:\\\/\\\/lospoliticosveracruz.com\\\/wp-content\\\/uploads\\\/2025\\\/12\\\/Logo-Nuevo-LOS-POLITICOS-1.jpg\",\"width\":260,\"height\":70,\"caption\":\"Los pol\u00edticos Veracruz\"},\"image\":{\"@id\":\"https:\\\/\\\/lospoliticosveracruz.com\\\/#\\\/schema\\\/logo\\\/image\\\/\"},\"sameAs\":[\"https:\\\/\\\/www.facebook.com\\\/people\\\/Notimemes-de-los-Polticos\\\/61565672886568\\\/\",\"https:\\\/\\\/x.com\\\/LosPoliticosVer\"]},{\"@type\":\"Person\",\"@id\":\"https:\\\/\\\/lospoliticosveracruz.com\\\/#\\\/schema\\\/person\\\/b8702bb0e538456e6efd07080bf2a4a2\",\"name\":\"Lo viste en Los Pol\u00edticos\",\"image\":{\"@type\":\"ImageObject\",\"inLanguage\":\"es\",\"@id\":\"https:\\\/\\\/secure.gravatar.com\\\/avatar\\\/3a8de04a2656d44082be478bd6c086daa447c4651605818287b9532d3d0bd435?s=96&d=mm&r=g\",\"url\":\"https:\\\/\\\/secure.gravatar.com\\\/avatar\\\/3a8de04a2656d44082be478bd6c086daa447c4651605818287b9532d3d0bd435?s=96&d=mm&r=g\",\"contentUrl\":\"https:\\\/\\\/secure.gravatar.com\\\/avatar\\\/3a8de04a2656d44082be478bd6c086daa447c4651605818287b9532d3d0bd435?s=96&d=mm&r=g\",\"caption\":\"Lo viste en Los Pol\u00edticos\"},\"url\":\"https:\\\/\\\/lospoliticosveracruz.com\\\/?author=2\"}]}<\/script>\n<!-- \/ Yoast SEO plugin. -->","yoast_head_json":{"title":"MORENA: SU FORTALEZA Y DEBILIDADES - Los pol\u00edticos Veracruz","robots":{"index":"index","follow":"follow","max-snippet":"max-snippet:-1","max-image-preview":"max-image-preview:large","max-video-preview":"max-video-preview:-1"},"canonical":"https:\/\/lospoliticosveracruz.com\/?p=100828","og_locale":"es_ES","og_type":"article","og_title":"MORENA: SU FORTALEZA Y DEBILIDADES - Los pol\u00edticos Veracruz","og_description":"Vicente Luna Hern\u00e1ndez La realidad es que la mayor fortaleza de MORENA es la figura del Presidente de la Rep\u00fablica Andr\u00e9s Manuel L\u00f3pez Obrador y todo lo que \u00e9l representa pol\u00edticamente hablando, su liderazgo no est\u00e1 a discusi\u00f3n, sin embargo, lo cierto es que al interior de su partido no destacan con luz propia nuevos [&hellip;]","og_url":"https:\/\/lospoliticosveracruz.com\/?p=100828","og_site_name":"Los pol\u00edticos Veracruz","article_publisher":"https:\/\/www.facebook.com\/people\/Notimemes-de-los-Polticos\/61565672886568\/","article_published_time":"2023-01-06T21:45:36+00:00","article_modified_time":"2023-01-06T21:45:43+00:00","og_image":[{"width":200,"height":200,"url":"https:\/\/lospoliticosveracruz.com\/wp-content\/uploads\/2016\/07\/Logo-Dor.jpg","type":"image\/jpeg"}],"author":"Lo viste en Los Pol\u00edticos","twitter_card":"summary_large_image","twitter_creator":"@LosPoliticosVer","twitter_site":"@LosPoliticosVer","twitter_misc":{"Escrito por":"Lo viste en Los Pol\u00edticos","Tiempo de lectura":"4 minutos"},"schema":{"@context":"https:\/\/schema.org","@graph":[{"@type":"Article","@id":"https:\/\/lospoliticosveracruz.com\/?p=100828#article","isPartOf":{"@id":"https:\/\/lospoliticosveracruz.com\/?p=100828"},"author":{"name":"Lo viste en Los Pol\u00edticos","@id":"https:\/\/lospoliticosveracruz.com\/#\/schema\/person\/b8702bb0e538456e6efd07080bf2a4a2"},"headline":"MORENA: SU FORTALEZA Y DEBILIDADES","datePublished":"2023-01-06T21:45:36+00:00","dateModified":"2023-01-06T21:45:43+00:00","mainEntityOfPage":{"@id":"https:\/\/lospoliticosveracruz.com\/?p=100828"},"wordCount":731,"publisher":{"@id":"https:\/\/lospoliticosveracruz.com\/#organization"},"keywords":["Andr\u00e9s Manuel L\u00f3pez Obrador","Morena","Veracruz"],"articleSection":["De Opini\u00f3n"],"inLanguage":"es"},{"@type":"WebPage","@id":"https:\/\/lospoliticosveracruz.com\/?p=100828","url":"https:\/\/lospoliticosveracruz.com\/?p=100828","name":"MORENA: SU FORTALEZA Y DEBILIDADES - Los pol\u00edticos Veracruz","isPartOf":{"@id":"https:\/\/lospoliticosveracruz.com\/#website"},"datePublished":"2023-01-06T21:45:36+00:00","dateModified":"2023-01-06T21:45:43+00:00","breadcrumb":{"@id":"https:\/\/lospoliticosveracruz.com\/?p=100828#breadcrumb"},"inLanguage":"es","potentialAction":[{"@type":"ReadAction","target":["https:\/\/lospoliticosveracruz.com\/?p=100828"]}]},{"@type":"BreadcrumbList","@id":"https:\/\/lospoliticosveracruz.com\/?p=100828#breadcrumb","itemListElement":[{"@type":"ListItem","position":1,"name":"Portada","item":"https:\/\/lospoliticosveracruz.com\/"},{"@type":"ListItem","position":2,"name":"MORENA: SU FORTALEZA Y DEBILIDADES"}]},{"@type":"WebSite","@id":"https:\/\/lospoliticosveracruz.com\/#website","url":"https:\/\/lospoliticosveracruz.com\/","name":"Los pol\u00edticos Veracruz","description":"","publisher":{"@id":"https:\/\/lospoliticosveracruz.com\/#organization"},"potentialAction":[{"@type":"SearchAction","target":{"@type":"EntryPoint","urlTemplate":"https:\/\/lospoliticosveracruz.com\/?s={search_term_string}"},"query-input":{"@type":"PropertyValueSpecification","valueRequired":true,"valueName":"search_term_string"}}],"inLanguage":"es"},{"@type":"Organization","@id":"https:\/\/lospoliticosveracruz.com\/#organization","name":"Los pol\u00edticos Veracruz","url":"https:\/\/lospoliticosveracruz.com\/","logo":{"@type":"ImageObject","inLanguage":"es","@id":"https:\/\/lospoliticosveracruz.com\/#\/schema\/logo\/image\/","url":"https:\/\/lospoliticosveracruz.com\/wp-content\/uploads\/2025\/12\/Logo-Nuevo-LOS-POLITICOS-1.jpg","contentUrl":"https:\/\/lospoliticosveracruz.com\/wp-content\/uploads\/2025\/12\/Logo-Nuevo-LOS-POLITICOS-1.jpg","width":260,"height":70,"caption":"Los pol\u00edticos Veracruz"},"image":{"@id":"https:\/\/lospoliticosveracruz.com\/#\/schema\/logo\/image\/"},"sameAs":["https:\/\/www.facebook.com\/people\/Notimemes-de-los-Polticos\/61565672886568\/","https:\/\/x.com\/LosPoliticosVer"]},{"@type":"Person","@id":"https:\/\/lospoliticosveracruz.com\/#\/schema\/person\/b8702bb0e538456e6efd07080bf2a4a2","name":"Lo viste en Los Pol\u00edticos","image":{"@type":"ImageObject","inLanguage":"es","@id":"https:\/\/secure.gravatar.com\/avatar\/3a8de04a2656d44082be478bd6c086daa447c4651605818287b9532d3d0bd435?s=96&d=mm&r=g","url":"https:\/\/secure.gravatar.com\/avatar\/3a8de04a2656d44082be478bd6c086daa447c4651605818287b9532d3d0bd435?s=96&d=mm&r=g","contentUrl":"https:\/\/secure.gravatar.com\/avatar\/3a8de04a2656d44082be478bd6c086daa447c4651605818287b9532d3d0bd435?s=96&d=mm&r=g","caption":"Lo viste en Los Pol\u00edticos"},"url":"https:\/\/lospoliticosveracruz.com\/?author=2"}]}},"_links":{"self":[{"href":"https:\/\/lospoliticosveracruz.com\/index.php?rest_route=\/wp\/v2\/posts\/100828","targetHints":{"allow":["GET"]}}],"collection":[{"href":"https:\/\/lospoliticosveracruz.com\/index.php?rest_route=\/wp\/v2\/posts"}],"about":[{"href":"https:\/\/lospoliticosveracruz.com\/index.php?rest_route=\/wp\/v2\/types\/post"}],"author":[{"embeddable":true,"href":"https:\/\/lospoliticosveracruz.com\/index.php?rest_route=\/wp\/v2\/users\/2"}],"replies":[{"embeddable":true,"href":"https:\/\/lospoliticosveracruz.com\/index.php?rest_route=%2Fwp%2Fv2%2Fcomments&post=100828"}],"version-history":[{"count":1,"href":"https:\/\/lospoliticosveracruz.com\/index.php?rest_route=\/wp\/v2\/posts\/100828\/revisions"}],"predecessor-version":[{"id":100829,"href":"https:\/\/lospoliticosveracruz.com\/index.php?rest_route=\/wp\/v2\/posts\/100828\/revisions\/100829"}],"wp:attachment":[{"href":"https:\/\/lospoliticosveracruz.com\/index.php?rest_route=%2Fwp%2Fv2%2Fmedia&parent=100828"}],"wp:term":[{"taxonomy":"category","embeddable":true,"href":"https:\/\/lospoliticosveracruz.com\/index.php?rest_route=%2Fwp%2Fv2%2Fcategories&post=100828"},{"taxonomy":"post_tag","embeddable":true,"href":"https:\/\/lospoliticosveracruz.com\/index.php?rest_route=%2Fwp%2Fv2%2Ftags&post=100828"}],"curies":[{"name":"wp","href":"https:\/\/api.w.org\/{rel}","templated":true}]}}