{"id":100876,"date":"2023-01-09T07:51:02","date_gmt":"2023-01-09T13:51:02","guid":{"rendered":"https:\/\/lospoliticosveracruz.com.mx\/?p=100876"},"modified":"2023-01-09T07:51:12","modified_gmt":"2023-01-09T13:51:12","slug":"cuitlahuac-la-caida-de-claudia-y-viva-adan","status":"publish","type":"post","link":"https:\/\/lospoliticosveracruz.com\/?p=100876","title":{"rendered":"CUITL\u00c1HUAC: \u00bfLA CA\u00cdDA DE CLAUDIA Y VIVA AD\u00c1N?"},"content":{"rendered":"\n<p><strong>Ricardo Ch\u00faa<\/strong><\/p>\n\n\n\n<p><em>Sale y Vale<\/em><\/p>\n\n\n\n<p>Seg\u00fan informa \u00abGarganta Profunda\u00bb que en Palacio de Gobierno en Xalapa, pueden estar haciendo un \u00abCAMBIO DE ESTRATEGIA\u00bb para la candidatura Presidencial dentro de MORENA.. Y en vez, de seguir \u00abjugando\u00bb con Claudia Sheinbaum, la jefa de Gobierno de CDMX&#8230; Ahora han puesto la mira en el secretario de Gobernaci\u00f3n, Ad\u00e1n Augusto L\u00f3pez&#8230; Y est\u00e1n \u00abPREPARADOS\u00bb para \u00abquemarle\u00bb incienso esta misma semana que comienza&#8230;&nbsp;<\/p>\n\n\n\n<p><a href=\"https:\/\/youtu.be\/Nxe-vxf8GuY\"><\/a><\/p>\n\n\n\n<figure class=\"wp-block-embed is-type-video is-provider-youtube wp-block-embed-youtube wp-embed-aspect-16-9 wp-has-aspect-ratio\"><div class=\"wp-block-embed__wrapper\">\n<iframe loading=\"lazy\" title=\"Cluster Coworking\" width=\"696\" height=\"392\" src=\"https:\/\/www.youtube.com\/embed\/Nxe-vxf8GuY?feature=oembed\" frameborder=\"0\" allow=\"accelerometer; autoplay; clipboard-write; encrypted-media; gyroscope; picture-in-picture; web-share\" referrerpolicy=\"strict-origin-when-cross-origin\" allowfullscreen><\/iframe>\n<\/div><\/figure>\n\n\n\n<p>Ya que ante el DESPLOME de Sheinbaum desde hace unas semanas a la fecha en Veracruz&#8230; Y ahora con el funesto accidente del pasado s\u00e1bado del Servicio del \u00abMetro\u00bb en CDMX&#8230; Se puede decir que a Palacio de Gobierno en Xalapa, este grave problema para la Jefa de Gobierno les cay\u00f3 como \u00abanillo al dedo\u00bb para ir a darle todo su respaldo a Ad\u00e1n Augusto desde Veracruz&#8230; Este mismo jueves en el WTC de Boca del R\u00edo, donde acudir\u00e1 el titular de SEGOB para reunirse con Cuitl\u00e1huac Garc\u00eda&#8230; Que conveniente&#8230; \u00bfNO?&#8230;&nbsp;<\/p>\n\n\n\n<p>\u00abGarganta Profunda\u00bb que desde hace semanas la ala de MORENA que maneja el Palacio de Gobierno, se ha dado cuenta que la ca\u00edda de Claudia Sheinbaum es cada d\u00eda peor&#8230; Y por eso, ahora van a tratar de \u00abcobijarse\u00bb con Ad\u00e1n&#8230; Prueba de ello, es que este jueves en el WTC le van a rendir pleites\u00eda.. Le van a llenar este centro de convenciones para tratar de DESPLAZAR al diputado federal minatitleco, Sergio Guti\u00e9rrez Luna y que en SEGOB vean que el control en Veracruz&#8230; Lo tiene Cuitl\u00e1huac y sus \u00abhuestes\u00bb&#8230;&nbsp;<\/p>\n\n\n\n<p>Un \u00abrito\u00bb y alabanza similar a la que le hicieron en su momento a Roc\u00edo Nahle, como titular de la Secretar\u00eda de Energ\u00eda, con esos foros en el WTC&#8230; Que no beneficiaron en nada a Veracruz.. Ya que las tarifas de la CFE y el gas est\u00e1n por las \u00abnubes\u00bb, el precio de la gasolina no ha bajado, entonces, le van a \u00abquemar\u00bb incienso a Ad\u00e1n Augusto&#8230; Para decirle que la fuerza est\u00e1 con ellos y no con Sergio Guti\u00e9rrez&#8230; Y \u00abmuerta\u00bb Claudia con la ca\u00edda del \u00abMetro\u00bb, ahora, pues, \u00abviva\u00bb Ad\u00e1n&#8230; QUE SIGA L\u00d3PEZ..&nbsp;<\/p>\n\n\n\n<p>Pero de acuerdo a informes de \u00abGarganta Profunda\u00bb es que lo que no altera en nada dentro de MORENA en Veracruz, si es Ad\u00e1n o Claudia el candidato Presidencial&#8230; Es el tema de Roc\u00edo Nahle en Veracruz.. Ya que se dice est\u00e1 muy bien \u00abamarrada\u00bb en Palacio Nacional y trae un nivel de complicidad pol\u00edtica con ellos.. Lo cual hace que se sienta segura para ser la candidata a gobernador de MORENA.. Ya de ah\u00ed a que gane la elecci\u00f3n constitucional del 2024 en Veracruz&#8230; Es otro \u00abcantar\u00bb&#8230;&nbsp;&nbsp;<\/p>\n\n\n\n<p>Lo que s\u00cd REVEL\u00d3 \u00abGarganta Profunda\u00bb es que Nahle se est\u00e1 DANDO CUENTA que en Veracruz la est\u00e1n TRAICIONANDO personajes que ella coloc\u00f3 en el gobierno de Cuitl\u00e1huac, aliados que antes estaban al 100 con ella y personajes a los cuales apoy\u00f3 pol\u00edtica y econ\u00f3micamente.. Pero ahora le est\u00e1n dando la espalda&#8230; Y peor a\u00fan que todav\u00eda faltan m\u00e1s que la podr\u00edan traicionar&#8230; Por eso, necesita de un EQUIPO NUEVO de personas que no sean AFINES al gobierno estatal para enfrentar el proceso electoral del 2024&#8230;<\/p>\n\n\n\n<p>Esto debido a que se rumora en Veracruz&#8230; Que si Nahle \u00abjuega\u00bb con Cuitl\u00e1huac y su s\u00e9quito de su administraci\u00f3n estatal&#8230; Van a perder o la van hacer perder, que es lo m\u00e1s grave.. Adem\u00e1s esos personajes no suman hac\u00eda la sociedad, s\u00f3lo restan&#8230; Por eso, en Palacio de Gobierno saben que en este momento Claudia no cambia nada, que pierde el pa\u00eds y Roc\u00edo gana Veracruz.. Por eso, es que el jueves le \u00abqueman\u00bb el incienso a Ad\u00e1n Augusto.. As\u00ed todo felices y contentos.. Hasta el momento.. Falta lo que diga el tabasque\u00f1o y el minatitleco..<\/p>\n\n\n\n<p>Adem\u00e1s dentro de MORENA tanto nacional como en Veracruz.. Saben bien, que si al final de cuentas, el elegido para el 2024 como candidato a gobernador, no es Roc\u00edo Nahle&#8230; Ella tendr\u00eda derecho de \u00abveto\u00bb para este proceso.. Y se dice que ella no va a elegir nunca, pero nunca a un candidato af\u00edn a Cuitl\u00e1huac Garc\u00eda.. Se dice que ella, va a preferir \u00abjug\u00e1rsela\u00bb con el alcalde de Xalapa, Ricardo Ahued, que con un pol\u00edtico cercano al actual gobernador de Veracruz.. AS\u00cd LAS COSAS.. AMEN Y DIOS LOS BENDIGA&#8230;&nbsp; &nbsp; &nbsp; &nbsp;<\/p>\n\n\n\n<p>OJO.. Todav\u00eda tiene m\u00e1s fuerza Juan Javier G\u00f3mez Cazar\u00edn con Roc\u00edo Nahle.. Que cualquier personaje emanado de Palacio de Gobierno.. Con Cazarin contin\u00faa operando, reuni\u00e9ndose y llegando acuerdos para el trabajo de su precampa\u00f1a al 2024&#8230; Ya le quit\u00f3 su espacio al alcalde de Coatzacoalcos, Amado Cruz Malpica&#8230; El diputado ya se le \u00abmeti\u00f3 hasta la cocina\u00bb y tiene un grupo de diputados operando en varios distritos para ella&#8230; Al final, Cazar\u00edn no se est\u00e1 peleando tampoco con nadie&#8230; Sabe que esto puede cambiar en cualquier momento..&nbsp;<\/p>\n\n\n\n<p>Pero tambi\u00e9n hay que poner atenci\u00f3n a la presencia que est\u00e1 teniendo Sergio Guti\u00e9rrez Luna en Veracruz.. A pesar de que lo tratan de DESPLAZAR desde Palacio de Gobierno dentro de MORENA para que Ad\u00e1n Augusto opere con ellos y no con el diputado federal&#8230; El titular de SEGOB le sigue teniendo toda la confianza al minatitleco.. Por eso, si Ad\u00e1n resulta ser el candidato Presidencial, el panorama para Veracruz cambia en 2024.. El candidato podr\u00eda ser \u00e9l o si es parte de una negociaci\u00f3n, entonces, ser\u00eda el candidato al Senado&#8230; NO HAY M\u00c1S&#8230;<\/p>\n\n\n\n<p>PD&#8230; En Veracruz, el PRI sigue dando de qu\u00e9 hablar&#8230; Ya que este fin de semana la senadora, Beatriz Paredes Rangel, sostuvo encuentros de trabajo con diversos grupos pol\u00edticos y aspirantes a gobernador para el 2024&#8230; Para poder empezar a preparar el camino en la entidad como una de las precandidatas presidenciales de este partido&#8230; Y al parecer, le fue muy bien en esas reuniones porque logr\u00f3 juntar a \u00abSirios y Troyanos\u00bb, por lo menos, se ve que hay uno de oposici\u00f3n que ya se mueve&#8230; Y eso quiere decir que VAN A PELEAR CON TODO&#8230;<\/p>\n\n\n\n<p>Pero esto no para ah\u00ed&#8230; Seg\u00fan se sabe \u00abGarganta Profunda\u00bb hizo hincapi\u00e9 que la tlaxcalteca&#8230; No ser\u00e1 la \u00fanica aspirante presidencial priista que venga a Veracruz&#8230; Sino que se dice que en este mes, vendr\u00e1n otros m\u00e1s para trabajar sobre lo mismo&#8230; Nos comenta que en pr\u00f3ximos d\u00edas estar\u00e1 en la entidad, el ex gobernador de Oaxaca, Alejandro Murat&#8230; Y que al oaxaque\u00f1o lo traer\u00e1 \u00c1ngel Ochoa, el que fuera delegado de SEGOB en Veracruz en los tiempos de Enrique Pe\u00f1a Nieto&#8230; Murat tiene un punto en contra&#8230; Perdi\u00f3 Oaxaca&#8230;. AMEN&#8230;.<\/p>\n","protected":false},"excerpt":{"rendered":"<p>Ricardo Ch\u00faa Sale y Vale Seg\u00fan informa \u00abGarganta Profunda\u00bb que en Palacio de Gobierno en Xalapa, pueden estar haciendo un \u00abCAMBIO DE ESTRATEGIA\u00bb para la candidatura Presidencial dentro de MORENA.. Y en vez, de seguir \u00abjugando\u00bb con Claudia Sheinbaum, la jefa de Gobierno de CDMX&#8230; Ahora han puesto la mira en el secretario de Gobernaci\u00f3n, [&hellip;]<\/p>\n","protected":false},"author":2,"featured_media":0,"comment_status":"closed","ping_status":"closed","sticky":false,"template":"","format":"standard","meta":{"tdm_status":"","tdm_grid_status":"","footnotes":""},"categories":[70],"tags":[5618,1375,9627,1563,12695,24908,1026,3578,16147,195],"class_list":{"0":"post-100876","1":"post","2":"type-post","3":"status-publish","4":"format-standard","6":"category-de-opinion","7":"tag-amado-cruz-malpica","8":"tag-beatriz-paredes-rangel","9":"tag-claudia-sheinbaum","10":"tag-cuitlahuac-garcia-jimenez","11":"tag-juan-javier-gomez-cazarin","12":"tag-metro","13":"tag-morena","14":"tag-rocio-nahle","15":"tag-sergio-gutierrez-luna","16":"tag-veracruz"},"yoast_head":"<!-- This site is optimized with the Yoast SEO plugin v27.4 - https:\/\/yoast.com\/product\/yoast-seo-wordpress\/ -->\n<title>CUITL\u00c1HUAC: \u00bfLA CA\u00cdDA DE CLAUDIA Y VIVA AD\u00c1N? - Los pol\u00edticos Veracruz<\/title>\n<meta name=\"robots\" content=\"index, follow, max-snippet:-1, max-image-preview:large, max-video-preview:-1\" \/>\n<link rel=\"canonical\" href=\"https:\/\/lospoliticosveracruz.com\/?p=100876\" \/>\n<meta property=\"og:locale\" content=\"es_ES\" \/>\n<meta property=\"og:type\" content=\"article\" \/>\n<meta property=\"og:title\" content=\"CUITL\u00c1HUAC: \u00bfLA CA\u00cdDA DE CLAUDIA Y VIVA AD\u00c1N? - Los pol\u00edticos Veracruz\" \/>\n<meta property=\"og:description\" content=\"Ricardo Ch\u00faa Sale y Vale Seg\u00fan informa \u00abGarganta Profunda\u00bb que en Palacio de Gobierno en Xalapa, pueden estar haciendo un \u00abCAMBIO DE ESTRATEGIA\u00bb para la candidatura Presidencial dentro de MORENA.. Y en vez, de seguir \u00abjugando\u00bb con Claudia Sheinbaum, la jefa de Gobierno de CDMX&#8230; Ahora han puesto la mira en el secretario de Gobernaci\u00f3n, [&hellip;]\" \/>\n<meta property=\"og:url\" content=\"https:\/\/lospoliticosveracruz.com\/?p=100876\" \/>\n<meta property=\"og:site_name\" content=\"Los pol\u00edticos Veracruz\" \/>\n<meta property=\"article:publisher\" content=\"https:\/\/www.facebook.com\/people\/Notimemes-de-los-Polticos\/61565672886568\/\" \/>\n<meta property=\"article:published_time\" content=\"2023-01-09T13:51:02+00:00\" \/>\n<meta property=\"article:modified_time\" content=\"2023-01-09T13:51:12+00:00\" \/>\n<meta property=\"og:image\" content=\"https:\/\/lospoliticosveracruz.com\/wp-content\/uploads\/2016\/07\/Logo-Dor.jpg\" \/>\n\t<meta property=\"og:image:width\" content=\"200\" \/>\n\t<meta property=\"og:image:height\" content=\"200\" \/>\n\t<meta property=\"og:image:type\" content=\"image\/jpeg\" \/>\n<meta name=\"author\" content=\"Lo viste en Los Pol\u00edticos\" \/>\n<meta name=\"twitter:card\" content=\"summary_large_image\" \/>\n<meta name=\"twitter:creator\" content=\"@LosPoliticosVer\" \/>\n<meta name=\"twitter:site\" content=\"@LosPoliticosVer\" \/>\n<meta name=\"twitter:label1\" content=\"Escrito por\" \/>\n\t<meta name=\"twitter:data1\" content=\"Lo viste en Los Pol\u00edticos\" \/>\n\t<meta name=\"twitter:label2\" content=\"Tiempo de lectura\" \/>\n\t<meta name=\"twitter:data2\" content=\"6 minutos\" \/>\n<script type=\"application\/ld+json\" class=\"yoast-schema-graph\">{\"@context\":\"https:\\\/\\\/schema.org\",\"@graph\":[{\"@type\":\"Article\",\"@id\":\"https:\\\/\\\/lospoliticosveracruz.com\\\/?p=100876#article\",\"isPartOf\":{\"@id\":\"https:\\\/\\\/lospoliticosveracruz.com\\\/?p=100876\"},\"author\":{\"name\":\"Lo viste en Los Pol\u00edticos\",\"@id\":\"https:\\\/\\\/lospoliticosveracruz.com\\\/#\\\/schema\\\/person\\\/b8702bb0e538456e6efd07080bf2a4a2\"},\"headline\":\"CUITL\u00c1HUAC: \u00bfLA CA\u00cdDA DE CLAUDIA Y VIVA AD\u00c1N?\",\"datePublished\":\"2023-01-09T13:51:02+00:00\",\"dateModified\":\"2023-01-09T13:51:12+00:00\",\"mainEntityOfPage\":{\"@id\":\"https:\\\/\\\/lospoliticosveracruz.com\\\/?p=100876\"},\"wordCount\":1180,\"publisher\":{\"@id\":\"https:\\\/\\\/lospoliticosveracruz.com\\\/#organization\"},\"keywords\":[\"Amado Cruz Malpica\",\"Beatriz Paredes Rangel\",\"Claudia Sheinbaum\",\"Cuitl\u00e1huac Garc\u00eda Jim\u00e9nez\",\"Juan Javier G\u00f3mez Cazar\u00edn\",\"Metro\",\"Morena\",\"Roc\u00edo Nahle\",\"Sergio Guti\u00e9rrez Luna\",\"Veracruz\"],\"articleSection\":[\"De Opini\u00f3n\"],\"inLanguage\":\"es\"},{\"@type\":\"WebPage\",\"@id\":\"https:\\\/\\\/lospoliticosveracruz.com\\\/?p=100876\",\"url\":\"https:\\\/\\\/lospoliticosveracruz.com\\\/?p=100876\",\"name\":\"CUITL\u00c1HUAC: \u00bfLA CA\u00cdDA DE CLAUDIA Y VIVA AD\u00c1N? - Los pol\u00edticos Veracruz\",\"isPartOf\":{\"@id\":\"https:\\\/\\\/lospoliticosveracruz.com\\\/#website\"},\"datePublished\":\"2023-01-09T13:51:02+00:00\",\"dateModified\":\"2023-01-09T13:51:12+00:00\",\"breadcrumb\":{\"@id\":\"https:\\\/\\\/lospoliticosveracruz.com\\\/?p=100876#breadcrumb\"},\"inLanguage\":\"es\",\"potentialAction\":[{\"@type\":\"ReadAction\",\"target\":[\"https:\\\/\\\/lospoliticosveracruz.com\\\/?p=100876\"]}]},{\"@type\":\"BreadcrumbList\",\"@id\":\"https:\\\/\\\/lospoliticosveracruz.com\\\/?p=100876#breadcrumb\",\"itemListElement\":[{\"@type\":\"ListItem\",\"position\":1,\"name\":\"Portada\",\"item\":\"https:\\\/\\\/lospoliticosveracruz.com\\\/\"},{\"@type\":\"ListItem\",\"position\":2,\"name\":\"CUITL\u00c1HUAC: \u00bfLA CA\u00cdDA DE CLAUDIA Y VIVA AD\u00c1N?\"}]},{\"@type\":\"WebSite\",\"@id\":\"https:\\\/\\\/lospoliticosveracruz.com\\\/#website\",\"url\":\"https:\\\/\\\/lospoliticosveracruz.com\\\/\",\"name\":\"Los pol\u00edticos Veracruz\",\"description\":\"\",\"publisher\":{\"@id\":\"https:\\\/\\\/lospoliticosveracruz.com\\\/#organization\"},\"potentialAction\":[{\"@type\":\"SearchAction\",\"target\":{\"@type\":\"EntryPoint\",\"urlTemplate\":\"https:\\\/\\\/lospoliticosveracruz.com\\\/?s={search_term_string}\"},\"query-input\":{\"@type\":\"PropertyValueSpecification\",\"valueRequired\":true,\"valueName\":\"search_term_string\"}}],\"inLanguage\":\"es\"},{\"@type\":\"Organization\",\"@id\":\"https:\\\/\\\/lospoliticosveracruz.com\\\/#organization\",\"name\":\"Los pol\u00edticos Veracruz\",\"url\":\"https:\\\/\\\/lospoliticosveracruz.com\\\/\",\"logo\":{\"@type\":\"ImageObject\",\"inLanguage\":\"es\",\"@id\":\"https:\\\/\\\/lospoliticosveracruz.com\\\/#\\\/schema\\\/logo\\\/image\\\/\",\"url\":\"https:\\\/\\\/lospoliticosveracruz.com\\\/wp-content\\\/uploads\\\/2025\\\/12\\\/Logo-Nuevo-LOS-POLITICOS-1.jpg\",\"contentUrl\":\"https:\\\/\\\/lospoliticosveracruz.com\\\/wp-content\\\/uploads\\\/2025\\\/12\\\/Logo-Nuevo-LOS-POLITICOS-1.jpg\",\"width\":260,\"height\":70,\"caption\":\"Los pol\u00edticos Veracruz\"},\"image\":{\"@id\":\"https:\\\/\\\/lospoliticosveracruz.com\\\/#\\\/schema\\\/logo\\\/image\\\/\"},\"sameAs\":[\"https:\\\/\\\/www.facebook.com\\\/people\\\/Notimemes-de-los-Polticos\\\/61565672886568\\\/\",\"https:\\\/\\\/x.com\\\/LosPoliticosVer\"]},{\"@type\":\"Person\",\"@id\":\"https:\\\/\\\/lospoliticosveracruz.com\\\/#\\\/schema\\\/person\\\/b8702bb0e538456e6efd07080bf2a4a2\",\"name\":\"Lo viste en Los Pol\u00edticos\",\"image\":{\"@type\":\"ImageObject\",\"inLanguage\":\"es\",\"@id\":\"https:\\\/\\\/secure.gravatar.com\\\/avatar\\\/3a8de04a2656d44082be478bd6c086daa447c4651605818287b9532d3d0bd435?s=96&d=mm&r=g\",\"url\":\"https:\\\/\\\/secure.gravatar.com\\\/avatar\\\/3a8de04a2656d44082be478bd6c086daa447c4651605818287b9532d3d0bd435?s=96&d=mm&r=g\",\"contentUrl\":\"https:\\\/\\\/secure.gravatar.com\\\/avatar\\\/3a8de04a2656d44082be478bd6c086daa447c4651605818287b9532d3d0bd435?s=96&d=mm&r=g\",\"caption\":\"Lo viste en Los Pol\u00edticos\"},\"url\":\"https:\\\/\\\/lospoliticosveracruz.com\\\/?author=2\"}]}<\/script>\n<!-- \/ Yoast SEO plugin. -->","yoast_head_json":{"title":"CUITL\u00c1HUAC: \u00bfLA CA\u00cdDA DE CLAUDIA Y VIVA AD\u00c1N? - Los pol\u00edticos Veracruz","robots":{"index":"index","follow":"follow","max-snippet":"max-snippet:-1","max-image-preview":"max-image-preview:large","max-video-preview":"max-video-preview:-1"},"canonical":"https:\/\/lospoliticosveracruz.com\/?p=100876","og_locale":"es_ES","og_type":"article","og_title":"CUITL\u00c1HUAC: \u00bfLA CA\u00cdDA DE CLAUDIA Y VIVA AD\u00c1N? - Los pol\u00edticos Veracruz","og_description":"Ricardo Ch\u00faa Sale y Vale Seg\u00fan informa \u00abGarganta Profunda\u00bb que en Palacio de Gobierno en Xalapa, pueden estar haciendo un \u00abCAMBIO DE ESTRATEGIA\u00bb para la candidatura Presidencial dentro de MORENA.. Y en vez, de seguir \u00abjugando\u00bb con Claudia Sheinbaum, la jefa de Gobierno de CDMX&#8230; Ahora han puesto la mira en el secretario de Gobernaci\u00f3n, [&hellip;]","og_url":"https:\/\/lospoliticosveracruz.com\/?p=100876","og_site_name":"Los pol\u00edticos Veracruz","article_publisher":"https:\/\/www.facebook.com\/people\/Notimemes-de-los-Polticos\/61565672886568\/","article_published_time":"2023-01-09T13:51:02+00:00","article_modified_time":"2023-01-09T13:51:12+00:00","og_image":[{"width":200,"height":200,"url":"https:\/\/lospoliticosveracruz.com\/wp-content\/uploads\/2016\/07\/Logo-Dor.jpg","type":"image\/jpeg"}],"author":"Lo viste en Los Pol\u00edticos","twitter_card":"summary_large_image","twitter_creator":"@LosPoliticosVer","twitter_site":"@LosPoliticosVer","twitter_misc":{"Escrito por":"Lo viste en Los Pol\u00edticos","Tiempo de lectura":"6 minutos"},"schema":{"@context":"https:\/\/schema.org","@graph":[{"@type":"Article","@id":"https:\/\/lospoliticosveracruz.com\/?p=100876#article","isPartOf":{"@id":"https:\/\/lospoliticosveracruz.com\/?p=100876"},"author":{"name":"Lo viste en Los Pol\u00edticos","@id":"https:\/\/lospoliticosveracruz.com\/#\/schema\/person\/b8702bb0e538456e6efd07080bf2a4a2"},"headline":"CUITL\u00c1HUAC: \u00bfLA CA\u00cdDA DE CLAUDIA Y VIVA AD\u00c1N?","datePublished":"2023-01-09T13:51:02+00:00","dateModified":"2023-01-09T13:51:12+00:00","mainEntityOfPage":{"@id":"https:\/\/lospoliticosveracruz.com\/?p=100876"},"wordCount":1180,"publisher":{"@id":"https:\/\/lospoliticosveracruz.com\/#organization"},"keywords":["Amado Cruz Malpica","Beatriz Paredes Rangel","Claudia Sheinbaum","Cuitl\u00e1huac Garc\u00eda Jim\u00e9nez","Juan Javier G\u00f3mez Cazar\u00edn","Metro","Morena","Roc\u00edo Nahle","Sergio Guti\u00e9rrez Luna","Veracruz"],"articleSection":["De Opini\u00f3n"],"inLanguage":"es"},{"@type":"WebPage","@id":"https:\/\/lospoliticosveracruz.com\/?p=100876","url":"https:\/\/lospoliticosveracruz.com\/?p=100876","name":"CUITL\u00c1HUAC: \u00bfLA CA\u00cdDA DE CLAUDIA Y VIVA AD\u00c1N? - Los pol\u00edticos Veracruz","isPartOf":{"@id":"https:\/\/lospoliticosveracruz.com\/#website"},"datePublished":"2023-01-09T13:51:02+00:00","dateModified":"2023-01-09T13:51:12+00:00","breadcrumb":{"@id":"https:\/\/lospoliticosveracruz.com\/?p=100876#breadcrumb"},"inLanguage":"es","potentialAction":[{"@type":"ReadAction","target":["https:\/\/lospoliticosveracruz.com\/?p=100876"]}]},{"@type":"BreadcrumbList","@id":"https:\/\/lospoliticosveracruz.com\/?p=100876#breadcrumb","itemListElement":[{"@type":"ListItem","position":1,"name":"Portada","item":"https:\/\/lospoliticosveracruz.com\/"},{"@type":"ListItem","position":2,"name":"CUITL\u00c1HUAC: \u00bfLA CA\u00cdDA DE CLAUDIA Y VIVA AD\u00c1N?"}]},{"@type":"WebSite","@id":"https:\/\/lospoliticosveracruz.com\/#website","url":"https:\/\/lospoliticosveracruz.com\/","name":"Los pol\u00edticos Veracruz","description":"","publisher":{"@id":"https:\/\/lospoliticosveracruz.com\/#organization"},"potentialAction":[{"@type":"SearchAction","target":{"@type":"EntryPoint","urlTemplate":"https:\/\/lospoliticosveracruz.com\/?s={search_term_string}"},"query-input":{"@type":"PropertyValueSpecification","valueRequired":true,"valueName":"search_term_string"}}],"inLanguage":"es"},{"@type":"Organization","@id":"https:\/\/lospoliticosveracruz.com\/#organization","name":"Los pol\u00edticos Veracruz","url":"https:\/\/lospoliticosveracruz.com\/","logo":{"@type":"ImageObject","inLanguage":"es","@id":"https:\/\/lospoliticosveracruz.com\/#\/schema\/logo\/image\/","url":"https:\/\/lospoliticosveracruz.com\/wp-content\/uploads\/2025\/12\/Logo-Nuevo-LOS-POLITICOS-1.jpg","contentUrl":"https:\/\/lospoliticosveracruz.com\/wp-content\/uploads\/2025\/12\/Logo-Nuevo-LOS-POLITICOS-1.jpg","width":260,"height":70,"caption":"Los pol\u00edticos Veracruz"},"image":{"@id":"https:\/\/lospoliticosveracruz.com\/#\/schema\/logo\/image\/"},"sameAs":["https:\/\/www.facebook.com\/people\/Notimemes-de-los-Polticos\/61565672886568\/","https:\/\/x.com\/LosPoliticosVer"]},{"@type":"Person","@id":"https:\/\/lospoliticosveracruz.com\/#\/schema\/person\/b8702bb0e538456e6efd07080bf2a4a2","name":"Lo viste en Los Pol\u00edticos","image":{"@type":"ImageObject","inLanguage":"es","@id":"https:\/\/secure.gravatar.com\/avatar\/3a8de04a2656d44082be478bd6c086daa447c4651605818287b9532d3d0bd435?s=96&d=mm&r=g","url":"https:\/\/secure.gravatar.com\/avatar\/3a8de04a2656d44082be478bd6c086daa447c4651605818287b9532d3d0bd435?s=96&d=mm&r=g","contentUrl":"https:\/\/secure.gravatar.com\/avatar\/3a8de04a2656d44082be478bd6c086daa447c4651605818287b9532d3d0bd435?s=96&d=mm&r=g","caption":"Lo viste en Los Pol\u00edticos"},"url":"https:\/\/lospoliticosveracruz.com\/?author=2"}]}},"_links":{"self":[{"href":"https:\/\/lospoliticosveracruz.com\/index.php?rest_route=\/wp\/v2\/posts\/100876","targetHints":{"allow":["GET"]}}],"collection":[{"href":"https:\/\/lospoliticosveracruz.com\/index.php?rest_route=\/wp\/v2\/posts"}],"about":[{"href":"https:\/\/lospoliticosveracruz.com\/index.php?rest_route=\/wp\/v2\/types\/post"}],"author":[{"embeddable":true,"href":"https:\/\/lospoliticosveracruz.com\/index.php?rest_route=\/wp\/v2\/users\/2"}],"replies":[{"embeddable":true,"href":"https:\/\/lospoliticosveracruz.com\/index.php?rest_route=%2Fwp%2Fv2%2Fcomments&post=100876"}],"version-history":[{"count":1,"href":"https:\/\/lospoliticosveracruz.com\/index.php?rest_route=\/wp\/v2\/posts\/100876\/revisions"}],"predecessor-version":[{"id":100877,"href":"https:\/\/lospoliticosveracruz.com\/index.php?rest_route=\/wp\/v2\/posts\/100876\/revisions\/100877"}],"wp:attachment":[{"href":"https:\/\/lospoliticosveracruz.com\/index.php?rest_route=%2Fwp%2Fv2%2Fmedia&parent=100876"}],"wp:term":[{"taxonomy":"category","embeddable":true,"href":"https:\/\/lospoliticosveracruz.com\/index.php?rest_route=%2Fwp%2Fv2%2Fcategories&post=100876"},{"taxonomy":"post_tag","embeddable":true,"href":"https:\/\/lospoliticosveracruz.com\/index.php?rest_route=%2Fwp%2Fv2%2Ftags&post=100876"}],"curies":[{"name":"wp","href":"https:\/\/api.w.org\/{rel}","templated":true}]}}