{"id":101100,"date":"2023-01-13T07:54:30","date_gmt":"2023-01-13T13:54:30","guid":{"rendered":"https:\/\/lospoliticosveracruz.com.mx\/?p=101100"},"modified":"2023-01-13T07:54:38","modified_gmt":"2023-01-13T13:54:38","slug":"el-amlo-dammerung","status":"publish","type":"post","link":"https:\/\/lospoliticosveracruz.com\/?p=101100","title":{"rendered":"\u200b\u200bE\u200bl AMLO D\u00c4MMERUNG"},"content":{"rendered":"\n<p><strong>Felipe de Jes\u00fas Fern\u00e1ndez Basilio<br><\/strong><em>Desde a Janela<\/em><\/p>\n\n\n\n<p>\u201cYa solo restan un a\u00f1o, ocho meses y dieciocho d\u00edas para que se vaya a \u2026 su rancho\u201d<\/p>\n\n\n\n<p>Antes de iniciar quiero desearles un feliz 2023 y que este a\u00f1o que inicia sea mejor que los anteriores.<br>La voz germana \u201cd\u00e4mmerung\u201d se traduce al castellano como el ocaso o el crep\u00fasculo y ello es precisamente lo que el inicio de este a\u00f1o le trae a L\u00f3pez Obrador como presidente de la Rep\u00fablica.<br>Y es que igual a como ocurre en el ciclo noche-d\u00eda, al presidente el sol le comenz\u00f3 a descender desde que se llevaron a cabo las elecciones intermedias, a la mitad de su mandato, en las que no solamente perdi\u00f3 la mayor\u00eda calificada para reformar a la constituci\u00f3n en la C\u00e1mara de Diputados y la mitad de las alcald\u00edas de la Ciudad de M\u00e9xico, sino que su coalici\u00f3n electoral obtuvo cerca de dos millones de votos menos que toda la oposici\u00f3n a su gobierno junta.<\/p>\n\n\n\n<figure class=\"wp-block-embed is-type-video is-provider-youtube wp-block-embed-youtube wp-embed-aspect-16-9 wp-has-aspect-ratio\"><div class=\"wp-block-embed__wrapper\">\n<iframe loading=\"lazy\" title=\"Cluster Coworking\" width=\"696\" height=\"392\" src=\"https:\/\/www.youtube.com\/embed\/Nxe-vxf8GuY?feature=oembed\" frameborder=\"0\" allow=\"accelerometer; autoplay; clipboard-write; encrypted-media; gyroscope; picture-in-picture; web-share\" referrerpolicy=\"strict-origin-when-cross-origin\" allowfullscreen><\/iframe>\n<\/div><\/figure>\n\n\n\n<p><br>Luego la tarde le arreci\u00f3 con el rechazo a sus contrarreformas el\u00e9ctrica y electoral, as\u00ed como el intento de militarizar desde la constituci\u00f3n a la Guardia Nacional; sin olvidar la importancia que tuvo el que una buena parte de la poblaci\u00f3n que se opone a su forma de gobernar se manifest\u00f3 contundentemente en contra de la desaparici\u00f3n del INE.<br>Ahora el inicio de 2023 marca claramente el ocultamiento del sol para la administraci\u00f3n de L\u00f3pez Obrador, ya que la inercia iniciada con las elecciones de 2021 aunada al que el tiempo que le queda en el cargo ya es muy peque\u00f1o y que ineludiblemente el tema de la sucesi\u00f3n, con el cual al principio jug\u00f3 al nombrar a sus tapaderas, ahora cobra por s\u00ed mismo seriedad; trae como resultado que el presidente con todo y sus peroratas matutinas pase a un segundo plano y con ello, la influencia que a la buena o la mala haya tenido sobre otras instituciones simplemente se evapore.<br>Siendo el inicio de este a\u00f1o una prueba de que el ocaso ya le lleg\u00f3 a la presidencia de L\u00f3pez Obrador y le lleg\u00f3 con m\u00e1s fuerza que a muchos otros de los que le precedieron y ello es debido a que tuvo mucho m\u00e1s poder que ellos, pero lo ejerci\u00f3 de una peor manera.<br>Y ese ocaso se nota particularmente en que las derrotas que sufren L\u00f3pez Obrador y sus principales operadores son cada vez m\u00e1s aparatosas y producto tambi\u00e9n de la actividad humana tanto de sus contrarios como de quienes simplemente buscan preservar la integridad de la rep\u00fablica.<br>Siendo esa diferencia muy marcada en comparaci\u00f3n a cuando en la primera mitad de su periodo sexenal, solamente la terca realidad era la \u00fanica capaz de limitar el abusivo ejercicio de poder de un presidente que se sinti\u00f3 monarca, ya que todos los dem\u00e1s actores pol\u00edticos, salvo una muy pocas y honrosas excepciones, o lo secundaban o callaban.<br>Pero adem\u00e1s esas derrotas son a\u00fan m\u00e1s aparatosas debido a la soberbia y el cinismo con el que, tanto el presidente como sus allegados, enfrentan a la adversidad derivada de los errores que cometen o de los comportamientos nada \u00e9ticos y muchas veces ilegales que sostienen y peor aun cuando son descubiertos.<br>Basta con ver los casos de la ministra Esquivel y de la Jefe de Gobierno de la Ciudad de M\u00e9xico Claudia Sheinbaum para darse cuenta de la soberbia y el cinismo con el que se act\u00faa dentro de la auto mal llamada 4t, ya que la primera ocupa un cargo de suma importancia debido a que como ministra es integrante del m\u00e1ximo tribunal constitucional y resulta que obtuvo su grado de licenciatura merced a plagiar una tesis escrita por otra persona.<br>Lo anterior aparte de ser muy grave debido a la trascendencia de la funci\u00f3n que desempe\u00f1a y a que constitucionalmente para ocupar el cargo requiere de ser licenciada en derecho, lo que a todas luces no acontece debido a que la UNAM ya determin\u00f3 que copi\u00f3 la tesis de otro, se ve a\u00fan m\u00e1s agravado, porque en lugar de pedir licencia para defenderse y as\u00ed salvaguardar el honor de la SCJN, la se\u00f1ora Esquivel se pretende convertir en la v\u00edctima del plagio, llegando al grado de acusar al verdadero autor de la tesis como el plagiario.<br>Un cinismo sin l\u00edmites y m\u00e1s que en lugar de renunciar se atrevi\u00f3 a votar por s\u00ed misma para encabezar a la corte.<br>Mientras que Claudia Sheinbaum, aparte de inmiscuirse en ese asunto ordenando a su fiscal\u00eda dizque aut\u00f3noma que exonerara a la ahora plagiaria, tambi\u00e9n cometi\u00f3 la irresponsabilidad de andar en campa\u00f1a ilegalmente en otro estado cuando la ciudad que est\u00e1 a su cargo se encuentra sin presupuesto y a la deriva debido a las ambiciones personales de su Jefe de Gobierno y el frentazo que recibi\u00f3 fue que mientras en Morelia iba a dictar una c\u00e1tedra sobre el \u201cbuen gobierno\u201d que dice realizar en la Ciudad de M\u00e9xico, en esa misma ciudad por falta de mantenimiento se incendia un vag\u00f3n del metro con una v\u00edctima mortal y muchos heridos, no cabe duda que la realidad la uso en su lugar de muy mala manera.<br>Pues resulta que la se\u00f1ora Sheinbaum tambi\u00e9n padece la misma soberbia y el mismo cinismo que su jefe y camaradas, ya que invent\u00f3 el cuento de un supuesto sabotaje en el metro realizado con la finalidad de perjudicarla en sus leg\u00edtimas aspiraciones y la soluci\u00f3n que dio al problema fue llevar a la Guardia Nacional a cuidar el metro.<br>Veremos si los polic\u00edas militarizados pueden dar mantenimiento al metro sin que la Jefe de Gobierno distraiga un solo peso del presupuesto de la ciudad que est\u00e1 destinado \u00edntegramente a financiar su ilegal por adelantada precampa\u00f1a.<br>En fin, como pueden ver amables lectores, el \u201cd\u00e4mmerung\u201d u ocaso del presidente es cada vez m\u00e1s manifiesto y los \u00fanicos que no lo ven son el propio L\u00f3pez y sus allegados, ya que viven embriagados de un poder que se les est\u00e1 yendo de las manos cada vez m\u00e1s r\u00e1pido y muestra de ello son las estrepitosas derrotas con las que empezaron este a\u00f1o.<br>Se sienten invencibles, pero el destino ya los est\u00e1 alcanzando.<\/p>\n\n\n\n<p>felfebas@gmail.com<br>Twitter: @FelipeFBasilio<\/p>\n","protected":false},"excerpt":{"rendered":"<p>Felipe de Jes\u00fas Fern\u00e1ndez BasilioDesde a Janela \u201cYa solo restan un a\u00f1o, ocho meses y dieciocho d\u00edas para que se vaya a \u2026 su rancho\u201d Antes de iniciar quiero desearles un feliz 2023 y que este a\u00f1o que inicia sea mejor que los anteriores.La voz germana \u201cd\u00e4mmerung\u201d se traduce al castellano como el ocaso o [&hellip;]<\/p>\n","protected":false},"author":2,"featured_media":0,"comment_status":"closed","ping_status":"closed","sticky":false,"template":"","format":"standard","meta":{"tdm_status":"","tdm_grid_status":"","footnotes":""},"categories":[70],"tags":[618,9627,12710,1026],"class_list":{"0":"post-101100","1":"post","2":"type-post","3":"status-publish","4":"format-standard","6":"category-de-opinion","7":"tag-andres-manuel-lopez-obrador","8":"tag-claudia-sheinbaum","9":"tag-felipe-de-jesus-fernandez-basilio","10":"tag-morena"},"yoast_head":"<!-- This site is optimized with the Yoast SEO plugin v27.4 - https:\/\/yoast.com\/product\/yoast-seo-wordpress\/ -->\n<title>\u200b\u200bE\u200bl AMLO D\u00c4MMERUNG - Los pol\u00edticos Veracruz<\/title>\n<meta name=\"robots\" content=\"index, follow, max-snippet:-1, max-image-preview:large, max-video-preview:-1\" \/>\n<link rel=\"canonical\" href=\"https:\/\/lospoliticosveracruz.com\/?p=101100\" \/>\n<meta property=\"og:locale\" content=\"es_ES\" \/>\n<meta property=\"og:type\" content=\"article\" \/>\n<meta property=\"og:title\" content=\"\u200b\u200bE\u200bl AMLO D\u00c4MMERUNG - Los pol\u00edticos Veracruz\" \/>\n<meta property=\"og:description\" content=\"Felipe de Jes\u00fas Fern\u00e1ndez BasilioDesde a Janela \u201cYa solo restan un a\u00f1o, ocho meses y dieciocho d\u00edas para que se vaya a \u2026 su rancho\u201d Antes de iniciar quiero desearles un feliz 2023 y que este a\u00f1o que inicia sea mejor que los anteriores.La voz germana \u201cd\u00e4mmerung\u201d se traduce al castellano como el ocaso o [&hellip;]\" \/>\n<meta property=\"og:url\" content=\"https:\/\/lospoliticosveracruz.com\/?p=101100\" \/>\n<meta property=\"og:site_name\" content=\"Los pol\u00edticos Veracruz\" \/>\n<meta property=\"article:publisher\" content=\"https:\/\/www.facebook.com\/people\/Notimemes-de-los-Polticos\/61565672886568\/\" \/>\n<meta property=\"article:published_time\" content=\"2023-01-13T13:54:30+00:00\" \/>\n<meta property=\"article:modified_time\" content=\"2023-01-13T13:54:38+00:00\" \/>\n<meta property=\"og:image\" content=\"https:\/\/lospoliticosveracruz.com\/wp-content\/uploads\/2016\/07\/Logo-Dor.jpg\" \/>\n\t<meta property=\"og:image:width\" content=\"200\" \/>\n\t<meta property=\"og:image:height\" content=\"200\" \/>\n\t<meta property=\"og:image:type\" content=\"image\/jpeg\" \/>\n<meta name=\"author\" content=\"Lo viste en Los Pol\u00edticos\" \/>\n<meta name=\"twitter:card\" content=\"summary_large_image\" \/>\n<meta name=\"twitter:creator\" content=\"@LosPoliticosVer\" \/>\n<meta name=\"twitter:site\" content=\"@LosPoliticosVer\" \/>\n<meta name=\"twitter:label1\" content=\"Escrito por\" \/>\n\t<meta name=\"twitter:data1\" content=\"Lo viste en Los Pol\u00edticos\" \/>\n\t<meta name=\"twitter:label2\" content=\"Tiempo de lectura\" \/>\n\t<meta name=\"twitter:data2\" content=\"6 minutos\" \/>\n<script type=\"application\/ld+json\" class=\"yoast-schema-graph\">{\"@context\":\"https:\\\/\\\/schema.org\",\"@graph\":[{\"@type\":\"Article\",\"@id\":\"https:\\\/\\\/lospoliticosveracruz.com\\\/?p=101100#article\",\"isPartOf\":{\"@id\":\"https:\\\/\\\/lospoliticosveracruz.com\\\/?p=101100\"},\"author\":{\"name\":\"Lo viste en Los Pol\u00edticos\",\"@id\":\"https:\\\/\\\/lospoliticosveracruz.com\\\/#\\\/schema\\\/person\\\/b8702bb0e538456e6efd07080bf2a4a2\"},\"headline\":\"\u200b\u200bE\u200bl AMLO D\u00c4MMERUNG\",\"datePublished\":\"2023-01-13T13:54:30+00:00\",\"dateModified\":\"2023-01-13T13:54:38+00:00\",\"mainEntityOfPage\":{\"@id\":\"https:\\\/\\\/lospoliticosveracruz.com\\\/?p=101100\"},\"wordCount\":1112,\"publisher\":{\"@id\":\"https:\\\/\\\/lospoliticosveracruz.com\\\/#organization\"},\"keywords\":[\"Andr\u00e9s Manuel L\u00f3pez Obrador\",\"Claudia Sheinbaum\",\"Felipe de Jes\u00fas Fern\u00e1ndez Basilio\",\"Morena\"],\"articleSection\":[\"De Opini\u00f3n\"],\"inLanguage\":\"es\"},{\"@type\":\"WebPage\",\"@id\":\"https:\\\/\\\/lospoliticosveracruz.com\\\/?p=101100\",\"url\":\"https:\\\/\\\/lospoliticosveracruz.com\\\/?p=101100\",\"name\":\"\u200b\u200bE\u200bl AMLO D\u00c4MMERUNG - Los pol\u00edticos Veracruz\",\"isPartOf\":{\"@id\":\"https:\\\/\\\/lospoliticosveracruz.com\\\/#website\"},\"datePublished\":\"2023-01-13T13:54:30+00:00\",\"dateModified\":\"2023-01-13T13:54:38+00:00\",\"breadcrumb\":{\"@id\":\"https:\\\/\\\/lospoliticosveracruz.com\\\/?p=101100#breadcrumb\"},\"inLanguage\":\"es\",\"potentialAction\":[{\"@type\":\"ReadAction\",\"target\":[\"https:\\\/\\\/lospoliticosveracruz.com\\\/?p=101100\"]}]},{\"@type\":\"BreadcrumbList\",\"@id\":\"https:\\\/\\\/lospoliticosveracruz.com\\\/?p=101100#breadcrumb\",\"itemListElement\":[{\"@type\":\"ListItem\",\"position\":1,\"name\":\"Portada\",\"item\":\"https:\\\/\\\/lospoliticosveracruz.com\\\/\"},{\"@type\":\"ListItem\",\"position\":2,\"name\":\"\u200b\u200bE\u200bl AMLO D\u00c4MMERUNG\"}]},{\"@type\":\"WebSite\",\"@id\":\"https:\\\/\\\/lospoliticosveracruz.com\\\/#website\",\"url\":\"https:\\\/\\\/lospoliticosveracruz.com\\\/\",\"name\":\"Los pol\u00edticos Veracruz\",\"description\":\"\",\"publisher\":{\"@id\":\"https:\\\/\\\/lospoliticosveracruz.com\\\/#organization\"},\"potentialAction\":[{\"@type\":\"SearchAction\",\"target\":{\"@type\":\"EntryPoint\",\"urlTemplate\":\"https:\\\/\\\/lospoliticosveracruz.com\\\/?s={search_term_string}\"},\"query-input\":{\"@type\":\"PropertyValueSpecification\",\"valueRequired\":true,\"valueName\":\"search_term_string\"}}],\"inLanguage\":\"es\"},{\"@type\":\"Organization\",\"@id\":\"https:\\\/\\\/lospoliticosveracruz.com\\\/#organization\",\"name\":\"Los pol\u00edticos Veracruz\",\"url\":\"https:\\\/\\\/lospoliticosveracruz.com\\\/\",\"logo\":{\"@type\":\"ImageObject\",\"inLanguage\":\"es\",\"@id\":\"https:\\\/\\\/lospoliticosveracruz.com\\\/#\\\/schema\\\/logo\\\/image\\\/\",\"url\":\"https:\\\/\\\/lospoliticosveracruz.com\\\/wp-content\\\/uploads\\\/2025\\\/12\\\/Logo-Nuevo-LOS-POLITICOS-1.jpg\",\"contentUrl\":\"https:\\\/\\\/lospoliticosveracruz.com\\\/wp-content\\\/uploads\\\/2025\\\/12\\\/Logo-Nuevo-LOS-POLITICOS-1.jpg\",\"width\":260,\"height\":70,\"caption\":\"Los pol\u00edticos Veracruz\"},\"image\":{\"@id\":\"https:\\\/\\\/lospoliticosveracruz.com\\\/#\\\/schema\\\/logo\\\/image\\\/\"},\"sameAs\":[\"https:\\\/\\\/www.facebook.com\\\/people\\\/Notimemes-de-los-Polticos\\\/61565672886568\\\/\",\"https:\\\/\\\/x.com\\\/LosPoliticosVer\"]},{\"@type\":\"Person\",\"@id\":\"https:\\\/\\\/lospoliticosveracruz.com\\\/#\\\/schema\\\/person\\\/b8702bb0e538456e6efd07080bf2a4a2\",\"name\":\"Lo viste en Los Pol\u00edticos\",\"image\":{\"@type\":\"ImageObject\",\"inLanguage\":\"es\",\"@id\":\"https:\\\/\\\/secure.gravatar.com\\\/avatar\\\/3a8de04a2656d44082be478bd6c086daa447c4651605818287b9532d3d0bd435?s=96&d=mm&r=g\",\"url\":\"https:\\\/\\\/secure.gravatar.com\\\/avatar\\\/3a8de04a2656d44082be478bd6c086daa447c4651605818287b9532d3d0bd435?s=96&d=mm&r=g\",\"contentUrl\":\"https:\\\/\\\/secure.gravatar.com\\\/avatar\\\/3a8de04a2656d44082be478bd6c086daa447c4651605818287b9532d3d0bd435?s=96&d=mm&r=g\",\"caption\":\"Lo viste en Los Pol\u00edticos\"},\"url\":\"https:\\\/\\\/lospoliticosveracruz.com\\\/?author=2\"}]}<\/script>\n<!-- \/ Yoast SEO plugin. -->","yoast_head_json":{"title":"\u200b\u200bE\u200bl AMLO D\u00c4MMERUNG - Los pol\u00edticos Veracruz","robots":{"index":"index","follow":"follow","max-snippet":"max-snippet:-1","max-image-preview":"max-image-preview:large","max-video-preview":"max-video-preview:-1"},"canonical":"https:\/\/lospoliticosveracruz.com\/?p=101100","og_locale":"es_ES","og_type":"article","og_title":"\u200b\u200bE\u200bl AMLO D\u00c4MMERUNG - Los pol\u00edticos Veracruz","og_description":"Felipe de Jes\u00fas Fern\u00e1ndez BasilioDesde a Janela \u201cYa solo restan un a\u00f1o, ocho meses y dieciocho d\u00edas para que se vaya a \u2026 su rancho\u201d Antes de iniciar quiero desearles un feliz 2023 y que este a\u00f1o que inicia sea mejor que los anteriores.La voz germana \u201cd\u00e4mmerung\u201d se traduce al castellano como el ocaso o [&hellip;]","og_url":"https:\/\/lospoliticosveracruz.com\/?p=101100","og_site_name":"Los pol\u00edticos Veracruz","article_publisher":"https:\/\/www.facebook.com\/people\/Notimemes-de-los-Polticos\/61565672886568\/","article_published_time":"2023-01-13T13:54:30+00:00","article_modified_time":"2023-01-13T13:54:38+00:00","og_image":[{"width":200,"height":200,"url":"https:\/\/lospoliticosveracruz.com\/wp-content\/uploads\/2016\/07\/Logo-Dor.jpg","type":"image\/jpeg"}],"author":"Lo viste en Los Pol\u00edticos","twitter_card":"summary_large_image","twitter_creator":"@LosPoliticosVer","twitter_site":"@LosPoliticosVer","twitter_misc":{"Escrito por":"Lo viste en Los Pol\u00edticos","Tiempo de lectura":"6 minutos"},"schema":{"@context":"https:\/\/schema.org","@graph":[{"@type":"Article","@id":"https:\/\/lospoliticosveracruz.com\/?p=101100#article","isPartOf":{"@id":"https:\/\/lospoliticosveracruz.com\/?p=101100"},"author":{"name":"Lo viste en Los Pol\u00edticos","@id":"https:\/\/lospoliticosveracruz.com\/#\/schema\/person\/b8702bb0e538456e6efd07080bf2a4a2"},"headline":"\u200b\u200bE\u200bl AMLO D\u00c4MMERUNG","datePublished":"2023-01-13T13:54:30+00:00","dateModified":"2023-01-13T13:54:38+00:00","mainEntityOfPage":{"@id":"https:\/\/lospoliticosveracruz.com\/?p=101100"},"wordCount":1112,"publisher":{"@id":"https:\/\/lospoliticosveracruz.com\/#organization"},"keywords":["Andr\u00e9s Manuel L\u00f3pez Obrador","Claudia Sheinbaum","Felipe de Jes\u00fas Fern\u00e1ndez Basilio","Morena"],"articleSection":["De Opini\u00f3n"],"inLanguage":"es"},{"@type":"WebPage","@id":"https:\/\/lospoliticosveracruz.com\/?p=101100","url":"https:\/\/lospoliticosveracruz.com\/?p=101100","name":"\u200b\u200bE\u200bl AMLO D\u00c4MMERUNG - Los pol\u00edticos Veracruz","isPartOf":{"@id":"https:\/\/lospoliticosveracruz.com\/#website"},"datePublished":"2023-01-13T13:54:30+00:00","dateModified":"2023-01-13T13:54:38+00:00","breadcrumb":{"@id":"https:\/\/lospoliticosveracruz.com\/?p=101100#breadcrumb"},"inLanguage":"es","potentialAction":[{"@type":"ReadAction","target":["https:\/\/lospoliticosveracruz.com\/?p=101100"]}]},{"@type":"BreadcrumbList","@id":"https:\/\/lospoliticosveracruz.com\/?p=101100#breadcrumb","itemListElement":[{"@type":"ListItem","position":1,"name":"Portada","item":"https:\/\/lospoliticosveracruz.com\/"},{"@type":"ListItem","position":2,"name":"\u200b\u200bE\u200bl AMLO D\u00c4MMERUNG"}]},{"@type":"WebSite","@id":"https:\/\/lospoliticosveracruz.com\/#website","url":"https:\/\/lospoliticosveracruz.com\/","name":"Los pol\u00edticos Veracruz","description":"","publisher":{"@id":"https:\/\/lospoliticosveracruz.com\/#organization"},"potentialAction":[{"@type":"SearchAction","target":{"@type":"EntryPoint","urlTemplate":"https:\/\/lospoliticosveracruz.com\/?s={search_term_string}"},"query-input":{"@type":"PropertyValueSpecification","valueRequired":true,"valueName":"search_term_string"}}],"inLanguage":"es"},{"@type":"Organization","@id":"https:\/\/lospoliticosveracruz.com\/#organization","name":"Los pol\u00edticos Veracruz","url":"https:\/\/lospoliticosveracruz.com\/","logo":{"@type":"ImageObject","inLanguage":"es","@id":"https:\/\/lospoliticosveracruz.com\/#\/schema\/logo\/image\/","url":"https:\/\/lospoliticosveracruz.com\/wp-content\/uploads\/2025\/12\/Logo-Nuevo-LOS-POLITICOS-1.jpg","contentUrl":"https:\/\/lospoliticosveracruz.com\/wp-content\/uploads\/2025\/12\/Logo-Nuevo-LOS-POLITICOS-1.jpg","width":260,"height":70,"caption":"Los pol\u00edticos Veracruz"},"image":{"@id":"https:\/\/lospoliticosveracruz.com\/#\/schema\/logo\/image\/"},"sameAs":["https:\/\/www.facebook.com\/people\/Notimemes-de-los-Polticos\/61565672886568\/","https:\/\/x.com\/LosPoliticosVer"]},{"@type":"Person","@id":"https:\/\/lospoliticosveracruz.com\/#\/schema\/person\/b8702bb0e538456e6efd07080bf2a4a2","name":"Lo viste en Los Pol\u00edticos","image":{"@type":"ImageObject","inLanguage":"es","@id":"https:\/\/secure.gravatar.com\/avatar\/3a8de04a2656d44082be478bd6c086daa447c4651605818287b9532d3d0bd435?s=96&d=mm&r=g","url":"https:\/\/secure.gravatar.com\/avatar\/3a8de04a2656d44082be478bd6c086daa447c4651605818287b9532d3d0bd435?s=96&d=mm&r=g","contentUrl":"https:\/\/secure.gravatar.com\/avatar\/3a8de04a2656d44082be478bd6c086daa447c4651605818287b9532d3d0bd435?s=96&d=mm&r=g","caption":"Lo viste en Los Pol\u00edticos"},"url":"https:\/\/lospoliticosveracruz.com\/?author=2"}]}},"_links":{"self":[{"href":"https:\/\/lospoliticosveracruz.com\/index.php?rest_route=\/wp\/v2\/posts\/101100","targetHints":{"allow":["GET"]}}],"collection":[{"href":"https:\/\/lospoliticosveracruz.com\/index.php?rest_route=\/wp\/v2\/posts"}],"about":[{"href":"https:\/\/lospoliticosveracruz.com\/index.php?rest_route=\/wp\/v2\/types\/post"}],"author":[{"embeddable":true,"href":"https:\/\/lospoliticosveracruz.com\/index.php?rest_route=\/wp\/v2\/users\/2"}],"replies":[{"embeddable":true,"href":"https:\/\/lospoliticosveracruz.com\/index.php?rest_route=%2Fwp%2Fv2%2Fcomments&post=101100"}],"version-history":[{"count":1,"href":"https:\/\/lospoliticosveracruz.com\/index.php?rest_route=\/wp\/v2\/posts\/101100\/revisions"}],"predecessor-version":[{"id":101101,"href":"https:\/\/lospoliticosveracruz.com\/index.php?rest_route=\/wp\/v2\/posts\/101100\/revisions\/101101"}],"wp:attachment":[{"href":"https:\/\/lospoliticosveracruz.com\/index.php?rest_route=%2Fwp%2Fv2%2Fmedia&parent=101100"}],"wp:term":[{"taxonomy":"category","embeddable":true,"href":"https:\/\/lospoliticosveracruz.com\/index.php?rest_route=%2Fwp%2Fv2%2Fcategories&post=101100"},{"taxonomy":"post_tag","embeddable":true,"href":"https:\/\/lospoliticosveracruz.com\/index.php?rest_route=%2Fwp%2Fv2%2Ftags&post=101100"}],"curies":[{"name":"wp","href":"https:\/\/api.w.org\/{rel}","templated":true}]}}