{"id":101174,"date":"2023-01-16T02:00:00","date_gmt":"2023-01-16T08:00:00","guid":{"rendered":"https:\/\/lospoliticosveracruz.com.mx\/?p=101174"},"modified":"2023-01-15T23:03:57","modified_gmt":"2023-01-16T05:03:57","slug":"4t-en-problemas","status":"publish","type":"post","link":"https:\/\/lospoliticosveracruz.com\/?p=101174","title":{"rendered":"4T EN PROBLEMAS"},"content":{"rendered":"\n<p><strong>Miguel \u00c1ngel G\u00f3mez Ruiz<br><\/strong><em>Contrapunto<\/em><\/p>\n\n\n\n<p>Del \u00faltimo trimestre a la fecha, la 4\u00aa transformaci\u00f3n y en s\u00ed el gobierno \u2013en todos sus niveles- han estado en problemas. Muchos problemas y no ha habido control de da\u00f1os. De hecho, ya ni siquiera el presidente L\u00f3pez Obrador logra apaciguar el descontento que ha crecido por los escasos logros de su administraci\u00f3n y de sus gobernadores.<\/p>\n\n\n<div class=\"wp-block-image\">\n<figure class=\"alignleft size-large is-resized\"><a href=\"https:\/\/lospoliticosveracruz.com.mx\/wp-content\/uploads\/2021\/10\/WhatsApp-Image-2021-10-02-at-15.20.25.jpeg\"><img loading=\"lazy\" decoding=\"async\" src=\"https:\/\/lospoliticosveracruz.com.mx\/wp-content\/uploads\/2021\/10\/WhatsApp-Image-2021-10-02-at-15.20.25-724x1024.jpeg\" alt=\"\" class=\"wp-image-80177\" width=\"362\" height=\"512\" srcset=\"https:\/\/lospoliticosveracruz.com\/wp-content\/uploads\/2021\/10\/WhatsApp-Image-2021-10-02-at-15.20.25-724x1024.jpeg 724w, https:\/\/lospoliticosveracruz.com\/wp-content\/uploads\/2021\/10\/WhatsApp-Image-2021-10-02-at-15.20.25-212x300.jpeg 212w, https:\/\/lospoliticosveracruz.com\/wp-content\/uploads\/2021\/10\/WhatsApp-Image-2021-10-02-at-15.20.25-768x1086.jpeg 768w, https:\/\/lospoliticosveracruz.com\/wp-content\/uploads\/2021\/10\/WhatsApp-Image-2021-10-02-at-15.20.25.jpeg 905w\" sizes=\"auto, (max-width: 362px) 100vw, 362px\" \/><\/a><\/figure>\n<\/div>\n\n\n<p>S\u00ed, ya hemos hablado de los logros de este gobierno. Son pocos, muy pocos y aunque claro, un sector de la poblaci\u00f3n se siente empoderado por los recursos que el gobierno les regala, no hay logros que puedan destacarse en muchos ramos. No hay mantenimiento a carreteras, es decir, la mayor parte de las carreteras del pa\u00eds, estatales y federales, se encuentran en p\u00e9simo estado.<\/p>\n\n\n\n<p>Los alimentos en el pa\u00eds y m\u00e1s los de la canasta b\u00e1sica aumentaron entre 145 y 156 por ciento de un a\u00f1o a otro. De hecho, los alimentos m\u00e1s b\u00e1sicos como frijol, arroz, tomate, aguacate y lim\u00f3n se han mantenido a sobreprecio. Ni qu\u00e9 decir del aceite, inclusive el m\u00e1s econ\u00f3mico subi\u00f3 m\u00e1s de un cien por ciento. Inclusive, la carne est\u00e1 a un costo que no cualquiera puede pagar, pues el kg de carne de res est\u00e1 entre 170 y 210 pesos, as\u00ed ha ocurrido en Veracruz siendo que Veracruz es uno de los principales productores de carne en el pa\u00eds.<\/p>\n\n\n\n<p>En lo laboral, no hay empleos y si los hay, pocos son aquellos que quieren trabajar, pues ha habido quejas de autoridades municipales de que ofertan en las mesas muchos empleos y casi nadie asiste. Es cierto, hoy son pocos los que ambicionan un trabajo y quieren salir adelante. Hay que decir que los apoyos econ\u00f3micos no ser\u00e1n para siempre y eso ocurrir\u00e1 porque el dinero no va a alcanzar y si hay menos empleos habr\u00e1 menos impuestos y all\u00ed se generar\u00e1n otros problemas.<\/p>\n\n\n\n<p>En el sector salud, sigue habiendo una crisis terrible. El gobierno anuncia compra de medicamentos en masa, pero estos siguen sin llegar a los hospitales p\u00fablicos. Quiz\u00e1 el gobierno mienta o conf\u00ede en que sus seguidores le crean, pero al d\u00eda de hoy los servicios que se ofrecen en los hospitales p\u00fablicos en nada se parecen a los que ofrecen en Dinamarca. Peor a\u00fan, en el Instituto Mexicano del Seguro Social tampoco hay especialistas ni mucho menos medicamentos. Ha habido testimonios de muchos usuarios que consiguen atenci\u00f3n y una receta y en las farmacias les quedan a deber uno o dos medicamentos. De hecho, en Veracruz en la cl\u00ednica de Cuauht\u00e9moc no hay oftalm\u00f3logo y el equipo de laser no sirve para curar a enfermos de glaucoma. Lo peor es que el director general del IMSS, Zo\u00e9 Robledo, est\u00e1 m\u00e1s preocupado en ser candidato al gobierno de Chiapas que en resolver esa problem\u00e1tica.<\/p>\n\n\n\n<p>Y as\u00ed, dondequiera que usted voltee hay problemas. En Zacatecas, Colima, Guerrero, Veracruz, Michoac\u00e1n, Sonora, Sinaloa y Baja California el crimen organizado sigue dominando y son estados gobernados por Morena. Peor a\u00fan, es gente incapaz de dar soluciones, s\u00f3lo fueron impuestos como gobernadores (as) porque no hab\u00eda algo mejor.<\/p>\n\n\n\n<p>En el caso de la Ciudad de M\u00e9xico, sus habitantes sufren bajo el gobierno de Claudia Sheinbaum, que dejaba la capital los fines de semana para irse de precampa\u00f1a a distintas zonas del pa\u00eds. El problema es que ella no parece tener capacidad y no ha logrado encantar a la poblaci\u00f3n. Dondequiera que va es abrazada por empleados de los gobernadores morenistas, pero no le simpatiza a la poblaci\u00f3n en general. Peor a\u00fan, no ha tenido capacidad para resolver los problemas del Metro de la Ciudad de M\u00e9xico. Si no ha podido con eso no veo c\u00f3mo podr\u00eda resolver los problemas del pa\u00eds. Es m\u00e1s, este fin de semana los capitalinos se sintieron contentos \u2013ir\u00f3nicamente- por el hecho de que recibieron la visita de la propia Sheinbaum en la capital del pa\u00eds. Parece chiste, pero era raro verla all\u00ed ahora que anda tan entusiasmada en su fr\u00eda precampa\u00f1a.<\/p>\n\n\n\n<p><strong>Recordatario a la titular del Poder Judicial<\/strong><\/p>\n\n\n\n<p>La magistrada presidente del Poder Judicial de Veracruz, Lizbeth Aurelia Jim\u00e9nez no debe olvidar dos casos importantes que no pueden quedar en el olvido. Si ella no hace algo, significar\u00e1 que forma parte de ese grupo corrupto que se apoder\u00f3 del lugar que ahora preside.<\/p>\n\n\n\n<p>Primero, el caso del magistrado Marco Antonio Lezama Moo, que tras cumplir 70 a\u00f1os fue despedido tras la reforma de 2017 con la que se deb\u00edan retirar los magistrados que llegaran a esa edad. \u00c9l no pod\u00eda dejar su cargo ya que la ley no es retroactiva y ten\u00eda \u2013y tiene- el derecho de cumplir otros cinco a\u00f1os en ese cargo. Gan\u00f3 un amparo federal y los corruptos \u2013que seg\u00fan ser\u00edan diferentes- no lo restituyeron en su cargo. Sin duda que eso ocurrir\u00e1 pues es su derecho.<\/p>\n\n\n\n<p>Del mismo modo est\u00e1 el caso de la magistrada Yolanda Cecilia Casta\u00f1eda Palmeros, que fue despedida en 2021 tras cumplir 70 a\u00f1os y muy a pesar que ella fue nombrada magistrada numeraria inamovible mediante un decreto aprobado por la Legislatura del estado en 1997. Ella, adem\u00e1s se convirti\u00f3 en la mejor magistrada en la historia del Poder judicial por su excelente trabajo. En 2011 gan\u00f3 el Premio Nacional al M\u00e9rito Judicial. Son dos casos que Lizbeth Aurelia no puede dejar de lado.<\/p>\n\n\n\n<p>PD Veracruz sigue en penumbras en lo que se refiere a inseguridad. Adem\u00e1s de los ejecutados a lo largo y ancho de la entidad hay que sumar la muerte de dos polic\u00edas en la regi\u00f3n de C\u00f3rdoba. En d\u00edas pasados un grupo criminal atac\u00f3 a tres polic\u00edas. A uno lo hirieron y a otros dos se los llevaron, uno de los elementos era una joven que comenz\u00f3 a trabajar en 2021. Ya fueron velados y sepultados.<\/p>\n","protected":false},"excerpt":{"rendered":"<p>Miguel \u00c1ngel G\u00f3mez RuizContrapunto Del \u00faltimo trimestre a la fecha, la 4\u00aa transformaci\u00f3n y en s\u00ed el gobierno \u2013en todos sus niveles- han estado en problemas. Muchos problemas y no ha habido control de da\u00f1os. De hecho, ya ni siquiera el presidente L\u00f3pez Obrador logra apaciguar el descontento que ha crecido por los escasos logros [&hellip;]<\/p>\n","protected":false},"author":2,"featured_media":0,"comment_status":"closed","ping_status":"closed","sticky":false,"template":"","format":"standard","meta":{"tdm_status":"","tdm_grid_status":"","footnotes":""},"categories":[70],"tags":[618,1563,1208,28370,1026,19822,195,14678],"class_list":{"0":"post-101174","1":"post","2":"type-post","3":"status-publish","4":"format-standard","6":"category-de-opinion","7":"tag-andres-manuel-lopez-obrador","8":"tag-cuitlahuac-garcia-jimenez","9":"tag-imss","10":"tag-miguel-angel-gomez-ruiz","11":"tag-morena","12":"tag-poder-judicial-de-veracruz","13":"tag-veracruz","14":"tag-zoe-robledo"},"yoast_head":"<!-- This site is optimized with the Yoast SEO plugin v27.4 - https:\/\/yoast.com\/product\/yoast-seo-wordpress\/ -->\n<title>4T EN PROBLEMAS - Los pol\u00edticos Veracruz<\/title>\n<meta name=\"robots\" content=\"index, follow, max-snippet:-1, max-image-preview:large, max-video-preview:-1\" \/>\n<link rel=\"canonical\" href=\"https:\/\/lospoliticosveracruz.com\/?p=101174\" \/>\n<meta property=\"og:locale\" content=\"es_ES\" \/>\n<meta property=\"og:type\" content=\"article\" \/>\n<meta property=\"og:title\" content=\"4T EN PROBLEMAS - Los pol\u00edticos Veracruz\" \/>\n<meta property=\"og:description\" content=\"Miguel \u00c1ngel G\u00f3mez RuizContrapunto Del \u00faltimo trimestre a la fecha, la 4\u00aa transformaci\u00f3n y en s\u00ed el gobierno \u2013en todos sus niveles- han estado en problemas. Muchos problemas y no ha habido control de da\u00f1os. De hecho, ya ni siquiera el presidente L\u00f3pez Obrador logra apaciguar el descontento que ha crecido por los escasos logros [&hellip;]\" \/>\n<meta property=\"og:url\" content=\"https:\/\/lospoliticosveracruz.com\/?p=101174\" \/>\n<meta property=\"og:site_name\" content=\"Los pol\u00edticos Veracruz\" \/>\n<meta property=\"article:publisher\" content=\"https:\/\/www.facebook.com\/people\/Notimemes-de-los-Polticos\/61565672886568\/\" \/>\n<meta property=\"article:published_time\" content=\"2023-01-16T08:00:00+00:00\" \/>\n<meta property=\"og:image\" content=\"https:\/\/lospoliticosveracruz.com.mx\/wp-content\/uploads\/2021\/10\/WhatsApp-Image-2021-10-02-at-15.20.25-724x1024.jpeg\" \/>\n<meta name=\"author\" content=\"Lo viste en Los Pol\u00edticos\" \/>\n<meta name=\"twitter:card\" content=\"summary_large_image\" \/>\n<meta name=\"twitter:creator\" content=\"@LosPoliticosVer\" \/>\n<meta name=\"twitter:site\" content=\"@LosPoliticosVer\" \/>\n<meta name=\"twitter:label1\" content=\"Escrito por\" \/>\n\t<meta name=\"twitter:data1\" content=\"Lo viste en Los Pol\u00edticos\" \/>\n\t<meta name=\"twitter:label2\" content=\"Tiempo de lectura\" \/>\n\t<meta name=\"twitter:data2\" content=\"5 minutos\" \/>\n<script type=\"application\/ld+json\" class=\"yoast-schema-graph\">{\"@context\":\"https:\\\/\\\/schema.org\",\"@graph\":[{\"@type\":\"Article\",\"@id\":\"https:\\\/\\\/lospoliticosveracruz.com\\\/?p=101174#article\",\"isPartOf\":{\"@id\":\"https:\\\/\\\/lospoliticosveracruz.com\\\/?p=101174\"},\"author\":{\"name\":\"Lo viste en Los Pol\u00edticos\",\"@id\":\"https:\\\/\\\/lospoliticosveracruz.com\\\/#\\\/schema\\\/person\\\/b8702bb0e538456e6efd07080bf2a4a2\"},\"headline\":\"4T EN PROBLEMAS\",\"datePublished\":\"2023-01-16T08:00:00+00:00\",\"mainEntityOfPage\":{\"@id\":\"https:\\\/\\\/lospoliticosveracruz.com\\\/?p=101174\"},\"wordCount\":1022,\"publisher\":{\"@id\":\"https:\\\/\\\/lospoliticosveracruz.com\\\/#organization\"},\"image\":{\"@id\":\"https:\\\/\\\/lospoliticosveracruz.com\\\/?p=101174#primaryimage\"},\"thumbnailUrl\":\"https:\\\/\\\/lospoliticosveracruz.com.mx\\\/wp-content\\\/uploads\\\/2021\\\/10\\\/WhatsApp-Image-2021-10-02-at-15.20.25-724x1024.jpeg\",\"keywords\":[\"Andr\u00e9s Manuel L\u00f3pez Obrador\",\"Cuitl\u00e1huac Garc\u00eda Jim\u00e9nez\",\"IMSS\",\"Miguel \u00c1ngel G\u00f3mez Ruiz\",\"Morena\",\"Poder Judicial de Veracruz\",\"Veracruz\",\"Zo\u00e9 Robledo\"],\"articleSection\":[\"De Opini\u00f3n\"],\"inLanguage\":\"es\"},{\"@type\":\"WebPage\",\"@id\":\"https:\\\/\\\/lospoliticosveracruz.com\\\/?p=101174\",\"url\":\"https:\\\/\\\/lospoliticosveracruz.com\\\/?p=101174\",\"name\":\"4T EN PROBLEMAS - Los pol\u00edticos Veracruz\",\"isPartOf\":{\"@id\":\"https:\\\/\\\/lospoliticosveracruz.com\\\/#website\"},\"primaryImageOfPage\":{\"@id\":\"https:\\\/\\\/lospoliticosveracruz.com\\\/?p=101174#primaryimage\"},\"image\":{\"@id\":\"https:\\\/\\\/lospoliticosveracruz.com\\\/?p=101174#primaryimage\"},\"thumbnailUrl\":\"https:\\\/\\\/lospoliticosveracruz.com.mx\\\/wp-content\\\/uploads\\\/2021\\\/10\\\/WhatsApp-Image-2021-10-02-at-15.20.25-724x1024.jpeg\",\"datePublished\":\"2023-01-16T08:00:00+00:00\",\"breadcrumb\":{\"@id\":\"https:\\\/\\\/lospoliticosveracruz.com\\\/?p=101174#breadcrumb\"},\"inLanguage\":\"es\",\"potentialAction\":[{\"@type\":\"ReadAction\",\"target\":[\"https:\\\/\\\/lospoliticosveracruz.com\\\/?p=101174\"]}]},{\"@type\":\"ImageObject\",\"inLanguage\":\"es\",\"@id\":\"https:\\\/\\\/lospoliticosveracruz.com\\\/?p=101174#primaryimage\",\"url\":\"https:\\\/\\\/lospoliticosveracruz.com.mx\\\/wp-content\\\/uploads\\\/2021\\\/10\\\/WhatsApp-Image-2021-10-02-at-15.20.25-724x1024.jpeg\",\"contentUrl\":\"https:\\\/\\\/lospoliticosveracruz.com.mx\\\/wp-content\\\/uploads\\\/2021\\\/10\\\/WhatsApp-Image-2021-10-02-at-15.20.25-724x1024.jpeg\"},{\"@type\":\"BreadcrumbList\",\"@id\":\"https:\\\/\\\/lospoliticosveracruz.com\\\/?p=101174#breadcrumb\",\"itemListElement\":[{\"@type\":\"ListItem\",\"position\":1,\"name\":\"Portada\",\"item\":\"https:\\\/\\\/lospoliticosveracruz.com\\\/\"},{\"@type\":\"ListItem\",\"position\":2,\"name\":\"4T EN PROBLEMAS\"}]},{\"@type\":\"WebSite\",\"@id\":\"https:\\\/\\\/lospoliticosveracruz.com\\\/#website\",\"url\":\"https:\\\/\\\/lospoliticosveracruz.com\\\/\",\"name\":\"Los pol\u00edticos Veracruz\",\"description\":\"\",\"publisher\":{\"@id\":\"https:\\\/\\\/lospoliticosveracruz.com\\\/#organization\"},\"potentialAction\":[{\"@type\":\"SearchAction\",\"target\":{\"@type\":\"EntryPoint\",\"urlTemplate\":\"https:\\\/\\\/lospoliticosveracruz.com\\\/?s={search_term_string}\"},\"query-input\":{\"@type\":\"PropertyValueSpecification\",\"valueRequired\":true,\"valueName\":\"search_term_string\"}}],\"inLanguage\":\"es\"},{\"@type\":\"Organization\",\"@id\":\"https:\\\/\\\/lospoliticosveracruz.com\\\/#organization\",\"name\":\"Los pol\u00edticos Veracruz\",\"url\":\"https:\\\/\\\/lospoliticosveracruz.com\\\/\",\"logo\":{\"@type\":\"ImageObject\",\"inLanguage\":\"es\",\"@id\":\"https:\\\/\\\/lospoliticosveracruz.com\\\/#\\\/schema\\\/logo\\\/image\\\/\",\"url\":\"https:\\\/\\\/lospoliticosveracruz.com\\\/wp-content\\\/uploads\\\/2025\\\/12\\\/Logo-Nuevo-LOS-POLITICOS-1.jpg\",\"contentUrl\":\"https:\\\/\\\/lospoliticosveracruz.com\\\/wp-content\\\/uploads\\\/2025\\\/12\\\/Logo-Nuevo-LOS-POLITICOS-1.jpg\",\"width\":260,\"height\":70,\"caption\":\"Los pol\u00edticos Veracruz\"},\"image\":{\"@id\":\"https:\\\/\\\/lospoliticosveracruz.com\\\/#\\\/schema\\\/logo\\\/image\\\/\"},\"sameAs\":[\"https:\\\/\\\/www.facebook.com\\\/people\\\/Notimemes-de-los-Polticos\\\/61565672886568\\\/\",\"https:\\\/\\\/x.com\\\/LosPoliticosVer\"]},{\"@type\":\"Person\",\"@id\":\"https:\\\/\\\/lospoliticosveracruz.com\\\/#\\\/schema\\\/person\\\/b8702bb0e538456e6efd07080bf2a4a2\",\"name\":\"Lo viste en Los Pol\u00edticos\",\"image\":{\"@type\":\"ImageObject\",\"inLanguage\":\"es\",\"@id\":\"https:\\\/\\\/secure.gravatar.com\\\/avatar\\\/3a8de04a2656d44082be478bd6c086daa447c4651605818287b9532d3d0bd435?s=96&d=mm&r=g\",\"url\":\"https:\\\/\\\/secure.gravatar.com\\\/avatar\\\/3a8de04a2656d44082be478bd6c086daa447c4651605818287b9532d3d0bd435?s=96&d=mm&r=g\",\"contentUrl\":\"https:\\\/\\\/secure.gravatar.com\\\/avatar\\\/3a8de04a2656d44082be478bd6c086daa447c4651605818287b9532d3d0bd435?s=96&d=mm&r=g\",\"caption\":\"Lo viste en Los Pol\u00edticos\"},\"url\":\"https:\\\/\\\/lospoliticosveracruz.com\\\/?author=2\"}]}<\/script>\n<!-- \/ Yoast SEO plugin. -->","yoast_head_json":{"title":"4T EN PROBLEMAS - Los pol\u00edticos Veracruz","robots":{"index":"index","follow":"follow","max-snippet":"max-snippet:-1","max-image-preview":"max-image-preview:large","max-video-preview":"max-video-preview:-1"},"canonical":"https:\/\/lospoliticosveracruz.com\/?p=101174","og_locale":"es_ES","og_type":"article","og_title":"4T EN PROBLEMAS - Los pol\u00edticos Veracruz","og_description":"Miguel \u00c1ngel G\u00f3mez RuizContrapunto Del \u00faltimo trimestre a la fecha, la 4\u00aa transformaci\u00f3n y en s\u00ed el gobierno \u2013en todos sus niveles- han estado en problemas. Muchos problemas y no ha habido control de da\u00f1os. De hecho, ya ni siquiera el presidente L\u00f3pez Obrador logra apaciguar el descontento que ha crecido por los escasos logros [&hellip;]","og_url":"https:\/\/lospoliticosveracruz.com\/?p=101174","og_site_name":"Los pol\u00edticos Veracruz","article_publisher":"https:\/\/www.facebook.com\/people\/Notimemes-de-los-Polticos\/61565672886568\/","article_published_time":"2023-01-16T08:00:00+00:00","og_image":[{"url":"https:\/\/lospoliticosveracruz.com.mx\/wp-content\/uploads\/2021\/10\/WhatsApp-Image-2021-10-02-at-15.20.25-724x1024.jpeg","type":"","width":"","height":""}],"author":"Lo viste en Los Pol\u00edticos","twitter_card":"summary_large_image","twitter_creator":"@LosPoliticosVer","twitter_site":"@LosPoliticosVer","twitter_misc":{"Escrito por":"Lo viste en Los Pol\u00edticos","Tiempo de lectura":"5 minutos"},"schema":{"@context":"https:\/\/schema.org","@graph":[{"@type":"Article","@id":"https:\/\/lospoliticosveracruz.com\/?p=101174#article","isPartOf":{"@id":"https:\/\/lospoliticosveracruz.com\/?p=101174"},"author":{"name":"Lo viste en Los Pol\u00edticos","@id":"https:\/\/lospoliticosveracruz.com\/#\/schema\/person\/b8702bb0e538456e6efd07080bf2a4a2"},"headline":"4T EN PROBLEMAS","datePublished":"2023-01-16T08:00:00+00:00","mainEntityOfPage":{"@id":"https:\/\/lospoliticosveracruz.com\/?p=101174"},"wordCount":1022,"publisher":{"@id":"https:\/\/lospoliticosveracruz.com\/#organization"},"image":{"@id":"https:\/\/lospoliticosveracruz.com\/?p=101174#primaryimage"},"thumbnailUrl":"https:\/\/lospoliticosveracruz.com.mx\/wp-content\/uploads\/2021\/10\/WhatsApp-Image-2021-10-02-at-15.20.25-724x1024.jpeg","keywords":["Andr\u00e9s Manuel L\u00f3pez Obrador","Cuitl\u00e1huac Garc\u00eda Jim\u00e9nez","IMSS","Miguel \u00c1ngel G\u00f3mez Ruiz","Morena","Poder Judicial de Veracruz","Veracruz","Zo\u00e9 Robledo"],"articleSection":["De Opini\u00f3n"],"inLanguage":"es"},{"@type":"WebPage","@id":"https:\/\/lospoliticosveracruz.com\/?p=101174","url":"https:\/\/lospoliticosveracruz.com\/?p=101174","name":"4T EN PROBLEMAS - Los pol\u00edticos Veracruz","isPartOf":{"@id":"https:\/\/lospoliticosveracruz.com\/#website"},"primaryImageOfPage":{"@id":"https:\/\/lospoliticosveracruz.com\/?p=101174#primaryimage"},"image":{"@id":"https:\/\/lospoliticosveracruz.com\/?p=101174#primaryimage"},"thumbnailUrl":"https:\/\/lospoliticosveracruz.com.mx\/wp-content\/uploads\/2021\/10\/WhatsApp-Image-2021-10-02-at-15.20.25-724x1024.jpeg","datePublished":"2023-01-16T08:00:00+00:00","breadcrumb":{"@id":"https:\/\/lospoliticosveracruz.com\/?p=101174#breadcrumb"},"inLanguage":"es","potentialAction":[{"@type":"ReadAction","target":["https:\/\/lospoliticosveracruz.com\/?p=101174"]}]},{"@type":"ImageObject","inLanguage":"es","@id":"https:\/\/lospoliticosveracruz.com\/?p=101174#primaryimage","url":"https:\/\/lospoliticosveracruz.com.mx\/wp-content\/uploads\/2021\/10\/WhatsApp-Image-2021-10-02-at-15.20.25-724x1024.jpeg","contentUrl":"https:\/\/lospoliticosveracruz.com.mx\/wp-content\/uploads\/2021\/10\/WhatsApp-Image-2021-10-02-at-15.20.25-724x1024.jpeg"},{"@type":"BreadcrumbList","@id":"https:\/\/lospoliticosveracruz.com\/?p=101174#breadcrumb","itemListElement":[{"@type":"ListItem","position":1,"name":"Portada","item":"https:\/\/lospoliticosveracruz.com\/"},{"@type":"ListItem","position":2,"name":"4T EN PROBLEMAS"}]},{"@type":"WebSite","@id":"https:\/\/lospoliticosveracruz.com\/#website","url":"https:\/\/lospoliticosveracruz.com\/","name":"Los pol\u00edticos Veracruz","description":"","publisher":{"@id":"https:\/\/lospoliticosveracruz.com\/#organization"},"potentialAction":[{"@type":"SearchAction","target":{"@type":"EntryPoint","urlTemplate":"https:\/\/lospoliticosveracruz.com\/?s={search_term_string}"},"query-input":{"@type":"PropertyValueSpecification","valueRequired":true,"valueName":"search_term_string"}}],"inLanguage":"es"},{"@type":"Organization","@id":"https:\/\/lospoliticosveracruz.com\/#organization","name":"Los pol\u00edticos Veracruz","url":"https:\/\/lospoliticosveracruz.com\/","logo":{"@type":"ImageObject","inLanguage":"es","@id":"https:\/\/lospoliticosveracruz.com\/#\/schema\/logo\/image\/","url":"https:\/\/lospoliticosveracruz.com\/wp-content\/uploads\/2025\/12\/Logo-Nuevo-LOS-POLITICOS-1.jpg","contentUrl":"https:\/\/lospoliticosveracruz.com\/wp-content\/uploads\/2025\/12\/Logo-Nuevo-LOS-POLITICOS-1.jpg","width":260,"height":70,"caption":"Los pol\u00edticos Veracruz"},"image":{"@id":"https:\/\/lospoliticosveracruz.com\/#\/schema\/logo\/image\/"},"sameAs":["https:\/\/www.facebook.com\/people\/Notimemes-de-los-Polticos\/61565672886568\/","https:\/\/x.com\/LosPoliticosVer"]},{"@type":"Person","@id":"https:\/\/lospoliticosveracruz.com\/#\/schema\/person\/b8702bb0e538456e6efd07080bf2a4a2","name":"Lo viste en Los Pol\u00edticos","image":{"@type":"ImageObject","inLanguage":"es","@id":"https:\/\/secure.gravatar.com\/avatar\/3a8de04a2656d44082be478bd6c086daa447c4651605818287b9532d3d0bd435?s=96&d=mm&r=g","url":"https:\/\/secure.gravatar.com\/avatar\/3a8de04a2656d44082be478bd6c086daa447c4651605818287b9532d3d0bd435?s=96&d=mm&r=g","contentUrl":"https:\/\/secure.gravatar.com\/avatar\/3a8de04a2656d44082be478bd6c086daa447c4651605818287b9532d3d0bd435?s=96&d=mm&r=g","caption":"Lo viste en Los Pol\u00edticos"},"url":"https:\/\/lospoliticosveracruz.com\/?author=2"}]}},"_links":{"self":[{"href":"https:\/\/lospoliticosveracruz.com\/index.php?rest_route=\/wp\/v2\/posts\/101174","targetHints":{"allow":["GET"]}}],"collection":[{"href":"https:\/\/lospoliticosveracruz.com\/index.php?rest_route=\/wp\/v2\/posts"}],"about":[{"href":"https:\/\/lospoliticosveracruz.com\/index.php?rest_route=\/wp\/v2\/types\/post"}],"author":[{"embeddable":true,"href":"https:\/\/lospoliticosveracruz.com\/index.php?rest_route=\/wp\/v2\/users\/2"}],"replies":[{"embeddable":true,"href":"https:\/\/lospoliticosveracruz.com\/index.php?rest_route=%2Fwp%2Fv2%2Fcomments&post=101174"}],"version-history":[{"count":2,"href":"https:\/\/lospoliticosveracruz.com\/index.php?rest_route=\/wp\/v2\/posts\/101174\/revisions"}],"predecessor-version":[{"id":101176,"href":"https:\/\/lospoliticosveracruz.com\/index.php?rest_route=\/wp\/v2\/posts\/101174\/revisions\/101176"}],"wp:attachment":[{"href":"https:\/\/lospoliticosveracruz.com\/index.php?rest_route=%2Fwp%2Fv2%2Fmedia&parent=101174"}],"wp:term":[{"taxonomy":"category","embeddable":true,"href":"https:\/\/lospoliticosveracruz.com\/index.php?rest_route=%2Fwp%2Fv2%2Fcategories&post=101174"},{"taxonomy":"post_tag","embeddable":true,"href":"https:\/\/lospoliticosveracruz.com\/index.php?rest_route=%2Fwp%2Fv2%2Ftags&post=101174"}],"curies":[{"name":"wp","href":"https:\/\/api.w.org\/{rel}","templated":true}]}}