{"id":101370,"date":"2023-01-19T16:56:56","date_gmt":"2023-01-19T22:56:56","guid":{"rendered":"https:\/\/lospoliticosveracruz.com.mx\/?p=101370"},"modified":"2023-01-19T16:57:00","modified_gmt":"2023-01-19T22:57:00","slug":"2024-mas-clase-media-y-menos-pobres-debe-ser-la-estrategia","status":"publish","type":"post","link":"https:\/\/lospoliticosveracruz.com\/?p=101370","title":{"rendered":"2024: M\u00c1S CLASE MEDIA Y MENOS POBRES\u2026 DEBE SER LA ESTRATEGIA"},"content":{"rendered":"\n<p><strong>Vicente Luna Hern\u00e1ndez<\/strong><\/p>\n\n\n\n<p><br>La realidad social en M\u00e9xico es inocultable, la desigualdad social, la inseguridad p\u00fablica, la violencia contra las mujeres, los resabios de la pandemia y la crisis econ\u00f3mica, las desapariciones forzadas, la corrupci\u00f3n que a\u00fan se pasea por oficinas de la administraci\u00f3n p\u00fablica y reformas legislativas que han afectado de manera importante la operatividad institucional del INE, han lastimado el tejido social, irrita a todos los sectores y esta realidad social \u2013 m\u00e1s all\u00e1 de las ma\u00f1aneras &#8211; estar\u00e1 en las mesas de discusi\u00f3n y en todo debate p\u00fablico\u2026. por el bien de todos.<\/p>\n\n\n<div class=\"wp-block-image\">\n<figure class=\"alignleft size-medium\"><a href=\"https:\/\/lospoliticosveracruz.com.mx\/wp-content\/uploads\/2021\/10\/WhatsApp-Image-2021-10-02-at-15.20.25.jpeg\"><img loading=\"lazy\" decoding=\"async\" width=\"212\" height=\"300\" src=\"https:\/\/lospoliticosveracruz.com.mx\/wp-content\/uploads\/2021\/10\/WhatsApp-Image-2021-10-02-at-15.20.25-212x300.jpeg\" alt=\"\" class=\"wp-image-80177\" srcset=\"https:\/\/lospoliticosveracruz.com\/wp-content\/uploads\/2021\/10\/WhatsApp-Image-2021-10-02-at-15.20.25-212x300.jpeg 212w, https:\/\/lospoliticosveracruz.com\/wp-content\/uploads\/2021\/10\/WhatsApp-Image-2021-10-02-at-15.20.25-724x1024.jpeg 724w, https:\/\/lospoliticosveracruz.com\/wp-content\/uploads\/2021\/10\/WhatsApp-Image-2021-10-02-at-15.20.25-768x1086.jpeg 768w, https:\/\/lospoliticosveracruz.com\/wp-content\/uploads\/2021\/10\/WhatsApp-Image-2021-10-02-at-15.20.25.jpeg 905w\" sizes=\"auto, (max-width: 212px) 100vw, 212px\" \/><\/a><\/figure>\n<\/div>\n\n\n<p><br>Lo cierto es que en un pa\u00eds con grandes recursos naturales como grandes problemas sociales, los a\u00f1os pasan y la inseguridad p\u00fablica sigue siendo el tal\u00f3n de Aquiles del gobierno sea del color partidista que sea, esa es la realidad y ese es el reto mayor del pr\u00f3ximo Presidente de la Republica, \u00bfEs la militarizaci\u00f3n la \u00fanica v\u00eda para poder respirar tranquilos en M\u00e9xico?\u2026que hablen los expertos.<br>En el discurso oficial uno de los sectores sociales que siempre aparece, son los pobres, las clases menos favorecidas, principalmente los de la zona sur del pa\u00eds, un sur olvidado durante muchos a\u00f1os por el gobierno federal en turno pero tambi\u00e9n por todos aquellos analistas y miembros del llamado c\u00edrculo rojo de la intelectualidad en M\u00e9xico, ya lo dijo el Presidente AMLO: \u201c\u201dayudando a los pobres va uno a la segura, no as\u00ed con sectores de clase media ni con los de arriba, entonces no es un asunto personal, es un asunto de estrategia pol\u00edtica\u201d\u2026ah\u00ed est\u00e1 la fortaleza de su gobierno\u2026seg\u00fan.<br>.Ante este panorama y previo a las elecciones de Coahuila y el Estado de M\u00e9xico, es hora que las clase media de un paso al frente y de manera consciente y organizada, mande un mensaje contundente a Palacio Nacional y a la clase pol\u00edtica en general: \u201cNo estamos contentos con la conducci\u00f3n del pa\u00eds\u201d son las clases medias y j\u00f3venes universitarios, los que deben hacer sentir su voz a trav\u00e9s del voto, \u00bfEst\u00e1 desgastado el discurso oficial ma\u00f1anero? \u00bfEse discurso convence a las mayor\u00edas? \u00bfSolo hay pobres en este pa\u00eds? m\u00e1s acciones concretas y menos discursos triunfalistas, \u201cnosotros tambi\u00e9n contamos aunque no seamos parte de la estrategia pol\u00edtica del Presidente\u201d seguro que piensa la clase media y dem\u00e1s sectores sociales, son las clases medias las que con su participaci\u00f3n directa, activa y organizada, debe refutar los dichos desde el p\u00falpito presidencial: \u201cEl pueblo est\u00e1 feliz, feliz, feliz\u201d palabras dichas por el Presidente en Agosto del 2019\u2026mucha agua ha corrido.<\/p>\n\n\n\n<p>Veracruz no puede quedarse al margen de los cambios sociales que se presentar\u00e1n pr\u00f3ximamente, con el poder de la organizaci\u00f3n y movilizaci\u00f3n, la clase media alzar\u00e1 la voz, la clase media buscar\u00e1 los mecanismos para sumar fuerzas con otros sectores sociales y abanderar un gran cambio pol\u00edtico y social en beneficio\u2026tambi\u00e9n de los pobres, no debe existir \u201crivalidad entre grupos sociales\u201d lo he mencionado de manera reiterara: \u201cPor el bien de todos\u2026primero todos\u201d.<br>Bienvenidos todos aquellos que quieren un mejor Veracruz y un mejor M\u00e9xico, sin demagogia ni falsas poses que solo da\u00f1an la vida institucional de todo gobierno, los rencores personales deben procesarse sin afectar a las mayor\u00edas, las tomas de decisiones en el ejercicio del poder, no pueden ni deben estar atadas a rencores de anta\u00f1o ni la soberbia debe ser la vestimenta que se porte todos los d\u00edas, el grito ciudadano tendr\u00e1 repercusiones sociales al influir en la toma de decisiones y en las preferencias pol\u00edticas, la clase gobernante en el poder debe tener presente, muy presente que el clamor social ser\u00e1: \u201c M\u00e1s clase media y Menos pobres\u201d.<br>P.D.- Con el \u00e1nimo que las frases de campa\u00f1a de la 4T sean confrontadas con argumentos por la oposici\u00f3n con la realidad social\u2026Escribir\u00e9 otro d\u00eda.<\/p>\n","protected":false},"excerpt":{"rendered":"<p>Vicente Luna Hern\u00e1ndez La realidad social en M\u00e9xico es inocultable, la desigualdad social, la inseguridad p\u00fablica, la violencia contra las mujeres, los resabios de la pandemia y la crisis econ\u00f3mica, las desapariciones forzadas, la corrupci\u00f3n que a\u00fan se pasea por oficinas de la administraci\u00f3n p\u00fablica y reformas legislativas que han afectado de manera importante la [&hellip;]<\/p>\n","protected":false},"author":2,"featured_media":0,"comment_status":"closed","ping_status":"closed","sticky":false,"template":"","format":"standard","meta":{"tdm_status":"","tdm_grid_status":"","footnotes":""},"categories":[70],"tags":[97,15667],"class_list":{"0":"post-101370","1":"post","2":"type-post","3":"status-publish","4":"format-standard","6":"category-de-opinion","7":"tag-pobreza","8":"tag-vicente-luna-hernandez"},"yoast_head":"<!-- This site is optimized with the Yoast SEO plugin v27.4 - https:\/\/yoast.com\/product\/yoast-seo-wordpress\/ -->\n<title>2024: M\u00c1S CLASE MEDIA Y MENOS POBRES\u2026 DEBE SER LA ESTRATEGIA - Los pol\u00edticos Veracruz<\/title>\n<meta name=\"robots\" content=\"index, follow, max-snippet:-1, max-image-preview:large, max-video-preview:-1\" \/>\n<link rel=\"canonical\" href=\"https:\/\/lospoliticosveracruz.com\/?p=101370\" \/>\n<meta property=\"og:locale\" content=\"es_ES\" \/>\n<meta property=\"og:type\" content=\"article\" \/>\n<meta property=\"og:title\" content=\"2024: M\u00c1S CLASE MEDIA Y MENOS POBRES\u2026 DEBE SER LA ESTRATEGIA - Los pol\u00edticos Veracruz\" \/>\n<meta property=\"og:description\" content=\"Vicente Luna Hern\u00e1ndez La realidad social en M\u00e9xico es inocultable, la desigualdad social, la inseguridad p\u00fablica, la violencia contra las mujeres, los resabios de la pandemia y la crisis econ\u00f3mica, las desapariciones forzadas, la corrupci\u00f3n que a\u00fan se pasea por oficinas de la administraci\u00f3n p\u00fablica y reformas legislativas que han afectado de manera importante la [&hellip;]\" \/>\n<meta property=\"og:url\" content=\"https:\/\/lospoliticosveracruz.com\/?p=101370\" \/>\n<meta property=\"og:site_name\" content=\"Los pol\u00edticos Veracruz\" \/>\n<meta property=\"article:publisher\" content=\"https:\/\/www.facebook.com\/people\/Notimemes-de-los-Polticos\/61565672886568\/\" \/>\n<meta property=\"article:published_time\" content=\"2023-01-19T22:56:56+00:00\" \/>\n<meta property=\"article:modified_time\" content=\"2023-01-19T22:57:00+00:00\" \/>\n<meta property=\"og:image\" content=\"https:\/\/lospoliticosveracruz.com.mx\/wp-content\/uploads\/2021\/10\/WhatsApp-Image-2021-10-02-at-15.20.25-212x300.jpeg\" \/>\n<meta name=\"author\" content=\"Lo viste en Los Pol\u00edticos\" \/>\n<meta name=\"twitter:card\" content=\"summary_large_image\" \/>\n<meta name=\"twitter:creator\" content=\"@LosPoliticosVer\" \/>\n<meta name=\"twitter:site\" content=\"@LosPoliticosVer\" \/>\n<meta name=\"twitter:label1\" content=\"Escrito por\" \/>\n\t<meta name=\"twitter:data1\" content=\"Lo viste en Los Pol\u00edticos\" \/>\n\t<meta name=\"twitter:label2\" content=\"Tiempo de lectura\" \/>\n\t<meta name=\"twitter:data2\" content=\"3 minutos\" \/>\n<script type=\"application\/ld+json\" class=\"yoast-schema-graph\">{\"@context\":\"https:\\\/\\\/schema.org\",\"@graph\":[{\"@type\":\"Article\",\"@id\":\"https:\\\/\\\/lospoliticosveracruz.com\\\/?p=101370#article\",\"isPartOf\":{\"@id\":\"https:\\\/\\\/lospoliticosveracruz.com\\\/?p=101370\"},\"author\":{\"name\":\"Lo viste en Los Pol\u00edticos\",\"@id\":\"https:\\\/\\\/lospoliticosveracruz.com\\\/#\\\/schema\\\/person\\\/b8702bb0e538456e6efd07080bf2a4a2\"},\"headline\":\"2024: M\u00c1S CLASE MEDIA Y MENOS POBRES\u2026 DEBE SER LA ESTRATEGIA\",\"datePublished\":\"2023-01-19T22:56:56+00:00\",\"dateModified\":\"2023-01-19T22:57:00+00:00\",\"mainEntityOfPage\":{\"@id\":\"https:\\\/\\\/lospoliticosveracruz.com\\\/?p=101370\"},\"wordCount\":705,\"publisher\":{\"@id\":\"https:\\\/\\\/lospoliticosveracruz.com\\\/#organization\"},\"image\":{\"@id\":\"https:\\\/\\\/lospoliticosveracruz.com\\\/?p=101370#primaryimage\"},\"thumbnailUrl\":\"https:\\\/\\\/lospoliticosveracruz.com.mx\\\/wp-content\\\/uploads\\\/2021\\\/10\\\/WhatsApp-Image-2021-10-02-at-15.20.25-212x300.jpeg\",\"keywords\":[\"pobreza\",\"Vicente Luna Hern\u00e1ndez\"],\"articleSection\":[\"De Opini\u00f3n\"],\"inLanguage\":\"es\"},{\"@type\":\"WebPage\",\"@id\":\"https:\\\/\\\/lospoliticosveracruz.com\\\/?p=101370\",\"url\":\"https:\\\/\\\/lospoliticosveracruz.com\\\/?p=101370\",\"name\":\"2024: M\u00c1S CLASE MEDIA Y MENOS POBRES\u2026 DEBE SER LA ESTRATEGIA - Los pol\u00edticos Veracruz\",\"isPartOf\":{\"@id\":\"https:\\\/\\\/lospoliticosveracruz.com\\\/#website\"},\"primaryImageOfPage\":{\"@id\":\"https:\\\/\\\/lospoliticosveracruz.com\\\/?p=101370#primaryimage\"},\"image\":{\"@id\":\"https:\\\/\\\/lospoliticosveracruz.com\\\/?p=101370#primaryimage\"},\"thumbnailUrl\":\"https:\\\/\\\/lospoliticosveracruz.com.mx\\\/wp-content\\\/uploads\\\/2021\\\/10\\\/WhatsApp-Image-2021-10-02-at-15.20.25-212x300.jpeg\",\"datePublished\":\"2023-01-19T22:56:56+00:00\",\"dateModified\":\"2023-01-19T22:57:00+00:00\",\"breadcrumb\":{\"@id\":\"https:\\\/\\\/lospoliticosveracruz.com\\\/?p=101370#breadcrumb\"},\"inLanguage\":\"es\",\"potentialAction\":[{\"@type\":\"ReadAction\",\"target\":[\"https:\\\/\\\/lospoliticosveracruz.com\\\/?p=101370\"]}]},{\"@type\":\"ImageObject\",\"inLanguage\":\"es\",\"@id\":\"https:\\\/\\\/lospoliticosveracruz.com\\\/?p=101370#primaryimage\",\"url\":\"https:\\\/\\\/lospoliticosveracruz.com.mx\\\/wp-content\\\/uploads\\\/2021\\\/10\\\/WhatsApp-Image-2021-10-02-at-15.20.25-212x300.jpeg\",\"contentUrl\":\"https:\\\/\\\/lospoliticosveracruz.com.mx\\\/wp-content\\\/uploads\\\/2021\\\/10\\\/WhatsApp-Image-2021-10-02-at-15.20.25-212x300.jpeg\"},{\"@type\":\"BreadcrumbList\",\"@id\":\"https:\\\/\\\/lospoliticosveracruz.com\\\/?p=101370#breadcrumb\",\"itemListElement\":[{\"@type\":\"ListItem\",\"position\":1,\"name\":\"Portada\",\"item\":\"https:\\\/\\\/lospoliticosveracruz.com\\\/\"},{\"@type\":\"ListItem\",\"position\":2,\"name\":\"2024: M\u00c1S CLASE MEDIA Y MENOS POBRES\u2026 DEBE SER LA ESTRATEGIA\"}]},{\"@type\":\"WebSite\",\"@id\":\"https:\\\/\\\/lospoliticosveracruz.com\\\/#website\",\"url\":\"https:\\\/\\\/lospoliticosveracruz.com\\\/\",\"name\":\"Los pol\u00edticos Veracruz\",\"description\":\"\",\"publisher\":{\"@id\":\"https:\\\/\\\/lospoliticosveracruz.com\\\/#organization\"},\"potentialAction\":[{\"@type\":\"SearchAction\",\"target\":{\"@type\":\"EntryPoint\",\"urlTemplate\":\"https:\\\/\\\/lospoliticosveracruz.com\\\/?s={search_term_string}\"},\"query-input\":{\"@type\":\"PropertyValueSpecification\",\"valueRequired\":true,\"valueName\":\"search_term_string\"}}],\"inLanguage\":\"es\"},{\"@type\":\"Organization\",\"@id\":\"https:\\\/\\\/lospoliticosveracruz.com\\\/#organization\",\"name\":\"Los pol\u00edticos Veracruz\",\"url\":\"https:\\\/\\\/lospoliticosveracruz.com\\\/\",\"logo\":{\"@type\":\"ImageObject\",\"inLanguage\":\"es\",\"@id\":\"https:\\\/\\\/lospoliticosveracruz.com\\\/#\\\/schema\\\/logo\\\/image\\\/\",\"url\":\"https:\\\/\\\/lospoliticosveracruz.com\\\/wp-content\\\/uploads\\\/2025\\\/12\\\/Logo-Nuevo-LOS-POLITICOS-1.jpg\",\"contentUrl\":\"https:\\\/\\\/lospoliticosveracruz.com\\\/wp-content\\\/uploads\\\/2025\\\/12\\\/Logo-Nuevo-LOS-POLITICOS-1.jpg\",\"width\":260,\"height\":70,\"caption\":\"Los pol\u00edticos Veracruz\"},\"image\":{\"@id\":\"https:\\\/\\\/lospoliticosveracruz.com\\\/#\\\/schema\\\/logo\\\/image\\\/\"},\"sameAs\":[\"https:\\\/\\\/www.facebook.com\\\/people\\\/Notimemes-de-los-Polticos\\\/61565672886568\\\/\",\"https:\\\/\\\/x.com\\\/LosPoliticosVer\"]},{\"@type\":\"Person\",\"@id\":\"https:\\\/\\\/lospoliticosveracruz.com\\\/#\\\/schema\\\/person\\\/b8702bb0e538456e6efd07080bf2a4a2\",\"name\":\"Lo viste en Los Pol\u00edticos\",\"image\":{\"@type\":\"ImageObject\",\"inLanguage\":\"es\",\"@id\":\"https:\\\/\\\/secure.gravatar.com\\\/avatar\\\/3a8de04a2656d44082be478bd6c086daa447c4651605818287b9532d3d0bd435?s=96&d=mm&r=g\",\"url\":\"https:\\\/\\\/secure.gravatar.com\\\/avatar\\\/3a8de04a2656d44082be478bd6c086daa447c4651605818287b9532d3d0bd435?s=96&d=mm&r=g\",\"contentUrl\":\"https:\\\/\\\/secure.gravatar.com\\\/avatar\\\/3a8de04a2656d44082be478bd6c086daa447c4651605818287b9532d3d0bd435?s=96&d=mm&r=g\",\"caption\":\"Lo viste en Los Pol\u00edticos\"},\"url\":\"https:\\\/\\\/lospoliticosveracruz.com\\\/?author=2\"}]}<\/script>\n<!-- \/ Yoast SEO plugin. -->","yoast_head_json":{"title":"2024: M\u00c1S CLASE MEDIA Y MENOS POBRES\u2026 DEBE SER LA ESTRATEGIA - Los pol\u00edticos Veracruz","robots":{"index":"index","follow":"follow","max-snippet":"max-snippet:-1","max-image-preview":"max-image-preview:large","max-video-preview":"max-video-preview:-1"},"canonical":"https:\/\/lospoliticosveracruz.com\/?p=101370","og_locale":"es_ES","og_type":"article","og_title":"2024: M\u00c1S CLASE MEDIA Y MENOS POBRES\u2026 DEBE SER LA ESTRATEGIA - Los pol\u00edticos Veracruz","og_description":"Vicente Luna Hern\u00e1ndez La realidad social en M\u00e9xico es inocultable, la desigualdad social, la inseguridad p\u00fablica, la violencia contra las mujeres, los resabios de la pandemia y la crisis econ\u00f3mica, las desapariciones forzadas, la corrupci\u00f3n que a\u00fan se pasea por oficinas de la administraci\u00f3n p\u00fablica y reformas legislativas que han afectado de manera importante la [&hellip;]","og_url":"https:\/\/lospoliticosveracruz.com\/?p=101370","og_site_name":"Los pol\u00edticos Veracruz","article_publisher":"https:\/\/www.facebook.com\/people\/Notimemes-de-los-Polticos\/61565672886568\/","article_published_time":"2023-01-19T22:56:56+00:00","article_modified_time":"2023-01-19T22:57:00+00:00","og_image":[{"url":"https:\/\/lospoliticosveracruz.com.mx\/wp-content\/uploads\/2021\/10\/WhatsApp-Image-2021-10-02-at-15.20.25-212x300.jpeg","type":"","width":"","height":""}],"author":"Lo viste en Los Pol\u00edticos","twitter_card":"summary_large_image","twitter_creator":"@LosPoliticosVer","twitter_site":"@LosPoliticosVer","twitter_misc":{"Escrito por":"Lo viste en Los Pol\u00edticos","Tiempo de lectura":"3 minutos"},"schema":{"@context":"https:\/\/schema.org","@graph":[{"@type":"Article","@id":"https:\/\/lospoliticosveracruz.com\/?p=101370#article","isPartOf":{"@id":"https:\/\/lospoliticosveracruz.com\/?p=101370"},"author":{"name":"Lo viste en Los Pol\u00edticos","@id":"https:\/\/lospoliticosveracruz.com\/#\/schema\/person\/b8702bb0e538456e6efd07080bf2a4a2"},"headline":"2024: M\u00c1S CLASE MEDIA Y MENOS POBRES\u2026 DEBE SER LA ESTRATEGIA","datePublished":"2023-01-19T22:56:56+00:00","dateModified":"2023-01-19T22:57:00+00:00","mainEntityOfPage":{"@id":"https:\/\/lospoliticosveracruz.com\/?p=101370"},"wordCount":705,"publisher":{"@id":"https:\/\/lospoliticosveracruz.com\/#organization"},"image":{"@id":"https:\/\/lospoliticosveracruz.com\/?p=101370#primaryimage"},"thumbnailUrl":"https:\/\/lospoliticosveracruz.com.mx\/wp-content\/uploads\/2021\/10\/WhatsApp-Image-2021-10-02-at-15.20.25-212x300.jpeg","keywords":["pobreza","Vicente Luna Hern\u00e1ndez"],"articleSection":["De Opini\u00f3n"],"inLanguage":"es"},{"@type":"WebPage","@id":"https:\/\/lospoliticosveracruz.com\/?p=101370","url":"https:\/\/lospoliticosveracruz.com\/?p=101370","name":"2024: M\u00c1S CLASE MEDIA Y MENOS POBRES\u2026 DEBE SER LA ESTRATEGIA - Los pol\u00edticos Veracruz","isPartOf":{"@id":"https:\/\/lospoliticosveracruz.com\/#website"},"primaryImageOfPage":{"@id":"https:\/\/lospoliticosveracruz.com\/?p=101370#primaryimage"},"image":{"@id":"https:\/\/lospoliticosveracruz.com\/?p=101370#primaryimage"},"thumbnailUrl":"https:\/\/lospoliticosveracruz.com.mx\/wp-content\/uploads\/2021\/10\/WhatsApp-Image-2021-10-02-at-15.20.25-212x300.jpeg","datePublished":"2023-01-19T22:56:56+00:00","dateModified":"2023-01-19T22:57:00+00:00","breadcrumb":{"@id":"https:\/\/lospoliticosveracruz.com\/?p=101370#breadcrumb"},"inLanguage":"es","potentialAction":[{"@type":"ReadAction","target":["https:\/\/lospoliticosveracruz.com\/?p=101370"]}]},{"@type":"ImageObject","inLanguage":"es","@id":"https:\/\/lospoliticosveracruz.com\/?p=101370#primaryimage","url":"https:\/\/lospoliticosveracruz.com.mx\/wp-content\/uploads\/2021\/10\/WhatsApp-Image-2021-10-02-at-15.20.25-212x300.jpeg","contentUrl":"https:\/\/lospoliticosveracruz.com.mx\/wp-content\/uploads\/2021\/10\/WhatsApp-Image-2021-10-02-at-15.20.25-212x300.jpeg"},{"@type":"BreadcrumbList","@id":"https:\/\/lospoliticosveracruz.com\/?p=101370#breadcrumb","itemListElement":[{"@type":"ListItem","position":1,"name":"Portada","item":"https:\/\/lospoliticosveracruz.com\/"},{"@type":"ListItem","position":2,"name":"2024: M\u00c1S CLASE MEDIA Y MENOS POBRES\u2026 DEBE SER LA ESTRATEGIA"}]},{"@type":"WebSite","@id":"https:\/\/lospoliticosveracruz.com\/#website","url":"https:\/\/lospoliticosveracruz.com\/","name":"Los pol\u00edticos Veracruz","description":"","publisher":{"@id":"https:\/\/lospoliticosveracruz.com\/#organization"},"potentialAction":[{"@type":"SearchAction","target":{"@type":"EntryPoint","urlTemplate":"https:\/\/lospoliticosveracruz.com\/?s={search_term_string}"},"query-input":{"@type":"PropertyValueSpecification","valueRequired":true,"valueName":"search_term_string"}}],"inLanguage":"es"},{"@type":"Organization","@id":"https:\/\/lospoliticosveracruz.com\/#organization","name":"Los pol\u00edticos Veracruz","url":"https:\/\/lospoliticosveracruz.com\/","logo":{"@type":"ImageObject","inLanguage":"es","@id":"https:\/\/lospoliticosveracruz.com\/#\/schema\/logo\/image\/","url":"https:\/\/lospoliticosveracruz.com\/wp-content\/uploads\/2025\/12\/Logo-Nuevo-LOS-POLITICOS-1.jpg","contentUrl":"https:\/\/lospoliticosveracruz.com\/wp-content\/uploads\/2025\/12\/Logo-Nuevo-LOS-POLITICOS-1.jpg","width":260,"height":70,"caption":"Los pol\u00edticos Veracruz"},"image":{"@id":"https:\/\/lospoliticosveracruz.com\/#\/schema\/logo\/image\/"},"sameAs":["https:\/\/www.facebook.com\/people\/Notimemes-de-los-Polticos\/61565672886568\/","https:\/\/x.com\/LosPoliticosVer"]},{"@type":"Person","@id":"https:\/\/lospoliticosveracruz.com\/#\/schema\/person\/b8702bb0e538456e6efd07080bf2a4a2","name":"Lo viste en Los Pol\u00edticos","image":{"@type":"ImageObject","inLanguage":"es","@id":"https:\/\/secure.gravatar.com\/avatar\/3a8de04a2656d44082be478bd6c086daa447c4651605818287b9532d3d0bd435?s=96&d=mm&r=g","url":"https:\/\/secure.gravatar.com\/avatar\/3a8de04a2656d44082be478bd6c086daa447c4651605818287b9532d3d0bd435?s=96&d=mm&r=g","contentUrl":"https:\/\/secure.gravatar.com\/avatar\/3a8de04a2656d44082be478bd6c086daa447c4651605818287b9532d3d0bd435?s=96&d=mm&r=g","caption":"Lo viste en Los Pol\u00edticos"},"url":"https:\/\/lospoliticosveracruz.com\/?author=2"}]}},"_links":{"self":[{"href":"https:\/\/lospoliticosveracruz.com\/index.php?rest_route=\/wp\/v2\/posts\/101370","targetHints":{"allow":["GET"]}}],"collection":[{"href":"https:\/\/lospoliticosveracruz.com\/index.php?rest_route=\/wp\/v2\/posts"}],"about":[{"href":"https:\/\/lospoliticosveracruz.com\/index.php?rest_route=\/wp\/v2\/types\/post"}],"author":[{"embeddable":true,"href":"https:\/\/lospoliticosveracruz.com\/index.php?rest_route=\/wp\/v2\/users\/2"}],"replies":[{"embeddable":true,"href":"https:\/\/lospoliticosveracruz.com\/index.php?rest_route=%2Fwp%2Fv2%2Fcomments&post=101370"}],"version-history":[{"count":1,"href":"https:\/\/lospoliticosveracruz.com\/index.php?rest_route=\/wp\/v2\/posts\/101370\/revisions"}],"predecessor-version":[{"id":101371,"href":"https:\/\/lospoliticosveracruz.com\/index.php?rest_route=\/wp\/v2\/posts\/101370\/revisions\/101371"}],"wp:attachment":[{"href":"https:\/\/lospoliticosveracruz.com\/index.php?rest_route=%2Fwp%2Fv2%2Fmedia&parent=101370"}],"wp:term":[{"taxonomy":"category","embeddable":true,"href":"https:\/\/lospoliticosveracruz.com\/index.php?rest_route=%2Fwp%2Fv2%2Fcategories&post=101370"},{"taxonomy":"post_tag","embeddable":true,"href":"https:\/\/lospoliticosveracruz.com\/index.php?rest_route=%2Fwp%2Fv2%2Ftags&post=101370"}],"curies":[{"name":"wp","href":"https:\/\/api.w.org\/{rel}","templated":true}]}}