{"id":101390,"date":"2023-01-20T07:46:03","date_gmt":"2023-01-20T13:46:03","guid":{"rendered":"https:\/\/lospoliticosveracruz.com.mx\/?p=101390"},"modified":"2023-01-20T07:46:07","modified_gmt":"2023-01-20T13:46:07","slug":"la-buena-hay-medicinas-hasta-el-2024-la-mala-lo-dijo-lopez-obrador","status":"publish","type":"post","link":"https:\/\/lospoliticosveracruz.com\/?p=101390","title":{"rendered":"LA BUENA, HAY medicinas hasta el 2024; la mala, lo dijo L\u00f3pez Obrador"},"content":{"rendered":"\n<p><strong>Bernardo Guti\u00e9rrez Parra<br><\/strong><em>Desde el Caf\u00e9<\/em><\/p>\n\n\n\n<p>El sistema de Salud en M\u00e9xico no siempre estuvo fregado lector, tuvo su \u00e9poca de esplendor de 1958 a 1970 en los sexenios de L\u00f3pez Mateos y D\u00edaz Ordaz. Fueron doce a\u00f1os de cl\u00ednicas y hospitales de primera, atenci\u00f3n de primera, vacunas para todos los ni\u00f1os y abasto de medicamentos. Despu\u00e9s comenzaron los altibajos y tras \u00e9stos vino el crack que tiene nombre y apellido: Andr\u00e9s Manuel L\u00f3pez Obrador.<\/p>\n\n\n<div class=\"wp-block-image\">\n<figure class=\"alignleft size-large is-resized\"><a href=\"https:\/\/lospoliticosveracruz.com.mx\/wp-content\/uploads\/2021\/10\/WhatsApp-Image-2021-10-02-at-15.20.25.jpeg\"><img loading=\"lazy\" decoding=\"async\" src=\"https:\/\/lospoliticosveracruz.com.mx\/wp-content\/uploads\/2021\/10\/WhatsApp-Image-2021-10-02-at-15.20.25-724x1024.jpeg\" alt=\"\" class=\"wp-image-80177\" width=\"362\" height=\"512\" srcset=\"https:\/\/lospoliticosveracruz.com\/wp-content\/uploads\/2021\/10\/WhatsApp-Image-2021-10-02-at-15.20.25-724x1024.jpeg 724w, https:\/\/lospoliticosveracruz.com\/wp-content\/uploads\/2021\/10\/WhatsApp-Image-2021-10-02-at-15.20.25-212x300.jpeg 212w, https:\/\/lospoliticosveracruz.com\/wp-content\/uploads\/2021\/10\/WhatsApp-Image-2021-10-02-at-15.20.25-768x1086.jpeg 768w, https:\/\/lospoliticosveracruz.com\/wp-content\/uploads\/2021\/10\/WhatsApp-Image-2021-10-02-at-15.20.25.jpeg 905w\" sizes=\"auto, (max-width: 362px) 100vw, 362px\" \/><\/a><\/figure>\n<\/div>\n\n\n<p>Antes del tabasque\u00f1o casi no hab\u00eda desabasto de medicamentos. Cuando se disparaba la demanda de una medicina y se acababa el stock, el sistema de Salud la solicitaba a las farmac\u00e9uticas que en cuesti\u00f3n de d\u00edas (m\u00e1ximo semanas) la surt\u00edan.<\/p>\n\n\n\n<p>El esquema de medicinas no se compraba de un d\u00eda para otro sino con un a\u00f1o de anticipaci\u00f3n. Enrique Pe\u00f1a dej\u00f3 pagado el stock de medicinas que se ocupar\u00edan en 2019, pero Andr\u00e9s Manuel cancel\u00f3 el contrato porque hab\u00eda \u201cmucha corrupci\u00f3n\u201d en las farmac\u00e9uticas (corrupci\u00f3n que hasta la fecha no ha comprobado). Y comenz\u00f3 la pesadilla para los enfermos de este pa\u00eds.<\/p>\n\n\n\n<p>Despu\u00e9s de cuatro a\u00f1os y por su culpa, el desabasto ya se convirti\u00f3 en cr\u00f3nico. Como cr\u00f3nicas y patol\u00f3gicas son sus mentiras.<\/p>\n\n\n\n<p>En 2019 dijo: \u201cA los que les preocupa que haya desabasto de medicamentos \u00bfqu\u00e9 les podemos decir? Pues que ya se va a resolver\u201d. En 2020 declar\u00f3: \u201cEstamos buscando solucionar en definitiva lo del abasto de medicamentos\u201d. El 16 de junio del 2021 y para calmar la ira de las madres de ni\u00f1os con c\u00e1ncer que exig\u00edan medicinas dijo: \u201cCreo yo que para la semana pr\u00f3xima ya tenemos compradas todas las medicinas y equipos m\u00e9dicos para los ni\u00f1os con c\u00e1ncer\u201d.<\/p>\n\n\n\n<p>Y en 2022 de plano se fue a las nubes: \u201cNo van a faltar las medicinas o me dejo de llamar Andr\u00e9s Manuel\u201d.<\/p>\n\n\n\n<p>Nunca cumpli\u00f3.<\/p>\n\n\n\n<p>En el caso de las vacunas para los menores la situaci\u00f3n es lo que le sigue a alarmante. A mediados del a\u00f1o anterior Nancy Ram\u00edrez de la organizaci\u00f3n Save the children, dijo que solo el 18.5% de los ni\u00f1os y ni\u00f1as menores de un a\u00f1o contaban con el esquema completo de vacunas.<\/p>\n\n\n\n<p>Esto es hasta un crimen, porque por la falta de una vacuna en el esquema, un ni\u00f1o puede quedar malformado para el resto de su vida si le da poliomielitis o morir a causa de la viruela o el sarampi\u00f3n.<\/p>\n\n\n\n<p>Los gobiernos corruptos de antes ten\u00edan el esquema completo y lo aplicaron sin excepci\u00f3n al 97% de la poblaci\u00f3n infantil. El 3% restante eran ni\u00f1os cuyos padres se negaron a que les aplicaran las vacunas.<\/p>\n\n\n\n<p>Y el desabasto sigue, pero Andr\u00e9s Manuel dice que no.<\/p>\n\n\n\n<p>Este jueves y durante la ceremonia por el 80 aniversario del IMSS volvi\u00f3 a las andadas y asegur\u00f3 que el desabasto ahora s\u00ed ya se resolvi\u00f3.<\/p>\n\n\n\n<p>\u201cVamos avanzando, superando obst\u00e1culos. Ya resolvimos el problema del abasto de medicamentos, ya puedo informar que tenemos medicamentos adquiridos para este a\u00f1o y para el 2024, que era un problema complejo y adem\u00e1s con muchos intereses. Muy afectado por la corrupci\u00f3n y eso ya lo hemos resuelto\u201d.<\/p>\n\n\n\n<p>Mentira.<\/p>\n\n\n\n<p>Ni se ha acabado el desabasto y tampoco la corrupci\u00f3n como asegura el presidente m\u00e1s mentiroso de nuestra historia (Santa Anna le pela los dientes). Y de ambos flagelos dan fe millones de mexicanos que los padecen todos los d\u00edas.<\/p>\n\n\n\n<p>bernardogup@hotmail.com<\/p>\n","protected":false},"excerpt":{"rendered":"<p>Bernardo Guti\u00e9rrez ParraDesde el Caf\u00e9 El sistema de Salud en M\u00e9xico no siempre estuvo fregado lector, tuvo su \u00e9poca de esplendor de 1958 a 1970 en los sexenios de L\u00f3pez Mateos y D\u00edaz Ordaz. Fueron doce a\u00f1os de cl\u00ednicas y hospitales de primera, atenci\u00f3n de primera, vacunas para todos los ni\u00f1os y abasto de medicamentos. [&hellip;]<\/p>\n","protected":false},"author":2,"featured_media":48918,"comment_status":"closed","ping_status":"closed","sticky":false,"template":"","format":"standard","meta":{"tdm_status":"","tdm_grid_status":"","footnotes":""},"categories":[70],"tags":[618,34206,7076,1026],"class_list":{"0":"post-101390","1":"post","2":"type-post","3":"status-publish","4":"format-standard","5":"has-post-thumbnail","7":"category-de-opinion","8":"tag-andres-manuel-lopez-obrador","9":"tag-bernardo-gutierrez-parra","10":"tag-medicamentos","11":"tag-morena"},"yoast_head":"<!-- This site is optimized with the Yoast SEO plugin v27.4 - https:\/\/yoast.com\/product\/yoast-seo-wordpress\/ -->\n<title>LA BUENA, HAY medicinas hasta el 2024; la mala, lo dijo L\u00f3pez Obrador - Los pol\u00edticos Veracruz<\/title>\n<meta name=\"robots\" content=\"index, follow, max-snippet:-1, max-image-preview:large, max-video-preview:-1\" \/>\n<link rel=\"canonical\" href=\"https:\/\/lospoliticosveracruz.com\/?p=101390\" \/>\n<meta property=\"og:locale\" content=\"es_ES\" \/>\n<meta property=\"og:type\" content=\"article\" \/>\n<meta property=\"og:title\" content=\"LA BUENA, HAY medicinas hasta el 2024; la mala, lo dijo L\u00f3pez Obrador - Los pol\u00edticos Veracruz\" \/>\n<meta property=\"og:description\" content=\"Bernardo Guti\u00e9rrez ParraDesde el Caf\u00e9 El sistema de Salud en M\u00e9xico no siempre estuvo fregado lector, tuvo su \u00e9poca de esplendor de 1958 a 1970 en los sexenios de L\u00f3pez Mateos y D\u00edaz Ordaz. Fueron doce a\u00f1os de cl\u00ednicas y hospitales de primera, atenci\u00f3n de primera, vacunas para todos los ni\u00f1os y abasto de medicamentos. [&hellip;]\" \/>\n<meta property=\"og:url\" content=\"https:\/\/lospoliticosveracruz.com\/?p=101390\" \/>\n<meta property=\"og:site_name\" content=\"Los pol\u00edticos Veracruz\" \/>\n<meta property=\"article:publisher\" content=\"https:\/\/www.facebook.com\/people\/Notimemes-de-los-Polticos\/61565672886568\/\" \/>\n<meta property=\"article:published_time\" content=\"2023-01-20T13:46:03+00:00\" \/>\n<meta property=\"article:modified_time\" content=\"2023-01-20T13:46:07+00:00\" \/>\n<meta property=\"og:image\" content=\"https:\/\/lospoliticosveracruz.com\/wp-content\/uploads\/2019\/07\/Lopez.jpg\" \/>\n\t<meta property=\"og:image:width\" content=\"600\" \/>\n\t<meta property=\"og:image:height\" content=\"337\" \/>\n\t<meta property=\"og:image:type\" content=\"image\/jpeg\" \/>\n<meta name=\"author\" content=\"Lo viste en Los Pol\u00edticos\" \/>\n<meta name=\"twitter:card\" content=\"summary_large_image\" \/>\n<meta name=\"twitter:creator\" content=\"@LosPoliticosVer\" \/>\n<meta name=\"twitter:site\" content=\"@LosPoliticosVer\" \/>\n<meta name=\"twitter:label1\" content=\"Escrito por\" \/>\n\t<meta name=\"twitter:data1\" content=\"Lo viste en Los Pol\u00edticos\" \/>\n\t<meta name=\"twitter:label2\" content=\"Tiempo de lectura\" \/>\n\t<meta name=\"twitter:data2\" content=\"3 minutos\" \/>\n<script type=\"application\/ld+json\" class=\"yoast-schema-graph\">{\"@context\":\"https:\\\/\\\/schema.org\",\"@graph\":[{\"@type\":\"Article\",\"@id\":\"https:\\\/\\\/lospoliticosveracruz.com\\\/?p=101390#article\",\"isPartOf\":{\"@id\":\"https:\\\/\\\/lospoliticosveracruz.com\\\/?p=101390\"},\"author\":{\"name\":\"Lo viste en Los Pol\u00edticos\",\"@id\":\"https:\\\/\\\/lospoliticosveracruz.com\\\/#\\\/schema\\\/person\\\/b8702bb0e538456e6efd07080bf2a4a2\"},\"headline\":\"LA BUENA, HAY medicinas hasta el 2024; la mala, lo dijo L\u00f3pez Obrador\",\"datePublished\":\"2023-01-20T13:46:03+00:00\",\"dateModified\":\"2023-01-20T13:46:07+00:00\",\"mainEntityOfPage\":{\"@id\":\"https:\\\/\\\/lospoliticosveracruz.com\\\/?p=101390\"},\"wordCount\":621,\"publisher\":{\"@id\":\"https:\\\/\\\/lospoliticosveracruz.com\\\/#organization\"},\"image\":{\"@id\":\"https:\\\/\\\/lospoliticosveracruz.com\\\/?p=101390#primaryimage\"},\"thumbnailUrl\":\"https:\\\/\\\/lospoliticosveracruz.com\\\/wp-content\\\/uploads\\\/2019\\\/07\\\/Lopez.jpg\",\"keywords\":[\"Andr\u00e9s Manuel L\u00f3pez Obrador\",\"Bernardo Guti\u00e9rrez Parra\",\"Medicamentos\",\"Morena\"],\"articleSection\":[\"De Opini\u00f3n\"],\"inLanguage\":\"es\"},{\"@type\":\"WebPage\",\"@id\":\"https:\\\/\\\/lospoliticosveracruz.com\\\/?p=101390\",\"url\":\"https:\\\/\\\/lospoliticosveracruz.com\\\/?p=101390\",\"name\":\"LA BUENA, HAY medicinas hasta el 2024; la mala, lo dijo L\u00f3pez Obrador - Los pol\u00edticos Veracruz\",\"isPartOf\":{\"@id\":\"https:\\\/\\\/lospoliticosveracruz.com\\\/#website\"},\"primaryImageOfPage\":{\"@id\":\"https:\\\/\\\/lospoliticosveracruz.com\\\/?p=101390#primaryimage\"},\"image\":{\"@id\":\"https:\\\/\\\/lospoliticosveracruz.com\\\/?p=101390#primaryimage\"},\"thumbnailUrl\":\"https:\\\/\\\/lospoliticosveracruz.com\\\/wp-content\\\/uploads\\\/2019\\\/07\\\/Lopez.jpg\",\"datePublished\":\"2023-01-20T13:46:03+00:00\",\"dateModified\":\"2023-01-20T13:46:07+00:00\",\"breadcrumb\":{\"@id\":\"https:\\\/\\\/lospoliticosveracruz.com\\\/?p=101390#breadcrumb\"},\"inLanguage\":\"es\",\"potentialAction\":[{\"@type\":\"ReadAction\",\"target\":[\"https:\\\/\\\/lospoliticosveracruz.com\\\/?p=101390\"]}]},{\"@type\":\"ImageObject\",\"inLanguage\":\"es\",\"@id\":\"https:\\\/\\\/lospoliticosveracruz.com\\\/?p=101390#primaryimage\",\"url\":\"https:\\\/\\\/lospoliticosveracruz.com\\\/wp-content\\\/uploads\\\/2019\\\/07\\\/Lopez.jpg\",\"contentUrl\":\"https:\\\/\\\/lospoliticosveracruz.com\\\/wp-content\\\/uploads\\\/2019\\\/07\\\/Lopez.jpg\",\"width\":600,\"height\":337},{\"@type\":\"BreadcrumbList\",\"@id\":\"https:\\\/\\\/lospoliticosveracruz.com\\\/?p=101390#breadcrumb\",\"itemListElement\":[{\"@type\":\"ListItem\",\"position\":1,\"name\":\"Portada\",\"item\":\"https:\\\/\\\/lospoliticosveracruz.com\\\/\"},{\"@type\":\"ListItem\",\"position\":2,\"name\":\"LA BUENA, HAY medicinas hasta el 2024; la mala, lo dijo L\u00f3pez Obrador\"}]},{\"@type\":\"WebSite\",\"@id\":\"https:\\\/\\\/lospoliticosveracruz.com\\\/#website\",\"url\":\"https:\\\/\\\/lospoliticosveracruz.com\\\/\",\"name\":\"Los pol\u00edticos Veracruz\",\"description\":\"\",\"publisher\":{\"@id\":\"https:\\\/\\\/lospoliticosveracruz.com\\\/#organization\"},\"potentialAction\":[{\"@type\":\"SearchAction\",\"target\":{\"@type\":\"EntryPoint\",\"urlTemplate\":\"https:\\\/\\\/lospoliticosveracruz.com\\\/?s={search_term_string}\"},\"query-input\":{\"@type\":\"PropertyValueSpecification\",\"valueRequired\":true,\"valueName\":\"search_term_string\"}}],\"inLanguage\":\"es\"},{\"@type\":\"Organization\",\"@id\":\"https:\\\/\\\/lospoliticosveracruz.com\\\/#organization\",\"name\":\"Los pol\u00edticos Veracruz\",\"url\":\"https:\\\/\\\/lospoliticosveracruz.com\\\/\",\"logo\":{\"@type\":\"ImageObject\",\"inLanguage\":\"es\",\"@id\":\"https:\\\/\\\/lospoliticosveracruz.com\\\/#\\\/schema\\\/logo\\\/image\\\/\",\"url\":\"https:\\\/\\\/lospoliticosveracruz.com\\\/wp-content\\\/uploads\\\/2025\\\/12\\\/Logo-Nuevo-LOS-POLITICOS-1.jpg\",\"contentUrl\":\"https:\\\/\\\/lospoliticosveracruz.com\\\/wp-content\\\/uploads\\\/2025\\\/12\\\/Logo-Nuevo-LOS-POLITICOS-1.jpg\",\"width\":260,\"height\":70,\"caption\":\"Los pol\u00edticos Veracruz\"},\"image\":{\"@id\":\"https:\\\/\\\/lospoliticosveracruz.com\\\/#\\\/schema\\\/logo\\\/image\\\/\"},\"sameAs\":[\"https:\\\/\\\/www.facebook.com\\\/people\\\/Notimemes-de-los-Polticos\\\/61565672886568\\\/\",\"https:\\\/\\\/x.com\\\/LosPoliticosVer\"]},{\"@type\":\"Person\",\"@id\":\"https:\\\/\\\/lospoliticosveracruz.com\\\/#\\\/schema\\\/person\\\/b8702bb0e538456e6efd07080bf2a4a2\",\"name\":\"Lo viste en Los Pol\u00edticos\",\"image\":{\"@type\":\"ImageObject\",\"inLanguage\":\"es\",\"@id\":\"https:\\\/\\\/secure.gravatar.com\\\/avatar\\\/3a8de04a2656d44082be478bd6c086daa447c4651605818287b9532d3d0bd435?s=96&d=mm&r=g\",\"url\":\"https:\\\/\\\/secure.gravatar.com\\\/avatar\\\/3a8de04a2656d44082be478bd6c086daa447c4651605818287b9532d3d0bd435?s=96&d=mm&r=g\",\"contentUrl\":\"https:\\\/\\\/secure.gravatar.com\\\/avatar\\\/3a8de04a2656d44082be478bd6c086daa447c4651605818287b9532d3d0bd435?s=96&d=mm&r=g\",\"caption\":\"Lo viste en Los Pol\u00edticos\"},\"url\":\"https:\\\/\\\/lospoliticosveracruz.com\\\/?author=2\"}]}<\/script>\n<!-- \/ Yoast SEO plugin. -->","yoast_head_json":{"title":"LA BUENA, HAY medicinas hasta el 2024; la mala, lo dijo L\u00f3pez Obrador - Los pol\u00edticos Veracruz","robots":{"index":"index","follow":"follow","max-snippet":"max-snippet:-1","max-image-preview":"max-image-preview:large","max-video-preview":"max-video-preview:-1"},"canonical":"https:\/\/lospoliticosveracruz.com\/?p=101390","og_locale":"es_ES","og_type":"article","og_title":"LA BUENA, HAY medicinas hasta el 2024; la mala, lo dijo L\u00f3pez Obrador - Los pol\u00edticos Veracruz","og_description":"Bernardo Guti\u00e9rrez ParraDesde el Caf\u00e9 El sistema de Salud en M\u00e9xico no siempre estuvo fregado lector, tuvo su \u00e9poca de esplendor de 1958 a 1970 en los sexenios de L\u00f3pez Mateos y D\u00edaz Ordaz. Fueron doce a\u00f1os de cl\u00ednicas y hospitales de primera, atenci\u00f3n de primera, vacunas para todos los ni\u00f1os y abasto de medicamentos. [&hellip;]","og_url":"https:\/\/lospoliticosveracruz.com\/?p=101390","og_site_name":"Los pol\u00edticos Veracruz","article_publisher":"https:\/\/www.facebook.com\/people\/Notimemes-de-los-Polticos\/61565672886568\/","article_published_time":"2023-01-20T13:46:03+00:00","article_modified_time":"2023-01-20T13:46:07+00:00","og_image":[{"width":600,"height":337,"url":"https:\/\/lospoliticosveracruz.com\/wp-content\/uploads\/2019\/07\/Lopez.jpg","type":"image\/jpeg"}],"author":"Lo viste en Los Pol\u00edticos","twitter_card":"summary_large_image","twitter_creator":"@LosPoliticosVer","twitter_site":"@LosPoliticosVer","twitter_misc":{"Escrito por":"Lo viste en Los Pol\u00edticos","Tiempo de lectura":"3 minutos"},"schema":{"@context":"https:\/\/schema.org","@graph":[{"@type":"Article","@id":"https:\/\/lospoliticosveracruz.com\/?p=101390#article","isPartOf":{"@id":"https:\/\/lospoliticosveracruz.com\/?p=101390"},"author":{"name":"Lo viste en Los Pol\u00edticos","@id":"https:\/\/lospoliticosveracruz.com\/#\/schema\/person\/b8702bb0e538456e6efd07080bf2a4a2"},"headline":"LA BUENA, HAY medicinas hasta el 2024; la mala, lo dijo L\u00f3pez Obrador","datePublished":"2023-01-20T13:46:03+00:00","dateModified":"2023-01-20T13:46:07+00:00","mainEntityOfPage":{"@id":"https:\/\/lospoliticosveracruz.com\/?p=101390"},"wordCount":621,"publisher":{"@id":"https:\/\/lospoliticosveracruz.com\/#organization"},"image":{"@id":"https:\/\/lospoliticosveracruz.com\/?p=101390#primaryimage"},"thumbnailUrl":"https:\/\/lospoliticosveracruz.com\/wp-content\/uploads\/2019\/07\/Lopez.jpg","keywords":["Andr\u00e9s Manuel L\u00f3pez Obrador","Bernardo Guti\u00e9rrez Parra","Medicamentos","Morena"],"articleSection":["De Opini\u00f3n"],"inLanguage":"es"},{"@type":"WebPage","@id":"https:\/\/lospoliticosveracruz.com\/?p=101390","url":"https:\/\/lospoliticosveracruz.com\/?p=101390","name":"LA BUENA, HAY medicinas hasta el 2024; la mala, lo dijo L\u00f3pez Obrador - Los pol\u00edticos Veracruz","isPartOf":{"@id":"https:\/\/lospoliticosveracruz.com\/#website"},"primaryImageOfPage":{"@id":"https:\/\/lospoliticosveracruz.com\/?p=101390#primaryimage"},"image":{"@id":"https:\/\/lospoliticosveracruz.com\/?p=101390#primaryimage"},"thumbnailUrl":"https:\/\/lospoliticosveracruz.com\/wp-content\/uploads\/2019\/07\/Lopez.jpg","datePublished":"2023-01-20T13:46:03+00:00","dateModified":"2023-01-20T13:46:07+00:00","breadcrumb":{"@id":"https:\/\/lospoliticosveracruz.com\/?p=101390#breadcrumb"},"inLanguage":"es","potentialAction":[{"@type":"ReadAction","target":["https:\/\/lospoliticosveracruz.com\/?p=101390"]}]},{"@type":"ImageObject","inLanguage":"es","@id":"https:\/\/lospoliticosveracruz.com\/?p=101390#primaryimage","url":"https:\/\/lospoliticosveracruz.com\/wp-content\/uploads\/2019\/07\/Lopez.jpg","contentUrl":"https:\/\/lospoliticosveracruz.com\/wp-content\/uploads\/2019\/07\/Lopez.jpg","width":600,"height":337},{"@type":"BreadcrumbList","@id":"https:\/\/lospoliticosveracruz.com\/?p=101390#breadcrumb","itemListElement":[{"@type":"ListItem","position":1,"name":"Portada","item":"https:\/\/lospoliticosveracruz.com\/"},{"@type":"ListItem","position":2,"name":"LA BUENA, HAY medicinas hasta el 2024; la mala, lo dijo L\u00f3pez Obrador"}]},{"@type":"WebSite","@id":"https:\/\/lospoliticosveracruz.com\/#website","url":"https:\/\/lospoliticosveracruz.com\/","name":"Los pol\u00edticos Veracruz","description":"","publisher":{"@id":"https:\/\/lospoliticosveracruz.com\/#organization"},"potentialAction":[{"@type":"SearchAction","target":{"@type":"EntryPoint","urlTemplate":"https:\/\/lospoliticosveracruz.com\/?s={search_term_string}"},"query-input":{"@type":"PropertyValueSpecification","valueRequired":true,"valueName":"search_term_string"}}],"inLanguage":"es"},{"@type":"Organization","@id":"https:\/\/lospoliticosveracruz.com\/#organization","name":"Los pol\u00edticos Veracruz","url":"https:\/\/lospoliticosveracruz.com\/","logo":{"@type":"ImageObject","inLanguage":"es","@id":"https:\/\/lospoliticosveracruz.com\/#\/schema\/logo\/image\/","url":"https:\/\/lospoliticosveracruz.com\/wp-content\/uploads\/2025\/12\/Logo-Nuevo-LOS-POLITICOS-1.jpg","contentUrl":"https:\/\/lospoliticosveracruz.com\/wp-content\/uploads\/2025\/12\/Logo-Nuevo-LOS-POLITICOS-1.jpg","width":260,"height":70,"caption":"Los pol\u00edticos Veracruz"},"image":{"@id":"https:\/\/lospoliticosveracruz.com\/#\/schema\/logo\/image\/"},"sameAs":["https:\/\/www.facebook.com\/people\/Notimemes-de-los-Polticos\/61565672886568\/","https:\/\/x.com\/LosPoliticosVer"]},{"@type":"Person","@id":"https:\/\/lospoliticosveracruz.com\/#\/schema\/person\/b8702bb0e538456e6efd07080bf2a4a2","name":"Lo viste en Los Pol\u00edticos","image":{"@type":"ImageObject","inLanguage":"es","@id":"https:\/\/secure.gravatar.com\/avatar\/3a8de04a2656d44082be478bd6c086daa447c4651605818287b9532d3d0bd435?s=96&d=mm&r=g","url":"https:\/\/secure.gravatar.com\/avatar\/3a8de04a2656d44082be478bd6c086daa447c4651605818287b9532d3d0bd435?s=96&d=mm&r=g","contentUrl":"https:\/\/secure.gravatar.com\/avatar\/3a8de04a2656d44082be478bd6c086daa447c4651605818287b9532d3d0bd435?s=96&d=mm&r=g","caption":"Lo viste en Los Pol\u00edticos"},"url":"https:\/\/lospoliticosveracruz.com\/?author=2"}]}},"_links":{"self":[{"href":"https:\/\/lospoliticosveracruz.com\/index.php?rest_route=\/wp\/v2\/posts\/101390","targetHints":{"allow":["GET"]}}],"collection":[{"href":"https:\/\/lospoliticosveracruz.com\/index.php?rest_route=\/wp\/v2\/posts"}],"about":[{"href":"https:\/\/lospoliticosveracruz.com\/index.php?rest_route=\/wp\/v2\/types\/post"}],"author":[{"embeddable":true,"href":"https:\/\/lospoliticosveracruz.com\/index.php?rest_route=\/wp\/v2\/users\/2"}],"replies":[{"embeddable":true,"href":"https:\/\/lospoliticosveracruz.com\/index.php?rest_route=%2Fwp%2Fv2%2Fcomments&post=101390"}],"version-history":[{"count":1,"href":"https:\/\/lospoliticosveracruz.com\/index.php?rest_route=\/wp\/v2\/posts\/101390\/revisions"}],"predecessor-version":[{"id":101391,"href":"https:\/\/lospoliticosveracruz.com\/index.php?rest_route=\/wp\/v2\/posts\/101390\/revisions\/101391"}],"wp:featuredmedia":[{"embeddable":true,"href":"https:\/\/lospoliticosveracruz.com\/index.php?rest_route=\/wp\/v2\/media\/48918"}],"wp:attachment":[{"href":"https:\/\/lospoliticosveracruz.com\/index.php?rest_route=%2Fwp%2Fv2%2Fmedia&parent=101390"}],"wp:term":[{"taxonomy":"category","embeddable":true,"href":"https:\/\/lospoliticosveracruz.com\/index.php?rest_route=%2Fwp%2Fv2%2Fcategories&post=101390"},{"taxonomy":"post_tag","embeddable":true,"href":"https:\/\/lospoliticosveracruz.com\/index.php?rest_route=%2Fwp%2Fv2%2Ftags&post=101390"}],"curies":[{"name":"wp","href":"https:\/\/api.w.org\/{rel}","templated":true}]}}