{"id":101606,"date":"2023-01-25T08:52:07","date_gmt":"2023-01-25T14:52:07","guid":{"rendered":"https:\/\/lospoliticosveracruz.com.mx\/?p=101606"},"modified":"2023-01-25T08:52:11","modified_gmt":"2023-01-25T14:52:11","slug":"el-pino-y-fuerza-por-mexico","status":"publish","type":"post","link":"https:\/\/lospoliticosveracruz.com\/?p=101606","title":{"rendered":"EL PINO Y FUERZA POR M\u00c9XICO&nbsp;"},"content":{"rendered":"\n<p><strong>Luis Alberto Romero\u00a0<\/strong><\/p>\n\n\n\n<p><em>Hora cero\u00a0<\/em><\/p>\n\n\n\n<p>Fernando P\u00e9rez Vega fue ejecutado en la carretera Veracruz-Xalapa el pasado domingo. En torno a esos hechos llam\u00f3 la atenci\u00f3n la declaraci\u00f3n del gobernador Cuitl\u00e1huac Garc\u00eda sobre los presuntos v\u00ednculos del ex candidato del partido Fuerza por M\u00e9xico a la alcald\u00eda de Coxquihui con la delincuencia organizada.&nbsp;<\/p>\n\n\n\n<p>En medios informativos se ha manejado hasta el cansancio que esta persona, a quien se conoc\u00eda con el alias de \u201cEl Pino\u201d, era considerado un generador de violencia en la zona del Totonacapan, desde la sierra que colinda con Puebla hasta Papantla y Poza Rica.&nbsp;<\/p>\n\n\n\n<p>Tras la masacre del domingo comenzaron a circular en redes sociales fotograf\u00edas de Fernando P\u00e9rez con el gobernador Cuitl\u00e1huac Garc\u00eda, quien dej\u00f3 en claro que \u201cEl Pino\u201d busc\u00f3 cobijo en Morena, mismo que le fue negado; no fue postulado, como pretend\u00eda, a la presidencia municipal de Coxquihui.&nbsp;<\/p>\n\n\n\n<p>Con el apoyo de Morena y con toda la fuerza del dinero que manejaba, Fernando P\u00e9rez Vega no habr\u00eda tenido problemas para ganar la alcald\u00eda; hubiera sido un triunfo m\u00e1s del partido en el poder en las elecciones municipales de 2021; pero la 4T decidi\u00f3 no postular a un sujeto que ten\u00eda los antecedentes de \u201cEl Pino\u201d.&nbsp;<\/p>\n\n\n\n<p>El partido que prest\u00f3 el membrete fue Fuerza por M\u00e9xico, que postul\u00f3 a este presunto generador de violencia como su candidato.&nbsp;<\/p>\n\n\n\n<p>Incluso, unas horas antes de su homicidio, P\u00e9rez Vega particip\u00f3 en un evento pol\u00edtico de Fuerza por M\u00e9xico en el Puerto; y antes, en mayo de 2022, el dirigente estatal de dicho partido, Eduardo&nbsp;&nbsp;Vega Yunes, recorri\u00f3 la regi\u00f3n del Totonacapan, acompa\u00f1ado por los hermanos Fernando y Albert\u00edn P\u00e9rez Vega, ex candidato a la alcald\u00eda y dirigente municipal de FxM, respectivamente.&nbsp;<\/p>\n\n\n\n<p>En ese marco, Vega Yunes ponder\u00f3 en los mejores t\u00e9rminos a sus representantes en el Totonacapan, regi\u00f3n a la que calific\u00f3 como basti\u00f3n pol\u00edtico de su partido. Incluso, destac\u00f3 que Fernando P\u00e9rez Vega gan\u00f3 las elecciones de 2021, pero no lo dejaron llegar a la presidencia municipal.&nbsp;<\/p>\n\n\n\n<p>Este lunes, el gobernador Cuitl\u00e1huac Garc\u00eda retom\u00f3 el tema y dijo que en su gobierno no hay intocables ni complicidades; que se persigue a quienes cometen delitos, sin importar el partido del que provengan; incluso contra los de casa, cuando violan la ley, se procede.&nbsp;<\/p>\n\n\n\n<p>Eduardo Vega, dirigente estatal de FxM, no ha emitido una sola palabra sobre esos hechos y esas relaciones; parece agazapado. Por eso salta la duda: \u00bfno conoc\u00edan en ese partido los nexos de su candidato?; en todo caso, parece que para lograr un pu\u00f1ado de votos no les importa postular a personajes de ese tipo.&nbsp;&nbsp;<\/p>\n\n\n\n<p>El asunto de los filtros en la selecci\u00f3n de candidatos es un buen tema para que se discuta al interior de los partidos pol\u00edticos, antes de hagan el rid\u00edculo que hizo Fuerza por M\u00e9xico.&nbsp;<\/p>\n\n\n\n<p>Por cierto, el mandatario veracruzano fue cuidadoso de no acusar v\u00ednculos de partidos con la delincuencia; sin embargo, lanz\u00f3 una advertencia a presidentes municipales y funcionarios para que eviten esas relaciones; para que no los convenzan con \u201cca\u00f1onazos\u201d de dinero\u201d. @luisromero85<\/p>\n","protected":false},"excerpt":{"rendered":"<p>Luis Alberto Romero\u00a0 Hora cero\u00a0 Fernando P\u00e9rez Vega fue ejecutado en la carretera Veracruz-Xalapa el pasado domingo. En torno a esos hechos llam\u00f3 la atenci\u00f3n la declaraci\u00f3n del gobernador Cuitl\u00e1huac Garc\u00eda sobre los presuntos v\u00ednculos del ex candidato del partido Fuerza por M\u00e9xico a la alcald\u00eda de Coxquihui con la delincuencia organizada.&nbsp; En medios informativos [&hellip;]<\/p>\n","protected":false},"author":2,"featured_media":0,"comment_status":"closed","ping_status":"closed","sticky":false,"template":"","format":"standard","meta":{"tdm_status":"","tdm_grid_status":"","footnotes":""},"categories":[70],"tags":[24637,2669,249],"class_list":{"0":"post-101606","1":"post","2":"type-post","3":"status-publish","4":"format-standard","6":"category-de-opinion","7":"tag-fuerza-por-mexico","8":"tag-luis-alberto-romero","9":"tag-tato-vega-yunes"},"yoast_head":"<!-- This site is optimized with the Yoast SEO plugin v27.4 - https:\/\/yoast.com\/product\/yoast-seo-wordpress\/ -->\n<title>EL PINO Y FUERZA POR M\u00c9XICO&nbsp; - Los pol\u00edticos Veracruz<\/title>\n<meta name=\"robots\" content=\"index, follow, max-snippet:-1, max-image-preview:large, max-video-preview:-1\" \/>\n<link rel=\"canonical\" href=\"https:\/\/lospoliticosveracruz.com\/?p=101606\" \/>\n<meta property=\"og:locale\" content=\"es_ES\" \/>\n<meta property=\"og:type\" content=\"article\" \/>\n<meta property=\"og:title\" content=\"EL PINO Y FUERZA POR M\u00c9XICO&nbsp; - Los pol\u00edticos Veracruz\" \/>\n<meta property=\"og:description\" content=\"Luis Alberto Romero\u00a0 Hora cero\u00a0 Fernando P\u00e9rez Vega fue ejecutado en la carretera Veracruz-Xalapa el pasado domingo. En torno a esos hechos llam\u00f3 la atenci\u00f3n la declaraci\u00f3n del gobernador Cuitl\u00e1huac Garc\u00eda sobre los presuntos v\u00ednculos del ex candidato del partido Fuerza por M\u00e9xico a la alcald\u00eda de Coxquihui con la delincuencia organizada.&nbsp; En medios informativos [&hellip;]\" \/>\n<meta property=\"og:url\" content=\"https:\/\/lospoliticosveracruz.com\/?p=101606\" \/>\n<meta property=\"og:site_name\" content=\"Los pol\u00edticos Veracruz\" \/>\n<meta property=\"article:publisher\" content=\"https:\/\/www.facebook.com\/people\/Notimemes-de-los-Polticos\/61565672886568\/\" \/>\n<meta property=\"article:published_time\" content=\"2023-01-25T14:52:07+00:00\" \/>\n<meta property=\"article:modified_time\" content=\"2023-01-25T14:52:11+00:00\" \/>\n<meta property=\"og:image\" content=\"https:\/\/lospoliticosveracruz.com\/wp-content\/uploads\/2016\/07\/Logo-Dor.jpg\" \/>\n\t<meta property=\"og:image:width\" content=\"200\" \/>\n\t<meta property=\"og:image:height\" content=\"200\" \/>\n\t<meta property=\"og:image:type\" content=\"image\/jpeg\" \/>\n<meta name=\"author\" content=\"Lo viste en Los Pol\u00edticos\" \/>\n<meta name=\"twitter:card\" content=\"summary_large_image\" \/>\n<meta name=\"twitter:creator\" content=\"@LosPoliticosVer\" \/>\n<meta name=\"twitter:site\" content=\"@LosPoliticosVer\" \/>\n<meta name=\"twitter:label1\" content=\"Escrito por\" \/>\n\t<meta name=\"twitter:data1\" content=\"Lo viste en Los Pol\u00edticos\" \/>\n\t<meta name=\"twitter:label2\" content=\"Tiempo de lectura\" \/>\n\t<meta name=\"twitter:data2\" content=\"3 minutos\" \/>\n<script type=\"application\/ld+json\" class=\"yoast-schema-graph\">{\"@context\":\"https:\\\/\\\/schema.org\",\"@graph\":[{\"@type\":\"Article\",\"@id\":\"https:\\\/\\\/lospoliticosveracruz.com\\\/?p=101606#article\",\"isPartOf\":{\"@id\":\"https:\\\/\\\/lospoliticosveracruz.com\\\/?p=101606\"},\"author\":{\"name\":\"Lo viste en Los Pol\u00edticos\",\"@id\":\"https:\\\/\\\/lospoliticosveracruz.com\\\/#\\\/schema\\\/person\\\/b8702bb0e538456e6efd07080bf2a4a2\"},\"headline\":\"EL PINO Y FUERZA POR M\u00c9XICO&nbsp;\",\"datePublished\":\"2023-01-25T14:52:07+00:00\",\"dateModified\":\"2023-01-25T14:52:11+00:00\",\"mainEntityOfPage\":{\"@id\":\"https:\\\/\\\/lospoliticosveracruz.com\\\/?p=101606\"},\"wordCount\":566,\"publisher\":{\"@id\":\"https:\\\/\\\/lospoliticosveracruz.com\\\/#organization\"},\"keywords\":[\"Fuerza por M\u00e9xico\",\"Luis Alberto Romero\",\"Tato Vega Yunes\"],\"articleSection\":[\"De Opini\u00f3n\"],\"inLanguage\":\"es\"},{\"@type\":\"WebPage\",\"@id\":\"https:\\\/\\\/lospoliticosveracruz.com\\\/?p=101606\",\"url\":\"https:\\\/\\\/lospoliticosveracruz.com\\\/?p=101606\",\"name\":\"EL PINO Y FUERZA POR M\u00c9XICO&nbsp; - Los pol\u00edticos Veracruz\",\"isPartOf\":{\"@id\":\"https:\\\/\\\/lospoliticosveracruz.com\\\/#website\"},\"datePublished\":\"2023-01-25T14:52:07+00:00\",\"dateModified\":\"2023-01-25T14:52:11+00:00\",\"breadcrumb\":{\"@id\":\"https:\\\/\\\/lospoliticosveracruz.com\\\/?p=101606#breadcrumb\"},\"inLanguage\":\"es\",\"potentialAction\":[{\"@type\":\"ReadAction\",\"target\":[\"https:\\\/\\\/lospoliticosveracruz.com\\\/?p=101606\"]}]},{\"@type\":\"BreadcrumbList\",\"@id\":\"https:\\\/\\\/lospoliticosveracruz.com\\\/?p=101606#breadcrumb\",\"itemListElement\":[{\"@type\":\"ListItem\",\"position\":1,\"name\":\"Portada\",\"item\":\"https:\\\/\\\/lospoliticosveracruz.com\\\/\"},{\"@type\":\"ListItem\",\"position\":2,\"name\":\"EL PINO Y FUERZA POR M\u00c9XICO&nbsp;\"}]},{\"@type\":\"WebSite\",\"@id\":\"https:\\\/\\\/lospoliticosveracruz.com\\\/#website\",\"url\":\"https:\\\/\\\/lospoliticosveracruz.com\\\/\",\"name\":\"Los pol\u00edticos Veracruz\",\"description\":\"\",\"publisher\":{\"@id\":\"https:\\\/\\\/lospoliticosveracruz.com\\\/#organization\"},\"potentialAction\":[{\"@type\":\"SearchAction\",\"target\":{\"@type\":\"EntryPoint\",\"urlTemplate\":\"https:\\\/\\\/lospoliticosveracruz.com\\\/?s={search_term_string}\"},\"query-input\":{\"@type\":\"PropertyValueSpecification\",\"valueRequired\":true,\"valueName\":\"search_term_string\"}}],\"inLanguage\":\"es\"},{\"@type\":\"Organization\",\"@id\":\"https:\\\/\\\/lospoliticosveracruz.com\\\/#organization\",\"name\":\"Los pol\u00edticos Veracruz\",\"url\":\"https:\\\/\\\/lospoliticosveracruz.com\\\/\",\"logo\":{\"@type\":\"ImageObject\",\"inLanguage\":\"es\",\"@id\":\"https:\\\/\\\/lospoliticosveracruz.com\\\/#\\\/schema\\\/logo\\\/image\\\/\",\"url\":\"https:\\\/\\\/lospoliticosveracruz.com\\\/wp-content\\\/uploads\\\/2025\\\/12\\\/Logo-Nuevo-LOS-POLITICOS-1.jpg\",\"contentUrl\":\"https:\\\/\\\/lospoliticosveracruz.com\\\/wp-content\\\/uploads\\\/2025\\\/12\\\/Logo-Nuevo-LOS-POLITICOS-1.jpg\",\"width\":260,\"height\":70,\"caption\":\"Los pol\u00edticos Veracruz\"},\"image\":{\"@id\":\"https:\\\/\\\/lospoliticosveracruz.com\\\/#\\\/schema\\\/logo\\\/image\\\/\"},\"sameAs\":[\"https:\\\/\\\/www.facebook.com\\\/people\\\/Notimemes-de-los-Polticos\\\/61565672886568\\\/\",\"https:\\\/\\\/x.com\\\/LosPoliticosVer\"]},{\"@type\":\"Person\",\"@id\":\"https:\\\/\\\/lospoliticosveracruz.com\\\/#\\\/schema\\\/person\\\/b8702bb0e538456e6efd07080bf2a4a2\",\"name\":\"Lo viste en Los Pol\u00edticos\",\"image\":{\"@type\":\"ImageObject\",\"inLanguage\":\"es\",\"@id\":\"https:\\\/\\\/secure.gravatar.com\\\/avatar\\\/3a8de04a2656d44082be478bd6c086daa447c4651605818287b9532d3d0bd435?s=96&d=mm&r=g\",\"url\":\"https:\\\/\\\/secure.gravatar.com\\\/avatar\\\/3a8de04a2656d44082be478bd6c086daa447c4651605818287b9532d3d0bd435?s=96&d=mm&r=g\",\"contentUrl\":\"https:\\\/\\\/secure.gravatar.com\\\/avatar\\\/3a8de04a2656d44082be478bd6c086daa447c4651605818287b9532d3d0bd435?s=96&d=mm&r=g\",\"caption\":\"Lo viste en Los Pol\u00edticos\"},\"url\":\"https:\\\/\\\/lospoliticosveracruz.com\\\/?author=2\"}]}<\/script>\n<!-- \/ Yoast SEO plugin. -->","yoast_head_json":{"title":"EL PINO Y FUERZA POR M\u00c9XICO&nbsp; - Los pol\u00edticos Veracruz","robots":{"index":"index","follow":"follow","max-snippet":"max-snippet:-1","max-image-preview":"max-image-preview:large","max-video-preview":"max-video-preview:-1"},"canonical":"https:\/\/lospoliticosveracruz.com\/?p=101606","og_locale":"es_ES","og_type":"article","og_title":"EL PINO Y FUERZA POR M\u00c9XICO&nbsp; - Los pol\u00edticos Veracruz","og_description":"Luis Alberto Romero\u00a0 Hora cero\u00a0 Fernando P\u00e9rez Vega fue ejecutado en la carretera Veracruz-Xalapa el pasado domingo. En torno a esos hechos llam\u00f3 la atenci\u00f3n la declaraci\u00f3n del gobernador Cuitl\u00e1huac Garc\u00eda sobre los presuntos v\u00ednculos del ex candidato del partido Fuerza por M\u00e9xico a la alcald\u00eda de Coxquihui con la delincuencia organizada.&nbsp; En medios informativos [&hellip;]","og_url":"https:\/\/lospoliticosveracruz.com\/?p=101606","og_site_name":"Los pol\u00edticos Veracruz","article_publisher":"https:\/\/www.facebook.com\/people\/Notimemes-de-los-Polticos\/61565672886568\/","article_published_time":"2023-01-25T14:52:07+00:00","article_modified_time":"2023-01-25T14:52:11+00:00","og_image":[{"width":200,"height":200,"url":"https:\/\/lospoliticosveracruz.com\/wp-content\/uploads\/2016\/07\/Logo-Dor.jpg","type":"image\/jpeg"}],"author":"Lo viste en Los Pol\u00edticos","twitter_card":"summary_large_image","twitter_creator":"@LosPoliticosVer","twitter_site":"@LosPoliticosVer","twitter_misc":{"Escrito por":"Lo viste en Los Pol\u00edticos","Tiempo de lectura":"3 minutos"},"schema":{"@context":"https:\/\/schema.org","@graph":[{"@type":"Article","@id":"https:\/\/lospoliticosveracruz.com\/?p=101606#article","isPartOf":{"@id":"https:\/\/lospoliticosveracruz.com\/?p=101606"},"author":{"name":"Lo viste en Los Pol\u00edticos","@id":"https:\/\/lospoliticosveracruz.com\/#\/schema\/person\/b8702bb0e538456e6efd07080bf2a4a2"},"headline":"EL PINO Y FUERZA POR M\u00c9XICO&nbsp;","datePublished":"2023-01-25T14:52:07+00:00","dateModified":"2023-01-25T14:52:11+00:00","mainEntityOfPage":{"@id":"https:\/\/lospoliticosveracruz.com\/?p=101606"},"wordCount":566,"publisher":{"@id":"https:\/\/lospoliticosveracruz.com\/#organization"},"keywords":["Fuerza por M\u00e9xico","Luis Alberto Romero","Tato Vega Yunes"],"articleSection":["De Opini\u00f3n"],"inLanguage":"es"},{"@type":"WebPage","@id":"https:\/\/lospoliticosveracruz.com\/?p=101606","url":"https:\/\/lospoliticosveracruz.com\/?p=101606","name":"EL PINO Y FUERZA POR M\u00c9XICO&nbsp; - Los pol\u00edticos Veracruz","isPartOf":{"@id":"https:\/\/lospoliticosveracruz.com\/#website"},"datePublished":"2023-01-25T14:52:07+00:00","dateModified":"2023-01-25T14:52:11+00:00","breadcrumb":{"@id":"https:\/\/lospoliticosveracruz.com\/?p=101606#breadcrumb"},"inLanguage":"es","potentialAction":[{"@type":"ReadAction","target":["https:\/\/lospoliticosveracruz.com\/?p=101606"]}]},{"@type":"BreadcrumbList","@id":"https:\/\/lospoliticosveracruz.com\/?p=101606#breadcrumb","itemListElement":[{"@type":"ListItem","position":1,"name":"Portada","item":"https:\/\/lospoliticosveracruz.com\/"},{"@type":"ListItem","position":2,"name":"EL PINO Y FUERZA POR M\u00c9XICO&nbsp;"}]},{"@type":"WebSite","@id":"https:\/\/lospoliticosveracruz.com\/#website","url":"https:\/\/lospoliticosveracruz.com\/","name":"Los pol\u00edticos Veracruz","description":"","publisher":{"@id":"https:\/\/lospoliticosveracruz.com\/#organization"},"potentialAction":[{"@type":"SearchAction","target":{"@type":"EntryPoint","urlTemplate":"https:\/\/lospoliticosveracruz.com\/?s={search_term_string}"},"query-input":{"@type":"PropertyValueSpecification","valueRequired":true,"valueName":"search_term_string"}}],"inLanguage":"es"},{"@type":"Organization","@id":"https:\/\/lospoliticosveracruz.com\/#organization","name":"Los pol\u00edticos Veracruz","url":"https:\/\/lospoliticosveracruz.com\/","logo":{"@type":"ImageObject","inLanguage":"es","@id":"https:\/\/lospoliticosveracruz.com\/#\/schema\/logo\/image\/","url":"https:\/\/lospoliticosveracruz.com\/wp-content\/uploads\/2025\/12\/Logo-Nuevo-LOS-POLITICOS-1.jpg","contentUrl":"https:\/\/lospoliticosveracruz.com\/wp-content\/uploads\/2025\/12\/Logo-Nuevo-LOS-POLITICOS-1.jpg","width":260,"height":70,"caption":"Los pol\u00edticos Veracruz"},"image":{"@id":"https:\/\/lospoliticosveracruz.com\/#\/schema\/logo\/image\/"},"sameAs":["https:\/\/www.facebook.com\/people\/Notimemes-de-los-Polticos\/61565672886568\/","https:\/\/x.com\/LosPoliticosVer"]},{"@type":"Person","@id":"https:\/\/lospoliticosveracruz.com\/#\/schema\/person\/b8702bb0e538456e6efd07080bf2a4a2","name":"Lo viste en Los Pol\u00edticos","image":{"@type":"ImageObject","inLanguage":"es","@id":"https:\/\/secure.gravatar.com\/avatar\/3a8de04a2656d44082be478bd6c086daa447c4651605818287b9532d3d0bd435?s=96&d=mm&r=g","url":"https:\/\/secure.gravatar.com\/avatar\/3a8de04a2656d44082be478bd6c086daa447c4651605818287b9532d3d0bd435?s=96&d=mm&r=g","contentUrl":"https:\/\/secure.gravatar.com\/avatar\/3a8de04a2656d44082be478bd6c086daa447c4651605818287b9532d3d0bd435?s=96&d=mm&r=g","caption":"Lo viste en Los Pol\u00edticos"},"url":"https:\/\/lospoliticosveracruz.com\/?author=2"}]}},"_links":{"self":[{"href":"https:\/\/lospoliticosveracruz.com\/index.php?rest_route=\/wp\/v2\/posts\/101606","targetHints":{"allow":["GET"]}}],"collection":[{"href":"https:\/\/lospoliticosveracruz.com\/index.php?rest_route=\/wp\/v2\/posts"}],"about":[{"href":"https:\/\/lospoliticosveracruz.com\/index.php?rest_route=\/wp\/v2\/types\/post"}],"author":[{"embeddable":true,"href":"https:\/\/lospoliticosveracruz.com\/index.php?rest_route=\/wp\/v2\/users\/2"}],"replies":[{"embeddable":true,"href":"https:\/\/lospoliticosveracruz.com\/index.php?rest_route=%2Fwp%2Fv2%2Fcomments&post=101606"}],"version-history":[{"count":1,"href":"https:\/\/lospoliticosveracruz.com\/index.php?rest_route=\/wp\/v2\/posts\/101606\/revisions"}],"predecessor-version":[{"id":101608,"href":"https:\/\/lospoliticosveracruz.com\/index.php?rest_route=\/wp\/v2\/posts\/101606\/revisions\/101608"}],"wp:attachment":[{"href":"https:\/\/lospoliticosveracruz.com\/index.php?rest_route=%2Fwp%2Fv2%2Fmedia&parent=101606"}],"wp:term":[{"taxonomy":"category","embeddable":true,"href":"https:\/\/lospoliticosveracruz.com\/index.php?rest_route=%2Fwp%2Fv2%2Fcategories&post=101606"},{"taxonomy":"post_tag","embeddable":true,"href":"https:\/\/lospoliticosveracruz.com\/index.php?rest_route=%2Fwp%2Fv2%2Ftags&post=101606"}],"curies":[{"name":"wp","href":"https:\/\/api.w.org\/{rel}","templated":true}]}}