{"id":101757,"date":"2023-01-27T10:54:25","date_gmt":"2023-01-27T16:54:25","guid":{"rendered":"https:\/\/lospoliticosveracruz.com.mx\/?p=101757"},"modified":"2023-01-27T10:54:31","modified_gmt":"2023-01-27T16:54:31","slug":"caso-resuelto","status":"publish","type":"post","link":"https:\/\/lospoliticosveracruz.com\/?p=101757","title":{"rendered":"CASO RESUELTO&nbsp;"},"content":{"rendered":"\n<p><strong>Teresa Carbajal<\/strong><\/p>\n\n\n\n<p><em>Debo, no niego; pago, lo justo\u00a0<\/em><\/p>\n\n\n\n<p>Despu\u00e9s de tres a\u00f1os de angustia, la p\u00e9rdida de su actividad comercial por cierre de su negocio a causa de la pandemia del Covid-19, un juicio mercantil en contra y todas sus cuentas bancarias congeladas Enrique ha recuperado la tranquilidad al haber llegado a un acuerdo justo de pago con el Banco.<\/p>\n\n\n\n<p>Enrique, nombre falso usado para proteger su verdadera identidad es un comerciante Xalape\u00f1o acreditado por su trabajo; un cliente bancario que durante a\u00f1os observ\u00f3 un impecable comportamiento en el manejo de sus cuentas por cuyo motivo fue \u201cpremiado\u201d por el banco al seleccionarlo como beneficiario de un cr\u00e9dito dirigido a peque\u00f1as y medianas empresas.<\/p>\n\n\n\n<p>A fines del a\u00f1o dos mil diecinueve, y sin saber lo que el destino nos deparar\u00eda a todos en ese fat\u00eddico dos mil veinte con la llegada de una emergencia sanitaria que dar\u00eda lugar al cierre de comercios que fueron clasificados como no esenciales, recibi\u00f3 un cr\u00e9dito que en circunstancias normales habr\u00eda pagado sin ning\u00fan problema.<\/p>\n\n\n\n<p>Pero con el dos mil veinte lleg\u00f3 tambi\u00e9n la noticia de que deb\u00eda cerrar su negocio de manera total haciendo la espera para reabrir insoportable, pues acab\u00f3 con sus ahorros para mantener el pago de obligaciones patronales, fiscales, renta, servicios p\u00fablicos, el sueldo de sus empleados -a quienes no pod\u00eda dejar en la calle de la noche a la ma\u00f1ana-, la manutenci\u00f3n de sus peque\u00f1os hijos y un hecho que agrav\u00f3 la situaci\u00f3n que lo fue padecer la enfermedad.<\/p>\n\n\n\n<p>El apoyo que recibi\u00f3 del Banco fue diferir los pagos por un lapso que se qued\u00f3 corto en comparaci\u00f3n con los tiempos que le llevar\u00eda recuperarse; una vez agotado no hubo raz\u00f3n que hiciera entender al departamento de cobranzas que a\u00fan le era pr\u00e1cticamente imposible pagar la mensualidad prometida, no por falta de voluntad sino por falta de dinero.<\/p>\n\n\n\n<p>As\u00ed fue que un d\u00eda le lleg\u00f3 la noticia de que los pocos fondos que le quedaban en una cuenta bancaria hab\u00edan sido retenidos es decir \u201ccongelados\u201d por una autoridad judicial no importando que no fuera en ese banco en donde ten\u00eda el adeudo, pues la orden hab\u00eda sido girada para localizar y retener el dinero que tuviera depositado en cualquier cuenta que estuviera a su nombre en cualquier instituci\u00f3n crediticia del sistema financiero formal.<\/p>\n\n\n\n<p>A los pocos d\u00edas lleg\u00f3 tambi\u00e9n la noticia que cualquier veh\u00edculo que tuviera a su nombre quedaba inmovilizado, con orden de no permitir cambio de propietario; y d\u00edas despu\u00e9s recibi\u00f3 la visita en su domicilio de un actuario judicial y un abogado de cobranzas del banco para requerirle el pago total y en una exhibici\u00f3n de la deuda, y que para el caso de no hacerlo seria embargado en los bienes que tuviera (aparte de lo que ya le hab\u00eda sido afectado).<\/p>\n\n\n\n<p>\u00bfEs esta la forma en que debe tratarse a un cliente bancario cumplido ca\u00eddo en desgracia por una causa mas que evidente y justificada, que en su momento le hizo imposible pagar?<\/p>\n\n\n\n<p>El cuestionamiento no tiene que ver \u00fanicamente con los Bancos que operan en nuestro pa\u00eds, a quienes se les justifica con que \u201csu negocio es prestar dinero\u201d y que su ganancia son los intereses.<\/p>\n\n\n\n<p>Sino a la desprotecci\u00f3n absoluta en la que nos encontramos como ciudadanos, ante la falta de leyes justas y autoridades competentes que nos defiendan de la voracidad de los bancos y prestamistas de cuello blanco.<\/p>\n\n\n\n<p>A quienes s\u00ed se les da herramientas y derechos sobrados para actuar sobre el patrimonio de la clase trabajadora de los que no han podido recuperar sus ventas y su estabilidad despu\u00e9s de haber sobrevivido a las quiebras y p\u00e9rdidas que ocasion\u00f3 la pandemia.<\/p>\n\n\n\n<p>Pues, \u00a1\u00bfQu\u00e9 es eso de poder congelar cuentas, inmovilizar todo tipo de bienes y aparte contar con el derecho de continuar embargando m\u00e1s bienes hasta ahorcar, acorralar y dar muerte bancaria a quienes no puedan pagar en los t\u00e9rminos que lo requieren los Bancos?!<\/p>\n\n\n\n<p>Con esas medidas y garant\u00edas sobradas, por supuesto que no les apura pensar en programas que ayuden verdaderamente a quienes necesitan modificar mensualidades para retomar el cumplimiento de sus cr\u00e9ditos.<\/p>\n\n\n\n<p>Afortunadamente Enrique se acerc\u00f3 a tiempo al Barz\u00f3n y con el acompa\u00f1amiento necesario logramos resolver su caso y firmar un acuerdo justo de pago dando as\u00ed por concluida la demanda en el juzgado.<\/p>\n\n\n\n<p>Preocupa y ocupa el hecho de saber que, aunque el caso est\u00e1 resuelto, no as\u00ed el problema pues resultan excesivas y totalmente injustas las medidas de presi\u00f3n para quienes, de momento, no pueden pagar.<\/p>\n\n\n\n<p>\u00danase ya, a la Jornada Estatal para la Defensa del Patrimonio Familiar 2281148502 visite&nbsp;&nbsp;www.elbarzonrc.org Contacte elbarzonrc@yahoo.com.mx, O s\u00edgame en @terecarbajal<\/p>\n","protected":false},"excerpt":{"rendered":"<p>Teresa Carbajal Debo, no niego; pago, lo justo\u00a0 Despu\u00e9s de tres a\u00f1os de angustia, la p\u00e9rdida de su actividad comercial por cierre de su negocio a causa de la pandemia del Covid-19, un juicio mercantil en contra y todas sus cuentas bancarias congeladas Enrique ha recuperado la tranquilidad al haber llegado a un acuerdo justo [&hellip;]<\/p>\n","protected":false},"author":2,"featured_media":0,"comment_status":"closed","ping_status":"closed","sticky":false,"template":"","format":"standard","meta":{"tdm_status":"","tdm_grid_status":"","footnotes":""},"categories":[70],"tags":[595,16325,15570],"class_list":{"0":"post-101757","1":"post","2":"type-post","3":"status-publish","4":"format-standard","6":"category-de-opinion","7":"tag-deuda","8":"tag-juicio-mercantil","9":"tag-teresa-carbajal"},"yoast_head":"<!-- This site is optimized with the Yoast SEO plugin v27.4 - https:\/\/yoast.com\/product\/yoast-seo-wordpress\/ -->\n<title>CASO RESUELTO&nbsp; - Los pol\u00edticos Veracruz<\/title>\n<meta name=\"robots\" content=\"index, follow, max-snippet:-1, max-image-preview:large, max-video-preview:-1\" \/>\n<link rel=\"canonical\" href=\"https:\/\/lospoliticosveracruz.com\/?p=101757\" \/>\n<meta property=\"og:locale\" content=\"es_ES\" \/>\n<meta property=\"og:type\" content=\"article\" \/>\n<meta property=\"og:title\" content=\"CASO RESUELTO&nbsp; - Los pol\u00edticos Veracruz\" \/>\n<meta property=\"og:description\" content=\"Teresa Carbajal Debo, no niego; pago, lo justo\u00a0 Despu\u00e9s de tres a\u00f1os de angustia, la p\u00e9rdida de su actividad comercial por cierre de su negocio a causa de la pandemia del Covid-19, un juicio mercantil en contra y todas sus cuentas bancarias congeladas Enrique ha recuperado la tranquilidad al haber llegado a un acuerdo justo [&hellip;]\" \/>\n<meta property=\"og:url\" content=\"https:\/\/lospoliticosveracruz.com\/?p=101757\" \/>\n<meta property=\"og:site_name\" content=\"Los pol\u00edticos Veracruz\" \/>\n<meta property=\"article:publisher\" content=\"https:\/\/www.facebook.com\/people\/Notimemes-de-los-Polticos\/61565672886568\/\" \/>\n<meta property=\"article:published_time\" content=\"2023-01-27T16:54:25+00:00\" \/>\n<meta property=\"article:modified_time\" content=\"2023-01-27T16:54:31+00:00\" \/>\n<meta property=\"og:image\" content=\"https:\/\/lospoliticosveracruz.com\/wp-content\/uploads\/2016\/07\/Logo-Dor.jpg\" \/>\n\t<meta property=\"og:image:width\" content=\"200\" \/>\n\t<meta property=\"og:image:height\" content=\"200\" \/>\n\t<meta property=\"og:image:type\" content=\"image\/jpeg\" \/>\n<meta name=\"author\" content=\"Lo viste en Los Pol\u00edticos\" \/>\n<meta name=\"twitter:card\" content=\"summary_large_image\" \/>\n<meta name=\"twitter:creator\" content=\"@LosPoliticosVer\" \/>\n<meta name=\"twitter:site\" content=\"@LosPoliticosVer\" \/>\n<meta name=\"twitter:label1\" content=\"Escrito por\" \/>\n\t<meta name=\"twitter:data1\" content=\"Lo viste en Los Pol\u00edticos\" \/>\n\t<meta name=\"twitter:label2\" content=\"Tiempo de lectura\" \/>\n\t<meta name=\"twitter:data2\" content=\"4 minutos\" \/>\n<script type=\"application\/ld+json\" class=\"yoast-schema-graph\">{\"@context\":\"https:\\\/\\\/schema.org\",\"@graph\":[{\"@type\":\"Article\",\"@id\":\"https:\\\/\\\/lospoliticosveracruz.com\\\/?p=101757#article\",\"isPartOf\":{\"@id\":\"https:\\\/\\\/lospoliticosveracruz.com\\\/?p=101757\"},\"author\":{\"name\":\"Lo viste en Los Pol\u00edticos\",\"@id\":\"https:\\\/\\\/lospoliticosveracruz.com\\\/#\\\/schema\\\/person\\\/b8702bb0e538456e6efd07080bf2a4a2\"},\"headline\":\"CASO RESUELTO&nbsp;\",\"datePublished\":\"2023-01-27T16:54:25+00:00\",\"dateModified\":\"2023-01-27T16:54:31+00:00\",\"mainEntityOfPage\":{\"@id\":\"https:\\\/\\\/lospoliticosveracruz.com\\\/?p=101757\"},\"wordCount\":833,\"publisher\":{\"@id\":\"https:\\\/\\\/lospoliticosveracruz.com\\\/#organization\"},\"keywords\":[\"deuda\",\"juicio mercantil\",\"Teresa Carbajal\"],\"articleSection\":[\"De Opini\u00f3n\"],\"inLanguage\":\"es\"},{\"@type\":\"WebPage\",\"@id\":\"https:\\\/\\\/lospoliticosveracruz.com\\\/?p=101757\",\"url\":\"https:\\\/\\\/lospoliticosveracruz.com\\\/?p=101757\",\"name\":\"CASO RESUELTO&nbsp; - Los pol\u00edticos Veracruz\",\"isPartOf\":{\"@id\":\"https:\\\/\\\/lospoliticosveracruz.com\\\/#website\"},\"datePublished\":\"2023-01-27T16:54:25+00:00\",\"dateModified\":\"2023-01-27T16:54:31+00:00\",\"breadcrumb\":{\"@id\":\"https:\\\/\\\/lospoliticosveracruz.com\\\/?p=101757#breadcrumb\"},\"inLanguage\":\"es\",\"potentialAction\":[{\"@type\":\"ReadAction\",\"target\":[\"https:\\\/\\\/lospoliticosveracruz.com\\\/?p=101757\"]}]},{\"@type\":\"BreadcrumbList\",\"@id\":\"https:\\\/\\\/lospoliticosveracruz.com\\\/?p=101757#breadcrumb\",\"itemListElement\":[{\"@type\":\"ListItem\",\"position\":1,\"name\":\"Portada\",\"item\":\"https:\\\/\\\/lospoliticosveracruz.com\\\/\"},{\"@type\":\"ListItem\",\"position\":2,\"name\":\"CASO RESUELTO&nbsp;\"}]},{\"@type\":\"WebSite\",\"@id\":\"https:\\\/\\\/lospoliticosveracruz.com\\\/#website\",\"url\":\"https:\\\/\\\/lospoliticosveracruz.com\\\/\",\"name\":\"Los pol\u00edticos Veracruz\",\"description\":\"\",\"publisher\":{\"@id\":\"https:\\\/\\\/lospoliticosveracruz.com\\\/#organization\"},\"potentialAction\":[{\"@type\":\"SearchAction\",\"target\":{\"@type\":\"EntryPoint\",\"urlTemplate\":\"https:\\\/\\\/lospoliticosveracruz.com\\\/?s={search_term_string}\"},\"query-input\":{\"@type\":\"PropertyValueSpecification\",\"valueRequired\":true,\"valueName\":\"search_term_string\"}}],\"inLanguage\":\"es\"},{\"@type\":\"Organization\",\"@id\":\"https:\\\/\\\/lospoliticosveracruz.com\\\/#organization\",\"name\":\"Los pol\u00edticos Veracruz\",\"url\":\"https:\\\/\\\/lospoliticosveracruz.com\\\/\",\"logo\":{\"@type\":\"ImageObject\",\"inLanguage\":\"es\",\"@id\":\"https:\\\/\\\/lospoliticosveracruz.com\\\/#\\\/schema\\\/logo\\\/image\\\/\",\"url\":\"https:\\\/\\\/lospoliticosveracruz.com\\\/wp-content\\\/uploads\\\/2025\\\/12\\\/Logo-Nuevo-LOS-POLITICOS-1.jpg\",\"contentUrl\":\"https:\\\/\\\/lospoliticosveracruz.com\\\/wp-content\\\/uploads\\\/2025\\\/12\\\/Logo-Nuevo-LOS-POLITICOS-1.jpg\",\"width\":260,\"height\":70,\"caption\":\"Los pol\u00edticos Veracruz\"},\"image\":{\"@id\":\"https:\\\/\\\/lospoliticosveracruz.com\\\/#\\\/schema\\\/logo\\\/image\\\/\"},\"sameAs\":[\"https:\\\/\\\/www.facebook.com\\\/people\\\/Notimemes-de-los-Polticos\\\/61565672886568\\\/\",\"https:\\\/\\\/x.com\\\/LosPoliticosVer\"]},{\"@type\":\"Person\",\"@id\":\"https:\\\/\\\/lospoliticosveracruz.com\\\/#\\\/schema\\\/person\\\/b8702bb0e538456e6efd07080bf2a4a2\",\"name\":\"Lo viste en Los Pol\u00edticos\",\"image\":{\"@type\":\"ImageObject\",\"inLanguage\":\"es\",\"@id\":\"https:\\\/\\\/secure.gravatar.com\\\/avatar\\\/3a8de04a2656d44082be478bd6c086daa447c4651605818287b9532d3d0bd435?s=96&d=mm&r=g\",\"url\":\"https:\\\/\\\/secure.gravatar.com\\\/avatar\\\/3a8de04a2656d44082be478bd6c086daa447c4651605818287b9532d3d0bd435?s=96&d=mm&r=g\",\"contentUrl\":\"https:\\\/\\\/secure.gravatar.com\\\/avatar\\\/3a8de04a2656d44082be478bd6c086daa447c4651605818287b9532d3d0bd435?s=96&d=mm&r=g\",\"caption\":\"Lo viste en Los Pol\u00edticos\"},\"url\":\"https:\\\/\\\/lospoliticosveracruz.com\\\/?author=2\"}]}<\/script>\n<!-- \/ Yoast SEO plugin. -->","yoast_head_json":{"title":"CASO RESUELTO&nbsp; - Los pol\u00edticos Veracruz","robots":{"index":"index","follow":"follow","max-snippet":"max-snippet:-1","max-image-preview":"max-image-preview:large","max-video-preview":"max-video-preview:-1"},"canonical":"https:\/\/lospoliticosveracruz.com\/?p=101757","og_locale":"es_ES","og_type":"article","og_title":"CASO RESUELTO&nbsp; - Los pol\u00edticos Veracruz","og_description":"Teresa Carbajal Debo, no niego; pago, lo justo\u00a0 Despu\u00e9s de tres a\u00f1os de angustia, la p\u00e9rdida de su actividad comercial por cierre de su negocio a causa de la pandemia del Covid-19, un juicio mercantil en contra y todas sus cuentas bancarias congeladas Enrique ha recuperado la tranquilidad al haber llegado a un acuerdo justo [&hellip;]","og_url":"https:\/\/lospoliticosveracruz.com\/?p=101757","og_site_name":"Los pol\u00edticos Veracruz","article_publisher":"https:\/\/www.facebook.com\/people\/Notimemes-de-los-Polticos\/61565672886568\/","article_published_time":"2023-01-27T16:54:25+00:00","article_modified_time":"2023-01-27T16:54:31+00:00","og_image":[{"width":200,"height":200,"url":"https:\/\/lospoliticosveracruz.com\/wp-content\/uploads\/2016\/07\/Logo-Dor.jpg","type":"image\/jpeg"}],"author":"Lo viste en Los Pol\u00edticos","twitter_card":"summary_large_image","twitter_creator":"@LosPoliticosVer","twitter_site":"@LosPoliticosVer","twitter_misc":{"Escrito por":"Lo viste en Los Pol\u00edticos","Tiempo de lectura":"4 minutos"},"schema":{"@context":"https:\/\/schema.org","@graph":[{"@type":"Article","@id":"https:\/\/lospoliticosveracruz.com\/?p=101757#article","isPartOf":{"@id":"https:\/\/lospoliticosveracruz.com\/?p=101757"},"author":{"name":"Lo viste en Los Pol\u00edticos","@id":"https:\/\/lospoliticosveracruz.com\/#\/schema\/person\/b8702bb0e538456e6efd07080bf2a4a2"},"headline":"CASO RESUELTO&nbsp;","datePublished":"2023-01-27T16:54:25+00:00","dateModified":"2023-01-27T16:54:31+00:00","mainEntityOfPage":{"@id":"https:\/\/lospoliticosveracruz.com\/?p=101757"},"wordCount":833,"publisher":{"@id":"https:\/\/lospoliticosveracruz.com\/#organization"},"keywords":["deuda","juicio mercantil","Teresa Carbajal"],"articleSection":["De Opini\u00f3n"],"inLanguage":"es"},{"@type":"WebPage","@id":"https:\/\/lospoliticosveracruz.com\/?p=101757","url":"https:\/\/lospoliticosveracruz.com\/?p=101757","name":"CASO RESUELTO&nbsp; - Los pol\u00edticos Veracruz","isPartOf":{"@id":"https:\/\/lospoliticosveracruz.com\/#website"},"datePublished":"2023-01-27T16:54:25+00:00","dateModified":"2023-01-27T16:54:31+00:00","breadcrumb":{"@id":"https:\/\/lospoliticosveracruz.com\/?p=101757#breadcrumb"},"inLanguage":"es","potentialAction":[{"@type":"ReadAction","target":["https:\/\/lospoliticosveracruz.com\/?p=101757"]}]},{"@type":"BreadcrumbList","@id":"https:\/\/lospoliticosveracruz.com\/?p=101757#breadcrumb","itemListElement":[{"@type":"ListItem","position":1,"name":"Portada","item":"https:\/\/lospoliticosveracruz.com\/"},{"@type":"ListItem","position":2,"name":"CASO RESUELTO&nbsp;"}]},{"@type":"WebSite","@id":"https:\/\/lospoliticosveracruz.com\/#website","url":"https:\/\/lospoliticosveracruz.com\/","name":"Los pol\u00edticos Veracruz","description":"","publisher":{"@id":"https:\/\/lospoliticosveracruz.com\/#organization"},"potentialAction":[{"@type":"SearchAction","target":{"@type":"EntryPoint","urlTemplate":"https:\/\/lospoliticosveracruz.com\/?s={search_term_string}"},"query-input":{"@type":"PropertyValueSpecification","valueRequired":true,"valueName":"search_term_string"}}],"inLanguage":"es"},{"@type":"Organization","@id":"https:\/\/lospoliticosveracruz.com\/#organization","name":"Los pol\u00edticos Veracruz","url":"https:\/\/lospoliticosveracruz.com\/","logo":{"@type":"ImageObject","inLanguage":"es","@id":"https:\/\/lospoliticosveracruz.com\/#\/schema\/logo\/image\/","url":"https:\/\/lospoliticosveracruz.com\/wp-content\/uploads\/2025\/12\/Logo-Nuevo-LOS-POLITICOS-1.jpg","contentUrl":"https:\/\/lospoliticosveracruz.com\/wp-content\/uploads\/2025\/12\/Logo-Nuevo-LOS-POLITICOS-1.jpg","width":260,"height":70,"caption":"Los pol\u00edticos Veracruz"},"image":{"@id":"https:\/\/lospoliticosveracruz.com\/#\/schema\/logo\/image\/"},"sameAs":["https:\/\/www.facebook.com\/people\/Notimemes-de-los-Polticos\/61565672886568\/","https:\/\/x.com\/LosPoliticosVer"]},{"@type":"Person","@id":"https:\/\/lospoliticosveracruz.com\/#\/schema\/person\/b8702bb0e538456e6efd07080bf2a4a2","name":"Lo viste en Los Pol\u00edticos","image":{"@type":"ImageObject","inLanguage":"es","@id":"https:\/\/secure.gravatar.com\/avatar\/3a8de04a2656d44082be478bd6c086daa447c4651605818287b9532d3d0bd435?s=96&d=mm&r=g","url":"https:\/\/secure.gravatar.com\/avatar\/3a8de04a2656d44082be478bd6c086daa447c4651605818287b9532d3d0bd435?s=96&d=mm&r=g","contentUrl":"https:\/\/secure.gravatar.com\/avatar\/3a8de04a2656d44082be478bd6c086daa447c4651605818287b9532d3d0bd435?s=96&d=mm&r=g","caption":"Lo viste en Los Pol\u00edticos"},"url":"https:\/\/lospoliticosveracruz.com\/?author=2"}]}},"_links":{"self":[{"href":"https:\/\/lospoliticosveracruz.com\/index.php?rest_route=\/wp\/v2\/posts\/101757","targetHints":{"allow":["GET"]}}],"collection":[{"href":"https:\/\/lospoliticosveracruz.com\/index.php?rest_route=\/wp\/v2\/posts"}],"about":[{"href":"https:\/\/lospoliticosveracruz.com\/index.php?rest_route=\/wp\/v2\/types\/post"}],"author":[{"embeddable":true,"href":"https:\/\/lospoliticosveracruz.com\/index.php?rest_route=\/wp\/v2\/users\/2"}],"replies":[{"embeddable":true,"href":"https:\/\/lospoliticosveracruz.com\/index.php?rest_route=%2Fwp%2Fv2%2Fcomments&post=101757"}],"version-history":[{"count":1,"href":"https:\/\/lospoliticosveracruz.com\/index.php?rest_route=\/wp\/v2\/posts\/101757\/revisions"}],"predecessor-version":[{"id":101758,"href":"https:\/\/lospoliticosveracruz.com\/index.php?rest_route=\/wp\/v2\/posts\/101757\/revisions\/101758"}],"wp:attachment":[{"href":"https:\/\/lospoliticosveracruz.com\/index.php?rest_route=%2Fwp%2Fv2%2Fmedia&parent=101757"}],"wp:term":[{"taxonomy":"category","embeddable":true,"href":"https:\/\/lospoliticosveracruz.com\/index.php?rest_route=%2Fwp%2Fv2%2Fcategories&post=101757"},{"taxonomy":"post_tag","embeddable":true,"href":"https:\/\/lospoliticosveracruz.com\/index.php?rest_route=%2Fwp%2Fv2%2Ftags&post=101757"}],"curies":[{"name":"wp","href":"https:\/\/api.w.org\/{rel}","templated":true}]}}