{"id":101774,"date":"2023-01-28T08:56:30","date_gmt":"2023-01-28T14:56:30","guid":{"rendered":"https:\/\/lospoliticosveracruz.com.mx\/?p=101774"},"modified":"2023-01-28T08:56:41","modified_gmt":"2023-01-28T14:56:41","slug":"unanue-candidato","status":"publish","type":"post","link":"https:\/\/lospoliticosveracruz.com\/?p=101774","title":{"rendered":"UNANUE, \u00bfCANDIDATO?"},"content":{"rendered":"\n<p><strong>Ricardo Ch\u00faa<\/strong><\/p>\n\n\n\n<p><em>Sale y Vale<\/em><\/p>\n\n\n\n<p>El candidato m\u00e1s fuerte para ser el candidato al Senado por el PAN para el 2024 es el alcalde de Boca del R\u00edo, Juan Manuel Unanue Abascal.. Es el mun\u00edcipe que mejor n\u00fameros tiene en las encuestas internas panistas y tambi\u00e9n en los sondeos hechos con la sociedad civil&#8230; As\u00ed que al menos para el panismo, ya tienen un \u00abgallo\u00bb m\u00e1s para buscar este cargo de elecci\u00f3n popular&#8230; Si hay alianza opositora con PRI y PRD, la decisi\u00f3n ser\u00e1 ya de estos partidos y por el tema de g\u00e9nero&#8230;<\/p>\n\n\n\n<p><a href=\"https:\/\/youtu.be\/Nxe-vxf8GuY\"><\/a><\/p>\n\n\n\n<figure class=\"wp-block-embed is-type-video is-provider-youtube wp-block-embed-youtube wp-embed-aspect-16-9 wp-has-aspect-ratio\"><div class=\"wp-block-embed__wrapper\">\n<iframe loading=\"lazy\" title=\"Cluster Coworking\" width=\"696\" height=\"392\" src=\"https:\/\/www.youtube.com\/embed\/Nxe-vxf8GuY?feature=oembed\" frameborder=\"0\" allow=\"accelerometer; autoplay; clipboard-write; encrypted-media; gyroscope; picture-in-picture; web-share\" referrerpolicy=\"strict-origin-when-cross-origin\" allowfullscreen><\/iframe>\n<\/div><\/figure>\n\n\n\n<p>El caso es que a Unanue, lo est\u00e1n comparando como un s\u00edmil m\u00e1s joven con su \u00abtocayo\u00bb de Orizaba, el priista, Juan Manuel D\u00edez Francos.. Se\u00f1alan que tiene una visi\u00f3n empresarial sobre lo que se tiene que convertir Boca del R\u00edo en los pr\u00f3ximos a\u00f1os.. Tal como lo tuvo \u00abEl Emperador\u00bb con Orizaba.. Y es que Unanue adem\u00e1s de tener proyecci\u00f3n pol\u00edtica, no est\u00e1 peleado con nadie y que siempre da paso a la negociaci\u00f3n que al pleito&#8230; Habr\u00e1 que ver si decide participar en el 2024 por un esca\u00f1o en Paseo de Reforma en CDMX.. \u00abGALLO\u00bb YA ES&#8230;&nbsp; &nbsp;<\/p>\n\n\n\n<p>AHUED, \u00bfEL PLAN B DE AD\u00c1N EN VERACRUZ?&#8230; \u00abGarganta Profunda\u00bb revel\u00f3 que un personaje que puede SER EL GANADOR de la candidatura a gobernador por MORENA en Veracruz en 2024, despu\u00e9s de la visita del secretario de Gobernaci\u00f3n, Ad\u00e1n Augusto L\u00f3pez, a Veracruz el pasado martes, es el alcalde de Xalapa y senador con licencia, Ricardo Ahued&#8230; Ya que si por alguna raz\u00f3n el tema de Sergio Guti\u00e9rrez, no llegar\u00e1 a caminar, el \u00abRey del Pl\u00e1stico\u00bb podr\u00eda ser el PLAN B del poderoso hombre del Palacio de Bucareli&#8230;&nbsp;<\/p>\n\n\n\n<p>El motivo es que la primera y \u00fanica opci\u00f3n que tiene Ad\u00e1n Augusto es Sergio Guti\u00e9rrez Luna, eso qued\u00f3 claro el martes pasado&#8230; Pero en la idea del titular de Gobernaci\u00f3n federal no se encuentra Roc\u00edo Nahle, ella s\u00f3lo ser\u00e1 si AMLO as\u00ed lo quiere&#8230; Tampoco el tabasque\u00f1o trae en la mente a los locales&#8230; Y, por sus relaciones en el Senado y con Ricardo Monreal.. Si Sergio no es candidato, lo ser\u00eda Ricardo Ahued&#8230; As\u00ed que calladito, se mantiene en la pelea y de \u00abrebote\u00bb le puede caer esta nominaci\u00f3n&#8230; Tal como le pas\u00f3 a Cuitl\u00e1huac Garc\u00eda..&nbsp;<\/p>\n\n\n\n<p>As\u00ed que con la visita de Ad\u00e1n Augusto en Veracruz&#8230; El gran ganador puede ser Ricardo Ahued adem\u00e1s de Sergio Guti\u00e9rrez Luna&#8230; Pero OJO el tema aqu\u00ed ser\u00eda, es que Ahued tendr\u00eda que iniciar su precampa\u00f1a pero acuerpado de la izquierda hist\u00f3rica veracruzana.. Esa \u00abvieja izquierda\u00bb que con ideas, pero que no est\u00e1 sometida al poder estatal de Cuitl\u00e1huac Garc\u00eda, tiene su vigencia y trayectoria en Veracruz&#8230; Craso error cometer\u00eda Ricardo Ahued si pretende salir al \u00abcampo\u00bb de batalla con su equipo de pri\u00edstas que conforman su gabinete municipal&#8230;<\/p>\n\n\n\n<p>Los que saben del tema es que, seg\u00fan, los grupos antag\u00f3nicos a Cuitl\u00e1huac Garc\u00eda dentro de MORENA&#8230; Se\u00f1alan que hay mucha \u00abtela de d\u00f3nde cortar\u00bb en el territorio veracruzano para poder hacer el traje a la medida con otro candidato a gobernador, distinto a los que gobiernan actualmente la entidad&#8230; De que Veracruz necesita un \u00abvestuario\u00bb nuevo y dejar atr\u00e1s a las \u00abbotargas\u00bb y a los pol\u00edticos de \u00abtombolas\u00bb que ahora tienen el mando del gobierno&#8230;&nbsp;<\/p>\n\n\n\n<p>Ya que seg\u00fan desde CDMX se ha tomado la decisi\u00f3n que en Veracruz, se necesita dar ese \u00abgolpe de tim\u00f3n\u00bb que dirija el \u00abbarco\u00bb a buen puerto&#8230; Ya que en Palacio Nacional tienen la certeza pol\u00edtica de que en esta entidad, se avecinan \u00abaguas turbulentas\u00bb&#8230; Por ello, es que Veracruz necesita buenos marinos con br\u00fajula en la mano para llevar a Veracruz a \u00abnuevos\u00bb rumbos, muy distintos y distantes de los que lo llevaron, aquellos que lo manejaron por estos 6 a\u00f1os.. .<\/p>\n\n\n\n<p>Esto porque, dicen algunos que la se\u00f1ora de la Energ\u00eda en M\u00e9xico.. Parece que ya no genera \u00abcalor\u00bb pol\u00edtico, ni el sur, donde ten\u00eda dominado a MORENA y a los alcaldes de toda esa regi\u00f3n.. Se sabe qu\u00e9 sus correligionarios sure\u00f1os lucen apagados, empezando por qui\u00e9n gobierna la alcald\u00eda de Puerto M\u00e9xico, Amado Cruz Malpica&#8230; En su momento, todo el sur con sus municipios eran orgullo por la Petroqu\u00edmica, ahora, se encuentra desmantelado, no por este gobierno sino por los anteriores, pero la 4T prometi\u00f3 impulsar y fue solo \u00abcirco maroma y teatro\u00bb<\/p>\n\n\n\n<p>El caso es que el actual sistema pol\u00edtico mexicano.. Creen que haciendo \u00abma\u00f1aneras\u00bb se construye una sociedad&#8230;. Lo cual es una mala \u00f3ptica, la transformaci\u00f3n se hace con acciones que la beneficien.. Y si no, ya lo ver\u00e1n en Veracruz.. Ya que el \u00abpueblo bueno y sabio\u00bb podr\u00e1 votar por un cambio&#8230; S\u00f3lo hay que esperar que en la oposici\u00f3n se \u00abenciendan motores\u00bb y que la batalla se inicie.. Veremos cu\u00e1ntos \u00abgallos y gallinas\u00bb habr\u00e1 con \u00abnavajas\u00bb afiladas para la contienda y cuales salen herida y sin br\u00fajula que la oriente.,, LA GUERRA COMENZ\u00d3..&nbsp;<\/p>\n\n\n\n<p>PD PVEM&#8230; Nos cuentan que para el tema de Javier Herrera Borunda, en caso de lograr la candidatura al Senado por Veracruz por la alianza con MORENA y PT&#8230; Su coordinador de campa\u00f1a y de toda la estructura en la entidad, ser\u00e1 Alberto \u00abEl Cisne\u00bb Silva Ramos&#8230; Este personaje es el que dar\u00e1 la cara para llevar la campa\u00f1a del hijo de su \u00abhacedor\u00bb pol\u00edtico.. Pero que detr\u00e1s de \u00e9l, traer\u00e1 a las \u00abhuestes\u00bb de operadores pol\u00edticos de San Luis Potos\u00ed, que por \u00f3rdenes del gobernador, Ricardo \u00abEl Pollo\u00bb Gallardo, vendr\u00e1n a operar a Veracruz&#8230;<\/p>\n\n\n\n<p>Lo que quieren los altos mandos del PVEM nacional y los gobernadores de este partido es que gane Javier para que este organismo ub n va crezca pol\u00edticamente y ellos puedan ser como partido la tercera fuerza electoral en M\u00e9xico para el 2024&#8230; A pesar de que saben que en Veracruz puede encontrar alg\u00fan tipo de \u00abbloqueos\u00bb, pero ellos ya est\u00e1n echados para adelante&#8230; Por eso, es que se arma \u00abEl Cachorro Fiel\u00bb con un \u00abCisne\u00bb y un \u00abPollo\u00bb a su favor&#8230; Aves que no vuelan mucho, pero que tienen estilo.. BON VIVANT&#8230; DIOS NOS AMPARE&#8230;<\/p>\n","protected":false},"excerpt":{"rendered":"<p>Ricardo Ch\u00faa Sale y Vale El candidato m\u00e1s fuerte para ser el candidato al Senado por el PAN para el 2024 es el alcalde de Boca del R\u00edo, Juan Manuel Unanue Abascal.. Es el mun\u00edcipe que mejor n\u00fameros tiene en las encuestas internas panistas y tambi\u00e9n en los sondeos hechos con la sociedad civil&#8230; As\u00ed [&hellip;]<\/p>\n","protected":false},"author":2,"featured_media":0,"comment_status":"closed","ping_status":"closed","sticky":false,"template":"","format":"standard","meta":{"tdm_status":"","tdm_grid_status":"","footnotes":""},"categories":[70],"tags":[1563,1124,26576,1026,2812,13604,3578,16147,195],"class_list":{"0":"post-101774","1":"post","2":"type-post","3":"status-publish","4":"format-standard","6":"category-de-opinion","7":"tag-cuitlahuac-garcia-jimenez","8":"tag-javier-herrera-borunda","9":"tag-juan-manuel-diez-francos-2","10":"tag-morena","11":"tag-ricardo-ahued-bardahuil","12":"tag-ricardo-chua","13":"tag-rocio-nahle","14":"tag-sergio-gutierrez-luna","15":"tag-veracruz"},"yoast_head":"<!-- This site is optimized with the Yoast SEO plugin v27.4 - https:\/\/yoast.com\/product\/yoast-seo-wordpress\/ -->\n<title>UNANUE, \u00bfCANDIDATO? - Los pol\u00edticos Veracruz<\/title>\n<meta name=\"robots\" content=\"index, follow, max-snippet:-1, max-image-preview:large, max-video-preview:-1\" \/>\n<link rel=\"canonical\" href=\"https:\/\/lospoliticosveracruz.com\/?p=101774\" \/>\n<meta property=\"og:locale\" content=\"es_ES\" \/>\n<meta property=\"og:type\" content=\"article\" \/>\n<meta property=\"og:title\" content=\"UNANUE, \u00bfCANDIDATO? - Los pol\u00edticos Veracruz\" \/>\n<meta property=\"og:description\" content=\"Ricardo Ch\u00faa Sale y Vale El candidato m\u00e1s fuerte para ser el candidato al Senado por el PAN para el 2024 es el alcalde de Boca del R\u00edo, Juan Manuel Unanue Abascal.. Es el mun\u00edcipe que mejor n\u00fameros tiene en las encuestas internas panistas y tambi\u00e9n en los sondeos hechos con la sociedad civil&#8230; As\u00ed [&hellip;]\" \/>\n<meta property=\"og:url\" content=\"https:\/\/lospoliticosveracruz.com\/?p=101774\" \/>\n<meta property=\"og:site_name\" content=\"Los pol\u00edticos Veracruz\" \/>\n<meta property=\"article:publisher\" content=\"https:\/\/www.facebook.com\/people\/Notimemes-de-los-Polticos\/61565672886568\/\" \/>\n<meta property=\"article:published_time\" content=\"2023-01-28T14:56:30+00:00\" \/>\n<meta property=\"article:modified_time\" content=\"2023-01-28T14:56:41+00:00\" \/>\n<meta property=\"og:image\" content=\"https:\/\/lospoliticosveracruz.com\/wp-content\/uploads\/2016\/07\/Logo-Dor.jpg\" \/>\n\t<meta property=\"og:image:width\" content=\"200\" \/>\n\t<meta property=\"og:image:height\" content=\"200\" \/>\n\t<meta property=\"og:image:type\" content=\"image\/jpeg\" \/>\n<meta name=\"author\" content=\"Lo viste en Los Pol\u00edticos\" \/>\n<meta name=\"twitter:card\" content=\"summary_large_image\" \/>\n<meta name=\"twitter:creator\" content=\"@LosPoliticosVer\" \/>\n<meta name=\"twitter:site\" content=\"@LosPoliticosVer\" \/>\n<meta name=\"twitter:label1\" content=\"Escrito por\" \/>\n\t<meta name=\"twitter:data1\" content=\"Lo viste en Los Pol\u00edticos\" \/>\n\t<meta name=\"twitter:label2\" content=\"Tiempo de lectura\" \/>\n\t<meta name=\"twitter:data2\" content=\"6 minutos\" \/>\n<script type=\"application\/ld+json\" class=\"yoast-schema-graph\">{\"@context\":\"https:\\\/\\\/schema.org\",\"@graph\":[{\"@type\":\"Article\",\"@id\":\"https:\\\/\\\/lospoliticosveracruz.com\\\/?p=101774#article\",\"isPartOf\":{\"@id\":\"https:\\\/\\\/lospoliticosveracruz.com\\\/?p=101774\"},\"author\":{\"name\":\"Lo viste en Los Pol\u00edticos\",\"@id\":\"https:\\\/\\\/lospoliticosveracruz.com\\\/#\\\/schema\\\/person\\\/b8702bb0e538456e6efd07080bf2a4a2\"},\"headline\":\"UNANUE, \u00bfCANDIDATO?\",\"datePublished\":\"2023-01-28T14:56:30+00:00\",\"dateModified\":\"2023-01-28T14:56:41+00:00\",\"mainEntityOfPage\":{\"@id\":\"https:\\\/\\\/lospoliticosveracruz.com\\\/?p=101774\"},\"wordCount\":1110,\"publisher\":{\"@id\":\"https:\\\/\\\/lospoliticosveracruz.com\\\/#organization\"},\"keywords\":[\"Cuitl\u00e1huac Garc\u00eda Jim\u00e9nez\",\"Javier Herrera Borunda\",\"Juan Manuel D\u00edez Francos\",\"Morena\",\"Ricardo Ahued Bardahuil\",\"Ricardo Ch\u00faa\",\"Roc\u00edo Nahle\",\"Sergio Guti\u00e9rrez Luna\",\"Veracruz\"],\"articleSection\":[\"De Opini\u00f3n\"],\"inLanguage\":\"es\"},{\"@type\":\"WebPage\",\"@id\":\"https:\\\/\\\/lospoliticosveracruz.com\\\/?p=101774\",\"url\":\"https:\\\/\\\/lospoliticosveracruz.com\\\/?p=101774\",\"name\":\"UNANUE, \u00bfCANDIDATO? - Los pol\u00edticos Veracruz\",\"isPartOf\":{\"@id\":\"https:\\\/\\\/lospoliticosveracruz.com\\\/#website\"},\"datePublished\":\"2023-01-28T14:56:30+00:00\",\"dateModified\":\"2023-01-28T14:56:41+00:00\",\"breadcrumb\":{\"@id\":\"https:\\\/\\\/lospoliticosveracruz.com\\\/?p=101774#breadcrumb\"},\"inLanguage\":\"es\",\"potentialAction\":[{\"@type\":\"ReadAction\",\"target\":[\"https:\\\/\\\/lospoliticosveracruz.com\\\/?p=101774\"]}]},{\"@type\":\"BreadcrumbList\",\"@id\":\"https:\\\/\\\/lospoliticosveracruz.com\\\/?p=101774#breadcrumb\",\"itemListElement\":[{\"@type\":\"ListItem\",\"position\":1,\"name\":\"Portada\",\"item\":\"https:\\\/\\\/lospoliticosveracruz.com\\\/\"},{\"@type\":\"ListItem\",\"position\":2,\"name\":\"UNANUE, \u00bfCANDIDATO?\"}]},{\"@type\":\"WebSite\",\"@id\":\"https:\\\/\\\/lospoliticosveracruz.com\\\/#website\",\"url\":\"https:\\\/\\\/lospoliticosveracruz.com\\\/\",\"name\":\"Los pol\u00edticos Veracruz\",\"description\":\"\",\"publisher\":{\"@id\":\"https:\\\/\\\/lospoliticosveracruz.com\\\/#organization\"},\"potentialAction\":[{\"@type\":\"SearchAction\",\"target\":{\"@type\":\"EntryPoint\",\"urlTemplate\":\"https:\\\/\\\/lospoliticosveracruz.com\\\/?s={search_term_string}\"},\"query-input\":{\"@type\":\"PropertyValueSpecification\",\"valueRequired\":true,\"valueName\":\"search_term_string\"}}],\"inLanguage\":\"es\"},{\"@type\":\"Organization\",\"@id\":\"https:\\\/\\\/lospoliticosveracruz.com\\\/#organization\",\"name\":\"Los pol\u00edticos Veracruz\",\"url\":\"https:\\\/\\\/lospoliticosveracruz.com\\\/\",\"logo\":{\"@type\":\"ImageObject\",\"inLanguage\":\"es\",\"@id\":\"https:\\\/\\\/lospoliticosveracruz.com\\\/#\\\/schema\\\/logo\\\/image\\\/\",\"url\":\"https:\\\/\\\/lospoliticosveracruz.com\\\/wp-content\\\/uploads\\\/2025\\\/12\\\/Logo-Nuevo-LOS-POLITICOS-1.jpg\",\"contentUrl\":\"https:\\\/\\\/lospoliticosveracruz.com\\\/wp-content\\\/uploads\\\/2025\\\/12\\\/Logo-Nuevo-LOS-POLITICOS-1.jpg\",\"width\":260,\"height\":70,\"caption\":\"Los pol\u00edticos Veracruz\"},\"image\":{\"@id\":\"https:\\\/\\\/lospoliticosveracruz.com\\\/#\\\/schema\\\/logo\\\/image\\\/\"},\"sameAs\":[\"https:\\\/\\\/www.facebook.com\\\/people\\\/Notimemes-de-los-Polticos\\\/61565672886568\\\/\",\"https:\\\/\\\/x.com\\\/LosPoliticosVer\"]},{\"@type\":\"Person\",\"@id\":\"https:\\\/\\\/lospoliticosveracruz.com\\\/#\\\/schema\\\/person\\\/b8702bb0e538456e6efd07080bf2a4a2\",\"name\":\"Lo viste en Los Pol\u00edticos\",\"image\":{\"@type\":\"ImageObject\",\"inLanguage\":\"es\",\"@id\":\"https:\\\/\\\/secure.gravatar.com\\\/avatar\\\/3a8de04a2656d44082be478bd6c086daa447c4651605818287b9532d3d0bd435?s=96&d=mm&r=g\",\"url\":\"https:\\\/\\\/secure.gravatar.com\\\/avatar\\\/3a8de04a2656d44082be478bd6c086daa447c4651605818287b9532d3d0bd435?s=96&d=mm&r=g\",\"contentUrl\":\"https:\\\/\\\/secure.gravatar.com\\\/avatar\\\/3a8de04a2656d44082be478bd6c086daa447c4651605818287b9532d3d0bd435?s=96&d=mm&r=g\",\"caption\":\"Lo viste en Los Pol\u00edticos\"},\"url\":\"https:\\\/\\\/lospoliticosveracruz.com\\\/?author=2\"}]}<\/script>\n<!-- \/ Yoast SEO plugin. -->","yoast_head_json":{"title":"UNANUE, \u00bfCANDIDATO? - Los pol\u00edticos Veracruz","robots":{"index":"index","follow":"follow","max-snippet":"max-snippet:-1","max-image-preview":"max-image-preview:large","max-video-preview":"max-video-preview:-1"},"canonical":"https:\/\/lospoliticosveracruz.com\/?p=101774","og_locale":"es_ES","og_type":"article","og_title":"UNANUE, \u00bfCANDIDATO? - Los pol\u00edticos Veracruz","og_description":"Ricardo Ch\u00faa Sale y Vale El candidato m\u00e1s fuerte para ser el candidato al Senado por el PAN para el 2024 es el alcalde de Boca del R\u00edo, Juan Manuel Unanue Abascal.. Es el mun\u00edcipe que mejor n\u00fameros tiene en las encuestas internas panistas y tambi\u00e9n en los sondeos hechos con la sociedad civil&#8230; As\u00ed [&hellip;]","og_url":"https:\/\/lospoliticosveracruz.com\/?p=101774","og_site_name":"Los pol\u00edticos Veracruz","article_publisher":"https:\/\/www.facebook.com\/people\/Notimemes-de-los-Polticos\/61565672886568\/","article_published_time":"2023-01-28T14:56:30+00:00","article_modified_time":"2023-01-28T14:56:41+00:00","og_image":[{"width":200,"height":200,"url":"https:\/\/lospoliticosveracruz.com\/wp-content\/uploads\/2016\/07\/Logo-Dor.jpg","type":"image\/jpeg"}],"author":"Lo viste en Los Pol\u00edticos","twitter_card":"summary_large_image","twitter_creator":"@LosPoliticosVer","twitter_site":"@LosPoliticosVer","twitter_misc":{"Escrito por":"Lo viste en Los Pol\u00edticos","Tiempo de lectura":"6 minutos"},"schema":{"@context":"https:\/\/schema.org","@graph":[{"@type":"Article","@id":"https:\/\/lospoliticosveracruz.com\/?p=101774#article","isPartOf":{"@id":"https:\/\/lospoliticosveracruz.com\/?p=101774"},"author":{"name":"Lo viste en Los Pol\u00edticos","@id":"https:\/\/lospoliticosveracruz.com\/#\/schema\/person\/b8702bb0e538456e6efd07080bf2a4a2"},"headline":"UNANUE, \u00bfCANDIDATO?","datePublished":"2023-01-28T14:56:30+00:00","dateModified":"2023-01-28T14:56:41+00:00","mainEntityOfPage":{"@id":"https:\/\/lospoliticosveracruz.com\/?p=101774"},"wordCount":1110,"publisher":{"@id":"https:\/\/lospoliticosveracruz.com\/#organization"},"keywords":["Cuitl\u00e1huac Garc\u00eda Jim\u00e9nez","Javier Herrera Borunda","Juan Manuel D\u00edez Francos","Morena","Ricardo Ahued Bardahuil","Ricardo Ch\u00faa","Roc\u00edo Nahle","Sergio Guti\u00e9rrez Luna","Veracruz"],"articleSection":["De Opini\u00f3n"],"inLanguage":"es"},{"@type":"WebPage","@id":"https:\/\/lospoliticosveracruz.com\/?p=101774","url":"https:\/\/lospoliticosveracruz.com\/?p=101774","name":"UNANUE, \u00bfCANDIDATO? - Los pol\u00edticos Veracruz","isPartOf":{"@id":"https:\/\/lospoliticosveracruz.com\/#website"},"datePublished":"2023-01-28T14:56:30+00:00","dateModified":"2023-01-28T14:56:41+00:00","breadcrumb":{"@id":"https:\/\/lospoliticosveracruz.com\/?p=101774#breadcrumb"},"inLanguage":"es","potentialAction":[{"@type":"ReadAction","target":["https:\/\/lospoliticosveracruz.com\/?p=101774"]}]},{"@type":"BreadcrumbList","@id":"https:\/\/lospoliticosveracruz.com\/?p=101774#breadcrumb","itemListElement":[{"@type":"ListItem","position":1,"name":"Portada","item":"https:\/\/lospoliticosveracruz.com\/"},{"@type":"ListItem","position":2,"name":"UNANUE, \u00bfCANDIDATO?"}]},{"@type":"WebSite","@id":"https:\/\/lospoliticosveracruz.com\/#website","url":"https:\/\/lospoliticosveracruz.com\/","name":"Los pol\u00edticos Veracruz","description":"","publisher":{"@id":"https:\/\/lospoliticosveracruz.com\/#organization"},"potentialAction":[{"@type":"SearchAction","target":{"@type":"EntryPoint","urlTemplate":"https:\/\/lospoliticosveracruz.com\/?s={search_term_string}"},"query-input":{"@type":"PropertyValueSpecification","valueRequired":true,"valueName":"search_term_string"}}],"inLanguage":"es"},{"@type":"Organization","@id":"https:\/\/lospoliticosveracruz.com\/#organization","name":"Los pol\u00edticos Veracruz","url":"https:\/\/lospoliticosveracruz.com\/","logo":{"@type":"ImageObject","inLanguage":"es","@id":"https:\/\/lospoliticosveracruz.com\/#\/schema\/logo\/image\/","url":"https:\/\/lospoliticosveracruz.com\/wp-content\/uploads\/2025\/12\/Logo-Nuevo-LOS-POLITICOS-1.jpg","contentUrl":"https:\/\/lospoliticosveracruz.com\/wp-content\/uploads\/2025\/12\/Logo-Nuevo-LOS-POLITICOS-1.jpg","width":260,"height":70,"caption":"Los pol\u00edticos Veracruz"},"image":{"@id":"https:\/\/lospoliticosveracruz.com\/#\/schema\/logo\/image\/"},"sameAs":["https:\/\/www.facebook.com\/people\/Notimemes-de-los-Polticos\/61565672886568\/","https:\/\/x.com\/LosPoliticosVer"]},{"@type":"Person","@id":"https:\/\/lospoliticosveracruz.com\/#\/schema\/person\/b8702bb0e538456e6efd07080bf2a4a2","name":"Lo viste en Los Pol\u00edticos","image":{"@type":"ImageObject","inLanguage":"es","@id":"https:\/\/secure.gravatar.com\/avatar\/3a8de04a2656d44082be478bd6c086daa447c4651605818287b9532d3d0bd435?s=96&d=mm&r=g","url":"https:\/\/secure.gravatar.com\/avatar\/3a8de04a2656d44082be478bd6c086daa447c4651605818287b9532d3d0bd435?s=96&d=mm&r=g","contentUrl":"https:\/\/secure.gravatar.com\/avatar\/3a8de04a2656d44082be478bd6c086daa447c4651605818287b9532d3d0bd435?s=96&d=mm&r=g","caption":"Lo viste en Los Pol\u00edticos"},"url":"https:\/\/lospoliticosveracruz.com\/?author=2"}]}},"_links":{"self":[{"href":"https:\/\/lospoliticosveracruz.com\/index.php?rest_route=\/wp\/v2\/posts\/101774","targetHints":{"allow":["GET"]}}],"collection":[{"href":"https:\/\/lospoliticosveracruz.com\/index.php?rest_route=\/wp\/v2\/posts"}],"about":[{"href":"https:\/\/lospoliticosveracruz.com\/index.php?rest_route=\/wp\/v2\/types\/post"}],"author":[{"embeddable":true,"href":"https:\/\/lospoliticosveracruz.com\/index.php?rest_route=\/wp\/v2\/users\/2"}],"replies":[{"embeddable":true,"href":"https:\/\/lospoliticosveracruz.com\/index.php?rest_route=%2Fwp%2Fv2%2Fcomments&post=101774"}],"version-history":[{"count":1,"href":"https:\/\/lospoliticosveracruz.com\/index.php?rest_route=\/wp\/v2\/posts\/101774\/revisions"}],"predecessor-version":[{"id":101776,"href":"https:\/\/lospoliticosveracruz.com\/index.php?rest_route=\/wp\/v2\/posts\/101774\/revisions\/101776"}],"wp:attachment":[{"href":"https:\/\/lospoliticosveracruz.com\/index.php?rest_route=%2Fwp%2Fv2%2Fmedia&parent=101774"}],"wp:term":[{"taxonomy":"category","embeddable":true,"href":"https:\/\/lospoliticosveracruz.com\/index.php?rest_route=%2Fwp%2Fv2%2Fcategories&post=101774"},{"taxonomy":"post_tag","embeddable":true,"href":"https:\/\/lospoliticosveracruz.com\/index.php?rest_route=%2Fwp%2Fv2%2Ftags&post=101774"}],"curies":[{"name":"wp","href":"https:\/\/api.w.org\/{rel}","templated":true}]}}