{"id":101807,"date":"2023-01-30T07:17:40","date_gmt":"2023-01-30T13:17:40","guid":{"rendered":"https:\/\/lospoliticosveracruz.com.mx\/?p=101807"},"modified":"2023-01-30T07:17:45","modified_gmt":"2023-01-30T13:17:45","slug":"maquillaje","status":"publish","type":"post","link":"https:\/\/lospoliticosveracruz.com\/?p=101807","title":{"rendered":"MAQUILLAJE"},"content":{"rendered":"\n<p><strong>Guadalupe H. Mar<\/strong><\/p>\n\n\n\n<p><em>Mira Pol\u00edtica<\/em>\u00a0<\/p>\n\n\n\n<p>A MODO \u2026 En octubre del a\u00f1o pasado, antes de que fuera renunciado como secretario de Seguridad P\u00fablica el abogado oriundo del estado de Nuevo Le\u00f3n, Hugo Guti\u00e9rrez Maldonado, se presum\u00eda que la entidad veracruzana era la segunda m\u00e1s segura en el pa\u00eds, porque registraba una de las cifras m\u00e1s bajas en incidencia delictiva.<\/p>\n\n\n\n<p>Un mes despu\u00e9s, en noviembre de 2022, quien fuera designado como nuevo titular de esa secretar\u00eda, el capit\u00e1n nativo del vecino estado de Oaxaca, Cuauht\u00e9moc Z\u00fa\u00f1iga Bonilla al comparecer ante la LXVI Legislatura veracruzana por la Glosa del IV Informe de Gobierno, expuso que Veracruz est\u00e1 consolidado entre las 10 entidades m\u00e1s seguras del pa\u00eds, ya no la segunda.<\/p>\n\n\n\n<p><a href=\"https:\/\/youtu.be\/Nxe-vxf8GuY\"><\/a><\/p>\n\n\n\n<figure class=\"wp-block-embed is-type-video is-provider-youtube wp-block-embed-youtube wp-embed-aspect-16-9 wp-has-aspect-ratio\"><div class=\"wp-block-embed__wrapper\">\n<iframe loading=\"lazy\" title=\"Cluster Coworking\" width=\"696\" height=\"392\" src=\"https:\/\/www.youtube.com\/embed\/Nxe-vxf8GuY?feature=oembed\" frameborder=\"0\" allow=\"accelerometer; autoplay; clipboard-write; encrypted-media; gyroscope; picture-in-picture; web-share\" referrerpolicy=\"strict-origin-when-cross-origin\" allowfullscreen><\/iframe>\n<\/div><\/figure>\n\n\n\n<p>De un mes a otro y del uno al 10, Veracruz ya era la s\u00e9ptima entidad federativa m\u00e1s segura del pa\u00eds, luego de la extra\u00f1a salida del neolon\u00e9s secretario de Seguridad P\u00fablica, Hugo Guti\u00e9rrez Maldonado.<\/p>\n\n\n\n<p>Por ello amables lectoras y lectores, dejaron de presumirse aquellos anuncios espectaculares colocados a orilla de las carreteras que llevan a la capital del estado, en los cuales se le\u00eda: \u201cVeracruz es el segundo estado m\u00e1s seguro de M\u00e9xico\u201d, pues fueron sustituidos por el de \u201cVeracruz entre las 10 entidades m\u00e1s seguras del pa\u00eds\u201d.<\/p>\n\n\n\n<p>Ello obviamente genera desconfianza, pues del segundo al s\u00e9ptimo hay mucha diferencia.<\/p>\n\n\n\n<p>Buscando por aqu\u00ed y por all\u00e1 en la inmensidad de la red de redes, nos encontramos con que la medici\u00f3n que hacen para determinar que Veracruz se encuentra entre las 10 entidades m\u00e1s seguras del pa\u00eds, al igual que se hizo para asegurar que \u00e9ramos el segundo estado con mayor seguridad de la rep\u00fablica mexicana, era con base en datos por cada 100 mil habitantes, lo cual sesga un tanto la informaci\u00f3n, pues no olvidemos que la poblaci\u00f3n veracruzana es la cuarta m\u00e1s numerosa de la rep\u00fablica mexicana, lo que diluye las cifras absolutas.<\/p>\n\n\n\n<p>Por eso, a quien acusa a los medios de comunicaci\u00f3n de exagerar, habr\u00eda que se\u00f1alarle que tambi\u00e9n de all\u00e1 para ac\u00e1 se exagera.<\/p>\n\n\n\n<p>El punto, amables lectoras y lectores, es que el manejo de cifras a modo genera desconfianza, pues lo primero que se piensa es que las cifras se maquillan y eso m\u00e1s que certeza, genera desconfianza.<\/p>\n\n\n\n<p>CORRIGEN LA PLANA \u2026 Hace unos d\u00edas la Corte Interamericana de Derechos Humanos (CorteIDH) declar\u00f3 que la figura del arraigo contemplada en la Constituci\u00f3n Pol\u00edtica de los Estados Unidos Mexicanos, es contraria a la Convenci\u00f3n Americana de las Personas Investigadas o Procesadas por alg\u00fan Delito, con lo cual obliga a esa entelequia llamada Estado mexicano y a sus \u00f3rganos de procuraci\u00f3n de justicia a evitar utilizarla.<\/p>\n\n\n\n<p>La figura jur\u00eddica del arraigo fue introducida en la Constituci\u00f3n mexicana en el a\u00f1o 2008, como una medida preventiva para privar de libertad a personas sospechosas de pertenecer al crimen organizado.<\/p>\n\n\n\n<p>Por ello, desde hace 14 a\u00f1os y a propuesta del entonces presidente de la rep\u00fablica Felipe de Jes\u00fas Calder\u00f3n Hinojosa, la figura jur\u00eddica del arraigo en nuestro pa\u00eds, permite detenciones sin juicio y sin acusaci\u00f3n por hasta 80 d\u00edas, con fines investigativos. El arraigo, amables lectoras y lectores, est\u00e1 previsto en el art\u00edculo 16 de la Constituci\u00f3n Pol\u00edtica de los Estados Unidos Mexicanos.<\/p>\n\n\n\n<p>EL DE ATR\u00c1S PAGA \u2026 No est\u00e1n ustedes para saberlo, pero la Secretar\u00eda estatal de Medio Ambiente donde el titular es el ingeniero qu\u00edmico Juan Carlos Contreras Bautista, est\u00e1 aplicando la aburridora a cerca de una decena de juicios laborales promovidos por el mismo n\u00famero de ex empleados de la Sedema que fueron corridos al inicio de la actual administraci\u00f3n estatal.<\/p>\n\n\n\n<p>Aun cuando ya se determin\u00f3 la reinstalaci\u00f3n y pago de salarios ca\u00eddos a los empleados demandantes, los del \u00e1rea jur\u00eddica de la Sedema se escudan en el argumento simplista de que no estaban enterados de los casos, por lo que no reinstalan y mucho menos pagan los salarios ca\u00eddos, a pesar que algunos se ganen v\u00eda amparos.<\/p>\n\n\n\n<p>La pretensi\u00f3n de los abogados de la Secretar\u00eda estatal de Medio Ambiente es alargar estos asuntos para heredarlos al gobierno que sea elegido en 2024.<\/p>\n\n\n\n<p>D\u00cdGALO SIN MIEDO \u2026 Al correo electr\u00f3nico guadalupehmar@yahoo.com<\/p>\n","protected":false},"excerpt":{"rendered":"<p>Guadalupe H. Mar Mira Pol\u00edtica\u00a0 A MODO \u2026 En octubre del a\u00f1o pasado, antes de que fuera renunciado como secretario de Seguridad P\u00fablica el abogado oriundo del estado de Nuevo Le\u00f3n, Hugo Guti\u00e9rrez Maldonado, se presum\u00eda que la entidad veracruzana era la segunda m\u00e1s segura en el pa\u00eds, porque registraba una de las cifras m\u00e1s [&hellip;]<\/p>\n","protected":false},"author":2,"featured_media":0,"comment_status":"closed","ping_status":"closed","sticky":false,"template":"","format":"standard","meta":{"tdm_status":"","tdm_grid_status":"","footnotes":""},"categories":[70],"tags":[15981,1606,13303,29118,1243,37061],"class_list":{"0":"post-101807","1":"post","2":"type-post","3":"status-publish","4":"format-standard","6":"category-de-opinion","7":"tag-cuauhtemoc-zuniga-bonilla","8":"tag-guadalupe-h-mar","9":"tag-hugo-gutierrez-maldonado","10":"tag-juan-carlos-contreras-bautista","11":"tag-nuevo-leon","12":"tag-secretaria-estatal-de-medio-ambiente"},"yoast_head":"<!-- This site is optimized with the Yoast SEO plugin v27.4 - https:\/\/yoast.com\/product\/yoast-seo-wordpress\/ -->\n<title>MAQUILLAJE - Los pol\u00edticos Veracruz<\/title>\n<meta name=\"robots\" content=\"index, follow, max-snippet:-1, max-image-preview:large, max-video-preview:-1\" \/>\n<link rel=\"canonical\" href=\"https:\/\/lospoliticosveracruz.com\/?p=101807\" \/>\n<meta property=\"og:locale\" content=\"es_ES\" \/>\n<meta property=\"og:type\" content=\"article\" \/>\n<meta property=\"og:title\" content=\"MAQUILLAJE - Los pol\u00edticos Veracruz\" \/>\n<meta property=\"og:description\" content=\"Guadalupe H. Mar Mira Pol\u00edtica\u00a0 A MODO \u2026 En octubre del a\u00f1o pasado, antes de que fuera renunciado como secretario de Seguridad P\u00fablica el abogado oriundo del estado de Nuevo Le\u00f3n, Hugo Guti\u00e9rrez Maldonado, se presum\u00eda que la entidad veracruzana era la segunda m\u00e1s segura en el pa\u00eds, porque registraba una de las cifras m\u00e1s [&hellip;]\" \/>\n<meta property=\"og:url\" content=\"https:\/\/lospoliticosveracruz.com\/?p=101807\" \/>\n<meta property=\"og:site_name\" content=\"Los pol\u00edticos Veracruz\" \/>\n<meta property=\"article:publisher\" content=\"https:\/\/www.facebook.com\/people\/Notimemes-de-los-Polticos\/61565672886568\/\" \/>\n<meta property=\"article:published_time\" content=\"2023-01-30T13:17:40+00:00\" \/>\n<meta property=\"article:modified_time\" content=\"2023-01-30T13:17:45+00:00\" \/>\n<meta property=\"og:image\" content=\"https:\/\/lospoliticosveracruz.com\/wp-content\/uploads\/2016\/07\/Logo-Dor.jpg\" \/>\n\t<meta property=\"og:image:width\" content=\"200\" \/>\n\t<meta property=\"og:image:height\" content=\"200\" \/>\n\t<meta property=\"og:image:type\" content=\"image\/jpeg\" \/>\n<meta name=\"author\" content=\"Lo viste en Los Pol\u00edticos\" \/>\n<meta name=\"twitter:card\" content=\"summary_large_image\" \/>\n<meta name=\"twitter:creator\" content=\"@LosPoliticosVer\" \/>\n<meta name=\"twitter:site\" content=\"@LosPoliticosVer\" \/>\n<meta name=\"twitter:label1\" content=\"Escrito por\" \/>\n\t<meta name=\"twitter:data1\" content=\"Lo viste en Los Pol\u00edticos\" \/>\n\t<meta name=\"twitter:label2\" content=\"Tiempo de lectura\" \/>\n\t<meta name=\"twitter:data2\" content=\"4 minutos\" \/>\n<script type=\"application\/ld+json\" class=\"yoast-schema-graph\">{\"@context\":\"https:\\\/\\\/schema.org\",\"@graph\":[{\"@type\":\"Article\",\"@id\":\"https:\\\/\\\/lospoliticosveracruz.com\\\/?p=101807#article\",\"isPartOf\":{\"@id\":\"https:\\\/\\\/lospoliticosveracruz.com\\\/?p=101807\"},\"author\":{\"name\":\"Lo viste en Los Pol\u00edticos\",\"@id\":\"https:\\\/\\\/lospoliticosveracruz.com\\\/#\\\/schema\\\/person\\\/b8702bb0e538456e6efd07080bf2a4a2\"},\"headline\":\"MAQUILLAJE\",\"datePublished\":\"2023-01-30T13:17:40+00:00\",\"dateModified\":\"2023-01-30T13:17:45+00:00\",\"mainEntityOfPage\":{\"@id\":\"https:\\\/\\\/lospoliticosveracruz.com\\\/?p=101807\"},\"wordCount\":752,\"publisher\":{\"@id\":\"https:\\\/\\\/lospoliticosveracruz.com\\\/#organization\"},\"keywords\":[\"Cuauht\u00e9moc Z\u00fa\u00f1iga Bonilla\",\"Guadalupe H. Mar\",\"Hugo Guti\u00e9rrez Maldonado\",\"Juan Carlos Contreras Bautista\",\"Nuevo Le\u00f3n\",\"Secretar\u00eda estatal de Medio Ambiente\"],\"articleSection\":[\"De Opini\u00f3n\"],\"inLanguage\":\"es\"},{\"@type\":\"WebPage\",\"@id\":\"https:\\\/\\\/lospoliticosveracruz.com\\\/?p=101807\",\"url\":\"https:\\\/\\\/lospoliticosveracruz.com\\\/?p=101807\",\"name\":\"MAQUILLAJE - Los pol\u00edticos Veracruz\",\"isPartOf\":{\"@id\":\"https:\\\/\\\/lospoliticosveracruz.com\\\/#website\"},\"datePublished\":\"2023-01-30T13:17:40+00:00\",\"dateModified\":\"2023-01-30T13:17:45+00:00\",\"breadcrumb\":{\"@id\":\"https:\\\/\\\/lospoliticosveracruz.com\\\/?p=101807#breadcrumb\"},\"inLanguage\":\"es\",\"potentialAction\":[{\"@type\":\"ReadAction\",\"target\":[\"https:\\\/\\\/lospoliticosveracruz.com\\\/?p=101807\"]}]},{\"@type\":\"BreadcrumbList\",\"@id\":\"https:\\\/\\\/lospoliticosveracruz.com\\\/?p=101807#breadcrumb\",\"itemListElement\":[{\"@type\":\"ListItem\",\"position\":1,\"name\":\"Portada\",\"item\":\"https:\\\/\\\/lospoliticosveracruz.com\\\/\"},{\"@type\":\"ListItem\",\"position\":2,\"name\":\"MAQUILLAJE\"}]},{\"@type\":\"WebSite\",\"@id\":\"https:\\\/\\\/lospoliticosveracruz.com\\\/#website\",\"url\":\"https:\\\/\\\/lospoliticosveracruz.com\\\/\",\"name\":\"Los pol\u00edticos Veracruz\",\"description\":\"\",\"publisher\":{\"@id\":\"https:\\\/\\\/lospoliticosveracruz.com\\\/#organization\"},\"potentialAction\":[{\"@type\":\"SearchAction\",\"target\":{\"@type\":\"EntryPoint\",\"urlTemplate\":\"https:\\\/\\\/lospoliticosveracruz.com\\\/?s={search_term_string}\"},\"query-input\":{\"@type\":\"PropertyValueSpecification\",\"valueRequired\":true,\"valueName\":\"search_term_string\"}}],\"inLanguage\":\"es\"},{\"@type\":\"Organization\",\"@id\":\"https:\\\/\\\/lospoliticosveracruz.com\\\/#organization\",\"name\":\"Los pol\u00edticos Veracruz\",\"url\":\"https:\\\/\\\/lospoliticosveracruz.com\\\/\",\"logo\":{\"@type\":\"ImageObject\",\"inLanguage\":\"es\",\"@id\":\"https:\\\/\\\/lospoliticosveracruz.com\\\/#\\\/schema\\\/logo\\\/image\\\/\",\"url\":\"https:\\\/\\\/lospoliticosveracruz.com\\\/wp-content\\\/uploads\\\/2025\\\/12\\\/Logo-Nuevo-LOS-POLITICOS-1.jpg\",\"contentUrl\":\"https:\\\/\\\/lospoliticosveracruz.com\\\/wp-content\\\/uploads\\\/2025\\\/12\\\/Logo-Nuevo-LOS-POLITICOS-1.jpg\",\"width\":260,\"height\":70,\"caption\":\"Los pol\u00edticos Veracruz\"},\"image\":{\"@id\":\"https:\\\/\\\/lospoliticosveracruz.com\\\/#\\\/schema\\\/logo\\\/image\\\/\"},\"sameAs\":[\"https:\\\/\\\/www.facebook.com\\\/people\\\/Notimemes-de-los-Polticos\\\/61565672886568\\\/\",\"https:\\\/\\\/x.com\\\/LosPoliticosVer\"]},{\"@type\":\"Person\",\"@id\":\"https:\\\/\\\/lospoliticosveracruz.com\\\/#\\\/schema\\\/person\\\/b8702bb0e538456e6efd07080bf2a4a2\",\"name\":\"Lo viste en Los Pol\u00edticos\",\"image\":{\"@type\":\"ImageObject\",\"inLanguage\":\"es\",\"@id\":\"https:\\\/\\\/secure.gravatar.com\\\/avatar\\\/3a8de04a2656d44082be478bd6c086daa447c4651605818287b9532d3d0bd435?s=96&d=mm&r=g\",\"url\":\"https:\\\/\\\/secure.gravatar.com\\\/avatar\\\/3a8de04a2656d44082be478bd6c086daa447c4651605818287b9532d3d0bd435?s=96&d=mm&r=g\",\"contentUrl\":\"https:\\\/\\\/secure.gravatar.com\\\/avatar\\\/3a8de04a2656d44082be478bd6c086daa447c4651605818287b9532d3d0bd435?s=96&d=mm&r=g\",\"caption\":\"Lo viste en Los Pol\u00edticos\"},\"url\":\"https:\\\/\\\/lospoliticosveracruz.com\\\/?author=2\"}]}<\/script>\n<!-- \/ Yoast SEO plugin. -->","yoast_head_json":{"title":"MAQUILLAJE - Los pol\u00edticos Veracruz","robots":{"index":"index","follow":"follow","max-snippet":"max-snippet:-1","max-image-preview":"max-image-preview:large","max-video-preview":"max-video-preview:-1"},"canonical":"https:\/\/lospoliticosveracruz.com\/?p=101807","og_locale":"es_ES","og_type":"article","og_title":"MAQUILLAJE - Los pol\u00edticos Veracruz","og_description":"Guadalupe H. Mar Mira Pol\u00edtica\u00a0 A MODO \u2026 En octubre del a\u00f1o pasado, antes de que fuera renunciado como secretario de Seguridad P\u00fablica el abogado oriundo del estado de Nuevo Le\u00f3n, Hugo Guti\u00e9rrez Maldonado, se presum\u00eda que la entidad veracruzana era la segunda m\u00e1s segura en el pa\u00eds, porque registraba una de las cifras m\u00e1s [&hellip;]","og_url":"https:\/\/lospoliticosveracruz.com\/?p=101807","og_site_name":"Los pol\u00edticos Veracruz","article_publisher":"https:\/\/www.facebook.com\/people\/Notimemes-de-los-Polticos\/61565672886568\/","article_published_time":"2023-01-30T13:17:40+00:00","article_modified_time":"2023-01-30T13:17:45+00:00","og_image":[{"width":200,"height":200,"url":"https:\/\/lospoliticosveracruz.com\/wp-content\/uploads\/2016\/07\/Logo-Dor.jpg","type":"image\/jpeg"}],"author":"Lo viste en Los Pol\u00edticos","twitter_card":"summary_large_image","twitter_creator":"@LosPoliticosVer","twitter_site":"@LosPoliticosVer","twitter_misc":{"Escrito por":"Lo viste en Los Pol\u00edticos","Tiempo de lectura":"4 minutos"},"schema":{"@context":"https:\/\/schema.org","@graph":[{"@type":"Article","@id":"https:\/\/lospoliticosveracruz.com\/?p=101807#article","isPartOf":{"@id":"https:\/\/lospoliticosveracruz.com\/?p=101807"},"author":{"name":"Lo viste en Los Pol\u00edticos","@id":"https:\/\/lospoliticosveracruz.com\/#\/schema\/person\/b8702bb0e538456e6efd07080bf2a4a2"},"headline":"MAQUILLAJE","datePublished":"2023-01-30T13:17:40+00:00","dateModified":"2023-01-30T13:17:45+00:00","mainEntityOfPage":{"@id":"https:\/\/lospoliticosveracruz.com\/?p=101807"},"wordCount":752,"publisher":{"@id":"https:\/\/lospoliticosveracruz.com\/#organization"},"keywords":["Cuauht\u00e9moc Z\u00fa\u00f1iga Bonilla","Guadalupe H. Mar","Hugo Guti\u00e9rrez Maldonado","Juan Carlos Contreras Bautista","Nuevo Le\u00f3n","Secretar\u00eda estatal de Medio Ambiente"],"articleSection":["De Opini\u00f3n"],"inLanguage":"es"},{"@type":"WebPage","@id":"https:\/\/lospoliticosveracruz.com\/?p=101807","url":"https:\/\/lospoliticosveracruz.com\/?p=101807","name":"MAQUILLAJE - Los pol\u00edticos Veracruz","isPartOf":{"@id":"https:\/\/lospoliticosveracruz.com\/#website"},"datePublished":"2023-01-30T13:17:40+00:00","dateModified":"2023-01-30T13:17:45+00:00","breadcrumb":{"@id":"https:\/\/lospoliticosveracruz.com\/?p=101807#breadcrumb"},"inLanguage":"es","potentialAction":[{"@type":"ReadAction","target":["https:\/\/lospoliticosveracruz.com\/?p=101807"]}]},{"@type":"BreadcrumbList","@id":"https:\/\/lospoliticosveracruz.com\/?p=101807#breadcrumb","itemListElement":[{"@type":"ListItem","position":1,"name":"Portada","item":"https:\/\/lospoliticosveracruz.com\/"},{"@type":"ListItem","position":2,"name":"MAQUILLAJE"}]},{"@type":"WebSite","@id":"https:\/\/lospoliticosveracruz.com\/#website","url":"https:\/\/lospoliticosveracruz.com\/","name":"Los pol\u00edticos Veracruz","description":"","publisher":{"@id":"https:\/\/lospoliticosveracruz.com\/#organization"},"potentialAction":[{"@type":"SearchAction","target":{"@type":"EntryPoint","urlTemplate":"https:\/\/lospoliticosveracruz.com\/?s={search_term_string}"},"query-input":{"@type":"PropertyValueSpecification","valueRequired":true,"valueName":"search_term_string"}}],"inLanguage":"es"},{"@type":"Organization","@id":"https:\/\/lospoliticosveracruz.com\/#organization","name":"Los pol\u00edticos Veracruz","url":"https:\/\/lospoliticosveracruz.com\/","logo":{"@type":"ImageObject","inLanguage":"es","@id":"https:\/\/lospoliticosveracruz.com\/#\/schema\/logo\/image\/","url":"https:\/\/lospoliticosveracruz.com\/wp-content\/uploads\/2025\/12\/Logo-Nuevo-LOS-POLITICOS-1.jpg","contentUrl":"https:\/\/lospoliticosveracruz.com\/wp-content\/uploads\/2025\/12\/Logo-Nuevo-LOS-POLITICOS-1.jpg","width":260,"height":70,"caption":"Los pol\u00edticos Veracruz"},"image":{"@id":"https:\/\/lospoliticosveracruz.com\/#\/schema\/logo\/image\/"},"sameAs":["https:\/\/www.facebook.com\/people\/Notimemes-de-los-Polticos\/61565672886568\/","https:\/\/x.com\/LosPoliticosVer"]},{"@type":"Person","@id":"https:\/\/lospoliticosveracruz.com\/#\/schema\/person\/b8702bb0e538456e6efd07080bf2a4a2","name":"Lo viste en Los Pol\u00edticos","image":{"@type":"ImageObject","inLanguage":"es","@id":"https:\/\/secure.gravatar.com\/avatar\/3a8de04a2656d44082be478bd6c086daa447c4651605818287b9532d3d0bd435?s=96&d=mm&r=g","url":"https:\/\/secure.gravatar.com\/avatar\/3a8de04a2656d44082be478bd6c086daa447c4651605818287b9532d3d0bd435?s=96&d=mm&r=g","contentUrl":"https:\/\/secure.gravatar.com\/avatar\/3a8de04a2656d44082be478bd6c086daa447c4651605818287b9532d3d0bd435?s=96&d=mm&r=g","caption":"Lo viste en Los Pol\u00edticos"},"url":"https:\/\/lospoliticosveracruz.com\/?author=2"}]}},"_links":{"self":[{"href":"https:\/\/lospoliticosveracruz.com\/index.php?rest_route=\/wp\/v2\/posts\/101807","targetHints":{"allow":["GET"]}}],"collection":[{"href":"https:\/\/lospoliticosveracruz.com\/index.php?rest_route=\/wp\/v2\/posts"}],"about":[{"href":"https:\/\/lospoliticosveracruz.com\/index.php?rest_route=\/wp\/v2\/types\/post"}],"author":[{"embeddable":true,"href":"https:\/\/lospoliticosveracruz.com\/index.php?rest_route=\/wp\/v2\/users\/2"}],"replies":[{"embeddable":true,"href":"https:\/\/lospoliticosveracruz.com\/index.php?rest_route=%2Fwp%2Fv2%2Fcomments&post=101807"}],"version-history":[{"count":1,"href":"https:\/\/lospoliticosveracruz.com\/index.php?rest_route=\/wp\/v2\/posts\/101807\/revisions"}],"predecessor-version":[{"id":101808,"href":"https:\/\/lospoliticosveracruz.com\/index.php?rest_route=\/wp\/v2\/posts\/101807\/revisions\/101808"}],"wp:attachment":[{"href":"https:\/\/lospoliticosveracruz.com\/index.php?rest_route=%2Fwp%2Fv2%2Fmedia&parent=101807"}],"wp:term":[{"taxonomy":"category","embeddable":true,"href":"https:\/\/lospoliticosveracruz.com\/index.php?rest_route=%2Fwp%2Fv2%2Fcategories&post=101807"},{"taxonomy":"post_tag","embeddable":true,"href":"https:\/\/lospoliticosveracruz.com\/index.php?rest_route=%2Fwp%2Fv2%2Ftags&post=101807"}],"curies":[{"name":"wp","href":"https:\/\/api.w.org\/{rel}","templated":true}]}}