{"id":101879,"date":"2023-01-31T08:35:22","date_gmt":"2023-01-31T14:35:22","guid":{"rendered":"https:\/\/lospoliticosveracruz.com.mx\/?p=101879"},"modified":"2023-01-31T08:35:31","modified_gmt":"2023-01-31T14:35:31","slug":"seguir-trabajando-por-el-bien-del-pueblo","status":"publish","type":"post","link":"https:\/\/lospoliticosveracruz.com\/?p=101879","title":{"rendered":"SEGUIR TRABAJANDO POR EL BIEN DEL PUEBLO"},"content":{"rendered":"\n<p><strong>Yair Ademar Dom\u00ednguez<\/strong><\/p>\n\n\n\n<p><em>Punto y Coma\u00a0<\/em><\/p>\n\n\n\n<p>La pol\u00edtica, lo ha dicho con mucha sabidur\u00eda el presidente Andr\u00e9s Manuel L\u00f3pez Obrador, requiere de saber, de distinguir qu\u00e9 es una escaramuza, qu\u00e9 es una batalla, qu\u00e9 es una guerra. As\u00ed, como el estratega que ha sido, el mandatario mexicano se ha referido a quienes con intrigas han pretendido enfrentarlo con Estados Unidos o con los grupos pol\u00edticos adversarios en nuestro pa\u00eds.<\/p>\n\n\n<div class=\"wp-block-image\">\n<figure class=\"alignleft size-medium\"><a href=\"https:\/\/lospoliticosveracruz.com.mx\/wp-content\/uploads\/2021\/10\/WhatsApp-Image-2021-10-02-at-15.20.25.jpeg\"><img loading=\"lazy\" decoding=\"async\" width=\"212\" height=\"300\" src=\"https:\/\/lospoliticosveracruz.com.mx\/wp-content\/uploads\/2021\/10\/WhatsApp-Image-2021-10-02-at-15.20.25-212x300.jpeg\" alt=\"\" class=\"wp-image-80177\" srcset=\"https:\/\/lospoliticosveracruz.com\/wp-content\/uploads\/2021\/10\/WhatsApp-Image-2021-10-02-at-15.20.25-212x300.jpeg 212w, https:\/\/lospoliticosveracruz.com\/wp-content\/uploads\/2021\/10\/WhatsApp-Image-2021-10-02-at-15.20.25-724x1024.jpeg 724w, https:\/\/lospoliticosveracruz.com\/wp-content\/uploads\/2021\/10\/WhatsApp-Image-2021-10-02-at-15.20.25-768x1086.jpeg 768w, https:\/\/lospoliticosveracruz.com\/wp-content\/uploads\/2021\/10\/WhatsApp-Image-2021-10-02-at-15.20.25.jpeg 905w\" sizes=\"auto, (max-width: 212px) 100vw, 212px\" \/><\/a><\/figure>\n<\/div>\n\n\n<p>Su gobierno, lo ha dicho tambi\u00e9n con mucha claridad, tiene un escudo protector que se llama el pueblo de M\u00e9xico. S\u00ed, miles de hombres y mujeres que han cre\u00eddo en \u00e9l, no de ahora sino desde hace muchos a\u00f1os, cuando se inici\u00f3 en las batallas de la pol\u00edtica, hasta llegar a la presidencia de la Rep\u00fablica desde donde ha emprendido la cuarta gran transformaci\u00f3n de nuestro pa\u00eds.<\/p>\n\n\n\n<p>Mis comentarios salen a colaci\u00f3n mientras en el Polyforum Cultural Siqueiros un grupo de \u201cnotables\u201d presentan su proyecto \u201cPunto de partida\u201d para recomponer al pa\u00eds. Ah\u00ed entre ellos, el priista Francisco Labastida Ochoa, la panista Mar\u00eda Elena Medina Mora, Jos\u00e9 Woldenberg, Patricia Mercado y Dante Delgado, el ex gobernador veracruzano que sali\u00f3 de la c\u00e1rcel de Pacho Viejo no por inocente sino porque sus delitos prescribieron.&nbsp;<\/p>\n\n\n\n<p>Hay algunos otros personajes reconocidos, notables, todos con el leg\u00edtimo derecho de expresarse, pero \u00bfd\u00f3nde estaban todos ellos cuando este pa\u00eds se hund\u00eda por el despiadado neoliberalismo que se impon\u00eda para hacer m\u00e1s ricos a los ricos y m\u00e1s pobres a los pobres? Todos ellos o la gran mayor\u00eda de ellos, c\u00f3modos en sus c\u00e1tedras, ve\u00edan c\u00f3mo el pa\u00eds se hund\u00eda y callaban como momias.<\/p>\n\n\n\n<p>Ahora resulta, que para llevarle las contras a la Cuarta Transformaci\u00f3n, para detener el desarrollo del pa\u00eds, porque a muchos de ellos se les acabaron los privilegios, esos mismos que proteg\u00edan con su silencio, presentar\u00e1n un documento de 50 cuartillas para plantear un M\u00e9xico en paz y con desarrollo; igualdad y calidad de vida; prosperidad, marginaci\u00f3n y discriminaci\u00f3n, globalizaci\u00f3n y medio ambiente, y har\u00e1n un llamado a construir \u201cUn Solo M\u00e9xico\u201d.<\/p>\n\n\n\n<p>\u00bfQu\u00e9 nos podr\u00e1 decir, por ejemplo, Dante Delgado Rannauro, quien siendo gobernador de Veracruz se enriqueci\u00f3 con empresas constructoras de su propiedad? \u00bfQu\u00e9 les podr\u00eda decir, por ejemplo, en Xalapa, a quienes les vendi\u00f3 condominios en Xalapa 2000, construidos sobre terrenos que les sigue poniendo en riesgo su vida? Muchos otros de los firmantes han tenido puestos clave en la administraci\u00f3n p\u00fablica y \u00bfqu\u00e9 de bueno hicieron, c\u00f3mo abonaron a la construcci\u00f3n de un mejor pa\u00eds? No, s\u00f3lo sirvieron a un grupo de poder y a sus propios intereses y ahora quieren aparecer como h\u00e9roes, criticando al gobierno que vino a cambiar de ra\u00edz los problemas de nuestro pa\u00eds.<\/p>\n\n\n\n<p>Por eso este lunes el presidente Andr\u00e9s Manuel L\u00f3pez Obrador ha insistido en que no les har\u00e1 el caldo gordo a quienes no tienen ideales, ni principios, ni luchas por causas justas, sino que se han conducido con individualismo, racismo y clasismo. \u201cQue sigan su camino y nosotros a hacer lo nuestro, seguir trabajando, para el bien del pueblo, hasta para ellos, en el sentido de que si nos va bien a los mexicanos nos va bien a todos\u201d.<\/p>\n\n\n\n<p>\u201c\u00bfQu\u00e9 empresario se puede quejar de que est\u00e9 perdiendo, comerciante que est\u00e9 perdiendo, banquero que est\u00e9 perdiendo? Aqu\u00ed hay libertades y se permiten negocios, desde luego sin corrupci\u00f3n, ni con ganancias razonables, lo que no se permite es que roben, que siga la corrupci\u00f3n. Si fu\u00e9semos, como dicen, arbitrarios, ya hubi\u00e9ramos cancelado todos los contratos que hicieron con la llamada Reforma energ\u00e9tica\u201d, indic\u00f3.<\/p>\n\n\n\n<p>Los mexicanos y los veracruzanos debemos estar atentos a los coletazos del dinosaurio, del monstruo de mil cabezas que se niega a morir. El canto de las sirenas de la corrupci\u00f3n es atractivo y tiene miles de disfraces. Un d\u00eda puede venir disfrazado de ropaje religioso, otro con el halo del empresariado y uno m\u00e1s de \u201cgrandes intelectuales\u201d. El pueblo, que es sabio, ya no se deja enga\u00f1ar y sabe distinguir entre los falsos profetas de nuestra sociedad.&nbsp;<\/p>\n\n\n\n<p>Comentarios: Facebook Yair Ademar Dominguez Twitter @YairAdemar<\/p>\n","protected":false},"excerpt":{"rendered":"<p>Yair Ademar Dom\u00ednguez Punto y Coma\u00a0 La pol\u00edtica, lo ha dicho con mucha sabidur\u00eda el presidente Andr\u00e9s Manuel L\u00f3pez Obrador, requiere de saber, de distinguir qu\u00e9 es una escaramuza, qu\u00e9 es una batalla, qu\u00e9 es una guerra. As\u00ed, como el estratega que ha sido, el mandatario mexicano se ha referido a quienes con intrigas han [&hellip;]<\/p>\n","protected":false},"author":2,"featured_media":0,"comment_status":"closed","ping_status":"closed","sticky":false,"template":"","format":"standard","meta":{"tdm_status":"","tdm_grid_status":"","footnotes":""},"categories":[70],"tags":[618,1006,7149,9744,37076,1026,4932,20652],"class_list":{"0":"post-101879","1":"post","2":"type-post","3":"status-publish","4":"format-standard","6":"category-de-opinion","7":"tag-andres-manuel-lopez-obrador","8":"tag-dante-delgado-rannauro","9":"tag-francisco-labastida-ochoa","10":"tag-jose-woldenberg","11":"tag-maria-elena-medina-mora","12":"tag-morena","13":"tag-patricia-mercado","14":"tag-yair-ademar-dominguez"},"yoast_head":"<!-- This site is optimized with the Yoast SEO plugin v27.4 - https:\/\/yoast.com\/product\/yoast-seo-wordpress\/ -->\n<title>SEGUIR TRABAJANDO POR EL BIEN DEL PUEBLO - Los pol\u00edticos Veracruz<\/title>\n<meta name=\"robots\" content=\"index, follow, max-snippet:-1, max-image-preview:large, max-video-preview:-1\" \/>\n<link rel=\"canonical\" href=\"https:\/\/lospoliticosveracruz.com\/?p=101879\" \/>\n<meta property=\"og:locale\" content=\"es_ES\" \/>\n<meta property=\"og:type\" content=\"article\" \/>\n<meta property=\"og:title\" content=\"SEGUIR TRABAJANDO POR EL BIEN DEL PUEBLO - Los pol\u00edticos Veracruz\" \/>\n<meta property=\"og:description\" content=\"Yair Ademar Dom\u00ednguez Punto y Coma\u00a0 La pol\u00edtica, lo ha dicho con mucha sabidur\u00eda el presidente Andr\u00e9s Manuel L\u00f3pez Obrador, requiere de saber, de distinguir qu\u00e9 es una escaramuza, qu\u00e9 es una batalla, qu\u00e9 es una guerra. As\u00ed, como el estratega que ha sido, el mandatario mexicano se ha referido a quienes con intrigas han [&hellip;]\" \/>\n<meta property=\"og:url\" content=\"https:\/\/lospoliticosveracruz.com\/?p=101879\" \/>\n<meta property=\"og:site_name\" content=\"Los pol\u00edticos Veracruz\" \/>\n<meta property=\"article:publisher\" content=\"https:\/\/www.facebook.com\/people\/Notimemes-de-los-Polticos\/61565672886568\/\" \/>\n<meta property=\"article:published_time\" content=\"2023-01-31T14:35:22+00:00\" \/>\n<meta property=\"article:modified_time\" content=\"2023-01-31T14:35:31+00:00\" \/>\n<meta property=\"og:image\" content=\"https:\/\/lospoliticosveracruz.com.mx\/wp-content\/uploads\/2021\/10\/WhatsApp-Image-2021-10-02-at-15.20.25-212x300.jpeg\" \/>\n<meta name=\"author\" content=\"Lo viste en Los Pol\u00edticos\" \/>\n<meta name=\"twitter:card\" content=\"summary_large_image\" \/>\n<meta name=\"twitter:creator\" content=\"@LosPoliticosVer\" \/>\n<meta name=\"twitter:site\" content=\"@LosPoliticosVer\" \/>\n<meta name=\"twitter:label1\" content=\"Escrito por\" \/>\n\t<meta name=\"twitter:data1\" content=\"Lo viste en Los Pol\u00edticos\" \/>\n\t<meta name=\"twitter:label2\" content=\"Tiempo de lectura\" \/>\n\t<meta name=\"twitter:data2\" content=\"4 minutos\" \/>\n<script type=\"application\/ld+json\" class=\"yoast-schema-graph\">{\"@context\":\"https:\\\/\\\/schema.org\",\"@graph\":[{\"@type\":\"Article\",\"@id\":\"https:\\\/\\\/lospoliticosveracruz.com\\\/?p=101879#article\",\"isPartOf\":{\"@id\":\"https:\\\/\\\/lospoliticosveracruz.com\\\/?p=101879\"},\"author\":{\"name\":\"Lo viste en Los Pol\u00edticos\",\"@id\":\"https:\\\/\\\/lospoliticosveracruz.com\\\/#\\\/schema\\\/person\\\/b8702bb0e538456e6efd07080bf2a4a2\"},\"headline\":\"SEGUIR TRABAJANDO POR EL BIEN DEL PUEBLO\",\"datePublished\":\"2023-01-31T14:35:22+00:00\",\"dateModified\":\"2023-01-31T14:35:31+00:00\",\"mainEntityOfPage\":{\"@id\":\"https:\\\/\\\/lospoliticosveracruz.com\\\/?p=101879\"},\"wordCount\":745,\"publisher\":{\"@id\":\"https:\\\/\\\/lospoliticosveracruz.com\\\/#organization\"},\"image\":{\"@id\":\"https:\\\/\\\/lospoliticosveracruz.com\\\/?p=101879#primaryimage\"},\"thumbnailUrl\":\"https:\\\/\\\/lospoliticosveracruz.com.mx\\\/wp-content\\\/uploads\\\/2021\\\/10\\\/WhatsApp-Image-2021-10-02-at-15.20.25-212x300.jpeg\",\"keywords\":[\"Andr\u00e9s Manuel L\u00f3pez Obrador\",\"Dante Delgado Rannauro\",\"Francisco Labastida Ochoa\",\"Jos\u00e9 Woldenberg\",\"Mar\u00eda Elena Medina Mora\",\"Morena\",\"Patricia Mercado\",\"Yair Ademar Dom\u00ednguez\"],\"articleSection\":[\"De Opini\u00f3n\"],\"inLanguage\":\"es\"},{\"@type\":\"WebPage\",\"@id\":\"https:\\\/\\\/lospoliticosveracruz.com\\\/?p=101879\",\"url\":\"https:\\\/\\\/lospoliticosveracruz.com\\\/?p=101879\",\"name\":\"SEGUIR TRABAJANDO POR EL BIEN DEL PUEBLO - Los pol\u00edticos Veracruz\",\"isPartOf\":{\"@id\":\"https:\\\/\\\/lospoliticosveracruz.com\\\/#website\"},\"primaryImageOfPage\":{\"@id\":\"https:\\\/\\\/lospoliticosveracruz.com\\\/?p=101879#primaryimage\"},\"image\":{\"@id\":\"https:\\\/\\\/lospoliticosveracruz.com\\\/?p=101879#primaryimage\"},\"thumbnailUrl\":\"https:\\\/\\\/lospoliticosveracruz.com.mx\\\/wp-content\\\/uploads\\\/2021\\\/10\\\/WhatsApp-Image-2021-10-02-at-15.20.25-212x300.jpeg\",\"datePublished\":\"2023-01-31T14:35:22+00:00\",\"dateModified\":\"2023-01-31T14:35:31+00:00\",\"breadcrumb\":{\"@id\":\"https:\\\/\\\/lospoliticosveracruz.com\\\/?p=101879#breadcrumb\"},\"inLanguage\":\"es\",\"potentialAction\":[{\"@type\":\"ReadAction\",\"target\":[\"https:\\\/\\\/lospoliticosveracruz.com\\\/?p=101879\"]}]},{\"@type\":\"ImageObject\",\"inLanguage\":\"es\",\"@id\":\"https:\\\/\\\/lospoliticosveracruz.com\\\/?p=101879#primaryimage\",\"url\":\"https:\\\/\\\/lospoliticosveracruz.com.mx\\\/wp-content\\\/uploads\\\/2021\\\/10\\\/WhatsApp-Image-2021-10-02-at-15.20.25-212x300.jpeg\",\"contentUrl\":\"https:\\\/\\\/lospoliticosveracruz.com.mx\\\/wp-content\\\/uploads\\\/2021\\\/10\\\/WhatsApp-Image-2021-10-02-at-15.20.25-212x300.jpeg\"},{\"@type\":\"BreadcrumbList\",\"@id\":\"https:\\\/\\\/lospoliticosveracruz.com\\\/?p=101879#breadcrumb\",\"itemListElement\":[{\"@type\":\"ListItem\",\"position\":1,\"name\":\"Portada\",\"item\":\"https:\\\/\\\/lospoliticosveracruz.com\\\/\"},{\"@type\":\"ListItem\",\"position\":2,\"name\":\"SEGUIR TRABAJANDO POR EL BIEN DEL PUEBLO\"}]},{\"@type\":\"WebSite\",\"@id\":\"https:\\\/\\\/lospoliticosveracruz.com\\\/#website\",\"url\":\"https:\\\/\\\/lospoliticosveracruz.com\\\/\",\"name\":\"Los pol\u00edticos Veracruz\",\"description\":\"\",\"publisher\":{\"@id\":\"https:\\\/\\\/lospoliticosveracruz.com\\\/#organization\"},\"potentialAction\":[{\"@type\":\"SearchAction\",\"target\":{\"@type\":\"EntryPoint\",\"urlTemplate\":\"https:\\\/\\\/lospoliticosveracruz.com\\\/?s={search_term_string}\"},\"query-input\":{\"@type\":\"PropertyValueSpecification\",\"valueRequired\":true,\"valueName\":\"search_term_string\"}}],\"inLanguage\":\"es\"},{\"@type\":\"Organization\",\"@id\":\"https:\\\/\\\/lospoliticosveracruz.com\\\/#organization\",\"name\":\"Los pol\u00edticos Veracruz\",\"url\":\"https:\\\/\\\/lospoliticosveracruz.com\\\/\",\"logo\":{\"@type\":\"ImageObject\",\"inLanguage\":\"es\",\"@id\":\"https:\\\/\\\/lospoliticosveracruz.com\\\/#\\\/schema\\\/logo\\\/image\\\/\",\"url\":\"https:\\\/\\\/lospoliticosveracruz.com\\\/wp-content\\\/uploads\\\/2025\\\/12\\\/Logo-Nuevo-LOS-POLITICOS-1.jpg\",\"contentUrl\":\"https:\\\/\\\/lospoliticosveracruz.com\\\/wp-content\\\/uploads\\\/2025\\\/12\\\/Logo-Nuevo-LOS-POLITICOS-1.jpg\",\"width\":260,\"height\":70,\"caption\":\"Los pol\u00edticos Veracruz\"},\"image\":{\"@id\":\"https:\\\/\\\/lospoliticosveracruz.com\\\/#\\\/schema\\\/logo\\\/image\\\/\"},\"sameAs\":[\"https:\\\/\\\/www.facebook.com\\\/people\\\/Notimemes-de-los-Polticos\\\/61565672886568\\\/\",\"https:\\\/\\\/x.com\\\/LosPoliticosVer\"]},{\"@type\":\"Person\",\"@id\":\"https:\\\/\\\/lospoliticosveracruz.com\\\/#\\\/schema\\\/person\\\/b8702bb0e538456e6efd07080bf2a4a2\",\"name\":\"Lo viste en Los Pol\u00edticos\",\"image\":{\"@type\":\"ImageObject\",\"inLanguage\":\"es\",\"@id\":\"https:\\\/\\\/secure.gravatar.com\\\/avatar\\\/3a8de04a2656d44082be478bd6c086daa447c4651605818287b9532d3d0bd435?s=96&d=mm&r=g\",\"url\":\"https:\\\/\\\/secure.gravatar.com\\\/avatar\\\/3a8de04a2656d44082be478bd6c086daa447c4651605818287b9532d3d0bd435?s=96&d=mm&r=g\",\"contentUrl\":\"https:\\\/\\\/secure.gravatar.com\\\/avatar\\\/3a8de04a2656d44082be478bd6c086daa447c4651605818287b9532d3d0bd435?s=96&d=mm&r=g\",\"caption\":\"Lo viste en Los Pol\u00edticos\"},\"url\":\"https:\\\/\\\/lospoliticosveracruz.com\\\/?author=2\"}]}<\/script>\n<!-- \/ Yoast SEO plugin. -->","yoast_head_json":{"title":"SEGUIR TRABAJANDO POR EL BIEN DEL PUEBLO - Los pol\u00edticos Veracruz","robots":{"index":"index","follow":"follow","max-snippet":"max-snippet:-1","max-image-preview":"max-image-preview:large","max-video-preview":"max-video-preview:-1"},"canonical":"https:\/\/lospoliticosveracruz.com\/?p=101879","og_locale":"es_ES","og_type":"article","og_title":"SEGUIR TRABAJANDO POR EL BIEN DEL PUEBLO - Los pol\u00edticos Veracruz","og_description":"Yair Ademar Dom\u00ednguez Punto y Coma\u00a0 La pol\u00edtica, lo ha dicho con mucha sabidur\u00eda el presidente Andr\u00e9s Manuel L\u00f3pez Obrador, requiere de saber, de distinguir qu\u00e9 es una escaramuza, qu\u00e9 es una batalla, qu\u00e9 es una guerra. As\u00ed, como el estratega que ha sido, el mandatario mexicano se ha referido a quienes con intrigas han [&hellip;]","og_url":"https:\/\/lospoliticosveracruz.com\/?p=101879","og_site_name":"Los pol\u00edticos Veracruz","article_publisher":"https:\/\/www.facebook.com\/people\/Notimemes-de-los-Polticos\/61565672886568\/","article_published_time":"2023-01-31T14:35:22+00:00","article_modified_time":"2023-01-31T14:35:31+00:00","og_image":[{"url":"https:\/\/lospoliticosveracruz.com.mx\/wp-content\/uploads\/2021\/10\/WhatsApp-Image-2021-10-02-at-15.20.25-212x300.jpeg","type":"","width":"","height":""}],"author":"Lo viste en Los Pol\u00edticos","twitter_card":"summary_large_image","twitter_creator":"@LosPoliticosVer","twitter_site":"@LosPoliticosVer","twitter_misc":{"Escrito por":"Lo viste en Los Pol\u00edticos","Tiempo de lectura":"4 minutos"},"schema":{"@context":"https:\/\/schema.org","@graph":[{"@type":"Article","@id":"https:\/\/lospoliticosveracruz.com\/?p=101879#article","isPartOf":{"@id":"https:\/\/lospoliticosveracruz.com\/?p=101879"},"author":{"name":"Lo viste en Los Pol\u00edticos","@id":"https:\/\/lospoliticosveracruz.com\/#\/schema\/person\/b8702bb0e538456e6efd07080bf2a4a2"},"headline":"SEGUIR TRABAJANDO POR EL BIEN DEL PUEBLO","datePublished":"2023-01-31T14:35:22+00:00","dateModified":"2023-01-31T14:35:31+00:00","mainEntityOfPage":{"@id":"https:\/\/lospoliticosveracruz.com\/?p=101879"},"wordCount":745,"publisher":{"@id":"https:\/\/lospoliticosveracruz.com\/#organization"},"image":{"@id":"https:\/\/lospoliticosveracruz.com\/?p=101879#primaryimage"},"thumbnailUrl":"https:\/\/lospoliticosveracruz.com.mx\/wp-content\/uploads\/2021\/10\/WhatsApp-Image-2021-10-02-at-15.20.25-212x300.jpeg","keywords":["Andr\u00e9s Manuel L\u00f3pez Obrador","Dante Delgado Rannauro","Francisco Labastida Ochoa","Jos\u00e9 Woldenberg","Mar\u00eda Elena Medina Mora","Morena","Patricia Mercado","Yair Ademar Dom\u00ednguez"],"articleSection":["De Opini\u00f3n"],"inLanguage":"es"},{"@type":"WebPage","@id":"https:\/\/lospoliticosveracruz.com\/?p=101879","url":"https:\/\/lospoliticosveracruz.com\/?p=101879","name":"SEGUIR TRABAJANDO POR EL BIEN DEL PUEBLO - Los pol\u00edticos Veracruz","isPartOf":{"@id":"https:\/\/lospoliticosveracruz.com\/#website"},"primaryImageOfPage":{"@id":"https:\/\/lospoliticosveracruz.com\/?p=101879#primaryimage"},"image":{"@id":"https:\/\/lospoliticosveracruz.com\/?p=101879#primaryimage"},"thumbnailUrl":"https:\/\/lospoliticosveracruz.com.mx\/wp-content\/uploads\/2021\/10\/WhatsApp-Image-2021-10-02-at-15.20.25-212x300.jpeg","datePublished":"2023-01-31T14:35:22+00:00","dateModified":"2023-01-31T14:35:31+00:00","breadcrumb":{"@id":"https:\/\/lospoliticosveracruz.com\/?p=101879#breadcrumb"},"inLanguage":"es","potentialAction":[{"@type":"ReadAction","target":["https:\/\/lospoliticosveracruz.com\/?p=101879"]}]},{"@type":"ImageObject","inLanguage":"es","@id":"https:\/\/lospoliticosveracruz.com\/?p=101879#primaryimage","url":"https:\/\/lospoliticosveracruz.com.mx\/wp-content\/uploads\/2021\/10\/WhatsApp-Image-2021-10-02-at-15.20.25-212x300.jpeg","contentUrl":"https:\/\/lospoliticosveracruz.com.mx\/wp-content\/uploads\/2021\/10\/WhatsApp-Image-2021-10-02-at-15.20.25-212x300.jpeg"},{"@type":"BreadcrumbList","@id":"https:\/\/lospoliticosveracruz.com\/?p=101879#breadcrumb","itemListElement":[{"@type":"ListItem","position":1,"name":"Portada","item":"https:\/\/lospoliticosveracruz.com\/"},{"@type":"ListItem","position":2,"name":"SEGUIR TRABAJANDO POR EL BIEN DEL PUEBLO"}]},{"@type":"WebSite","@id":"https:\/\/lospoliticosveracruz.com\/#website","url":"https:\/\/lospoliticosveracruz.com\/","name":"Los pol\u00edticos Veracruz","description":"","publisher":{"@id":"https:\/\/lospoliticosveracruz.com\/#organization"},"potentialAction":[{"@type":"SearchAction","target":{"@type":"EntryPoint","urlTemplate":"https:\/\/lospoliticosveracruz.com\/?s={search_term_string}"},"query-input":{"@type":"PropertyValueSpecification","valueRequired":true,"valueName":"search_term_string"}}],"inLanguage":"es"},{"@type":"Organization","@id":"https:\/\/lospoliticosveracruz.com\/#organization","name":"Los pol\u00edticos Veracruz","url":"https:\/\/lospoliticosveracruz.com\/","logo":{"@type":"ImageObject","inLanguage":"es","@id":"https:\/\/lospoliticosveracruz.com\/#\/schema\/logo\/image\/","url":"https:\/\/lospoliticosveracruz.com\/wp-content\/uploads\/2025\/12\/Logo-Nuevo-LOS-POLITICOS-1.jpg","contentUrl":"https:\/\/lospoliticosveracruz.com\/wp-content\/uploads\/2025\/12\/Logo-Nuevo-LOS-POLITICOS-1.jpg","width":260,"height":70,"caption":"Los pol\u00edticos Veracruz"},"image":{"@id":"https:\/\/lospoliticosveracruz.com\/#\/schema\/logo\/image\/"},"sameAs":["https:\/\/www.facebook.com\/people\/Notimemes-de-los-Polticos\/61565672886568\/","https:\/\/x.com\/LosPoliticosVer"]},{"@type":"Person","@id":"https:\/\/lospoliticosveracruz.com\/#\/schema\/person\/b8702bb0e538456e6efd07080bf2a4a2","name":"Lo viste en Los Pol\u00edticos","image":{"@type":"ImageObject","inLanguage":"es","@id":"https:\/\/secure.gravatar.com\/avatar\/3a8de04a2656d44082be478bd6c086daa447c4651605818287b9532d3d0bd435?s=96&d=mm&r=g","url":"https:\/\/secure.gravatar.com\/avatar\/3a8de04a2656d44082be478bd6c086daa447c4651605818287b9532d3d0bd435?s=96&d=mm&r=g","contentUrl":"https:\/\/secure.gravatar.com\/avatar\/3a8de04a2656d44082be478bd6c086daa447c4651605818287b9532d3d0bd435?s=96&d=mm&r=g","caption":"Lo viste en Los Pol\u00edticos"},"url":"https:\/\/lospoliticosveracruz.com\/?author=2"}]}},"_links":{"self":[{"href":"https:\/\/lospoliticosveracruz.com\/index.php?rest_route=\/wp\/v2\/posts\/101879","targetHints":{"allow":["GET"]}}],"collection":[{"href":"https:\/\/lospoliticosveracruz.com\/index.php?rest_route=\/wp\/v2\/posts"}],"about":[{"href":"https:\/\/lospoliticosveracruz.com\/index.php?rest_route=\/wp\/v2\/types\/post"}],"author":[{"embeddable":true,"href":"https:\/\/lospoliticosveracruz.com\/index.php?rest_route=\/wp\/v2\/users\/2"}],"replies":[{"embeddable":true,"href":"https:\/\/lospoliticosveracruz.com\/index.php?rest_route=%2Fwp%2Fv2%2Fcomments&post=101879"}],"version-history":[{"count":1,"href":"https:\/\/lospoliticosveracruz.com\/index.php?rest_route=\/wp\/v2\/posts\/101879\/revisions"}],"predecessor-version":[{"id":101881,"href":"https:\/\/lospoliticosveracruz.com\/index.php?rest_route=\/wp\/v2\/posts\/101879\/revisions\/101881"}],"wp:attachment":[{"href":"https:\/\/lospoliticosveracruz.com\/index.php?rest_route=%2Fwp%2Fv2%2Fmedia&parent=101879"}],"wp:term":[{"taxonomy":"category","embeddable":true,"href":"https:\/\/lospoliticosveracruz.com\/index.php?rest_route=%2Fwp%2Fv2%2Fcategories&post=101879"},{"taxonomy":"post_tag","embeddable":true,"href":"https:\/\/lospoliticosveracruz.com\/index.php?rest_route=%2Fwp%2Fv2%2Ftags&post=101879"}],"curies":[{"name":"wp","href":"https:\/\/api.w.org\/{rel}","templated":true}]}}