{"id":101948,"date":"2023-02-01T08:43:19","date_gmt":"2023-02-01T14:43:19","guid":{"rendered":"https:\/\/lospoliticosveracruz.com.mx\/?p=101948"},"modified":"2023-02-01T08:43:24","modified_gmt":"2023-02-01T14:43:24","slug":"mc-del-rio-virgen-y-la-contienda-de-2024","status":"publish","type":"post","link":"https:\/\/lospoliticosveracruz.com\/?p=101948","title":{"rendered":"MC, DEL R\u00cdO VIRGEN Y LA CONTIENDA DE 2024"},"content":{"rendered":"\n<p><strong>Luis Alberto Romero<\/strong>\u00a0<\/p>\n\n\n\n<p><em>Hora cero\u00a0\u00a0<\/em><\/p>\n\n\n\n<p>No es una fuerza pol\u00edtica menor; en poco m\u00e1s de dos d\u00e9cadas el Movimiento Ciudadano ha logrado consolidarse en M\u00e9xico y en Veracruz. Actualmente, el partido encabezado por Dante Delgado tiene m\u00e1s de dos docenas de diputados federales y 8 senadores.&nbsp;&nbsp;<\/p>\n\n\n\n<p>Gobierna, adem\u00e1s, dos de los estados con mayor padr\u00f3n electoral: Nuevo Le\u00f3n, con Samuel Garc\u00eda; y Jalisco, con Enrique Alfaro; al igual que cerca de 150 municipios en el pa\u00eds.&nbsp;<\/p>\n\n\n\n<p>En 2021, el Movimiento gan\u00f3 por mayor\u00eda relativa 7 diputaciones federales; y obtuvo m\u00e1s de 3 millones 300 mil votos, casi 7 por ciento del total.&nbsp;<\/p>\n\n\n\n<p>Hoy es la cuarta fuerza pol\u00edtica en el pa\u00eds, detr\u00e1s de Morena, PAN y PRI. Ha desplazado al Partido Verde y su votaci\u00f3n duplic\u00f3 a la del PRD y a la del PT.&nbsp;<\/p>\n\n\n\n<p>En Veracruz, este partido se reorganiza con Sergio Gil Rull\u00e1n bajo la tutela de Dante Delgado, un personaje que no ha dejado de estar presente en la pol\u00edtica estatal desde hace 37 a\u00f1os.&nbsp;<\/p>\n\n\n\n<p>En el proceso local de 2021, Movimiento Ciudadano de Veracruz logr\u00f3 m\u00e1s de 241 mil sufragios, 7.14 por ciento, en la contienda por las diputaciones; en tanto que en el proceso por las presidencias municipales gan\u00f3 18 posiciones, y m\u00e1s de 218 mil votos; todo esto, sin alianzas con otras fuerzas.&nbsp;<\/p>\n\n\n\n<p>Por ello no pasaron inadvertidas las declaraciones del dirigente estatal, quien reiter\u00f3 que MC no ir\u00e1 en coalici\u00f3n con otras fuerzas; es decir, no se integrar\u00e1 a la alianza Va por M\u00e9xico, de PAN-PRI-PRD; y que ya analiza a sus posibles contendientes por la gubernatura.&nbsp;<\/p>\n\n\n\n<p>La oposici\u00f3n a Morena tiene encendidas las veladoras en espera de que MC mueva el tim\u00f3n y se sume a la alianza; hasta hoy, sin embargo, Dante Delgado ha dejado claro que la ruta para el crecimiento de su partido no pasa por una coalici\u00f3n.&nbsp;<\/p>\n\n\n\n<p>Esa decisi\u00f3n favorece a Morena, dado que predice una elecci\u00f3n con tres candidatos, lo que dividir\u00eda el voto opositor.&nbsp;<\/p>\n\n\n\n<p>De entrada, Gil Rull\u00e1n habl\u00f3 de la posible postulaci\u00f3n de Jos\u00e9 Manuel del R\u00edo Virgen, ex alcalde de Tecolutla, ex diputado federal en dos ocasiones y actual secretario t\u00e9cnico de la Junta de Coordinaci\u00f3n Pol\u00edtica en el Senado.&nbsp;<\/p>\n\n\n\n<p>Hombre cercano al senador Monreal y sobre todo a Dante Delgado, Del R\u00edo adquiri\u00f3 notoriedad estatal a partir de diciembre de 2021, cuando fue detenido por la fiscal\u00eda estatal por su presunta participaci\u00f3n en el homicidio de Remigio Tovar, candidato del MC a la alcald\u00eda de Cazones. Nada le comprobaron y a mediados de junio de 2022 tuvieron que dejarlo en libertad.&nbsp;<\/p>\n\n\n\n<p>Probablemente, de ser postulado como candidato a gobernador o al Senado, a Del R\u00edo no le alcancen los 8 puntos porcentuales que tiene su partido para ganar en las urnas; a pesar de ello, garantizar\u00eda una participaci\u00f3n digna en el proceso, y un avance para el MC en la entidad, por su car\u00e1cter de v\u00edctima de un encarcelamiento injusto; y por su incuestionable capacidad pol\u00edtica y habilidad discursiva.&nbsp;&nbsp;<\/p>\n\n\n\n<p>Sin embargo, a pesar de todos los puntos a favor, se observa poco probable que MC le postule a la gubernatura; Del R\u00edo podr\u00eda llegar en 2024 al Senado por lista nacional; o bien coordinar a la bancada naranja en la pr\u00f3xima C\u00e1mara Baja. @luisromero85<\/p>\n","protected":false},"excerpt":{"rendered":"<p>Luis Alberto Romero\u00a0 Hora cero\u00a0\u00a0 No es una fuerza pol\u00edtica menor; en poco m\u00e1s de dos d\u00e9cadas el Movimiento Ciudadano ha logrado consolidarse en M\u00e9xico y en Veracruz. Actualmente, el partido encabezado por Dante Delgado tiene m\u00e1s de dos docenas de diputados federales y 8 senadores.&nbsp;&nbsp; Gobierna, adem\u00e1s, dos de los estados con mayor padr\u00f3n [&hellip;]<\/p>\n","protected":false},"author":2,"featured_media":0,"comment_status":"closed","ping_status":"closed","sticky":false,"template":"","format":"standard","meta":{"tdm_status":"","tdm_grid_status":"","footnotes":""},"categories":[70],"tags":[2219,7909,2669,2327,11240],"class_list":{"0":"post-101948","1":"post","2":"type-post","3":"status-publish","4":"format-standard","6":"category-de-opinion","7":"tag-dante-delgado","8":"tag-jose-manuel-del-rio-virgen","9":"tag-luis-alberto-romero","10":"tag-movimiento-ciudadano","11":"tag-sergio-gil-rullan"},"yoast_head":"<!-- This site is optimized with the Yoast SEO plugin v27.4 - https:\/\/yoast.com\/product\/yoast-seo-wordpress\/ -->\n<title>MC, DEL R\u00cdO VIRGEN Y LA CONTIENDA DE 2024 - Los pol\u00edticos Veracruz<\/title>\n<meta name=\"robots\" content=\"index, follow, max-snippet:-1, max-image-preview:large, max-video-preview:-1\" \/>\n<link rel=\"canonical\" href=\"https:\/\/lospoliticosveracruz.com\/?p=101948\" \/>\n<meta property=\"og:locale\" content=\"es_ES\" \/>\n<meta property=\"og:type\" content=\"article\" \/>\n<meta property=\"og:title\" content=\"MC, DEL R\u00cdO VIRGEN Y LA CONTIENDA DE 2024 - Los pol\u00edticos Veracruz\" \/>\n<meta property=\"og:description\" content=\"Luis Alberto Romero\u00a0 Hora cero\u00a0\u00a0 No es una fuerza pol\u00edtica menor; en poco m\u00e1s de dos d\u00e9cadas el Movimiento Ciudadano ha logrado consolidarse en M\u00e9xico y en Veracruz. Actualmente, el partido encabezado por Dante Delgado tiene m\u00e1s de dos docenas de diputados federales y 8 senadores.&nbsp;&nbsp; Gobierna, adem\u00e1s, dos de los estados con mayor padr\u00f3n [&hellip;]\" \/>\n<meta property=\"og:url\" content=\"https:\/\/lospoliticosveracruz.com\/?p=101948\" \/>\n<meta property=\"og:site_name\" content=\"Los pol\u00edticos Veracruz\" \/>\n<meta property=\"article:publisher\" content=\"https:\/\/www.facebook.com\/people\/Notimemes-de-los-Polticos\/61565672886568\/\" \/>\n<meta property=\"article:published_time\" content=\"2023-02-01T14:43:19+00:00\" \/>\n<meta property=\"article:modified_time\" content=\"2023-02-01T14:43:24+00:00\" \/>\n<meta property=\"og:image\" content=\"https:\/\/lospoliticosveracruz.com\/wp-content\/uploads\/2016\/07\/Logo-Dor.jpg\" \/>\n\t<meta property=\"og:image:width\" content=\"200\" \/>\n\t<meta property=\"og:image:height\" content=\"200\" \/>\n\t<meta property=\"og:image:type\" content=\"image\/jpeg\" \/>\n<meta name=\"author\" content=\"Lo viste en Los Pol\u00edticos\" \/>\n<meta name=\"twitter:card\" content=\"summary_large_image\" \/>\n<meta name=\"twitter:creator\" content=\"@LosPoliticosVer\" \/>\n<meta name=\"twitter:site\" content=\"@LosPoliticosVer\" \/>\n<meta name=\"twitter:label1\" content=\"Escrito por\" \/>\n\t<meta name=\"twitter:data1\" content=\"Lo viste en Los Pol\u00edticos\" \/>\n\t<meta name=\"twitter:label2\" content=\"Tiempo de lectura\" \/>\n\t<meta name=\"twitter:data2\" content=\"3 minutos\" \/>\n<script type=\"application\/ld+json\" class=\"yoast-schema-graph\">{\"@context\":\"https:\\\/\\\/schema.org\",\"@graph\":[{\"@type\":\"Article\",\"@id\":\"https:\\\/\\\/lospoliticosveracruz.com\\\/?p=101948#article\",\"isPartOf\":{\"@id\":\"https:\\\/\\\/lospoliticosveracruz.com\\\/?p=101948\"},\"author\":{\"name\":\"Lo viste en Los Pol\u00edticos\",\"@id\":\"https:\\\/\\\/lospoliticosveracruz.com\\\/#\\\/schema\\\/person\\\/b8702bb0e538456e6efd07080bf2a4a2\"},\"headline\":\"MC, DEL R\u00cdO VIRGEN Y LA CONTIENDA DE 2024\",\"datePublished\":\"2023-02-01T14:43:19+00:00\",\"dateModified\":\"2023-02-01T14:43:24+00:00\",\"mainEntityOfPage\":{\"@id\":\"https:\\\/\\\/lospoliticosveracruz.com\\\/?p=101948\"},\"wordCount\":596,\"publisher\":{\"@id\":\"https:\\\/\\\/lospoliticosveracruz.com\\\/#organization\"},\"keywords\":[\"Dante Delgado\",\"Jos\u00e9 Manuel del R\u00edo Virgen\",\"Luis Alberto Romero\",\"Movimiento Ciudadano\",\"Sergio Gil Rull\u00e1n\"],\"articleSection\":[\"De Opini\u00f3n\"],\"inLanguage\":\"es\"},{\"@type\":\"WebPage\",\"@id\":\"https:\\\/\\\/lospoliticosveracruz.com\\\/?p=101948\",\"url\":\"https:\\\/\\\/lospoliticosveracruz.com\\\/?p=101948\",\"name\":\"MC, DEL R\u00cdO VIRGEN Y LA CONTIENDA DE 2024 - Los pol\u00edticos Veracruz\",\"isPartOf\":{\"@id\":\"https:\\\/\\\/lospoliticosveracruz.com\\\/#website\"},\"datePublished\":\"2023-02-01T14:43:19+00:00\",\"dateModified\":\"2023-02-01T14:43:24+00:00\",\"breadcrumb\":{\"@id\":\"https:\\\/\\\/lospoliticosveracruz.com\\\/?p=101948#breadcrumb\"},\"inLanguage\":\"es\",\"potentialAction\":[{\"@type\":\"ReadAction\",\"target\":[\"https:\\\/\\\/lospoliticosveracruz.com\\\/?p=101948\"]}]},{\"@type\":\"BreadcrumbList\",\"@id\":\"https:\\\/\\\/lospoliticosveracruz.com\\\/?p=101948#breadcrumb\",\"itemListElement\":[{\"@type\":\"ListItem\",\"position\":1,\"name\":\"Portada\",\"item\":\"https:\\\/\\\/lospoliticosveracruz.com\\\/\"},{\"@type\":\"ListItem\",\"position\":2,\"name\":\"MC, DEL R\u00cdO VIRGEN Y LA CONTIENDA DE 2024\"}]},{\"@type\":\"WebSite\",\"@id\":\"https:\\\/\\\/lospoliticosveracruz.com\\\/#website\",\"url\":\"https:\\\/\\\/lospoliticosveracruz.com\\\/\",\"name\":\"Los pol\u00edticos Veracruz\",\"description\":\"\",\"publisher\":{\"@id\":\"https:\\\/\\\/lospoliticosveracruz.com\\\/#organization\"},\"potentialAction\":[{\"@type\":\"SearchAction\",\"target\":{\"@type\":\"EntryPoint\",\"urlTemplate\":\"https:\\\/\\\/lospoliticosveracruz.com\\\/?s={search_term_string}\"},\"query-input\":{\"@type\":\"PropertyValueSpecification\",\"valueRequired\":true,\"valueName\":\"search_term_string\"}}],\"inLanguage\":\"es\"},{\"@type\":\"Organization\",\"@id\":\"https:\\\/\\\/lospoliticosveracruz.com\\\/#organization\",\"name\":\"Los pol\u00edticos Veracruz\",\"url\":\"https:\\\/\\\/lospoliticosveracruz.com\\\/\",\"logo\":{\"@type\":\"ImageObject\",\"inLanguage\":\"es\",\"@id\":\"https:\\\/\\\/lospoliticosveracruz.com\\\/#\\\/schema\\\/logo\\\/image\\\/\",\"url\":\"https:\\\/\\\/lospoliticosveracruz.com\\\/wp-content\\\/uploads\\\/2025\\\/12\\\/Logo-Nuevo-LOS-POLITICOS-1.jpg\",\"contentUrl\":\"https:\\\/\\\/lospoliticosveracruz.com\\\/wp-content\\\/uploads\\\/2025\\\/12\\\/Logo-Nuevo-LOS-POLITICOS-1.jpg\",\"width\":260,\"height\":70,\"caption\":\"Los pol\u00edticos Veracruz\"},\"image\":{\"@id\":\"https:\\\/\\\/lospoliticosveracruz.com\\\/#\\\/schema\\\/logo\\\/image\\\/\"},\"sameAs\":[\"https:\\\/\\\/www.facebook.com\\\/people\\\/Notimemes-de-los-Polticos\\\/61565672886568\\\/\",\"https:\\\/\\\/x.com\\\/LosPoliticosVer\"]},{\"@type\":\"Person\",\"@id\":\"https:\\\/\\\/lospoliticosveracruz.com\\\/#\\\/schema\\\/person\\\/b8702bb0e538456e6efd07080bf2a4a2\",\"name\":\"Lo viste en Los Pol\u00edticos\",\"image\":{\"@type\":\"ImageObject\",\"inLanguage\":\"es\",\"@id\":\"https:\\\/\\\/secure.gravatar.com\\\/avatar\\\/3a8de04a2656d44082be478bd6c086daa447c4651605818287b9532d3d0bd435?s=96&d=mm&r=g\",\"url\":\"https:\\\/\\\/secure.gravatar.com\\\/avatar\\\/3a8de04a2656d44082be478bd6c086daa447c4651605818287b9532d3d0bd435?s=96&d=mm&r=g\",\"contentUrl\":\"https:\\\/\\\/secure.gravatar.com\\\/avatar\\\/3a8de04a2656d44082be478bd6c086daa447c4651605818287b9532d3d0bd435?s=96&d=mm&r=g\",\"caption\":\"Lo viste en Los Pol\u00edticos\"},\"url\":\"https:\\\/\\\/lospoliticosveracruz.com\\\/?author=2\"}]}<\/script>\n<!-- \/ Yoast SEO plugin. -->","yoast_head_json":{"title":"MC, DEL R\u00cdO VIRGEN Y LA CONTIENDA DE 2024 - Los pol\u00edticos Veracruz","robots":{"index":"index","follow":"follow","max-snippet":"max-snippet:-1","max-image-preview":"max-image-preview:large","max-video-preview":"max-video-preview:-1"},"canonical":"https:\/\/lospoliticosveracruz.com\/?p=101948","og_locale":"es_ES","og_type":"article","og_title":"MC, DEL R\u00cdO VIRGEN Y LA CONTIENDA DE 2024 - Los pol\u00edticos Veracruz","og_description":"Luis Alberto Romero\u00a0 Hora cero\u00a0\u00a0 No es una fuerza pol\u00edtica menor; en poco m\u00e1s de dos d\u00e9cadas el Movimiento Ciudadano ha logrado consolidarse en M\u00e9xico y en Veracruz. Actualmente, el partido encabezado por Dante Delgado tiene m\u00e1s de dos docenas de diputados federales y 8 senadores.&nbsp;&nbsp; Gobierna, adem\u00e1s, dos de los estados con mayor padr\u00f3n [&hellip;]","og_url":"https:\/\/lospoliticosveracruz.com\/?p=101948","og_site_name":"Los pol\u00edticos Veracruz","article_publisher":"https:\/\/www.facebook.com\/people\/Notimemes-de-los-Polticos\/61565672886568\/","article_published_time":"2023-02-01T14:43:19+00:00","article_modified_time":"2023-02-01T14:43:24+00:00","og_image":[{"width":200,"height":200,"url":"https:\/\/lospoliticosveracruz.com\/wp-content\/uploads\/2016\/07\/Logo-Dor.jpg","type":"image\/jpeg"}],"author":"Lo viste en Los Pol\u00edticos","twitter_card":"summary_large_image","twitter_creator":"@LosPoliticosVer","twitter_site":"@LosPoliticosVer","twitter_misc":{"Escrito por":"Lo viste en Los Pol\u00edticos","Tiempo de lectura":"3 minutos"},"schema":{"@context":"https:\/\/schema.org","@graph":[{"@type":"Article","@id":"https:\/\/lospoliticosveracruz.com\/?p=101948#article","isPartOf":{"@id":"https:\/\/lospoliticosveracruz.com\/?p=101948"},"author":{"name":"Lo viste en Los Pol\u00edticos","@id":"https:\/\/lospoliticosveracruz.com\/#\/schema\/person\/b8702bb0e538456e6efd07080bf2a4a2"},"headline":"MC, DEL R\u00cdO VIRGEN Y LA CONTIENDA DE 2024","datePublished":"2023-02-01T14:43:19+00:00","dateModified":"2023-02-01T14:43:24+00:00","mainEntityOfPage":{"@id":"https:\/\/lospoliticosveracruz.com\/?p=101948"},"wordCount":596,"publisher":{"@id":"https:\/\/lospoliticosveracruz.com\/#organization"},"keywords":["Dante Delgado","Jos\u00e9 Manuel del R\u00edo Virgen","Luis Alberto Romero","Movimiento Ciudadano","Sergio Gil Rull\u00e1n"],"articleSection":["De Opini\u00f3n"],"inLanguage":"es"},{"@type":"WebPage","@id":"https:\/\/lospoliticosveracruz.com\/?p=101948","url":"https:\/\/lospoliticosveracruz.com\/?p=101948","name":"MC, DEL R\u00cdO VIRGEN Y LA CONTIENDA DE 2024 - Los pol\u00edticos Veracruz","isPartOf":{"@id":"https:\/\/lospoliticosveracruz.com\/#website"},"datePublished":"2023-02-01T14:43:19+00:00","dateModified":"2023-02-01T14:43:24+00:00","breadcrumb":{"@id":"https:\/\/lospoliticosveracruz.com\/?p=101948#breadcrumb"},"inLanguage":"es","potentialAction":[{"@type":"ReadAction","target":["https:\/\/lospoliticosveracruz.com\/?p=101948"]}]},{"@type":"BreadcrumbList","@id":"https:\/\/lospoliticosveracruz.com\/?p=101948#breadcrumb","itemListElement":[{"@type":"ListItem","position":1,"name":"Portada","item":"https:\/\/lospoliticosveracruz.com\/"},{"@type":"ListItem","position":2,"name":"MC, DEL R\u00cdO VIRGEN Y LA CONTIENDA DE 2024"}]},{"@type":"WebSite","@id":"https:\/\/lospoliticosveracruz.com\/#website","url":"https:\/\/lospoliticosveracruz.com\/","name":"Los pol\u00edticos Veracruz","description":"","publisher":{"@id":"https:\/\/lospoliticosveracruz.com\/#organization"},"potentialAction":[{"@type":"SearchAction","target":{"@type":"EntryPoint","urlTemplate":"https:\/\/lospoliticosveracruz.com\/?s={search_term_string}"},"query-input":{"@type":"PropertyValueSpecification","valueRequired":true,"valueName":"search_term_string"}}],"inLanguage":"es"},{"@type":"Organization","@id":"https:\/\/lospoliticosveracruz.com\/#organization","name":"Los pol\u00edticos Veracruz","url":"https:\/\/lospoliticosveracruz.com\/","logo":{"@type":"ImageObject","inLanguage":"es","@id":"https:\/\/lospoliticosveracruz.com\/#\/schema\/logo\/image\/","url":"https:\/\/lospoliticosveracruz.com\/wp-content\/uploads\/2025\/12\/Logo-Nuevo-LOS-POLITICOS-1.jpg","contentUrl":"https:\/\/lospoliticosveracruz.com\/wp-content\/uploads\/2025\/12\/Logo-Nuevo-LOS-POLITICOS-1.jpg","width":260,"height":70,"caption":"Los pol\u00edticos Veracruz"},"image":{"@id":"https:\/\/lospoliticosveracruz.com\/#\/schema\/logo\/image\/"},"sameAs":["https:\/\/www.facebook.com\/people\/Notimemes-de-los-Polticos\/61565672886568\/","https:\/\/x.com\/LosPoliticosVer"]},{"@type":"Person","@id":"https:\/\/lospoliticosveracruz.com\/#\/schema\/person\/b8702bb0e538456e6efd07080bf2a4a2","name":"Lo viste en Los Pol\u00edticos","image":{"@type":"ImageObject","inLanguage":"es","@id":"https:\/\/secure.gravatar.com\/avatar\/3a8de04a2656d44082be478bd6c086daa447c4651605818287b9532d3d0bd435?s=96&d=mm&r=g","url":"https:\/\/secure.gravatar.com\/avatar\/3a8de04a2656d44082be478bd6c086daa447c4651605818287b9532d3d0bd435?s=96&d=mm&r=g","contentUrl":"https:\/\/secure.gravatar.com\/avatar\/3a8de04a2656d44082be478bd6c086daa447c4651605818287b9532d3d0bd435?s=96&d=mm&r=g","caption":"Lo viste en Los Pol\u00edticos"},"url":"https:\/\/lospoliticosveracruz.com\/?author=2"}]}},"_links":{"self":[{"href":"https:\/\/lospoliticosveracruz.com\/index.php?rest_route=\/wp\/v2\/posts\/101948","targetHints":{"allow":["GET"]}}],"collection":[{"href":"https:\/\/lospoliticosveracruz.com\/index.php?rest_route=\/wp\/v2\/posts"}],"about":[{"href":"https:\/\/lospoliticosveracruz.com\/index.php?rest_route=\/wp\/v2\/types\/post"}],"author":[{"embeddable":true,"href":"https:\/\/lospoliticosveracruz.com\/index.php?rest_route=\/wp\/v2\/users\/2"}],"replies":[{"embeddable":true,"href":"https:\/\/lospoliticosveracruz.com\/index.php?rest_route=%2Fwp%2Fv2%2Fcomments&post=101948"}],"version-history":[{"count":1,"href":"https:\/\/lospoliticosveracruz.com\/index.php?rest_route=\/wp\/v2\/posts\/101948\/revisions"}],"predecessor-version":[{"id":101949,"href":"https:\/\/lospoliticosveracruz.com\/index.php?rest_route=\/wp\/v2\/posts\/101948\/revisions\/101949"}],"wp:attachment":[{"href":"https:\/\/lospoliticosveracruz.com\/index.php?rest_route=%2Fwp%2Fv2%2Fmedia&parent=101948"}],"wp:term":[{"taxonomy":"category","embeddable":true,"href":"https:\/\/lospoliticosveracruz.com\/index.php?rest_route=%2Fwp%2Fv2%2Fcategories&post=101948"},{"taxonomy":"post_tag","embeddable":true,"href":"https:\/\/lospoliticosveracruz.com\/index.php?rest_route=%2Fwp%2Fv2%2Ftags&post=101948"}],"curies":[{"name":"wp","href":"https:\/\/api.w.org\/{rel}","templated":true}]}}