{"id":102014,"date":"2023-02-01T22:17:17","date_gmt":"2023-02-02T04:17:17","guid":{"rendered":"https:\/\/lospoliticosveracruz.com.mx\/?p=102014"},"modified":"2023-02-01T22:17:22","modified_gmt":"2023-02-02T04:17:22","slug":"el-menos-pior","status":"publish","type":"post","link":"https:\/\/lospoliticosveracruz.com\/?p=102014","title":{"rendered":"EL MENOS PIOR"},"content":{"rendered":"\n<p><strong>Salvador Mu\u00f1oz<br><\/strong><em>Los Pol\u00edticos<\/em><\/p>\n\n\n\n<p>Claudia, Marcelo, Ad\u00e1n, Monreal, \u00a1hasta Noro\u00f1a! Morena y aliados acaparan los reflectores, marcan la pauta, llevan la agenda que permite al ciudadano pensar en una sola cosa: cu\u00e1l de \u00e9stos ser\u00e1 \u201cel menos pior\u201d para lo que viene porque la Oposici\u00f3n nom\u00e1s no muestra sus cartas y no se ve un liderazgo que motive a pensar en la alternancia\u2026<\/p>\n\n\n<div class=\"wp-block-image\">\n<figure class=\"alignleft size-full is-resized\"><a href=\"https:\/\/lospoliticosveracruz.com.mx\/wp-content\/uploads\/2021\/10\/Zacauilt.jpg\"><img loading=\"lazy\" decoding=\"async\" src=\"https:\/\/lospoliticosveracruz.com.mx\/wp-content\/uploads\/2021\/10\/Zacauilt.jpg\" alt=\"\" class=\"wp-image-80558\" width=\"175\" height=\"350\"\/><\/a><\/figure>\n<\/div>\n\n\n<p><br>La carrera por la Presidencia lleva rato y un buen tramo avanzado por Morena y al menos en esta justa, hasta cierto punto, se ve una tolerancia al contrincante, o al menos eso aparenta el Grupo Legislativo local de Morena\u2026<br>Hasta donde se sabe, hay tres grupos donde unos apoyan a Claudia Sheinbaum, a Ad\u00e1n Augusto y a Marcelo Ebrard\u2026 en el caso de los dos petistas, Tehuintle Xocua y Moncho D\u00edaz, se desconoce si tienen preferencia por alguna de estas corcholatas citadas o en su momento apoyar\u00e1n al \u201cChangole\u00f3n\u201d Noro\u00f1a. En el caso de las dos Verdes, Citlali y Tania, ocurre lo mismo: no se sabe por d\u00f3nde van y m\u00e1s cuando su \u201cl\u00edder\u201d, Javier Herrera Borunda le da el S\u00edndrome de la Chimoltrufia (Dixit Zepeta), pues un d\u00eda est\u00e1 con Ad\u00e1n y al otro, con Claudia.<br>As\u00ed, tenemos a Jessica Ram\u00edrez Cisneros quien nunca ha ocultado su amistad con su paisano Sergio Guti\u00e9rrez Luna y por ende, su favoritismo por L\u00f3pez Hern\u00e1ndez y si no, preg\u00fantenle cuando la vean: \u00bfC\u00f3mo est\u00e1? y seguro les responde: \u201c\u00a1A gusto!\u201d<br>Por otro lado est\u00e1 Fernando \u201cEl Huevo\u201d Arteaga quien al lado de sus compa\u00f1eros de partido, Lul\u00fa Ju\u00e1rez, Bad Boni Castillo Cruz y el Diputado MAMA (Marco Antonio Mart\u00ednez Amador), apuestan por el Carnal Marcelo Ebrard.<br>El Jucopo Juan Javier G\u00f3mez Cazar\u00edn ha dejado en claro en m\u00e1s de una ocasi\u00f3n que #EsClaudia y le sigue el resto de los diputados\u2026<br>De cierto modo hay una civilidad pol\u00edtica si se trata de la competencia federal, aunque les sale el troglodita que llevan dentro cuando se trata de la contienda por la Gubernatura para este 2024\u2026<br>Es cierto: se entiende que es un Todo Vale para llegar a ser el Candidato o la Candidata\u2026 hay piquetes de ojo, alguna que otra embarrada de lodo y no falta el que suelte al perro para gritar \u201cPayaso!\u201d que no es m\u00e1s que un escupitajo para arriba\u2026 recuerden, hagan memoria, qui\u00e9n es el Payaso\u2026<br>La ventaja aparente que tienen los morenos en esta pugna de qui\u00e9n traga m\u00e1s pinole, es que las puyas que se dan entre ellos, no las toma en cuenta el ciudadano y el \u00fanico que las toma en cuenta como Michael Jackson, comiendo palomitas, es el que est\u00e1 enfrascado en la grilla y en la polaca\u2026<br>Ya habr\u00e1 el momento, es seguro, que el ciudadano se tome su tiempo para ver las cartas que ofrece Morena para la Gubernatura y pensar cu\u00e1l ser\u00e1 \u201cel menos pior\u201d\u2026 porque la Oposici\u00f3n con su alianza nom\u00e1s no muestra un liderazgo que sacuda del letargo que viven muchos veracruzanos y Movimiento Ciudadano nos quiere vender un m\u00e1rtir\u2026 no ayuda eso, como tampoco la idea de \u201cel menos pior\u201d como opci\u00f3n de democracia.<\/p>\n","protected":false},"excerpt":{"rendered":"<p>Salvador Mu\u00f1ozLos Pol\u00edticos Claudia, Marcelo, Ad\u00e1n, Monreal, \u00a1hasta Noro\u00f1a! Morena y aliados acaparan los reflectores, marcan la pauta, llevan la agenda que permite al ciudadano pensar en una sola cosa: cu\u00e1l de \u00e9stos ser\u00e1 \u201cel menos pior\u201d para lo que viene porque la Oposici\u00f3n nom\u00e1s no muestra sus cartas y no se ve un liderazgo [&hellip;]<\/p>\n","protected":false},"author":2,"featured_media":0,"comment_status":"closed","ping_status":"closed","sticky":false,"template":"","format":"standard","meta":{"tdm_status":"","tdm_grid_status":"","footnotes":""},"categories":[70],"tags":[9627,36410,12598,12695,37116,14703,4624,2327,2944,2646],"class_list":{"0":"post-102014","1":"post","2":"type-post","3":"status-publish","4":"format-standard","6":"category-de-opinion","7":"tag-claudia-sheinbaum","8":"tag-fernando-el-huevo-arteaga-2","9":"tag-gerardo-fernandez-norona","10":"tag-juan-javier-gomez-cazarin","11":"tag-lulu-juarez","12":"tag-marcelo-ebrard","13":"tag-marco-antonio-martinez-amador","14":"tag-movimiento-ciudadano","15":"tag-ricardo-monreal-avila","16":"tag-salvador-munoz"},"yoast_head":"<!-- This site is optimized with the Yoast SEO plugin v27.4 - https:\/\/yoast.com\/product\/yoast-seo-wordpress\/ -->\n<title>EL MENOS PIOR - Los pol\u00edticos Veracruz<\/title>\n<meta name=\"robots\" content=\"index, follow, max-snippet:-1, max-image-preview:large, max-video-preview:-1\" \/>\n<link rel=\"canonical\" href=\"https:\/\/lospoliticosveracruz.com\/?p=102014\" \/>\n<meta property=\"og:locale\" content=\"es_ES\" \/>\n<meta property=\"og:type\" content=\"article\" \/>\n<meta property=\"og:title\" content=\"EL MENOS PIOR - Los pol\u00edticos Veracruz\" \/>\n<meta property=\"og:description\" content=\"Salvador Mu\u00f1ozLos Pol\u00edticos Claudia, Marcelo, Ad\u00e1n, Monreal, \u00a1hasta Noro\u00f1a! Morena y aliados acaparan los reflectores, marcan la pauta, llevan la agenda que permite al ciudadano pensar en una sola cosa: cu\u00e1l de \u00e9stos ser\u00e1 \u201cel menos pior\u201d para lo que viene porque la Oposici\u00f3n nom\u00e1s no muestra sus cartas y no se ve un liderazgo [&hellip;]\" \/>\n<meta property=\"og:url\" content=\"https:\/\/lospoliticosveracruz.com\/?p=102014\" \/>\n<meta property=\"og:site_name\" content=\"Los pol\u00edticos Veracruz\" \/>\n<meta property=\"article:publisher\" content=\"https:\/\/www.facebook.com\/people\/Notimemes-de-los-Polticos\/61565672886568\/\" \/>\n<meta property=\"article:published_time\" content=\"2023-02-02T04:17:17+00:00\" \/>\n<meta property=\"article:modified_time\" content=\"2023-02-02T04:17:22+00:00\" \/>\n<meta property=\"og:image\" content=\"https:\/\/lospoliticosveracruz.com.mx\/wp-content\/uploads\/2021\/10\/Zacauilt.jpg\" \/>\n<meta name=\"author\" content=\"Lo viste en Los Pol\u00edticos\" \/>\n<meta name=\"twitter:card\" content=\"summary_large_image\" \/>\n<meta name=\"twitter:creator\" content=\"@LosPoliticosVer\" \/>\n<meta name=\"twitter:site\" content=\"@LosPoliticosVer\" \/>\n<meta name=\"twitter:label1\" content=\"Escrito por\" \/>\n\t<meta name=\"twitter:data1\" content=\"Lo viste en Los Pol\u00edticos\" \/>\n\t<meta name=\"twitter:label2\" content=\"Tiempo de lectura\" \/>\n\t<meta name=\"twitter:data2\" content=\"3 minutos\" \/>\n<script type=\"application\/ld+json\" class=\"yoast-schema-graph\">{\"@context\":\"https:\\\/\\\/schema.org\",\"@graph\":[{\"@type\":\"Article\",\"@id\":\"https:\\\/\\\/lospoliticosveracruz.com\\\/?p=102014#article\",\"isPartOf\":{\"@id\":\"https:\\\/\\\/lospoliticosveracruz.com\\\/?p=102014\"},\"author\":{\"name\":\"Lo viste en Los Pol\u00edticos\",\"@id\":\"https:\\\/\\\/lospoliticosveracruz.com\\\/#\\\/schema\\\/person\\\/b8702bb0e538456e6efd07080bf2a4a2\"},\"headline\":\"EL MENOS PIOR\",\"datePublished\":\"2023-02-02T04:17:17+00:00\",\"dateModified\":\"2023-02-02T04:17:22+00:00\",\"mainEntityOfPage\":{\"@id\":\"https:\\\/\\\/lospoliticosveracruz.com\\\/?p=102014\"},\"wordCount\":563,\"publisher\":{\"@id\":\"https:\\\/\\\/lospoliticosveracruz.com\\\/#organization\"},\"image\":{\"@id\":\"https:\\\/\\\/lospoliticosveracruz.com\\\/?p=102014#primaryimage\"},\"thumbnailUrl\":\"https:\\\/\\\/lospoliticosveracruz.com.mx\\\/wp-content\\\/uploads\\\/2021\\\/10\\\/Zacauilt.jpg\",\"keywords\":[\"Claudia Sheinbaum\",\"Fernando \u201cEl Huevo\u201d Arteaga\",\"Gerardo Fern\u00e1ndez Noro\u00f1a\",\"Juan Javier G\u00f3mez Cazar\u00edn\",\"Lul\u00fa Ju\u00e1rez\",\"Marcelo Ebrard\",\"Marco Antonio Mart\u00ednez Amador\",\"Movimiento Ciudadano\",\"Ricardo Monreal \u00c1vila\",\"Salvador Mu\u00f1oz\"],\"articleSection\":[\"De Opini\u00f3n\"],\"inLanguage\":\"es\"},{\"@type\":\"WebPage\",\"@id\":\"https:\\\/\\\/lospoliticosveracruz.com\\\/?p=102014\",\"url\":\"https:\\\/\\\/lospoliticosveracruz.com\\\/?p=102014\",\"name\":\"EL MENOS PIOR - Los pol\u00edticos Veracruz\",\"isPartOf\":{\"@id\":\"https:\\\/\\\/lospoliticosveracruz.com\\\/#website\"},\"primaryImageOfPage\":{\"@id\":\"https:\\\/\\\/lospoliticosveracruz.com\\\/?p=102014#primaryimage\"},\"image\":{\"@id\":\"https:\\\/\\\/lospoliticosveracruz.com\\\/?p=102014#primaryimage\"},\"thumbnailUrl\":\"https:\\\/\\\/lospoliticosveracruz.com.mx\\\/wp-content\\\/uploads\\\/2021\\\/10\\\/Zacauilt.jpg\",\"datePublished\":\"2023-02-02T04:17:17+00:00\",\"dateModified\":\"2023-02-02T04:17:22+00:00\",\"breadcrumb\":{\"@id\":\"https:\\\/\\\/lospoliticosveracruz.com\\\/?p=102014#breadcrumb\"},\"inLanguage\":\"es\",\"potentialAction\":[{\"@type\":\"ReadAction\",\"target\":[\"https:\\\/\\\/lospoliticosveracruz.com\\\/?p=102014\"]}]},{\"@type\":\"ImageObject\",\"inLanguage\":\"es\",\"@id\":\"https:\\\/\\\/lospoliticosveracruz.com\\\/?p=102014#primaryimage\",\"url\":\"https:\\\/\\\/lospoliticosveracruz.com.mx\\\/wp-content\\\/uploads\\\/2021\\\/10\\\/Zacauilt.jpg\",\"contentUrl\":\"https:\\\/\\\/lospoliticosveracruz.com.mx\\\/wp-content\\\/uploads\\\/2021\\\/10\\\/Zacauilt.jpg\"},{\"@type\":\"BreadcrumbList\",\"@id\":\"https:\\\/\\\/lospoliticosveracruz.com\\\/?p=102014#breadcrumb\",\"itemListElement\":[{\"@type\":\"ListItem\",\"position\":1,\"name\":\"Portada\",\"item\":\"https:\\\/\\\/lospoliticosveracruz.com\\\/\"},{\"@type\":\"ListItem\",\"position\":2,\"name\":\"EL MENOS PIOR\"}]},{\"@type\":\"WebSite\",\"@id\":\"https:\\\/\\\/lospoliticosveracruz.com\\\/#website\",\"url\":\"https:\\\/\\\/lospoliticosveracruz.com\\\/\",\"name\":\"Los pol\u00edticos Veracruz\",\"description\":\"\",\"publisher\":{\"@id\":\"https:\\\/\\\/lospoliticosveracruz.com\\\/#organization\"},\"potentialAction\":[{\"@type\":\"SearchAction\",\"target\":{\"@type\":\"EntryPoint\",\"urlTemplate\":\"https:\\\/\\\/lospoliticosveracruz.com\\\/?s={search_term_string}\"},\"query-input\":{\"@type\":\"PropertyValueSpecification\",\"valueRequired\":true,\"valueName\":\"search_term_string\"}}],\"inLanguage\":\"es\"},{\"@type\":\"Organization\",\"@id\":\"https:\\\/\\\/lospoliticosveracruz.com\\\/#organization\",\"name\":\"Los pol\u00edticos Veracruz\",\"url\":\"https:\\\/\\\/lospoliticosveracruz.com\\\/\",\"logo\":{\"@type\":\"ImageObject\",\"inLanguage\":\"es\",\"@id\":\"https:\\\/\\\/lospoliticosveracruz.com\\\/#\\\/schema\\\/logo\\\/image\\\/\",\"url\":\"https:\\\/\\\/lospoliticosveracruz.com\\\/wp-content\\\/uploads\\\/2025\\\/12\\\/Logo-Nuevo-LOS-POLITICOS-1.jpg\",\"contentUrl\":\"https:\\\/\\\/lospoliticosveracruz.com\\\/wp-content\\\/uploads\\\/2025\\\/12\\\/Logo-Nuevo-LOS-POLITICOS-1.jpg\",\"width\":260,\"height\":70,\"caption\":\"Los pol\u00edticos Veracruz\"},\"image\":{\"@id\":\"https:\\\/\\\/lospoliticosveracruz.com\\\/#\\\/schema\\\/logo\\\/image\\\/\"},\"sameAs\":[\"https:\\\/\\\/www.facebook.com\\\/people\\\/Notimemes-de-los-Polticos\\\/61565672886568\\\/\",\"https:\\\/\\\/x.com\\\/LosPoliticosVer\"]},{\"@type\":\"Person\",\"@id\":\"https:\\\/\\\/lospoliticosveracruz.com\\\/#\\\/schema\\\/person\\\/b8702bb0e538456e6efd07080bf2a4a2\",\"name\":\"Lo viste en Los Pol\u00edticos\",\"image\":{\"@type\":\"ImageObject\",\"inLanguage\":\"es\",\"@id\":\"https:\\\/\\\/secure.gravatar.com\\\/avatar\\\/3a8de04a2656d44082be478bd6c086daa447c4651605818287b9532d3d0bd435?s=96&d=mm&r=g\",\"url\":\"https:\\\/\\\/secure.gravatar.com\\\/avatar\\\/3a8de04a2656d44082be478bd6c086daa447c4651605818287b9532d3d0bd435?s=96&d=mm&r=g\",\"contentUrl\":\"https:\\\/\\\/secure.gravatar.com\\\/avatar\\\/3a8de04a2656d44082be478bd6c086daa447c4651605818287b9532d3d0bd435?s=96&d=mm&r=g\",\"caption\":\"Lo viste en Los Pol\u00edticos\"},\"url\":\"https:\\\/\\\/lospoliticosveracruz.com\\\/?author=2\"}]}<\/script>\n<!-- \/ Yoast SEO plugin. -->","yoast_head_json":{"title":"EL MENOS PIOR - Los pol\u00edticos Veracruz","robots":{"index":"index","follow":"follow","max-snippet":"max-snippet:-1","max-image-preview":"max-image-preview:large","max-video-preview":"max-video-preview:-1"},"canonical":"https:\/\/lospoliticosveracruz.com\/?p=102014","og_locale":"es_ES","og_type":"article","og_title":"EL MENOS PIOR - Los pol\u00edticos Veracruz","og_description":"Salvador Mu\u00f1ozLos Pol\u00edticos Claudia, Marcelo, Ad\u00e1n, Monreal, \u00a1hasta Noro\u00f1a! Morena y aliados acaparan los reflectores, marcan la pauta, llevan la agenda que permite al ciudadano pensar en una sola cosa: cu\u00e1l de \u00e9stos ser\u00e1 \u201cel menos pior\u201d para lo que viene porque la Oposici\u00f3n nom\u00e1s no muestra sus cartas y no se ve un liderazgo [&hellip;]","og_url":"https:\/\/lospoliticosveracruz.com\/?p=102014","og_site_name":"Los pol\u00edticos Veracruz","article_publisher":"https:\/\/www.facebook.com\/people\/Notimemes-de-los-Polticos\/61565672886568\/","article_published_time":"2023-02-02T04:17:17+00:00","article_modified_time":"2023-02-02T04:17:22+00:00","og_image":[{"url":"https:\/\/lospoliticosveracruz.com.mx\/wp-content\/uploads\/2021\/10\/Zacauilt.jpg","type":"","width":"","height":""}],"author":"Lo viste en Los Pol\u00edticos","twitter_card":"summary_large_image","twitter_creator":"@LosPoliticosVer","twitter_site":"@LosPoliticosVer","twitter_misc":{"Escrito por":"Lo viste en Los Pol\u00edticos","Tiempo de lectura":"3 minutos"},"schema":{"@context":"https:\/\/schema.org","@graph":[{"@type":"Article","@id":"https:\/\/lospoliticosveracruz.com\/?p=102014#article","isPartOf":{"@id":"https:\/\/lospoliticosveracruz.com\/?p=102014"},"author":{"name":"Lo viste en Los Pol\u00edticos","@id":"https:\/\/lospoliticosveracruz.com\/#\/schema\/person\/b8702bb0e538456e6efd07080bf2a4a2"},"headline":"EL MENOS PIOR","datePublished":"2023-02-02T04:17:17+00:00","dateModified":"2023-02-02T04:17:22+00:00","mainEntityOfPage":{"@id":"https:\/\/lospoliticosveracruz.com\/?p=102014"},"wordCount":563,"publisher":{"@id":"https:\/\/lospoliticosveracruz.com\/#organization"},"image":{"@id":"https:\/\/lospoliticosveracruz.com\/?p=102014#primaryimage"},"thumbnailUrl":"https:\/\/lospoliticosveracruz.com.mx\/wp-content\/uploads\/2021\/10\/Zacauilt.jpg","keywords":["Claudia Sheinbaum","Fernando \u201cEl Huevo\u201d Arteaga","Gerardo Fern\u00e1ndez Noro\u00f1a","Juan Javier G\u00f3mez Cazar\u00edn","Lul\u00fa Ju\u00e1rez","Marcelo Ebrard","Marco Antonio Mart\u00ednez Amador","Movimiento Ciudadano","Ricardo Monreal \u00c1vila","Salvador Mu\u00f1oz"],"articleSection":["De Opini\u00f3n"],"inLanguage":"es"},{"@type":"WebPage","@id":"https:\/\/lospoliticosveracruz.com\/?p=102014","url":"https:\/\/lospoliticosveracruz.com\/?p=102014","name":"EL MENOS PIOR - Los pol\u00edticos Veracruz","isPartOf":{"@id":"https:\/\/lospoliticosveracruz.com\/#website"},"primaryImageOfPage":{"@id":"https:\/\/lospoliticosveracruz.com\/?p=102014#primaryimage"},"image":{"@id":"https:\/\/lospoliticosveracruz.com\/?p=102014#primaryimage"},"thumbnailUrl":"https:\/\/lospoliticosveracruz.com.mx\/wp-content\/uploads\/2021\/10\/Zacauilt.jpg","datePublished":"2023-02-02T04:17:17+00:00","dateModified":"2023-02-02T04:17:22+00:00","breadcrumb":{"@id":"https:\/\/lospoliticosveracruz.com\/?p=102014#breadcrumb"},"inLanguage":"es","potentialAction":[{"@type":"ReadAction","target":["https:\/\/lospoliticosveracruz.com\/?p=102014"]}]},{"@type":"ImageObject","inLanguage":"es","@id":"https:\/\/lospoliticosveracruz.com\/?p=102014#primaryimage","url":"https:\/\/lospoliticosveracruz.com.mx\/wp-content\/uploads\/2021\/10\/Zacauilt.jpg","contentUrl":"https:\/\/lospoliticosveracruz.com.mx\/wp-content\/uploads\/2021\/10\/Zacauilt.jpg"},{"@type":"BreadcrumbList","@id":"https:\/\/lospoliticosveracruz.com\/?p=102014#breadcrumb","itemListElement":[{"@type":"ListItem","position":1,"name":"Portada","item":"https:\/\/lospoliticosveracruz.com\/"},{"@type":"ListItem","position":2,"name":"EL MENOS PIOR"}]},{"@type":"WebSite","@id":"https:\/\/lospoliticosveracruz.com\/#website","url":"https:\/\/lospoliticosveracruz.com\/","name":"Los pol\u00edticos Veracruz","description":"","publisher":{"@id":"https:\/\/lospoliticosveracruz.com\/#organization"},"potentialAction":[{"@type":"SearchAction","target":{"@type":"EntryPoint","urlTemplate":"https:\/\/lospoliticosveracruz.com\/?s={search_term_string}"},"query-input":{"@type":"PropertyValueSpecification","valueRequired":true,"valueName":"search_term_string"}}],"inLanguage":"es"},{"@type":"Organization","@id":"https:\/\/lospoliticosveracruz.com\/#organization","name":"Los pol\u00edticos Veracruz","url":"https:\/\/lospoliticosveracruz.com\/","logo":{"@type":"ImageObject","inLanguage":"es","@id":"https:\/\/lospoliticosveracruz.com\/#\/schema\/logo\/image\/","url":"https:\/\/lospoliticosveracruz.com\/wp-content\/uploads\/2025\/12\/Logo-Nuevo-LOS-POLITICOS-1.jpg","contentUrl":"https:\/\/lospoliticosveracruz.com\/wp-content\/uploads\/2025\/12\/Logo-Nuevo-LOS-POLITICOS-1.jpg","width":260,"height":70,"caption":"Los pol\u00edticos Veracruz"},"image":{"@id":"https:\/\/lospoliticosveracruz.com\/#\/schema\/logo\/image\/"},"sameAs":["https:\/\/www.facebook.com\/people\/Notimemes-de-los-Polticos\/61565672886568\/","https:\/\/x.com\/LosPoliticosVer"]},{"@type":"Person","@id":"https:\/\/lospoliticosveracruz.com\/#\/schema\/person\/b8702bb0e538456e6efd07080bf2a4a2","name":"Lo viste en Los Pol\u00edticos","image":{"@type":"ImageObject","inLanguage":"es","@id":"https:\/\/secure.gravatar.com\/avatar\/3a8de04a2656d44082be478bd6c086daa447c4651605818287b9532d3d0bd435?s=96&d=mm&r=g","url":"https:\/\/secure.gravatar.com\/avatar\/3a8de04a2656d44082be478bd6c086daa447c4651605818287b9532d3d0bd435?s=96&d=mm&r=g","contentUrl":"https:\/\/secure.gravatar.com\/avatar\/3a8de04a2656d44082be478bd6c086daa447c4651605818287b9532d3d0bd435?s=96&d=mm&r=g","caption":"Lo viste en Los Pol\u00edticos"},"url":"https:\/\/lospoliticosveracruz.com\/?author=2"}]}},"_links":{"self":[{"href":"https:\/\/lospoliticosveracruz.com\/index.php?rest_route=\/wp\/v2\/posts\/102014","targetHints":{"allow":["GET"]}}],"collection":[{"href":"https:\/\/lospoliticosveracruz.com\/index.php?rest_route=\/wp\/v2\/posts"}],"about":[{"href":"https:\/\/lospoliticosveracruz.com\/index.php?rest_route=\/wp\/v2\/types\/post"}],"author":[{"embeddable":true,"href":"https:\/\/lospoliticosveracruz.com\/index.php?rest_route=\/wp\/v2\/users\/2"}],"replies":[{"embeddable":true,"href":"https:\/\/lospoliticosveracruz.com\/index.php?rest_route=%2Fwp%2Fv2%2Fcomments&post=102014"}],"version-history":[{"count":1,"href":"https:\/\/lospoliticosveracruz.com\/index.php?rest_route=\/wp\/v2\/posts\/102014\/revisions"}],"predecessor-version":[{"id":102016,"href":"https:\/\/lospoliticosveracruz.com\/index.php?rest_route=\/wp\/v2\/posts\/102014\/revisions\/102016"}],"wp:attachment":[{"href":"https:\/\/lospoliticosveracruz.com\/index.php?rest_route=%2Fwp%2Fv2%2Fmedia&parent=102014"}],"wp:term":[{"taxonomy":"category","embeddable":true,"href":"https:\/\/lospoliticosveracruz.com\/index.php?rest_route=%2Fwp%2Fv2%2Fcategories&post=102014"},{"taxonomy":"post_tag","embeddable":true,"href":"https:\/\/lospoliticosveracruz.com\/index.php?rest_route=%2Fwp%2Fv2%2Ftags&post=102014"}],"curies":[{"name":"wp","href":"https:\/\/api.w.org\/{rel}","templated":true}]}}