{"id":102588,"date":"2023-02-16T07:46:57","date_gmt":"2023-02-16T13:46:57","guid":{"rendered":"https:\/\/lospoliticosveracruz.com.mx\/?p=102588"},"modified":"2023-02-16T07:52:22","modified_gmt":"2023-02-16T13:52:22","slug":"ojo-caso-araly","status":"publish","type":"post","link":"https:\/\/lospoliticosveracruz.com\/?p=102588","title":{"rendered":"OJO CASO ARALY"},"content":{"rendered":"\n<p><strong>Ricardo Ch\u00faa<\/strong><\/p>\n\n\n\n<p><em>Sale y Vale<\/em><\/p>\n\n\n\n<p>Sobre el tema de las presuntas empresas \u00abfantasmas\u00bb que se manejan dentro del gobierno estatal de Cuitl\u00e1huac Garc\u00eda&#8230; A trav\u00e9s de la presunta empresaria y empleada de esta administraci\u00f3n, Araly Rodr\u00edguez, que factur\u00f3 alrededor de 100 millones de pesos en Veracruz&#8230; Es un hecho que ni el \u00d3rgano de Fiscalizaci\u00f3n Superior (ORFIS) que maneja Delia Gonz\u00e1lez Cobos, ni la Contralor\u00eda General del Estado bajo el mando de Mercedes Santoyo&#8230; Se pueden \u00ablavar las manos\u00bb de este asunto&#8230; Tambi\u00e9n est\u00e1n bien adentro&#8230;<\/p>\n\n\n<div class=\"wp-block-image\">\n<figure class=\"alignleft size-medium\"><a href=\"https:\/\/lospoliticosveracruz.com.mx\/wp-content\/uploads\/2021\/10\/Zacauilt.jpg\"><img decoding=\"async\" src=\"https:\/\/lospoliticosveracruz.com.mx\/wp-content\/uploads\/2021\/10\/Zacauilt-150x300.jpg\" alt=\"\" class=\"wp-image-80558\"\/><\/a><\/figure>\n<\/div>\n\n\n<p>Ya que como muchos desconocen los reglamentos que rigen al ORFIS y Contralor\u00eda del Estado de cu\u00e1les son sus funciones y obligaciones.. Pareciera que Delia y Mercedes se quieren salir del tema escabroso, que viene afectando directamente a Cuitl\u00e1huac Garc\u00eda y su gobierno&#8230; Y NO PUEDE SER AS\u00cd&#8230; Esto se vio cuando la propia Gonz\u00e1lez Cobos hizo declaraciones sobre el caso que esa revisi\u00f3n del caso Araly, lo har\u00eda el ORFIS cuando revisaran las cuentas p\u00fablicas del 2021 y 2022&#8230; Pero esto no es as\u00ed&#8230; Delia est\u00e1 equivocada en su funci\u00f3n&#8230;&nbsp;&nbsp; &nbsp;<\/p>\n\n\n\n<p>Esto debido que en el ORFIS hay un reglamento que se llama: \u00abHALLAZGO\u00bb, que es cuando un ciudadano, un ente fiscal o legal (En este caso el diputado local, Marl\u00f3n Ram\u00edrez Mar\u00edn) denuncia una irregularidad en el manejo de los recursos p\u00fablicos o posible malversaci\u00f3n de fondos, como pudo ser en este caso, entonces, ah\u00ed el ORFIS tiene que actuar de inmediato y en consecuencia.. No se tiene que esperar que la cuenta p\u00fablica llegue a sus manos&#8230; Delia Gonz\u00e1lez puede auditar por ley, se lo permite el reglamento, al gobierno estatal por el tema Araly&#8230;<\/p>\n\n\n\n<p>Pero todo indica que el ORFIS no se quiere meter aun en el caso&#8230; Y est\u00e1 evadiendo el tema cuando es completamente de su incumbencia y por alguna raz\u00f3n se quiere hacer a un lado&#8230; Delia de nuevo se pone en el \u00abojo del hurac\u00e1n\u00bb porque sino se pone a investigar el caso&#8230; Su funci\u00f3n, de nuevo, quedar\u00e1 bajo sospecha&#8230; Y luego se queja de que todos la culpan&#8230; En el caso de Mercedes Santoyo.. Por una situaci\u00f3n similar, en otros sexenios \u00abconservadores\u00bb, ella ya hubiera presentado SU RENUNCIA al d\u00eda siguiente que se dio a conocer el caso&#8230;&nbsp;<\/p>\n\n\n\n<p>El asunto es que este esc\u00e1ndalo de las empresas \u00abfantasmas\u00bb en Veracruz&#8230; Ya puso a estas dos funcionarias bajo la lupa&#8230; Tanto de la sociedad como de organismos legales federales, de por qu\u00e9 no quieren meterse al caso y de las responsabilidades legales y administrativas de este asunto..&nbsp;&nbsp;EN RESUMEN.. Del\u00eda trata de no \u00abmancharse\u00bb del \u00abAralyGate\u00bb y Mercedes est\u00e1 bien \u00abmanchada\u00bb&#8230; AGUAS&#8230; NO SEA QUE LAS QUIERAN OCUPAR DE \u00abCHIVOS EXPIATORIOS\u00bb.. Vean el caso de Martha B\u00e1rcenas..&nbsp;&nbsp;EL QUE ENTENDI\u00d3, ENTENDI\u00d3&#8230; AM\u00c9N&#8230;&nbsp;<\/p>\n\n\n\n<p>\u00abLODAZAL\u00bb DEL \u00abARALYGATE\u00bb EN VERACRUZ.. Si nos remontamos a lo sucedido en los \u00faltimos a\u00f1os en M\u00e9xico&#8230; Y observamos el juicio de G\u00e9naro Garc\u00eda Luna en EEUU, hay dos aspectos que \u00abEl Rey\u00bb Zambada dijo como testigo en la Corte.. Uno, que el gobierno de Felipe Calder\u00f3n permiti\u00f3 el crecimiento de la actividad delictiva del pa\u00eds.. Dos, que otorg\u00f3 7 millones de d\u00f3lares para la campa\u00f1a de la izquierda en 2006.. Si bien el punto UNO fue m\u00e1s que evidente, ahora la izquierda es evidenciada de recibir financiamiento por el crimen organizado&#8230;<\/p>\n\n\n\n<p>Pero qu\u00e9 tiene que ver esto con Veracruz&#8230; Simplemente se puede decir que la figura de la lucha contra la corrupci\u00f3n est\u00e1 m\u00e1s que evidente&#8230; De como los actores pol\u00edticos de MORENA y la izquierda que lo antecedi\u00f3 siempre ha buscado dinero a como d\u00e9 lugar (Bejarano, Imaz, Pio, Martinillo, Rocio Abre\u00fa, los funcionarios de Layda Sansores y otros m\u00e1s)&#8230; Por eso, es que en Veracruz, se muestra que el caso \u00abAraly\u00bb es el vivo retrato de la corrupci\u00f3n.. As\u00ed de canijo..&nbsp;<\/p>\n\n\n\n<p>Hay qui\u00e9n especula en Veracruz, que Araly Rodr\u00edguez no existe f\u00edsicamente y que es una invenci\u00f3n para \u00aborde\u00f1ar\u00bb recursos econ\u00f3micos del gobierno del Estado.. Que ella podr\u00eda ser considerada pol\u00edticamente como \u00abEl Chupacabras\u00bb de la 4T&#8230; Siempre se ha sospechado que hay una m\u00e1xima de Andr\u00e9s Manuel L\u00f3pez Obrador, de que nadie ejerza recursos al 100 por ciento en los Estados para que sean devueltos al gobierno federal&#8230; Y as\u00ed tengan recursos para los programas sociales&#8230;<\/p>\n\n\n\n<p>Por eso, dicen que este caso fue creado por una \u00abmente\u00bb perversa&#8230; Y que este mismo, ya se acostumbro a pagar comidas de miles de pesos.. Que por eso, ha creado una presunta empresaria \u00abimaginaria\u00bb.. Que \u00aborde\u00f1a\u00bb y que est\u00e1 \u00abcobijada\u00bb por los hombres m\u00e1s fuertes del gobernador, Cuitl\u00e1huac Garc\u00eda y que son quienes gozan de su confianza.. Por un lado, Araly Rod\u00edguez fue avalada en el padr\u00f3n de proveedores de Sefiplan, respaldada por Jos\u00e9 Luis Lima y \u00aboperada\u00bb por el Primo Eleazar Guerrero P\u00e9rez.. .<\/p>\n\n\n\n<p>S\u00f3lo hay que recordar, como la incrustaron al gobierno del Estado.. Araly Rodriguez trabaja en un interinato en la SEV bajo el mando de Zenyazen Escobar, amigo de Cuitl\u00e1huac y aspirante a gobernador&#8230;Si bien estamos acostumbrados a ligar el delito de delincuencia organizada con casos del narcotr\u00e1fico.. Hoy dentro del gobierno de Veracruz demuestran que no es necesario ser narcotraficante para ser parte de una red criminal financiera&#8230; Al final del d\u00eda, se descubre que la 4T falla a su doctrina b\u00e1sica: Han mentido, han robado y han traicionado al pueblo&nbsp;&nbsp;..El gobierno de Veracruz debe hacer algo m\u00e1s que remodelar \u00abEl Pirata\u00bb, pues, ah\u00ed hay un \u00abPirata\u00bb que puede ser su principal inquilino&#8230; EL QUE ENTENDI\u00d3, ENTENDI\u00d3&#8230; AMEN.. .<\/p>\n","protected":false},"excerpt":{"rendered":"<p>Ricardo Ch\u00faa Sale y Vale Sobre el tema de las presuntas empresas \u00abfantasmas\u00bb que se manejan dentro del gobierno estatal de Cuitl\u00e1huac Garc\u00eda&#8230; A trav\u00e9s de la presunta empresaria y empleada de esta administraci\u00f3n, Araly Rodr\u00edguez, que factur\u00f3 alrededor de 100 millones de pesos en Veracruz&#8230; Es un hecho que ni el \u00d3rgano de Fiscalizaci\u00f3n [&hellip;]<\/p>\n","protected":false},"author":2,"featured_media":0,"comment_status":"closed","ping_status":"closed","sticky":false,"template":"","format":"standard","meta":{"tdm_status":"","tdm_grid_status":"","footnotes":""},"categories":[70],"tags":[36292,20211,15181,13912,13713,2908,5584,135,13604],"class_list":{"0":"post-102588","1":"post","2":"type-post","3":"status-publish","4":"format-standard","6":"category-de-opinion","7":"tag-araly-rodriguez-vez","8":"tag-ciutlahuac-garcia-jimenez","9":"tag-delia-gonzalez-cobos","10":"tag-eleazar-guerrero-perez","11":"tag-jose-luis-lima-franco","12":"tag-marlon-ramirez-marin","13":"tag-mercedes-santoyo-dominguez","14":"tag-orfis","15":"tag-ricardo-chua"},"yoast_head":"<!-- This site is optimized with the Yoast SEO plugin v27.4 - https:\/\/yoast.com\/product\/yoast-seo-wordpress\/ -->\n<title>OJO CASO ARALY - Los pol\u00edticos Veracruz<\/title>\n<meta name=\"robots\" content=\"index, follow, max-snippet:-1, max-image-preview:large, max-video-preview:-1\" \/>\n<link rel=\"canonical\" href=\"https:\/\/lospoliticosveracruz.com\/?p=102588\" \/>\n<meta property=\"og:locale\" content=\"es_ES\" \/>\n<meta property=\"og:type\" content=\"article\" \/>\n<meta property=\"og:title\" content=\"OJO CASO ARALY - Los pol\u00edticos Veracruz\" \/>\n<meta property=\"og:description\" content=\"Ricardo Ch\u00faa Sale y Vale Sobre el tema de las presuntas empresas \u00abfantasmas\u00bb que se manejan dentro del gobierno estatal de Cuitl\u00e1huac Garc\u00eda&#8230; A trav\u00e9s de la presunta empresaria y empleada de esta administraci\u00f3n, Araly Rodr\u00edguez, que factur\u00f3 alrededor de 100 millones de pesos en Veracruz&#8230; Es un hecho que ni el \u00d3rgano de Fiscalizaci\u00f3n [&hellip;]\" \/>\n<meta property=\"og:url\" content=\"https:\/\/lospoliticosveracruz.com\/?p=102588\" \/>\n<meta property=\"og:site_name\" content=\"Los pol\u00edticos Veracruz\" \/>\n<meta property=\"article:publisher\" content=\"https:\/\/www.facebook.com\/people\/Notimemes-de-los-Polticos\/61565672886568\/\" \/>\n<meta property=\"article:published_time\" content=\"2023-02-16T13:46:57+00:00\" \/>\n<meta property=\"article:modified_time\" content=\"2023-02-16T13:52:22+00:00\" \/>\n<meta property=\"og:image\" content=\"https:\/\/lospoliticosveracruz.com.mx\/wp-content\/uploads\/2021\/10\/Zacauilt-150x300.jpg\" \/>\n<meta name=\"author\" content=\"Lo viste en Los Pol\u00edticos\" \/>\n<meta name=\"twitter:card\" content=\"summary_large_image\" \/>\n<meta name=\"twitter:creator\" content=\"@LosPoliticosVer\" \/>\n<meta name=\"twitter:site\" content=\"@LosPoliticosVer\" \/>\n<meta name=\"twitter:label1\" content=\"Escrito por\" \/>\n\t<meta name=\"twitter:data1\" content=\"Lo viste en Los Pol\u00edticos\" \/>\n\t<meta name=\"twitter:label2\" content=\"Tiempo de lectura\" \/>\n\t<meta name=\"twitter:data2\" content=\"5 minutos\" \/>\n<script type=\"application\/ld+json\" class=\"yoast-schema-graph\">{\"@context\":\"https:\\\/\\\/schema.org\",\"@graph\":[{\"@type\":\"Article\",\"@id\":\"https:\\\/\\\/lospoliticosveracruz.com\\\/?p=102588#article\",\"isPartOf\":{\"@id\":\"https:\\\/\\\/lospoliticosveracruz.com\\\/?p=102588\"},\"author\":{\"name\":\"Lo viste en Los Pol\u00edticos\",\"@id\":\"https:\\\/\\\/lospoliticosveracruz.com\\\/#\\\/schema\\\/person\\\/b8702bb0e538456e6efd07080bf2a4a2\"},\"headline\":\"OJO CASO ARALY\",\"datePublished\":\"2023-02-16T13:46:57+00:00\",\"dateModified\":\"2023-02-16T13:52:22+00:00\",\"mainEntityOfPage\":{\"@id\":\"https:\\\/\\\/lospoliticosveracruz.com\\\/?p=102588\"},\"wordCount\":993,\"publisher\":{\"@id\":\"https:\\\/\\\/lospoliticosveracruz.com\\\/#organization\"},\"image\":{\"@id\":\"https:\\\/\\\/lospoliticosveracruz.com\\\/?p=102588#primaryimage\"},\"thumbnailUrl\":\"https:\\\/\\\/lospoliticosveracruz.com.mx\\\/wp-content\\\/uploads\\\/2021\\\/10\\\/Zacauilt-150x300.jpg\",\"keywords\":[\"Araly Rodr\u00edguez Vez\",\"Ciutl\u00e1huac Garc\u00eda Jim\u00e9nez\",\"Delia Gonz\u00e1lez Cobos\",\"Eleazar Guerrero P\u00e9rez\",\"Jos\u00e9 Luis Lima Franco\",\"Marlon Ram\u00edrez Mar\u00edn\",\"Mercedes Santoyo Dom\u00ednguez\",\"Orfis\",\"Ricardo Ch\u00faa\"],\"articleSection\":[\"De Opini\u00f3n\"],\"inLanguage\":\"es\"},{\"@type\":\"WebPage\",\"@id\":\"https:\\\/\\\/lospoliticosveracruz.com\\\/?p=102588\",\"url\":\"https:\\\/\\\/lospoliticosveracruz.com\\\/?p=102588\",\"name\":\"OJO CASO ARALY - Los pol\u00edticos Veracruz\",\"isPartOf\":{\"@id\":\"https:\\\/\\\/lospoliticosveracruz.com\\\/#website\"},\"primaryImageOfPage\":{\"@id\":\"https:\\\/\\\/lospoliticosveracruz.com\\\/?p=102588#primaryimage\"},\"image\":{\"@id\":\"https:\\\/\\\/lospoliticosveracruz.com\\\/?p=102588#primaryimage\"},\"thumbnailUrl\":\"https:\\\/\\\/lospoliticosveracruz.com.mx\\\/wp-content\\\/uploads\\\/2021\\\/10\\\/Zacauilt-150x300.jpg\",\"datePublished\":\"2023-02-16T13:46:57+00:00\",\"dateModified\":\"2023-02-16T13:52:22+00:00\",\"breadcrumb\":{\"@id\":\"https:\\\/\\\/lospoliticosveracruz.com\\\/?p=102588#breadcrumb\"},\"inLanguage\":\"es\",\"potentialAction\":[{\"@type\":\"ReadAction\",\"target\":[\"https:\\\/\\\/lospoliticosveracruz.com\\\/?p=102588\"]}]},{\"@type\":\"ImageObject\",\"inLanguage\":\"es\",\"@id\":\"https:\\\/\\\/lospoliticosveracruz.com\\\/?p=102588#primaryimage\",\"url\":\"https:\\\/\\\/lospoliticosveracruz.com.mx\\\/wp-content\\\/uploads\\\/2021\\\/10\\\/Zacauilt-150x300.jpg\",\"contentUrl\":\"https:\\\/\\\/lospoliticosveracruz.com.mx\\\/wp-content\\\/uploads\\\/2021\\\/10\\\/Zacauilt-150x300.jpg\"},{\"@type\":\"BreadcrumbList\",\"@id\":\"https:\\\/\\\/lospoliticosveracruz.com\\\/?p=102588#breadcrumb\",\"itemListElement\":[{\"@type\":\"ListItem\",\"position\":1,\"name\":\"Portada\",\"item\":\"https:\\\/\\\/lospoliticosveracruz.com\\\/\"},{\"@type\":\"ListItem\",\"position\":2,\"name\":\"OJO CASO ARALY\"}]},{\"@type\":\"WebSite\",\"@id\":\"https:\\\/\\\/lospoliticosveracruz.com\\\/#website\",\"url\":\"https:\\\/\\\/lospoliticosveracruz.com\\\/\",\"name\":\"Los pol\u00edticos Veracruz\",\"description\":\"\",\"publisher\":{\"@id\":\"https:\\\/\\\/lospoliticosveracruz.com\\\/#organization\"},\"potentialAction\":[{\"@type\":\"SearchAction\",\"target\":{\"@type\":\"EntryPoint\",\"urlTemplate\":\"https:\\\/\\\/lospoliticosveracruz.com\\\/?s={search_term_string}\"},\"query-input\":{\"@type\":\"PropertyValueSpecification\",\"valueRequired\":true,\"valueName\":\"search_term_string\"}}],\"inLanguage\":\"es\"},{\"@type\":\"Organization\",\"@id\":\"https:\\\/\\\/lospoliticosveracruz.com\\\/#organization\",\"name\":\"Los pol\u00edticos Veracruz\",\"url\":\"https:\\\/\\\/lospoliticosveracruz.com\\\/\",\"logo\":{\"@type\":\"ImageObject\",\"inLanguage\":\"es\",\"@id\":\"https:\\\/\\\/lospoliticosveracruz.com\\\/#\\\/schema\\\/logo\\\/image\\\/\",\"url\":\"https:\\\/\\\/lospoliticosveracruz.com\\\/wp-content\\\/uploads\\\/2025\\\/12\\\/Logo-Nuevo-LOS-POLITICOS-1.jpg\",\"contentUrl\":\"https:\\\/\\\/lospoliticosveracruz.com\\\/wp-content\\\/uploads\\\/2025\\\/12\\\/Logo-Nuevo-LOS-POLITICOS-1.jpg\",\"width\":260,\"height\":70,\"caption\":\"Los pol\u00edticos Veracruz\"},\"image\":{\"@id\":\"https:\\\/\\\/lospoliticosveracruz.com\\\/#\\\/schema\\\/logo\\\/image\\\/\"},\"sameAs\":[\"https:\\\/\\\/www.facebook.com\\\/people\\\/Notimemes-de-los-Polticos\\\/61565672886568\\\/\",\"https:\\\/\\\/x.com\\\/LosPoliticosVer\"]},{\"@type\":\"Person\",\"@id\":\"https:\\\/\\\/lospoliticosveracruz.com\\\/#\\\/schema\\\/person\\\/b8702bb0e538456e6efd07080bf2a4a2\",\"name\":\"Lo viste en Los Pol\u00edticos\",\"image\":{\"@type\":\"ImageObject\",\"inLanguage\":\"es\",\"@id\":\"https:\\\/\\\/secure.gravatar.com\\\/avatar\\\/3a8de04a2656d44082be478bd6c086daa447c4651605818287b9532d3d0bd435?s=96&d=mm&r=g\",\"url\":\"https:\\\/\\\/secure.gravatar.com\\\/avatar\\\/3a8de04a2656d44082be478bd6c086daa447c4651605818287b9532d3d0bd435?s=96&d=mm&r=g\",\"contentUrl\":\"https:\\\/\\\/secure.gravatar.com\\\/avatar\\\/3a8de04a2656d44082be478bd6c086daa447c4651605818287b9532d3d0bd435?s=96&d=mm&r=g\",\"caption\":\"Lo viste en Los Pol\u00edticos\"},\"url\":\"https:\\\/\\\/lospoliticosveracruz.com\\\/?author=2\"}]}<\/script>\n<!-- \/ Yoast SEO plugin. -->","yoast_head_json":{"title":"OJO CASO ARALY - Los pol\u00edticos Veracruz","robots":{"index":"index","follow":"follow","max-snippet":"max-snippet:-1","max-image-preview":"max-image-preview:large","max-video-preview":"max-video-preview:-1"},"canonical":"https:\/\/lospoliticosveracruz.com\/?p=102588","og_locale":"es_ES","og_type":"article","og_title":"OJO CASO ARALY - Los pol\u00edticos Veracruz","og_description":"Ricardo Ch\u00faa Sale y Vale Sobre el tema de las presuntas empresas \u00abfantasmas\u00bb que se manejan dentro del gobierno estatal de Cuitl\u00e1huac Garc\u00eda&#8230; A trav\u00e9s de la presunta empresaria y empleada de esta administraci\u00f3n, Araly Rodr\u00edguez, que factur\u00f3 alrededor de 100 millones de pesos en Veracruz&#8230; Es un hecho que ni el \u00d3rgano de Fiscalizaci\u00f3n [&hellip;]","og_url":"https:\/\/lospoliticosveracruz.com\/?p=102588","og_site_name":"Los pol\u00edticos Veracruz","article_publisher":"https:\/\/www.facebook.com\/people\/Notimemes-de-los-Polticos\/61565672886568\/","article_published_time":"2023-02-16T13:46:57+00:00","article_modified_time":"2023-02-16T13:52:22+00:00","og_image":[{"url":"https:\/\/lospoliticosveracruz.com.mx\/wp-content\/uploads\/2021\/10\/Zacauilt-150x300.jpg","type":"","width":"","height":""}],"author":"Lo viste en Los Pol\u00edticos","twitter_card":"summary_large_image","twitter_creator":"@LosPoliticosVer","twitter_site":"@LosPoliticosVer","twitter_misc":{"Escrito por":"Lo viste en Los Pol\u00edticos","Tiempo de lectura":"5 minutos"},"schema":{"@context":"https:\/\/schema.org","@graph":[{"@type":"Article","@id":"https:\/\/lospoliticosveracruz.com\/?p=102588#article","isPartOf":{"@id":"https:\/\/lospoliticosveracruz.com\/?p=102588"},"author":{"name":"Lo viste en Los Pol\u00edticos","@id":"https:\/\/lospoliticosveracruz.com\/#\/schema\/person\/b8702bb0e538456e6efd07080bf2a4a2"},"headline":"OJO CASO ARALY","datePublished":"2023-02-16T13:46:57+00:00","dateModified":"2023-02-16T13:52:22+00:00","mainEntityOfPage":{"@id":"https:\/\/lospoliticosveracruz.com\/?p=102588"},"wordCount":993,"publisher":{"@id":"https:\/\/lospoliticosveracruz.com\/#organization"},"image":{"@id":"https:\/\/lospoliticosveracruz.com\/?p=102588#primaryimage"},"thumbnailUrl":"https:\/\/lospoliticosveracruz.com.mx\/wp-content\/uploads\/2021\/10\/Zacauilt-150x300.jpg","keywords":["Araly Rodr\u00edguez Vez","Ciutl\u00e1huac Garc\u00eda Jim\u00e9nez","Delia Gonz\u00e1lez Cobos","Eleazar Guerrero P\u00e9rez","Jos\u00e9 Luis Lima Franco","Marlon Ram\u00edrez Mar\u00edn","Mercedes Santoyo Dom\u00ednguez","Orfis","Ricardo Ch\u00faa"],"articleSection":["De Opini\u00f3n"],"inLanguage":"es"},{"@type":"WebPage","@id":"https:\/\/lospoliticosveracruz.com\/?p=102588","url":"https:\/\/lospoliticosveracruz.com\/?p=102588","name":"OJO CASO ARALY - Los pol\u00edticos Veracruz","isPartOf":{"@id":"https:\/\/lospoliticosveracruz.com\/#website"},"primaryImageOfPage":{"@id":"https:\/\/lospoliticosveracruz.com\/?p=102588#primaryimage"},"image":{"@id":"https:\/\/lospoliticosveracruz.com\/?p=102588#primaryimage"},"thumbnailUrl":"https:\/\/lospoliticosveracruz.com.mx\/wp-content\/uploads\/2021\/10\/Zacauilt-150x300.jpg","datePublished":"2023-02-16T13:46:57+00:00","dateModified":"2023-02-16T13:52:22+00:00","breadcrumb":{"@id":"https:\/\/lospoliticosveracruz.com\/?p=102588#breadcrumb"},"inLanguage":"es","potentialAction":[{"@type":"ReadAction","target":["https:\/\/lospoliticosveracruz.com\/?p=102588"]}]},{"@type":"ImageObject","inLanguage":"es","@id":"https:\/\/lospoliticosveracruz.com\/?p=102588#primaryimage","url":"https:\/\/lospoliticosveracruz.com.mx\/wp-content\/uploads\/2021\/10\/Zacauilt-150x300.jpg","contentUrl":"https:\/\/lospoliticosveracruz.com.mx\/wp-content\/uploads\/2021\/10\/Zacauilt-150x300.jpg"},{"@type":"BreadcrumbList","@id":"https:\/\/lospoliticosveracruz.com\/?p=102588#breadcrumb","itemListElement":[{"@type":"ListItem","position":1,"name":"Portada","item":"https:\/\/lospoliticosveracruz.com\/"},{"@type":"ListItem","position":2,"name":"OJO CASO ARALY"}]},{"@type":"WebSite","@id":"https:\/\/lospoliticosveracruz.com\/#website","url":"https:\/\/lospoliticosveracruz.com\/","name":"Los pol\u00edticos Veracruz","description":"","publisher":{"@id":"https:\/\/lospoliticosveracruz.com\/#organization"},"potentialAction":[{"@type":"SearchAction","target":{"@type":"EntryPoint","urlTemplate":"https:\/\/lospoliticosveracruz.com\/?s={search_term_string}"},"query-input":{"@type":"PropertyValueSpecification","valueRequired":true,"valueName":"search_term_string"}}],"inLanguage":"es"},{"@type":"Organization","@id":"https:\/\/lospoliticosveracruz.com\/#organization","name":"Los pol\u00edticos Veracruz","url":"https:\/\/lospoliticosveracruz.com\/","logo":{"@type":"ImageObject","inLanguage":"es","@id":"https:\/\/lospoliticosveracruz.com\/#\/schema\/logo\/image\/","url":"https:\/\/lospoliticosveracruz.com\/wp-content\/uploads\/2025\/12\/Logo-Nuevo-LOS-POLITICOS-1.jpg","contentUrl":"https:\/\/lospoliticosveracruz.com\/wp-content\/uploads\/2025\/12\/Logo-Nuevo-LOS-POLITICOS-1.jpg","width":260,"height":70,"caption":"Los pol\u00edticos Veracruz"},"image":{"@id":"https:\/\/lospoliticosveracruz.com\/#\/schema\/logo\/image\/"},"sameAs":["https:\/\/www.facebook.com\/people\/Notimemes-de-los-Polticos\/61565672886568\/","https:\/\/x.com\/LosPoliticosVer"]},{"@type":"Person","@id":"https:\/\/lospoliticosveracruz.com\/#\/schema\/person\/b8702bb0e538456e6efd07080bf2a4a2","name":"Lo viste en Los Pol\u00edticos","image":{"@type":"ImageObject","inLanguage":"es","@id":"https:\/\/secure.gravatar.com\/avatar\/3a8de04a2656d44082be478bd6c086daa447c4651605818287b9532d3d0bd435?s=96&d=mm&r=g","url":"https:\/\/secure.gravatar.com\/avatar\/3a8de04a2656d44082be478bd6c086daa447c4651605818287b9532d3d0bd435?s=96&d=mm&r=g","contentUrl":"https:\/\/secure.gravatar.com\/avatar\/3a8de04a2656d44082be478bd6c086daa447c4651605818287b9532d3d0bd435?s=96&d=mm&r=g","caption":"Lo viste en Los Pol\u00edticos"},"url":"https:\/\/lospoliticosveracruz.com\/?author=2"}]}},"_links":{"self":[{"href":"https:\/\/lospoliticosveracruz.com\/index.php?rest_route=\/wp\/v2\/posts\/102588","targetHints":{"allow":["GET"]}}],"collection":[{"href":"https:\/\/lospoliticosveracruz.com\/index.php?rest_route=\/wp\/v2\/posts"}],"about":[{"href":"https:\/\/lospoliticosveracruz.com\/index.php?rest_route=\/wp\/v2\/types\/post"}],"author":[{"embeddable":true,"href":"https:\/\/lospoliticosveracruz.com\/index.php?rest_route=\/wp\/v2\/users\/2"}],"replies":[{"embeddable":true,"href":"https:\/\/lospoliticosveracruz.com\/index.php?rest_route=%2Fwp%2Fv2%2Fcomments&post=102588"}],"version-history":[{"count":1,"href":"https:\/\/lospoliticosveracruz.com\/index.php?rest_route=\/wp\/v2\/posts\/102588\/revisions"}],"predecessor-version":[{"id":102589,"href":"https:\/\/lospoliticosveracruz.com\/index.php?rest_route=\/wp\/v2\/posts\/102588\/revisions\/102589"}],"wp:attachment":[{"href":"https:\/\/lospoliticosveracruz.com\/index.php?rest_route=%2Fwp%2Fv2%2Fmedia&parent=102588"}],"wp:term":[{"taxonomy":"category","embeddable":true,"href":"https:\/\/lospoliticosveracruz.com\/index.php?rest_route=%2Fwp%2Fv2%2Fcategories&post=102588"},{"taxonomy":"post_tag","embeddable":true,"href":"https:\/\/lospoliticosveracruz.com\/index.php?rest_route=%2Fwp%2Fv2%2Ftags&post=102588"}],"curies":[{"name":"wp","href":"https:\/\/api.w.org\/{rel}","templated":true}]}}