{"id":102590,"date":"2023-02-16T07:51:03","date_gmt":"2023-02-16T13:51:03","guid":{"rendered":"https:\/\/lospoliticosveracruz.com.mx\/?p=102590"},"modified":"2023-02-16T08:30:07","modified_gmt":"2023-02-16T14:30:07","slug":"se-atrevera-marisol-a-tanto","status":"publish","type":"post","link":"https:\/\/lospoliticosveracruz.com\/?p=102590","title":{"rendered":"\u00bfSE ATREVER\u00c1 MARISOL A TANTO?&nbsp;"},"content":{"rendered":"\n<p><strong>Bernardo Guti\u00e9rrez Parra&nbsp;<\/strong><\/p>\n\n\n\n<p><em>Desde el Caf\u00e9&nbsp;<\/em><\/p>\n\n\n\n<p>Si la flamante Consejera presidenta del Organismo P\u00fablico Local Electoral, Marisol Delgadillo Morales, pens\u00f3 que se la llevar\u00eda tranquila hasta el arranque del pr\u00f3ximo proceso electoral, se equivoc\u00f3. Le acaban de aventar una papa hirviendo de caliente que tendr\u00e1 que enfriar a satisfacci\u00f3n de una mujer agraviada y de paso a satisfacci\u00f3n de todas las veracruzanas, ella incluida.<\/p>\n\n\n\n<figure class=\"wp-block-image size-full\"><a href=\"https:\/\/lospoliticosveracruz.com.mx\/wp-content\/uploads\/2022\/05\/Seguro-Julio-Cerecedo.jpg\"><img decoding=\"async\" src=\"https:\/\/lospoliticosveracruz.com.mx\/wp-content\/uploads\/2022\/05\/Seguro-Julio-Cerecedo.jpg\" alt=\"\" class=\"wp-image-90414\"\/><\/a><\/figure>\n\n\n\n<p>En noviembre anterior durante su comparecencia en el Congreso local, el secretario de Gobierno, Eric Cisneros, se port\u00f3 como lo que es; como un pat\u00e1n con la diputada Ruth Callejas Rold\u00e1n que lo denunci\u00f3 por violencia pol\u00edtica en raz\u00f3n de g\u00e9nero.&nbsp;<\/p>\n\n\n\n<p>Fieles a su servilismo con los de arriba, los miembros de la Sala Regional del Tribunal Electoral de Veracruz desecharon su denuncia, pero la Sala Superior del Tribunal Electoral del Poder Judicial de la Federaci\u00f3n revoc\u00f3 el fallo y pidi\u00f3 al OPLE que determine si los comentarios hechos por Eric, tienen que ver con violencia pol\u00edtica en raz\u00f3n de g\u00e9nero.&nbsp;<\/p>\n\n\n\n<p>Marisol se quiso saltar muy a la torera la ordenanza al manifestar: \u201cLa parte que le corresponde al OPLE es s\u00f3lo integrar el expediente y finalmente la determinaci\u00f3n de la sentencia ser\u00e1 del Tribunal Electoral en su oportunidad\u201d.<\/p>\n\n\n\n<p>Pero nada. Lo que Ruth est\u00e1 pidiendo espec\u00edficamente al OPLE en su denuncia, es que inscriba a Eric Cisneros en el Registro de Personas Sancionadas en Materia de Violencia Pol\u00edtica contra las Mujeres, para que no pueda competir por un cargo de elecci\u00f3n popular.&nbsp;<\/p>\n\n\n\n<p>Y el TEPJF le dio la raz\u00f3n a la legisladora.&nbsp;<\/p>\n\n\n\n<p>\u201cSe advierte que la actora promovi\u00f3 juicio de la ciudadan\u00eda directamente ante la instancia local, lo cierto es que se trata de una aut\u00e9ntica denuncia, porque su pretensi\u00f3n es que se sancione a la persona denunciada\u2026 por tanto, a fin de garantizar una justicia r\u00e1pida y efectiva, se ordena la remisi\u00f3n al Organismo P\u00fablico Local Electoral por ser el competente para sustanciar dicho procedimiento\u201d.&nbsp;<\/p>\n\n\n\n<p>\u00bfSe atrever\u00e1 Marisol a sancionar al temido y poderoso funcionario y con ello cortarle las alas para evitar que siga medrando del erario y ofendiendo a las mujeres? O como es com\u00fan en este gobierno, echar\u00e1 la ordenanza del TEPJF al caj\u00f3n del olvido.&nbsp;<\/p>\n\n\n\n<p>Si se quiere lavar las manos sugiriendo a Eric que ofrezca una disculpa p\u00fablica a la legisladora, el respeto que se ha ganado como mujer y funcionaria se ir\u00e1 al diablo.<\/p>\n\n\n\n<p>Al inscribir a Eric en el Registro de Personas Sancionadas, no lo har\u00e1 contra un individuo caballeroso que en un momento de ofuscaci\u00f3n le falt\u00f3 al respeto a una mujer y est\u00e1 sinceramente arrepentido, sino contra un sujeto rencoroso y acomplejado que las ofende por sistema.&nbsp;&nbsp;<\/p>\n\n\n\n<p>Si le da vueltas al asunto con el argumento de que lo est\u00e1 estudiando detenidamente, ser\u00e1 la decepci\u00f3n de cientos de miles de mujeres agredidas por tipos que amparados en la impunidad las siguen agrediendo.&nbsp;<\/p>\n\n\n\n<p>Espero que no, pero si en alg\u00fan momento de su vida la presidenta del OPLE sufri\u00f3 de acoso, hostigamiento o violencia f\u00edsica, sabr\u00e1 lo frustrante e indignante que es que el cobarde agresor no haya recibido su merecido. Si pasa por alto la agresi\u00f3n de Eric a una mujer (que pudo ser la propia Marisol Delgadillo) le abrir\u00e1 la puerta a m\u00e1s funcionarios patanes para hacer lo mismo.&nbsp;<\/p>\n\n\n\n<p>Sin duda lector, la presi\u00f3n debe estar a todo lo que da y quiz\u00e1 a estas horas la funcionaria ya habr\u00e1 recibido m\u00e1s de una llamada de Palacio de Gobierno con promesas o amenazas, porque as\u00ed se estila.&nbsp;<\/p>\n\n\n\n<p>Pero si hace valer la ley y para en seco a un sujeto que no tiene la menor consideraci\u00f3n con las mujeres, no s\u00f3lo se ganar\u00e1 el respeto y admiraci\u00f3n de los veracruzanos sino de todo un pa\u00eds (porque su acci\u00f3n trascender\u00e1) donde las mujeres son las v\u00edctimas y los victimarios los impunes.&nbsp;<\/p>\n\n\n\n<p>Tambi\u00e9n ser\u00e1 ejemplo a seguir para aquellas que han guardado silencio y siguen soportando vejaciones. Sin contar con que nadie en Veracruz dudar\u00e1 que las elecciones del 2024 estar\u00e1n en buenas manos por la imparcialidad, autonom\u00eda, independencia y valent\u00eda de la \u00e1rbitra.&nbsp;&nbsp;<\/p>\n\n\n\n<p>Veremos.&nbsp;<\/p>\n\n\n\n<p>bernardogup@hotmail.com<\/p>\n","protected":false},"excerpt":{"rendered":"<p>Bernardo Guti\u00e9rrez Parra&nbsp; Desde el Caf\u00e9&nbsp; Si la flamante Consejera presidenta del Organismo P\u00fablico Local Electoral, Marisol Delgadillo Morales, pens\u00f3 que se la llevar\u00eda tranquila hasta el arranque del pr\u00f3ximo proceso electoral, se equivoc\u00f3. Le acaban de aventar una papa hirviendo de caliente que tendr\u00e1 que enfriar a satisfacci\u00f3n de una mujer agraviada y de [&hellip;]<\/p>\n","protected":false},"author":2,"featured_media":0,"comment_status":"closed","ping_status":"closed","sticky":false,"template":"","format":"standard","meta":{"tdm_status":"","tdm_grid_status":"","footnotes":""},"categories":[70],"tags":[34206,12299,34647,17783,10559],"class_list":{"0":"post-102590","1":"post","2":"type-post","3":"status-publish","4":"format-standard","6":"category-de-opinion","7":"tag-bernardo-gutierrez-parra","8":"tag-eric-cisneros-burgos","9":"tag-marisol-delgadillo-morales","10":"tag-organismo-publico-local-electoral","11":"tag-ruth-callejas-roldan"},"yoast_head":"<!-- This site is optimized with the Yoast SEO plugin v27.4 - https:\/\/yoast.com\/product\/yoast-seo-wordpress\/ -->\n<title>\u00bfSE ATREVER\u00c1 MARISOL A TANTO?&nbsp; - Los pol\u00edticos Veracruz<\/title>\n<meta name=\"robots\" content=\"index, follow, max-snippet:-1, max-image-preview:large, max-video-preview:-1\" \/>\n<link rel=\"canonical\" href=\"https:\/\/lospoliticosveracruz.com\/?p=102590\" \/>\n<meta property=\"og:locale\" content=\"es_ES\" \/>\n<meta property=\"og:type\" content=\"article\" \/>\n<meta property=\"og:title\" content=\"\u00bfSE ATREVER\u00c1 MARISOL A TANTO?&nbsp; - Los pol\u00edticos Veracruz\" \/>\n<meta property=\"og:description\" content=\"Bernardo Guti\u00e9rrez Parra&nbsp; Desde el Caf\u00e9&nbsp; Si la flamante Consejera presidenta del Organismo P\u00fablico Local Electoral, Marisol Delgadillo Morales, pens\u00f3 que se la llevar\u00eda tranquila hasta el arranque del pr\u00f3ximo proceso electoral, se equivoc\u00f3. Le acaban de aventar una papa hirviendo de caliente que tendr\u00e1 que enfriar a satisfacci\u00f3n de una mujer agraviada y de [&hellip;]\" \/>\n<meta property=\"og:url\" content=\"https:\/\/lospoliticosveracruz.com\/?p=102590\" \/>\n<meta property=\"og:site_name\" content=\"Los pol\u00edticos Veracruz\" \/>\n<meta property=\"article:publisher\" content=\"https:\/\/www.facebook.com\/people\/Notimemes-de-los-Polticos\/61565672886568\/\" \/>\n<meta property=\"article:published_time\" content=\"2023-02-16T13:51:03+00:00\" \/>\n<meta property=\"article:modified_time\" content=\"2023-02-16T14:30:07+00:00\" \/>\n<meta property=\"og:image\" content=\"https:\/\/lospoliticosveracruz.com.mx\/wp-content\/uploads\/2022\/05\/Seguro-Julio-Cerecedo.jpg\" \/>\n<meta name=\"author\" content=\"Lo viste en Los Pol\u00edticos\" \/>\n<meta name=\"twitter:card\" content=\"summary_large_image\" \/>\n<meta name=\"twitter:creator\" content=\"@LosPoliticosVer\" \/>\n<meta name=\"twitter:site\" content=\"@LosPoliticosVer\" \/>\n<meta name=\"twitter:label1\" content=\"Escrito por\" \/>\n\t<meta name=\"twitter:data1\" content=\"Lo viste en Los Pol\u00edticos\" \/>\n\t<meta name=\"twitter:label2\" content=\"Tiempo de lectura\" \/>\n\t<meta name=\"twitter:data2\" content=\"4 minutos\" \/>\n<script type=\"application\/ld+json\" class=\"yoast-schema-graph\">{\"@context\":\"https:\\\/\\\/schema.org\",\"@graph\":[{\"@type\":\"Article\",\"@id\":\"https:\\\/\\\/lospoliticosveracruz.com\\\/?p=102590#article\",\"isPartOf\":{\"@id\":\"https:\\\/\\\/lospoliticosveracruz.com\\\/?p=102590\"},\"author\":{\"name\":\"Lo viste en Los Pol\u00edticos\",\"@id\":\"https:\\\/\\\/lospoliticosveracruz.com\\\/#\\\/schema\\\/person\\\/b8702bb0e538456e6efd07080bf2a4a2\"},\"headline\":\"\u00bfSE ATREVER\u00c1 MARISOL A TANTO?&nbsp;\",\"datePublished\":\"2023-02-16T13:51:03+00:00\",\"dateModified\":\"2023-02-16T14:30:07+00:00\",\"mainEntityOfPage\":{\"@id\":\"https:\\\/\\\/lospoliticosveracruz.com\\\/?p=102590\"},\"wordCount\":752,\"publisher\":{\"@id\":\"https:\\\/\\\/lospoliticosveracruz.com\\\/#organization\"},\"image\":{\"@id\":\"https:\\\/\\\/lospoliticosveracruz.com\\\/?p=102590#primaryimage\"},\"thumbnailUrl\":\"https:\\\/\\\/lospoliticosveracruz.com.mx\\\/wp-content\\\/uploads\\\/2022\\\/05\\\/Seguro-Julio-Cerecedo.jpg\",\"keywords\":[\"Bernardo Guti\u00e9rrez Parra\",\"Eric Cisneros Burgos\",\"Marisol Delgadillo Morales\",\"Organismo P\u00fablico Local Electoral\",\"Ruth Callejas Rold\u00e1n\"],\"articleSection\":[\"De Opini\u00f3n\"],\"inLanguage\":\"es\"},{\"@type\":\"WebPage\",\"@id\":\"https:\\\/\\\/lospoliticosveracruz.com\\\/?p=102590\",\"url\":\"https:\\\/\\\/lospoliticosveracruz.com\\\/?p=102590\",\"name\":\"\u00bfSE ATREVER\u00c1 MARISOL A TANTO?&nbsp; - Los pol\u00edticos Veracruz\",\"isPartOf\":{\"@id\":\"https:\\\/\\\/lospoliticosveracruz.com\\\/#website\"},\"primaryImageOfPage\":{\"@id\":\"https:\\\/\\\/lospoliticosveracruz.com\\\/?p=102590#primaryimage\"},\"image\":{\"@id\":\"https:\\\/\\\/lospoliticosveracruz.com\\\/?p=102590#primaryimage\"},\"thumbnailUrl\":\"https:\\\/\\\/lospoliticosveracruz.com.mx\\\/wp-content\\\/uploads\\\/2022\\\/05\\\/Seguro-Julio-Cerecedo.jpg\",\"datePublished\":\"2023-02-16T13:51:03+00:00\",\"dateModified\":\"2023-02-16T14:30:07+00:00\",\"breadcrumb\":{\"@id\":\"https:\\\/\\\/lospoliticosveracruz.com\\\/?p=102590#breadcrumb\"},\"inLanguage\":\"es\",\"potentialAction\":[{\"@type\":\"ReadAction\",\"target\":[\"https:\\\/\\\/lospoliticosveracruz.com\\\/?p=102590\"]}]},{\"@type\":\"ImageObject\",\"inLanguage\":\"es\",\"@id\":\"https:\\\/\\\/lospoliticosveracruz.com\\\/?p=102590#primaryimage\",\"url\":\"https:\\\/\\\/lospoliticosveracruz.com.mx\\\/wp-content\\\/uploads\\\/2022\\\/05\\\/Seguro-Julio-Cerecedo.jpg\",\"contentUrl\":\"https:\\\/\\\/lospoliticosveracruz.com.mx\\\/wp-content\\\/uploads\\\/2022\\\/05\\\/Seguro-Julio-Cerecedo.jpg\"},{\"@type\":\"BreadcrumbList\",\"@id\":\"https:\\\/\\\/lospoliticosveracruz.com\\\/?p=102590#breadcrumb\",\"itemListElement\":[{\"@type\":\"ListItem\",\"position\":1,\"name\":\"Portada\",\"item\":\"https:\\\/\\\/lospoliticosveracruz.com\\\/\"},{\"@type\":\"ListItem\",\"position\":2,\"name\":\"\u00bfSE ATREVER\u00c1 MARISOL A TANTO?&nbsp;\"}]},{\"@type\":\"WebSite\",\"@id\":\"https:\\\/\\\/lospoliticosveracruz.com\\\/#website\",\"url\":\"https:\\\/\\\/lospoliticosveracruz.com\\\/\",\"name\":\"Los pol\u00edticos Veracruz\",\"description\":\"\",\"publisher\":{\"@id\":\"https:\\\/\\\/lospoliticosveracruz.com\\\/#organization\"},\"potentialAction\":[{\"@type\":\"SearchAction\",\"target\":{\"@type\":\"EntryPoint\",\"urlTemplate\":\"https:\\\/\\\/lospoliticosveracruz.com\\\/?s={search_term_string}\"},\"query-input\":{\"@type\":\"PropertyValueSpecification\",\"valueRequired\":true,\"valueName\":\"search_term_string\"}}],\"inLanguage\":\"es\"},{\"@type\":\"Organization\",\"@id\":\"https:\\\/\\\/lospoliticosveracruz.com\\\/#organization\",\"name\":\"Los pol\u00edticos Veracruz\",\"url\":\"https:\\\/\\\/lospoliticosveracruz.com\\\/\",\"logo\":{\"@type\":\"ImageObject\",\"inLanguage\":\"es\",\"@id\":\"https:\\\/\\\/lospoliticosveracruz.com\\\/#\\\/schema\\\/logo\\\/image\\\/\",\"url\":\"https:\\\/\\\/lospoliticosveracruz.com\\\/wp-content\\\/uploads\\\/2025\\\/12\\\/Logo-Nuevo-LOS-POLITICOS-1.jpg\",\"contentUrl\":\"https:\\\/\\\/lospoliticosveracruz.com\\\/wp-content\\\/uploads\\\/2025\\\/12\\\/Logo-Nuevo-LOS-POLITICOS-1.jpg\",\"width\":260,\"height\":70,\"caption\":\"Los pol\u00edticos Veracruz\"},\"image\":{\"@id\":\"https:\\\/\\\/lospoliticosveracruz.com\\\/#\\\/schema\\\/logo\\\/image\\\/\"},\"sameAs\":[\"https:\\\/\\\/www.facebook.com\\\/people\\\/Notimemes-de-los-Polticos\\\/61565672886568\\\/\",\"https:\\\/\\\/x.com\\\/LosPoliticosVer\"]},{\"@type\":\"Person\",\"@id\":\"https:\\\/\\\/lospoliticosveracruz.com\\\/#\\\/schema\\\/person\\\/b8702bb0e538456e6efd07080bf2a4a2\",\"name\":\"Lo viste en Los Pol\u00edticos\",\"image\":{\"@type\":\"ImageObject\",\"inLanguage\":\"es\",\"@id\":\"https:\\\/\\\/secure.gravatar.com\\\/avatar\\\/3a8de04a2656d44082be478bd6c086daa447c4651605818287b9532d3d0bd435?s=96&d=mm&r=g\",\"url\":\"https:\\\/\\\/secure.gravatar.com\\\/avatar\\\/3a8de04a2656d44082be478bd6c086daa447c4651605818287b9532d3d0bd435?s=96&d=mm&r=g\",\"contentUrl\":\"https:\\\/\\\/secure.gravatar.com\\\/avatar\\\/3a8de04a2656d44082be478bd6c086daa447c4651605818287b9532d3d0bd435?s=96&d=mm&r=g\",\"caption\":\"Lo viste en Los Pol\u00edticos\"},\"url\":\"https:\\\/\\\/lospoliticosveracruz.com\\\/?author=2\"}]}<\/script>\n<!-- \/ Yoast SEO plugin. -->","yoast_head_json":{"title":"\u00bfSE ATREVER\u00c1 MARISOL A TANTO?&nbsp; - Los pol\u00edticos Veracruz","robots":{"index":"index","follow":"follow","max-snippet":"max-snippet:-1","max-image-preview":"max-image-preview:large","max-video-preview":"max-video-preview:-1"},"canonical":"https:\/\/lospoliticosveracruz.com\/?p=102590","og_locale":"es_ES","og_type":"article","og_title":"\u00bfSE ATREVER\u00c1 MARISOL A TANTO?&nbsp; - Los pol\u00edticos Veracruz","og_description":"Bernardo Guti\u00e9rrez Parra&nbsp; Desde el Caf\u00e9&nbsp; Si la flamante Consejera presidenta del Organismo P\u00fablico Local Electoral, Marisol Delgadillo Morales, pens\u00f3 que se la llevar\u00eda tranquila hasta el arranque del pr\u00f3ximo proceso electoral, se equivoc\u00f3. Le acaban de aventar una papa hirviendo de caliente que tendr\u00e1 que enfriar a satisfacci\u00f3n de una mujer agraviada y de [&hellip;]","og_url":"https:\/\/lospoliticosveracruz.com\/?p=102590","og_site_name":"Los pol\u00edticos Veracruz","article_publisher":"https:\/\/www.facebook.com\/people\/Notimemes-de-los-Polticos\/61565672886568\/","article_published_time":"2023-02-16T13:51:03+00:00","article_modified_time":"2023-02-16T14:30:07+00:00","og_image":[{"url":"https:\/\/lospoliticosveracruz.com.mx\/wp-content\/uploads\/2022\/05\/Seguro-Julio-Cerecedo.jpg","type":"","width":"","height":""}],"author":"Lo viste en Los Pol\u00edticos","twitter_card":"summary_large_image","twitter_creator":"@LosPoliticosVer","twitter_site":"@LosPoliticosVer","twitter_misc":{"Escrito por":"Lo viste en Los Pol\u00edticos","Tiempo de lectura":"4 minutos"},"schema":{"@context":"https:\/\/schema.org","@graph":[{"@type":"Article","@id":"https:\/\/lospoliticosveracruz.com\/?p=102590#article","isPartOf":{"@id":"https:\/\/lospoliticosveracruz.com\/?p=102590"},"author":{"name":"Lo viste en Los Pol\u00edticos","@id":"https:\/\/lospoliticosveracruz.com\/#\/schema\/person\/b8702bb0e538456e6efd07080bf2a4a2"},"headline":"\u00bfSE ATREVER\u00c1 MARISOL A TANTO?&nbsp;","datePublished":"2023-02-16T13:51:03+00:00","dateModified":"2023-02-16T14:30:07+00:00","mainEntityOfPage":{"@id":"https:\/\/lospoliticosveracruz.com\/?p=102590"},"wordCount":752,"publisher":{"@id":"https:\/\/lospoliticosveracruz.com\/#organization"},"image":{"@id":"https:\/\/lospoliticosveracruz.com\/?p=102590#primaryimage"},"thumbnailUrl":"https:\/\/lospoliticosveracruz.com.mx\/wp-content\/uploads\/2022\/05\/Seguro-Julio-Cerecedo.jpg","keywords":["Bernardo Guti\u00e9rrez Parra","Eric Cisneros Burgos","Marisol Delgadillo Morales","Organismo P\u00fablico Local Electoral","Ruth Callejas Rold\u00e1n"],"articleSection":["De Opini\u00f3n"],"inLanguage":"es"},{"@type":"WebPage","@id":"https:\/\/lospoliticosveracruz.com\/?p=102590","url":"https:\/\/lospoliticosveracruz.com\/?p=102590","name":"\u00bfSE ATREVER\u00c1 MARISOL A TANTO?&nbsp; - Los pol\u00edticos Veracruz","isPartOf":{"@id":"https:\/\/lospoliticosveracruz.com\/#website"},"primaryImageOfPage":{"@id":"https:\/\/lospoliticosveracruz.com\/?p=102590#primaryimage"},"image":{"@id":"https:\/\/lospoliticosveracruz.com\/?p=102590#primaryimage"},"thumbnailUrl":"https:\/\/lospoliticosveracruz.com.mx\/wp-content\/uploads\/2022\/05\/Seguro-Julio-Cerecedo.jpg","datePublished":"2023-02-16T13:51:03+00:00","dateModified":"2023-02-16T14:30:07+00:00","breadcrumb":{"@id":"https:\/\/lospoliticosveracruz.com\/?p=102590#breadcrumb"},"inLanguage":"es","potentialAction":[{"@type":"ReadAction","target":["https:\/\/lospoliticosveracruz.com\/?p=102590"]}]},{"@type":"ImageObject","inLanguage":"es","@id":"https:\/\/lospoliticosveracruz.com\/?p=102590#primaryimage","url":"https:\/\/lospoliticosveracruz.com.mx\/wp-content\/uploads\/2022\/05\/Seguro-Julio-Cerecedo.jpg","contentUrl":"https:\/\/lospoliticosveracruz.com.mx\/wp-content\/uploads\/2022\/05\/Seguro-Julio-Cerecedo.jpg"},{"@type":"BreadcrumbList","@id":"https:\/\/lospoliticosveracruz.com\/?p=102590#breadcrumb","itemListElement":[{"@type":"ListItem","position":1,"name":"Portada","item":"https:\/\/lospoliticosveracruz.com\/"},{"@type":"ListItem","position":2,"name":"\u00bfSE ATREVER\u00c1 MARISOL A TANTO?&nbsp;"}]},{"@type":"WebSite","@id":"https:\/\/lospoliticosveracruz.com\/#website","url":"https:\/\/lospoliticosveracruz.com\/","name":"Los pol\u00edticos Veracruz","description":"","publisher":{"@id":"https:\/\/lospoliticosveracruz.com\/#organization"},"potentialAction":[{"@type":"SearchAction","target":{"@type":"EntryPoint","urlTemplate":"https:\/\/lospoliticosveracruz.com\/?s={search_term_string}"},"query-input":{"@type":"PropertyValueSpecification","valueRequired":true,"valueName":"search_term_string"}}],"inLanguage":"es"},{"@type":"Organization","@id":"https:\/\/lospoliticosveracruz.com\/#organization","name":"Los pol\u00edticos Veracruz","url":"https:\/\/lospoliticosveracruz.com\/","logo":{"@type":"ImageObject","inLanguage":"es","@id":"https:\/\/lospoliticosveracruz.com\/#\/schema\/logo\/image\/","url":"https:\/\/lospoliticosveracruz.com\/wp-content\/uploads\/2025\/12\/Logo-Nuevo-LOS-POLITICOS-1.jpg","contentUrl":"https:\/\/lospoliticosveracruz.com\/wp-content\/uploads\/2025\/12\/Logo-Nuevo-LOS-POLITICOS-1.jpg","width":260,"height":70,"caption":"Los pol\u00edticos Veracruz"},"image":{"@id":"https:\/\/lospoliticosveracruz.com\/#\/schema\/logo\/image\/"},"sameAs":["https:\/\/www.facebook.com\/people\/Notimemes-de-los-Polticos\/61565672886568\/","https:\/\/x.com\/LosPoliticosVer"]},{"@type":"Person","@id":"https:\/\/lospoliticosveracruz.com\/#\/schema\/person\/b8702bb0e538456e6efd07080bf2a4a2","name":"Lo viste en Los Pol\u00edticos","image":{"@type":"ImageObject","inLanguage":"es","@id":"https:\/\/secure.gravatar.com\/avatar\/3a8de04a2656d44082be478bd6c086daa447c4651605818287b9532d3d0bd435?s=96&d=mm&r=g","url":"https:\/\/secure.gravatar.com\/avatar\/3a8de04a2656d44082be478bd6c086daa447c4651605818287b9532d3d0bd435?s=96&d=mm&r=g","contentUrl":"https:\/\/secure.gravatar.com\/avatar\/3a8de04a2656d44082be478bd6c086daa447c4651605818287b9532d3d0bd435?s=96&d=mm&r=g","caption":"Lo viste en Los Pol\u00edticos"},"url":"https:\/\/lospoliticosveracruz.com\/?author=2"}]}},"_links":{"self":[{"href":"https:\/\/lospoliticosveracruz.com\/index.php?rest_route=\/wp\/v2\/posts\/102590","targetHints":{"allow":["GET"]}}],"collection":[{"href":"https:\/\/lospoliticosveracruz.com\/index.php?rest_route=\/wp\/v2\/posts"}],"about":[{"href":"https:\/\/lospoliticosveracruz.com\/index.php?rest_route=\/wp\/v2\/types\/post"}],"author":[{"embeddable":true,"href":"https:\/\/lospoliticosveracruz.com\/index.php?rest_route=\/wp\/v2\/users\/2"}],"replies":[{"embeddable":true,"href":"https:\/\/lospoliticosveracruz.com\/index.php?rest_route=%2Fwp%2Fv2%2Fcomments&post=102590"}],"version-history":[{"count":2,"href":"https:\/\/lospoliticosveracruz.com\/index.php?rest_route=\/wp\/v2\/posts\/102590\/revisions"}],"predecessor-version":[{"id":102595,"href":"https:\/\/lospoliticosveracruz.com\/index.php?rest_route=\/wp\/v2\/posts\/102590\/revisions\/102595"}],"wp:attachment":[{"href":"https:\/\/lospoliticosveracruz.com\/index.php?rest_route=%2Fwp%2Fv2%2Fmedia&parent=102590"}],"wp:term":[{"taxonomy":"category","embeddable":true,"href":"https:\/\/lospoliticosveracruz.com\/index.php?rest_route=%2Fwp%2Fv2%2Fcategories&post=102590"},{"taxonomy":"post_tag","embeddable":true,"href":"https:\/\/lospoliticosveracruz.com\/index.php?rest_route=%2Fwp%2Fv2%2Ftags&post=102590"}],"curies":[{"name":"wp","href":"https:\/\/api.w.org\/{rel}","templated":true}]}}