{"id":102709,"date":"2023-02-20T08:24:49","date_gmt":"2023-02-20T14:24:49","guid":{"rendered":"https:\/\/lospoliticosveracruz.com.mx\/?p=102709"},"modified":"2023-02-20T08:24:54","modified_gmt":"2023-02-20T14:24:54","slug":"primarias-a-las-urnas","status":"publish","type":"post","link":"https:\/\/lospoliticosveracruz.com\/?p=102709","title":{"rendered":"PRIMARIAS A LAS URNAS"},"content":{"rendered":"\n<ul class=\"wp-block-list\"><li><\/li><li><\/li><\/ul>\n\n\n\n<p><strong>Omar Z\u00fa\u00f1iga<\/strong><br><em>De Primera Mano<\/em><\/p>\n\n\n\n<p>Hay una propuesta lanzada por un personaje, que no es para nada descabellada: abrir las elecciones internas a las urnas en los partidos de oposici\u00f3n; es decir, que sea la poblaci\u00f3n quien elija a los candidatos a los puestos de elecci\u00f3n popular y estar en una mayor posibilidad de ganar rumbo a la sucesi\u00f3n presidencial en 2024.<\/p>\n\n\n<div class=\"wp-block-image\">\n<figure class=\"alignleft size-medium\"><a href=\"https:\/\/lospoliticosveracruz.com.mx\/wp-content\/uploads\/2021\/10\/Zacauilt.jpg\"><img decoding=\"async\" src=\"https:\/\/lospoliticosveracruz.com.mx\/wp-content\/uploads\/2021\/10\/Zacauilt-150x300.jpg\" alt=\"\" class=\"wp-image-80558\"\/><\/a><\/figure>\n<\/div>\n\n\n<p><br>De otra manera, lo \u00fanico que est\u00e1 haciendo la oposici\u00f3n es buscar al Chapul\u00edn Colorado, para ver \u201cqui\u00e9n podr\u00e1 defenderlos\u201d, en la elecci\u00f3n presidencial de 2024, pues quien realmente ir\u00e1 a las urnas, sea quien sea el candidato de Morena, ser\u00e1 Andr\u00e9s Manuel L\u00f3pez Obrador.<br>Son las palabras de un personaje controvertido per s\u00e9, el exgobernador de Oaxaca por el PRI, Ulises Ruiz.<br>Esa misma controversia que causa, es la claridad con la que se expresa.<br>Dice por ejemplo que \u201cMorena y el PRI no son iguales, \u00a1son id\u00e9nticos! No hay diferencia entre Layda Sansores (gobernadora de Campeche) y Alito (Alejandro Moreno, l\u00edder nacional de PRI y exgobernador de Campeche)\u201d, pues ambos \u2013sostiene- \u201cson iguales de mentirosos y bandidos, si acaso, Alito tendr\u00e1 m\u00e1s botox\u201d.<br>Explica que como L\u00f3pez Obrador \u201cir\u00e1 a las urnas\u201d en 2024, lo que \u00e9l necesita es un L\u00f3pez Obrador que le haga frente, es decir, se necesita alguien fajador, que no se raje, que diga las cosas como son.<br>Por ejemplo, explica lo que es una verdad a todas luces: Que a esta alturas, cuando faltan 19 meses para que termine el sexenio, el presidente L\u00f3pez Obrador ya no pudo con tres asuntos clave para el desarrollo del pa\u00eds: seguridad, econom\u00eda y salud.<br>La inseguridad totalmente desbordada y aterriz\u00e1ndolo en Veracruz, el bot\u00f3n de muestra son los asesinatos este fin de semana del reconocido abogado jarocho Emilio Fuster y la jubilada del IMSS de 60 a\u00f1os en Xalapa, Sara Hilda Cid Olarte.<br>Cada uno de estos asesinatos, ha tenido gente detenida, cierto es y hay que darle el m\u00e9rito a la Fiscal\u00eda, -dir\u00eda el \u00ednclito, haiga sido como haiga sido-, sin embargo, habla tambi\u00e9n de una extraordinariamente ineficiente estrategia de prevenci\u00f3n, a cargo de Seguridad P\u00fablica, cuyo plan parece ser que no hay plan y que ocasiona una espiral de violencia que se antoja interminable.<br>De vuelta a los temas nacionales, en econom\u00eda, seguimos siendo una de las econom\u00edas m\u00e1s grandes, s\u00ed, pero tambi\u00e9n una de las perores, ubicada en el lugar 37 de 43 naciones medidas por el IMCO en 2022.<br>El primer lugar lo ocupa una naci\u00f3n con la que hemos sido constantemente comparados desde el inicio de este sexenio: Dinamarca.<br>Esto nos lleva al tercer punto en el que Ulises da por fallido este sexenio: la salud.<br>El ejemplo m\u00e1s representativo fue el terrible manejo de la pandemia de Covid19, encabezada por el Doctor Muerte Hugo L\u00f3pez Gatell, por no hablar de la falta de medicamentos para ni\u00f1os con c\u00e1ncer.<br>Y as\u00ed quer\u00edamos parecernos a Dinamarca.<\/p>\n\n\n\n<hr class=\"wp-block-separator has-alpha-channel-opacity\"\/>\n\n\n\n<p>La semana anterior, Janneth Saucedo Ram\u00edrez, coordinadora estatal de Morena Progresista que apoya la candidatura presidencial del canciller Marcelo Ebrard, sostuvo que \u201chasta le momento no han tenido alg\u00fan bloqueo por parte del Gobierno del estado de Veracruz, al contrario, hemos tenido apertura y eso es importante para todos nosotros\u00bb.<br>Me da mucho gusto que as\u00ed se est\u00e9n dando las cosas, y es hasta cierto punto revelador, pues hay que recordar que el secreatario de Gobierno Eric Cisneros dijo apenas a fines del mes pasado que \u201ces lamentable que \u00abalgunos\u00bb est\u00e9n esperanzados en que regrese el \u00abpasado turbio\u00bb a Veracruz, pues estos no son los tiempos de pensar en la sucesi\u00f3n en Veracruz, como lo hacen otros actores\u201d, refiri\u00e9ndose a Ad\u00e1n Augusto L\u00f3pez, el cercan\u00edsimo secretario de Gobernaci\u00f3n a su amig el presidente L\u00f3pez Obrador, luego de que Ad\u00e1n realizara una gira por la patria chica y le levantara la mano al diputado federal minatitleco Sergio Guti\u00e9rrez Luna; pero Cisneros fue m\u00e1s all\u00e1 y dijo que \u201calgunos quisieran regresar a ese pasado turbio, por eso se re\u00fanen con personajes muy cuestionados de Veracruz, nosotros no estamos pensando en las elecciones de 2024\u201d (ah\u00ed es donde todomundo estall\u00f3 en carcajadas), y ah\u00ed tambi\u00e9n se avent\u00f3 un alacr\u00e1n al cuello, sin medir las consecuencias y de paso a su jefe (jeje) el gobernador Cuitl\u00e1huac Garc\u00eda.<br>Pero bueno, de regreso con la talentosa Janneth Saucedo, (por cierto exempleada del gobierno cuitlahuista), reiter\u00f3 que el carnal Marcelo podr\u00eda en breve visitar la entidad, pues el canciller se encuentra cumpliendo con los compromisos que tienen que ver con su cargo.<br>Entre los lugares a visitar estar\u00eda Xalapa, que a pesar de ser la capital veracruzana, ha sido ancestralmente olvidada por los actores pol\u00edticos, ojal\u00e1 venga.<br>Esperemos que para entonces, siga el respeto para quienes no son de las simpat\u00edas de Palacio de Gobierno.<\/p>\n\n\n\n<hr class=\"wp-block-separator has-alpha-channel-opacity\"\/>\n\n\n\n<p>La ma\u00f1ana de hoy 20 de febrero, el grupo Ver por Veracruz, integrado por personajes como Carlos Luna, Carlos Luna G\u00f3mez, Am\u00e9rico Z\u00fa\u00f1iga, Agust\u00edn Basilio, Uriel Flores, Ra\u00fal Arias, Antonio Nemi, Mart\u00edn Quitano y Miguel Cabrera, por mencionar s\u00f3lo a algunos, ofrecer\u00e1n una conferencia de prensa donde dar\u00e1n a conocer puntos importantes encaminados a buscar concientizar a los ciudadanos rumbo al 2024. La cosa no es f\u00e1cil y en este grupo hay pluralidad, no hay intereses partidistas y muchas ganas de trabajar pensando en y por Veracruz.<br>La cita es en el restaurante La Estancia de Araucarias, del empresario Miguel Cabrera, uno de los mejores lugares para comer en Xalapa.<\/p>\n\n\n\n<p>\u00a1Qu\u00e9 barbaridad!<br>deprimera.mano2020@gmail.com<\/p>\n","protected":false},"excerpt":{"rendered":"<p>Omar Z\u00fa\u00f1igaDe Primera Mano Hay una propuesta lanzada por un personaje, que no es para nada descabellada: abrir las elecciones internas a las urnas en los partidos de oposici\u00f3n; es decir, que sea la poblaci\u00f3n quien elija a los candidatos a los puestos de elecci\u00f3n popular y estar en una mayor posibilidad de ganar rumbo [&hellip;]<\/p>\n","protected":false},"author":2,"featured_media":0,"comment_status":"closed","ping_status":"closed","sticky":false,"template":"","format":"standard","meta":{"tdm_status":"","tdm_grid_status":"","footnotes":""},"categories":[70],"tags":[37297,28705,37298,29573],"class_list":{"0":"post-102709","1":"post","2":"type-post","3":"status-publish","4":"format-standard","6":"category-de-opinion","7":"tag-janneth-saucedo","8":"tag-omar-zuniga","9":"tag-sucesion-presidencial-en-2024","10":"tag-ulises-ruiz"},"yoast_head":"<!-- This site is optimized with the Yoast SEO plugin v27.4 - https:\/\/yoast.com\/product\/yoast-seo-wordpress\/ -->\n<title>PRIMARIAS A LAS URNAS - Los pol\u00edticos Veracruz<\/title>\n<meta name=\"robots\" content=\"index, follow, max-snippet:-1, max-image-preview:large, max-video-preview:-1\" \/>\n<link rel=\"canonical\" href=\"https:\/\/lospoliticosveracruz.com\/?p=102709\" \/>\n<meta property=\"og:locale\" content=\"es_ES\" \/>\n<meta property=\"og:type\" content=\"article\" \/>\n<meta property=\"og:title\" content=\"PRIMARIAS A LAS URNAS - Los pol\u00edticos Veracruz\" \/>\n<meta property=\"og:description\" content=\"Omar Z\u00fa\u00f1igaDe Primera Mano Hay una propuesta lanzada por un personaje, que no es para nada descabellada: abrir las elecciones internas a las urnas en los partidos de oposici\u00f3n; es decir, que sea la poblaci\u00f3n quien elija a los candidatos a los puestos de elecci\u00f3n popular y estar en una mayor posibilidad de ganar rumbo [&hellip;]\" \/>\n<meta property=\"og:url\" content=\"https:\/\/lospoliticosveracruz.com\/?p=102709\" \/>\n<meta property=\"og:site_name\" content=\"Los pol\u00edticos Veracruz\" \/>\n<meta property=\"article:publisher\" content=\"https:\/\/www.facebook.com\/people\/Notimemes-de-los-Polticos\/61565672886568\/\" \/>\n<meta property=\"article:published_time\" content=\"2023-02-20T14:24:49+00:00\" \/>\n<meta property=\"article:modified_time\" content=\"2023-02-20T14:24:54+00:00\" \/>\n<meta property=\"og:image\" content=\"https:\/\/lospoliticosveracruz.com.mx\/wp-content\/uploads\/2021\/10\/Zacauilt-150x300.jpg\" \/>\n<meta name=\"author\" content=\"Lo viste en Los Pol\u00edticos\" \/>\n<meta name=\"twitter:card\" content=\"summary_large_image\" \/>\n<meta name=\"twitter:creator\" content=\"@LosPoliticosVer\" \/>\n<meta name=\"twitter:site\" content=\"@LosPoliticosVer\" \/>\n<meta name=\"twitter:label1\" content=\"Escrito por\" \/>\n\t<meta name=\"twitter:data1\" content=\"Lo viste en Los Pol\u00edticos\" \/>\n\t<meta name=\"twitter:label2\" content=\"Tiempo de lectura\" \/>\n\t<meta name=\"twitter:data2\" content=\"5 minutos\" \/>\n<script type=\"application\/ld+json\" class=\"yoast-schema-graph\">{\"@context\":\"https:\\\/\\\/schema.org\",\"@graph\":[{\"@type\":\"Article\",\"@id\":\"https:\\\/\\\/lospoliticosveracruz.com\\\/?p=102709#article\",\"isPartOf\":{\"@id\":\"https:\\\/\\\/lospoliticosveracruz.com\\\/?p=102709\"},\"author\":{\"name\":\"Lo viste en Los Pol\u00edticos\",\"@id\":\"https:\\\/\\\/lospoliticosveracruz.com\\\/#\\\/schema\\\/person\\\/b8702bb0e538456e6efd07080bf2a4a2\"},\"headline\":\"PRIMARIAS A LAS URNAS\",\"datePublished\":\"2023-02-20T14:24:49+00:00\",\"dateModified\":\"2023-02-20T14:24:54+00:00\",\"mainEntityOfPage\":{\"@id\":\"https:\\\/\\\/lospoliticosveracruz.com\\\/?p=102709\"},\"wordCount\":975,\"publisher\":{\"@id\":\"https:\\\/\\\/lospoliticosveracruz.com\\\/#organization\"},\"image\":{\"@id\":\"https:\\\/\\\/lospoliticosveracruz.com\\\/?p=102709#primaryimage\"},\"thumbnailUrl\":\"https:\\\/\\\/lospoliticosveracruz.com.mx\\\/wp-content\\\/uploads\\\/2021\\\/10\\\/Zacauilt-150x300.jpg\",\"keywords\":[\"Janneth Saucedo\",\"Omar Z\u00fa\u00f1iga\",\"sucesi\u00f3n presidencial en 2024\",\"Ulises Ruiz\"],\"articleSection\":[\"De Opini\u00f3n\"],\"inLanguage\":\"es\"},{\"@type\":\"WebPage\",\"@id\":\"https:\\\/\\\/lospoliticosveracruz.com\\\/?p=102709\",\"url\":\"https:\\\/\\\/lospoliticosveracruz.com\\\/?p=102709\",\"name\":\"PRIMARIAS A LAS URNAS - Los pol\u00edticos Veracruz\",\"isPartOf\":{\"@id\":\"https:\\\/\\\/lospoliticosveracruz.com\\\/#website\"},\"primaryImageOfPage\":{\"@id\":\"https:\\\/\\\/lospoliticosveracruz.com\\\/?p=102709#primaryimage\"},\"image\":{\"@id\":\"https:\\\/\\\/lospoliticosveracruz.com\\\/?p=102709#primaryimage\"},\"thumbnailUrl\":\"https:\\\/\\\/lospoliticosveracruz.com.mx\\\/wp-content\\\/uploads\\\/2021\\\/10\\\/Zacauilt-150x300.jpg\",\"datePublished\":\"2023-02-20T14:24:49+00:00\",\"dateModified\":\"2023-02-20T14:24:54+00:00\",\"breadcrumb\":{\"@id\":\"https:\\\/\\\/lospoliticosveracruz.com\\\/?p=102709#breadcrumb\"},\"inLanguage\":\"es\",\"potentialAction\":[{\"@type\":\"ReadAction\",\"target\":[\"https:\\\/\\\/lospoliticosveracruz.com\\\/?p=102709\"]}]},{\"@type\":\"ImageObject\",\"inLanguage\":\"es\",\"@id\":\"https:\\\/\\\/lospoliticosveracruz.com\\\/?p=102709#primaryimage\",\"url\":\"https:\\\/\\\/lospoliticosveracruz.com.mx\\\/wp-content\\\/uploads\\\/2021\\\/10\\\/Zacauilt-150x300.jpg\",\"contentUrl\":\"https:\\\/\\\/lospoliticosveracruz.com.mx\\\/wp-content\\\/uploads\\\/2021\\\/10\\\/Zacauilt-150x300.jpg\"},{\"@type\":\"BreadcrumbList\",\"@id\":\"https:\\\/\\\/lospoliticosveracruz.com\\\/?p=102709#breadcrumb\",\"itemListElement\":[{\"@type\":\"ListItem\",\"position\":1,\"name\":\"Portada\",\"item\":\"https:\\\/\\\/lospoliticosveracruz.com\\\/\"},{\"@type\":\"ListItem\",\"position\":2,\"name\":\"PRIMARIAS A LAS URNAS\"}]},{\"@type\":\"WebSite\",\"@id\":\"https:\\\/\\\/lospoliticosveracruz.com\\\/#website\",\"url\":\"https:\\\/\\\/lospoliticosveracruz.com\\\/\",\"name\":\"Los pol\u00edticos Veracruz\",\"description\":\"\",\"publisher\":{\"@id\":\"https:\\\/\\\/lospoliticosveracruz.com\\\/#organization\"},\"potentialAction\":[{\"@type\":\"SearchAction\",\"target\":{\"@type\":\"EntryPoint\",\"urlTemplate\":\"https:\\\/\\\/lospoliticosveracruz.com\\\/?s={search_term_string}\"},\"query-input\":{\"@type\":\"PropertyValueSpecification\",\"valueRequired\":true,\"valueName\":\"search_term_string\"}}],\"inLanguage\":\"es\"},{\"@type\":\"Organization\",\"@id\":\"https:\\\/\\\/lospoliticosveracruz.com\\\/#organization\",\"name\":\"Los pol\u00edticos Veracruz\",\"url\":\"https:\\\/\\\/lospoliticosveracruz.com\\\/\",\"logo\":{\"@type\":\"ImageObject\",\"inLanguage\":\"es\",\"@id\":\"https:\\\/\\\/lospoliticosveracruz.com\\\/#\\\/schema\\\/logo\\\/image\\\/\",\"url\":\"https:\\\/\\\/lospoliticosveracruz.com\\\/wp-content\\\/uploads\\\/2025\\\/12\\\/Logo-Nuevo-LOS-POLITICOS-1.jpg\",\"contentUrl\":\"https:\\\/\\\/lospoliticosveracruz.com\\\/wp-content\\\/uploads\\\/2025\\\/12\\\/Logo-Nuevo-LOS-POLITICOS-1.jpg\",\"width\":260,\"height\":70,\"caption\":\"Los pol\u00edticos Veracruz\"},\"image\":{\"@id\":\"https:\\\/\\\/lospoliticosveracruz.com\\\/#\\\/schema\\\/logo\\\/image\\\/\"},\"sameAs\":[\"https:\\\/\\\/www.facebook.com\\\/people\\\/Notimemes-de-los-Polticos\\\/61565672886568\\\/\",\"https:\\\/\\\/x.com\\\/LosPoliticosVer\"]},{\"@type\":\"Person\",\"@id\":\"https:\\\/\\\/lospoliticosveracruz.com\\\/#\\\/schema\\\/person\\\/b8702bb0e538456e6efd07080bf2a4a2\",\"name\":\"Lo viste en Los Pol\u00edticos\",\"image\":{\"@type\":\"ImageObject\",\"inLanguage\":\"es\",\"@id\":\"https:\\\/\\\/secure.gravatar.com\\\/avatar\\\/3a8de04a2656d44082be478bd6c086daa447c4651605818287b9532d3d0bd435?s=96&d=mm&r=g\",\"url\":\"https:\\\/\\\/secure.gravatar.com\\\/avatar\\\/3a8de04a2656d44082be478bd6c086daa447c4651605818287b9532d3d0bd435?s=96&d=mm&r=g\",\"contentUrl\":\"https:\\\/\\\/secure.gravatar.com\\\/avatar\\\/3a8de04a2656d44082be478bd6c086daa447c4651605818287b9532d3d0bd435?s=96&d=mm&r=g\",\"caption\":\"Lo viste en Los Pol\u00edticos\"},\"url\":\"https:\\\/\\\/lospoliticosveracruz.com\\\/?author=2\"}]}<\/script>\n<!-- \/ Yoast SEO plugin. -->","yoast_head_json":{"title":"PRIMARIAS A LAS URNAS - Los pol\u00edticos Veracruz","robots":{"index":"index","follow":"follow","max-snippet":"max-snippet:-1","max-image-preview":"max-image-preview:large","max-video-preview":"max-video-preview:-1"},"canonical":"https:\/\/lospoliticosveracruz.com\/?p=102709","og_locale":"es_ES","og_type":"article","og_title":"PRIMARIAS A LAS URNAS - Los pol\u00edticos Veracruz","og_description":"Omar Z\u00fa\u00f1igaDe Primera Mano Hay una propuesta lanzada por un personaje, que no es para nada descabellada: abrir las elecciones internas a las urnas en los partidos de oposici\u00f3n; es decir, que sea la poblaci\u00f3n quien elija a los candidatos a los puestos de elecci\u00f3n popular y estar en una mayor posibilidad de ganar rumbo [&hellip;]","og_url":"https:\/\/lospoliticosveracruz.com\/?p=102709","og_site_name":"Los pol\u00edticos Veracruz","article_publisher":"https:\/\/www.facebook.com\/people\/Notimemes-de-los-Polticos\/61565672886568\/","article_published_time":"2023-02-20T14:24:49+00:00","article_modified_time":"2023-02-20T14:24:54+00:00","og_image":[{"url":"https:\/\/lospoliticosveracruz.com.mx\/wp-content\/uploads\/2021\/10\/Zacauilt-150x300.jpg","type":"","width":"","height":""}],"author":"Lo viste en Los Pol\u00edticos","twitter_card":"summary_large_image","twitter_creator":"@LosPoliticosVer","twitter_site":"@LosPoliticosVer","twitter_misc":{"Escrito por":"Lo viste en Los Pol\u00edticos","Tiempo de lectura":"5 minutos"},"schema":{"@context":"https:\/\/schema.org","@graph":[{"@type":"Article","@id":"https:\/\/lospoliticosveracruz.com\/?p=102709#article","isPartOf":{"@id":"https:\/\/lospoliticosveracruz.com\/?p=102709"},"author":{"name":"Lo viste en Los Pol\u00edticos","@id":"https:\/\/lospoliticosveracruz.com\/#\/schema\/person\/b8702bb0e538456e6efd07080bf2a4a2"},"headline":"PRIMARIAS A LAS URNAS","datePublished":"2023-02-20T14:24:49+00:00","dateModified":"2023-02-20T14:24:54+00:00","mainEntityOfPage":{"@id":"https:\/\/lospoliticosveracruz.com\/?p=102709"},"wordCount":975,"publisher":{"@id":"https:\/\/lospoliticosveracruz.com\/#organization"},"image":{"@id":"https:\/\/lospoliticosveracruz.com\/?p=102709#primaryimage"},"thumbnailUrl":"https:\/\/lospoliticosveracruz.com.mx\/wp-content\/uploads\/2021\/10\/Zacauilt-150x300.jpg","keywords":["Janneth Saucedo","Omar Z\u00fa\u00f1iga","sucesi\u00f3n presidencial en 2024","Ulises Ruiz"],"articleSection":["De Opini\u00f3n"],"inLanguage":"es"},{"@type":"WebPage","@id":"https:\/\/lospoliticosveracruz.com\/?p=102709","url":"https:\/\/lospoliticosveracruz.com\/?p=102709","name":"PRIMARIAS A LAS URNAS - Los pol\u00edticos Veracruz","isPartOf":{"@id":"https:\/\/lospoliticosveracruz.com\/#website"},"primaryImageOfPage":{"@id":"https:\/\/lospoliticosveracruz.com\/?p=102709#primaryimage"},"image":{"@id":"https:\/\/lospoliticosveracruz.com\/?p=102709#primaryimage"},"thumbnailUrl":"https:\/\/lospoliticosveracruz.com.mx\/wp-content\/uploads\/2021\/10\/Zacauilt-150x300.jpg","datePublished":"2023-02-20T14:24:49+00:00","dateModified":"2023-02-20T14:24:54+00:00","breadcrumb":{"@id":"https:\/\/lospoliticosveracruz.com\/?p=102709#breadcrumb"},"inLanguage":"es","potentialAction":[{"@type":"ReadAction","target":["https:\/\/lospoliticosveracruz.com\/?p=102709"]}]},{"@type":"ImageObject","inLanguage":"es","@id":"https:\/\/lospoliticosveracruz.com\/?p=102709#primaryimage","url":"https:\/\/lospoliticosveracruz.com.mx\/wp-content\/uploads\/2021\/10\/Zacauilt-150x300.jpg","contentUrl":"https:\/\/lospoliticosveracruz.com.mx\/wp-content\/uploads\/2021\/10\/Zacauilt-150x300.jpg"},{"@type":"BreadcrumbList","@id":"https:\/\/lospoliticosveracruz.com\/?p=102709#breadcrumb","itemListElement":[{"@type":"ListItem","position":1,"name":"Portada","item":"https:\/\/lospoliticosveracruz.com\/"},{"@type":"ListItem","position":2,"name":"PRIMARIAS A LAS URNAS"}]},{"@type":"WebSite","@id":"https:\/\/lospoliticosveracruz.com\/#website","url":"https:\/\/lospoliticosveracruz.com\/","name":"Los pol\u00edticos Veracruz","description":"","publisher":{"@id":"https:\/\/lospoliticosveracruz.com\/#organization"},"potentialAction":[{"@type":"SearchAction","target":{"@type":"EntryPoint","urlTemplate":"https:\/\/lospoliticosveracruz.com\/?s={search_term_string}"},"query-input":{"@type":"PropertyValueSpecification","valueRequired":true,"valueName":"search_term_string"}}],"inLanguage":"es"},{"@type":"Organization","@id":"https:\/\/lospoliticosveracruz.com\/#organization","name":"Los pol\u00edticos Veracruz","url":"https:\/\/lospoliticosveracruz.com\/","logo":{"@type":"ImageObject","inLanguage":"es","@id":"https:\/\/lospoliticosveracruz.com\/#\/schema\/logo\/image\/","url":"https:\/\/lospoliticosveracruz.com\/wp-content\/uploads\/2025\/12\/Logo-Nuevo-LOS-POLITICOS-1.jpg","contentUrl":"https:\/\/lospoliticosveracruz.com\/wp-content\/uploads\/2025\/12\/Logo-Nuevo-LOS-POLITICOS-1.jpg","width":260,"height":70,"caption":"Los pol\u00edticos Veracruz"},"image":{"@id":"https:\/\/lospoliticosveracruz.com\/#\/schema\/logo\/image\/"},"sameAs":["https:\/\/www.facebook.com\/people\/Notimemes-de-los-Polticos\/61565672886568\/","https:\/\/x.com\/LosPoliticosVer"]},{"@type":"Person","@id":"https:\/\/lospoliticosveracruz.com\/#\/schema\/person\/b8702bb0e538456e6efd07080bf2a4a2","name":"Lo viste en Los Pol\u00edticos","image":{"@type":"ImageObject","inLanguage":"es","@id":"https:\/\/secure.gravatar.com\/avatar\/3a8de04a2656d44082be478bd6c086daa447c4651605818287b9532d3d0bd435?s=96&d=mm&r=g","url":"https:\/\/secure.gravatar.com\/avatar\/3a8de04a2656d44082be478bd6c086daa447c4651605818287b9532d3d0bd435?s=96&d=mm&r=g","contentUrl":"https:\/\/secure.gravatar.com\/avatar\/3a8de04a2656d44082be478bd6c086daa447c4651605818287b9532d3d0bd435?s=96&d=mm&r=g","caption":"Lo viste en Los Pol\u00edticos"},"url":"https:\/\/lospoliticosveracruz.com\/?author=2"}]}},"_links":{"self":[{"href":"https:\/\/lospoliticosveracruz.com\/index.php?rest_route=\/wp\/v2\/posts\/102709","targetHints":{"allow":["GET"]}}],"collection":[{"href":"https:\/\/lospoliticosveracruz.com\/index.php?rest_route=\/wp\/v2\/posts"}],"about":[{"href":"https:\/\/lospoliticosveracruz.com\/index.php?rest_route=\/wp\/v2\/types\/post"}],"author":[{"embeddable":true,"href":"https:\/\/lospoliticosveracruz.com\/index.php?rest_route=\/wp\/v2\/users\/2"}],"replies":[{"embeddable":true,"href":"https:\/\/lospoliticosveracruz.com\/index.php?rest_route=%2Fwp%2Fv2%2Fcomments&post=102709"}],"version-history":[{"count":1,"href":"https:\/\/lospoliticosveracruz.com\/index.php?rest_route=\/wp\/v2\/posts\/102709\/revisions"}],"predecessor-version":[{"id":102710,"href":"https:\/\/lospoliticosveracruz.com\/index.php?rest_route=\/wp\/v2\/posts\/102709\/revisions\/102710"}],"wp:attachment":[{"href":"https:\/\/lospoliticosveracruz.com\/index.php?rest_route=%2Fwp%2Fv2%2Fmedia&parent=102709"}],"wp:term":[{"taxonomy":"category","embeddable":true,"href":"https:\/\/lospoliticosveracruz.com\/index.php?rest_route=%2Fwp%2Fv2%2Fcategories&post=102709"},{"taxonomy":"post_tag","embeddable":true,"href":"https:\/\/lospoliticosveracruz.com\/index.php?rest_route=%2Fwp%2Fv2%2Ftags&post=102709"}],"curies":[{"name":"wp","href":"https:\/\/api.w.org\/{rel}","templated":true}]}}