{"id":102759,"date":"2023-02-21T07:52:06","date_gmt":"2023-02-21T13:52:06","guid":{"rendered":"https:\/\/lospoliticosveracruz.com.mx\/?p=102759"},"modified":"2023-02-21T07:52:12","modified_gmt":"2023-02-21T13:52:12","slug":"manuel-huerta-el-abogado-del-diablo","status":"publish","type":"post","link":"https:\/\/lospoliticosveracruz.com\/?p=102759","title":{"rendered":"MANUEL HUERTA, \u00abEL ABOGADO DEL DIABLO\u00bb"},"content":{"rendered":"\n<p><\/p>\n\n\n\n<p><br><strong>Ricardo Ch\u00faa<\/strong><br><em>Sale y Vale<\/em><\/p>\n\n\n\n<p>Desde hace dos meses, a finales del 2022, cuando el Presidente, Andr\u00e9s Manuel L\u00f3pez Obrador, le dio \u00abpermiso\u00bb a su delegado del gobierno federal en Veracruz, Manuel Huerta Ladr\u00f3n de Guevara.. Y le dijo: \u00abCamina\u00bb\u2026 Este personaje se ha propuesto llenarle el \u00abojo\u00bb a su jefe para convertirse en la persona ideal para ser el candidato a gobernador por MORENA al 2024.. Tiene toda la infraestructura federal a su servicio y en una de esas, hasta es m\u00e1s poderoso que el gobernador, Cuitl\u00e1huac Garc\u00eda<\/p>\n\n\n\n<figure class=\"wp-block-image size-full\"><a href=\"https:\/\/lospoliticosveracruz.com.mx\/wp-content\/uploads\/2022\/05\/Seguro-Julio-Cerecedo.jpg\"><img decoding=\"async\" src=\"https:\/\/lospoliticosveracruz.com.mx\/wp-content\/uploads\/2022\/05\/Seguro-Julio-Cerecedo.jpg\" alt=\"\" class=\"wp-image-90414\"\/><\/a><\/figure>\n\n\n\n<p>Adem\u00e1s Huerta no ha perdido el tiempo en debilidades o tratando de \u00abdomar cocodrilos\u00bb, sabe que tiene el tiempo en contra para crecer en las encuestas y para ser tomado en cuenta\u2026Por eso, se ha convertido en una especie de \u00abAbogado del Diablo\u00bb dentro de MORENA para exigirles a todos\u2026 Desde Ad\u00e1n Augusto L\u00f3pez Hern\u00e1ndez que deje de hacer en Veracruz concentraciones pol\u00edticas al estilo PRI.. C\u00f3mo fustigar a Cuitl\u00e1huac Garc\u00eda para que aclare el tema de las empresas \u00abfantasmas\u00bb de Araly Rodr\u00edguez\u2026 Y va ganando notoriedad\u2026<\/p>\n\n\n\n<p>As\u00ed que sin hacerle al cuento, Manuel Huerta est\u00e1 trabajando en torno a su candidatura a gobernador o m\u00ednimo para negociar al Senado por MORENA\u2026 Ya que \u00e9l sabe que hay un 80 por ciento de posibilidades de que el candidato a gobernador, por el tema de g\u00e9nero, sea mujer.. Por ello, en esa din\u00e1mica, Huerta hace su parte y \u00abaprieta\u00bb con el \u00abAralyGate\u00bb al Primo Eleazar Guerrero P\u00e9rez, subsecretario de Finanzas, porque el delegado sabe bien qui\u00e9n est\u00e1 detr\u00e1s de las empresas \u00abfantasmas\u00bb\u2026 Y en pol\u00edtica, las coincidencias no existen\u2026<\/p>\n\n\n\n<p>Huerta, que es un \u00abviejo zorro\u00bb de la pol\u00edtica de izquierda, sabe bien que mientras m\u00e1s apriete con el tema de las empresas \u00abfantasmas\u00bb, si no saben tratar el asunto y no salen airosos del caso\u2026 Se caer\u00eda el proyecto del Primo Eleazar al Senado o hasta la diputaci\u00f3n federal por el distrito de Xalapa (Que esa ser\u00eda la \u00faltima opci\u00f3n de Huerta, si le va mal)\u2026 Pero tambi\u00e9n, se estar\u00eda llevando \u00abentre las patas\u00bb a Jos\u00e9 Luis Lima Franco, secretario de Finanzas, y eso evitar\u00eda que este personaje aspire tambi\u00e9n al Senado\u2026 Su \u00abJugada Maestra\u00bb..<\/p>\n\n\n\n<p>EN RESUMEN.. Lo que Manuel Huerta hace es aplicar: \u00abEl Arte de la Guerra\u00bb, es decir, el arte del enga\u00f1o\u2026 Generando ya una serie de complicaciones a Cuitl\u00e1huac Garc\u00eda para definir sus estrategias pol\u00edticas y candidatos\u2026 Y en el caso de que sea Roc\u00edo Nahle, la candidata a gobernador, seguramente ella PREFIERE ir acompa\u00f1ada al Senado por Huerta, que llevar de candidato a Eleazar o al propio, Eric Cisneros, si ese fuera el caso.. Ya que Nahle sabe que Huerta tiene m\u00e1s \u00abcolmillos\u00bb y que tambi\u00e9n tiene cercan\u00eda con L\u00f3pez Obrador\u2026<\/p>\n\n\n\n<p>Pero OJO Huerta no es \u00abblando\u00bb.. Seguramente el delegado va a \u00abjugar\u00bb con todo para hacer caer a Roc\u00edo Nahle\u2026 Sacarla de la \u00abjugada\u00bb y ser el candidato a gobernador\u2026 El personaje VA A BUSCAR que Nahle compruebe su RESIDENCIA EFECTIVA en Coatzacoalcos y la har\u00e1 cansada hasta el final.. Tambi\u00e9n le pedir\u00e1 que transparente los contratos otorgados en \u00abDos Bocas\u00bb por aquello de la \u00abhonestidad\u00bb\u2026 Y as\u00ed seguir\u00e1 hasta que a \u00e9l, no le comprueben otra cosa\u2026 REAL POLITIK\u2026 HAGAN SUS APUESTAS SE\u00d1ORES\u2026 LA GUERRA COMENZ\u00d3\u2026<\/p>\n\n\n\n<p>CASO PATROCINIO.. Todo indica que en el gabinete de Cuitl\u00e1huac Garc\u00eda.. Hay \u00abFuego Amigo\u00bb a niveles insospechados entre sus altos funcionarios, se dan con todo.. Y as\u00ed como se\u00f1alaron que Eric Cisneros, secretario de Gobierno, aprovech\u00f3 el poder que dej\u00f3 el gobernador por andar \u00abdisperso\u00bb.. Qu\u00e9 este fustig\u00f3 y logr\u00f3 que adversarios renunciaran al cargo porque \u00abestorbaban\u00bb\u2026 Ahora dicen que le aplican la misma dosis.. \u00bfKARMA?.. Esto se ve con la informaci\u00f3n que se \u00abfiltra\u00bb en redes sociales, grupos de whatsapp en Veracruz y CDMX\u2026<\/p>\n\n\n\n<p>Todo es sobre el caso que Patrocinio tiene encima del Tribunal Electoral del Poder Judicial de la Federaci\u00f3n, por el presunto hecho de violencia pol\u00edtica en raz\u00f3n de g\u00e9nero, que realiz\u00f3 contra la diputada local de Movimiento Ciudadano, Ruth Callejas.. Ya que desde Palacio de Gobierno y otras oficinas sale informaci\u00f3n que pretende que Patrocinio quede inhabilitado pol\u00edticamente para no participar en la elecci\u00f3n del 2024\u2026 La presi\u00f3n en contra del secretario de Gobierno, por este hecho es mucha..<\/p>\n\n\n\n<p>Se ha visto desesperado medi\u00e1ticamente y culpa a la diputada, periodistas y otros actores por la \u00abagresi\u00f3n\u00bb en contra.. Se\u00f1alando un argumento pueril, de que lo atacan por ser \u00abnegro\u00bb o por pertenecer a la poblaci\u00f3n afrodescendiente de Veracruz.. El hecho es que Patrocinio no midi\u00f3 que por encima de \u00e9l, hay otros poderes m\u00e1s fuertes y lo est\u00e1n haciendo \u00abtambalear\u00bb.. Ya lo del TEPJF es \u00abpecata minuta\u00bb.. Ya que lo que ordena al OPLE, es que debe revisar las respuestas que Patrocinio dio a Ruth Callejas en su comparecencia en el Congreso del Estado<\/p>\n\n\n\n<p>Para poder comprobar si es violencia pol\u00edtica en raz\u00f3n de g\u00e9nero, de serlo, entonces, aplicar una sanci\u00f3n administrativa del OPLE y que por esa raz\u00f3n, sea inscrito en el padr\u00f3n de Personas Sancionadas en Materia de Violencia Pol\u00edtica contra las Mujeres.. Esa es la informaci\u00f3n real.. Lo que provocar\u00eda su inhabilitaci\u00f3n para ser candidato a un cargo de elecci\u00f3n popular en 2024 por MORENA.. Y que eso obligue a Cuitl\u00e1huac a pedirle la RENUNCIA o que \u00e9l renuncie por \u00abcuestiones personales\u00bb o para atender el \u00abtema\u00bb sin cargo p\u00fablico..<\/p>\n\n\n\n<p>Tal como pas\u00f3 con el exsecretario de Seguridad P\u00fablica, Hugo Guti\u00e9rrez Maldonado.. Pero Patrocinio sabe que si renuncia o lo \u00abrenuncian\u00bb.. Se le viene la \u00abnomenclatura\u00bb encima.. Si nos vamos a lo pol\u00edtico, a sus adversarios en Palacio de Gobierno, MORENA y gabinete estatal poco les importa si Patrocinio cometi\u00f3 o no violencia pol\u00edtica.. Ellos quieren su inhabilitaci\u00f3n para que no pueda participar en la elecci\u00f3n en Veracruz al 2024\u2026 Su futuro, al final, est\u00e1 en manos de Magistrados del TEPJF en CDMX\u2026 Lo dem\u00e1s es POL\u00cdTICA FICCI\u00d3N..<\/p>\n\n\n\n<p>EN RESUMEN.. Si al paso del tiempo el OPLE, Tribunal Electoral de Veracruz, Sala Regional en Xalapa o Sala Superior en CDMX del TEPJF deciden qu\u00e9 Patrocinio cometi\u00f3 violencia pol\u00edtica y que queda fuera de la \u00abjugada\u00bb del 2024.. M\u00e1s de medio gabinete estatal \u00abbrincar\u00e1\u00bb de alegr\u00eda.. Ya que se habr\u00e1n quitado a un precandidato a gobernador, senador, diputado federal, diputado local o que siguiera siendo el DOS, si Roc\u00edo Nahle era la pr\u00f3xima gobernadora de Veracruz.. ESO ES TODO AMIGOS.. EL QUE ENTENDI\u00d3, ENTENDI\u00d3..<\/p>\n","protected":false},"excerpt":{"rendered":"<p>Ricardo Ch\u00faaSale y Vale Desde hace dos meses, a finales del 2022, cuando el Presidente, Andr\u00e9s Manuel L\u00f3pez Obrador, le dio \u00abpermiso\u00bb a su delegado del gobierno federal en Veracruz, Manuel Huerta Ladr\u00f3n de Guevara.. Y le dijo: \u00abCamina\u00bb\u2026 Este personaje se ha propuesto llenarle el \u00abojo\u00bb a su jefe para convertirse en la persona [&hellip;]<\/p>\n","protected":false},"author":2,"featured_media":0,"comment_status":"closed","ping_status":"closed","sticky":false,"template":"","format":"standard","meta":{"tdm_status":"","tdm_grid_status":"","footnotes":""},"categories":[70],"tags":[36292,15946,2730,1563,13912,1026,13604,3578,195],"class_list":{"0":"post-102759","1":"post","2":"type-post","3":"status-publish","4":"format-standard","6":"category-de-opinion","7":"tag-araly-rodriguez-vez","8":"tag-bola-8","9":"tag-cuitlahuac","10":"tag-cuitlahuac-garcia-jimenez","11":"tag-eleazar-guerrero-perez","12":"tag-morena","13":"tag-ricardo-chua","14":"tag-rocio-nahle","15":"tag-veracruz"},"yoast_head":"<!-- This site is optimized with the Yoast SEO plugin v27.4 - https:\/\/yoast.com\/product\/yoast-seo-wordpress\/ -->\n<title>MANUEL HUERTA, &quot;EL ABOGADO DEL DIABLO&quot; - Los pol\u00edticos Veracruz<\/title>\n<meta name=\"robots\" content=\"index, follow, max-snippet:-1, max-image-preview:large, max-video-preview:-1\" \/>\n<link rel=\"canonical\" href=\"https:\/\/lospoliticosveracruz.com\/?p=102759\" \/>\n<meta property=\"og:locale\" content=\"es_ES\" \/>\n<meta property=\"og:type\" content=\"article\" \/>\n<meta property=\"og:title\" content=\"MANUEL HUERTA, &quot;EL ABOGADO DEL DIABLO&quot; - Los pol\u00edticos Veracruz\" \/>\n<meta property=\"og:description\" content=\"Ricardo Ch\u00faaSale y Vale Desde hace dos meses, a finales del 2022, cuando el Presidente, Andr\u00e9s Manuel L\u00f3pez Obrador, le dio \u00abpermiso\u00bb a su delegado del gobierno federal en Veracruz, Manuel Huerta Ladr\u00f3n de Guevara.. Y le dijo: \u00abCamina\u00bb\u2026 Este personaje se ha propuesto llenarle el \u00abojo\u00bb a su jefe para convertirse en la persona [&hellip;]\" \/>\n<meta property=\"og:url\" content=\"https:\/\/lospoliticosveracruz.com\/?p=102759\" \/>\n<meta property=\"og:site_name\" content=\"Los pol\u00edticos Veracruz\" \/>\n<meta property=\"article:publisher\" content=\"https:\/\/www.facebook.com\/people\/Notimemes-de-los-Polticos\/61565672886568\/\" \/>\n<meta property=\"article:published_time\" content=\"2023-02-21T13:52:06+00:00\" \/>\n<meta property=\"article:modified_time\" content=\"2023-02-21T13:52:12+00:00\" \/>\n<meta property=\"og:image\" content=\"https:\/\/lospoliticosveracruz.com.mx\/wp-content\/uploads\/2022\/05\/Seguro-Julio-Cerecedo.jpg\" \/>\n<meta name=\"author\" content=\"Lo viste en Los Pol\u00edticos\" \/>\n<meta name=\"twitter:card\" content=\"summary_large_image\" \/>\n<meta name=\"twitter:creator\" content=\"@LosPoliticosVer\" \/>\n<meta name=\"twitter:site\" content=\"@LosPoliticosVer\" \/>\n<meta name=\"twitter:label1\" content=\"Escrito por\" \/>\n\t<meta name=\"twitter:data1\" content=\"Lo viste en Los Pol\u00edticos\" \/>\n\t<meta name=\"twitter:label2\" content=\"Tiempo de lectura\" \/>\n\t<meta name=\"twitter:data2\" content=\"6 minutos\" \/>\n<script type=\"application\/ld+json\" class=\"yoast-schema-graph\">{\"@context\":\"https:\\\/\\\/schema.org\",\"@graph\":[{\"@type\":\"Article\",\"@id\":\"https:\\\/\\\/lospoliticosveracruz.com\\\/?p=102759#article\",\"isPartOf\":{\"@id\":\"https:\\\/\\\/lospoliticosveracruz.com\\\/?p=102759\"},\"author\":{\"name\":\"Lo viste en Los Pol\u00edticos\",\"@id\":\"https:\\\/\\\/lospoliticosveracruz.com\\\/#\\\/schema\\\/person\\\/b8702bb0e538456e6efd07080bf2a4a2\"},\"headline\":\"MANUEL HUERTA, \u00abEL ABOGADO DEL DIABLO\u00bb\",\"datePublished\":\"2023-02-21T13:52:06+00:00\",\"dateModified\":\"2023-02-21T13:52:12+00:00\",\"mainEntityOfPage\":{\"@id\":\"https:\\\/\\\/lospoliticosveracruz.com\\\/?p=102759\"},\"wordCount\":1154,\"publisher\":{\"@id\":\"https:\\\/\\\/lospoliticosveracruz.com\\\/#organization\"},\"image\":{\"@id\":\"https:\\\/\\\/lospoliticosveracruz.com\\\/?p=102759#primaryimage\"},\"thumbnailUrl\":\"https:\\\/\\\/lospoliticosveracruz.com.mx\\\/wp-content\\\/uploads\\\/2022\\\/05\\\/Seguro-Julio-Cerecedo.jpg\",\"keywords\":[\"Araly Rodr\u00edguez Vez\",\"Bola 8\",\"Cuitl\u00e1huac\",\"Cuitl\u00e1huac Garc\u00eda Jim\u00e9nez\",\"Eleazar Guerrero P\u00e9rez\",\"Morena\",\"Ricardo Ch\u00faa\",\"Roc\u00edo Nahle\",\"Veracruz\"],\"articleSection\":[\"De Opini\u00f3n\"],\"inLanguage\":\"es\"},{\"@type\":\"WebPage\",\"@id\":\"https:\\\/\\\/lospoliticosveracruz.com\\\/?p=102759\",\"url\":\"https:\\\/\\\/lospoliticosveracruz.com\\\/?p=102759\",\"name\":\"MANUEL HUERTA, \\\"EL ABOGADO DEL DIABLO\\\" - Los pol\u00edticos Veracruz\",\"isPartOf\":{\"@id\":\"https:\\\/\\\/lospoliticosveracruz.com\\\/#website\"},\"primaryImageOfPage\":{\"@id\":\"https:\\\/\\\/lospoliticosveracruz.com\\\/?p=102759#primaryimage\"},\"image\":{\"@id\":\"https:\\\/\\\/lospoliticosveracruz.com\\\/?p=102759#primaryimage\"},\"thumbnailUrl\":\"https:\\\/\\\/lospoliticosveracruz.com.mx\\\/wp-content\\\/uploads\\\/2022\\\/05\\\/Seguro-Julio-Cerecedo.jpg\",\"datePublished\":\"2023-02-21T13:52:06+00:00\",\"dateModified\":\"2023-02-21T13:52:12+00:00\",\"breadcrumb\":{\"@id\":\"https:\\\/\\\/lospoliticosveracruz.com\\\/?p=102759#breadcrumb\"},\"inLanguage\":\"es\",\"potentialAction\":[{\"@type\":\"ReadAction\",\"target\":[\"https:\\\/\\\/lospoliticosveracruz.com\\\/?p=102759\"]}]},{\"@type\":\"ImageObject\",\"inLanguage\":\"es\",\"@id\":\"https:\\\/\\\/lospoliticosveracruz.com\\\/?p=102759#primaryimage\",\"url\":\"https:\\\/\\\/lospoliticosveracruz.com.mx\\\/wp-content\\\/uploads\\\/2022\\\/05\\\/Seguro-Julio-Cerecedo.jpg\",\"contentUrl\":\"https:\\\/\\\/lospoliticosveracruz.com.mx\\\/wp-content\\\/uploads\\\/2022\\\/05\\\/Seguro-Julio-Cerecedo.jpg\"},{\"@type\":\"BreadcrumbList\",\"@id\":\"https:\\\/\\\/lospoliticosveracruz.com\\\/?p=102759#breadcrumb\",\"itemListElement\":[{\"@type\":\"ListItem\",\"position\":1,\"name\":\"Portada\",\"item\":\"https:\\\/\\\/lospoliticosveracruz.com\\\/\"},{\"@type\":\"ListItem\",\"position\":2,\"name\":\"MANUEL HUERTA, \u00abEL ABOGADO DEL DIABLO\u00bb\"}]},{\"@type\":\"WebSite\",\"@id\":\"https:\\\/\\\/lospoliticosveracruz.com\\\/#website\",\"url\":\"https:\\\/\\\/lospoliticosveracruz.com\\\/\",\"name\":\"Los pol\u00edticos Veracruz\",\"description\":\"\",\"publisher\":{\"@id\":\"https:\\\/\\\/lospoliticosveracruz.com\\\/#organization\"},\"potentialAction\":[{\"@type\":\"SearchAction\",\"target\":{\"@type\":\"EntryPoint\",\"urlTemplate\":\"https:\\\/\\\/lospoliticosveracruz.com\\\/?s={search_term_string}\"},\"query-input\":{\"@type\":\"PropertyValueSpecification\",\"valueRequired\":true,\"valueName\":\"search_term_string\"}}],\"inLanguage\":\"es\"},{\"@type\":\"Organization\",\"@id\":\"https:\\\/\\\/lospoliticosveracruz.com\\\/#organization\",\"name\":\"Los pol\u00edticos Veracruz\",\"url\":\"https:\\\/\\\/lospoliticosveracruz.com\\\/\",\"logo\":{\"@type\":\"ImageObject\",\"inLanguage\":\"es\",\"@id\":\"https:\\\/\\\/lospoliticosveracruz.com\\\/#\\\/schema\\\/logo\\\/image\\\/\",\"url\":\"https:\\\/\\\/lospoliticosveracruz.com\\\/wp-content\\\/uploads\\\/2025\\\/12\\\/Logo-Nuevo-LOS-POLITICOS-1.jpg\",\"contentUrl\":\"https:\\\/\\\/lospoliticosveracruz.com\\\/wp-content\\\/uploads\\\/2025\\\/12\\\/Logo-Nuevo-LOS-POLITICOS-1.jpg\",\"width\":260,\"height\":70,\"caption\":\"Los pol\u00edticos Veracruz\"},\"image\":{\"@id\":\"https:\\\/\\\/lospoliticosveracruz.com\\\/#\\\/schema\\\/logo\\\/image\\\/\"},\"sameAs\":[\"https:\\\/\\\/www.facebook.com\\\/people\\\/Notimemes-de-los-Polticos\\\/61565672886568\\\/\",\"https:\\\/\\\/x.com\\\/LosPoliticosVer\"]},{\"@type\":\"Person\",\"@id\":\"https:\\\/\\\/lospoliticosveracruz.com\\\/#\\\/schema\\\/person\\\/b8702bb0e538456e6efd07080bf2a4a2\",\"name\":\"Lo viste en Los Pol\u00edticos\",\"image\":{\"@type\":\"ImageObject\",\"inLanguage\":\"es\",\"@id\":\"https:\\\/\\\/secure.gravatar.com\\\/avatar\\\/3a8de04a2656d44082be478bd6c086daa447c4651605818287b9532d3d0bd435?s=96&d=mm&r=g\",\"url\":\"https:\\\/\\\/secure.gravatar.com\\\/avatar\\\/3a8de04a2656d44082be478bd6c086daa447c4651605818287b9532d3d0bd435?s=96&d=mm&r=g\",\"contentUrl\":\"https:\\\/\\\/secure.gravatar.com\\\/avatar\\\/3a8de04a2656d44082be478bd6c086daa447c4651605818287b9532d3d0bd435?s=96&d=mm&r=g\",\"caption\":\"Lo viste en Los Pol\u00edticos\"},\"url\":\"https:\\\/\\\/lospoliticosveracruz.com\\\/?author=2\"}]}<\/script>\n<!-- \/ Yoast SEO plugin. -->","yoast_head_json":{"title":"MANUEL HUERTA, \"EL ABOGADO DEL DIABLO\" - Los pol\u00edticos Veracruz","robots":{"index":"index","follow":"follow","max-snippet":"max-snippet:-1","max-image-preview":"max-image-preview:large","max-video-preview":"max-video-preview:-1"},"canonical":"https:\/\/lospoliticosveracruz.com\/?p=102759","og_locale":"es_ES","og_type":"article","og_title":"MANUEL HUERTA, \"EL ABOGADO DEL DIABLO\" - Los pol\u00edticos Veracruz","og_description":"Ricardo Ch\u00faaSale y Vale Desde hace dos meses, a finales del 2022, cuando el Presidente, Andr\u00e9s Manuel L\u00f3pez Obrador, le dio \u00abpermiso\u00bb a su delegado del gobierno federal en Veracruz, Manuel Huerta Ladr\u00f3n de Guevara.. Y le dijo: \u00abCamina\u00bb\u2026 Este personaje se ha propuesto llenarle el \u00abojo\u00bb a su jefe para convertirse en la persona [&hellip;]","og_url":"https:\/\/lospoliticosveracruz.com\/?p=102759","og_site_name":"Los pol\u00edticos Veracruz","article_publisher":"https:\/\/www.facebook.com\/people\/Notimemes-de-los-Polticos\/61565672886568\/","article_published_time":"2023-02-21T13:52:06+00:00","article_modified_time":"2023-02-21T13:52:12+00:00","og_image":[{"url":"https:\/\/lospoliticosveracruz.com.mx\/wp-content\/uploads\/2022\/05\/Seguro-Julio-Cerecedo.jpg","type":"","width":"","height":""}],"author":"Lo viste en Los Pol\u00edticos","twitter_card":"summary_large_image","twitter_creator":"@LosPoliticosVer","twitter_site":"@LosPoliticosVer","twitter_misc":{"Escrito por":"Lo viste en Los Pol\u00edticos","Tiempo de lectura":"6 minutos"},"schema":{"@context":"https:\/\/schema.org","@graph":[{"@type":"Article","@id":"https:\/\/lospoliticosveracruz.com\/?p=102759#article","isPartOf":{"@id":"https:\/\/lospoliticosveracruz.com\/?p=102759"},"author":{"name":"Lo viste en Los Pol\u00edticos","@id":"https:\/\/lospoliticosveracruz.com\/#\/schema\/person\/b8702bb0e538456e6efd07080bf2a4a2"},"headline":"MANUEL HUERTA, \u00abEL ABOGADO DEL DIABLO\u00bb","datePublished":"2023-02-21T13:52:06+00:00","dateModified":"2023-02-21T13:52:12+00:00","mainEntityOfPage":{"@id":"https:\/\/lospoliticosveracruz.com\/?p=102759"},"wordCount":1154,"publisher":{"@id":"https:\/\/lospoliticosveracruz.com\/#organization"},"image":{"@id":"https:\/\/lospoliticosveracruz.com\/?p=102759#primaryimage"},"thumbnailUrl":"https:\/\/lospoliticosveracruz.com.mx\/wp-content\/uploads\/2022\/05\/Seguro-Julio-Cerecedo.jpg","keywords":["Araly Rodr\u00edguez Vez","Bola 8","Cuitl\u00e1huac","Cuitl\u00e1huac Garc\u00eda Jim\u00e9nez","Eleazar Guerrero P\u00e9rez","Morena","Ricardo Ch\u00faa","Roc\u00edo Nahle","Veracruz"],"articleSection":["De Opini\u00f3n"],"inLanguage":"es"},{"@type":"WebPage","@id":"https:\/\/lospoliticosveracruz.com\/?p=102759","url":"https:\/\/lospoliticosveracruz.com\/?p=102759","name":"MANUEL HUERTA, \"EL ABOGADO DEL DIABLO\" - Los pol\u00edticos Veracruz","isPartOf":{"@id":"https:\/\/lospoliticosveracruz.com\/#website"},"primaryImageOfPage":{"@id":"https:\/\/lospoliticosveracruz.com\/?p=102759#primaryimage"},"image":{"@id":"https:\/\/lospoliticosveracruz.com\/?p=102759#primaryimage"},"thumbnailUrl":"https:\/\/lospoliticosveracruz.com.mx\/wp-content\/uploads\/2022\/05\/Seguro-Julio-Cerecedo.jpg","datePublished":"2023-02-21T13:52:06+00:00","dateModified":"2023-02-21T13:52:12+00:00","breadcrumb":{"@id":"https:\/\/lospoliticosveracruz.com\/?p=102759#breadcrumb"},"inLanguage":"es","potentialAction":[{"@type":"ReadAction","target":["https:\/\/lospoliticosveracruz.com\/?p=102759"]}]},{"@type":"ImageObject","inLanguage":"es","@id":"https:\/\/lospoliticosveracruz.com\/?p=102759#primaryimage","url":"https:\/\/lospoliticosveracruz.com.mx\/wp-content\/uploads\/2022\/05\/Seguro-Julio-Cerecedo.jpg","contentUrl":"https:\/\/lospoliticosveracruz.com.mx\/wp-content\/uploads\/2022\/05\/Seguro-Julio-Cerecedo.jpg"},{"@type":"BreadcrumbList","@id":"https:\/\/lospoliticosveracruz.com\/?p=102759#breadcrumb","itemListElement":[{"@type":"ListItem","position":1,"name":"Portada","item":"https:\/\/lospoliticosveracruz.com\/"},{"@type":"ListItem","position":2,"name":"MANUEL HUERTA, \u00abEL ABOGADO DEL DIABLO\u00bb"}]},{"@type":"WebSite","@id":"https:\/\/lospoliticosveracruz.com\/#website","url":"https:\/\/lospoliticosveracruz.com\/","name":"Los pol\u00edticos Veracruz","description":"","publisher":{"@id":"https:\/\/lospoliticosveracruz.com\/#organization"},"potentialAction":[{"@type":"SearchAction","target":{"@type":"EntryPoint","urlTemplate":"https:\/\/lospoliticosveracruz.com\/?s={search_term_string}"},"query-input":{"@type":"PropertyValueSpecification","valueRequired":true,"valueName":"search_term_string"}}],"inLanguage":"es"},{"@type":"Organization","@id":"https:\/\/lospoliticosveracruz.com\/#organization","name":"Los pol\u00edticos Veracruz","url":"https:\/\/lospoliticosveracruz.com\/","logo":{"@type":"ImageObject","inLanguage":"es","@id":"https:\/\/lospoliticosveracruz.com\/#\/schema\/logo\/image\/","url":"https:\/\/lospoliticosveracruz.com\/wp-content\/uploads\/2025\/12\/Logo-Nuevo-LOS-POLITICOS-1.jpg","contentUrl":"https:\/\/lospoliticosveracruz.com\/wp-content\/uploads\/2025\/12\/Logo-Nuevo-LOS-POLITICOS-1.jpg","width":260,"height":70,"caption":"Los pol\u00edticos Veracruz"},"image":{"@id":"https:\/\/lospoliticosveracruz.com\/#\/schema\/logo\/image\/"},"sameAs":["https:\/\/www.facebook.com\/people\/Notimemes-de-los-Polticos\/61565672886568\/","https:\/\/x.com\/LosPoliticosVer"]},{"@type":"Person","@id":"https:\/\/lospoliticosveracruz.com\/#\/schema\/person\/b8702bb0e538456e6efd07080bf2a4a2","name":"Lo viste en Los Pol\u00edticos","image":{"@type":"ImageObject","inLanguage":"es","@id":"https:\/\/secure.gravatar.com\/avatar\/3a8de04a2656d44082be478bd6c086daa447c4651605818287b9532d3d0bd435?s=96&d=mm&r=g","url":"https:\/\/secure.gravatar.com\/avatar\/3a8de04a2656d44082be478bd6c086daa447c4651605818287b9532d3d0bd435?s=96&d=mm&r=g","contentUrl":"https:\/\/secure.gravatar.com\/avatar\/3a8de04a2656d44082be478bd6c086daa447c4651605818287b9532d3d0bd435?s=96&d=mm&r=g","caption":"Lo viste en Los Pol\u00edticos"},"url":"https:\/\/lospoliticosveracruz.com\/?author=2"}]}},"_links":{"self":[{"href":"https:\/\/lospoliticosveracruz.com\/index.php?rest_route=\/wp\/v2\/posts\/102759","targetHints":{"allow":["GET"]}}],"collection":[{"href":"https:\/\/lospoliticosveracruz.com\/index.php?rest_route=\/wp\/v2\/posts"}],"about":[{"href":"https:\/\/lospoliticosveracruz.com\/index.php?rest_route=\/wp\/v2\/types\/post"}],"author":[{"embeddable":true,"href":"https:\/\/lospoliticosveracruz.com\/index.php?rest_route=\/wp\/v2\/users\/2"}],"replies":[{"embeddable":true,"href":"https:\/\/lospoliticosveracruz.com\/index.php?rest_route=%2Fwp%2Fv2%2Fcomments&post=102759"}],"version-history":[{"count":1,"href":"https:\/\/lospoliticosveracruz.com\/index.php?rest_route=\/wp\/v2\/posts\/102759\/revisions"}],"predecessor-version":[{"id":102760,"href":"https:\/\/lospoliticosveracruz.com\/index.php?rest_route=\/wp\/v2\/posts\/102759\/revisions\/102760"}],"wp:attachment":[{"href":"https:\/\/lospoliticosveracruz.com\/index.php?rest_route=%2Fwp%2Fv2%2Fmedia&parent=102759"}],"wp:term":[{"taxonomy":"category","embeddable":true,"href":"https:\/\/lospoliticosveracruz.com\/index.php?rest_route=%2Fwp%2Fv2%2Fcategories&post=102759"},{"taxonomy":"post_tag","embeddable":true,"href":"https:\/\/lospoliticosveracruz.com\/index.php?rest_route=%2Fwp%2Fv2%2Ftags&post=102759"}],"curies":[{"name":"wp","href":"https:\/\/api.w.org\/{rel}","templated":true}]}}