{"id":102761,"date":"2023-02-21T07:56:33","date_gmt":"2023-02-21T13:56:33","guid":{"rendered":"https:\/\/lospoliticosveracruz.com.mx\/?p=102761"},"modified":"2023-02-21T07:56:39","modified_gmt":"2023-02-21T13:56:39","slug":"si-claudia-cae-aguas-con-el-ramalazo-en-veracruz","status":"publish","type":"post","link":"https:\/\/lospoliticosveracruz.com\/?p=102761","title":{"rendered":"SI CLAUDIA CAE, AGUAS CON EL RAMALAZO EN VERACRUZ&nbsp;"},"content":{"rendered":"\n<p><strong>Bernardo Guti\u00e9rrez Parra<\/strong>\u00a0<\/p>\n\n\n\n<p><em>Desde el Caf\u00e9<\/em>\u00a0<\/p>\n\n\n\n<p>Una encuesta hecha a simpatizantes de Morena y publicada en un portal de Veracruz, da como favorita a la candidatura por la presidencia de la Rep\u00fablica a la Jefa de Gobierno Claudia Sheinbaum con el 45.8% de aceptaci\u00f3n. Le sigue Ad\u00e1n Augusto L\u00f3pez con un 30.9%; Marcelo Ebrard ocupa la tercera posici\u00f3n con el 21.9% y perdido en el fondo se encuentra Ricardo Monreal con el 1.4%.\u00a0<br><\/p>\n\n\n<div class=\"wp-block-image\">\n<figure class=\"alignleft size-medium\"><a href=\"https:\/\/lospoliticosveracruz.com.mx\/wp-content\/uploads\/2021\/10\/Zacauilt.jpg\"><img decoding=\"async\" src=\"https:\/\/lospoliticosveracruz.com.mx\/wp-content\/uploads\/2021\/10\/Zacauilt-150x300.jpg\" alt=\"\" class=\"wp-image-80558\"\/><\/a><\/figure>\n<\/div>\n\n\n<p>La nota sobre la encuesta no lleva firma, est\u00e1 fechada en la Ciudad de M\u00e9xico el 19 de este mes y es, por decir lo menos, tendenciosa. \u201cPor su defensa de las iniciativas del presidente Andr\u00e9s Manuel L\u00f3pez Obrador; por su vinculaci\u00f3n con l\u00edderes morenistas innovadores de nueva generaci\u00f3n como Sergio Guti\u00e9rrez Luna, y la confianza que le tienen quienes lo van conociendo, Ad\u00e1n Augusto L\u00f3pez es la \u2018corcholata\u2019 que mantiene una tendencia de crecimiento en los sondeos de opini\u00f3n\u201d.<\/p>\n\n\n\n<p>\u00bfQui\u00e9n dice esto? Sergio Zaragoza, director de M\u00e9xico Elige, plataforma ciudadana especializada en estudios de opini\u00f3n.&nbsp;<\/p>\n\n\n\n<p>Sergio explica que el crecimiento consistente de la percepci\u00f3n positiva del tabasque\u00f1o es resultado de la combinaci\u00f3n de elementos importantes que proyectan de manera natural, buenos pron\u00f3sticos.<\/p>\n\n\n\n<p>A rengl\u00f3n seguido a\u00f1ade que una de las caracter\u00edsticas del crecimiento constante de Ad\u00e1n Augusto, es su v\u00ednculo con perfiles innovadores dentro de Morena, como (otra vez) Sergio Guti\u00e9rrez Luna en Veracruz. \u201cLa suma de los liderazgos estatales, reconocidos por los morenistas ya cansados de las figuras emblem\u00e1ticas, le permite ese crecimiento, cada vez con m\u00e1s fuerza\u201d.&nbsp;<\/p>\n\n\n\n<p>Como se puede leer, Sergio Zaragoza embadurn\u00f3 al tabasque\u00f1o con miel de la buena.&nbsp;<\/p>\n\n\n\n<p>\u00bfEst\u00e1 cuchareada la encuesta? No me voy a detener en eso. Pero el hecho de que la informaci\u00f3n est\u00e9 fechada en M\u00e9xico y el director de una encuestadora le dedique algo m\u00e1s que simples comentarios s\u00f3lo a uno de los cuatro aspirantes, son p\u00e9simas noticias para Claudia Sheinbaum.&nbsp;<\/p>\n\n\n\n<p>En su columna de ayer el periodista Raymundo Riva Palacio dice que la cargada que se hab\u00eda formado tras Claudia se rompi\u00f3. Moderados y radicales la han abandonado y de acuerdo con un diagn\u00f3stico para el Presidente, es la gobernadora morenista con m\u00e1s problemas recurrentes y la que m\u00e1s negativos le produce.<\/p>\n\n\n\n<p>\u201cNo significa que L\u00f3pez Obrador est\u00e9 cambiando de delf\u00edn, pero hay s\u00edntomas de que el destino manifiesto para Sheinbaum ya no existe. La molestia contra ella es que se est\u00e1 convirtiendo en un lastre para el Presidente, que de manera frecuente tiene que estar sac\u00e1ndola del atolladero\u201d dice el periodista.&nbsp;<\/p>\n\n\n\n<p>Quien ha obtenido buenos dividendos con la ca\u00edda de la Jefa de Gobierno es Marcelo Ebrard, porque est\u00e1 apoyando con su trabajo a L\u00f3pez Obrador y esto lo empiezan a reconocer hasta los m\u00e1s radicales dentro del equipo del Presidente.&nbsp;<\/p>\n\n\n\n<p>\u00bfY Ad\u00e1n Augusto?&nbsp;<\/p>\n\n\n\n<p>Riva Palacio dice que a pesar de que no gusta mucho en Palacio Nacional, a diferencia de Ebrard, \u201ctiene el principal apoyo, el del Presidente, que est\u00e1 gestionando que se incremente la promoci\u00f3n de su amigo de casi toda la vida, que permite la conjetura de que, si Sheinbaum llega a colapsarse, podr\u00eda voltear a \u00e9l como alternativa\u201d.<\/p>\n\n\n\n<p>Y esa podr\u00eda ser la raz\u00f3n de los enmielados comentarios del director de M\u00e9xico Elige.&nbsp;<\/p>\n\n\n\n<p>Sigo sosteniendo mi tesis (aunque ojal\u00e1 me equivoque) de que Marcelo no ser\u00e1 el candidato de Morena y el plan B del presidente sigue siendo Ad\u00e1n Augusto L\u00f3pez. Y dado que Claudia va en picada, no creo que mi tesis sea tan descabellada.&nbsp;<\/p>\n\n\n\n<p>Eso s\u00ed, si Claudia se cae aguas con el ramalazo en Veracruz.&nbsp;<\/p>\n\n\n\n<p>Por principio de cuentas adi\u00f3s al sue\u00f1o de algunos de tener una gobernadora zacatecana porque Sergio Guti\u00e9rrez ser\u00e1 el candidato natural a la gubernatura. Y si por esas cosas que tiene la vida llega a ganar, ups.&nbsp;<\/p>\n\n\n\n<p>El n\u00facleo compacto pero poderoso de veracruzanos que cobran en Palacio de Gobierno, tendr\u00e1 que buscar un pa\u00eds que no tenga tratado de extradici\u00f3n con M\u00e9xico y correr hacia all\u00e1, porque una de las primeras cosas que har\u00e1 el minatitleco ser\u00e1 cobrarse agravios.&nbsp;<\/p>\n\n\n\n<p>Y har\u00e1 bien\u2026 muy bien.&nbsp;<\/p>\n\n\n\n<p>Anuncia Lima Franco 500 mdp para mejorar vialidad en Xalapa<\/p>\n\n\n\n<p>Quienes hemos salido por la avenida Murillo Vidal para tomar la carretera federal, sabemos lo que se sufre. En horas pico aquello se pone del asco. Otros puntos conflictivos son la zona de Las Trancas y la del dep\u00f3sito de la Cervecer\u00eda Corona a la altura de la Plaza Urban Center, que afectan la vialidad de la avenida L\u00e1zaro C\u00e1rdenas.&nbsp;<\/p>\n\n\n\n<p>Para darle mayor movilidad a esa avenida, el gobierno estatal invertir\u00e1 500 millones de pesos en esos tres puntos conflictivos, inform\u00f3 el secretario de Finanzas y Planeaci\u00f3n, Jos\u00e9 Luis Lima Franco.&nbsp;<\/p>\n\n\n\n<p>El funcionario dijo que espera que en este mes se est\u00e9n licitando las obras para que los trabajos arranquen en abril y se terminen a finales de este a\u00f1o o a principios del 2024.&nbsp;<\/p>\n\n\n\n<p>En la actualidad el ayuntamiento de Xalapa est\u00e1 reparando distintos tramos en la avenida L\u00e1zaro C\u00e1rdenas, sin discusi\u00f3n, la m\u00e1s transitada de la ciudad. Y a esas reparaciones se agregar\u00e1n las mencionadas por el titular de Finanzas.&nbsp;&nbsp;<\/p>\n\n\n\n<p>Lima Franco dijo que los 500 millones para llevar a cabo estos trabajos se destinar\u00e1n a trav\u00e9s de la Secretar\u00eda de Infraestructura y Obras P\u00fablicas (SIOP). \u201cEstas acciones forman parte de los compromisos que hizo el gobernador Cuitl\u00e1huac Garc\u00eda Jim\u00e9nez para la Capital\u201d. Y asegur\u00f3 que las tres obras ser\u00e1n ejecutadas en una sola etapa.&nbsp;<\/p>\n\n\n\n<p>Por \u00faltimo, indic\u00f3 que a pesar de que no se construy\u00f3 el Tren Ligero, estos proyectos forman parte del \u201cPlan B\u201d de movilidad para la ciudad capital, que beneficiar\u00e1n no s\u00f3lo a los xalape\u00f1os, sino a miles de personas que visitan anualmente Xalapa.&nbsp;<\/p>\n\n\n\n<p>bernardogup@hotmail.com<\/p>\n","protected":false},"excerpt":{"rendered":"<p>Bernardo Guti\u00e9rrez Parra\u00a0 Desde el Caf\u00e9\u00a0 Una encuesta hecha a simpatizantes de Morena y publicada en un portal de Veracruz, da como favorita a la candidatura por la presidencia de la Rep\u00fablica a la Jefa de Gobierno Claudia Sheinbaum con el 45.8% de aceptaci\u00f3n. Le sigue Ad\u00e1n Augusto L\u00f3pez con un 30.9%; Marcelo Ebrard ocupa [&hellip;]<\/p>\n","protected":false},"author":2,"featured_media":0,"comment_status":"closed","ping_status":"closed","sticky":false,"template":"","format":"standard","meta":{"tdm_status":"","tdm_grid_status":"","footnotes":""},"categories":[70],"tags":[9627,1026,16147,195],"class_list":{"0":"post-102761","1":"post","2":"type-post","3":"status-publish","4":"format-standard","6":"category-de-opinion","7":"tag-claudia-sheinbaum","8":"tag-morena","9":"tag-sergio-gutierrez-luna","10":"tag-veracruz"},"yoast_head":"<!-- This site is optimized with the Yoast SEO plugin v27.4 - https:\/\/yoast.com\/product\/yoast-seo-wordpress\/ -->\n<title>SI CLAUDIA CAE, AGUAS CON EL RAMALAZO EN VERACRUZ&nbsp; - Los pol\u00edticos Veracruz<\/title>\n<meta name=\"robots\" content=\"index, follow, max-snippet:-1, max-image-preview:large, max-video-preview:-1\" \/>\n<link rel=\"canonical\" href=\"https:\/\/lospoliticosveracruz.com\/?p=102761\" \/>\n<meta property=\"og:locale\" content=\"es_ES\" \/>\n<meta property=\"og:type\" content=\"article\" \/>\n<meta property=\"og:title\" content=\"SI CLAUDIA CAE, AGUAS CON EL RAMALAZO EN VERACRUZ&nbsp; - Los pol\u00edticos Veracruz\" \/>\n<meta property=\"og:description\" content=\"Bernardo Guti\u00e9rrez Parra\u00a0 Desde el Caf\u00e9\u00a0 Una encuesta hecha a simpatizantes de Morena y publicada en un portal de Veracruz, da como favorita a la candidatura por la presidencia de la Rep\u00fablica a la Jefa de Gobierno Claudia Sheinbaum con el 45.8% de aceptaci\u00f3n. Le sigue Ad\u00e1n Augusto L\u00f3pez con un 30.9%; Marcelo Ebrard ocupa [&hellip;]\" \/>\n<meta property=\"og:url\" content=\"https:\/\/lospoliticosveracruz.com\/?p=102761\" \/>\n<meta property=\"og:site_name\" content=\"Los pol\u00edticos Veracruz\" \/>\n<meta property=\"article:publisher\" content=\"https:\/\/www.facebook.com\/people\/Notimemes-de-los-Polticos\/61565672886568\/\" \/>\n<meta property=\"article:published_time\" content=\"2023-02-21T13:56:33+00:00\" \/>\n<meta property=\"article:modified_time\" content=\"2023-02-21T13:56:39+00:00\" \/>\n<meta property=\"og:image\" content=\"https:\/\/lospoliticosveracruz.com.mx\/wp-content\/uploads\/2021\/10\/Zacauilt-150x300.jpg\" \/>\n<meta name=\"author\" content=\"Lo viste en Los Pol\u00edticos\" \/>\n<meta name=\"twitter:card\" content=\"summary_large_image\" \/>\n<meta name=\"twitter:creator\" content=\"@LosPoliticosVer\" \/>\n<meta name=\"twitter:site\" content=\"@LosPoliticosVer\" \/>\n<meta name=\"twitter:label1\" content=\"Escrito por\" \/>\n\t<meta name=\"twitter:data1\" content=\"Lo viste en Los Pol\u00edticos\" \/>\n\t<meta name=\"twitter:label2\" content=\"Tiempo de lectura\" \/>\n\t<meta name=\"twitter:data2\" content=\"5 minutos\" \/>\n<script type=\"application\/ld+json\" class=\"yoast-schema-graph\">{\"@context\":\"https:\\\/\\\/schema.org\",\"@graph\":[{\"@type\":\"Article\",\"@id\":\"https:\\\/\\\/lospoliticosveracruz.com\\\/?p=102761#article\",\"isPartOf\":{\"@id\":\"https:\\\/\\\/lospoliticosveracruz.com\\\/?p=102761\"},\"author\":{\"name\":\"Lo viste en Los Pol\u00edticos\",\"@id\":\"https:\\\/\\\/lospoliticosveracruz.com\\\/#\\\/schema\\\/person\\\/b8702bb0e538456e6efd07080bf2a4a2\"},\"headline\":\"SI CLAUDIA CAE, AGUAS CON EL RAMALAZO EN VERACRUZ&nbsp;\",\"datePublished\":\"2023-02-21T13:56:33+00:00\",\"dateModified\":\"2023-02-21T13:56:39+00:00\",\"mainEntityOfPage\":{\"@id\":\"https:\\\/\\\/lospoliticosveracruz.com\\\/?p=102761\"},\"wordCount\":1053,\"publisher\":{\"@id\":\"https:\\\/\\\/lospoliticosveracruz.com\\\/#organization\"},\"image\":{\"@id\":\"https:\\\/\\\/lospoliticosveracruz.com\\\/?p=102761#primaryimage\"},\"thumbnailUrl\":\"https:\\\/\\\/lospoliticosveracruz.com.mx\\\/wp-content\\\/uploads\\\/2021\\\/10\\\/Zacauilt-150x300.jpg\",\"keywords\":[\"Claudia Sheinbaum\",\"Morena\",\"Sergio Guti\u00e9rrez Luna\",\"Veracruz\"],\"articleSection\":[\"De Opini\u00f3n\"],\"inLanguage\":\"es\"},{\"@type\":\"WebPage\",\"@id\":\"https:\\\/\\\/lospoliticosveracruz.com\\\/?p=102761\",\"url\":\"https:\\\/\\\/lospoliticosveracruz.com\\\/?p=102761\",\"name\":\"SI CLAUDIA CAE, AGUAS CON EL RAMALAZO EN VERACRUZ&nbsp; - Los pol\u00edticos Veracruz\",\"isPartOf\":{\"@id\":\"https:\\\/\\\/lospoliticosveracruz.com\\\/#website\"},\"primaryImageOfPage\":{\"@id\":\"https:\\\/\\\/lospoliticosveracruz.com\\\/?p=102761#primaryimage\"},\"image\":{\"@id\":\"https:\\\/\\\/lospoliticosveracruz.com\\\/?p=102761#primaryimage\"},\"thumbnailUrl\":\"https:\\\/\\\/lospoliticosveracruz.com.mx\\\/wp-content\\\/uploads\\\/2021\\\/10\\\/Zacauilt-150x300.jpg\",\"datePublished\":\"2023-02-21T13:56:33+00:00\",\"dateModified\":\"2023-02-21T13:56:39+00:00\",\"breadcrumb\":{\"@id\":\"https:\\\/\\\/lospoliticosveracruz.com\\\/?p=102761#breadcrumb\"},\"inLanguage\":\"es\",\"potentialAction\":[{\"@type\":\"ReadAction\",\"target\":[\"https:\\\/\\\/lospoliticosveracruz.com\\\/?p=102761\"]}]},{\"@type\":\"ImageObject\",\"inLanguage\":\"es\",\"@id\":\"https:\\\/\\\/lospoliticosveracruz.com\\\/?p=102761#primaryimage\",\"url\":\"https:\\\/\\\/lospoliticosveracruz.com.mx\\\/wp-content\\\/uploads\\\/2021\\\/10\\\/Zacauilt-150x300.jpg\",\"contentUrl\":\"https:\\\/\\\/lospoliticosveracruz.com.mx\\\/wp-content\\\/uploads\\\/2021\\\/10\\\/Zacauilt-150x300.jpg\"},{\"@type\":\"BreadcrumbList\",\"@id\":\"https:\\\/\\\/lospoliticosveracruz.com\\\/?p=102761#breadcrumb\",\"itemListElement\":[{\"@type\":\"ListItem\",\"position\":1,\"name\":\"Portada\",\"item\":\"https:\\\/\\\/lospoliticosveracruz.com\\\/\"},{\"@type\":\"ListItem\",\"position\":2,\"name\":\"SI CLAUDIA CAE, AGUAS CON EL RAMALAZO EN VERACRUZ&nbsp;\"}]},{\"@type\":\"WebSite\",\"@id\":\"https:\\\/\\\/lospoliticosveracruz.com\\\/#website\",\"url\":\"https:\\\/\\\/lospoliticosveracruz.com\\\/\",\"name\":\"Los pol\u00edticos Veracruz\",\"description\":\"\",\"publisher\":{\"@id\":\"https:\\\/\\\/lospoliticosveracruz.com\\\/#organization\"},\"potentialAction\":[{\"@type\":\"SearchAction\",\"target\":{\"@type\":\"EntryPoint\",\"urlTemplate\":\"https:\\\/\\\/lospoliticosveracruz.com\\\/?s={search_term_string}\"},\"query-input\":{\"@type\":\"PropertyValueSpecification\",\"valueRequired\":true,\"valueName\":\"search_term_string\"}}],\"inLanguage\":\"es\"},{\"@type\":\"Organization\",\"@id\":\"https:\\\/\\\/lospoliticosveracruz.com\\\/#organization\",\"name\":\"Los pol\u00edticos Veracruz\",\"url\":\"https:\\\/\\\/lospoliticosveracruz.com\\\/\",\"logo\":{\"@type\":\"ImageObject\",\"inLanguage\":\"es\",\"@id\":\"https:\\\/\\\/lospoliticosveracruz.com\\\/#\\\/schema\\\/logo\\\/image\\\/\",\"url\":\"https:\\\/\\\/lospoliticosveracruz.com\\\/wp-content\\\/uploads\\\/2025\\\/12\\\/Logo-Nuevo-LOS-POLITICOS-1.jpg\",\"contentUrl\":\"https:\\\/\\\/lospoliticosveracruz.com\\\/wp-content\\\/uploads\\\/2025\\\/12\\\/Logo-Nuevo-LOS-POLITICOS-1.jpg\",\"width\":260,\"height\":70,\"caption\":\"Los pol\u00edticos Veracruz\"},\"image\":{\"@id\":\"https:\\\/\\\/lospoliticosveracruz.com\\\/#\\\/schema\\\/logo\\\/image\\\/\"},\"sameAs\":[\"https:\\\/\\\/www.facebook.com\\\/people\\\/Notimemes-de-los-Polticos\\\/61565672886568\\\/\",\"https:\\\/\\\/x.com\\\/LosPoliticosVer\"]},{\"@type\":\"Person\",\"@id\":\"https:\\\/\\\/lospoliticosveracruz.com\\\/#\\\/schema\\\/person\\\/b8702bb0e538456e6efd07080bf2a4a2\",\"name\":\"Lo viste en Los Pol\u00edticos\",\"image\":{\"@type\":\"ImageObject\",\"inLanguage\":\"es\",\"@id\":\"https:\\\/\\\/secure.gravatar.com\\\/avatar\\\/3a8de04a2656d44082be478bd6c086daa447c4651605818287b9532d3d0bd435?s=96&d=mm&r=g\",\"url\":\"https:\\\/\\\/secure.gravatar.com\\\/avatar\\\/3a8de04a2656d44082be478bd6c086daa447c4651605818287b9532d3d0bd435?s=96&d=mm&r=g\",\"contentUrl\":\"https:\\\/\\\/secure.gravatar.com\\\/avatar\\\/3a8de04a2656d44082be478bd6c086daa447c4651605818287b9532d3d0bd435?s=96&d=mm&r=g\",\"caption\":\"Lo viste en Los Pol\u00edticos\"},\"url\":\"https:\\\/\\\/lospoliticosveracruz.com\\\/?author=2\"}]}<\/script>\n<!-- \/ Yoast SEO plugin. -->","yoast_head_json":{"title":"SI CLAUDIA CAE, AGUAS CON EL RAMALAZO EN VERACRUZ&nbsp; - Los pol\u00edticos Veracruz","robots":{"index":"index","follow":"follow","max-snippet":"max-snippet:-1","max-image-preview":"max-image-preview:large","max-video-preview":"max-video-preview:-1"},"canonical":"https:\/\/lospoliticosveracruz.com\/?p=102761","og_locale":"es_ES","og_type":"article","og_title":"SI CLAUDIA CAE, AGUAS CON EL RAMALAZO EN VERACRUZ&nbsp; - Los pol\u00edticos Veracruz","og_description":"Bernardo Guti\u00e9rrez Parra\u00a0 Desde el Caf\u00e9\u00a0 Una encuesta hecha a simpatizantes de Morena y publicada en un portal de Veracruz, da como favorita a la candidatura por la presidencia de la Rep\u00fablica a la Jefa de Gobierno Claudia Sheinbaum con el 45.8% de aceptaci\u00f3n. Le sigue Ad\u00e1n Augusto L\u00f3pez con un 30.9%; Marcelo Ebrard ocupa [&hellip;]","og_url":"https:\/\/lospoliticosveracruz.com\/?p=102761","og_site_name":"Los pol\u00edticos Veracruz","article_publisher":"https:\/\/www.facebook.com\/people\/Notimemes-de-los-Polticos\/61565672886568\/","article_published_time":"2023-02-21T13:56:33+00:00","article_modified_time":"2023-02-21T13:56:39+00:00","og_image":[{"url":"https:\/\/lospoliticosveracruz.com.mx\/wp-content\/uploads\/2021\/10\/Zacauilt-150x300.jpg","type":"","width":"","height":""}],"author":"Lo viste en Los Pol\u00edticos","twitter_card":"summary_large_image","twitter_creator":"@LosPoliticosVer","twitter_site":"@LosPoliticosVer","twitter_misc":{"Escrito por":"Lo viste en Los Pol\u00edticos","Tiempo de lectura":"5 minutos"},"schema":{"@context":"https:\/\/schema.org","@graph":[{"@type":"Article","@id":"https:\/\/lospoliticosveracruz.com\/?p=102761#article","isPartOf":{"@id":"https:\/\/lospoliticosveracruz.com\/?p=102761"},"author":{"name":"Lo viste en Los Pol\u00edticos","@id":"https:\/\/lospoliticosveracruz.com\/#\/schema\/person\/b8702bb0e538456e6efd07080bf2a4a2"},"headline":"SI CLAUDIA CAE, AGUAS CON EL RAMALAZO EN VERACRUZ&nbsp;","datePublished":"2023-02-21T13:56:33+00:00","dateModified":"2023-02-21T13:56:39+00:00","mainEntityOfPage":{"@id":"https:\/\/lospoliticosveracruz.com\/?p=102761"},"wordCount":1053,"publisher":{"@id":"https:\/\/lospoliticosveracruz.com\/#organization"},"image":{"@id":"https:\/\/lospoliticosveracruz.com\/?p=102761#primaryimage"},"thumbnailUrl":"https:\/\/lospoliticosveracruz.com.mx\/wp-content\/uploads\/2021\/10\/Zacauilt-150x300.jpg","keywords":["Claudia Sheinbaum","Morena","Sergio Guti\u00e9rrez Luna","Veracruz"],"articleSection":["De Opini\u00f3n"],"inLanguage":"es"},{"@type":"WebPage","@id":"https:\/\/lospoliticosveracruz.com\/?p=102761","url":"https:\/\/lospoliticosveracruz.com\/?p=102761","name":"SI CLAUDIA CAE, AGUAS CON EL RAMALAZO EN VERACRUZ&nbsp; - Los pol\u00edticos Veracruz","isPartOf":{"@id":"https:\/\/lospoliticosveracruz.com\/#website"},"primaryImageOfPage":{"@id":"https:\/\/lospoliticosveracruz.com\/?p=102761#primaryimage"},"image":{"@id":"https:\/\/lospoliticosveracruz.com\/?p=102761#primaryimage"},"thumbnailUrl":"https:\/\/lospoliticosveracruz.com.mx\/wp-content\/uploads\/2021\/10\/Zacauilt-150x300.jpg","datePublished":"2023-02-21T13:56:33+00:00","dateModified":"2023-02-21T13:56:39+00:00","breadcrumb":{"@id":"https:\/\/lospoliticosveracruz.com\/?p=102761#breadcrumb"},"inLanguage":"es","potentialAction":[{"@type":"ReadAction","target":["https:\/\/lospoliticosveracruz.com\/?p=102761"]}]},{"@type":"ImageObject","inLanguage":"es","@id":"https:\/\/lospoliticosveracruz.com\/?p=102761#primaryimage","url":"https:\/\/lospoliticosveracruz.com.mx\/wp-content\/uploads\/2021\/10\/Zacauilt-150x300.jpg","contentUrl":"https:\/\/lospoliticosveracruz.com.mx\/wp-content\/uploads\/2021\/10\/Zacauilt-150x300.jpg"},{"@type":"BreadcrumbList","@id":"https:\/\/lospoliticosveracruz.com\/?p=102761#breadcrumb","itemListElement":[{"@type":"ListItem","position":1,"name":"Portada","item":"https:\/\/lospoliticosveracruz.com\/"},{"@type":"ListItem","position":2,"name":"SI CLAUDIA CAE, AGUAS CON EL RAMALAZO EN VERACRUZ&nbsp;"}]},{"@type":"WebSite","@id":"https:\/\/lospoliticosveracruz.com\/#website","url":"https:\/\/lospoliticosveracruz.com\/","name":"Los pol\u00edticos Veracruz","description":"","publisher":{"@id":"https:\/\/lospoliticosveracruz.com\/#organization"},"potentialAction":[{"@type":"SearchAction","target":{"@type":"EntryPoint","urlTemplate":"https:\/\/lospoliticosveracruz.com\/?s={search_term_string}"},"query-input":{"@type":"PropertyValueSpecification","valueRequired":true,"valueName":"search_term_string"}}],"inLanguage":"es"},{"@type":"Organization","@id":"https:\/\/lospoliticosveracruz.com\/#organization","name":"Los pol\u00edticos Veracruz","url":"https:\/\/lospoliticosveracruz.com\/","logo":{"@type":"ImageObject","inLanguage":"es","@id":"https:\/\/lospoliticosveracruz.com\/#\/schema\/logo\/image\/","url":"https:\/\/lospoliticosveracruz.com\/wp-content\/uploads\/2025\/12\/Logo-Nuevo-LOS-POLITICOS-1.jpg","contentUrl":"https:\/\/lospoliticosveracruz.com\/wp-content\/uploads\/2025\/12\/Logo-Nuevo-LOS-POLITICOS-1.jpg","width":260,"height":70,"caption":"Los pol\u00edticos Veracruz"},"image":{"@id":"https:\/\/lospoliticosveracruz.com\/#\/schema\/logo\/image\/"},"sameAs":["https:\/\/www.facebook.com\/people\/Notimemes-de-los-Polticos\/61565672886568\/","https:\/\/x.com\/LosPoliticosVer"]},{"@type":"Person","@id":"https:\/\/lospoliticosveracruz.com\/#\/schema\/person\/b8702bb0e538456e6efd07080bf2a4a2","name":"Lo viste en Los Pol\u00edticos","image":{"@type":"ImageObject","inLanguage":"es","@id":"https:\/\/secure.gravatar.com\/avatar\/3a8de04a2656d44082be478bd6c086daa447c4651605818287b9532d3d0bd435?s=96&d=mm&r=g","url":"https:\/\/secure.gravatar.com\/avatar\/3a8de04a2656d44082be478bd6c086daa447c4651605818287b9532d3d0bd435?s=96&d=mm&r=g","contentUrl":"https:\/\/secure.gravatar.com\/avatar\/3a8de04a2656d44082be478bd6c086daa447c4651605818287b9532d3d0bd435?s=96&d=mm&r=g","caption":"Lo viste en Los Pol\u00edticos"},"url":"https:\/\/lospoliticosveracruz.com\/?author=2"}]}},"_links":{"self":[{"href":"https:\/\/lospoliticosveracruz.com\/index.php?rest_route=\/wp\/v2\/posts\/102761","targetHints":{"allow":["GET"]}}],"collection":[{"href":"https:\/\/lospoliticosveracruz.com\/index.php?rest_route=\/wp\/v2\/posts"}],"about":[{"href":"https:\/\/lospoliticosveracruz.com\/index.php?rest_route=\/wp\/v2\/types\/post"}],"author":[{"embeddable":true,"href":"https:\/\/lospoliticosveracruz.com\/index.php?rest_route=\/wp\/v2\/users\/2"}],"replies":[{"embeddable":true,"href":"https:\/\/lospoliticosveracruz.com\/index.php?rest_route=%2Fwp%2Fv2%2Fcomments&post=102761"}],"version-history":[{"count":1,"href":"https:\/\/lospoliticosveracruz.com\/index.php?rest_route=\/wp\/v2\/posts\/102761\/revisions"}],"predecessor-version":[{"id":102762,"href":"https:\/\/lospoliticosveracruz.com\/index.php?rest_route=\/wp\/v2\/posts\/102761\/revisions\/102762"}],"wp:attachment":[{"href":"https:\/\/lospoliticosveracruz.com\/index.php?rest_route=%2Fwp%2Fv2%2Fmedia&parent=102761"}],"wp:term":[{"taxonomy":"category","embeddable":true,"href":"https:\/\/lospoliticosveracruz.com\/index.php?rest_route=%2Fwp%2Fv2%2Fcategories&post=102761"},{"taxonomy":"post_tag","embeddable":true,"href":"https:\/\/lospoliticosveracruz.com\/index.php?rest_route=%2Fwp%2Fv2%2Ftags&post=102761"}],"curies":[{"name":"wp","href":"https:\/\/api.w.org\/{rel}","templated":true}]}}