{"id":102763,"date":"2023-02-21T08:18:15","date_gmt":"2023-02-21T14:18:15","guid":{"rendered":"https:\/\/lospoliticosveracruz.com.mx\/?p=102763"},"modified":"2023-02-21T08:18:19","modified_gmt":"2023-02-21T14:18:19","slug":"cero-basura-en-el-cerro-de-las-culebras","status":"publish","type":"post","link":"https:\/\/lospoliticosveracruz.com\/?p=102763","title":{"rendered":"CERO BASURA EN EL CERRO DE LAS CULEBRAS!"},"content":{"rendered":"\n<p><\/p>\n\n\n\n<p>La Secretar\u00eda de Medio Ambiente y Recursos Naturales, SEMARNAT, calcula que en el pa\u00eds se producen un poco m\u00e1s de 42 millones de toneladas de residuos s\u00f3lidos al a\u00f1o y para darnos una idea de esto, nos pone de ejemplo que esa cantidad anual, es similar a 175 veces el volumen de la pir\u00e1mide del sol en Teotihuacan o 231 veces el estadio Azteca; lo que sin embargo sigue sin impactarnos lo suficiente como para realizar acciones coordinadas y permanentes que lleven a la reducci\u00f3n, tan elevada, de residuos s\u00f3lidos, basura, desechos humanos, comerciales e industriales.<\/p>\n\n\n\n<p>Afirm\u00f3 lo anterior la directora general de la asociaci\u00f3n civil Ruta de la Niebla, Leticia Arriaga Stransky, y agreg\u00f3 que esos datos, con los recabados por otros organismos gubernamentales y de la sociedad civil, coinciden en que los residuos, la basura, se manejan de forma inadecuada en el pa\u00eds, m\u00e1s del 90% de esta tiene como destino final r\u00edos, barrancas, basureros clandestinos, el mar, lotes bald\u00edos, relleno de terrenos para construcci\u00f3n y las zonas naturales protegidas, como sucede, desde hace muchos a\u00f1os ya, en el Cerro de las Culebras en Coatepec.<\/p>\n\n\n\n<p>Detalla Arriaga Stransky, que este mal manejo de los desechos humanos, comerciales e industriales representa un peligro para el equilibrio ecol\u00f3gico, para el medio ambiente en general; y que aunque hay muchos sectores de la sociedad preocupados por el destino de estos deshechos, como grupos de ambientalistas, es muy poco lo que se avanza en su reutilizaci\u00f3n, en su transformaci\u00f3n, en la construcci\u00f3n de espacios especiales para su confinamiento final, como en estrategias para lograr generar la menor cantidad posible de basura.<\/p>\n\n\n\n<p>Derivado de la necesidad de dar el ejemplo el Parque Tem\u00e1tico Senderito del Bosque de Niebla del del Cerro de las Culebras, en lugar que esa zona natural protegida sea vertedero favorito de basura, de los habitantes del \u00e1rea urbana que rodea al cerro, se pens\u00f3 y ya se ha puesto en marcha el taller Queremos Abonar para las Futuras Generaciones, auspiciado y coordinado por la asociaci\u00f3n civil Ruta de la Niebla, el Parque Tem\u00e1tico Senderito del Bosque de Niebla, y la UNCADER 2 (Unidad de Capacitaci\u00f3n para el Desarrollo Rural), bajo el enfoque de Cero Basura.<\/p>\n\n\n\n<p>Este taller, que inici\u00f3 el pasado s\u00e1bado 18 de febrero del presente a\u00f1o y al que todav\u00eda se pueden incorporar quienes as\u00ed lo deseen, destaco Stransky, est\u00e1 siendo impartido por la agr\u00f3noma Magdalena Granados Maga\u00f1a, directora del UNCADER 2, quien afirm\u00f3 que los participantes, al final del taller, conocer\u00e1n todo lo necesario para la elaboraci\u00f3n y manejo de abonos org\u00e1nicos, para lo que abordar\u00e1n los temas: \u00bfBasura?, Composta Biointensiva, Lombricomposta, Bocashi, y Abonos Foliares, y lograr realizar parcelas demostrativas, cursos de compostaje, la elaboraci\u00f3n y venta de abono y a mediano plazo un centro comunitario de manejo de residuos que difunda el correcto manejo de reducir, reciclar y rehusar.<\/p>\n\n\n\n<p>Quienes a\u00fan deseen unirse al taller, o participar en el 2do curso sobre Plantas medicinales y su aplicaci\u00f3n, pueden hacerlo llamando al tel\u00e9fono 2287 540070; y obtener m\u00e1s informaci\u00f3n en su pag web: www.rutasdeveracruz.com.mx y al Facebook de Ruta d ela Niebla, este pr\u00f3ximo s\u00e1bado 25 de febrero, contin\u00faa sus actividades de las diez de la ma\u00f1ana a las dos de la tarde en el Parque Tem\u00e1tico \u201cSenderito de Bosque de Niebla\u201d y enfatiz\u00f3 que esto es por el bien com\u00fan, un granito de arena para detener el cambio clim\u00e1tico.<\/p>\n","protected":false},"excerpt":{"rendered":"<p>La Secretar\u00eda de Medio Ambiente y Recursos Naturales, SEMARNAT, calcula que en el pa\u00eds se producen un poco m\u00e1s de 42 millones de toneladas de residuos s\u00f3lidos al a\u00f1o y para darnos una idea de esto, nos pone de ejemplo que esa cantidad anual, es similar a 175 veces el volumen de la pir\u00e1mide del [&hellip;]<\/p>\n","protected":false},"author":2,"featured_media":0,"comment_status":"closed","ping_status":"closed","sticky":false,"template":"","format":"standard","meta":{"tdm_status":"","tdm_grid_status":"","footnotes":""},"categories":[72],"tags":[12715,32977,4908],"class_list":{"0":"post-102763","1":"post","2":"type-post","3":"status-publish","4":"format-standard","6":"category-palomazos","7":"tag-leticia-arriaga-stransky","8":"tag-ruta-de-niebla","9":"tag-semarnat"},"yoast_head":"<!-- This site is optimized with the Yoast SEO plugin v27.4 - https:\/\/yoast.com\/product\/yoast-seo-wordpress\/ -->\n<title>CERO BASURA EN EL CERRO DE LAS CULEBRAS! - Los pol\u00edticos Veracruz<\/title>\n<meta name=\"robots\" content=\"index, follow, max-snippet:-1, max-image-preview:large, max-video-preview:-1\" \/>\n<link rel=\"canonical\" href=\"https:\/\/lospoliticosveracruz.com\/?p=102763\" \/>\n<meta property=\"og:locale\" content=\"es_ES\" \/>\n<meta property=\"og:type\" content=\"article\" \/>\n<meta property=\"og:title\" content=\"CERO BASURA EN EL CERRO DE LAS CULEBRAS! - Los pol\u00edticos Veracruz\" \/>\n<meta property=\"og:description\" content=\"La Secretar\u00eda de Medio Ambiente y Recursos Naturales, SEMARNAT, calcula que en el pa\u00eds se producen un poco m\u00e1s de 42 millones de toneladas de residuos s\u00f3lidos al a\u00f1o y para darnos una idea de esto, nos pone de ejemplo que esa cantidad anual, es similar a 175 veces el volumen de la pir\u00e1mide del [&hellip;]\" \/>\n<meta property=\"og:url\" content=\"https:\/\/lospoliticosveracruz.com\/?p=102763\" \/>\n<meta property=\"og:site_name\" content=\"Los pol\u00edticos Veracruz\" \/>\n<meta property=\"article:publisher\" content=\"https:\/\/www.facebook.com\/people\/Notimemes-de-los-Polticos\/61565672886568\/\" \/>\n<meta property=\"article:published_time\" content=\"2023-02-21T14:18:15+00:00\" \/>\n<meta property=\"article:modified_time\" content=\"2023-02-21T14:18:19+00:00\" \/>\n<meta property=\"og:image\" content=\"https:\/\/lospoliticosveracruz.com\/wp-content\/uploads\/2016\/07\/Logo-Dor.jpg\" \/>\n\t<meta property=\"og:image:width\" content=\"200\" \/>\n\t<meta property=\"og:image:height\" content=\"200\" \/>\n\t<meta property=\"og:image:type\" content=\"image\/jpeg\" \/>\n<meta name=\"author\" content=\"Lo viste en Los Pol\u00edticos\" \/>\n<meta name=\"twitter:card\" content=\"summary_large_image\" \/>\n<meta name=\"twitter:creator\" content=\"@LosPoliticosVer\" \/>\n<meta name=\"twitter:site\" content=\"@LosPoliticosVer\" \/>\n<meta name=\"twitter:label1\" content=\"Escrito por\" \/>\n\t<meta name=\"twitter:data1\" content=\"Lo viste en Los Pol\u00edticos\" \/>\n\t<meta name=\"twitter:label2\" content=\"Tiempo de lectura\" \/>\n\t<meta name=\"twitter:data2\" content=\"3 minutos\" \/>\n<script type=\"application\/ld+json\" class=\"yoast-schema-graph\">{\"@context\":\"https:\\\/\\\/schema.org\",\"@graph\":[{\"@type\":\"Article\",\"@id\":\"https:\\\/\\\/lospoliticosveracruz.com\\\/?p=102763#article\",\"isPartOf\":{\"@id\":\"https:\\\/\\\/lospoliticosveracruz.com\\\/?p=102763\"},\"author\":{\"name\":\"Lo viste en Los Pol\u00edticos\",\"@id\":\"https:\\\/\\\/lospoliticosveracruz.com\\\/#\\\/schema\\\/person\\\/b8702bb0e538456e6efd07080bf2a4a2\"},\"headline\":\"CERO BASURA EN EL CERRO DE LAS CULEBRAS!\",\"datePublished\":\"2023-02-21T14:18:15+00:00\",\"dateModified\":\"2023-02-21T14:18:19+00:00\",\"mainEntityOfPage\":{\"@id\":\"https:\\\/\\\/lospoliticosveracruz.com\\\/?p=102763\"},\"wordCount\":611,\"publisher\":{\"@id\":\"https:\\\/\\\/lospoliticosveracruz.com\\\/#organization\"},\"keywords\":[\"Leticia Arriaga Stransky\",\"Ruta de Niebla\",\"Semarnat\"],\"articleSection\":[\"Palomazos\"],\"inLanguage\":\"es\"},{\"@type\":\"WebPage\",\"@id\":\"https:\\\/\\\/lospoliticosveracruz.com\\\/?p=102763\",\"url\":\"https:\\\/\\\/lospoliticosveracruz.com\\\/?p=102763\",\"name\":\"CERO BASURA EN EL CERRO DE LAS CULEBRAS! - Los pol\u00edticos Veracruz\",\"isPartOf\":{\"@id\":\"https:\\\/\\\/lospoliticosveracruz.com\\\/#website\"},\"datePublished\":\"2023-02-21T14:18:15+00:00\",\"dateModified\":\"2023-02-21T14:18:19+00:00\",\"breadcrumb\":{\"@id\":\"https:\\\/\\\/lospoliticosveracruz.com\\\/?p=102763#breadcrumb\"},\"inLanguage\":\"es\",\"potentialAction\":[{\"@type\":\"ReadAction\",\"target\":[\"https:\\\/\\\/lospoliticosveracruz.com\\\/?p=102763\"]}]},{\"@type\":\"BreadcrumbList\",\"@id\":\"https:\\\/\\\/lospoliticosveracruz.com\\\/?p=102763#breadcrumb\",\"itemListElement\":[{\"@type\":\"ListItem\",\"position\":1,\"name\":\"Portada\",\"item\":\"https:\\\/\\\/lospoliticosveracruz.com\\\/\"},{\"@type\":\"ListItem\",\"position\":2,\"name\":\"CERO BASURA EN EL CERRO DE LAS CULEBRAS!\"}]},{\"@type\":\"WebSite\",\"@id\":\"https:\\\/\\\/lospoliticosveracruz.com\\\/#website\",\"url\":\"https:\\\/\\\/lospoliticosveracruz.com\\\/\",\"name\":\"Los pol\u00edticos Veracruz\",\"description\":\"\",\"publisher\":{\"@id\":\"https:\\\/\\\/lospoliticosveracruz.com\\\/#organization\"},\"potentialAction\":[{\"@type\":\"SearchAction\",\"target\":{\"@type\":\"EntryPoint\",\"urlTemplate\":\"https:\\\/\\\/lospoliticosveracruz.com\\\/?s={search_term_string}\"},\"query-input\":{\"@type\":\"PropertyValueSpecification\",\"valueRequired\":true,\"valueName\":\"search_term_string\"}}],\"inLanguage\":\"es\"},{\"@type\":\"Organization\",\"@id\":\"https:\\\/\\\/lospoliticosveracruz.com\\\/#organization\",\"name\":\"Los pol\u00edticos Veracruz\",\"url\":\"https:\\\/\\\/lospoliticosveracruz.com\\\/\",\"logo\":{\"@type\":\"ImageObject\",\"inLanguage\":\"es\",\"@id\":\"https:\\\/\\\/lospoliticosveracruz.com\\\/#\\\/schema\\\/logo\\\/image\\\/\",\"url\":\"https:\\\/\\\/lospoliticosveracruz.com\\\/wp-content\\\/uploads\\\/2025\\\/12\\\/Logo-Nuevo-LOS-POLITICOS-1.jpg\",\"contentUrl\":\"https:\\\/\\\/lospoliticosveracruz.com\\\/wp-content\\\/uploads\\\/2025\\\/12\\\/Logo-Nuevo-LOS-POLITICOS-1.jpg\",\"width\":260,\"height\":70,\"caption\":\"Los pol\u00edticos Veracruz\"},\"image\":{\"@id\":\"https:\\\/\\\/lospoliticosveracruz.com\\\/#\\\/schema\\\/logo\\\/image\\\/\"},\"sameAs\":[\"https:\\\/\\\/www.facebook.com\\\/people\\\/Notimemes-de-los-Polticos\\\/61565672886568\\\/\",\"https:\\\/\\\/x.com\\\/LosPoliticosVer\"]},{\"@type\":\"Person\",\"@id\":\"https:\\\/\\\/lospoliticosveracruz.com\\\/#\\\/schema\\\/person\\\/b8702bb0e538456e6efd07080bf2a4a2\",\"name\":\"Lo viste en Los Pol\u00edticos\",\"image\":{\"@type\":\"ImageObject\",\"inLanguage\":\"es\",\"@id\":\"https:\\\/\\\/secure.gravatar.com\\\/avatar\\\/3a8de04a2656d44082be478bd6c086daa447c4651605818287b9532d3d0bd435?s=96&d=mm&r=g\",\"url\":\"https:\\\/\\\/secure.gravatar.com\\\/avatar\\\/3a8de04a2656d44082be478bd6c086daa447c4651605818287b9532d3d0bd435?s=96&d=mm&r=g\",\"contentUrl\":\"https:\\\/\\\/secure.gravatar.com\\\/avatar\\\/3a8de04a2656d44082be478bd6c086daa447c4651605818287b9532d3d0bd435?s=96&d=mm&r=g\",\"caption\":\"Lo viste en Los Pol\u00edticos\"},\"url\":\"https:\\\/\\\/lospoliticosveracruz.com\\\/?author=2\"}]}<\/script>\n<!-- \/ Yoast SEO plugin. -->","yoast_head_json":{"title":"CERO BASURA EN EL CERRO DE LAS CULEBRAS! - Los pol\u00edticos Veracruz","robots":{"index":"index","follow":"follow","max-snippet":"max-snippet:-1","max-image-preview":"max-image-preview:large","max-video-preview":"max-video-preview:-1"},"canonical":"https:\/\/lospoliticosveracruz.com\/?p=102763","og_locale":"es_ES","og_type":"article","og_title":"CERO BASURA EN EL CERRO DE LAS CULEBRAS! - Los pol\u00edticos Veracruz","og_description":"La Secretar\u00eda de Medio Ambiente y Recursos Naturales, SEMARNAT, calcula que en el pa\u00eds se producen un poco m\u00e1s de 42 millones de toneladas de residuos s\u00f3lidos al a\u00f1o y para darnos una idea de esto, nos pone de ejemplo que esa cantidad anual, es similar a 175 veces el volumen de la pir\u00e1mide del [&hellip;]","og_url":"https:\/\/lospoliticosveracruz.com\/?p=102763","og_site_name":"Los pol\u00edticos Veracruz","article_publisher":"https:\/\/www.facebook.com\/people\/Notimemes-de-los-Polticos\/61565672886568\/","article_published_time":"2023-02-21T14:18:15+00:00","article_modified_time":"2023-02-21T14:18:19+00:00","og_image":[{"width":200,"height":200,"url":"https:\/\/lospoliticosveracruz.com\/wp-content\/uploads\/2016\/07\/Logo-Dor.jpg","type":"image\/jpeg"}],"author":"Lo viste en Los Pol\u00edticos","twitter_card":"summary_large_image","twitter_creator":"@LosPoliticosVer","twitter_site":"@LosPoliticosVer","twitter_misc":{"Escrito por":"Lo viste en Los Pol\u00edticos","Tiempo de lectura":"3 minutos"},"schema":{"@context":"https:\/\/schema.org","@graph":[{"@type":"Article","@id":"https:\/\/lospoliticosveracruz.com\/?p=102763#article","isPartOf":{"@id":"https:\/\/lospoliticosveracruz.com\/?p=102763"},"author":{"name":"Lo viste en Los Pol\u00edticos","@id":"https:\/\/lospoliticosveracruz.com\/#\/schema\/person\/b8702bb0e538456e6efd07080bf2a4a2"},"headline":"CERO BASURA EN EL CERRO DE LAS CULEBRAS!","datePublished":"2023-02-21T14:18:15+00:00","dateModified":"2023-02-21T14:18:19+00:00","mainEntityOfPage":{"@id":"https:\/\/lospoliticosveracruz.com\/?p=102763"},"wordCount":611,"publisher":{"@id":"https:\/\/lospoliticosveracruz.com\/#organization"},"keywords":["Leticia Arriaga Stransky","Ruta de Niebla","Semarnat"],"articleSection":["Palomazos"],"inLanguage":"es"},{"@type":"WebPage","@id":"https:\/\/lospoliticosveracruz.com\/?p=102763","url":"https:\/\/lospoliticosveracruz.com\/?p=102763","name":"CERO BASURA EN EL CERRO DE LAS CULEBRAS! - Los pol\u00edticos Veracruz","isPartOf":{"@id":"https:\/\/lospoliticosveracruz.com\/#website"},"datePublished":"2023-02-21T14:18:15+00:00","dateModified":"2023-02-21T14:18:19+00:00","breadcrumb":{"@id":"https:\/\/lospoliticosveracruz.com\/?p=102763#breadcrumb"},"inLanguage":"es","potentialAction":[{"@type":"ReadAction","target":["https:\/\/lospoliticosveracruz.com\/?p=102763"]}]},{"@type":"BreadcrumbList","@id":"https:\/\/lospoliticosveracruz.com\/?p=102763#breadcrumb","itemListElement":[{"@type":"ListItem","position":1,"name":"Portada","item":"https:\/\/lospoliticosveracruz.com\/"},{"@type":"ListItem","position":2,"name":"CERO BASURA EN EL CERRO DE LAS CULEBRAS!"}]},{"@type":"WebSite","@id":"https:\/\/lospoliticosveracruz.com\/#website","url":"https:\/\/lospoliticosveracruz.com\/","name":"Los pol\u00edticos Veracruz","description":"","publisher":{"@id":"https:\/\/lospoliticosveracruz.com\/#organization"},"potentialAction":[{"@type":"SearchAction","target":{"@type":"EntryPoint","urlTemplate":"https:\/\/lospoliticosveracruz.com\/?s={search_term_string}"},"query-input":{"@type":"PropertyValueSpecification","valueRequired":true,"valueName":"search_term_string"}}],"inLanguage":"es"},{"@type":"Organization","@id":"https:\/\/lospoliticosveracruz.com\/#organization","name":"Los pol\u00edticos Veracruz","url":"https:\/\/lospoliticosveracruz.com\/","logo":{"@type":"ImageObject","inLanguage":"es","@id":"https:\/\/lospoliticosveracruz.com\/#\/schema\/logo\/image\/","url":"https:\/\/lospoliticosveracruz.com\/wp-content\/uploads\/2025\/12\/Logo-Nuevo-LOS-POLITICOS-1.jpg","contentUrl":"https:\/\/lospoliticosveracruz.com\/wp-content\/uploads\/2025\/12\/Logo-Nuevo-LOS-POLITICOS-1.jpg","width":260,"height":70,"caption":"Los pol\u00edticos Veracruz"},"image":{"@id":"https:\/\/lospoliticosveracruz.com\/#\/schema\/logo\/image\/"},"sameAs":["https:\/\/www.facebook.com\/people\/Notimemes-de-los-Polticos\/61565672886568\/","https:\/\/x.com\/LosPoliticosVer"]},{"@type":"Person","@id":"https:\/\/lospoliticosveracruz.com\/#\/schema\/person\/b8702bb0e538456e6efd07080bf2a4a2","name":"Lo viste en Los Pol\u00edticos","image":{"@type":"ImageObject","inLanguage":"es","@id":"https:\/\/secure.gravatar.com\/avatar\/3a8de04a2656d44082be478bd6c086daa447c4651605818287b9532d3d0bd435?s=96&d=mm&r=g","url":"https:\/\/secure.gravatar.com\/avatar\/3a8de04a2656d44082be478bd6c086daa447c4651605818287b9532d3d0bd435?s=96&d=mm&r=g","contentUrl":"https:\/\/secure.gravatar.com\/avatar\/3a8de04a2656d44082be478bd6c086daa447c4651605818287b9532d3d0bd435?s=96&d=mm&r=g","caption":"Lo viste en Los Pol\u00edticos"},"url":"https:\/\/lospoliticosveracruz.com\/?author=2"}]}},"_links":{"self":[{"href":"https:\/\/lospoliticosveracruz.com\/index.php?rest_route=\/wp\/v2\/posts\/102763","targetHints":{"allow":["GET"]}}],"collection":[{"href":"https:\/\/lospoliticosveracruz.com\/index.php?rest_route=\/wp\/v2\/posts"}],"about":[{"href":"https:\/\/lospoliticosveracruz.com\/index.php?rest_route=\/wp\/v2\/types\/post"}],"author":[{"embeddable":true,"href":"https:\/\/lospoliticosveracruz.com\/index.php?rest_route=\/wp\/v2\/users\/2"}],"replies":[{"embeddable":true,"href":"https:\/\/lospoliticosveracruz.com\/index.php?rest_route=%2Fwp%2Fv2%2Fcomments&post=102763"}],"version-history":[{"count":1,"href":"https:\/\/lospoliticosveracruz.com\/index.php?rest_route=\/wp\/v2\/posts\/102763\/revisions"}],"predecessor-version":[{"id":102765,"href":"https:\/\/lospoliticosveracruz.com\/index.php?rest_route=\/wp\/v2\/posts\/102763\/revisions\/102765"}],"wp:attachment":[{"href":"https:\/\/lospoliticosveracruz.com\/index.php?rest_route=%2Fwp%2Fv2%2Fmedia&parent=102763"}],"wp:term":[{"taxonomy":"category","embeddable":true,"href":"https:\/\/lospoliticosveracruz.com\/index.php?rest_route=%2Fwp%2Fv2%2Fcategories&post=102763"},{"taxonomy":"post_tag","embeddable":true,"href":"https:\/\/lospoliticosveracruz.com\/index.php?rest_route=%2Fwp%2Fv2%2Ftags&post=102763"}],"curies":[{"name":"wp","href":"https:\/\/api.w.org\/{rel}","templated":true}]}}