{"id":102795,"date":"2023-02-21T19:18:45","date_gmt":"2023-02-22T01:18:45","guid":{"rendered":"https:\/\/lospoliticosveracruz.com.mx\/?p=102795"},"modified":"2023-02-21T19:18:50","modified_gmt":"2023-02-22T01:18:50","slug":"guerra-sucia-en-cordoba","status":"publish","type":"post","link":"https:\/\/lospoliticosveracruz.com\/?p=102795","title":{"rendered":"GUERRA SUCIA EN C\u00d3RDOBA"},"content":{"rendered":"\n<p><strong>Enrique Yasser Pompeyo<br><\/strong><em>Mesa de Redacci\u00f3n<\/em><\/p>\n\n\n\n<p>Rumbo al proceso electoral del pr\u00f3ximo a\u00f1o, hay quienes se aceleran y tratan de generar desestabilizaci\u00f3n, incluso, al interior de un mismo partido pol\u00edtico.<\/p>\n\n\n\n<p>El municipio de C\u00f3rdoba no es la excepci\u00f3n. Este fin de semana ocurri\u00f3 un hecho que llama la atenci\u00f3n y genera muchas suspicacias.<\/p>\n\n\n<div class=\"wp-block-image\">\n<figure class=\"alignleft size-large is-resized\"><a href=\"https:\/\/lospoliticosveracruz.com.mx\/wp-content\/uploads\/2023\/02\/Estancia.jpg\"><img loading=\"lazy\" decoding=\"async\" src=\"https:\/\/lospoliticosveracruz.com.mx\/wp-content\/uploads\/2023\/02\/Estancia-647x1024.jpg\" alt=\"\" class=\"wp-image-102751\" width=\"324\" height=\"512\"\/><\/a><\/figure>\n<\/div>\n\n\n<p>El joven Miguel \u00c1ngel Jim\u00e9nez M\u00e9ndez, quien es hijo del coordinador de Educaci\u00f3n del Ayuntamiento de C\u00f3rdoba, \u00c1ngel Etiem Jim\u00e9nez Casta\u00f1eda, fue detenido de manera arbitraria en la Calzada Morelos, del municipio de Fort\u00edn, por elementos de la Secretar\u00eda de Seguridad P\u00fablica (SSP), pero al no encontrarse pruebas en su contra, la Fiscal\u00eda General de la Rep\u00fablica (FGR) lo liber\u00f3.<\/p>\n\n\n\n<p>Los hechos ocurrieron el domingo 19 de febrero a las 12:40 horas. El joven fue aprehendido cuando se encontraba en un veh\u00edculo en un autolavado, en la Calzada Morelos, por portar supuesto armamento, \u00e9l no opuso resistencia y fue traslado a las instalaciones del Mando \u00danico en C\u00f3rdoba.<\/p>\n\n\n\n<p>Tras realizarse el proceso legal respectivo y dejar libre a Miguel \u00c1ngel Jim\u00e9nez M\u00e9ndez, su padre, \u00c1ngel Etiem Jim\u00e9nez Casta\u00f1eda, denunci\u00f3 que elementos del Mando \u00danico abusaron del poder.<\/p>\n\n\n\n<p>Estos, acus\u00f3, atentaron contra los derechos humanos de su hijo, adem\u00e1s de que la detenci\u00f3n estuvo plagada de anomal\u00edas, fue en propiedad privada y lo golpearon.<\/p>\n\n\n\n<p>Pero no s\u00f3lo eso, a su esposa la corrieron de las instalaciones del Mando \u00danico, pues, como toda mam\u00e1, quer\u00eda saber las condiciones en las que se encontraba su hijo.<\/p>\n\n\n\n<p>De manera que \u00c1ngel Etiem Jim\u00e9nez Casta\u00f1eda fue claro al advertir que no permitir\u00e1 que nada ni nadie atente contra \u00e9l y su familia, porque ir\u00e1 hasta las \u00faltimas instancias para defenderse y defenderla.<\/p>\n\n\n\n<p>Este caso abri\u00f3 la guerra sucia contra el coordinador de Educaci\u00f3n del Ayuntamiento de C\u00f3rdoba.<\/p>\n\n\n\n<p>Y es que \u00c1ngel Etiem Jim\u00e9nez Casta\u00f1eda se posiciona cada d\u00eda como uno de los personajes m\u00e1s fuertes para contender por una diputaci\u00f3n local, incluso, por la alcald\u00eda de C\u00f3rdoba en las pr\u00f3ximas elecciones.<\/p>\n\n\n\n<p>Este a\u00f1o es el pre\u00e1mbulo del proceso electoral que se vivir\u00e1 en 2024, el cual se vislumbra muy re\u00f1ido.<\/p>\n\n\n\n<p>El funcionario municipal es conocido como uno de los militantes del Movimiento Regeneraci\u00f3n Nacional (Morena) m\u00e1s fuertes en la regi\u00f3n cordobesa.<\/p>\n\n\n\n<p>Esto ha causado zozobra en sus adversarios pol\u00edticos, que los tiene dentro del mismo partido y contrarios, quienes se alistan rumbo al proceso sucesorio del pr\u00f3ximo a\u00f1o.<\/p>\n\n\n\n<p>Por ello, no es de extra\u00f1arse que contin\u00faen los ataques contra \u00c1ngel Etiem Jim\u00e9nez Casta\u00f1eda, quien ya advirti\u00f3 que no se amedrentar\u00e1 ante nada ni nadie, porque a pesar de esto, hoy se encuentra m\u00e1s fortalecido.<\/p>\n\n\n\n<p>enriquepompeyo@hotmail.com<\/p>\n","protected":false},"excerpt":{"rendered":"<p>Enrique Yasser PompeyoMesa de Redacci\u00f3n Rumbo al proceso electoral del pr\u00f3ximo a\u00f1o, hay quienes se aceleran y tratan de generar desestabilizaci\u00f3n, incluso, al interior de un mismo partido pol\u00edtico. El municipio de C\u00f3rdoba no es la excepci\u00f3n. Este fin de semana ocurri\u00f3 un hecho que llama la atenci\u00f3n y genera muchas suspicacias. El joven Miguel [&hellip;]<\/p>\n","protected":false},"author":2,"featured_media":0,"comment_status":"closed","ping_status":"closed","sticky":false,"template":"","format":"standard","meta":{"tdm_status":"","tdm_grid_status":"","footnotes":""},"categories":[70],"tags":[15477,13146,2209,37318],"class_list":{"0":"post-102795","1":"post","2":"type-post","3":"status-publish","4":"format-standard","6":"category-de-opinion","7":"tag-enrique-yasser-pompeyo","8":"tag-fiscalia-general-de-la-republica","9":"tag-fortin","10":"tag-miguel-angel-jimenez-mendez"},"yoast_head":"<!-- This site is optimized with the Yoast SEO plugin v27.4 - https:\/\/yoast.com\/product\/yoast-seo-wordpress\/ -->\n<title>GUERRA SUCIA EN C\u00d3RDOBA - Los pol\u00edticos Veracruz<\/title>\n<meta name=\"robots\" content=\"index, follow, max-snippet:-1, max-image-preview:large, max-video-preview:-1\" \/>\n<link rel=\"canonical\" href=\"https:\/\/lospoliticosveracruz.com\/?p=102795\" \/>\n<meta property=\"og:locale\" content=\"es_ES\" \/>\n<meta property=\"og:type\" content=\"article\" \/>\n<meta property=\"og:title\" content=\"GUERRA SUCIA EN C\u00d3RDOBA - Los pol\u00edticos Veracruz\" \/>\n<meta property=\"og:description\" content=\"Enrique Yasser PompeyoMesa de Redacci\u00f3n Rumbo al proceso electoral del pr\u00f3ximo a\u00f1o, hay quienes se aceleran y tratan de generar desestabilizaci\u00f3n, incluso, al interior de un mismo partido pol\u00edtico. El municipio de C\u00f3rdoba no es la excepci\u00f3n. Este fin de semana ocurri\u00f3 un hecho que llama la atenci\u00f3n y genera muchas suspicacias. El joven Miguel [&hellip;]\" \/>\n<meta property=\"og:url\" content=\"https:\/\/lospoliticosveracruz.com\/?p=102795\" \/>\n<meta property=\"og:site_name\" content=\"Los pol\u00edticos Veracruz\" \/>\n<meta property=\"article:publisher\" content=\"https:\/\/www.facebook.com\/people\/Notimemes-de-los-Polticos\/61565672886568\/\" \/>\n<meta property=\"article:published_time\" content=\"2023-02-22T01:18:45+00:00\" \/>\n<meta property=\"article:modified_time\" content=\"2023-02-22T01:18:50+00:00\" \/>\n<meta property=\"og:image\" content=\"https:\/\/lospoliticosveracruz.com.mx\/wp-content\/uploads\/2023\/02\/Estancia-647x1024.jpg\" \/>\n<meta name=\"author\" content=\"Lo viste en Los Pol\u00edticos\" \/>\n<meta name=\"twitter:card\" content=\"summary_large_image\" \/>\n<meta name=\"twitter:creator\" content=\"@LosPoliticosVer\" \/>\n<meta name=\"twitter:site\" content=\"@LosPoliticosVer\" \/>\n<meta name=\"twitter:label1\" content=\"Escrito por\" \/>\n\t<meta name=\"twitter:data1\" content=\"Lo viste en Los Pol\u00edticos\" \/>\n\t<meta name=\"twitter:label2\" content=\"Tiempo de lectura\" \/>\n\t<meta name=\"twitter:data2\" content=\"2 minutos\" \/>\n<script type=\"application\/ld+json\" class=\"yoast-schema-graph\">{\"@context\":\"https:\\\/\\\/schema.org\",\"@graph\":[{\"@type\":\"Article\",\"@id\":\"https:\\\/\\\/lospoliticosveracruz.com\\\/?p=102795#article\",\"isPartOf\":{\"@id\":\"https:\\\/\\\/lospoliticosveracruz.com\\\/?p=102795\"},\"author\":{\"name\":\"Lo viste en Los Pol\u00edticos\",\"@id\":\"https:\\\/\\\/lospoliticosveracruz.com\\\/#\\\/schema\\\/person\\\/b8702bb0e538456e6efd07080bf2a4a2\"},\"headline\":\"GUERRA SUCIA EN C\u00d3RDOBA\",\"datePublished\":\"2023-02-22T01:18:45+00:00\",\"dateModified\":\"2023-02-22T01:18:50+00:00\",\"mainEntityOfPage\":{\"@id\":\"https:\\\/\\\/lospoliticosveracruz.com\\\/?p=102795\"},\"wordCount\":493,\"publisher\":{\"@id\":\"https:\\\/\\\/lospoliticosveracruz.com\\\/#organization\"},\"image\":{\"@id\":\"https:\\\/\\\/lospoliticosveracruz.com\\\/?p=102795#primaryimage\"},\"thumbnailUrl\":\"https:\\\/\\\/lospoliticosveracruz.com.mx\\\/wp-content\\\/uploads\\\/2023\\\/02\\\/Estancia-647x1024.jpg\",\"keywords\":[\"Enrique Yasser Pompeyo\",\"Fiscal\u00eda General de la Rep\u00fablica\",\"Fort\u00edn\",\"Miguel \u00c1ngel Jim\u00e9nez M\u00e9ndez\"],\"articleSection\":[\"De Opini\u00f3n\"],\"inLanguage\":\"es\"},{\"@type\":\"WebPage\",\"@id\":\"https:\\\/\\\/lospoliticosveracruz.com\\\/?p=102795\",\"url\":\"https:\\\/\\\/lospoliticosveracruz.com\\\/?p=102795\",\"name\":\"GUERRA SUCIA EN C\u00d3RDOBA - Los pol\u00edticos Veracruz\",\"isPartOf\":{\"@id\":\"https:\\\/\\\/lospoliticosveracruz.com\\\/#website\"},\"primaryImageOfPage\":{\"@id\":\"https:\\\/\\\/lospoliticosveracruz.com\\\/?p=102795#primaryimage\"},\"image\":{\"@id\":\"https:\\\/\\\/lospoliticosveracruz.com\\\/?p=102795#primaryimage\"},\"thumbnailUrl\":\"https:\\\/\\\/lospoliticosveracruz.com.mx\\\/wp-content\\\/uploads\\\/2023\\\/02\\\/Estancia-647x1024.jpg\",\"datePublished\":\"2023-02-22T01:18:45+00:00\",\"dateModified\":\"2023-02-22T01:18:50+00:00\",\"breadcrumb\":{\"@id\":\"https:\\\/\\\/lospoliticosveracruz.com\\\/?p=102795#breadcrumb\"},\"inLanguage\":\"es\",\"potentialAction\":[{\"@type\":\"ReadAction\",\"target\":[\"https:\\\/\\\/lospoliticosveracruz.com\\\/?p=102795\"]}]},{\"@type\":\"ImageObject\",\"inLanguage\":\"es\",\"@id\":\"https:\\\/\\\/lospoliticosveracruz.com\\\/?p=102795#primaryimage\",\"url\":\"https:\\\/\\\/lospoliticosveracruz.com.mx\\\/wp-content\\\/uploads\\\/2023\\\/02\\\/Estancia-647x1024.jpg\",\"contentUrl\":\"https:\\\/\\\/lospoliticosveracruz.com.mx\\\/wp-content\\\/uploads\\\/2023\\\/02\\\/Estancia-647x1024.jpg\"},{\"@type\":\"BreadcrumbList\",\"@id\":\"https:\\\/\\\/lospoliticosveracruz.com\\\/?p=102795#breadcrumb\",\"itemListElement\":[{\"@type\":\"ListItem\",\"position\":1,\"name\":\"Portada\",\"item\":\"https:\\\/\\\/lospoliticosveracruz.com\\\/\"},{\"@type\":\"ListItem\",\"position\":2,\"name\":\"GUERRA SUCIA EN C\u00d3RDOBA\"}]},{\"@type\":\"WebSite\",\"@id\":\"https:\\\/\\\/lospoliticosveracruz.com\\\/#website\",\"url\":\"https:\\\/\\\/lospoliticosveracruz.com\\\/\",\"name\":\"Los pol\u00edticos Veracruz\",\"description\":\"\",\"publisher\":{\"@id\":\"https:\\\/\\\/lospoliticosveracruz.com\\\/#organization\"},\"potentialAction\":[{\"@type\":\"SearchAction\",\"target\":{\"@type\":\"EntryPoint\",\"urlTemplate\":\"https:\\\/\\\/lospoliticosveracruz.com\\\/?s={search_term_string}\"},\"query-input\":{\"@type\":\"PropertyValueSpecification\",\"valueRequired\":true,\"valueName\":\"search_term_string\"}}],\"inLanguage\":\"es\"},{\"@type\":\"Organization\",\"@id\":\"https:\\\/\\\/lospoliticosveracruz.com\\\/#organization\",\"name\":\"Los pol\u00edticos Veracruz\",\"url\":\"https:\\\/\\\/lospoliticosveracruz.com\\\/\",\"logo\":{\"@type\":\"ImageObject\",\"inLanguage\":\"es\",\"@id\":\"https:\\\/\\\/lospoliticosveracruz.com\\\/#\\\/schema\\\/logo\\\/image\\\/\",\"url\":\"https:\\\/\\\/lospoliticosveracruz.com\\\/wp-content\\\/uploads\\\/2025\\\/12\\\/Logo-Nuevo-LOS-POLITICOS-1.jpg\",\"contentUrl\":\"https:\\\/\\\/lospoliticosveracruz.com\\\/wp-content\\\/uploads\\\/2025\\\/12\\\/Logo-Nuevo-LOS-POLITICOS-1.jpg\",\"width\":260,\"height\":70,\"caption\":\"Los pol\u00edticos Veracruz\"},\"image\":{\"@id\":\"https:\\\/\\\/lospoliticosveracruz.com\\\/#\\\/schema\\\/logo\\\/image\\\/\"},\"sameAs\":[\"https:\\\/\\\/www.facebook.com\\\/people\\\/Notimemes-de-los-Polticos\\\/61565672886568\\\/\",\"https:\\\/\\\/x.com\\\/LosPoliticosVer\"]},{\"@type\":\"Person\",\"@id\":\"https:\\\/\\\/lospoliticosveracruz.com\\\/#\\\/schema\\\/person\\\/b8702bb0e538456e6efd07080bf2a4a2\",\"name\":\"Lo viste en Los Pol\u00edticos\",\"image\":{\"@type\":\"ImageObject\",\"inLanguage\":\"es\",\"@id\":\"https:\\\/\\\/secure.gravatar.com\\\/avatar\\\/3a8de04a2656d44082be478bd6c086daa447c4651605818287b9532d3d0bd435?s=96&d=mm&r=g\",\"url\":\"https:\\\/\\\/secure.gravatar.com\\\/avatar\\\/3a8de04a2656d44082be478bd6c086daa447c4651605818287b9532d3d0bd435?s=96&d=mm&r=g\",\"contentUrl\":\"https:\\\/\\\/secure.gravatar.com\\\/avatar\\\/3a8de04a2656d44082be478bd6c086daa447c4651605818287b9532d3d0bd435?s=96&d=mm&r=g\",\"caption\":\"Lo viste en Los Pol\u00edticos\"},\"url\":\"https:\\\/\\\/lospoliticosveracruz.com\\\/?author=2\"}]}<\/script>\n<!-- \/ Yoast SEO plugin. -->","yoast_head_json":{"title":"GUERRA SUCIA EN C\u00d3RDOBA - Los pol\u00edticos Veracruz","robots":{"index":"index","follow":"follow","max-snippet":"max-snippet:-1","max-image-preview":"max-image-preview:large","max-video-preview":"max-video-preview:-1"},"canonical":"https:\/\/lospoliticosveracruz.com\/?p=102795","og_locale":"es_ES","og_type":"article","og_title":"GUERRA SUCIA EN C\u00d3RDOBA - Los pol\u00edticos Veracruz","og_description":"Enrique Yasser PompeyoMesa de Redacci\u00f3n Rumbo al proceso electoral del pr\u00f3ximo a\u00f1o, hay quienes se aceleran y tratan de generar desestabilizaci\u00f3n, incluso, al interior de un mismo partido pol\u00edtico. El municipio de C\u00f3rdoba no es la excepci\u00f3n. Este fin de semana ocurri\u00f3 un hecho que llama la atenci\u00f3n y genera muchas suspicacias. El joven Miguel [&hellip;]","og_url":"https:\/\/lospoliticosveracruz.com\/?p=102795","og_site_name":"Los pol\u00edticos Veracruz","article_publisher":"https:\/\/www.facebook.com\/people\/Notimemes-de-los-Polticos\/61565672886568\/","article_published_time":"2023-02-22T01:18:45+00:00","article_modified_time":"2023-02-22T01:18:50+00:00","og_image":[{"url":"https:\/\/lospoliticosveracruz.com.mx\/wp-content\/uploads\/2023\/02\/Estancia-647x1024.jpg","type":"","width":"","height":""}],"author":"Lo viste en Los Pol\u00edticos","twitter_card":"summary_large_image","twitter_creator":"@LosPoliticosVer","twitter_site":"@LosPoliticosVer","twitter_misc":{"Escrito por":"Lo viste en Los Pol\u00edticos","Tiempo de lectura":"2 minutos"},"schema":{"@context":"https:\/\/schema.org","@graph":[{"@type":"Article","@id":"https:\/\/lospoliticosveracruz.com\/?p=102795#article","isPartOf":{"@id":"https:\/\/lospoliticosveracruz.com\/?p=102795"},"author":{"name":"Lo viste en Los Pol\u00edticos","@id":"https:\/\/lospoliticosveracruz.com\/#\/schema\/person\/b8702bb0e538456e6efd07080bf2a4a2"},"headline":"GUERRA SUCIA EN C\u00d3RDOBA","datePublished":"2023-02-22T01:18:45+00:00","dateModified":"2023-02-22T01:18:50+00:00","mainEntityOfPage":{"@id":"https:\/\/lospoliticosveracruz.com\/?p=102795"},"wordCount":493,"publisher":{"@id":"https:\/\/lospoliticosveracruz.com\/#organization"},"image":{"@id":"https:\/\/lospoliticosveracruz.com\/?p=102795#primaryimage"},"thumbnailUrl":"https:\/\/lospoliticosveracruz.com.mx\/wp-content\/uploads\/2023\/02\/Estancia-647x1024.jpg","keywords":["Enrique Yasser Pompeyo","Fiscal\u00eda General de la Rep\u00fablica","Fort\u00edn","Miguel \u00c1ngel Jim\u00e9nez M\u00e9ndez"],"articleSection":["De Opini\u00f3n"],"inLanguage":"es"},{"@type":"WebPage","@id":"https:\/\/lospoliticosveracruz.com\/?p=102795","url":"https:\/\/lospoliticosveracruz.com\/?p=102795","name":"GUERRA SUCIA EN C\u00d3RDOBA - Los pol\u00edticos Veracruz","isPartOf":{"@id":"https:\/\/lospoliticosveracruz.com\/#website"},"primaryImageOfPage":{"@id":"https:\/\/lospoliticosveracruz.com\/?p=102795#primaryimage"},"image":{"@id":"https:\/\/lospoliticosveracruz.com\/?p=102795#primaryimage"},"thumbnailUrl":"https:\/\/lospoliticosveracruz.com.mx\/wp-content\/uploads\/2023\/02\/Estancia-647x1024.jpg","datePublished":"2023-02-22T01:18:45+00:00","dateModified":"2023-02-22T01:18:50+00:00","breadcrumb":{"@id":"https:\/\/lospoliticosveracruz.com\/?p=102795#breadcrumb"},"inLanguage":"es","potentialAction":[{"@type":"ReadAction","target":["https:\/\/lospoliticosveracruz.com\/?p=102795"]}]},{"@type":"ImageObject","inLanguage":"es","@id":"https:\/\/lospoliticosveracruz.com\/?p=102795#primaryimage","url":"https:\/\/lospoliticosveracruz.com.mx\/wp-content\/uploads\/2023\/02\/Estancia-647x1024.jpg","contentUrl":"https:\/\/lospoliticosveracruz.com.mx\/wp-content\/uploads\/2023\/02\/Estancia-647x1024.jpg"},{"@type":"BreadcrumbList","@id":"https:\/\/lospoliticosveracruz.com\/?p=102795#breadcrumb","itemListElement":[{"@type":"ListItem","position":1,"name":"Portada","item":"https:\/\/lospoliticosveracruz.com\/"},{"@type":"ListItem","position":2,"name":"GUERRA SUCIA EN C\u00d3RDOBA"}]},{"@type":"WebSite","@id":"https:\/\/lospoliticosveracruz.com\/#website","url":"https:\/\/lospoliticosveracruz.com\/","name":"Los pol\u00edticos Veracruz","description":"","publisher":{"@id":"https:\/\/lospoliticosveracruz.com\/#organization"},"potentialAction":[{"@type":"SearchAction","target":{"@type":"EntryPoint","urlTemplate":"https:\/\/lospoliticosveracruz.com\/?s={search_term_string}"},"query-input":{"@type":"PropertyValueSpecification","valueRequired":true,"valueName":"search_term_string"}}],"inLanguage":"es"},{"@type":"Organization","@id":"https:\/\/lospoliticosveracruz.com\/#organization","name":"Los pol\u00edticos Veracruz","url":"https:\/\/lospoliticosveracruz.com\/","logo":{"@type":"ImageObject","inLanguage":"es","@id":"https:\/\/lospoliticosveracruz.com\/#\/schema\/logo\/image\/","url":"https:\/\/lospoliticosveracruz.com\/wp-content\/uploads\/2025\/12\/Logo-Nuevo-LOS-POLITICOS-1.jpg","contentUrl":"https:\/\/lospoliticosveracruz.com\/wp-content\/uploads\/2025\/12\/Logo-Nuevo-LOS-POLITICOS-1.jpg","width":260,"height":70,"caption":"Los pol\u00edticos Veracruz"},"image":{"@id":"https:\/\/lospoliticosveracruz.com\/#\/schema\/logo\/image\/"},"sameAs":["https:\/\/www.facebook.com\/people\/Notimemes-de-los-Polticos\/61565672886568\/","https:\/\/x.com\/LosPoliticosVer"]},{"@type":"Person","@id":"https:\/\/lospoliticosveracruz.com\/#\/schema\/person\/b8702bb0e538456e6efd07080bf2a4a2","name":"Lo viste en Los Pol\u00edticos","image":{"@type":"ImageObject","inLanguage":"es","@id":"https:\/\/secure.gravatar.com\/avatar\/3a8de04a2656d44082be478bd6c086daa447c4651605818287b9532d3d0bd435?s=96&d=mm&r=g","url":"https:\/\/secure.gravatar.com\/avatar\/3a8de04a2656d44082be478bd6c086daa447c4651605818287b9532d3d0bd435?s=96&d=mm&r=g","contentUrl":"https:\/\/secure.gravatar.com\/avatar\/3a8de04a2656d44082be478bd6c086daa447c4651605818287b9532d3d0bd435?s=96&d=mm&r=g","caption":"Lo viste en Los Pol\u00edticos"},"url":"https:\/\/lospoliticosveracruz.com\/?author=2"}]}},"_links":{"self":[{"href":"https:\/\/lospoliticosveracruz.com\/index.php?rest_route=\/wp\/v2\/posts\/102795","targetHints":{"allow":["GET"]}}],"collection":[{"href":"https:\/\/lospoliticosveracruz.com\/index.php?rest_route=\/wp\/v2\/posts"}],"about":[{"href":"https:\/\/lospoliticosveracruz.com\/index.php?rest_route=\/wp\/v2\/types\/post"}],"author":[{"embeddable":true,"href":"https:\/\/lospoliticosveracruz.com\/index.php?rest_route=\/wp\/v2\/users\/2"}],"replies":[{"embeddable":true,"href":"https:\/\/lospoliticosveracruz.com\/index.php?rest_route=%2Fwp%2Fv2%2Fcomments&post=102795"}],"version-history":[{"count":1,"href":"https:\/\/lospoliticosveracruz.com\/index.php?rest_route=\/wp\/v2\/posts\/102795\/revisions"}],"predecessor-version":[{"id":102797,"href":"https:\/\/lospoliticosveracruz.com\/index.php?rest_route=\/wp\/v2\/posts\/102795\/revisions\/102797"}],"wp:attachment":[{"href":"https:\/\/lospoliticosveracruz.com\/index.php?rest_route=%2Fwp%2Fv2%2Fmedia&parent=102795"}],"wp:term":[{"taxonomy":"category","embeddable":true,"href":"https:\/\/lospoliticosveracruz.com\/index.php?rest_route=%2Fwp%2Fv2%2Fcategories&post=102795"},{"taxonomy":"post_tag","embeddable":true,"href":"https:\/\/lospoliticosveracruz.com\/index.php?rest_route=%2Fwp%2Fv2%2Ftags&post=102795"}],"curies":[{"name":"wp","href":"https:\/\/api.w.org\/{rel}","templated":true}]}}