{"id":102886,"date":"2023-02-23T08:37:03","date_gmt":"2023-02-23T14:37:03","guid":{"rendered":"https:\/\/lospoliticosveracruz.com.mx\/?p=102886"},"modified":"2023-02-23T08:41:41","modified_gmt":"2023-02-23T14:41:41","slug":"la-captura-eel-alcalde-de-rio-blanco","status":"publish","type":"post","link":"https:\/\/lospoliticosveracruz.com\/?p=102886","title":{"rendered":"LA CAPTURA DEL ALCALDE DE R\u00cdO BLANCO"},"content":{"rendered":"\n<p><\/p>\n\n\n\n<p><strong>Luis Alberto Romero<br><\/strong><em>Hora cero<\/em><\/p>\n\n\n\n<p>El bolet\u00edn de la Secretar\u00eda de Seguridad P\u00fablica, fechado el 20 de febrero, consigna la captura, por parte de la polic\u00eda estatal, de dos personas en la presunta posesi\u00f3n ilegal de armas de fuego.<\/p>\n\n\n\n<figure class=\"wp-block-embed is-type-video is-provider-youtube wp-block-embed-youtube wp-embed-aspect-16-9 wp-has-aspect-ratio\"><div class=\"wp-block-embed__wrapper\">\n<iframe loading=\"lazy\" title=\"Cluster Coworking\" width=\"696\" height=\"392\" src=\"https:\/\/www.youtube.com\/embed\/Nxe-vxf8GuY?feature=oembed\" frameborder=\"0\" allow=\"accelerometer; autoplay; clipboard-write; encrypted-media; gyroscope; picture-in-picture; web-share\" referrerpolicy=\"strict-origin-when-cross-origin\" allowfullscreen><\/iframe>\n<\/div><\/figure>\n\n\n\n<p>En C\u00f3rdoba fue detenido Ricardo \u201cN\u201d, presidente municipal de R\u00edo Blanco, a quien le habr\u00edan asegurado \u201cun arma larga, un arma corta, cargadores, cartuchos, cuatro chalecos t\u00e1cticos y un equipo de radiocomunicaci\u00f3n\u201d.<\/p>\n\n\n\n<p>Sobre ese caso, dos puntos llamaron la atenci\u00f3n: primero, que el alcalde fue presentado, al menos en el encabezado del comunicado de la SSP, como generador de violencia; ni siquiera le dieron el beneficio de ubicarlo como \u201cpresunto\u201d; el se\u00f1alamiento fue directo. Segundo: en el mismo bolet\u00edn se destaca la captura, tambi\u00e9n en C\u00f3rdoba, de Luis Rogelio \u201cN\u201d, a quien le incautaron un arma de fuego, cargador, cartuchos y nueve dosis de cristal; sin embargo, fueron acciones inconexas; nada tiene que ver un caso con el otro y a pesar de ello, ambos fueron colocados en el mismo texto para prensa.<\/p>\n\n\n\n<p>En otra acci\u00f3n de Seguridad P\u00fablica, en Fort\u00edn fue detenido Miguel \u00c1ngel \u201cN\u201d, con dos armas cortas, cargadores y cartuchos \u00fatiles.<\/p>\n\n\n\n<p>\u00bfQu\u00e9 tienen en com\u00fan esos dos casos?; aparentemente nada, pero llama la atenci\u00f3n que el primer protagonista es alcalde; el segundo, hijo de un funcionario del Ayuntamiento de C\u00f3rdoba, \u00c1ngel Etiem Jim\u00e9nez, coordinador de Educaci\u00f3n, identificado con Morena.<\/p>\n\n\n\n<p>En el seguimiento de esos casos, Miguel \u00c1ngel \u201cN\u201d fue liberado de inmediato por la Fiscal\u00eda General de la Rep\u00fablica, que no encontr\u00f3 pruebas en su contra. El padre del detenido se queja por un presunto abuso de poder de los elementos de la polic\u00eda estatal que ejecutaron la captura. El joven habr\u00eda sido detenido dentro de una propiedad privada y golpeado sin motivo, dado que no opuso resistencia.<\/p>\n\n\n\n<p>El otro caso es a\u00fan m\u00e1s escandaloso, porque el alcalde de R\u00edo Blanco fue presentado no como \u201cpresunto\u201d, sino como generador de violencia ante la opini\u00f3n p\u00fablica.<\/p>\n\n\n\n<p>El gobernador Cuitl\u00e1huac Garc\u00eda abord\u00f3 el tema el pasado martes; dijo que Ricardo \u201cN\u201d no est\u00e1 identificado como generador de violencia, ni se le relaciona con grupo delictivo alguno. Lo que s\u00ed revel\u00f3 el mandatario es que los alcaldes de la zona son presionados por grupos delictivos; \u201calgunos han resistido y deben buscar la manera de proteger su seguridad personal\u201d.<\/p>\n\n\n\n<p>El mismo martes, por cierto, se registr\u00f3 una manifestaci\u00f3n de trabajadores del Ayuntamiento de R\u00edo Blanco, quienes externaron su respaldo al presidente municipal detenido; apuntan que su captura es una injusticia, dado que el edil no es un generador de violencia en la zona. Al contrario, se\u00f1alan que Ricardo \u201cN\u201d ha encabezado el rescate y la transformaci\u00f3n en R\u00edo Blanco.<\/p>\n\n\n\n<p>La duda que queda en torno a esos dos casos es sobre el origen de la orden para capturar al presidente municipal morenista y al hijo del funcionario de C\u00f3rdoba; si las detenciones fueron producto de operativos de rutina o si, por el contrario, se trat\u00f3 de acciones dirigidas desde alguna oficina de Palacio, donde toman decisiones sin tomar en cuenta al gobernador, quien evidentemente no fue consultado, a pesar del impacto que tendr\u00eda la detenci\u00f3n de un edil de la 4T. <\/p>\n\n\n\n<p>@luisromero85<\/p>\n","protected":false},"excerpt":{"rendered":"<p>Luis Alberto RomeroHora cero El bolet\u00edn de la Secretar\u00eda de Seguridad P\u00fablica, fechado el 20 de febrero, consigna la captura, por parte de la polic\u00eda estatal, de dos personas en la presunta posesi\u00f3n ilegal de armas de fuego. En C\u00f3rdoba fue detenido Ricardo \u201cN\u201d, presidente municipal de R\u00edo Blanco, a quien le habr\u00edan asegurado \u201cun [&hellip;]<\/p>\n","protected":false},"author":2,"featured_media":0,"comment_status":"closed","ping_status":"closed","sticky":false,"template":"","format":"standard","meta":{"tdm_status":"","tdm_grid_status":"","footnotes":""},"categories":[70],"tags":[1563,2669,1026,37339,37338,4555,195],"class_list":{"0":"post-102886","1":"post","2":"type-post","3":"status-publish","4":"format-standard","6":"category-de-opinion","7":"tag-cuitlahuac-garcia-jimenez","8":"tag-luis-alberto-romero","9":"tag-morena","10":"tag-presidente-municipal-de-rio-blanco","11":"tag-ricardo-n","12":"tag-secretaria-de-seguridad-publica","13":"tag-veracruz"},"yoast_head":"<!-- This site is optimized with the Yoast SEO plugin v27.4 - https:\/\/yoast.com\/product\/yoast-seo-wordpress\/ -->\n<title>LA CAPTURA DEL ALCALDE DE R\u00cdO BLANCO - Los pol\u00edticos Veracruz<\/title>\n<meta name=\"robots\" content=\"index, follow, max-snippet:-1, max-image-preview:large, max-video-preview:-1\" \/>\n<link rel=\"canonical\" href=\"https:\/\/lospoliticosveracruz.com\/?p=102886\" \/>\n<meta property=\"og:locale\" content=\"es_ES\" \/>\n<meta property=\"og:type\" content=\"article\" \/>\n<meta property=\"og:title\" content=\"LA CAPTURA DEL ALCALDE DE R\u00cdO BLANCO - Los pol\u00edticos Veracruz\" \/>\n<meta property=\"og:description\" content=\"Luis Alberto RomeroHora cero El bolet\u00edn de la Secretar\u00eda de Seguridad P\u00fablica, fechado el 20 de febrero, consigna la captura, por parte de la polic\u00eda estatal, de dos personas en la presunta posesi\u00f3n ilegal de armas de fuego. En C\u00f3rdoba fue detenido Ricardo \u201cN\u201d, presidente municipal de R\u00edo Blanco, a quien le habr\u00edan asegurado \u201cun [&hellip;]\" \/>\n<meta property=\"og:url\" content=\"https:\/\/lospoliticosveracruz.com\/?p=102886\" \/>\n<meta property=\"og:site_name\" content=\"Los pol\u00edticos Veracruz\" \/>\n<meta property=\"article:publisher\" content=\"https:\/\/www.facebook.com\/people\/Notimemes-de-los-Polticos\/61565672886568\/\" \/>\n<meta property=\"article:published_time\" content=\"2023-02-23T14:37:03+00:00\" \/>\n<meta property=\"article:modified_time\" content=\"2023-02-23T14:41:41+00:00\" \/>\n<meta property=\"og:image\" content=\"https:\/\/lospoliticosveracruz.com\/wp-content\/uploads\/2016\/07\/Logo-Dor.jpg\" \/>\n\t<meta property=\"og:image:width\" content=\"200\" \/>\n\t<meta property=\"og:image:height\" content=\"200\" \/>\n\t<meta property=\"og:image:type\" content=\"image\/jpeg\" \/>\n<meta name=\"author\" content=\"Lo viste en Los Pol\u00edticos\" \/>\n<meta name=\"twitter:card\" content=\"summary_large_image\" \/>\n<meta name=\"twitter:creator\" content=\"@LosPoliticosVer\" \/>\n<meta name=\"twitter:site\" content=\"@LosPoliticosVer\" \/>\n<meta name=\"twitter:label1\" content=\"Escrito por\" \/>\n\t<meta name=\"twitter:data1\" content=\"Lo viste en Los Pol\u00edticos\" \/>\n\t<meta name=\"twitter:label2\" content=\"Tiempo de lectura\" \/>\n\t<meta name=\"twitter:data2\" content=\"3 minutos\" \/>\n<script type=\"application\/ld+json\" class=\"yoast-schema-graph\">{\"@context\":\"https:\\\/\\\/schema.org\",\"@graph\":[{\"@type\":\"Article\",\"@id\":\"https:\\\/\\\/lospoliticosveracruz.com\\\/?p=102886#article\",\"isPartOf\":{\"@id\":\"https:\\\/\\\/lospoliticosveracruz.com\\\/?p=102886\"},\"author\":{\"name\":\"Lo viste en Los Pol\u00edticos\",\"@id\":\"https:\\\/\\\/lospoliticosveracruz.com\\\/#\\\/schema\\\/person\\\/b8702bb0e538456e6efd07080bf2a4a2\"},\"headline\":\"LA CAPTURA DEL ALCALDE DE R\u00cdO BLANCO\",\"datePublished\":\"2023-02-23T14:37:03+00:00\",\"dateModified\":\"2023-02-23T14:41:41+00:00\",\"mainEntityOfPage\":{\"@id\":\"https:\\\/\\\/lospoliticosveracruz.com\\\/?p=102886\"},\"wordCount\":584,\"publisher\":{\"@id\":\"https:\\\/\\\/lospoliticosveracruz.com\\\/#organization\"},\"keywords\":[\"Cuitl\u00e1huac Garc\u00eda Jim\u00e9nez\",\"Luis Alberto Romero\",\"Morena\",\"presidente municipal de R\u00edo Blanco\",\"Ricardo \u201cN\u201d\",\"Secretar\u00eda de Seguridad P\u00fablica\",\"Veracruz\"],\"articleSection\":[\"De Opini\u00f3n\"],\"inLanguage\":\"es\"},{\"@type\":\"WebPage\",\"@id\":\"https:\\\/\\\/lospoliticosveracruz.com\\\/?p=102886\",\"url\":\"https:\\\/\\\/lospoliticosveracruz.com\\\/?p=102886\",\"name\":\"LA CAPTURA DEL ALCALDE DE R\u00cdO BLANCO - Los pol\u00edticos Veracruz\",\"isPartOf\":{\"@id\":\"https:\\\/\\\/lospoliticosveracruz.com\\\/#website\"},\"datePublished\":\"2023-02-23T14:37:03+00:00\",\"dateModified\":\"2023-02-23T14:41:41+00:00\",\"breadcrumb\":{\"@id\":\"https:\\\/\\\/lospoliticosveracruz.com\\\/?p=102886#breadcrumb\"},\"inLanguage\":\"es\",\"potentialAction\":[{\"@type\":\"ReadAction\",\"target\":[\"https:\\\/\\\/lospoliticosveracruz.com\\\/?p=102886\"]}]},{\"@type\":\"BreadcrumbList\",\"@id\":\"https:\\\/\\\/lospoliticosveracruz.com\\\/?p=102886#breadcrumb\",\"itemListElement\":[{\"@type\":\"ListItem\",\"position\":1,\"name\":\"Portada\",\"item\":\"https:\\\/\\\/lospoliticosveracruz.com\\\/\"},{\"@type\":\"ListItem\",\"position\":2,\"name\":\"LA CAPTURA DEL ALCALDE DE R\u00cdO BLANCO\"}]},{\"@type\":\"WebSite\",\"@id\":\"https:\\\/\\\/lospoliticosveracruz.com\\\/#website\",\"url\":\"https:\\\/\\\/lospoliticosveracruz.com\\\/\",\"name\":\"Los pol\u00edticos Veracruz\",\"description\":\"\",\"publisher\":{\"@id\":\"https:\\\/\\\/lospoliticosveracruz.com\\\/#organization\"},\"potentialAction\":[{\"@type\":\"SearchAction\",\"target\":{\"@type\":\"EntryPoint\",\"urlTemplate\":\"https:\\\/\\\/lospoliticosveracruz.com\\\/?s={search_term_string}\"},\"query-input\":{\"@type\":\"PropertyValueSpecification\",\"valueRequired\":true,\"valueName\":\"search_term_string\"}}],\"inLanguage\":\"es\"},{\"@type\":\"Organization\",\"@id\":\"https:\\\/\\\/lospoliticosveracruz.com\\\/#organization\",\"name\":\"Los pol\u00edticos Veracruz\",\"url\":\"https:\\\/\\\/lospoliticosveracruz.com\\\/\",\"logo\":{\"@type\":\"ImageObject\",\"inLanguage\":\"es\",\"@id\":\"https:\\\/\\\/lospoliticosveracruz.com\\\/#\\\/schema\\\/logo\\\/image\\\/\",\"url\":\"https:\\\/\\\/lospoliticosveracruz.com\\\/wp-content\\\/uploads\\\/2025\\\/12\\\/Logo-Nuevo-LOS-POLITICOS-1.jpg\",\"contentUrl\":\"https:\\\/\\\/lospoliticosveracruz.com\\\/wp-content\\\/uploads\\\/2025\\\/12\\\/Logo-Nuevo-LOS-POLITICOS-1.jpg\",\"width\":260,\"height\":70,\"caption\":\"Los pol\u00edticos Veracruz\"},\"image\":{\"@id\":\"https:\\\/\\\/lospoliticosveracruz.com\\\/#\\\/schema\\\/logo\\\/image\\\/\"},\"sameAs\":[\"https:\\\/\\\/www.facebook.com\\\/people\\\/Notimemes-de-los-Polticos\\\/61565672886568\\\/\",\"https:\\\/\\\/x.com\\\/LosPoliticosVer\"]},{\"@type\":\"Person\",\"@id\":\"https:\\\/\\\/lospoliticosveracruz.com\\\/#\\\/schema\\\/person\\\/b8702bb0e538456e6efd07080bf2a4a2\",\"name\":\"Lo viste en Los Pol\u00edticos\",\"image\":{\"@type\":\"ImageObject\",\"inLanguage\":\"es\",\"@id\":\"https:\\\/\\\/secure.gravatar.com\\\/avatar\\\/3a8de04a2656d44082be478bd6c086daa447c4651605818287b9532d3d0bd435?s=96&d=mm&r=g\",\"url\":\"https:\\\/\\\/secure.gravatar.com\\\/avatar\\\/3a8de04a2656d44082be478bd6c086daa447c4651605818287b9532d3d0bd435?s=96&d=mm&r=g\",\"contentUrl\":\"https:\\\/\\\/secure.gravatar.com\\\/avatar\\\/3a8de04a2656d44082be478bd6c086daa447c4651605818287b9532d3d0bd435?s=96&d=mm&r=g\",\"caption\":\"Lo viste en Los Pol\u00edticos\"},\"url\":\"https:\\\/\\\/lospoliticosveracruz.com\\\/?author=2\"}]}<\/script>\n<!-- \/ Yoast SEO plugin. -->","yoast_head_json":{"title":"LA CAPTURA DEL ALCALDE DE R\u00cdO BLANCO - Los pol\u00edticos Veracruz","robots":{"index":"index","follow":"follow","max-snippet":"max-snippet:-1","max-image-preview":"max-image-preview:large","max-video-preview":"max-video-preview:-1"},"canonical":"https:\/\/lospoliticosveracruz.com\/?p=102886","og_locale":"es_ES","og_type":"article","og_title":"LA CAPTURA DEL ALCALDE DE R\u00cdO BLANCO - Los pol\u00edticos Veracruz","og_description":"Luis Alberto RomeroHora cero El bolet\u00edn de la Secretar\u00eda de Seguridad P\u00fablica, fechado el 20 de febrero, consigna la captura, por parte de la polic\u00eda estatal, de dos personas en la presunta posesi\u00f3n ilegal de armas de fuego. En C\u00f3rdoba fue detenido Ricardo \u201cN\u201d, presidente municipal de R\u00edo Blanco, a quien le habr\u00edan asegurado \u201cun [&hellip;]","og_url":"https:\/\/lospoliticosveracruz.com\/?p=102886","og_site_name":"Los pol\u00edticos Veracruz","article_publisher":"https:\/\/www.facebook.com\/people\/Notimemes-de-los-Polticos\/61565672886568\/","article_published_time":"2023-02-23T14:37:03+00:00","article_modified_time":"2023-02-23T14:41:41+00:00","og_image":[{"width":200,"height":200,"url":"https:\/\/lospoliticosveracruz.com\/wp-content\/uploads\/2016\/07\/Logo-Dor.jpg","type":"image\/jpeg"}],"author":"Lo viste en Los Pol\u00edticos","twitter_card":"summary_large_image","twitter_creator":"@LosPoliticosVer","twitter_site":"@LosPoliticosVer","twitter_misc":{"Escrito por":"Lo viste en Los Pol\u00edticos","Tiempo de lectura":"3 minutos"},"schema":{"@context":"https:\/\/schema.org","@graph":[{"@type":"Article","@id":"https:\/\/lospoliticosveracruz.com\/?p=102886#article","isPartOf":{"@id":"https:\/\/lospoliticosveracruz.com\/?p=102886"},"author":{"name":"Lo viste en Los Pol\u00edticos","@id":"https:\/\/lospoliticosveracruz.com\/#\/schema\/person\/b8702bb0e538456e6efd07080bf2a4a2"},"headline":"LA CAPTURA DEL ALCALDE DE R\u00cdO BLANCO","datePublished":"2023-02-23T14:37:03+00:00","dateModified":"2023-02-23T14:41:41+00:00","mainEntityOfPage":{"@id":"https:\/\/lospoliticosveracruz.com\/?p=102886"},"wordCount":584,"publisher":{"@id":"https:\/\/lospoliticosveracruz.com\/#organization"},"keywords":["Cuitl\u00e1huac Garc\u00eda Jim\u00e9nez","Luis Alberto Romero","Morena","presidente municipal de R\u00edo Blanco","Ricardo \u201cN\u201d","Secretar\u00eda de Seguridad P\u00fablica","Veracruz"],"articleSection":["De Opini\u00f3n"],"inLanguage":"es"},{"@type":"WebPage","@id":"https:\/\/lospoliticosveracruz.com\/?p=102886","url":"https:\/\/lospoliticosveracruz.com\/?p=102886","name":"LA CAPTURA DEL ALCALDE DE R\u00cdO BLANCO - Los pol\u00edticos Veracruz","isPartOf":{"@id":"https:\/\/lospoliticosveracruz.com\/#website"},"datePublished":"2023-02-23T14:37:03+00:00","dateModified":"2023-02-23T14:41:41+00:00","breadcrumb":{"@id":"https:\/\/lospoliticosveracruz.com\/?p=102886#breadcrumb"},"inLanguage":"es","potentialAction":[{"@type":"ReadAction","target":["https:\/\/lospoliticosveracruz.com\/?p=102886"]}]},{"@type":"BreadcrumbList","@id":"https:\/\/lospoliticosveracruz.com\/?p=102886#breadcrumb","itemListElement":[{"@type":"ListItem","position":1,"name":"Portada","item":"https:\/\/lospoliticosveracruz.com\/"},{"@type":"ListItem","position":2,"name":"LA CAPTURA DEL ALCALDE DE R\u00cdO BLANCO"}]},{"@type":"WebSite","@id":"https:\/\/lospoliticosveracruz.com\/#website","url":"https:\/\/lospoliticosveracruz.com\/","name":"Los pol\u00edticos Veracruz","description":"","publisher":{"@id":"https:\/\/lospoliticosveracruz.com\/#organization"},"potentialAction":[{"@type":"SearchAction","target":{"@type":"EntryPoint","urlTemplate":"https:\/\/lospoliticosveracruz.com\/?s={search_term_string}"},"query-input":{"@type":"PropertyValueSpecification","valueRequired":true,"valueName":"search_term_string"}}],"inLanguage":"es"},{"@type":"Organization","@id":"https:\/\/lospoliticosveracruz.com\/#organization","name":"Los pol\u00edticos Veracruz","url":"https:\/\/lospoliticosveracruz.com\/","logo":{"@type":"ImageObject","inLanguage":"es","@id":"https:\/\/lospoliticosveracruz.com\/#\/schema\/logo\/image\/","url":"https:\/\/lospoliticosveracruz.com\/wp-content\/uploads\/2025\/12\/Logo-Nuevo-LOS-POLITICOS-1.jpg","contentUrl":"https:\/\/lospoliticosveracruz.com\/wp-content\/uploads\/2025\/12\/Logo-Nuevo-LOS-POLITICOS-1.jpg","width":260,"height":70,"caption":"Los pol\u00edticos Veracruz"},"image":{"@id":"https:\/\/lospoliticosveracruz.com\/#\/schema\/logo\/image\/"},"sameAs":["https:\/\/www.facebook.com\/people\/Notimemes-de-los-Polticos\/61565672886568\/","https:\/\/x.com\/LosPoliticosVer"]},{"@type":"Person","@id":"https:\/\/lospoliticosveracruz.com\/#\/schema\/person\/b8702bb0e538456e6efd07080bf2a4a2","name":"Lo viste en Los Pol\u00edticos","image":{"@type":"ImageObject","inLanguage":"es","@id":"https:\/\/secure.gravatar.com\/avatar\/3a8de04a2656d44082be478bd6c086daa447c4651605818287b9532d3d0bd435?s=96&d=mm&r=g","url":"https:\/\/secure.gravatar.com\/avatar\/3a8de04a2656d44082be478bd6c086daa447c4651605818287b9532d3d0bd435?s=96&d=mm&r=g","contentUrl":"https:\/\/secure.gravatar.com\/avatar\/3a8de04a2656d44082be478bd6c086daa447c4651605818287b9532d3d0bd435?s=96&d=mm&r=g","caption":"Lo viste en Los Pol\u00edticos"},"url":"https:\/\/lospoliticosveracruz.com\/?author=2"}]}},"_links":{"self":[{"href":"https:\/\/lospoliticosveracruz.com\/index.php?rest_route=\/wp\/v2\/posts\/102886","targetHints":{"allow":["GET"]}}],"collection":[{"href":"https:\/\/lospoliticosveracruz.com\/index.php?rest_route=\/wp\/v2\/posts"}],"about":[{"href":"https:\/\/lospoliticosveracruz.com\/index.php?rest_route=\/wp\/v2\/types\/post"}],"author":[{"embeddable":true,"href":"https:\/\/lospoliticosveracruz.com\/index.php?rest_route=\/wp\/v2\/users\/2"}],"replies":[{"embeddable":true,"href":"https:\/\/lospoliticosveracruz.com\/index.php?rest_route=%2Fwp%2Fv2%2Fcomments&post=102886"}],"version-history":[{"count":3,"href":"https:\/\/lospoliticosveracruz.com\/index.php?rest_route=\/wp\/v2\/posts\/102886\/revisions"}],"predecessor-version":[{"id":102889,"href":"https:\/\/lospoliticosveracruz.com\/index.php?rest_route=\/wp\/v2\/posts\/102886\/revisions\/102889"}],"wp:attachment":[{"href":"https:\/\/lospoliticosveracruz.com\/index.php?rest_route=%2Fwp%2Fv2%2Fmedia&parent=102886"}],"wp:term":[{"taxonomy":"category","embeddable":true,"href":"https:\/\/lospoliticosveracruz.com\/index.php?rest_route=%2Fwp%2Fv2%2Fcategories&post=102886"},{"taxonomy":"post_tag","embeddable":true,"href":"https:\/\/lospoliticosveracruz.com\/index.php?rest_route=%2Fwp%2Fv2%2Ftags&post=102886"}],"curies":[{"name":"wp","href":"https:\/\/api.w.org\/{rel}","templated":true}]}}