{"id":102893,"date":"2023-02-23T11:58:33","date_gmt":"2023-02-23T17:58:33","guid":{"rendered":"https:\/\/lospoliticosveracruz.com.mx\/?p=102893"},"modified":"2023-02-23T11:58:42","modified_gmt":"2023-02-23T17:58:42","slug":"lucha-social","status":"publish","type":"post","link":"https:\/\/lospoliticosveracruz.com\/?p=102893","title":{"rendered":"LUCHA SOCIAL"},"content":{"rendered":"\n<p><strong>Manolo Victorio<\/strong><\/p>\n\n\n\n<p><em>Carpe Diem<\/em><\/p>\n\n\n\n<p>El enojo social ante una injusticia u opresi\u00f3n de un poder factico o establecido, revienta, necesariamente, en movimientos sociales. As\u00ed ha sucedido siempre.<\/p>\n\n\n\n<figure class=\"wp-block-image size-full\"><a href=\"https:\/\/lospoliticosveracruz.com.mx\/wp-content\/uploads\/2022\/05\/Seguro-Julio-Cerecedo.jpg\"><img decoding=\"async\" src=\"https:\/\/lospoliticosveracruz.com.mx\/wp-content\/uploads\/2022\/05\/Seguro-Julio-Cerecedo.jpg\" alt=\"\" class=\"wp-image-90414\"\/><\/a><\/figure>\n\n\n\n<p>La masa no puede por l\u00f3gica elemental, encabezar movimientos sociales, tiene que organizarse, formar una pir\u00e1mide para impactar y vencer inercias o pr\u00e1cticas que la agobian.<\/p>\n\n\n\n<p>Ah\u00ed en esa conformaci\u00f3n piramidal, seg\u00fan los estudiosos de la teor\u00eda pol\u00edtica, en la punta de la pir\u00e1mide, se decantan los liderazgos que marcan la hoja de ruta a la masa amorfa, incitan a la movilizaci\u00f3n y trabajan en la organizaci\u00f3n.<\/p>\n\n\n\n<p>M\u00e9xico ha sido un pa\u00eds de lucha social, liderazgos facticos emanados desde la llegada de los espa\u00f1oles, reca\u00eddos en La Malinche como precursora de un liderazgo obligado por la supervivencia que deriv\u00f3 en la estructura del poder en la conquista, hasta los grandes pr\u00f3ceres que ahora son santones de cabecera de la cuatrote, con Benito Ju\u00e1rez Garc\u00eda como modelo a replicar en formas, usos y costumbres por parte de Andr\u00e9s Manuel L\u00f3pez Obrador, sedicente disc\u00edpulo a pie juntillas del pr\u00f3cer de Guelatao, Oaxaca.<\/p>\n\n\n\n<p>En paradoja pr\u00e1ctica, los liderazgos sociales han sido enterrados, soslayados, marginados por la pol\u00edtica de la cuarta transformaci\u00f3n quien obvi\u00f3 desde el principio a las organizaciones establecidas, bajo pretexto de eliminar el intermediarismo; por ende, clientelismo electoral.<\/p>\n\n\n\n<p>La figura popular\u00edsima de AMLO se erige en el aniquilamiento de las organizaciones sociales, muchas -habr\u00e1 que aceptarlo- nacidas como ramales o extensiones de partidos pol\u00edticos o sindicatos. La fuerza del presidente radica que la cifra que \u00e9l dicta en la tasa de los apoyos sociales, llega \u00edntegra a los beneficiarios sin moche o rasurada, pr\u00e1cticas anquilosadas de los l\u00edderes sindicales o dirigentes de membretes partidistas.<\/p>\n\n\n\n<p>Existe otro lucha social, la que nace de la opresi\u00f3n constante de organismos gubernamentales o poderes f\u00e1cticos que se apropian del espacio p\u00fablico, conculc\u00e1ndole a la poblaci\u00f3n su propio devenir hacia el bienestar com\u00fan, finalidad de todo el colectivo social.<\/p>\n\n\n\n<p>En los 60 kil\u00f3metros a la redonda que marca el Programa de Emergencia Radiol\u00f3gica Externa (PERE) como radio de acci\u00f3n inmediata ante un accidente de la Central Nuclear de Laguna Verde, \u00fanica planta generadora de energ\u00eda el\u00e9ctrica a base de uranio enriquecido que opera en el pa\u00eds, ubicada en la costa de Palma Sola, municipio de Alto Lucero, que produce el 5 por ciento de la energ\u00eda que consume M\u00e9xico, naci\u00f3 un movimiento social de lucha encaminado a la justicia que debe aplicarse a las poblaciones radicadas en 35 municipios bajo el radio de acci\u00f3n del PERE.<\/p>\n\n\n\n<p>Los habitantes, vecinos de la planta, bautizada popularmente como \u201cEl monstruo de la laguna verde\u201d por el riesgo permanente que implica un accidente nuclear, no ven justicia entre el riesgo de vivir cerca de una nucleoel\u00e9ctrica y los beneficios que debieran recibir en sus recibos de pagos bimestrales a la CFE por vivir 24\/7 con Jes\u00fas en la boca todos los d\u00edas.<\/p>\n\n\n\n<p>La resultante de la ecuaci\u00f3n es que no hay una justicia social debido a la operaci\u00f3n de Laguna Verde. Es m\u00e1s grande el riesgo que el beneficio. Es una mala inversi\u00f3n para estos 35 municipios que opere esta nucleoel\u00e9ctrica en El Farall\u00f3n.<\/p>\n\n\n\n<p>Para enfrentar al monstruo de Laguna Verde, la poblaci\u00f3n, la masa enojada, decidi\u00f3 confiar en una organizaci\u00f3n, una Asociaci\u00f3n Civil llamada rom\u00e1nticamente \u201cLa leyenda de Chucho el roto\u201d, cuyo dirigente, Francisco Fern\u00e1ndez Morales, conocido como \u201cEl Potro\u201d, encontr\u00f3 un fil\u00f3n de oro, porque la queja social brot\u00f3 m\u00e1s all\u00e1 de las fronteras del Programa de Emergencia Radiol\u00f3gica Externa.<\/p>\n\n\n\n<p>La gente estaba enojada por los abusos de la Comisi\u00f3n Federal de Electricidad en la aplicaci\u00f3n arbitraria de las tarifas, atentado contra la econom\u00eda de las familias veracruzanas.<\/p>\n\n\n\n<p>A partir del 2001, \u201cEl Potro\u201d, hoy desaparecido, extraviado o ausente porque no aparece desde el 26 de octubre del 2022, fecha que se le vio por ultima vez en un poblado de Actopan, llamado San Isidro, fue nutriendo un activismo social que lo llev\u00f3 a ser legislador local, catapultado por la fuerza social que encontr\u00f3 en los recurridos por las poblaciones afectadas por las altas tarifas de energ\u00eda el\u00e9ctrica en un estado que aporta el 14 por ciento del fluido el\u00e9ctrico que consume el pa\u00eds.<\/p>\n\n\n\n<p>Jorge Morales Barradas, vocero de \u201cLa leyenda de Chucho el roto\u201d, quien ha tomado el estandarte de la lucha social como cabeza visible, ha intentado dialogar hasta con las piedras en pos de una reclasificaci\u00f3n tarifaria para la zona de Laguna Verde y para todo el estado. No ha encontrado eco. Su voz es una predica en el desierto, pese a que la lucha social organizada data desde el 2001.<\/p>\n\n\n\n<p>Morales Barradas ha encabezado movilizaciones, ha encauzado el sentimiento popular con plantones en oficinas de la CFE, cierres carreteros, protestas en municipios y nada.<\/p>\n\n\n\n<p>Su tesis m\u00e1s actual radica en que as\u00ed como el presidente decret\u00f3 un borr\u00f3n y cuenta nueva en la reclasificaci\u00f3n tarifaria en Tabasco, as\u00ed puede firmar un documento que reclasifique las tarifas en el estado de Veracruz, fijando a un gran porcentaje de regiones, sobre todo el sur, la cuenca del Papaloapan y las zonas costeras, en la tarifa 1F cuyo rango de consumo es de 2,500 kilowatts hora, aplicada en zonas donde el term\u00f3metro marca 33 grados de temperatura promedio.<\/p>\n\n\n\n<p>La tarifa 1F ser\u00eda la m\u00e1s conveniente debido al cambio clim\u00e1tico, aunque -sostiene Jorge Morales- tambi\u00e9n se est\u00e1 en la lucha porque se reclasifiquen otras regiones calurosas con las tarifas 1D cuyo rango no debe superar los 31 grados de temperatura promedio y la 1E cuyo tope son los 32 grados de temperatura ambiente.<\/p>\n\n\n\n<p>\u201cQuienes por cuestiones de mercadeo electoral o proselitista se desgarran las vestiduras prometiendo que pugnar\u00e1n por bajar el costo de la energ\u00eda el\u00e9ctrica, mienten, el costo es mismo, lo que buscamos es una reclasificaci\u00f3n, ampliar el rango de consumo de energ\u00eda de las familias sin que caigan en las casillas de otra clasificaci\u00f3n donde se castiga el alto consumo\u201d, sostiene el vocero.<\/p>\n\n\n\n<p>Jorge Morales sostiene la simpleza de la justicia social, \u201csi Veracruz es productor de energ\u00eda el\u00e9ctrica, entonces que se nos reclasifique, que se nos haga justicia\u201d, que se apliquen las tarifas 1C, 1E y 1D valorando los \u00edndices de temperatura ambiente.<\/p>\n\n\n\n<p>\u201cSi en Tabasco se logr\u00f3, se lograr\u00e1 en Veracruz\u201d, sue\u00f1a Jorge Morales Barradas.<\/p>\n\n\n\n<p>\u2026 Del mismo costal.<\/p>\n\n\n\n<p>En Veracruz, Movimiento Renovador Democr\u00e1tico (MRD), que encabeza Marco Antonio Moncayo Parra, tambi\u00e9n ha desenterrado el hacha de guerra contra dos enemigos: El Grupo Metropolitano de Agua y Saneamiento y la Comisi\u00f3n Federal de Electricidad.<\/p>\n\n\n\n<p>Los liderazgos sociales emergen ante la desesperaci\u00f3n ante los abusos recurrentes.<\/p>\n\n\n\n<p>Moncayo Parra re\u00fane, cada d\u00eda, a m\u00e1s voces de usuarios desesperados al no poder enfrentarse a los dos imperios, uno p\u00fablico y otro privado, que se llevan m\u00e1s del 60 por ciento del ingreso de las familias porte\u00f1as.<\/p>\n\n\n\n<p>Como un b\u00e1rbaro contra los romanos, Marco Antonio Moncayo defiende a los despose\u00eddos del abuso institucional y privado.<\/p>\n\n\n\n<p>Lo dicho al principio, los liderazgos sociales emerger\u00e1n ante el abuso de poderes f\u00e1cticos, institucionales o privados.<\/p>\n","protected":false},"excerpt":{"rendered":"<p>Manolo Victorio Carpe Diem El enojo social ante una injusticia u opresi\u00f3n de un poder factico o establecido, revienta, necesariamente, en movimientos sociales. As\u00ed ha sucedido siempre. La masa no puede por l\u00f3gica elemental, encabezar movimientos sociales, tiene que organizarse, formar una pir\u00e1mide para impactar y vencer inercias o pr\u00e1cticas que la agobian. Ah\u00ed en [&hellip;]<\/p>\n","protected":false},"author":2,"featured_media":0,"comment_status":"closed","ping_status":"closed","sticky":false,"template":"","format":"standard","meta":{"tdm_status":"","tdm_grid_status":"","footnotes":""},"categories":[70],"tags":[8627,28396,33151,29830,195],"class_list":{"0":"post-102893","1":"post","2":"type-post","3":"status-publish","4":"format-standard","6":"category-de-opinion","7":"tag-comision-federal-de-electricidad","8":"tag-manolo-victorio","9":"tag-marco-antonio-moncayo-parra","10":"tag-movimiento-renovador-democratico","11":"tag-veracruz"},"yoast_head":"<!-- This site is optimized with the Yoast SEO plugin v27.4 - https:\/\/yoast.com\/product\/yoast-seo-wordpress\/ -->\n<title>LUCHA SOCIAL - Los pol\u00edticos Veracruz<\/title>\n<meta name=\"robots\" content=\"index, follow, max-snippet:-1, max-image-preview:large, max-video-preview:-1\" \/>\n<link rel=\"canonical\" href=\"https:\/\/lospoliticosveracruz.com\/?p=102893\" \/>\n<meta property=\"og:locale\" content=\"es_ES\" \/>\n<meta property=\"og:type\" content=\"article\" \/>\n<meta property=\"og:title\" content=\"LUCHA SOCIAL - Los pol\u00edticos Veracruz\" \/>\n<meta property=\"og:description\" content=\"Manolo Victorio Carpe Diem El enojo social ante una injusticia u opresi\u00f3n de un poder factico o establecido, revienta, necesariamente, en movimientos sociales. As\u00ed ha sucedido siempre. La masa no puede por l\u00f3gica elemental, encabezar movimientos sociales, tiene que organizarse, formar una pir\u00e1mide para impactar y vencer inercias o pr\u00e1cticas que la agobian. Ah\u00ed en [&hellip;]\" \/>\n<meta property=\"og:url\" content=\"https:\/\/lospoliticosveracruz.com\/?p=102893\" \/>\n<meta property=\"og:site_name\" content=\"Los pol\u00edticos Veracruz\" \/>\n<meta property=\"article:publisher\" content=\"https:\/\/www.facebook.com\/people\/Notimemes-de-los-Polticos\/61565672886568\/\" \/>\n<meta property=\"article:published_time\" content=\"2023-02-23T17:58:33+00:00\" \/>\n<meta property=\"article:modified_time\" content=\"2023-02-23T17:58:42+00:00\" \/>\n<meta property=\"og:image\" content=\"https:\/\/lospoliticosveracruz.com.mx\/wp-content\/uploads\/2022\/05\/Seguro-Julio-Cerecedo.jpg\" \/>\n<meta name=\"author\" content=\"Lo viste en Los Pol\u00edticos\" \/>\n<meta name=\"twitter:card\" content=\"summary_large_image\" \/>\n<meta name=\"twitter:creator\" content=\"@LosPoliticosVer\" \/>\n<meta name=\"twitter:site\" content=\"@LosPoliticosVer\" \/>\n<meta name=\"twitter:label1\" content=\"Escrito por\" \/>\n\t<meta name=\"twitter:data1\" content=\"Lo viste en Los Pol\u00edticos\" \/>\n\t<meta name=\"twitter:label2\" content=\"Tiempo de lectura\" \/>\n\t<meta name=\"twitter:data2\" content=\"6 minutos\" \/>\n<script type=\"application\/ld+json\" class=\"yoast-schema-graph\">{\"@context\":\"https:\\\/\\\/schema.org\",\"@graph\":[{\"@type\":\"Article\",\"@id\":\"https:\\\/\\\/lospoliticosveracruz.com\\\/?p=102893#article\",\"isPartOf\":{\"@id\":\"https:\\\/\\\/lospoliticosveracruz.com\\\/?p=102893\"},\"author\":{\"name\":\"Lo viste en Los Pol\u00edticos\",\"@id\":\"https:\\\/\\\/lospoliticosveracruz.com\\\/#\\\/schema\\\/person\\\/b8702bb0e538456e6efd07080bf2a4a2\"},\"headline\":\"LUCHA SOCIAL\",\"datePublished\":\"2023-02-23T17:58:33+00:00\",\"dateModified\":\"2023-02-23T17:58:42+00:00\",\"mainEntityOfPage\":{\"@id\":\"https:\\\/\\\/lospoliticosveracruz.com\\\/?p=102893\"},\"wordCount\":1247,\"publisher\":{\"@id\":\"https:\\\/\\\/lospoliticosveracruz.com\\\/#organization\"},\"image\":{\"@id\":\"https:\\\/\\\/lospoliticosveracruz.com\\\/?p=102893#primaryimage\"},\"thumbnailUrl\":\"https:\\\/\\\/lospoliticosveracruz.com.mx\\\/wp-content\\\/uploads\\\/2022\\\/05\\\/Seguro-Julio-Cerecedo.jpg\",\"keywords\":[\"Comisi\u00f3n Federal de Electricidad\",\"Manolo Victorio\",\"Marco Antonio Moncayo Parra\",\"Movimiento Renovador Democr\u00e1tico\",\"Veracruz\"],\"articleSection\":[\"De Opini\u00f3n\"],\"inLanguage\":\"es\"},{\"@type\":\"WebPage\",\"@id\":\"https:\\\/\\\/lospoliticosveracruz.com\\\/?p=102893\",\"url\":\"https:\\\/\\\/lospoliticosveracruz.com\\\/?p=102893\",\"name\":\"LUCHA SOCIAL - Los pol\u00edticos Veracruz\",\"isPartOf\":{\"@id\":\"https:\\\/\\\/lospoliticosveracruz.com\\\/#website\"},\"primaryImageOfPage\":{\"@id\":\"https:\\\/\\\/lospoliticosveracruz.com\\\/?p=102893#primaryimage\"},\"image\":{\"@id\":\"https:\\\/\\\/lospoliticosveracruz.com\\\/?p=102893#primaryimage\"},\"thumbnailUrl\":\"https:\\\/\\\/lospoliticosveracruz.com.mx\\\/wp-content\\\/uploads\\\/2022\\\/05\\\/Seguro-Julio-Cerecedo.jpg\",\"datePublished\":\"2023-02-23T17:58:33+00:00\",\"dateModified\":\"2023-02-23T17:58:42+00:00\",\"breadcrumb\":{\"@id\":\"https:\\\/\\\/lospoliticosveracruz.com\\\/?p=102893#breadcrumb\"},\"inLanguage\":\"es\",\"potentialAction\":[{\"@type\":\"ReadAction\",\"target\":[\"https:\\\/\\\/lospoliticosveracruz.com\\\/?p=102893\"]}]},{\"@type\":\"ImageObject\",\"inLanguage\":\"es\",\"@id\":\"https:\\\/\\\/lospoliticosveracruz.com\\\/?p=102893#primaryimage\",\"url\":\"https:\\\/\\\/lospoliticosveracruz.com.mx\\\/wp-content\\\/uploads\\\/2022\\\/05\\\/Seguro-Julio-Cerecedo.jpg\",\"contentUrl\":\"https:\\\/\\\/lospoliticosveracruz.com.mx\\\/wp-content\\\/uploads\\\/2022\\\/05\\\/Seguro-Julio-Cerecedo.jpg\"},{\"@type\":\"BreadcrumbList\",\"@id\":\"https:\\\/\\\/lospoliticosveracruz.com\\\/?p=102893#breadcrumb\",\"itemListElement\":[{\"@type\":\"ListItem\",\"position\":1,\"name\":\"Portada\",\"item\":\"https:\\\/\\\/lospoliticosveracruz.com\\\/\"},{\"@type\":\"ListItem\",\"position\":2,\"name\":\"LUCHA SOCIAL\"}]},{\"@type\":\"WebSite\",\"@id\":\"https:\\\/\\\/lospoliticosveracruz.com\\\/#website\",\"url\":\"https:\\\/\\\/lospoliticosveracruz.com\\\/\",\"name\":\"Los pol\u00edticos Veracruz\",\"description\":\"\",\"publisher\":{\"@id\":\"https:\\\/\\\/lospoliticosveracruz.com\\\/#organization\"},\"potentialAction\":[{\"@type\":\"SearchAction\",\"target\":{\"@type\":\"EntryPoint\",\"urlTemplate\":\"https:\\\/\\\/lospoliticosveracruz.com\\\/?s={search_term_string}\"},\"query-input\":{\"@type\":\"PropertyValueSpecification\",\"valueRequired\":true,\"valueName\":\"search_term_string\"}}],\"inLanguage\":\"es\"},{\"@type\":\"Organization\",\"@id\":\"https:\\\/\\\/lospoliticosveracruz.com\\\/#organization\",\"name\":\"Los pol\u00edticos Veracruz\",\"url\":\"https:\\\/\\\/lospoliticosveracruz.com\\\/\",\"logo\":{\"@type\":\"ImageObject\",\"inLanguage\":\"es\",\"@id\":\"https:\\\/\\\/lospoliticosveracruz.com\\\/#\\\/schema\\\/logo\\\/image\\\/\",\"url\":\"https:\\\/\\\/lospoliticosveracruz.com\\\/wp-content\\\/uploads\\\/2025\\\/12\\\/Logo-Nuevo-LOS-POLITICOS-1.jpg\",\"contentUrl\":\"https:\\\/\\\/lospoliticosveracruz.com\\\/wp-content\\\/uploads\\\/2025\\\/12\\\/Logo-Nuevo-LOS-POLITICOS-1.jpg\",\"width\":260,\"height\":70,\"caption\":\"Los pol\u00edticos Veracruz\"},\"image\":{\"@id\":\"https:\\\/\\\/lospoliticosveracruz.com\\\/#\\\/schema\\\/logo\\\/image\\\/\"},\"sameAs\":[\"https:\\\/\\\/www.facebook.com\\\/people\\\/Notimemes-de-los-Polticos\\\/61565672886568\\\/\",\"https:\\\/\\\/x.com\\\/LosPoliticosVer\"]},{\"@type\":\"Person\",\"@id\":\"https:\\\/\\\/lospoliticosveracruz.com\\\/#\\\/schema\\\/person\\\/b8702bb0e538456e6efd07080bf2a4a2\",\"name\":\"Lo viste en Los Pol\u00edticos\",\"image\":{\"@type\":\"ImageObject\",\"inLanguage\":\"es\",\"@id\":\"https:\\\/\\\/secure.gravatar.com\\\/avatar\\\/3a8de04a2656d44082be478bd6c086daa447c4651605818287b9532d3d0bd435?s=96&d=mm&r=g\",\"url\":\"https:\\\/\\\/secure.gravatar.com\\\/avatar\\\/3a8de04a2656d44082be478bd6c086daa447c4651605818287b9532d3d0bd435?s=96&d=mm&r=g\",\"contentUrl\":\"https:\\\/\\\/secure.gravatar.com\\\/avatar\\\/3a8de04a2656d44082be478bd6c086daa447c4651605818287b9532d3d0bd435?s=96&d=mm&r=g\",\"caption\":\"Lo viste en Los Pol\u00edticos\"},\"url\":\"https:\\\/\\\/lospoliticosveracruz.com\\\/?author=2\"}]}<\/script>\n<!-- \/ Yoast SEO plugin. -->","yoast_head_json":{"title":"LUCHA SOCIAL - Los pol\u00edticos Veracruz","robots":{"index":"index","follow":"follow","max-snippet":"max-snippet:-1","max-image-preview":"max-image-preview:large","max-video-preview":"max-video-preview:-1"},"canonical":"https:\/\/lospoliticosveracruz.com\/?p=102893","og_locale":"es_ES","og_type":"article","og_title":"LUCHA SOCIAL - Los pol\u00edticos Veracruz","og_description":"Manolo Victorio Carpe Diem El enojo social ante una injusticia u opresi\u00f3n de un poder factico o establecido, revienta, necesariamente, en movimientos sociales. As\u00ed ha sucedido siempre. La masa no puede por l\u00f3gica elemental, encabezar movimientos sociales, tiene que organizarse, formar una pir\u00e1mide para impactar y vencer inercias o pr\u00e1cticas que la agobian. Ah\u00ed en [&hellip;]","og_url":"https:\/\/lospoliticosveracruz.com\/?p=102893","og_site_name":"Los pol\u00edticos Veracruz","article_publisher":"https:\/\/www.facebook.com\/people\/Notimemes-de-los-Polticos\/61565672886568\/","article_published_time":"2023-02-23T17:58:33+00:00","article_modified_time":"2023-02-23T17:58:42+00:00","og_image":[{"url":"https:\/\/lospoliticosveracruz.com.mx\/wp-content\/uploads\/2022\/05\/Seguro-Julio-Cerecedo.jpg","type":"","width":"","height":""}],"author":"Lo viste en Los Pol\u00edticos","twitter_card":"summary_large_image","twitter_creator":"@LosPoliticosVer","twitter_site":"@LosPoliticosVer","twitter_misc":{"Escrito por":"Lo viste en Los Pol\u00edticos","Tiempo de lectura":"6 minutos"},"schema":{"@context":"https:\/\/schema.org","@graph":[{"@type":"Article","@id":"https:\/\/lospoliticosveracruz.com\/?p=102893#article","isPartOf":{"@id":"https:\/\/lospoliticosveracruz.com\/?p=102893"},"author":{"name":"Lo viste en Los Pol\u00edticos","@id":"https:\/\/lospoliticosveracruz.com\/#\/schema\/person\/b8702bb0e538456e6efd07080bf2a4a2"},"headline":"LUCHA SOCIAL","datePublished":"2023-02-23T17:58:33+00:00","dateModified":"2023-02-23T17:58:42+00:00","mainEntityOfPage":{"@id":"https:\/\/lospoliticosveracruz.com\/?p=102893"},"wordCount":1247,"publisher":{"@id":"https:\/\/lospoliticosveracruz.com\/#organization"},"image":{"@id":"https:\/\/lospoliticosveracruz.com\/?p=102893#primaryimage"},"thumbnailUrl":"https:\/\/lospoliticosveracruz.com.mx\/wp-content\/uploads\/2022\/05\/Seguro-Julio-Cerecedo.jpg","keywords":["Comisi\u00f3n Federal de Electricidad","Manolo Victorio","Marco Antonio Moncayo Parra","Movimiento Renovador Democr\u00e1tico","Veracruz"],"articleSection":["De Opini\u00f3n"],"inLanguage":"es"},{"@type":"WebPage","@id":"https:\/\/lospoliticosveracruz.com\/?p=102893","url":"https:\/\/lospoliticosveracruz.com\/?p=102893","name":"LUCHA SOCIAL - Los pol\u00edticos Veracruz","isPartOf":{"@id":"https:\/\/lospoliticosveracruz.com\/#website"},"primaryImageOfPage":{"@id":"https:\/\/lospoliticosveracruz.com\/?p=102893#primaryimage"},"image":{"@id":"https:\/\/lospoliticosveracruz.com\/?p=102893#primaryimage"},"thumbnailUrl":"https:\/\/lospoliticosveracruz.com.mx\/wp-content\/uploads\/2022\/05\/Seguro-Julio-Cerecedo.jpg","datePublished":"2023-02-23T17:58:33+00:00","dateModified":"2023-02-23T17:58:42+00:00","breadcrumb":{"@id":"https:\/\/lospoliticosveracruz.com\/?p=102893#breadcrumb"},"inLanguage":"es","potentialAction":[{"@type":"ReadAction","target":["https:\/\/lospoliticosveracruz.com\/?p=102893"]}]},{"@type":"ImageObject","inLanguage":"es","@id":"https:\/\/lospoliticosveracruz.com\/?p=102893#primaryimage","url":"https:\/\/lospoliticosveracruz.com.mx\/wp-content\/uploads\/2022\/05\/Seguro-Julio-Cerecedo.jpg","contentUrl":"https:\/\/lospoliticosveracruz.com.mx\/wp-content\/uploads\/2022\/05\/Seguro-Julio-Cerecedo.jpg"},{"@type":"BreadcrumbList","@id":"https:\/\/lospoliticosveracruz.com\/?p=102893#breadcrumb","itemListElement":[{"@type":"ListItem","position":1,"name":"Portada","item":"https:\/\/lospoliticosveracruz.com\/"},{"@type":"ListItem","position":2,"name":"LUCHA SOCIAL"}]},{"@type":"WebSite","@id":"https:\/\/lospoliticosveracruz.com\/#website","url":"https:\/\/lospoliticosveracruz.com\/","name":"Los pol\u00edticos Veracruz","description":"","publisher":{"@id":"https:\/\/lospoliticosveracruz.com\/#organization"},"potentialAction":[{"@type":"SearchAction","target":{"@type":"EntryPoint","urlTemplate":"https:\/\/lospoliticosveracruz.com\/?s={search_term_string}"},"query-input":{"@type":"PropertyValueSpecification","valueRequired":true,"valueName":"search_term_string"}}],"inLanguage":"es"},{"@type":"Organization","@id":"https:\/\/lospoliticosveracruz.com\/#organization","name":"Los pol\u00edticos Veracruz","url":"https:\/\/lospoliticosveracruz.com\/","logo":{"@type":"ImageObject","inLanguage":"es","@id":"https:\/\/lospoliticosveracruz.com\/#\/schema\/logo\/image\/","url":"https:\/\/lospoliticosveracruz.com\/wp-content\/uploads\/2025\/12\/Logo-Nuevo-LOS-POLITICOS-1.jpg","contentUrl":"https:\/\/lospoliticosveracruz.com\/wp-content\/uploads\/2025\/12\/Logo-Nuevo-LOS-POLITICOS-1.jpg","width":260,"height":70,"caption":"Los pol\u00edticos Veracruz"},"image":{"@id":"https:\/\/lospoliticosveracruz.com\/#\/schema\/logo\/image\/"},"sameAs":["https:\/\/www.facebook.com\/people\/Notimemes-de-los-Polticos\/61565672886568\/","https:\/\/x.com\/LosPoliticosVer"]},{"@type":"Person","@id":"https:\/\/lospoliticosveracruz.com\/#\/schema\/person\/b8702bb0e538456e6efd07080bf2a4a2","name":"Lo viste en Los Pol\u00edticos","image":{"@type":"ImageObject","inLanguage":"es","@id":"https:\/\/secure.gravatar.com\/avatar\/3a8de04a2656d44082be478bd6c086daa447c4651605818287b9532d3d0bd435?s=96&d=mm&r=g","url":"https:\/\/secure.gravatar.com\/avatar\/3a8de04a2656d44082be478bd6c086daa447c4651605818287b9532d3d0bd435?s=96&d=mm&r=g","contentUrl":"https:\/\/secure.gravatar.com\/avatar\/3a8de04a2656d44082be478bd6c086daa447c4651605818287b9532d3d0bd435?s=96&d=mm&r=g","caption":"Lo viste en Los Pol\u00edticos"},"url":"https:\/\/lospoliticosveracruz.com\/?author=2"}]}},"_links":{"self":[{"href":"https:\/\/lospoliticosveracruz.com\/index.php?rest_route=\/wp\/v2\/posts\/102893","targetHints":{"allow":["GET"]}}],"collection":[{"href":"https:\/\/lospoliticosveracruz.com\/index.php?rest_route=\/wp\/v2\/posts"}],"about":[{"href":"https:\/\/lospoliticosveracruz.com\/index.php?rest_route=\/wp\/v2\/types\/post"}],"author":[{"embeddable":true,"href":"https:\/\/lospoliticosveracruz.com\/index.php?rest_route=\/wp\/v2\/users\/2"}],"replies":[{"embeddable":true,"href":"https:\/\/lospoliticosveracruz.com\/index.php?rest_route=%2Fwp%2Fv2%2Fcomments&post=102893"}],"version-history":[{"count":1,"href":"https:\/\/lospoliticosveracruz.com\/index.php?rest_route=\/wp\/v2\/posts\/102893\/revisions"}],"predecessor-version":[{"id":102894,"href":"https:\/\/lospoliticosveracruz.com\/index.php?rest_route=\/wp\/v2\/posts\/102893\/revisions\/102894"}],"wp:attachment":[{"href":"https:\/\/lospoliticosveracruz.com\/index.php?rest_route=%2Fwp%2Fv2%2Fmedia&parent=102893"}],"wp:term":[{"taxonomy":"category","embeddable":true,"href":"https:\/\/lospoliticosveracruz.com\/index.php?rest_route=%2Fwp%2Fv2%2Fcategories&post=102893"},{"taxonomy":"post_tag","embeddable":true,"href":"https:\/\/lospoliticosveracruz.com\/index.php?rest_route=%2Fwp%2Fv2%2Ftags&post=102893"}],"curies":[{"name":"wp","href":"https:\/\/api.w.org\/{rel}","templated":true}]}}