{"id":102993,"date":"2023-02-26T07:45:27","date_gmt":"2023-02-26T13:45:27","guid":{"rendered":"https:\/\/lospoliticosveracruz.com.mx\/?p=102993"},"modified":"2023-02-26T07:45:32","modified_gmt":"2023-02-26T13:45:32","slug":"disputa-por-el-pvem","status":"publish","type":"post","link":"https:\/\/lospoliticosveracruz.com\/?p=102993","title":{"rendered":"DISPUTA POR EL PVEM"},"content":{"rendered":"\n<p><strong>Ricardo Chua<\/strong><\/p>\n\n\n\n<p>Sale y Vale<\/p>\n\n\n\n<p>\u00abGarganta Profunda\u00bb revel\u00f3 que en la sede nacional del PVEM tienen a\u00fan duda de qui\u00e9n podr\u00eda postular como aspirante al Senado por Veracruz.. Ya que en la alianza con MORENA en el 2024, los \u00abverdes\u00bb podr\u00edan tener un espacio (Primera o segunda formula) con amplias posibilidades de ganar.. El tema es que no han decidido con qui\u00e9n la \u00abjugar\u00edan\u00bb pero todo indica que ir\u00eda un hombre y podr\u00eda ser en la persona de Javier Herrera Borunda o Alberto Silva Ramos alias \u00abEl Cisne\u00bb\u2026<\/p>\n\n\n\n<p>Sobre todo porque \u00abEl Cisne\u00bb Silva ha estado m\u00e1s presente en las \u00faltimas semanas, despu\u00e9s de que ha colocado en muchos puntos de la entidad, espectaculares promocionando al PVEM y a su figura personal\u2026 Este personaje sabe que es momento de aprovechar esta coyuntura y as\u00ed la est\u00e1 jugando\u2026 Obvio con la venia del senador, Manuel Velasco Coello\u2026 Y s\u00f3lo esperando la se\u00f1al de que \u00e9l ir\u00eda en esa candidatura y no Javier Herrera.. \u00bfUn Cisne de Senador?.<\/p>\n\n\n\n<p>Ya que tambi\u00e9n \u00abGarganta Profunda\u00bb nos dice que para el tema Javier Herrera Borunda, en caso de lograr la candidatura al Senado.. Su posible coordinador de campa\u00f1a y de su estructura en Veracruz, ser\u00eda Silva Ramos\u2026 Este personaje podr\u00eda ser el que dar\u00e1 la cara para llevar la campa\u00f1a del hijo de su \u00abpap\u00e1\u00bb pol\u00edtico.. Pero que detr\u00e1s de \u00e9l, traer\u00e1 a las \u00abhuestes\u00bb de operadores pol\u00edticos de otros lados del pa\u00eds, con el af\u00e1n de ayudar a Herrera Borunda y que el \u00abVerde\u00bb crezca en votos..<\/p>\n\n\n\n<p>Lo que quieren los altos mandos del PVEM nacional es que gane Javier o Silva para que este organismo crezca pol\u00edticamente y ellos puedan ser como partido la tercera fuerza electoral en M\u00e9xico para el 2024\u2026 A pesar que saben que en Veracruz puede encontrar alg\u00fan tipo de \u00abbloqueos\u00bb, pero ellos ya est\u00e1n echados para adelante\u2026 Por eso, es que se arma \u00abEl Cachorro Fiel\u00bb y \u00abEl Cisne\u00bb\u2026 A lo mejor tambi\u00e9n ambos pueden ir a la c\u00e1mara de diputados federales\u2026. S\u00f3lo el tiempo y las \u00abgrillas\u00bb lo dir\u00e1n\u2026 AMEN..<\/p>\n\n\n\n<p>CAZAR\u00cdN Y ZENYAZEN, LOS MEJORES CALIFICADOS\u2026 Nos cuenta \u00abGarganta Profunda\u00bb que en Veracruz.. Pese a todo lo que se diga al respecto de sus funciones o encargos como personajes p\u00fablicos en este momento\u2026 Los dos personas, ligadas a MORENA, mejores calificadas en la entidad son dos, uno de ellos es el titular de la SEV, Zenyazen Escobar Garc\u00eda y el otro es el diputado local y l\u00edder de la Junta de Coordinaci\u00f3n Pol\u00edtica del Congreso Local, Juan Javier G\u00f3mez Cazar\u00edn..<\/p>\n\n\n\n<p>Por alguna u otra raz\u00f3n, en este momento, no hay un funcionario p\u00fablico o un personaje de elecci\u00f3n popular dentro de MORENA que pueda tener m\u00e1s presencia y aceptaci\u00f3n entre la sociedad, que estos dos personajes\u2026 Cazar\u00edn hace su labor en el Congreso Local, anda de gira por todo Veracruz como si fuera candidato y sobre todo est\u00e1 \u00abjalando\u00bb el equipo directo de Roc\u00edo Nahle para operarle su campa\u00f1a en Veracruz al 2024 y eso tiene sus dividendos\u2026<\/p>\n\n\n\n<p>Mientras que Zenyazen Escobar, pese a toda la \u00abmetralla\u00bb que ha sido sometido desde Palacio de Gobierno, por diversos asuntos.. Sus n\u00fameros son muy buenos entre la ciudadan\u00eda y eso quiz\u00e1s est\u00e1 provocando que \u00abestorbe\u00bb otro tipo de intereses pol\u00edticos en Veracruz.. As\u00ed que pese a todo ello, los sondeos de opini\u00f3n que tiene en sus manso Cuitl\u00e1huac Garc\u00eda, han hecho que el respaldo dado al titular de la SEV sea importante.. Adem\u00e1s que Escobar Garc\u00eda tiene excelentes tratos con las dirigencias sindicales de maestro y su base trabajadora\u2026 As\u00ed se fortalece m\u00e1s\u2026 AMEN\u2026<\/p>\n\n\n\n<p>AUMENTO A LA TORTILLA EN VERACRUZ.. Si este aumento a la tortilla en Veracruz se formaliza este pr\u00f3ximo 1 de marzo\u2026 Las consecuencias de este incremento se sumaran al gobierno de Cuitl\u00e1huac Garc\u00eda Jim\u00e9nez\u2026 Que ya de por si est\u00e1 inmerso en una crisis pol\u00edtica y econ\u00f3mica desde hace tiempo y de la cual no puede salir\u2026 Pero este incremento que podr\u00eda llevar a los 26 pesos el kilo.. Son las situaciones que pegan m\u00e1s que un crimen de alto impacto o una pol\u00edtica p\u00fablica\u2026 Ya que esto pega al bolsillo de la mayor\u00eda de los veracruzanos..<\/p>\n\n\n\n<p>Cuitl\u00e1huac Garc\u00eda y su administraci\u00f3n podr\u00e1n echarle la culpa a cualquiera de esta acci\u00f3n o hasta la inflaci\u00f3n de los precios de los insumos a nivel mundial\u2026 Pero la sociedad eso no lo entiende a ciencia cierta y siempre quiere desquitarse con las personas que tienen bajo su mando una administraci\u00f3n estatal o federal\u2026 En este caso, la \u00abculpa\u00bb les ser\u00e1 echada al xalape\u00f1o.. Eso es algo que pronto se sabr\u00e1 y no habr\u00e1 que esperarse hasta el 2024\u2026<\/p>\n\n\n\n<p>Ya que no hay argumento de gobierno que valga para la sociedad de parte del gobierno, cuando le pegan en el bolsillo\u2026 Y este incremento al precio de la tortilla ser\u00e1 en todos los puntos de la entidad y nadie quedar\u00e1 exento\u2026 Por eso, el \u00abgolpe\u00bb que reciban los veracruzanos, se lo ir\u00e1n \u00abcobrando\u00bb cuando empiecen a calificar al gobierno de Cuitl\u00e1huac, al partido MORENA y a sus aspirantes a gobernador.. El problema para la clase gobernante siempre empieza cuando la d\u00e1diva que le dan al pueblo no alcanza\u2026 Y eso ya empez\u00f3 a pasar aqu\u00ed\u2026 AMEN..<\/p>\n","protected":false},"excerpt":{"rendered":"<p>Ricardo Chua Sale y Vale \u00abGarganta Profunda\u00bb revel\u00f3 que en la sede nacional del PVEM tienen a\u00fan duda de qui\u00e9n podr\u00eda postular como aspirante al Senado por Veracruz.. Ya que en la alianza con MORENA en el 2024, los \u00abverdes\u00bb podr\u00edan tener un espacio (Primera o segunda formula) con amplias posibilidades de ganar.. El tema [&hellip;]<\/p>\n","protected":false},"author":2,"featured_media":0,"comment_status":"closed","ping_status":"closed","sticky":false,"template":"","format":"standard","meta":{"tdm_status":"","tdm_grid_status":"","footnotes":""},"categories":[70],"tags":[1563,1124,12695,1026,264,1315,195,12372],"class_list":{"0":"post-102993","1":"post","2":"type-post","3":"status-publish","4":"format-standard","6":"category-de-opinion","7":"tag-cuitlahuac-garcia-jimenez","8":"tag-javier-herrera-borunda","9":"tag-juan-javier-gomez-cazarin","10":"tag-morena","11":"tag-pvem","12":"tag-senado-de-la-republica","13":"tag-veracruz","14":"tag-zenyazen-escobar-garcia"},"yoast_head":"<!-- This site is optimized with the Yoast SEO plugin v27.4 - https:\/\/yoast.com\/product\/yoast-seo-wordpress\/ -->\n<title>DISPUTA POR EL PVEM - Los pol\u00edticos Veracruz<\/title>\n<meta name=\"robots\" content=\"index, follow, max-snippet:-1, max-image-preview:large, max-video-preview:-1\" \/>\n<link rel=\"canonical\" href=\"https:\/\/lospoliticosveracruz.com\/?p=102993\" \/>\n<meta property=\"og:locale\" content=\"es_ES\" \/>\n<meta property=\"og:type\" content=\"article\" \/>\n<meta property=\"og:title\" content=\"DISPUTA POR EL PVEM - Los pol\u00edticos Veracruz\" \/>\n<meta property=\"og:description\" content=\"Ricardo Chua Sale y Vale \u00abGarganta Profunda\u00bb revel\u00f3 que en la sede nacional del PVEM tienen a\u00fan duda de qui\u00e9n podr\u00eda postular como aspirante al Senado por Veracruz.. Ya que en la alianza con MORENA en el 2024, los \u00abverdes\u00bb podr\u00edan tener un espacio (Primera o segunda formula) con amplias posibilidades de ganar.. El tema [&hellip;]\" \/>\n<meta property=\"og:url\" content=\"https:\/\/lospoliticosveracruz.com\/?p=102993\" \/>\n<meta property=\"og:site_name\" content=\"Los pol\u00edticos Veracruz\" \/>\n<meta property=\"article:publisher\" content=\"https:\/\/www.facebook.com\/people\/Notimemes-de-los-Polticos\/61565672886568\/\" \/>\n<meta property=\"article:published_time\" content=\"2023-02-26T13:45:27+00:00\" \/>\n<meta property=\"article:modified_time\" content=\"2023-02-26T13:45:32+00:00\" \/>\n<meta property=\"og:image\" content=\"https:\/\/lospoliticosveracruz.com\/wp-content\/uploads\/2016\/07\/Logo-Dor.jpg\" \/>\n\t<meta property=\"og:image:width\" content=\"200\" \/>\n\t<meta property=\"og:image:height\" content=\"200\" \/>\n\t<meta property=\"og:image:type\" content=\"image\/jpeg\" \/>\n<meta name=\"author\" content=\"Lo viste en Los Pol\u00edticos\" \/>\n<meta name=\"twitter:card\" content=\"summary_large_image\" \/>\n<meta name=\"twitter:creator\" content=\"@LosPoliticosVer\" \/>\n<meta name=\"twitter:site\" content=\"@LosPoliticosVer\" \/>\n<meta name=\"twitter:label1\" content=\"Escrito por\" \/>\n\t<meta name=\"twitter:data1\" content=\"Lo viste en Los Pol\u00edticos\" \/>\n\t<meta name=\"twitter:label2\" content=\"Tiempo de lectura\" \/>\n\t<meta name=\"twitter:data2\" content=\"5 minutos\" \/>\n<script type=\"application\/ld+json\" class=\"yoast-schema-graph\">{\"@context\":\"https:\\\/\\\/schema.org\",\"@graph\":[{\"@type\":\"Article\",\"@id\":\"https:\\\/\\\/lospoliticosveracruz.com\\\/?p=102993#article\",\"isPartOf\":{\"@id\":\"https:\\\/\\\/lospoliticosveracruz.com\\\/?p=102993\"},\"author\":{\"name\":\"Lo viste en Los Pol\u00edticos\",\"@id\":\"https:\\\/\\\/lospoliticosveracruz.com\\\/#\\\/schema\\\/person\\\/b8702bb0e538456e6efd07080bf2a4a2\"},\"headline\":\"DISPUTA POR EL PVEM\",\"datePublished\":\"2023-02-26T13:45:27+00:00\",\"dateModified\":\"2023-02-26T13:45:32+00:00\",\"mainEntityOfPage\":{\"@id\":\"https:\\\/\\\/lospoliticosveracruz.com\\\/?p=102993\"},\"wordCount\":945,\"publisher\":{\"@id\":\"https:\\\/\\\/lospoliticosveracruz.com\\\/#organization\"},\"keywords\":[\"Cuitl\u00e1huac Garc\u00eda Jim\u00e9nez\",\"Javier Herrera Borunda\",\"Juan Javier G\u00f3mez Cazar\u00edn\",\"Morena\",\"PVEM\",\"Senado de la Rep\u00fablica\",\"Veracruz\",\"Zenyazen Escobar Garc\u00eda\"],\"articleSection\":[\"De Opini\u00f3n\"],\"inLanguage\":\"es\"},{\"@type\":\"WebPage\",\"@id\":\"https:\\\/\\\/lospoliticosveracruz.com\\\/?p=102993\",\"url\":\"https:\\\/\\\/lospoliticosveracruz.com\\\/?p=102993\",\"name\":\"DISPUTA POR EL PVEM - Los pol\u00edticos Veracruz\",\"isPartOf\":{\"@id\":\"https:\\\/\\\/lospoliticosveracruz.com\\\/#website\"},\"datePublished\":\"2023-02-26T13:45:27+00:00\",\"dateModified\":\"2023-02-26T13:45:32+00:00\",\"breadcrumb\":{\"@id\":\"https:\\\/\\\/lospoliticosveracruz.com\\\/?p=102993#breadcrumb\"},\"inLanguage\":\"es\",\"potentialAction\":[{\"@type\":\"ReadAction\",\"target\":[\"https:\\\/\\\/lospoliticosveracruz.com\\\/?p=102993\"]}]},{\"@type\":\"BreadcrumbList\",\"@id\":\"https:\\\/\\\/lospoliticosveracruz.com\\\/?p=102993#breadcrumb\",\"itemListElement\":[{\"@type\":\"ListItem\",\"position\":1,\"name\":\"Portada\",\"item\":\"https:\\\/\\\/lospoliticosveracruz.com\\\/\"},{\"@type\":\"ListItem\",\"position\":2,\"name\":\"DISPUTA POR EL PVEM\"}]},{\"@type\":\"WebSite\",\"@id\":\"https:\\\/\\\/lospoliticosveracruz.com\\\/#website\",\"url\":\"https:\\\/\\\/lospoliticosveracruz.com\\\/\",\"name\":\"Los pol\u00edticos Veracruz\",\"description\":\"\",\"publisher\":{\"@id\":\"https:\\\/\\\/lospoliticosveracruz.com\\\/#organization\"},\"potentialAction\":[{\"@type\":\"SearchAction\",\"target\":{\"@type\":\"EntryPoint\",\"urlTemplate\":\"https:\\\/\\\/lospoliticosveracruz.com\\\/?s={search_term_string}\"},\"query-input\":{\"@type\":\"PropertyValueSpecification\",\"valueRequired\":true,\"valueName\":\"search_term_string\"}}],\"inLanguage\":\"es\"},{\"@type\":\"Organization\",\"@id\":\"https:\\\/\\\/lospoliticosveracruz.com\\\/#organization\",\"name\":\"Los pol\u00edticos Veracruz\",\"url\":\"https:\\\/\\\/lospoliticosveracruz.com\\\/\",\"logo\":{\"@type\":\"ImageObject\",\"inLanguage\":\"es\",\"@id\":\"https:\\\/\\\/lospoliticosveracruz.com\\\/#\\\/schema\\\/logo\\\/image\\\/\",\"url\":\"https:\\\/\\\/lospoliticosveracruz.com\\\/wp-content\\\/uploads\\\/2025\\\/12\\\/Logo-Nuevo-LOS-POLITICOS-1.jpg\",\"contentUrl\":\"https:\\\/\\\/lospoliticosveracruz.com\\\/wp-content\\\/uploads\\\/2025\\\/12\\\/Logo-Nuevo-LOS-POLITICOS-1.jpg\",\"width\":260,\"height\":70,\"caption\":\"Los pol\u00edticos Veracruz\"},\"image\":{\"@id\":\"https:\\\/\\\/lospoliticosveracruz.com\\\/#\\\/schema\\\/logo\\\/image\\\/\"},\"sameAs\":[\"https:\\\/\\\/www.facebook.com\\\/people\\\/Notimemes-de-los-Polticos\\\/61565672886568\\\/\",\"https:\\\/\\\/x.com\\\/LosPoliticosVer\"]},{\"@type\":\"Person\",\"@id\":\"https:\\\/\\\/lospoliticosveracruz.com\\\/#\\\/schema\\\/person\\\/b8702bb0e538456e6efd07080bf2a4a2\",\"name\":\"Lo viste en Los Pol\u00edticos\",\"image\":{\"@type\":\"ImageObject\",\"inLanguage\":\"es\",\"@id\":\"https:\\\/\\\/secure.gravatar.com\\\/avatar\\\/3a8de04a2656d44082be478bd6c086daa447c4651605818287b9532d3d0bd435?s=96&d=mm&r=g\",\"url\":\"https:\\\/\\\/secure.gravatar.com\\\/avatar\\\/3a8de04a2656d44082be478bd6c086daa447c4651605818287b9532d3d0bd435?s=96&d=mm&r=g\",\"contentUrl\":\"https:\\\/\\\/secure.gravatar.com\\\/avatar\\\/3a8de04a2656d44082be478bd6c086daa447c4651605818287b9532d3d0bd435?s=96&d=mm&r=g\",\"caption\":\"Lo viste en Los Pol\u00edticos\"},\"url\":\"https:\\\/\\\/lospoliticosveracruz.com\\\/?author=2\"}]}<\/script>\n<!-- \/ Yoast SEO plugin. -->","yoast_head_json":{"title":"DISPUTA POR EL PVEM - Los pol\u00edticos Veracruz","robots":{"index":"index","follow":"follow","max-snippet":"max-snippet:-1","max-image-preview":"max-image-preview:large","max-video-preview":"max-video-preview:-1"},"canonical":"https:\/\/lospoliticosveracruz.com\/?p=102993","og_locale":"es_ES","og_type":"article","og_title":"DISPUTA POR EL PVEM - Los pol\u00edticos Veracruz","og_description":"Ricardo Chua Sale y Vale \u00abGarganta Profunda\u00bb revel\u00f3 que en la sede nacional del PVEM tienen a\u00fan duda de qui\u00e9n podr\u00eda postular como aspirante al Senado por Veracruz.. Ya que en la alianza con MORENA en el 2024, los \u00abverdes\u00bb podr\u00edan tener un espacio (Primera o segunda formula) con amplias posibilidades de ganar.. El tema [&hellip;]","og_url":"https:\/\/lospoliticosveracruz.com\/?p=102993","og_site_name":"Los pol\u00edticos Veracruz","article_publisher":"https:\/\/www.facebook.com\/people\/Notimemes-de-los-Polticos\/61565672886568\/","article_published_time":"2023-02-26T13:45:27+00:00","article_modified_time":"2023-02-26T13:45:32+00:00","og_image":[{"width":200,"height":200,"url":"https:\/\/lospoliticosveracruz.com\/wp-content\/uploads\/2016\/07\/Logo-Dor.jpg","type":"image\/jpeg"}],"author":"Lo viste en Los Pol\u00edticos","twitter_card":"summary_large_image","twitter_creator":"@LosPoliticosVer","twitter_site":"@LosPoliticosVer","twitter_misc":{"Escrito por":"Lo viste en Los Pol\u00edticos","Tiempo de lectura":"5 minutos"},"schema":{"@context":"https:\/\/schema.org","@graph":[{"@type":"Article","@id":"https:\/\/lospoliticosveracruz.com\/?p=102993#article","isPartOf":{"@id":"https:\/\/lospoliticosveracruz.com\/?p=102993"},"author":{"name":"Lo viste en Los Pol\u00edticos","@id":"https:\/\/lospoliticosveracruz.com\/#\/schema\/person\/b8702bb0e538456e6efd07080bf2a4a2"},"headline":"DISPUTA POR EL PVEM","datePublished":"2023-02-26T13:45:27+00:00","dateModified":"2023-02-26T13:45:32+00:00","mainEntityOfPage":{"@id":"https:\/\/lospoliticosveracruz.com\/?p=102993"},"wordCount":945,"publisher":{"@id":"https:\/\/lospoliticosveracruz.com\/#organization"},"keywords":["Cuitl\u00e1huac Garc\u00eda Jim\u00e9nez","Javier Herrera Borunda","Juan Javier G\u00f3mez Cazar\u00edn","Morena","PVEM","Senado de la Rep\u00fablica","Veracruz","Zenyazen Escobar Garc\u00eda"],"articleSection":["De Opini\u00f3n"],"inLanguage":"es"},{"@type":"WebPage","@id":"https:\/\/lospoliticosveracruz.com\/?p=102993","url":"https:\/\/lospoliticosveracruz.com\/?p=102993","name":"DISPUTA POR EL PVEM - Los pol\u00edticos Veracruz","isPartOf":{"@id":"https:\/\/lospoliticosveracruz.com\/#website"},"datePublished":"2023-02-26T13:45:27+00:00","dateModified":"2023-02-26T13:45:32+00:00","breadcrumb":{"@id":"https:\/\/lospoliticosveracruz.com\/?p=102993#breadcrumb"},"inLanguage":"es","potentialAction":[{"@type":"ReadAction","target":["https:\/\/lospoliticosveracruz.com\/?p=102993"]}]},{"@type":"BreadcrumbList","@id":"https:\/\/lospoliticosveracruz.com\/?p=102993#breadcrumb","itemListElement":[{"@type":"ListItem","position":1,"name":"Portada","item":"https:\/\/lospoliticosveracruz.com\/"},{"@type":"ListItem","position":2,"name":"DISPUTA POR EL PVEM"}]},{"@type":"WebSite","@id":"https:\/\/lospoliticosveracruz.com\/#website","url":"https:\/\/lospoliticosveracruz.com\/","name":"Los pol\u00edticos Veracruz","description":"","publisher":{"@id":"https:\/\/lospoliticosveracruz.com\/#organization"},"potentialAction":[{"@type":"SearchAction","target":{"@type":"EntryPoint","urlTemplate":"https:\/\/lospoliticosveracruz.com\/?s={search_term_string}"},"query-input":{"@type":"PropertyValueSpecification","valueRequired":true,"valueName":"search_term_string"}}],"inLanguage":"es"},{"@type":"Organization","@id":"https:\/\/lospoliticosveracruz.com\/#organization","name":"Los pol\u00edticos Veracruz","url":"https:\/\/lospoliticosveracruz.com\/","logo":{"@type":"ImageObject","inLanguage":"es","@id":"https:\/\/lospoliticosveracruz.com\/#\/schema\/logo\/image\/","url":"https:\/\/lospoliticosveracruz.com\/wp-content\/uploads\/2025\/12\/Logo-Nuevo-LOS-POLITICOS-1.jpg","contentUrl":"https:\/\/lospoliticosveracruz.com\/wp-content\/uploads\/2025\/12\/Logo-Nuevo-LOS-POLITICOS-1.jpg","width":260,"height":70,"caption":"Los pol\u00edticos Veracruz"},"image":{"@id":"https:\/\/lospoliticosveracruz.com\/#\/schema\/logo\/image\/"},"sameAs":["https:\/\/www.facebook.com\/people\/Notimemes-de-los-Polticos\/61565672886568\/","https:\/\/x.com\/LosPoliticosVer"]},{"@type":"Person","@id":"https:\/\/lospoliticosveracruz.com\/#\/schema\/person\/b8702bb0e538456e6efd07080bf2a4a2","name":"Lo viste en Los Pol\u00edticos","image":{"@type":"ImageObject","inLanguage":"es","@id":"https:\/\/secure.gravatar.com\/avatar\/3a8de04a2656d44082be478bd6c086daa447c4651605818287b9532d3d0bd435?s=96&d=mm&r=g","url":"https:\/\/secure.gravatar.com\/avatar\/3a8de04a2656d44082be478bd6c086daa447c4651605818287b9532d3d0bd435?s=96&d=mm&r=g","contentUrl":"https:\/\/secure.gravatar.com\/avatar\/3a8de04a2656d44082be478bd6c086daa447c4651605818287b9532d3d0bd435?s=96&d=mm&r=g","caption":"Lo viste en Los Pol\u00edticos"},"url":"https:\/\/lospoliticosveracruz.com\/?author=2"}]}},"_links":{"self":[{"href":"https:\/\/lospoliticosveracruz.com\/index.php?rest_route=\/wp\/v2\/posts\/102993","targetHints":{"allow":["GET"]}}],"collection":[{"href":"https:\/\/lospoliticosveracruz.com\/index.php?rest_route=\/wp\/v2\/posts"}],"about":[{"href":"https:\/\/lospoliticosveracruz.com\/index.php?rest_route=\/wp\/v2\/types\/post"}],"author":[{"embeddable":true,"href":"https:\/\/lospoliticosveracruz.com\/index.php?rest_route=\/wp\/v2\/users\/2"}],"replies":[{"embeddable":true,"href":"https:\/\/lospoliticosveracruz.com\/index.php?rest_route=%2Fwp%2Fv2%2Fcomments&post=102993"}],"version-history":[{"count":1,"href":"https:\/\/lospoliticosveracruz.com\/index.php?rest_route=\/wp\/v2\/posts\/102993\/revisions"}],"predecessor-version":[{"id":102995,"href":"https:\/\/lospoliticosveracruz.com\/index.php?rest_route=\/wp\/v2\/posts\/102993\/revisions\/102995"}],"wp:attachment":[{"href":"https:\/\/lospoliticosveracruz.com\/index.php?rest_route=%2Fwp%2Fv2%2Fmedia&parent=102993"}],"wp:term":[{"taxonomy":"category","embeddable":true,"href":"https:\/\/lospoliticosveracruz.com\/index.php?rest_route=%2Fwp%2Fv2%2Fcategories&post=102993"},{"taxonomy":"post_tag","embeddable":true,"href":"https:\/\/lospoliticosveracruz.com\/index.php?rest_route=%2Fwp%2Fv2%2Ftags&post=102993"}],"curies":[{"name":"wp","href":"https:\/\/api.w.org\/{rel}","templated":true}]}}