{"id":103003,"date":"2023-02-26T15:01:55","date_gmt":"2023-02-26T21:01:55","guid":{"rendered":"https:\/\/lospoliticosveracruz.com.mx\/?p=103003"},"modified":"2023-02-26T15:01:57","modified_gmt":"2023-02-26T21:01:57","slug":"hacia-la-salud-emocional","status":"publish","type":"post","link":"https:\/\/lospoliticosveracruz.com\/?p=103003","title":{"rendered":"HACIA LA SALUD EMOCIONAL"},"content":{"rendered":"\n<p>En ocasiones, nuestros problemas personales se llevan al plano de la salud f\u00edsica y se somatizan con s\u00edntomas en alguna parte de nuestro organismo; hay que reconocer cu\u00e1ndo pedir ayuda para reconocer que a veces no se puede solo, trabajar para que esos sentimientos no afecten nuestra vida, reconocer que hay un problema y una deuda consigo mismo para entonces tener un equilibrio\u2026<\/p>\n\n\n\n<p>As\u00ed se podr\u00eda definir \u201cHacia la Salud Emocional\u201d, tema que trat\u00f3 desde Pachuca, Hidalgo, v\u00eda remota, la Psic\u00f3loga y Tanat\u00f3loga Eva Aracely Ramirez, en la pasada reuni\u00f3n celebrada este s\u00e1bado, del grupo Juntas Venciendo el C\u00e1ncer (Juvecan) Coatepec.<\/p>\n\n\n\n<p>La Psic\u00f3loga Ara inicia hablando sobre el miedo a la muerte aunque hablar de la Muerte es hablar de la Vida y pensar en la Vida es pensar en el Aqu\u00ed y Ahora.<\/p>\n\n\n\n<p>Comenta que la Salud Emocional, de acuerdo con la Organizaci\u00f3n Mundial de la Salud (OMS), es un estado de completo bienestar f\u00edsico, mental y social.<\/p>\n\n\n\n<p>Para concretar un proyecto de vida, propone tres opciones: querer fortalecer lo que se tiene, querer mejorar el Aqu\u00ed y el Ahora y ver un escenario ideal, para vislumbrar lo que es fundamental para recuperar nuestra vida .<\/p>\n\n\n\n<p>Habla de que debemos &nbsp;recuperar el Amor propio, definiendo la palabra&nbsp; Amor \u201ccomo sin muerte.\u201d En ocasiones, los problemas se llevan al plano de la salud f\u00edsica y se somatizan en s\u00edntomas en alguna parte del organismo; hay que reconocer cuando uno no puede con todos los problemas y&nbsp; se vale pedir ayuda para poder levantarse, reconociendo que se est\u00e1 mal, trabajar esos sentimientos para que no afecten nuestra vida, reconocer que hay un problema y que hay una deuda consigo mismo: la de recuperarse y tener un equilibrio.<\/p>\n\n\n\n<p>\u00bfY qu\u00e9 se puede hacer para tener Salud Emocional?<\/p>\n\n\n\n<p>&nbsp;Disfrutar y enfocar la energ\u00eda a producir el bienestar propio: \u201cme tengo a m\u00ed y me merezco\u201d.<\/p>\n\n\n\n<p>Para disfrutar: \u201cvive y no te futurices, construye proyectos basados en ilusiones y sue\u00f1os\u2026 Sonr\u00ede para ti y para todos\u201d<\/p>\n\n\n\n<p>&nbsp;Da gracias por lo que tienes: \u201cmedita, expresa lo que piensas y sientes y ejecuta tus planes. No te pierdas en la realidad ajena\u201d.<\/p>\n\n\n\n<p>Practica el estado de paz como manifestaci\u00f3n de amor propio.<\/p>\n\n\n\n<p>No des consejos cuando no te lo pidan, \u201cevita engancharte con malestar ajeno\u201d.<\/p>\n\n\n\n<p>Medita al final del d\u00eda y destaca lo que has aprendido y si\u00e9ntete con amor y con<\/p>\n\n\n\n<p>utilidad propia.<\/p>\n\n\n\n<p>Goza todos los momentos, antes de que sea tarde.<\/p>\n\n\n\n<p>Al final, la Psic\u00f3loga Ara dice a Juvecan: \u00a1Esta vida es tu vida! \u00a1Adquiere salud emocional viviendo, vive viviendo!<\/p>\n","protected":false},"excerpt":{"rendered":"<p>En ocasiones, nuestros problemas personales se llevan al plano de la salud f\u00edsica y se somatizan con s\u00edntomas en alguna parte de nuestro organismo; hay que reconocer cu\u00e1ndo pedir ayuda para reconocer que a veces no se puede solo, trabajar para que esos sentimientos no afecten nuestra vida, reconocer que hay un problema y una [&hellip;]<\/p>\n","protected":false},"author":2,"featured_media":0,"comment_status":"closed","ping_status":"closed","sticky":false,"template":"","format":"standard","meta":{"tdm_status":"","tdm_grid_status":"","footnotes":""},"categories":[72],"tags":[37373,9030,26934],"class_list":{"0":"post-103003","1":"post","2":"type-post","3":"status-publish","4":"format-standard","6":"category-palomazos","7":"tag-eva-aracely-ramirez","8":"tag-juvecan-coatepec","9":"tag-salud-emocional"},"yoast_head":"<!-- This site is optimized with the Yoast SEO plugin v27.4 - https:\/\/yoast.com\/product\/yoast-seo-wordpress\/ -->\n<title>HACIA LA SALUD EMOCIONAL - Los pol\u00edticos Veracruz<\/title>\n<meta name=\"robots\" content=\"index, follow, max-snippet:-1, max-image-preview:large, max-video-preview:-1\" \/>\n<link rel=\"canonical\" href=\"https:\/\/lospoliticosveracruz.com\/?p=103003\" \/>\n<meta property=\"og:locale\" content=\"es_ES\" \/>\n<meta property=\"og:type\" content=\"article\" \/>\n<meta property=\"og:title\" content=\"HACIA LA SALUD EMOCIONAL - Los pol\u00edticos Veracruz\" \/>\n<meta property=\"og:description\" content=\"En ocasiones, nuestros problemas personales se llevan al plano de la salud f\u00edsica y se somatizan con s\u00edntomas en alguna parte de nuestro organismo; hay que reconocer cu\u00e1ndo pedir ayuda para reconocer que a veces no se puede solo, trabajar para que esos sentimientos no afecten nuestra vida, reconocer que hay un problema y una [&hellip;]\" \/>\n<meta property=\"og:url\" content=\"https:\/\/lospoliticosveracruz.com\/?p=103003\" \/>\n<meta property=\"og:site_name\" content=\"Los pol\u00edticos Veracruz\" \/>\n<meta property=\"article:publisher\" content=\"https:\/\/www.facebook.com\/people\/Notimemes-de-los-Polticos\/61565672886568\/\" \/>\n<meta property=\"article:published_time\" content=\"2023-02-26T21:01:55+00:00\" \/>\n<meta property=\"article:modified_time\" content=\"2023-02-26T21:01:57+00:00\" \/>\n<meta property=\"og:image\" content=\"https:\/\/lospoliticosveracruz.com\/wp-content\/uploads\/2016\/07\/Logo-Dor.jpg\" \/>\n\t<meta property=\"og:image:width\" content=\"200\" \/>\n\t<meta property=\"og:image:height\" content=\"200\" \/>\n\t<meta property=\"og:image:type\" content=\"image\/jpeg\" \/>\n<meta name=\"author\" content=\"Lo viste en Los Pol\u00edticos\" \/>\n<meta name=\"twitter:card\" content=\"summary_large_image\" \/>\n<meta name=\"twitter:creator\" content=\"@LosPoliticosVer\" \/>\n<meta name=\"twitter:site\" content=\"@LosPoliticosVer\" \/>\n<meta name=\"twitter:label1\" content=\"Escrito por\" \/>\n\t<meta name=\"twitter:data1\" content=\"Lo viste en Los Pol\u00edticos\" \/>\n\t<meta name=\"twitter:label2\" content=\"Tiempo de lectura\" \/>\n\t<meta name=\"twitter:data2\" content=\"2 minutos\" \/>\n<script type=\"application\/ld+json\" class=\"yoast-schema-graph\">{\"@context\":\"https:\\\/\\\/schema.org\",\"@graph\":[{\"@type\":\"Article\",\"@id\":\"https:\\\/\\\/lospoliticosveracruz.com\\\/?p=103003#article\",\"isPartOf\":{\"@id\":\"https:\\\/\\\/lospoliticosveracruz.com\\\/?p=103003\"},\"author\":{\"name\":\"Lo viste en Los Pol\u00edticos\",\"@id\":\"https:\\\/\\\/lospoliticosveracruz.com\\\/#\\\/schema\\\/person\\\/b8702bb0e538456e6efd07080bf2a4a2\"},\"headline\":\"HACIA LA SALUD EMOCIONAL\",\"datePublished\":\"2023-02-26T21:01:55+00:00\",\"dateModified\":\"2023-02-26T21:01:57+00:00\",\"mainEntityOfPage\":{\"@id\":\"https:\\\/\\\/lospoliticosveracruz.com\\\/?p=103003\"},\"wordCount\":456,\"publisher\":{\"@id\":\"https:\\\/\\\/lospoliticosveracruz.com\\\/#organization\"},\"keywords\":[\"Eva Aracely Ram\u00edrez\",\"Juvecan Coatepec\",\"salud emocional\"],\"articleSection\":[\"Palomazos\"],\"inLanguage\":\"es\"},{\"@type\":\"WebPage\",\"@id\":\"https:\\\/\\\/lospoliticosveracruz.com\\\/?p=103003\",\"url\":\"https:\\\/\\\/lospoliticosveracruz.com\\\/?p=103003\",\"name\":\"HACIA LA SALUD EMOCIONAL - Los pol\u00edticos Veracruz\",\"isPartOf\":{\"@id\":\"https:\\\/\\\/lospoliticosveracruz.com\\\/#website\"},\"datePublished\":\"2023-02-26T21:01:55+00:00\",\"dateModified\":\"2023-02-26T21:01:57+00:00\",\"breadcrumb\":{\"@id\":\"https:\\\/\\\/lospoliticosveracruz.com\\\/?p=103003#breadcrumb\"},\"inLanguage\":\"es\",\"potentialAction\":[{\"@type\":\"ReadAction\",\"target\":[\"https:\\\/\\\/lospoliticosveracruz.com\\\/?p=103003\"]}]},{\"@type\":\"BreadcrumbList\",\"@id\":\"https:\\\/\\\/lospoliticosveracruz.com\\\/?p=103003#breadcrumb\",\"itemListElement\":[{\"@type\":\"ListItem\",\"position\":1,\"name\":\"Portada\",\"item\":\"https:\\\/\\\/lospoliticosveracruz.com\\\/\"},{\"@type\":\"ListItem\",\"position\":2,\"name\":\"HACIA LA SALUD EMOCIONAL\"}]},{\"@type\":\"WebSite\",\"@id\":\"https:\\\/\\\/lospoliticosveracruz.com\\\/#website\",\"url\":\"https:\\\/\\\/lospoliticosveracruz.com\\\/\",\"name\":\"Los pol\u00edticos Veracruz\",\"description\":\"\",\"publisher\":{\"@id\":\"https:\\\/\\\/lospoliticosveracruz.com\\\/#organization\"},\"potentialAction\":[{\"@type\":\"SearchAction\",\"target\":{\"@type\":\"EntryPoint\",\"urlTemplate\":\"https:\\\/\\\/lospoliticosveracruz.com\\\/?s={search_term_string}\"},\"query-input\":{\"@type\":\"PropertyValueSpecification\",\"valueRequired\":true,\"valueName\":\"search_term_string\"}}],\"inLanguage\":\"es\"},{\"@type\":\"Organization\",\"@id\":\"https:\\\/\\\/lospoliticosveracruz.com\\\/#organization\",\"name\":\"Los pol\u00edticos Veracruz\",\"url\":\"https:\\\/\\\/lospoliticosveracruz.com\\\/\",\"logo\":{\"@type\":\"ImageObject\",\"inLanguage\":\"es\",\"@id\":\"https:\\\/\\\/lospoliticosveracruz.com\\\/#\\\/schema\\\/logo\\\/image\\\/\",\"url\":\"https:\\\/\\\/lospoliticosveracruz.com\\\/wp-content\\\/uploads\\\/2025\\\/12\\\/Logo-Nuevo-LOS-POLITICOS-1.jpg\",\"contentUrl\":\"https:\\\/\\\/lospoliticosveracruz.com\\\/wp-content\\\/uploads\\\/2025\\\/12\\\/Logo-Nuevo-LOS-POLITICOS-1.jpg\",\"width\":260,\"height\":70,\"caption\":\"Los pol\u00edticos Veracruz\"},\"image\":{\"@id\":\"https:\\\/\\\/lospoliticosveracruz.com\\\/#\\\/schema\\\/logo\\\/image\\\/\"},\"sameAs\":[\"https:\\\/\\\/www.facebook.com\\\/people\\\/Notimemes-de-los-Polticos\\\/61565672886568\\\/\",\"https:\\\/\\\/x.com\\\/LosPoliticosVer\"]},{\"@type\":\"Person\",\"@id\":\"https:\\\/\\\/lospoliticosveracruz.com\\\/#\\\/schema\\\/person\\\/b8702bb0e538456e6efd07080bf2a4a2\",\"name\":\"Lo viste en Los Pol\u00edticos\",\"image\":{\"@type\":\"ImageObject\",\"inLanguage\":\"es\",\"@id\":\"https:\\\/\\\/secure.gravatar.com\\\/avatar\\\/3a8de04a2656d44082be478bd6c086daa447c4651605818287b9532d3d0bd435?s=96&d=mm&r=g\",\"url\":\"https:\\\/\\\/secure.gravatar.com\\\/avatar\\\/3a8de04a2656d44082be478bd6c086daa447c4651605818287b9532d3d0bd435?s=96&d=mm&r=g\",\"contentUrl\":\"https:\\\/\\\/secure.gravatar.com\\\/avatar\\\/3a8de04a2656d44082be478bd6c086daa447c4651605818287b9532d3d0bd435?s=96&d=mm&r=g\",\"caption\":\"Lo viste en Los Pol\u00edticos\"},\"url\":\"https:\\\/\\\/lospoliticosveracruz.com\\\/?author=2\"}]}<\/script>\n<!-- \/ Yoast SEO plugin. -->","yoast_head_json":{"title":"HACIA LA SALUD EMOCIONAL - Los pol\u00edticos Veracruz","robots":{"index":"index","follow":"follow","max-snippet":"max-snippet:-1","max-image-preview":"max-image-preview:large","max-video-preview":"max-video-preview:-1"},"canonical":"https:\/\/lospoliticosveracruz.com\/?p=103003","og_locale":"es_ES","og_type":"article","og_title":"HACIA LA SALUD EMOCIONAL - Los pol\u00edticos Veracruz","og_description":"En ocasiones, nuestros problemas personales se llevan al plano de la salud f\u00edsica y se somatizan con s\u00edntomas en alguna parte de nuestro organismo; hay que reconocer cu\u00e1ndo pedir ayuda para reconocer que a veces no se puede solo, trabajar para que esos sentimientos no afecten nuestra vida, reconocer que hay un problema y una [&hellip;]","og_url":"https:\/\/lospoliticosveracruz.com\/?p=103003","og_site_name":"Los pol\u00edticos Veracruz","article_publisher":"https:\/\/www.facebook.com\/people\/Notimemes-de-los-Polticos\/61565672886568\/","article_published_time":"2023-02-26T21:01:55+00:00","article_modified_time":"2023-02-26T21:01:57+00:00","og_image":[{"width":200,"height":200,"url":"https:\/\/lospoliticosveracruz.com\/wp-content\/uploads\/2016\/07\/Logo-Dor.jpg","type":"image\/jpeg"}],"author":"Lo viste en Los Pol\u00edticos","twitter_card":"summary_large_image","twitter_creator":"@LosPoliticosVer","twitter_site":"@LosPoliticosVer","twitter_misc":{"Escrito por":"Lo viste en Los Pol\u00edticos","Tiempo de lectura":"2 minutos"},"schema":{"@context":"https:\/\/schema.org","@graph":[{"@type":"Article","@id":"https:\/\/lospoliticosveracruz.com\/?p=103003#article","isPartOf":{"@id":"https:\/\/lospoliticosveracruz.com\/?p=103003"},"author":{"name":"Lo viste en Los Pol\u00edticos","@id":"https:\/\/lospoliticosveracruz.com\/#\/schema\/person\/b8702bb0e538456e6efd07080bf2a4a2"},"headline":"HACIA LA SALUD EMOCIONAL","datePublished":"2023-02-26T21:01:55+00:00","dateModified":"2023-02-26T21:01:57+00:00","mainEntityOfPage":{"@id":"https:\/\/lospoliticosveracruz.com\/?p=103003"},"wordCount":456,"publisher":{"@id":"https:\/\/lospoliticosveracruz.com\/#organization"},"keywords":["Eva Aracely Ram\u00edrez","Juvecan Coatepec","salud emocional"],"articleSection":["Palomazos"],"inLanguage":"es"},{"@type":"WebPage","@id":"https:\/\/lospoliticosveracruz.com\/?p=103003","url":"https:\/\/lospoliticosveracruz.com\/?p=103003","name":"HACIA LA SALUD EMOCIONAL - Los pol\u00edticos Veracruz","isPartOf":{"@id":"https:\/\/lospoliticosveracruz.com\/#website"},"datePublished":"2023-02-26T21:01:55+00:00","dateModified":"2023-02-26T21:01:57+00:00","breadcrumb":{"@id":"https:\/\/lospoliticosveracruz.com\/?p=103003#breadcrumb"},"inLanguage":"es","potentialAction":[{"@type":"ReadAction","target":["https:\/\/lospoliticosveracruz.com\/?p=103003"]}]},{"@type":"BreadcrumbList","@id":"https:\/\/lospoliticosveracruz.com\/?p=103003#breadcrumb","itemListElement":[{"@type":"ListItem","position":1,"name":"Portada","item":"https:\/\/lospoliticosveracruz.com\/"},{"@type":"ListItem","position":2,"name":"HACIA LA SALUD EMOCIONAL"}]},{"@type":"WebSite","@id":"https:\/\/lospoliticosveracruz.com\/#website","url":"https:\/\/lospoliticosveracruz.com\/","name":"Los pol\u00edticos Veracruz","description":"","publisher":{"@id":"https:\/\/lospoliticosveracruz.com\/#organization"},"potentialAction":[{"@type":"SearchAction","target":{"@type":"EntryPoint","urlTemplate":"https:\/\/lospoliticosveracruz.com\/?s={search_term_string}"},"query-input":{"@type":"PropertyValueSpecification","valueRequired":true,"valueName":"search_term_string"}}],"inLanguage":"es"},{"@type":"Organization","@id":"https:\/\/lospoliticosveracruz.com\/#organization","name":"Los pol\u00edticos Veracruz","url":"https:\/\/lospoliticosveracruz.com\/","logo":{"@type":"ImageObject","inLanguage":"es","@id":"https:\/\/lospoliticosveracruz.com\/#\/schema\/logo\/image\/","url":"https:\/\/lospoliticosveracruz.com\/wp-content\/uploads\/2025\/12\/Logo-Nuevo-LOS-POLITICOS-1.jpg","contentUrl":"https:\/\/lospoliticosveracruz.com\/wp-content\/uploads\/2025\/12\/Logo-Nuevo-LOS-POLITICOS-1.jpg","width":260,"height":70,"caption":"Los pol\u00edticos Veracruz"},"image":{"@id":"https:\/\/lospoliticosveracruz.com\/#\/schema\/logo\/image\/"},"sameAs":["https:\/\/www.facebook.com\/people\/Notimemes-de-los-Polticos\/61565672886568\/","https:\/\/x.com\/LosPoliticosVer"]},{"@type":"Person","@id":"https:\/\/lospoliticosveracruz.com\/#\/schema\/person\/b8702bb0e538456e6efd07080bf2a4a2","name":"Lo viste en Los Pol\u00edticos","image":{"@type":"ImageObject","inLanguage":"es","@id":"https:\/\/secure.gravatar.com\/avatar\/3a8de04a2656d44082be478bd6c086daa447c4651605818287b9532d3d0bd435?s=96&d=mm&r=g","url":"https:\/\/secure.gravatar.com\/avatar\/3a8de04a2656d44082be478bd6c086daa447c4651605818287b9532d3d0bd435?s=96&d=mm&r=g","contentUrl":"https:\/\/secure.gravatar.com\/avatar\/3a8de04a2656d44082be478bd6c086daa447c4651605818287b9532d3d0bd435?s=96&d=mm&r=g","caption":"Lo viste en Los Pol\u00edticos"},"url":"https:\/\/lospoliticosveracruz.com\/?author=2"}]}},"_links":{"self":[{"href":"https:\/\/lospoliticosveracruz.com\/index.php?rest_route=\/wp\/v2\/posts\/103003","targetHints":{"allow":["GET"]}}],"collection":[{"href":"https:\/\/lospoliticosveracruz.com\/index.php?rest_route=\/wp\/v2\/posts"}],"about":[{"href":"https:\/\/lospoliticosveracruz.com\/index.php?rest_route=\/wp\/v2\/types\/post"}],"author":[{"embeddable":true,"href":"https:\/\/lospoliticosveracruz.com\/index.php?rest_route=\/wp\/v2\/users\/2"}],"replies":[{"embeddable":true,"href":"https:\/\/lospoliticosveracruz.com\/index.php?rest_route=%2Fwp%2Fv2%2Fcomments&post=103003"}],"version-history":[{"count":1,"href":"https:\/\/lospoliticosveracruz.com\/index.php?rest_route=\/wp\/v2\/posts\/103003\/revisions"}],"predecessor-version":[{"id":103005,"href":"https:\/\/lospoliticosveracruz.com\/index.php?rest_route=\/wp\/v2\/posts\/103003\/revisions\/103005"}],"wp:attachment":[{"href":"https:\/\/lospoliticosveracruz.com\/index.php?rest_route=%2Fwp%2Fv2%2Fmedia&parent=103003"}],"wp:term":[{"taxonomy":"category","embeddable":true,"href":"https:\/\/lospoliticosveracruz.com\/index.php?rest_route=%2Fwp%2Fv2%2Fcategories&post=103003"},{"taxonomy":"post_tag","embeddable":true,"href":"https:\/\/lospoliticosveracruz.com\/index.php?rest_route=%2Fwp%2Fv2%2Ftags&post=103003"}],"curies":[{"name":"wp","href":"https:\/\/api.w.org\/{rel}","templated":true}]}}