{"id":103015,"date":"2023-02-27T07:43:09","date_gmt":"2023-02-27T13:43:09","guid":{"rendered":"https:\/\/lospoliticosveracruz.com.mx\/?p=103015"},"modified":"2023-02-27T07:43:21","modified_gmt":"2023-02-27T13:43:21","slug":"ultramar","status":"publish","type":"post","link":"https:\/\/lospoliticosveracruz.com\/?p=103015","title":{"rendered":"ULTRAMAR"},"content":{"rendered":"\n<p><strong>Guadalupe H. Mar<br><\/strong><em>Mira Pol\u00edtica<\/em><\/p>\n\n\n\n<p>DEL OTRO LADO DEL MAR \u2026 Era previsible lo que suceder\u00eda en M\u00e9xico y en muchas ciudades del pa\u00eds ayer domingo en que se convoc\u00f3 a una segunda marcha por la defensa del Instituto Nacional Electoral (INE) y por la democracia. Miles de ciudadanos salieron a la calle con sus propios recursos para manifestarse en contra del llamado \u201cPlan B\u201d de la reforma electoral propuesta por el mandatario nacional Andr\u00e9s Manuel L\u00f3pez Obrador.<\/p>\n\n\n<div class=\"wp-block-image\">\n<figure class=\"alignleft size-large is-resized\"><a href=\"https:\/\/lospoliticosveracruz.com.mx\/wp-content\/uploads\/2023\/02\/Estancia.jpg\"><img loading=\"lazy\" decoding=\"async\" src=\"https:\/\/lospoliticosveracruz.com.mx\/wp-content\/uploads\/2023\/02\/Estancia-647x1024.jpg\" alt=\"\" class=\"wp-image-102751\" width=\"324\" height=\"512\"\/><\/a><\/figure>\n<\/div>\n\n\n<p><br>Fuimos testigos de que mucha gente, sobre todo adultos, salieron a manifestarse y entre ellos incluso, personas en sillas de ruedas, lo cual testimonia el convencimiento ciudadano que accion\u00f3 la acci\u00f3n colectiva.<br>Pero lo que nos llam\u00f3 la atenci\u00f3n, fue que mexicanas y mexicanos radicados en el extranjero, salieron a las calles para manifestarse tambi\u00e9n por la defensa del INE.<br>En Madrid, Espa\u00f1a, ante la embajada de M\u00e9xico en ese pa\u00eds, familias completas se apostaron desde temprano portando pancartas con textos alusivos a la defensa del Instituto Nacional Electoral, en contra del llamado Plan B.<br>Lo mismo hicieron en la embajada de M\u00e9xico en Francia, en las instalaciones de la Organizaci\u00f3n de las Naciones Unidas (ONU), ubicadas en Ginebra Suiza; en Londres e incluso en la representaci\u00f3n mexicana de Washington D.C, en los Estados Unidos de Norteam\u00e9rica.<br>Curiosamente en esos mismos lugares, mexicanos avecindados en el extranjero se manifestaban en 2018 a favor del entonces candidato presidencial de la alianza \u201cJuntos Haremos Historia\u201d, demandando entonces como ahora, respeto a la democracia y al voto.<br>Ayer domingo M\u00e9xico demostr\u00f3 que la ciudadanizaci\u00f3n se empieza a articular.<br>CALDO SIN LIEBRE\u2026 Nuevamente el presidente de la rep\u00fablica, Andr\u00e9s Manuel L\u00f3pez Obrador y el gobernador del estado de Veracruz, Cuitl\u00e1huac Garc\u00eda Jim\u00e9nez, unieron sus voces para asegurar que si algo le sobra a la entidad veracruzana es agua y que por ello, el territorio veracruzano es el m\u00e1s adecuado para la instalaci\u00f3n de la gigaplanta de Tesla, propiedad del multimillonario Elon Musk y no Nuevo Le\u00f3n, donde ambos gobernantes insisten que no hay suficiente vital l\u00edquido a diferencia del sureste mexicano donde abunda.<br>Como no hay suficiente agua en el estado de Nuevo Le\u00f3n, el mismo L\u00f3pez Obrador advirti\u00f3 que \u201cSi no hay agua, no se entregar\u00e1n los permisos para Tesla. No es factible\u201d.<br>As\u00ed, con la misma estrategia que utiliz\u00f3 el titular del Poder Ejecutivo nacional para detener en Mexicali, Baja California, la instalaci\u00f3n de la s\u00faper f\u00e1brica de cervezas Constellation Brand, pese a que ya estaba a m\u00e1s de un 70 por ciento de su edificaci\u00f3n y brindarle todas las facilidades para que se trasladara al estado de Veracruz donde L\u00f3pez y Garc\u00eda insisten que tenemos la tercera parte del agua del pa\u00eds, as\u00ed act\u00faan en el caso de la posible instalaci\u00f3n de la gigaplanta de Tesla, en la que se estima la inversi\u00f3n de m\u00e1s de 10 mil millones de d\u00f3lares, no pesos.<br>L\u00f3pez y Garc\u00eda nos hicieron recordar a la abuela Nila quien siempre nos dec\u00eda que, para hacer caldo de liebre, lo primero que se debe tener es la liebre.<br>As\u00ed estamos en el M\u00e9xico de hoy. No tenemos la seguridad de que el multimillonario Elon Musk haya decidido instalar su gigaplanta Tesla en la rep\u00fablica mexicana y ya le estamos poniendo trabas y amenaz\u00e1ndolo de que no se le dar\u00e1n los permisos que requiere, si no acepta instalarse en el sureste mexicano donde L\u00f3pez y Garc\u00eda dicen que lo que sobra es el agua.<br>Vaya, la simple insinuaci\u00f3n de la posible instalaci\u00f3n de la gigaplanta de Tesla en M\u00e9xico, hizo que el gobernador veracruzano, el ingeniero mec\u00e1nico electricista Cuitl\u00e1huac Garc\u00eda Jim\u00e9nez revelara \u201cEl \u00fanico estado que tiene exceso de gas es Veracruz \u2026para uso industrial, para uso industrial\u201d, novedad que nunca antes hab\u00eda mencionado.<br>Habr\u00e1 que esperar cual ser\u00e1 la decisi\u00f3n que tome el multimillonario tambi\u00e9n due\u00f1o de Twitter, quien por algo es uno de los hombres m\u00e1s adinerados del mundo.<br>D\u00cdGALO SIN MIEDO \u2026 Al correo electr\u00f3nico guadalupehmar@yahoo.com<\/p>\n","protected":false},"excerpt":{"rendered":"<p>Guadalupe H. MarMira Pol\u00edtica DEL OTRO LADO DEL MAR \u2026 Era previsible lo que suceder\u00eda en M\u00e9xico y en muchas ciudades del pa\u00eds ayer domingo en que se convoc\u00f3 a una segunda marcha por la defensa del Instituto Nacional Electoral (INE) y por la democracia. Miles de ciudadanos salieron a la calle con sus propios [&hellip;]<\/p>\n","protected":false},"author":2,"featured_media":0,"comment_status":"closed","ping_status":"closed","sticky":false,"template":"","format":"standard","meta":{"tdm_status":"","tdm_grid_status":"","footnotes":""},"categories":[70],"tags":[618,1563,1606,340,1026,37313],"class_list":{"0":"post-103015","1":"post","2":"type-post","3":"status-publish","4":"format-standard","6":"category-de-opinion","7":"tag-andres-manuel-lopez-obrador","8":"tag-cuitlahuac-garcia-jimenez","9":"tag-guadalupe-h-mar","10":"tag-instituto-nacional-electoral","11":"tag-morena","12":"tag-tesla"},"yoast_head":"<!-- This site is optimized with the Yoast SEO plugin v27.4 - https:\/\/yoast.com\/product\/yoast-seo-wordpress\/ -->\n<title>ULTRAMAR - Los pol\u00edticos Veracruz<\/title>\n<meta name=\"robots\" content=\"index, follow, max-snippet:-1, max-image-preview:large, max-video-preview:-1\" \/>\n<link rel=\"canonical\" href=\"https:\/\/lospoliticosveracruz.com\/?p=103015\" \/>\n<meta property=\"og:locale\" content=\"es_ES\" \/>\n<meta property=\"og:type\" content=\"article\" \/>\n<meta property=\"og:title\" content=\"ULTRAMAR - Los pol\u00edticos Veracruz\" \/>\n<meta property=\"og:description\" content=\"Guadalupe H. MarMira Pol\u00edtica DEL OTRO LADO DEL MAR \u2026 Era previsible lo que suceder\u00eda en M\u00e9xico y en muchas ciudades del pa\u00eds ayer domingo en que se convoc\u00f3 a una segunda marcha por la defensa del Instituto Nacional Electoral (INE) y por la democracia. Miles de ciudadanos salieron a la calle con sus propios [&hellip;]\" \/>\n<meta property=\"og:url\" content=\"https:\/\/lospoliticosveracruz.com\/?p=103015\" \/>\n<meta property=\"og:site_name\" content=\"Los pol\u00edticos Veracruz\" \/>\n<meta property=\"article:publisher\" content=\"https:\/\/www.facebook.com\/people\/Notimemes-de-los-Polticos\/61565672886568\/\" \/>\n<meta property=\"article:published_time\" content=\"2023-02-27T13:43:09+00:00\" \/>\n<meta property=\"article:modified_time\" content=\"2023-02-27T13:43:21+00:00\" \/>\n<meta property=\"og:image\" content=\"https:\/\/lospoliticosveracruz.com.mx\/wp-content\/uploads\/2023\/02\/Estancia-647x1024.jpg\" \/>\n<meta name=\"author\" content=\"Lo viste en Los Pol\u00edticos\" \/>\n<meta name=\"twitter:card\" content=\"summary_large_image\" \/>\n<meta name=\"twitter:creator\" content=\"@LosPoliticosVer\" \/>\n<meta name=\"twitter:site\" content=\"@LosPoliticosVer\" \/>\n<meta name=\"twitter:label1\" content=\"Escrito por\" \/>\n\t<meta name=\"twitter:data1\" content=\"Lo viste en Los Pol\u00edticos\" \/>\n\t<meta name=\"twitter:label2\" content=\"Tiempo de lectura\" \/>\n\t<meta name=\"twitter:data2\" content=\"4 minutos\" \/>\n<script type=\"application\/ld+json\" class=\"yoast-schema-graph\">{\"@context\":\"https:\\\/\\\/schema.org\",\"@graph\":[{\"@type\":\"Article\",\"@id\":\"https:\\\/\\\/lospoliticosveracruz.com\\\/?p=103015#article\",\"isPartOf\":{\"@id\":\"https:\\\/\\\/lospoliticosveracruz.com\\\/?p=103015\"},\"author\":{\"name\":\"Lo viste en Los Pol\u00edticos\",\"@id\":\"https:\\\/\\\/lospoliticosveracruz.com\\\/#\\\/schema\\\/person\\\/b8702bb0e538456e6efd07080bf2a4a2\"},\"headline\":\"ULTRAMAR\",\"datePublished\":\"2023-02-27T13:43:09+00:00\",\"dateModified\":\"2023-02-27T13:43:21+00:00\",\"mainEntityOfPage\":{\"@id\":\"https:\\\/\\\/lospoliticosveracruz.com\\\/?p=103015\"},\"wordCount\":725,\"publisher\":{\"@id\":\"https:\\\/\\\/lospoliticosveracruz.com\\\/#organization\"},\"image\":{\"@id\":\"https:\\\/\\\/lospoliticosveracruz.com\\\/?p=103015#primaryimage\"},\"thumbnailUrl\":\"https:\\\/\\\/lospoliticosveracruz.com.mx\\\/wp-content\\\/uploads\\\/2023\\\/02\\\/Estancia-647x1024.jpg\",\"keywords\":[\"Andr\u00e9s Manuel L\u00f3pez Obrador\",\"Cuitl\u00e1huac Garc\u00eda Jim\u00e9nez\",\"Guadalupe H. Mar\",\"Instituto Nacional Electoral\",\"Morena\",\"Tesla\"],\"articleSection\":[\"De Opini\u00f3n\"],\"inLanguage\":\"es\"},{\"@type\":\"WebPage\",\"@id\":\"https:\\\/\\\/lospoliticosveracruz.com\\\/?p=103015\",\"url\":\"https:\\\/\\\/lospoliticosveracruz.com\\\/?p=103015\",\"name\":\"ULTRAMAR - Los pol\u00edticos Veracruz\",\"isPartOf\":{\"@id\":\"https:\\\/\\\/lospoliticosveracruz.com\\\/#website\"},\"primaryImageOfPage\":{\"@id\":\"https:\\\/\\\/lospoliticosveracruz.com\\\/?p=103015#primaryimage\"},\"image\":{\"@id\":\"https:\\\/\\\/lospoliticosveracruz.com\\\/?p=103015#primaryimage\"},\"thumbnailUrl\":\"https:\\\/\\\/lospoliticosveracruz.com.mx\\\/wp-content\\\/uploads\\\/2023\\\/02\\\/Estancia-647x1024.jpg\",\"datePublished\":\"2023-02-27T13:43:09+00:00\",\"dateModified\":\"2023-02-27T13:43:21+00:00\",\"breadcrumb\":{\"@id\":\"https:\\\/\\\/lospoliticosveracruz.com\\\/?p=103015#breadcrumb\"},\"inLanguage\":\"es\",\"potentialAction\":[{\"@type\":\"ReadAction\",\"target\":[\"https:\\\/\\\/lospoliticosveracruz.com\\\/?p=103015\"]}]},{\"@type\":\"ImageObject\",\"inLanguage\":\"es\",\"@id\":\"https:\\\/\\\/lospoliticosveracruz.com\\\/?p=103015#primaryimage\",\"url\":\"https:\\\/\\\/lospoliticosveracruz.com.mx\\\/wp-content\\\/uploads\\\/2023\\\/02\\\/Estancia-647x1024.jpg\",\"contentUrl\":\"https:\\\/\\\/lospoliticosveracruz.com.mx\\\/wp-content\\\/uploads\\\/2023\\\/02\\\/Estancia-647x1024.jpg\"},{\"@type\":\"BreadcrumbList\",\"@id\":\"https:\\\/\\\/lospoliticosveracruz.com\\\/?p=103015#breadcrumb\",\"itemListElement\":[{\"@type\":\"ListItem\",\"position\":1,\"name\":\"Portada\",\"item\":\"https:\\\/\\\/lospoliticosveracruz.com\\\/\"},{\"@type\":\"ListItem\",\"position\":2,\"name\":\"ULTRAMAR\"}]},{\"@type\":\"WebSite\",\"@id\":\"https:\\\/\\\/lospoliticosveracruz.com\\\/#website\",\"url\":\"https:\\\/\\\/lospoliticosveracruz.com\\\/\",\"name\":\"Los pol\u00edticos Veracruz\",\"description\":\"\",\"publisher\":{\"@id\":\"https:\\\/\\\/lospoliticosveracruz.com\\\/#organization\"},\"potentialAction\":[{\"@type\":\"SearchAction\",\"target\":{\"@type\":\"EntryPoint\",\"urlTemplate\":\"https:\\\/\\\/lospoliticosveracruz.com\\\/?s={search_term_string}\"},\"query-input\":{\"@type\":\"PropertyValueSpecification\",\"valueRequired\":true,\"valueName\":\"search_term_string\"}}],\"inLanguage\":\"es\"},{\"@type\":\"Organization\",\"@id\":\"https:\\\/\\\/lospoliticosveracruz.com\\\/#organization\",\"name\":\"Los pol\u00edticos Veracruz\",\"url\":\"https:\\\/\\\/lospoliticosveracruz.com\\\/\",\"logo\":{\"@type\":\"ImageObject\",\"inLanguage\":\"es\",\"@id\":\"https:\\\/\\\/lospoliticosveracruz.com\\\/#\\\/schema\\\/logo\\\/image\\\/\",\"url\":\"https:\\\/\\\/lospoliticosveracruz.com\\\/wp-content\\\/uploads\\\/2025\\\/12\\\/Logo-Nuevo-LOS-POLITICOS-1.jpg\",\"contentUrl\":\"https:\\\/\\\/lospoliticosveracruz.com\\\/wp-content\\\/uploads\\\/2025\\\/12\\\/Logo-Nuevo-LOS-POLITICOS-1.jpg\",\"width\":260,\"height\":70,\"caption\":\"Los pol\u00edticos Veracruz\"},\"image\":{\"@id\":\"https:\\\/\\\/lospoliticosveracruz.com\\\/#\\\/schema\\\/logo\\\/image\\\/\"},\"sameAs\":[\"https:\\\/\\\/www.facebook.com\\\/people\\\/Notimemes-de-los-Polticos\\\/61565672886568\\\/\",\"https:\\\/\\\/x.com\\\/LosPoliticosVer\"]},{\"@type\":\"Person\",\"@id\":\"https:\\\/\\\/lospoliticosveracruz.com\\\/#\\\/schema\\\/person\\\/b8702bb0e538456e6efd07080bf2a4a2\",\"name\":\"Lo viste en Los Pol\u00edticos\",\"image\":{\"@type\":\"ImageObject\",\"inLanguage\":\"es\",\"@id\":\"https:\\\/\\\/secure.gravatar.com\\\/avatar\\\/3a8de04a2656d44082be478bd6c086daa447c4651605818287b9532d3d0bd435?s=96&d=mm&r=g\",\"url\":\"https:\\\/\\\/secure.gravatar.com\\\/avatar\\\/3a8de04a2656d44082be478bd6c086daa447c4651605818287b9532d3d0bd435?s=96&d=mm&r=g\",\"contentUrl\":\"https:\\\/\\\/secure.gravatar.com\\\/avatar\\\/3a8de04a2656d44082be478bd6c086daa447c4651605818287b9532d3d0bd435?s=96&d=mm&r=g\",\"caption\":\"Lo viste en Los Pol\u00edticos\"},\"url\":\"https:\\\/\\\/lospoliticosveracruz.com\\\/?author=2\"}]}<\/script>\n<!-- \/ Yoast SEO plugin. -->","yoast_head_json":{"title":"ULTRAMAR - Los pol\u00edticos Veracruz","robots":{"index":"index","follow":"follow","max-snippet":"max-snippet:-1","max-image-preview":"max-image-preview:large","max-video-preview":"max-video-preview:-1"},"canonical":"https:\/\/lospoliticosveracruz.com\/?p=103015","og_locale":"es_ES","og_type":"article","og_title":"ULTRAMAR - Los pol\u00edticos Veracruz","og_description":"Guadalupe H. MarMira Pol\u00edtica DEL OTRO LADO DEL MAR \u2026 Era previsible lo que suceder\u00eda en M\u00e9xico y en muchas ciudades del pa\u00eds ayer domingo en que se convoc\u00f3 a una segunda marcha por la defensa del Instituto Nacional Electoral (INE) y por la democracia. Miles de ciudadanos salieron a la calle con sus propios [&hellip;]","og_url":"https:\/\/lospoliticosveracruz.com\/?p=103015","og_site_name":"Los pol\u00edticos Veracruz","article_publisher":"https:\/\/www.facebook.com\/people\/Notimemes-de-los-Polticos\/61565672886568\/","article_published_time":"2023-02-27T13:43:09+00:00","article_modified_time":"2023-02-27T13:43:21+00:00","og_image":[{"url":"https:\/\/lospoliticosveracruz.com.mx\/wp-content\/uploads\/2023\/02\/Estancia-647x1024.jpg","type":"","width":"","height":""}],"author":"Lo viste en Los Pol\u00edticos","twitter_card":"summary_large_image","twitter_creator":"@LosPoliticosVer","twitter_site":"@LosPoliticosVer","twitter_misc":{"Escrito por":"Lo viste en Los Pol\u00edticos","Tiempo de lectura":"4 minutos"},"schema":{"@context":"https:\/\/schema.org","@graph":[{"@type":"Article","@id":"https:\/\/lospoliticosveracruz.com\/?p=103015#article","isPartOf":{"@id":"https:\/\/lospoliticosveracruz.com\/?p=103015"},"author":{"name":"Lo viste en Los Pol\u00edticos","@id":"https:\/\/lospoliticosveracruz.com\/#\/schema\/person\/b8702bb0e538456e6efd07080bf2a4a2"},"headline":"ULTRAMAR","datePublished":"2023-02-27T13:43:09+00:00","dateModified":"2023-02-27T13:43:21+00:00","mainEntityOfPage":{"@id":"https:\/\/lospoliticosveracruz.com\/?p=103015"},"wordCount":725,"publisher":{"@id":"https:\/\/lospoliticosveracruz.com\/#organization"},"image":{"@id":"https:\/\/lospoliticosveracruz.com\/?p=103015#primaryimage"},"thumbnailUrl":"https:\/\/lospoliticosveracruz.com.mx\/wp-content\/uploads\/2023\/02\/Estancia-647x1024.jpg","keywords":["Andr\u00e9s Manuel L\u00f3pez Obrador","Cuitl\u00e1huac Garc\u00eda Jim\u00e9nez","Guadalupe H. Mar","Instituto Nacional Electoral","Morena","Tesla"],"articleSection":["De Opini\u00f3n"],"inLanguage":"es"},{"@type":"WebPage","@id":"https:\/\/lospoliticosveracruz.com\/?p=103015","url":"https:\/\/lospoliticosveracruz.com\/?p=103015","name":"ULTRAMAR - Los pol\u00edticos Veracruz","isPartOf":{"@id":"https:\/\/lospoliticosveracruz.com\/#website"},"primaryImageOfPage":{"@id":"https:\/\/lospoliticosveracruz.com\/?p=103015#primaryimage"},"image":{"@id":"https:\/\/lospoliticosveracruz.com\/?p=103015#primaryimage"},"thumbnailUrl":"https:\/\/lospoliticosveracruz.com.mx\/wp-content\/uploads\/2023\/02\/Estancia-647x1024.jpg","datePublished":"2023-02-27T13:43:09+00:00","dateModified":"2023-02-27T13:43:21+00:00","breadcrumb":{"@id":"https:\/\/lospoliticosveracruz.com\/?p=103015#breadcrumb"},"inLanguage":"es","potentialAction":[{"@type":"ReadAction","target":["https:\/\/lospoliticosveracruz.com\/?p=103015"]}]},{"@type":"ImageObject","inLanguage":"es","@id":"https:\/\/lospoliticosveracruz.com\/?p=103015#primaryimage","url":"https:\/\/lospoliticosveracruz.com.mx\/wp-content\/uploads\/2023\/02\/Estancia-647x1024.jpg","contentUrl":"https:\/\/lospoliticosveracruz.com.mx\/wp-content\/uploads\/2023\/02\/Estancia-647x1024.jpg"},{"@type":"BreadcrumbList","@id":"https:\/\/lospoliticosveracruz.com\/?p=103015#breadcrumb","itemListElement":[{"@type":"ListItem","position":1,"name":"Portada","item":"https:\/\/lospoliticosveracruz.com\/"},{"@type":"ListItem","position":2,"name":"ULTRAMAR"}]},{"@type":"WebSite","@id":"https:\/\/lospoliticosveracruz.com\/#website","url":"https:\/\/lospoliticosveracruz.com\/","name":"Los pol\u00edticos Veracruz","description":"","publisher":{"@id":"https:\/\/lospoliticosveracruz.com\/#organization"},"potentialAction":[{"@type":"SearchAction","target":{"@type":"EntryPoint","urlTemplate":"https:\/\/lospoliticosveracruz.com\/?s={search_term_string}"},"query-input":{"@type":"PropertyValueSpecification","valueRequired":true,"valueName":"search_term_string"}}],"inLanguage":"es"},{"@type":"Organization","@id":"https:\/\/lospoliticosveracruz.com\/#organization","name":"Los pol\u00edticos Veracruz","url":"https:\/\/lospoliticosveracruz.com\/","logo":{"@type":"ImageObject","inLanguage":"es","@id":"https:\/\/lospoliticosveracruz.com\/#\/schema\/logo\/image\/","url":"https:\/\/lospoliticosveracruz.com\/wp-content\/uploads\/2025\/12\/Logo-Nuevo-LOS-POLITICOS-1.jpg","contentUrl":"https:\/\/lospoliticosveracruz.com\/wp-content\/uploads\/2025\/12\/Logo-Nuevo-LOS-POLITICOS-1.jpg","width":260,"height":70,"caption":"Los pol\u00edticos Veracruz"},"image":{"@id":"https:\/\/lospoliticosveracruz.com\/#\/schema\/logo\/image\/"},"sameAs":["https:\/\/www.facebook.com\/people\/Notimemes-de-los-Polticos\/61565672886568\/","https:\/\/x.com\/LosPoliticosVer"]},{"@type":"Person","@id":"https:\/\/lospoliticosveracruz.com\/#\/schema\/person\/b8702bb0e538456e6efd07080bf2a4a2","name":"Lo viste en Los Pol\u00edticos","image":{"@type":"ImageObject","inLanguage":"es","@id":"https:\/\/secure.gravatar.com\/avatar\/3a8de04a2656d44082be478bd6c086daa447c4651605818287b9532d3d0bd435?s=96&d=mm&r=g","url":"https:\/\/secure.gravatar.com\/avatar\/3a8de04a2656d44082be478bd6c086daa447c4651605818287b9532d3d0bd435?s=96&d=mm&r=g","contentUrl":"https:\/\/secure.gravatar.com\/avatar\/3a8de04a2656d44082be478bd6c086daa447c4651605818287b9532d3d0bd435?s=96&d=mm&r=g","caption":"Lo viste en Los Pol\u00edticos"},"url":"https:\/\/lospoliticosveracruz.com\/?author=2"}]}},"_links":{"self":[{"href":"https:\/\/lospoliticosveracruz.com\/index.php?rest_route=\/wp\/v2\/posts\/103015","targetHints":{"allow":["GET"]}}],"collection":[{"href":"https:\/\/lospoliticosveracruz.com\/index.php?rest_route=\/wp\/v2\/posts"}],"about":[{"href":"https:\/\/lospoliticosveracruz.com\/index.php?rest_route=\/wp\/v2\/types\/post"}],"author":[{"embeddable":true,"href":"https:\/\/lospoliticosveracruz.com\/index.php?rest_route=\/wp\/v2\/users\/2"}],"replies":[{"embeddable":true,"href":"https:\/\/lospoliticosveracruz.com\/index.php?rest_route=%2Fwp%2Fv2%2Fcomments&post=103015"}],"version-history":[{"count":1,"href":"https:\/\/lospoliticosveracruz.com\/index.php?rest_route=\/wp\/v2\/posts\/103015\/revisions"}],"predecessor-version":[{"id":103016,"href":"https:\/\/lospoliticosveracruz.com\/index.php?rest_route=\/wp\/v2\/posts\/103015\/revisions\/103016"}],"wp:attachment":[{"href":"https:\/\/lospoliticosveracruz.com\/index.php?rest_route=%2Fwp%2Fv2%2Fmedia&parent=103015"}],"wp:term":[{"taxonomy":"category","embeddable":true,"href":"https:\/\/lospoliticosveracruz.com\/index.php?rest_route=%2Fwp%2Fv2%2Fcategories&post=103015"},{"taxonomy":"post_tag","embeddable":true,"href":"https:\/\/lospoliticosveracruz.com\/index.php?rest_route=%2Fwp%2Fv2%2Ftags&post=103015"}],"curies":[{"name":"wp","href":"https:\/\/api.w.org\/{rel}","templated":true}]}}