{"id":103017,"date":"2023-02-27T07:47:14","date_gmt":"2023-02-27T13:47:14","guid":{"rendered":"https:\/\/lospoliticosveracruz.com.mx\/?p=103017"},"modified":"2023-02-27T07:47:22","modified_gmt":"2023-02-27T13:47:22","slug":"un-exito-la-marcha-a-favor-del-ine","status":"publish","type":"post","link":"https:\/\/lospoliticosveracruz.com\/?p=103017","title":{"rendered":"UN \u00c9XITO LA MARCHA A FAVOR DEL INE"},"content":{"rendered":"\n<p><strong>Miguel \u00c1ngel G\u00f3mez Ruiz<br><\/strong><em>Contrapunto<\/em><\/p>\n\n\n\n<p>Desde muy temprano el domingo, muchas personas salieron de sus casas y hoteles para caminar hacia el Z\u00f3calo de la Ciudad de M\u00e9xico.<\/p>\n\n\n\n<p>Se presagiaba que la marcha ser\u00eda exitosa pues no s\u00f3lo asistir\u00edan figuras de la clase pol\u00edtica, sino tambi\u00e9n empresarios, deportistas, maestros, abogados y j\u00f3venes de distintas zonas de la Ciudad de M\u00e9xico. Ricos y pobres. Blancos y de piel oscura. Con carrera profesional y sin la misma.<\/p>\n\n\n<div class=\"wp-block-image\">\n<figure class=\"alignleft size-full is-resized\"><a href=\"https:\/\/lospoliticosveracruz.com.mx\/wp-content\/uploads\/2023\/02\/Vinissimo.jpg\"><img loading=\"lazy\" decoding=\"async\" src=\"https:\/\/lospoliticosveracruz.com.mx\/wp-content\/uploads\/2023\/02\/Vinissimo.jpg\" alt=\"\" class=\"wp-image-102752\" width=\"175\" height=\"178\"\/><\/a><\/figure>\n<\/div>\n\n\n<p>El prop\u00f3sito era manifestarse para defender al Instituto Nacional Electoral (INE), el mismo que valid\u00f3 el triunfo del presidente L\u00f3pez en 2018 y que valid\u00f3 triunfos de todas las fuerzas pol\u00edticas al paso de los a\u00f1os.<\/p>\n\n\n\n<p>La sola idea de que los mexicanos perdamos nuestra libertad para elegir a quien mejor nos parezca para un cargo pol\u00edtico causa temor. El hecho de que un gobierno decida influir en las personas con chantajes y compra de votos denigra a todos, especialmente al necesitado, llevado hasta esa situaci\u00f3n por el mismo gobierno al que le conviene comprarle el voto cada que sea necesario.<\/p>\n\n\n\n<p>Este domingo fue clave, no s\u00f3lo en la Ciudad de M\u00e9xico, sino en casi cien ciudades del pa\u00eds y en el extranjero dejar establecido que los mexicanos, los que amamos al pa\u00eds y trabajamos para pagar impuestos no queremos imposiciones ni mucho menos que se degrade a un instituto que ha trabajado para todos.<\/p>\n\n\n\n<p>Defender al INE este domingo no fue una verg\u00fcenza. No, lo fue.<\/p>\n\n\n\n<p>En todo caso, es m\u00e1s vergonzoso:<\/p>\n\n\n\n<ul class=\"wp-block-list\"><li>Mentir sobre la situaci\u00f3n del pa\u00eds.<\/li><li>Que los hijos del presidnete sean millonarios sin tener un trabajo siquiera.<\/li><li>Que en lugar de gobernar, se polarice a la Naci\u00f3n.<\/li><li>Que se gasten recursos del presupuesto en obras in\u00fatiles.<\/li><li>Que se proteja al narco en todo sentido.<\/li><li>Que no se tenga creatividad para incentivar obra p\u00fablica en el pa\u00eds.<\/li><li>Que se proteja a dictadores que han sumido en crisis a sus gobernados.<\/li><li>Que se intervenga en la pol\u00edtica de otros pa\u00edses como en el caso de Per\u00fa.<\/li><li>Que se creen fuerzas especiales de seguridad que no han rendido buenas cuentas.<\/li><li>Que no se tenga capacidad para mejorar el sistema de salud y que no se compren medicamentos.<\/li><li>Que una ministra morenista haya decidido copiar tesis tanto para tu t\u00edtulo profesional as\u00ed como para su doctorado.<\/li><\/ul>\n\n\n\n<p>El plan \u201cB\u201d del presidente fue aprobado por los senadores pero ha quedado en manos de los ministros de la Suprema Corte de Justicia de la Naci\u00f3n. No s\u00f3lo se espera que act\u00faen con profesionalismo, sino como patriotas y detengan cualquier abuso por parte de un presidente que ha estado lejos, muy lejos, de llevar a una buena situaci\u00f3n al pa\u00eds.<\/p>\n\n\n\n<p>El Poder Judicial de Veracruz, de mal en peor<\/p>\n\n\n\n<p>En las pr\u00f3ximas horas, la magistrada Gladys Maldonado, despedida \u2013por consigna- hace dos o tres a\u00f1os del Poder Judicial, dar\u00e1 a conocer que gan\u00f3 un amparo y que deber\u00e1 ser repuesta en su cargo.<\/p>\n\n\n\n<p>Ella, al igual que los magistrados Marco Antonio Lezama Moo, Roberto Dorantes Romero, Yolanda Cecilia Casta\u00f1eda Palmeros y otros m\u00e1s, fueron v\u00edctimas de una campa\u00f1a de odio tanto del gobierno del estado y de la Legislatura de Veracruz.<\/p>\n\n\n\n<p>La situaci\u00f3n se agudiz\u00f3 desde que asumi\u00f3 el cargo Sof\u00eda Mart\u00ednez Huerta; posteriormente fue destituida y su lugar lo ocup\u00f3 alguien mil veces peor: Isabel Romero Cruz.<\/p>\n\n\n\n<p>La corrupci\u00f3n y la insensatez reinaron en esos per\u00edodos hasta que finalmente, Romero Cruz tuvo que abandonar el Poder Judicial ya que meses atr\u00e1s, en 2022, hab\u00eda cumplido 70 a\u00f1os.<\/p>\n\n\n\n<p>Roberto Dorantes gan\u00f3 un amparo y batall\u00f3 para que se le repusiera en su cargo. Se habl\u00f3 con \u00e9l y desde ese entonces, el magistrado no comenta nada. Pr\u00e1cticamente le arrancaron la lengua y nunca m\u00e1s volvi\u00f3 a figurar. Uno que otro empleado del lugar se refiere a \u00e9l como un fantasma al interior del Poder Judicial.<\/p>\n\n\n\n<p>En el caso de Marco Antonio Lezama Moo \u00e9ste tambi\u00e9n gan\u00f3 un amparo, pero ha habido una resistencia por parte de los diputados locales, comandados por el peor de todos, Juan G\u00f3mez Cazar\u00edn, para devolverle su cargo, pues ello afectar\u00eda a amigas y familiares del gobernador Cuitl\u00e1huac Garc\u00eda.<\/p>\n\n\n\n<p>En el caso de Yolanda Cecilia Casta\u00f1eda Palmeros, \u00e9sta fue nombrada \u2013mediante un decreto legislativo- magistrada numeraria inamovible. Ella ha sido la m\u00e1s talentosa en generaciones, al grado que gan\u00f3 el Premio Nacional al M\u00e9rito Judicial. Cuenta con una brillante carrera universitaria, dos maestr\u00edas, dos doctorados y un sinn\u00famero de diplomados.<\/p>\n\n\n\n<p>En el caso de Gladys Maldonado, tambi\u00e9n es una mujer preparada y fue despedida injustamente. Hasta ahora, a\u00f1os despu\u00e9s, el Poder Judicial de la Federaci\u00f3n a trav\u00e9s del Primer Tribunal Colegiado en Materia Administrativa del S\u00e9ptimo Circuito, resolvi\u00f3 otorgarle un amparo.<\/p>\n\n\n\n<p>Fue un trabajo serio de los magistrados V\u00edctor Hugo Mendoza S\u00e1nchez, Luis Garc\u00eda Sedas y Naela M\u00e1rquez Hern\u00e1ndez.<\/p>\n\n\n\n<p>Ahora, les corresponder\u00e1 a los diputados OBEDECER LA LEY y reponerla en su cargo, as\u00ed, sin m\u00e1s.<\/p>\n\n\n\n<p>PD M\u00e9xico requiere otro rumbo. No m\u00e1s pobres, no m\u00e1s improvisados, no m\u00e1s de aquellos que buscan odios y que empobrecen al pobre para disponer de \u00e9l. Basta de mentiras, sembrar discordia y de regar mierda en todos lados. Le urge al pa\u00eds un presidente, no una pla\u00f1idera.<\/p>\n","protected":false},"excerpt":{"rendered":"<p>Miguel \u00c1ngel G\u00f3mez RuizContrapunto Desde muy temprano el domingo, muchas personas salieron de sus casas y hoteles para caminar hacia el Z\u00f3calo de la Ciudad de M\u00e9xico. Se presagiaba que la marcha ser\u00eda exitosa pues no s\u00f3lo asistir\u00edan figuras de la clase pol\u00edtica, sino tambi\u00e9n empresarios, deportistas, maestros, abogados y j\u00f3venes de distintas zonas de [&hellip;]<\/p>\n","protected":false},"author":2,"featured_media":0,"comment_status":"closed","ping_status":"closed","sticky":false,"template":"","format":"standard","meta":{"tdm_status":"","tdm_grid_status":"","footnotes":""},"categories":[70],"tags":[37379,554,12695,15313,37378,19817],"class_list":{"0":"post-103017","1":"post","2":"type-post","3":"status-publish","4":"format-standard","6":"category-de-opinion","7":"tag-gladys-maldonado","8":"tag-ine","9":"tag-juan-javier-gomez-cazarin","10":"tag-marco-antonio-lezama-moo","11":"tag-plan-b-3","12":"tag-roberto-dorantes-romero"},"yoast_head":"<!-- This site is optimized with the Yoast SEO plugin v27.4 - https:\/\/yoast.com\/product\/yoast-seo-wordpress\/ -->\n<title>UN \u00c9XITO LA MARCHA A FAVOR DEL INE - Los pol\u00edticos Veracruz<\/title>\n<meta name=\"robots\" content=\"index, follow, max-snippet:-1, max-image-preview:large, max-video-preview:-1\" \/>\n<link rel=\"canonical\" href=\"https:\/\/lospoliticosveracruz.com\/?p=103017\" \/>\n<meta property=\"og:locale\" content=\"es_ES\" \/>\n<meta property=\"og:type\" content=\"article\" \/>\n<meta property=\"og:title\" content=\"UN \u00c9XITO LA MARCHA A FAVOR DEL INE - Los pol\u00edticos Veracruz\" \/>\n<meta property=\"og:description\" content=\"Miguel \u00c1ngel G\u00f3mez RuizContrapunto Desde muy temprano el domingo, muchas personas salieron de sus casas y hoteles para caminar hacia el Z\u00f3calo de la Ciudad de M\u00e9xico. Se presagiaba que la marcha ser\u00eda exitosa pues no s\u00f3lo asistir\u00edan figuras de la clase pol\u00edtica, sino tambi\u00e9n empresarios, deportistas, maestros, abogados y j\u00f3venes de distintas zonas de [&hellip;]\" \/>\n<meta property=\"og:url\" content=\"https:\/\/lospoliticosveracruz.com\/?p=103017\" \/>\n<meta property=\"og:site_name\" content=\"Los pol\u00edticos Veracruz\" \/>\n<meta property=\"article:publisher\" content=\"https:\/\/www.facebook.com\/people\/Notimemes-de-los-Polticos\/61565672886568\/\" \/>\n<meta property=\"article:published_time\" content=\"2023-02-27T13:47:14+00:00\" \/>\n<meta property=\"article:modified_time\" content=\"2023-02-27T13:47:22+00:00\" \/>\n<meta property=\"og:image\" content=\"https:\/\/lospoliticosveracruz.com.mx\/wp-content\/uploads\/2023\/02\/Vinissimo.jpg\" \/>\n<meta name=\"author\" content=\"Lo viste en Los Pol\u00edticos\" \/>\n<meta name=\"twitter:card\" content=\"summary_large_image\" \/>\n<meta name=\"twitter:creator\" content=\"@LosPoliticosVer\" \/>\n<meta name=\"twitter:site\" content=\"@LosPoliticosVer\" \/>\n<meta name=\"twitter:label1\" content=\"Escrito por\" \/>\n\t<meta name=\"twitter:data1\" content=\"Lo viste en Los Pol\u00edticos\" \/>\n\t<meta name=\"twitter:label2\" content=\"Tiempo de lectura\" \/>\n\t<meta name=\"twitter:data2\" content=\"5 minutos\" \/>\n<script type=\"application\/ld+json\" class=\"yoast-schema-graph\">{\"@context\":\"https:\\\/\\\/schema.org\",\"@graph\":[{\"@type\":\"Article\",\"@id\":\"https:\\\/\\\/lospoliticosveracruz.com\\\/?p=103017#article\",\"isPartOf\":{\"@id\":\"https:\\\/\\\/lospoliticosveracruz.com\\\/?p=103017\"},\"author\":{\"name\":\"Lo viste en Los Pol\u00edticos\",\"@id\":\"https:\\\/\\\/lospoliticosveracruz.com\\\/#\\\/schema\\\/person\\\/b8702bb0e538456e6efd07080bf2a4a2\"},\"headline\":\"UN \u00c9XITO LA MARCHA A FAVOR DEL INE\",\"datePublished\":\"2023-02-27T13:47:14+00:00\",\"dateModified\":\"2023-02-27T13:47:22+00:00\",\"mainEntityOfPage\":{\"@id\":\"https:\\\/\\\/lospoliticosveracruz.com\\\/?p=103017\"},\"wordCount\":946,\"publisher\":{\"@id\":\"https:\\\/\\\/lospoliticosveracruz.com\\\/#organization\"},\"image\":{\"@id\":\"https:\\\/\\\/lospoliticosveracruz.com\\\/?p=103017#primaryimage\"},\"thumbnailUrl\":\"https:\\\/\\\/lospoliticosveracruz.com.mx\\\/wp-content\\\/uploads\\\/2023\\\/02\\\/Vinissimo.jpg\",\"keywords\":[\"Gladys Maldonado\",\"INE\",\"Juan Javier G\u00f3mez Cazar\u00edn\",\"Marco Antonio Lezama Moo\",\"plan \u201cB\u201d\",\"Roberto Dorantes Romero\"],\"articleSection\":[\"De Opini\u00f3n\"],\"inLanguage\":\"es\"},{\"@type\":\"WebPage\",\"@id\":\"https:\\\/\\\/lospoliticosveracruz.com\\\/?p=103017\",\"url\":\"https:\\\/\\\/lospoliticosveracruz.com\\\/?p=103017\",\"name\":\"UN \u00c9XITO LA MARCHA A FAVOR DEL INE - Los pol\u00edticos Veracruz\",\"isPartOf\":{\"@id\":\"https:\\\/\\\/lospoliticosveracruz.com\\\/#website\"},\"primaryImageOfPage\":{\"@id\":\"https:\\\/\\\/lospoliticosveracruz.com\\\/?p=103017#primaryimage\"},\"image\":{\"@id\":\"https:\\\/\\\/lospoliticosveracruz.com\\\/?p=103017#primaryimage\"},\"thumbnailUrl\":\"https:\\\/\\\/lospoliticosveracruz.com.mx\\\/wp-content\\\/uploads\\\/2023\\\/02\\\/Vinissimo.jpg\",\"datePublished\":\"2023-02-27T13:47:14+00:00\",\"dateModified\":\"2023-02-27T13:47:22+00:00\",\"breadcrumb\":{\"@id\":\"https:\\\/\\\/lospoliticosveracruz.com\\\/?p=103017#breadcrumb\"},\"inLanguage\":\"es\",\"potentialAction\":[{\"@type\":\"ReadAction\",\"target\":[\"https:\\\/\\\/lospoliticosveracruz.com\\\/?p=103017\"]}]},{\"@type\":\"ImageObject\",\"inLanguage\":\"es\",\"@id\":\"https:\\\/\\\/lospoliticosveracruz.com\\\/?p=103017#primaryimage\",\"url\":\"https:\\\/\\\/lospoliticosveracruz.com.mx\\\/wp-content\\\/uploads\\\/2023\\\/02\\\/Vinissimo.jpg\",\"contentUrl\":\"https:\\\/\\\/lospoliticosveracruz.com.mx\\\/wp-content\\\/uploads\\\/2023\\\/02\\\/Vinissimo.jpg\"},{\"@type\":\"BreadcrumbList\",\"@id\":\"https:\\\/\\\/lospoliticosveracruz.com\\\/?p=103017#breadcrumb\",\"itemListElement\":[{\"@type\":\"ListItem\",\"position\":1,\"name\":\"Portada\",\"item\":\"https:\\\/\\\/lospoliticosveracruz.com\\\/\"},{\"@type\":\"ListItem\",\"position\":2,\"name\":\"UN \u00c9XITO LA MARCHA A FAVOR DEL INE\"}]},{\"@type\":\"WebSite\",\"@id\":\"https:\\\/\\\/lospoliticosveracruz.com\\\/#website\",\"url\":\"https:\\\/\\\/lospoliticosveracruz.com\\\/\",\"name\":\"Los pol\u00edticos Veracruz\",\"description\":\"\",\"publisher\":{\"@id\":\"https:\\\/\\\/lospoliticosveracruz.com\\\/#organization\"},\"potentialAction\":[{\"@type\":\"SearchAction\",\"target\":{\"@type\":\"EntryPoint\",\"urlTemplate\":\"https:\\\/\\\/lospoliticosveracruz.com\\\/?s={search_term_string}\"},\"query-input\":{\"@type\":\"PropertyValueSpecification\",\"valueRequired\":true,\"valueName\":\"search_term_string\"}}],\"inLanguage\":\"es\"},{\"@type\":\"Organization\",\"@id\":\"https:\\\/\\\/lospoliticosveracruz.com\\\/#organization\",\"name\":\"Los pol\u00edticos Veracruz\",\"url\":\"https:\\\/\\\/lospoliticosveracruz.com\\\/\",\"logo\":{\"@type\":\"ImageObject\",\"inLanguage\":\"es\",\"@id\":\"https:\\\/\\\/lospoliticosveracruz.com\\\/#\\\/schema\\\/logo\\\/image\\\/\",\"url\":\"https:\\\/\\\/lospoliticosveracruz.com\\\/wp-content\\\/uploads\\\/2025\\\/12\\\/Logo-Nuevo-LOS-POLITICOS-1.jpg\",\"contentUrl\":\"https:\\\/\\\/lospoliticosveracruz.com\\\/wp-content\\\/uploads\\\/2025\\\/12\\\/Logo-Nuevo-LOS-POLITICOS-1.jpg\",\"width\":260,\"height\":70,\"caption\":\"Los pol\u00edticos Veracruz\"},\"image\":{\"@id\":\"https:\\\/\\\/lospoliticosveracruz.com\\\/#\\\/schema\\\/logo\\\/image\\\/\"},\"sameAs\":[\"https:\\\/\\\/www.facebook.com\\\/people\\\/Notimemes-de-los-Polticos\\\/61565672886568\\\/\",\"https:\\\/\\\/x.com\\\/LosPoliticosVer\"]},{\"@type\":\"Person\",\"@id\":\"https:\\\/\\\/lospoliticosveracruz.com\\\/#\\\/schema\\\/person\\\/b8702bb0e538456e6efd07080bf2a4a2\",\"name\":\"Lo viste en Los Pol\u00edticos\",\"image\":{\"@type\":\"ImageObject\",\"inLanguage\":\"es\",\"@id\":\"https:\\\/\\\/secure.gravatar.com\\\/avatar\\\/3a8de04a2656d44082be478bd6c086daa447c4651605818287b9532d3d0bd435?s=96&d=mm&r=g\",\"url\":\"https:\\\/\\\/secure.gravatar.com\\\/avatar\\\/3a8de04a2656d44082be478bd6c086daa447c4651605818287b9532d3d0bd435?s=96&d=mm&r=g\",\"contentUrl\":\"https:\\\/\\\/secure.gravatar.com\\\/avatar\\\/3a8de04a2656d44082be478bd6c086daa447c4651605818287b9532d3d0bd435?s=96&d=mm&r=g\",\"caption\":\"Lo viste en Los Pol\u00edticos\"},\"url\":\"https:\\\/\\\/lospoliticosveracruz.com\\\/?author=2\"}]}<\/script>\n<!-- \/ Yoast SEO plugin. -->","yoast_head_json":{"title":"UN \u00c9XITO LA MARCHA A FAVOR DEL INE - Los pol\u00edticos Veracruz","robots":{"index":"index","follow":"follow","max-snippet":"max-snippet:-1","max-image-preview":"max-image-preview:large","max-video-preview":"max-video-preview:-1"},"canonical":"https:\/\/lospoliticosveracruz.com\/?p=103017","og_locale":"es_ES","og_type":"article","og_title":"UN \u00c9XITO LA MARCHA A FAVOR DEL INE - Los pol\u00edticos Veracruz","og_description":"Miguel \u00c1ngel G\u00f3mez RuizContrapunto Desde muy temprano el domingo, muchas personas salieron de sus casas y hoteles para caminar hacia el Z\u00f3calo de la Ciudad de M\u00e9xico. Se presagiaba que la marcha ser\u00eda exitosa pues no s\u00f3lo asistir\u00edan figuras de la clase pol\u00edtica, sino tambi\u00e9n empresarios, deportistas, maestros, abogados y j\u00f3venes de distintas zonas de [&hellip;]","og_url":"https:\/\/lospoliticosveracruz.com\/?p=103017","og_site_name":"Los pol\u00edticos Veracruz","article_publisher":"https:\/\/www.facebook.com\/people\/Notimemes-de-los-Polticos\/61565672886568\/","article_published_time":"2023-02-27T13:47:14+00:00","article_modified_time":"2023-02-27T13:47:22+00:00","og_image":[{"url":"https:\/\/lospoliticosveracruz.com.mx\/wp-content\/uploads\/2023\/02\/Vinissimo.jpg","type":"","width":"","height":""}],"author":"Lo viste en Los Pol\u00edticos","twitter_card":"summary_large_image","twitter_creator":"@LosPoliticosVer","twitter_site":"@LosPoliticosVer","twitter_misc":{"Escrito por":"Lo viste en Los Pol\u00edticos","Tiempo de lectura":"5 minutos"},"schema":{"@context":"https:\/\/schema.org","@graph":[{"@type":"Article","@id":"https:\/\/lospoliticosveracruz.com\/?p=103017#article","isPartOf":{"@id":"https:\/\/lospoliticosveracruz.com\/?p=103017"},"author":{"name":"Lo viste en Los Pol\u00edticos","@id":"https:\/\/lospoliticosveracruz.com\/#\/schema\/person\/b8702bb0e538456e6efd07080bf2a4a2"},"headline":"UN \u00c9XITO LA MARCHA A FAVOR DEL INE","datePublished":"2023-02-27T13:47:14+00:00","dateModified":"2023-02-27T13:47:22+00:00","mainEntityOfPage":{"@id":"https:\/\/lospoliticosveracruz.com\/?p=103017"},"wordCount":946,"publisher":{"@id":"https:\/\/lospoliticosveracruz.com\/#organization"},"image":{"@id":"https:\/\/lospoliticosveracruz.com\/?p=103017#primaryimage"},"thumbnailUrl":"https:\/\/lospoliticosveracruz.com.mx\/wp-content\/uploads\/2023\/02\/Vinissimo.jpg","keywords":["Gladys Maldonado","INE","Juan Javier G\u00f3mez Cazar\u00edn","Marco Antonio Lezama Moo","plan \u201cB\u201d","Roberto Dorantes Romero"],"articleSection":["De Opini\u00f3n"],"inLanguage":"es"},{"@type":"WebPage","@id":"https:\/\/lospoliticosveracruz.com\/?p=103017","url":"https:\/\/lospoliticosveracruz.com\/?p=103017","name":"UN \u00c9XITO LA MARCHA A FAVOR DEL INE - Los pol\u00edticos Veracruz","isPartOf":{"@id":"https:\/\/lospoliticosveracruz.com\/#website"},"primaryImageOfPage":{"@id":"https:\/\/lospoliticosveracruz.com\/?p=103017#primaryimage"},"image":{"@id":"https:\/\/lospoliticosveracruz.com\/?p=103017#primaryimage"},"thumbnailUrl":"https:\/\/lospoliticosveracruz.com.mx\/wp-content\/uploads\/2023\/02\/Vinissimo.jpg","datePublished":"2023-02-27T13:47:14+00:00","dateModified":"2023-02-27T13:47:22+00:00","breadcrumb":{"@id":"https:\/\/lospoliticosveracruz.com\/?p=103017#breadcrumb"},"inLanguage":"es","potentialAction":[{"@type":"ReadAction","target":["https:\/\/lospoliticosveracruz.com\/?p=103017"]}]},{"@type":"ImageObject","inLanguage":"es","@id":"https:\/\/lospoliticosveracruz.com\/?p=103017#primaryimage","url":"https:\/\/lospoliticosveracruz.com.mx\/wp-content\/uploads\/2023\/02\/Vinissimo.jpg","contentUrl":"https:\/\/lospoliticosveracruz.com.mx\/wp-content\/uploads\/2023\/02\/Vinissimo.jpg"},{"@type":"BreadcrumbList","@id":"https:\/\/lospoliticosveracruz.com\/?p=103017#breadcrumb","itemListElement":[{"@type":"ListItem","position":1,"name":"Portada","item":"https:\/\/lospoliticosveracruz.com\/"},{"@type":"ListItem","position":2,"name":"UN \u00c9XITO LA MARCHA A FAVOR DEL INE"}]},{"@type":"WebSite","@id":"https:\/\/lospoliticosveracruz.com\/#website","url":"https:\/\/lospoliticosveracruz.com\/","name":"Los pol\u00edticos Veracruz","description":"","publisher":{"@id":"https:\/\/lospoliticosveracruz.com\/#organization"},"potentialAction":[{"@type":"SearchAction","target":{"@type":"EntryPoint","urlTemplate":"https:\/\/lospoliticosveracruz.com\/?s={search_term_string}"},"query-input":{"@type":"PropertyValueSpecification","valueRequired":true,"valueName":"search_term_string"}}],"inLanguage":"es"},{"@type":"Organization","@id":"https:\/\/lospoliticosveracruz.com\/#organization","name":"Los pol\u00edticos Veracruz","url":"https:\/\/lospoliticosveracruz.com\/","logo":{"@type":"ImageObject","inLanguage":"es","@id":"https:\/\/lospoliticosveracruz.com\/#\/schema\/logo\/image\/","url":"https:\/\/lospoliticosveracruz.com\/wp-content\/uploads\/2025\/12\/Logo-Nuevo-LOS-POLITICOS-1.jpg","contentUrl":"https:\/\/lospoliticosveracruz.com\/wp-content\/uploads\/2025\/12\/Logo-Nuevo-LOS-POLITICOS-1.jpg","width":260,"height":70,"caption":"Los pol\u00edticos Veracruz"},"image":{"@id":"https:\/\/lospoliticosveracruz.com\/#\/schema\/logo\/image\/"},"sameAs":["https:\/\/www.facebook.com\/people\/Notimemes-de-los-Polticos\/61565672886568\/","https:\/\/x.com\/LosPoliticosVer"]},{"@type":"Person","@id":"https:\/\/lospoliticosveracruz.com\/#\/schema\/person\/b8702bb0e538456e6efd07080bf2a4a2","name":"Lo viste en Los Pol\u00edticos","image":{"@type":"ImageObject","inLanguage":"es","@id":"https:\/\/secure.gravatar.com\/avatar\/3a8de04a2656d44082be478bd6c086daa447c4651605818287b9532d3d0bd435?s=96&d=mm&r=g","url":"https:\/\/secure.gravatar.com\/avatar\/3a8de04a2656d44082be478bd6c086daa447c4651605818287b9532d3d0bd435?s=96&d=mm&r=g","contentUrl":"https:\/\/secure.gravatar.com\/avatar\/3a8de04a2656d44082be478bd6c086daa447c4651605818287b9532d3d0bd435?s=96&d=mm&r=g","caption":"Lo viste en Los Pol\u00edticos"},"url":"https:\/\/lospoliticosveracruz.com\/?author=2"}]}},"_links":{"self":[{"href":"https:\/\/lospoliticosveracruz.com\/index.php?rest_route=\/wp\/v2\/posts\/103017","targetHints":{"allow":["GET"]}}],"collection":[{"href":"https:\/\/lospoliticosveracruz.com\/index.php?rest_route=\/wp\/v2\/posts"}],"about":[{"href":"https:\/\/lospoliticosveracruz.com\/index.php?rest_route=\/wp\/v2\/types\/post"}],"author":[{"embeddable":true,"href":"https:\/\/lospoliticosveracruz.com\/index.php?rest_route=\/wp\/v2\/users\/2"}],"replies":[{"embeddable":true,"href":"https:\/\/lospoliticosveracruz.com\/index.php?rest_route=%2Fwp%2Fv2%2Fcomments&post=103017"}],"version-history":[{"count":1,"href":"https:\/\/lospoliticosveracruz.com\/index.php?rest_route=\/wp\/v2\/posts\/103017\/revisions"}],"predecessor-version":[{"id":103018,"href":"https:\/\/lospoliticosveracruz.com\/index.php?rest_route=\/wp\/v2\/posts\/103017\/revisions\/103018"}],"wp:attachment":[{"href":"https:\/\/lospoliticosveracruz.com\/index.php?rest_route=%2Fwp%2Fv2%2Fmedia&parent=103017"}],"wp:term":[{"taxonomy":"category","embeddable":true,"href":"https:\/\/lospoliticosveracruz.com\/index.php?rest_route=%2Fwp%2Fv2%2Fcategories&post=103017"},{"taxonomy":"post_tag","embeddable":true,"href":"https:\/\/lospoliticosveracruz.com\/index.php?rest_route=%2Fwp%2Fv2%2Ftags&post=103017"}],"curies":[{"name":"wp","href":"https:\/\/api.w.org\/{rel}","templated":true}]}}