{"id":103324,"date":"2023-03-06T11:17:46","date_gmt":"2023-03-06T17:17:46","guid":{"rendered":"https:\/\/lospoliticosveracruz.com.mx\/?p=103324"},"modified":"2023-03-06T11:17:54","modified_gmt":"2023-03-06T17:17:54","slug":"la-salud-mental-de-veracruz","status":"publish","type":"post","link":"https:\/\/lospoliticosveracruz.com\/?p=103324","title":{"rendered":"LA SALUD MENTAL DE VERACRUZ"},"content":{"rendered":"\n<p><\/p>\n\n\n\n<p><br><strong>Vicente Luna Hern\u00e1ndez<\/strong><\/p>\n\n\n\n<p>Gobiernos vienen y gobiernos van, declaraciones vienen y frustraciones tambi\u00e9n, recursos econ\u00f3micos llegan y recursos econ\u00f3micos no son suficientes, \u00bfpara qu\u00e9 no son suficientes? Esas respuestas no llegan, la triste realidad es que Veracruz sigue siendo un Estado violento donde la inseguridad p\u00fablica se pasea en cada rinc\u00f3n del Estado y c\u00f3mo se acusaba ayer al PRI, despu\u00e9s al PAN ahora se acusa a MORENA \u00bfque debe suceder para respirar tranquilos?<br>De acuerdo con el \u201cRanking 2022 de las 50 ciudades m\u00e1s violentas del mundo\u201d presentado por el Consejo Ciudadano para la Seguridad P\u00fablica y la Justicia Penal, M\u00e9xico concentr\u00f3 la mayor cantidad de urbes (17) con los \u00edndices de homicidios m\u00e1s altos a nivel mundial por cada 100 mil habitantes, al menos de los 10 primeros lugares, 9 ciudades se encuentran en M\u00e9xico, \u201cafortunadamente\u201d no hay ninguna de Veracruz \u00bfpero se puede presumir algo? en realidad que significa la frase: \u00bfc\u00f3mo M\u00e9xico no hay 2? \u00bfEs halago o es un se\u00f1alamiento incomodo? \u00bfHemos vivido enga\u00f1ados?<br>Lamentablemente el fin de semana Veracruz se ti\u00f1o de rojo, cualquier lugar y a cualquier hora del d\u00eda puede ocurrir una desgracia, un hecho violento donde personas ajenas al conflicto pueden resultar afectadas y por lo consiguiente la familia completa, hablar de n\u00fameros en las estad\u00edsticas mortales es un diagnostico pobre e incompleto, ya que en esos n\u00fameros no se considera ni se habla de manera p\u00fablica de los familiares directos y de todas las consecuencias que se presentan en su salud mental, la otra gran pandemia en M\u00e9xico.<br>No pienso escribir de la violencia en las organizaciones criminales, delincuencia organizada como le llaman los Gobiernos Desorganizados, quiero hablar de esa violencia cotidiana que nos parece tan com\u00fan, de esa violencia que poco a poco va escalando hasta llegar a sus funestas consecuencias \u00bfQu\u00e9 podemos hacer como ciudadanos? \u00bfQue est\u00e1n aprendiendo los j\u00f3venes con esta realidad social? Siendo honestos \u00bfes la violencia caracter\u00edstica negra del mexicano? \u00bfSolo se trata de culpar a las autoridades? \u00bfHay malas hierbas o solo malos cultivadores? \u00bfDisminuir los \u00edndices de violencia inicia en casa? \u00bfLa violencia verbal es el primer paso de un Estado violento?<\/p>\n\n\n\n<p>La violencia verbal, la violencia psicol\u00f3gica y la violencia f\u00edsica, son tres monstruos que duermen en la rec\u00e1mara de nuestra conciencia, controlarlos es parte de una sana convivencia social, en la familia principalmente y en todas nuestras relaciones sociales, mantener un equilibrio emocional debe formar parte del sistema de salud p\u00fablica de este pa\u00eds \u00bfestamos perdiendo nuestra capacidad de dialogar y llegar a acuerdos vecinales? \u00bfSolo a golpes se arreglan las diferencias en la convivencia entre j\u00f3venes escolares? \u00bfLastimar al pr\u00f3jimo alimenta el esp\u00edritu? \u00bfInfundir miedo se prefiere a infundir respeto? \u00bfSon las redes sociales parte del problema o deben ser parte de la soluci\u00f3n?<br>Toda violencia y en cualquier modalidad \u2013 por llamar de alguna manera &#8211; debe ser rechazada de manera categ\u00f3rica pero no solamente en el discurso, debe haber una gran cruzada impulsada por las organizaciones sociales, magisterio y medios de comunicaci\u00f3n impulsando la sana convivencia con todas nuestras diferencias, el respeto y la tolerancia deben ser \u2013 como Liverpool &#8211; parte de nuestra vidas por nuestra propia sobrevivencia como sociedad civilizada, es tiempo que todas y todos hagamos un alto en el camino y contribuyamos de manera activa en la pacificaci\u00f3n de nuestro entorno social, hablar con el ejemplo y llamar las cosas por su nombre, el respeto no solo es a nuestra manera de pensar sino tambi\u00e9n a respetar con quien no coincidimos, hay alguna violencia que no podemos combatir como ciudadanos, &#8211; no de la manera como se necesita &#8211; pero hay otra violencia que se practica todos los d\u00edas y a ella contribuyen de manera importante quienes son pobres de esp\u00edritu y vac\u00edos de alma, es a esa violencia que hay que se\u00f1alar y castigar, pero hay que ir m\u00e1s all\u00e1, deben ser atendidos por el Estado de manera profesional, no hay que olvidar que hay v\u00edctimas directas pero tambi\u00e9n aquellos que forman parte de los da\u00f1os colaterales \u00bfes la salud mental un tab\u00fa en M\u00e9xico?<br>P.D.- Con el \u00e1nimo que cada Ayuntamiento tenga una Direcci\u00f3n Medica de Salud Mental\u2026.Escribir\u00e9 otro d\u00eda.<\/p>\n","protected":false},"excerpt":{"rendered":"<p>Vicente Luna Hern\u00e1ndez Gobiernos vienen y gobiernos van, declaraciones vienen y frustraciones tambi\u00e9n, recursos econ\u00f3micos llegan y recursos econ\u00f3micos no son suficientes, \u00bfpara qu\u00e9 no son suficientes? Esas respuestas no llegan, la triste realidad es que Veracruz sigue siendo un Estado violento donde la inseguridad p\u00fablica se pasea en cada rinc\u00f3n del Estado y c\u00f3mo [&hellip;]<\/p>\n","protected":false},"author":2,"featured_media":0,"comment_status":"closed","ping_status":"closed","sticky":false,"template":"","format":"standard","meta":{"tdm_status":"","tdm_grid_status":"","footnotes":""},"categories":[70],"tags":[37456,503,15667],"class_list":{"0":"post-103324","1":"post","2":"type-post","3":"status-publish","4":"format-standard","6":"category-de-opinion","7":"tag-ciudades-mas-violentas","8":"tag-homicidios","9":"tag-vicente-luna-hernandez"},"yoast_head":"<!-- This site is optimized with the Yoast SEO plugin v27.4 - https:\/\/yoast.com\/product\/yoast-seo-wordpress\/ -->\n<title>LA SALUD MENTAL DE VERACRUZ - Los pol\u00edticos Veracruz<\/title>\n<meta name=\"robots\" content=\"index, follow, max-snippet:-1, max-image-preview:large, max-video-preview:-1\" \/>\n<link rel=\"canonical\" href=\"https:\/\/lospoliticosveracruz.com\/?p=103324\" \/>\n<meta property=\"og:locale\" content=\"es_ES\" \/>\n<meta property=\"og:type\" content=\"article\" \/>\n<meta property=\"og:title\" content=\"LA SALUD MENTAL DE VERACRUZ - Los pol\u00edticos Veracruz\" \/>\n<meta property=\"og:description\" content=\"Vicente Luna Hern\u00e1ndez Gobiernos vienen y gobiernos van, declaraciones vienen y frustraciones tambi\u00e9n, recursos econ\u00f3micos llegan y recursos econ\u00f3micos no son suficientes, \u00bfpara qu\u00e9 no son suficientes? Esas respuestas no llegan, la triste realidad es que Veracruz sigue siendo un Estado violento donde la inseguridad p\u00fablica se pasea en cada rinc\u00f3n del Estado y c\u00f3mo [&hellip;]\" \/>\n<meta property=\"og:url\" content=\"https:\/\/lospoliticosveracruz.com\/?p=103324\" \/>\n<meta property=\"og:site_name\" content=\"Los pol\u00edticos Veracruz\" \/>\n<meta property=\"article:publisher\" content=\"https:\/\/www.facebook.com\/people\/Notimemes-de-los-Polticos\/61565672886568\/\" \/>\n<meta property=\"article:published_time\" content=\"2023-03-06T17:17:46+00:00\" \/>\n<meta property=\"article:modified_time\" content=\"2023-03-06T17:17:54+00:00\" \/>\n<meta property=\"og:image\" content=\"https:\/\/lospoliticosveracruz.com\/wp-content\/uploads\/2016\/07\/Logo-Dor.jpg\" \/>\n\t<meta property=\"og:image:width\" content=\"200\" \/>\n\t<meta property=\"og:image:height\" content=\"200\" \/>\n\t<meta property=\"og:image:type\" content=\"image\/jpeg\" \/>\n<meta name=\"author\" content=\"Lo viste en Los Pol\u00edticos\" \/>\n<meta name=\"twitter:card\" content=\"summary_large_image\" \/>\n<meta name=\"twitter:creator\" content=\"@LosPoliticosVer\" \/>\n<meta name=\"twitter:site\" content=\"@LosPoliticosVer\" \/>\n<meta name=\"twitter:label1\" content=\"Escrito por\" \/>\n\t<meta name=\"twitter:data1\" content=\"Lo viste en Los Pol\u00edticos\" \/>\n\t<meta name=\"twitter:label2\" content=\"Tiempo de lectura\" \/>\n\t<meta name=\"twitter:data2\" content=\"4 minutos\" \/>\n<script type=\"application\/ld+json\" class=\"yoast-schema-graph\">{\"@context\":\"https:\\\/\\\/schema.org\",\"@graph\":[{\"@type\":\"Article\",\"@id\":\"https:\\\/\\\/lospoliticosveracruz.com\\\/?p=103324#article\",\"isPartOf\":{\"@id\":\"https:\\\/\\\/lospoliticosveracruz.com\\\/?p=103324\"},\"author\":{\"name\":\"Lo viste en Los Pol\u00edticos\",\"@id\":\"https:\\\/\\\/lospoliticosveracruz.com\\\/#\\\/schema\\\/person\\\/b8702bb0e538456e6efd07080bf2a4a2\"},\"headline\":\"LA SALUD MENTAL DE VERACRUZ\",\"datePublished\":\"2023-03-06T17:17:46+00:00\",\"dateModified\":\"2023-03-06T17:17:54+00:00\",\"mainEntityOfPage\":{\"@id\":\"https:\\\/\\\/lospoliticosveracruz.com\\\/?p=103324\"},\"wordCount\":749,\"publisher\":{\"@id\":\"https:\\\/\\\/lospoliticosveracruz.com\\\/#organization\"},\"keywords\":[\"ciudades m\u00e1s violentas\",\"homicidios\",\"Vicente Luna Hern\u00e1ndez\"],\"articleSection\":[\"De Opini\u00f3n\"],\"inLanguage\":\"es\"},{\"@type\":\"WebPage\",\"@id\":\"https:\\\/\\\/lospoliticosveracruz.com\\\/?p=103324\",\"url\":\"https:\\\/\\\/lospoliticosveracruz.com\\\/?p=103324\",\"name\":\"LA SALUD MENTAL DE VERACRUZ - Los pol\u00edticos Veracruz\",\"isPartOf\":{\"@id\":\"https:\\\/\\\/lospoliticosveracruz.com\\\/#website\"},\"datePublished\":\"2023-03-06T17:17:46+00:00\",\"dateModified\":\"2023-03-06T17:17:54+00:00\",\"breadcrumb\":{\"@id\":\"https:\\\/\\\/lospoliticosveracruz.com\\\/?p=103324#breadcrumb\"},\"inLanguage\":\"es\",\"potentialAction\":[{\"@type\":\"ReadAction\",\"target\":[\"https:\\\/\\\/lospoliticosveracruz.com\\\/?p=103324\"]}]},{\"@type\":\"BreadcrumbList\",\"@id\":\"https:\\\/\\\/lospoliticosveracruz.com\\\/?p=103324#breadcrumb\",\"itemListElement\":[{\"@type\":\"ListItem\",\"position\":1,\"name\":\"Portada\",\"item\":\"https:\\\/\\\/lospoliticosveracruz.com\\\/\"},{\"@type\":\"ListItem\",\"position\":2,\"name\":\"LA SALUD MENTAL DE VERACRUZ\"}]},{\"@type\":\"WebSite\",\"@id\":\"https:\\\/\\\/lospoliticosveracruz.com\\\/#website\",\"url\":\"https:\\\/\\\/lospoliticosveracruz.com\\\/\",\"name\":\"Los pol\u00edticos Veracruz\",\"description\":\"\",\"publisher\":{\"@id\":\"https:\\\/\\\/lospoliticosveracruz.com\\\/#organization\"},\"potentialAction\":[{\"@type\":\"SearchAction\",\"target\":{\"@type\":\"EntryPoint\",\"urlTemplate\":\"https:\\\/\\\/lospoliticosveracruz.com\\\/?s={search_term_string}\"},\"query-input\":{\"@type\":\"PropertyValueSpecification\",\"valueRequired\":true,\"valueName\":\"search_term_string\"}}],\"inLanguage\":\"es\"},{\"@type\":\"Organization\",\"@id\":\"https:\\\/\\\/lospoliticosveracruz.com\\\/#organization\",\"name\":\"Los pol\u00edticos Veracruz\",\"url\":\"https:\\\/\\\/lospoliticosveracruz.com\\\/\",\"logo\":{\"@type\":\"ImageObject\",\"inLanguage\":\"es\",\"@id\":\"https:\\\/\\\/lospoliticosveracruz.com\\\/#\\\/schema\\\/logo\\\/image\\\/\",\"url\":\"https:\\\/\\\/lospoliticosveracruz.com\\\/wp-content\\\/uploads\\\/2025\\\/12\\\/Logo-Nuevo-LOS-POLITICOS-1.jpg\",\"contentUrl\":\"https:\\\/\\\/lospoliticosveracruz.com\\\/wp-content\\\/uploads\\\/2025\\\/12\\\/Logo-Nuevo-LOS-POLITICOS-1.jpg\",\"width\":260,\"height\":70,\"caption\":\"Los pol\u00edticos Veracruz\"},\"image\":{\"@id\":\"https:\\\/\\\/lospoliticosveracruz.com\\\/#\\\/schema\\\/logo\\\/image\\\/\"},\"sameAs\":[\"https:\\\/\\\/www.facebook.com\\\/people\\\/Notimemes-de-los-Polticos\\\/61565672886568\\\/\",\"https:\\\/\\\/x.com\\\/LosPoliticosVer\"]},{\"@type\":\"Person\",\"@id\":\"https:\\\/\\\/lospoliticosveracruz.com\\\/#\\\/schema\\\/person\\\/b8702bb0e538456e6efd07080bf2a4a2\",\"name\":\"Lo viste en Los Pol\u00edticos\",\"image\":{\"@type\":\"ImageObject\",\"inLanguage\":\"es\",\"@id\":\"https:\\\/\\\/secure.gravatar.com\\\/avatar\\\/3a8de04a2656d44082be478bd6c086daa447c4651605818287b9532d3d0bd435?s=96&d=mm&r=g\",\"url\":\"https:\\\/\\\/secure.gravatar.com\\\/avatar\\\/3a8de04a2656d44082be478bd6c086daa447c4651605818287b9532d3d0bd435?s=96&d=mm&r=g\",\"contentUrl\":\"https:\\\/\\\/secure.gravatar.com\\\/avatar\\\/3a8de04a2656d44082be478bd6c086daa447c4651605818287b9532d3d0bd435?s=96&d=mm&r=g\",\"caption\":\"Lo viste en Los Pol\u00edticos\"},\"url\":\"https:\\\/\\\/lospoliticosveracruz.com\\\/?author=2\"}]}<\/script>\n<!-- \/ Yoast SEO plugin. -->","yoast_head_json":{"title":"LA SALUD MENTAL DE VERACRUZ - Los pol\u00edticos Veracruz","robots":{"index":"index","follow":"follow","max-snippet":"max-snippet:-1","max-image-preview":"max-image-preview:large","max-video-preview":"max-video-preview:-1"},"canonical":"https:\/\/lospoliticosveracruz.com\/?p=103324","og_locale":"es_ES","og_type":"article","og_title":"LA SALUD MENTAL DE VERACRUZ - Los pol\u00edticos Veracruz","og_description":"Vicente Luna Hern\u00e1ndez Gobiernos vienen y gobiernos van, declaraciones vienen y frustraciones tambi\u00e9n, recursos econ\u00f3micos llegan y recursos econ\u00f3micos no son suficientes, \u00bfpara qu\u00e9 no son suficientes? Esas respuestas no llegan, la triste realidad es que Veracruz sigue siendo un Estado violento donde la inseguridad p\u00fablica se pasea en cada rinc\u00f3n del Estado y c\u00f3mo [&hellip;]","og_url":"https:\/\/lospoliticosveracruz.com\/?p=103324","og_site_name":"Los pol\u00edticos Veracruz","article_publisher":"https:\/\/www.facebook.com\/people\/Notimemes-de-los-Polticos\/61565672886568\/","article_published_time":"2023-03-06T17:17:46+00:00","article_modified_time":"2023-03-06T17:17:54+00:00","og_image":[{"width":200,"height":200,"url":"https:\/\/lospoliticosveracruz.com\/wp-content\/uploads\/2016\/07\/Logo-Dor.jpg","type":"image\/jpeg"}],"author":"Lo viste en Los Pol\u00edticos","twitter_card":"summary_large_image","twitter_creator":"@LosPoliticosVer","twitter_site":"@LosPoliticosVer","twitter_misc":{"Escrito por":"Lo viste en Los Pol\u00edticos","Tiempo de lectura":"4 minutos"},"schema":{"@context":"https:\/\/schema.org","@graph":[{"@type":"Article","@id":"https:\/\/lospoliticosveracruz.com\/?p=103324#article","isPartOf":{"@id":"https:\/\/lospoliticosveracruz.com\/?p=103324"},"author":{"name":"Lo viste en Los Pol\u00edticos","@id":"https:\/\/lospoliticosveracruz.com\/#\/schema\/person\/b8702bb0e538456e6efd07080bf2a4a2"},"headline":"LA SALUD MENTAL DE VERACRUZ","datePublished":"2023-03-06T17:17:46+00:00","dateModified":"2023-03-06T17:17:54+00:00","mainEntityOfPage":{"@id":"https:\/\/lospoliticosveracruz.com\/?p=103324"},"wordCount":749,"publisher":{"@id":"https:\/\/lospoliticosveracruz.com\/#organization"},"keywords":["ciudades m\u00e1s violentas","homicidios","Vicente Luna Hern\u00e1ndez"],"articleSection":["De Opini\u00f3n"],"inLanguage":"es"},{"@type":"WebPage","@id":"https:\/\/lospoliticosveracruz.com\/?p=103324","url":"https:\/\/lospoliticosveracruz.com\/?p=103324","name":"LA SALUD MENTAL DE VERACRUZ - Los pol\u00edticos Veracruz","isPartOf":{"@id":"https:\/\/lospoliticosveracruz.com\/#website"},"datePublished":"2023-03-06T17:17:46+00:00","dateModified":"2023-03-06T17:17:54+00:00","breadcrumb":{"@id":"https:\/\/lospoliticosveracruz.com\/?p=103324#breadcrumb"},"inLanguage":"es","potentialAction":[{"@type":"ReadAction","target":["https:\/\/lospoliticosveracruz.com\/?p=103324"]}]},{"@type":"BreadcrumbList","@id":"https:\/\/lospoliticosveracruz.com\/?p=103324#breadcrumb","itemListElement":[{"@type":"ListItem","position":1,"name":"Portada","item":"https:\/\/lospoliticosveracruz.com\/"},{"@type":"ListItem","position":2,"name":"LA SALUD MENTAL DE VERACRUZ"}]},{"@type":"WebSite","@id":"https:\/\/lospoliticosveracruz.com\/#website","url":"https:\/\/lospoliticosveracruz.com\/","name":"Los pol\u00edticos Veracruz","description":"","publisher":{"@id":"https:\/\/lospoliticosveracruz.com\/#organization"},"potentialAction":[{"@type":"SearchAction","target":{"@type":"EntryPoint","urlTemplate":"https:\/\/lospoliticosveracruz.com\/?s={search_term_string}"},"query-input":{"@type":"PropertyValueSpecification","valueRequired":true,"valueName":"search_term_string"}}],"inLanguage":"es"},{"@type":"Organization","@id":"https:\/\/lospoliticosveracruz.com\/#organization","name":"Los pol\u00edticos Veracruz","url":"https:\/\/lospoliticosveracruz.com\/","logo":{"@type":"ImageObject","inLanguage":"es","@id":"https:\/\/lospoliticosveracruz.com\/#\/schema\/logo\/image\/","url":"https:\/\/lospoliticosveracruz.com\/wp-content\/uploads\/2025\/12\/Logo-Nuevo-LOS-POLITICOS-1.jpg","contentUrl":"https:\/\/lospoliticosveracruz.com\/wp-content\/uploads\/2025\/12\/Logo-Nuevo-LOS-POLITICOS-1.jpg","width":260,"height":70,"caption":"Los pol\u00edticos Veracruz"},"image":{"@id":"https:\/\/lospoliticosveracruz.com\/#\/schema\/logo\/image\/"},"sameAs":["https:\/\/www.facebook.com\/people\/Notimemes-de-los-Polticos\/61565672886568\/","https:\/\/x.com\/LosPoliticosVer"]},{"@type":"Person","@id":"https:\/\/lospoliticosveracruz.com\/#\/schema\/person\/b8702bb0e538456e6efd07080bf2a4a2","name":"Lo viste en Los Pol\u00edticos","image":{"@type":"ImageObject","inLanguage":"es","@id":"https:\/\/secure.gravatar.com\/avatar\/3a8de04a2656d44082be478bd6c086daa447c4651605818287b9532d3d0bd435?s=96&d=mm&r=g","url":"https:\/\/secure.gravatar.com\/avatar\/3a8de04a2656d44082be478bd6c086daa447c4651605818287b9532d3d0bd435?s=96&d=mm&r=g","contentUrl":"https:\/\/secure.gravatar.com\/avatar\/3a8de04a2656d44082be478bd6c086daa447c4651605818287b9532d3d0bd435?s=96&d=mm&r=g","caption":"Lo viste en Los Pol\u00edticos"},"url":"https:\/\/lospoliticosveracruz.com\/?author=2"}]}},"_links":{"self":[{"href":"https:\/\/lospoliticosveracruz.com\/index.php?rest_route=\/wp\/v2\/posts\/103324","targetHints":{"allow":["GET"]}}],"collection":[{"href":"https:\/\/lospoliticosveracruz.com\/index.php?rest_route=\/wp\/v2\/posts"}],"about":[{"href":"https:\/\/lospoliticosveracruz.com\/index.php?rest_route=\/wp\/v2\/types\/post"}],"author":[{"embeddable":true,"href":"https:\/\/lospoliticosveracruz.com\/index.php?rest_route=\/wp\/v2\/users\/2"}],"replies":[{"embeddable":true,"href":"https:\/\/lospoliticosveracruz.com\/index.php?rest_route=%2Fwp%2Fv2%2Fcomments&post=103324"}],"version-history":[{"count":1,"href":"https:\/\/lospoliticosveracruz.com\/index.php?rest_route=\/wp\/v2\/posts\/103324\/revisions"}],"predecessor-version":[{"id":103325,"href":"https:\/\/lospoliticosveracruz.com\/index.php?rest_route=\/wp\/v2\/posts\/103324\/revisions\/103325"}],"wp:attachment":[{"href":"https:\/\/lospoliticosveracruz.com\/index.php?rest_route=%2Fwp%2Fv2%2Fmedia&parent=103324"}],"wp:term":[{"taxonomy":"category","embeddable":true,"href":"https:\/\/lospoliticosveracruz.com\/index.php?rest_route=%2Fwp%2Fv2%2Fcategories&post=103324"},{"taxonomy":"post_tag","embeddable":true,"href":"https:\/\/lospoliticosveracruz.com\/index.php?rest_route=%2Fwp%2Fv2%2Ftags&post=103324"}],"curies":[{"name":"wp","href":"https:\/\/api.w.org\/{rel}","templated":true}]}}