{"id":103348,"date":"2023-03-07T07:57:41","date_gmt":"2023-03-07T13:57:41","guid":{"rendered":"https:\/\/lospoliticosveracruz.com.mx\/?p=103348"},"modified":"2023-03-07T07:57:47","modified_gmt":"2023-03-07T13:57:47","slug":"el-torrente-de-porqueria-que-llegara-a-palacio-nacional","status":"publish","type":"post","link":"https:\/\/lospoliticosveracruz.com\/?p=103348","title":{"rendered":"EL TORRENTE DE PORQUER\u00cdA que llegar\u00e1 a Palacio Nacional"},"content":{"rendered":"\n<p><\/p>\n\n\n\n<p><strong>Bernardo Guti\u00e9rrez Parra<br><\/strong><em>Desde el Caf\u00e9<\/em><\/p>\n\n\n\n<p>El primero en saltar de gusto al conocer el veredicto contra Genaro Garc\u00eda Luna fue el presidente L\u00f3pez Obrador. Pero el que salt\u00f3 m\u00e1s alto y con m\u00e1s enjundia fue el l\u00edder de Morena, Mario Delgado, que acus\u00f3 al PAN de narcopartido y de narcos a sus militantes. Aunque no tuvo que ir lejos por la respuesta.<\/p>\n\n\n\n<figure class=\"wp-block-image size-full\"><a href=\"https:\/\/lospoliticosveracruz.com.mx\/wp-content\/uploads\/2022\/05\/Seguro-Julio-Cerecedo.jpg\"><img decoding=\"async\" src=\"https:\/\/lospoliticosveracruz.com.mx\/wp-content\/uploads\/2022\/05\/Seguro-Julio-Cerecedo.jpg\" alt=\"\" class=\"wp-image-90414\"\/><\/a><\/figure>\n\n\n\n<p>Feliz de la vida, Mario subi\u00f3 a sus redes un video donde les dice delincuentes electorales y de los otros. \u201cNos robaron la presidencia; nos robaron la paz y la tranquilidad. Y todo para qu\u00e9, para hacerse de miles de millones producto del narcotr\u00e1fico.<\/p>\n\n\n\n<p>\u201cLe vamos a solicitar al INE que le quite el registro al PAN porque est\u00e1 comprobado que es una organizaci\u00f3n criminal m\u00e1s que pol\u00edtica. Y una organizaci\u00f3n criminal no puede seguir aspirando a participar en pol\u00edtica. \u00a1Nunca m\u00e1s gobiernos criminales, corruptos o asesinos!\u201d, sentenci\u00f3.<\/p>\n\n\n\n<p>El lunes 27 de febrero se aperson\u00f3 en el INE para solicitar \u201cformalmente\u201d el retiro del registro al blanquiazul y al hacerlo escupi\u00f3 para arriba.<\/p>\n\n\n\n<p>Ese mismo d\u00eda el PAN contraatac\u00f3 y lo acus\u00f3 de tener nexos con el narco. \u201cAnte el @INEMexico, presentamos una denuncia para que se investigue el financiamiento del crimen organizado a las campa\u00f1as de Morena y de @mario_delgado, as\u00ed como por el desv\u00edo de recursos p\u00fablicos para este instituto pol\u00edtico y aspirantes\u201d, escribi\u00f3 Marko Cort\u00e9s en sus redes.<\/p>\n\n\n\n<p>Y 48 horas despu\u00e9s, el 1 de marzo, le dieron un llegue m\u00e1s fuerte con el trascendido de que la DEA y el FBI lo estar\u00edan investigando por narcotr\u00e1fico y posibles nexos con el crimen organizado. El trascendido agrega que ambas dependencias cuentan con los elementos suficientes para procesarlo en la Corte de Nueva York, en el mismo lugar donde procesaron a Garc\u00eda Luna.<\/p>\n\n\n\n<p>Fake o no fake el trascendido debi\u00f3 cimbrar a Mario.<\/p>\n\n\n\n<p>El ex senador Javier Lozano lo dio por bueno y no se anduvo por las ramas. En el programa de Carlos Alazraky donde tambi\u00e9n estuvo Beatriz Pag\u00e9s, dijo que Mario Delgado est\u00e1 vinculado al clan de los Carmona que son tres hermanos que se dedicaban al huachicoleo en la \u00e9poca en que Ricardo Peralta (que tambi\u00e9n fue subsecretario de Gobernaci\u00f3n con AMLO), era encargado de aduanas.<\/p>\n\n\n\n<p>Lozano agreg\u00f3 que estos hermanos financiaron desde el 2105 a Morena y concretamente a Mario Delgado, pero fue m\u00e1s all\u00e1. Dijo que la investigaci\u00f3n que realizan la DEA y el FBI abarca al gobernador de Tamaulipas, Am\u00e9rico Villarreal; al de Sonora, Alfonso Durazo y aunque no mencion\u00f3 sus nombres, tambi\u00e9n meti\u00f3 en ese saco a los gobernadores de Sinaloa, Nayarit y Baja California Sur.<\/p>\n\n\n\n<p>Asegur\u00f3 que tanto el FBI como la DEA le echaron el ojo a Mario porque ha sido el de la ruta del dinero para las campa\u00f1as pol\u00edticas de Morena. Y que el propio Mario dispuso de ese dinero para ganar la presidencia de su partido.<\/p>\n\n\n\n<p>Beatriz Pag\u00e9s apunt\u00f3 que como secretario de Finanzas en el gobierno de Marcelo Ebrard, Mario Delgado fue se\u00f1alado de estar involucrado en el sobreprecio por 20 mil millones de pesos en la compra de 30 trenes para la L\u00ednea 12 del Metro.<\/p>\n\n\n\n<p>En menos de seis minutos tanto el pol\u00edtico como la periodista hicieron pomada al moreno que a pesar de lo extrovertido y amante que es de las candilejas, hasta el momento no ha asomado la cabeza.<\/p>\n\n\n\n<p>Si el trascendido es verdadero Mario Delgado est\u00e1 perdido. Y si es falso debe andarse con cuidado porque quien lo solt\u00f3 le sabe mucho y nada de lo que le sabe es bueno.<\/p>\n\n\n\n<p>Hace apenas unos d\u00edas, el 23 de febrero escrib\u00ed: \u201cM\u00e1s temprano que tarde comenzar\u00e1n a salir los nombres de diputados, senadores, gobernadores, secretarios de Estado, miembros de los gabinetes estatales, alcaldes y comisariados ejidales de Morena, enfangados hasta el cuello con el narco\u201d.<\/p>\n\n\n\n<p>Y lo que hizo Javier Lozano fue dar santo y se\u00f1a de los primeros.<\/p>\n\n\n\n<p>Hay quienes aseguran que el d\u00eda que le rasquen a la Secretar\u00eda de Protecci\u00f3n Ciudadana en tiempos de Alfonso Durazo, \u00e9ste ser\u00e1 para Andr\u00e9s Manuel lo que Garc\u00eda Luna es para Felipe Calder\u00f3n. Y quiz\u00e1 no anden errados.<\/p>\n\n\n\n<p>No s\u00e9 por qu\u00e9 lector, pero tengo el presentimiento de que la cloaca que hasta hoy ha cubierto a los morenos que andan en malos pasos ya comenz\u00f3 a destaparse. Y su torrente de porquer\u00eda no s\u00f3lo salpicar\u00e1, sino que ba\u00f1ar\u00e1 hasta el tu\u00e9tano al inquilino de Palacio Nacional.<\/p>\n\n\n\n<p>bernardogup@hotmail.com<\/p>\n","protected":false},"excerpt":{"rendered":"<p>Bernardo Guti\u00e9rrez ParraDesde el Caf\u00e9 El primero en saltar de gusto al conocer el veredicto contra Genaro Garc\u00eda Luna fue el presidente L\u00f3pez Obrador. Pero el que salt\u00f3 m\u00e1s alto y con m\u00e1s enjundia fue el l\u00edder de Morena, Mario Delgado, que acus\u00f3 al PAN de narcopartido y de narcos a sus militantes. Aunque no [&hellip;]<\/p>\n","protected":false},"author":2,"featured_media":0,"comment_status":"closed","ping_status":"closed","sticky":false,"template":"","format":"standard","meta":{"tdm_status":"","tdm_grid_status":"","footnotes":""},"categories":[70],"tags":[618,34206,5494,554,12596,1026,37464],"class_list":{"0":"post-103348","1":"post","2":"type-post","3":"status-publish","4":"format-standard","6":"category-de-opinion","7":"tag-andres-manuel-lopez-obrador","8":"tag-bernardo-gutierrez-parra","9":"tag-genaro-garcia-luna","10":"tag-ine","11":"tag-mario-delgado","12":"tag-morena","13":"tag-narcopartido"},"yoast_head":"<!-- This site is optimized with the Yoast SEO plugin v27.4 - https:\/\/yoast.com\/product\/yoast-seo-wordpress\/ -->\n<title>EL TORRENTE DE PORQUER\u00cdA que llegar\u00e1 a Palacio Nacional - Los pol\u00edticos Veracruz<\/title>\n<meta name=\"robots\" content=\"index, follow, max-snippet:-1, max-image-preview:large, max-video-preview:-1\" \/>\n<link rel=\"canonical\" href=\"https:\/\/lospoliticosveracruz.com\/?p=103348\" \/>\n<meta property=\"og:locale\" content=\"es_ES\" \/>\n<meta property=\"og:type\" content=\"article\" \/>\n<meta property=\"og:title\" content=\"EL TORRENTE DE PORQUER\u00cdA que llegar\u00e1 a Palacio Nacional - Los pol\u00edticos Veracruz\" \/>\n<meta property=\"og:description\" content=\"Bernardo Guti\u00e9rrez ParraDesde el Caf\u00e9 El primero en saltar de gusto al conocer el veredicto contra Genaro Garc\u00eda Luna fue el presidente L\u00f3pez Obrador. Pero el que salt\u00f3 m\u00e1s alto y con m\u00e1s enjundia fue el l\u00edder de Morena, Mario Delgado, que acus\u00f3 al PAN de narcopartido y de narcos a sus militantes. Aunque no [&hellip;]\" \/>\n<meta property=\"og:url\" content=\"https:\/\/lospoliticosveracruz.com\/?p=103348\" \/>\n<meta property=\"og:site_name\" content=\"Los pol\u00edticos Veracruz\" \/>\n<meta property=\"article:publisher\" content=\"https:\/\/www.facebook.com\/people\/Notimemes-de-los-Polticos\/61565672886568\/\" \/>\n<meta property=\"article:published_time\" content=\"2023-03-07T13:57:41+00:00\" \/>\n<meta property=\"article:modified_time\" content=\"2023-03-07T13:57:47+00:00\" \/>\n<meta property=\"og:image\" content=\"https:\/\/lospoliticosveracruz.com.mx\/wp-content\/uploads\/2022\/05\/Seguro-Julio-Cerecedo.jpg\" \/>\n<meta name=\"author\" content=\"Lo viste en Los Pol\u00edticos\" \/>\n<meta name=\"twitter:card\" content=\"summary_large_image\" \/>\n<meta name=\"twitter:creator\" content=\"@LosPoliticosVer\" \/>\n<meta name=\"twitter:site\" content=\"@LosPoliticosVer\" \/>\n<meta name=\"twitter:label1\" content=\"Escrito por\" \/>\n\t<meta name=\"twitter:data1\" content=\"Lo viste en Los Pol\u00edticos\" \/>\n\t<meta name=\"twitter:label2\" content=\"Tiempo de lectura\" \/>\n\t<meta name=\"twitter:data2\" content=\"4 minutos\" \/>\n<script type=\"application\/ld+json\" class=\"yoast-schema-graph\">{\"@context\":\"https:\\\/\\\/schema.org\",\"@graph\":[{\"@type\":\"Article\",\"@id\":\"https:\\\/\\\/lospoliticosveracruz.com\\\/?p=103348#article\",\"isPartOf\":{\"@id\":\"https:\\\/\\\/lospoliticosveracruz.com\\\/?p=103348\"},\"author\":{\"name\":\"Lo viste en Los Pol\u00edticos\",\"@id\":\"https:\\\/\\\/lospoliticosveracruz.com\\\/#\\\/schema\\\/person\\\/b8702bb0e538456e6efd07080bf2a4a2\"},\"headline\":\"EL TORRENTE DE PORQUER\u00cdA que llegar\u00e1 a Palacio Nacional\",\"datePublished\":\"2023-03-07T13:57:41+00:00\",\"dateModified\":\"2023-03-07T13:57:47+00:00\",\"mainEntityOfPage\":{\"@id\":\"https:\\\/\\\/lospoliticosveracruz.com\\\/?p=103348\"},\"wordCount\":796,\"publisher\":{\"@id\":\"https:\\\/\\\/lospoliticosveracruz.com\\\/#organization\"},\"image\":{\"@id\":\"https:\\\/\\\/lospoliticosveracruz.com\\\/?p=103348#primaryimage\"},\"thumbnailUrl\":\"https:\\\/\\\/lospoliticosveracruz.com.mx\\\/wp-content\\\/uploads\\\/2022\\\/05\\\/Seguro-Julio-Cerecedo.jpg\",\"keywords\":[\"Andr\u00e9s Manuel L\u00f3pez Obrador\",\"Bernardo Guti\u00e9rrez Parra\",\"Genaro Garc\u00eda Luna\",\"INE\",\"Mario Delgado\",\"Morena\",\"narcopartido\"],\"articleSection\":[\"De Opini\u00f3n\"],\"inLanguage\":\"es\"},{\"@type\":\"WebPage\",\"@id\":\"https:\\\/\\\/lospoliticosveracruz.com\\\/?p=103348\",\"url\":\"https:\\\/\\\/lospoliticosveracruz.com\\\/?p=103348\",\"name\":\"EL TORRENTE DE PORQUER\u00cdA que llegar\u00e1 a Palacio Nacional - Los pol\u00edticos Veracruz\",\"isPartOf\":{\"@id\":\"https:\\\/\\\/lospoliticosveracruz.com\\\/#website\"},\"primaryImageOfPage\":{\"@id\":\"https:\\\/\\\/lospoliticosveracruz.com\\\/?p=103348#primaryimage\"},\"image\":{\"@id\":\"https:\\\/\\\/lospoliticosveracruz.com\\\/?p=103348#primaryimage\"},\"thumbnailUrl\":\"https:\\\/\\\/lospoliticosveracruz.com.mx\\\/wp-content\\\/uploads\\\/2022\\\/05\\\/Seguro-Julio-Cerecedo.jpg\",\"datePublished\":\"2023-03-07T13:57:41+00:00\",\"dateModified\":\"2023-03-07T13:57:47+00:00\",\"breadcrumb\":{\"@id\":\"https:\\\/\\\/lospoliticosveracruz.com\\\/?p=103348#breadcrumb\"},\"inLanguage\":\"es\",\"potentialAction\":[{\"@type\":\"ReadAction\",\"target\":[\"https:\\\/\\\/lospoliticosveracruz.com\\\/?p=103348\"]}]},{\"@type\":\"ImageObject\",\"inLanguage\":\"es\",\"@id\":\"https:\\\/\\\/lospoliticosveracruz.com\\\/?p=103348#primaryimage\",\"url\":\"https:\\\/\\\/lospoliticosveracruz.com.mx\\\/wp-content\\\/uploads\\\/2022\\\/05\\\/Seguro-Julio-Cerecedo.jpg\",\"contentUrl\":\"https:\\\/\\\/lospoliticosveracruz.com.mx\\\/wp-content\\\/uploads\\\/2022\\\/05\\\/Seguro-Julio-Cerecedo.jpg\"},{\"@type\":\"BreadcrumbList\",\"@id\":\"https:\\\/\\\/lospoliticosveracruz.com\\\/?p=103348#breadcrumb\",\"itemListElement\":[{\"@type\":\"ListItem\",\"position\":1,\"name\":\"Portada\",\"item\":\"https:\\\/\\\/lospoliticosveracruz.com\\\/\"},{\"@type\":\"ListItem\",\"position\":2,\"name\":\"EL TORRENTE DE PORQUER\u00cdA que llegar\u00e1 a Palacio Nacional\"}]},{\"@type\":\"WebSite\",\"@id\":\"https:\\\/\\\/lospoliticosveracruz.com\\\/#website\",\"url\":\"https:\\\/\\\/lospoliticosveracruz.com\\\/\",\"name\":\"Los pol\u00edticos Veracruz\",\"description\":\"\",\"publisher\":{\"@id\":\"https:\\\/\\\/lospoliticosveracruz.com\\\/#organization\"},\"potentialAction\":[{\"@type\":\"SearchAction\",\"target\":{\"@type\":\"EntryPoint\",\"urlTemplate\":\"https:\\\/\\\/lospoliticosveracruz.com\\\/?s={search_term_string}\"},\"query-input\":{\"@type\":\"PropertyValueSpecification\",\"valueRequired\":true,\"valueName\":\"search_term_string\"}}],\"inLanguage\":\"es\"},{\"@type\":\"Organization\",\"@id\":\"https:\\\/\\\/lospoliticosveracruz.com\\\/#organization\",\"name\":\"Los pol\u00edticos Veracruz\",\"url\":\"https:\\\/\\\/lospoliticosveracruz.com\\\/\",\"logo\":{\"@type\":\"ImageObject\",\"inLanguage\":\"es\",\"@id\":\"https:\\\/\\\/lospoliticosveracruz.com\\\/#\\\/schema\\\/logo\\\/image\\\/\",\"url\":\"https:\\\/\\\/lospoliticosveracruz.com\\\/wp-content\\\/uploads\\\/2025\\\/12\\\/Logo-Nuevo-LOS-POLITICOS-1.jpg\",\"contentUrl\":\"https:\\\/\\\/lospoliticosveracruz.com\\\/wp-content\\\/uploads\\\/2025\\\/12\\\/Logo-Nuevo-LOS-POLITICOS-1.jpg\",\"width\":260,\"height\":70,\"caption\":\"Los pol\u00edticos Veracruz\"},\"image\":{\"@id\":\"https:\\\/\\\/lospoliticosveracruz.com\\\/#\\\/schema\\\/logo\\\/image\\\/\"},\"sameAs\":[\"https:\\\/\\\/www.facebook.com\\\/people\\\/Notimemes-de-los-Polticos\\\/61565672886568\\\/\",\"https:\\\/\\\/x.com\\\/LosPoliticosVer\"]},{\"@type\":\"Person\",\"@id\":\"https:\\\/\\\/lospoliticosveracruz.com\\\/#\\\/schema\\\/person\\\/b8702bb0e538456e6efd07080bf2a4a2\",\"name\":\"Lo viste en Los Pol\u00edticos\",\"image\":{\"@type\":\"ImageObject\",\"inLanguage\":\"es\",\"@id\":\"https:\\\/\\\/secure.gravatar.com\\\/avatar\\\/3a8de04a2656d44082be478bd6c086daa447c4651605818287b9532d3d0bd435?s=96&d=mm&r=g\",\"url\":\"https:\\\/\\\/secure.gravatar.com\\\/avatar\\\/3a8de04a2656d44082be478bd6c086daa447c4651605818287b9532d3d0bd435?s=96&d=mm&r=g\",\"contentUrl\":\"https:\\\/\\\/secure.gravatar.com\\\/avatar\\\/3a8de04a2656d44082be478bd6c086daa447c4651605818287b9532d3d0bd435?s=96&d=mm&r=g\",\"caption\":\"Lo viste en Los Pol\u00edticos\"},\"url\":\"https:\\\/\\\/lospoliticosveracruz.com\\\/?author=2\"}]}<\/script>\n<!-- \/ Yoast SEO plugin. -->","yoast_head_json":{"title":"EL TORRENTE DE PORQUER\u00cdA que llegar\u00e1 a Palacio Nacional - Los pol\u00edticos Veracruz","robots":{"index":"index","follow":"follow","max-snippet":"max-snippet:-1","max-image-preview":"max-image-preview:large","max-video-preview":"max-video-preview:-1"},"canonical":"https:\/\/lospoliticosveracruz.com\/?p=103348","og_locale":"es_ES","og_type":"article","og_title":"EL TORRENTE DE PORQUER\u00cdA que llegar\u00e1 a Palacio Nacional - Los pol\u00edticos Veracruz","og_description":"Bernardo Guti\u00e9rrez ParraDesde el Caf\u00e9 El primero en saltar de gusto al conocer el veredicto contra Genaro Garc\u00eda Luna fue el presidente L\u00f3pez Obrador. Pero el que salt\u00f3 m\u00e1s alto y con m\u00e1s enjundia fue el l\u00edder de Morena, Mario Delgado, que acus\u00f3 al PAN de narcopartido y de narcos a sus militantes. Aunque no [&hellip;]","og_url":"https:\/\/lospoliticosveracruz.com\/?p=103348","og_site_name":"Los pol\u00edticos Veracruz","article_publisher":"https:\/\/www.facebook.com\/people\/Notimemes-de-los-Polticos\/61565672886568\/","article_published_time":"2023-03-07T13:57:41+00:00","article_modified_time":"2023-03-07T13:57:47+00:00","og_image":[{"url":"https:\/\/lospoliticosveracruz.com.mx\/wp-content\/uploads\/2022\/05\/Seguro-Julio-Cerecedo.jpg","type":"","width":"","height":""}],"author":"Lo viste en Los Pol\u00edticos","twitter_card":"summary_large_image","twitter_creator":"@LosPoliticosVer","twitter_site":"@LosPoliticosVer","twitter_misc":{"Escrito por":"Lo viste en Los Pol\u00edticos","Tiempo de lectura":"4 minutos"},"schema":{"@context":"https:\/\/schema.org","@graph":[{"@type":"Article","@id":"https:\/\/lospoliticosveracruz.com\/?p=103348#article","isPartOf":{"@id":"https:\/\/lospoliticosveracruz.com\/?p=103348"},"author":{"name":"Lo viste en Los Pol\u00edticos","@id":"https:\/\/lospoliticosveracruz.com\/#\/schema\/person\/b8702bb0e538456e6efd07080bf2a4a2"},"headline":"EL TORRENTE DE PORQUER\u00cdA que llegar\u00e1 a Palacio Nacional","datePublished":"2023-03-07T13:57:41+00:00","dateModified":"2023-03-07T13:57:47+00:00","mainEntityOfPage":{"@id":"https:\/\/lospoliticosveracruz.com\/?p=103348"},"wordCount":796,"publisher":{"@id":"https:\/\/lospoliticosveracruz.com\/#organization"},"image":{"@id":"https:\/\/lospoliticosveracruz.com\/?p=103348#primaryimage"},"thumbnailUrl":"https:\/\/lospoliticosveracruz.com.mx\/wp-content\/uploads\/2022\/05\/Seguro-Julio-Cerecedo.jpg","keywords":["Andr\u00e9s Manuel L\u00f3pez Obrador","Bernardo Guti\u00e9rrez Parra","Genaro Garc\u00eda Luna","INE","Mario Delgado","Morena","narcopartido"],"articleSection":["De Opini\u00f3n"],"inLanguage":"es"},{"@type":"WebPage","@id":"https:\/\/lospoliticosveracruz.com\/?p=103348","url":"https:\/\/lospoliticosveracruz.com\/?p=103348","name":"EL TORRENTE DE PORQUER\u00cdA que llegar\u00e1 a Palacio Nacional - Los pol\u00edticos Veracruz","isPartOf":{"@id":"https:\/\/lospoliticosveracruz.com\/#website"},"primaryImageOfPage":{"@id":"https:\/\/lospoliticosveracruz.com\/?p=103348#primaryimage"},"image":{"@id":"https:\/\/lospoliticosveracruz.com\/?p=103348#primaryimage"},"thumbnailUrl":"https:\/\/lospoliticosveracruz.com.mx\/wp-content\/uploads\/2022\/05\/Seguro-Julio-Cerecedo.jpg","datePublished":"2023-03-07T13:57:41+00:00","dateModified":"2023-03-07T13:57:47+00:00","breadcrumb":{"@id":"https:\/\/lospoliticosveracruz.com\/?p=103348#breadcrumb"},"inLanguage":"es","potentialAction":[{"@type":"ReadAction","target":["https:\/\/lospoliticosveracruz.com\/?p=103348"]}]},{"@type":"ImageObject","inLanguage":"es","@id":"https:\/\/lospoliticosveracruz.com\/?p=103348#primaryimage","url":"https:\/\/lospoliticosveracruz.com.mx\/wp-content\/uploads\/2022\/05\/Seguro-Julio-Cerecedo.jpg","contentUrl":"https:\/\/lospoliticosveracruz.com.mx\/wp-content\/uploads\/2022\/05\/Seguro-Julio-Cerecedo.jpg"},{"@type":"BreadcrumbList","@id":"https:\/\/lospoliticosveracruz.com\/?p=103348#breadcrumb","itemListElement":[{"@type":"ListItem","position":1,"name":"Portada","item":"https:\/\/lospoliticosveracruz.com\/"},{"@type":"ListItem","position":2,"name":"EL TORRENTE DE PORQUER\u00cdA que llegar\u00e1 a Palacio Nacional"}]},{"@type":"WebSite","@id":"https:\/\/lospoliticosveracruz.com\/#website","url":"https:\/\/lospoliticosveracruz.com\/","name":"Los pol\u00edticos Veracruz","description":"","publisher":{"@id":"https:\/\/lospoliticosveracruz.com\/#organization"},"potentialAction":[{"@type":"SearchAction","target":{"@type":"EntryPoint","urlTemplate":"https:\/\/lospoliticosveracruz.com\/?s={search_term_string}"},"query-input":{"@type":"PropertyValueSpecification","valueRequired":true,"valueName":"search_term_string"}}],"inLanguage":"es"},{"@type":"Organization","@id":"https:\/\/lospoliticosveracruz.com\/#organization","name":"Los pol\u00edticos Veracruz","url":"https:\/\/lospoliticosveracruz.com\/","logo":{"@type":"ImageObject","inLanguage":"es","@id":"https:\/\/lospoliticosveracruz.com\/#\/schema\/logo\/image\/","url":"https:\/\/lospoliticosveracruz.com\/wp-content\/uploads\/2025\/12\/Logo-Nuevo-LOS-POLITICOS-1.jpg","contentUrl":"https:\/\/lospoliticosveracruz.com\/wp-content\/uploads\/2025\/12\/Logo-Nuevo-LOS-POLITICOS-1.jpg","width":260,"height":70,"caption":"Los pol\u00edticos Veracruz"},"image":{"@id":"https:\/\/lospoliticosveracruz.com\/#\/schema\/logo\/image\/"},"sameAs":["https:\/\/www.facebook.com\/people\/Notimemes-de-los-Polticos\/61565672886568\/","https:\/\/x.com\/LosPoliticosVer"]},{"@type":"Person","@id":"https:\/\/lospoliticosveracruz.com\/#\/schema\/person\/b8702bb0e538456e6efd07080bf2a4a2","name":"Lo viste en Los Pol\u00edticos","image":{"@type":"ImageObject","inLanguage":"es","@id":"https:\/\/secure.gravatar.com\/avatar\/3a8de04a2656d44082be478bd6c086daa447c4651605818287b9532d3d0bd435?s=96&d=mm&r=g","url":"https:\/\/secure.gravatar.com\/avatar\/3a8de04a2656d44082be478bd6c086daa447c4651605818287b9532d3d0bd435?s=96&d=mm&r=g","contentUrl":"https:\/\/secure.gravatar.com\/avatar\/3a8de04a2656d44082be478bd6c086daa447c4651605818287b9532d3d0bd435?s=96&d=mm&r=g","caption":"Lo viste en Los Pol\u00edticos"},"url":"https:\/\/lospoliticosveracruz.com\/?author=2"}]}},"_links":{"self":[{"href":"https:\/\/lospoliticosveracruz.com\/index.php?rest_route=\/wp\/v2\/posts\/103348","targetHints":{"allow":["GET"]}}],"collection":[{"href":"https:\/\/lospoliticosveracruz.com\/index.php?rest_route=\/wp\/v2\/posts"}],"about":[{"href":"https:\/\/lospoliticosveracruz.com\/index.php?rest_route=\/wp\/v2\/types\/post"}],"author":[{"embeddable":true,"href":"https:\/\/lospoliticosveracruz.com\/index.php?rest_route=\/wp\/v2\/users\/2"}],"replies":[{"embeddable":true,"href":"https:\/\/lospoliticosveracruz.com\/index.php?rest_route=%2Fwp%2Fv2%2Fcomments&post=103348"}],"version-history":[{"count":1,"href":"https:\/\/lospoliticosveracruz.com\/index.php?rest_route=\/wp\/v2\/posts\/103348\/revisions"}],"predecessor-version":[{"id":103349,"href":"https:\/\/lospoliticosveracruz.com\/index.php?rest_route=\/wp\/v2\/posts\/103348\/revisions\/103349"}],"wp:attachment":[{"href":"https:\/\/lospoliticosveracruz.com\/index.php?rest_route=%2Fwp%2Fv2%2Fmedia&parent=103348"}],"wp:term":[{"taxonomy":"category","embeddable":true,"href":"https:\/\/lospoliticosveracruz.com\/index.php?rest_route=%2Fwp%2Fv2%2Fcategories&post=103348"},{"taxonomy":"post_tag","embeddable":true,"href":"https:\/\/lospoliticosveracruz.com\/index.php?rest_route=%2Fwp%2Fv2%2Ftags&post=103348"}],"curies":[{"name":"wp","href":"https:\/\/api.w.org\/{rel}","templated":true}]}}