{"id":103400,"date":"2023-03-08T08:26:52","date_gmt":"2023-03-08T14:26:52","guid":{"rendered":"https:\/\/lospoliticosveracruz.com.mx\/?p=103400"},"modified":"2023-03-08T08:27:00","modified_gmt":"2023-03-08T14:27:00","slug":"pri-2024","status":"publish","type":"post","link":"https:\/\/lospoliticosveracruz.com\/?p=103400","title":{"rendered":"PRI 2024"},"content":{"rendered":"\n<p><\/p>\n\n\n\n<p><\/p>\n\n\n\n<p><strong>Omar Z\u00fa\u00f1iga<\/strong><\/p>\n\n\n\n<p><em>De Primera Mano<\/em><\/p>\n\n\n\n<p>Veracruz mantiene su peso espec\u00edfico en el concierto nacional.<br>A pesar de los malos gobiernos y de malas decisiones, m\u00e1s all\u00e1 de haber sido desplazado al cuarto sitio por el tama\u00f1o del padr\u00f3n electoral (detr\u00e1s de Jalisco), Veracruz ha sido cuna de grandes pol\u00edticos a lo largo de la historia, cada vez menos, eso s\u00ed, pero contin\u00faa con esa tradici\u00f3n, de ah\u00ed su importancia.<\/p>\n\n\n<div class=\"wp-block-image\">\n<figure class=\"alignleft size-medium\"><a href=\"https:\/\/lospoliticosveracruz.com.mx\/wp-content\/uploads\/2023\/02\/Estancia.jpg\"><img decoding=\"async\" src=\"https:\/\/lospoliticosveracruz.com.mx\/wp-content\/uploads\/2023\/02\/Estancia-190x300.jpg\" alt=\"\" class=\"wp-image-102751\"\/><\/a><\/figure>\n<\/div>\n\n\n<p><br>Este pre\u00e1mbulo viene a cuento porque varios pre pre candidatos a la Presidencia del Rep\u00fablica han venido a tocar base; de Morena, Ad\u00e1n Augusto ha venido ya a levantar \u00e1mpula; Clau ya estuvo por ac\u00e1 y el carnal Marcelo no tarda.<br>Pero los aspirantes del PRI han venido tambi\u00e9n a la tierra de quien fuera su gur\u00fa Jes\u00fas Reyes Heroles y en el lapso de una semana tiene dos visitas de esta naturaleza. Alejandro Murat, exgobernador de Oaxaca se va este mi\u00e9rcoles, luego de una gira de tres d\u00edas.<br>La senadora Beatriz Paredes har\u00e1 lo propio el pr\u00f3ximo s\u00e1bado 11 y ya lo hizo, aunque de forma \u201cprivada\u201d en la zona de Orizaba \u2013feudo de Juan Manuel Diez Francos- el exsecretario de Turismo Enrique de la Madrid.<br>Todos han pedido el apoyo del CDE del PRI que dirige Marlon Ram\u00edrez; en esta ocasi\u00f3n acompa\u00f1ado por la diputada federal Lorena Pi\u00f1\u00f3n y el Pony Cirilo V\u00e1zquez, alcalde de Cosoleacaque.<br>As\u00ed las cosas, el cachorro de Jos\u00e9 Murat Casab, pol\u00edtico de la vieja guardia tricolor, con mano de metate, \u201cno es lo mismo\u201d, de hecho Alejandro Murat Hinojosa se advierte mucho m\u00e1s conciliador. Se agradece la pl\u00e1tica inteligente, con argumentos, derivado del par de posgrados que tiene encima.<br>Quiz\u00e1 el tema m\u00e1s importante de la agenda nacional, adem\u00e1s de la econom\u00eda, es la (in)seguridad y sostiene que este asunto no es de indicadores, sino de realidades, es decir, este argumento \u2013subrayo- da al traste lo que ya sabemos en Veracruz, pues a pesar de que se ufanen en el discurso oficial que jarochilandia est\u00e1 en el top ten de los estados m\u00e1s seguros, los hechos nos dicen lo contrario, pero bueno.<br>(Me) llama poderosamente la atenci\u00f3n que Murat Hinojosa proponga desde ya una reingenier\u00eda al nuevo sistema penal acusatorio, que sustituy\u00f3 al sistema inquisitorio que transgred\u00eda de manera permanente los derechos de cualquier presunto responsable, donde la premisa era la presunci\u00f3n de culpabilidad, as\u00ed es. Un detenido era culpable hasta que se comprobara lo contrario.<br>Lo que buscaba el Nuevo Sistema de Justicia Penal, el acusatorio actual, era precisamente lo contrario, tener como premisa la presunci\u00f3n de inocencia, sin embargo, Murat considera que debe tener una reingenier\u00eda, pues \u201ces demasiado garantista\u201d y permite la salida de verdaderos maleantes.<br>Propone una digitalizaci\u00f3n de la educaci\u00f3n como premisa del desarrollo.<br>Sobre las condiciones actuales, sostiene que debe existir una democracia que construya, no que destruya; se necesita un liderazgo que una, no que divida; advierte que la dignidad no se vende, o al menos no debe venderse.<br>Sabe que quien gane en 2024, lo podr\u00e1 hacer con 20 millones de votos y sabe tambi\u00e9n que su partido, el PRI, debe volver (regresar nunca, dice la m\u00e1xima) a sus or\u00edgenes, a caminar las calles, a gastar suelas, a respetar las decisiones de la base, no de la c\u00fapula y en este sentido coincide con su paisano, en alentar un proceso abierto para la selecci\u00f3n del candidato de su partido, es decir, una votaci\u00f3n abierta a la sociedad y aunque conoce m\u00e1s que bien el pacto no firmado donde el PAN \u201corientar\u00e1\u201d la elecci\u00f3n de candidato presidencial 2024 en una eventual alianza opositora, el otrora poderoso y omnipotente partido tricolor debe reconciliarse, debe ser el partido que hablaba con todos los sectores y hoy en d\u00eda, esto no sucede.<br>Las contracorcholatas, pues, buscan estar en la jugada rumbo al 2024.<\/p>\n\n\n\n<hr class=\"wp-block-separator has-alpha-channel-opacity\"\/>\n\n\n\n<p>Y nada, que Alejandro Alito Moreno, estar\u00e1 en Xalapa el pr\u00f3ximo viernes. La ocasi\u00f3n nada desde\u00f1able.<br>Don Carlos Brito G\u00f3mez, priista de toda la vida, recibir\u00e1 un homenaje como debe ser, \u201cen vida, hermano, en vida\u201d, despu\u00e9s ya pa\u2019qu\u00e9.<br>Y s\u00ed, Alito Moreno viene a encabezar este acto personalmente, bien o mal, nos caiga o no, no deja de ser el presidente nacional del PRI y a Xalapa hace muchos a\u00f1os que llega alguno.<br>\u00a1Enhorabuena para don Carlos!<\/p>\n\n\n\n<hr class=\"wp-block-separator has-alpha-channel-opacity\"\/>\n\n\n\n<p>Hoy es 8 de Marzo, as\u00ed, con may\u00fascula. Es el D\u00eda Internacional de la Mujer, una de las fechas m\u00e1s emblem\u00e1ticas en todo el orbe.<br>A riesgo de que me crucifiquen y por el origen de la fecha, debo decir felicidades a las mujeres; porque si bien me han explicado hasta el cansancio que no se celebra, se conmemora. Felicidades, porque quienes estas l\u00edneas puedan leer significa que pueden hacerlo, parece perogrullada pero no lo es. Es decir, estamos vivos y hay que celebrarlo, concretamente a las mujeres, este d\u00eda y todos los d\u00edas y no por eso significa que vamos a cerrar los ojos ante la realidad que nos madrea y escupe en la cara todos los d\u00edas, no.<br>S\u00f3lo que estoy convencido que no podemos tampoco estar mascullando desgracias de manera permanente. \u00a1Carpe diem!<\/p>\n\n\n\n<p>\u00a1Qu\u00e9 barbaridad!\u200b<br>deprimera.mano2020@gmail.com<\/p>\n","protected":false},"excerpt":{"rendered":"<p>Omar Z\u00fa\u00f1iga De Primera Mano Veracruz mantiene su peso espec\u00edfico en el concierto nacional.A pesar de los malos gobiernos y de malas decisiones, m\u00e1s all\u00e1 de haber sido desplazado al cuarto sitio por el tama\u00f1o del padr\u00f3n electoral (detr\u00e1s de Jalisco), Veracruz ha sido cuna de grandes pol\u00edticos a lo largo de la historia, cada [&hellip;]<\/p>\n","protected":false},"author":2,"featured_media":0,"comment_status":"closed","ping_status":"closed","sticky":false,"template":"","format":"standard","meta":{"tdm_status":"","tdm_grid_status":"","footnotes":""},"categories":[70],"tags":[15048,1320,4995,28705],"class_list":{"0":"post-103400","1":"post","2":"type-post","3":"status-publish","4":"format-standard","6":"category-de-opinion","7":"tag-alejandro-moreno-cardenas","8":"tag-carlos-brito-gomez","9":"tag-dia-internacional-de-la-mujer","10":"tag-omar-zuniga"},"yoast_head":"<!-- This site is optimized with the Yoast SEO plugin v27.4 - https:\/\/yoast.com\/product\/yoast-seo-wordpress\/ -->\n<title>PRI 2024 - Los pol\u00edticos Veracruz<\/title>\n<meta name=\"robots\" content=\"index, follow, max-snippet:-1, max-image-preview:large, max-video-preview:-1\" \/>\n<link rel=\"canonical\" href=\"https:\/\/lospoliticosveracruz.com\/?p=103400\" \/>\n<meta property=\"og:locale\" content=\"es_ES\" \/>\n<meta property=\"og:type\" content=\"article\" \/>\n<meta property=\"og:title\" content=\"PRI 2024 - Los pol\u00edticos Veracruz\" \/>\n<meta property=\"og:description\" content=\"Omar Z\u00fa\u00f1iga De Primera Mano Veracruz mantiene su peso espec\u00edfico en el concierto nacional.A pesar de los malos gobiernos y de malas decisiones, m\u00e1s all\u00e1 de haber sido desplazado al cuarto sitio por el tama\u00f1o del padr\u00f3n electoral (detr\u00e1s de Jalisco), Veracruz ha sido cuna de grandes pol\u00edticos a lo largo de la historia, cada [&hellip;]\" \/>\n<meta property=\"og:url\" content=\"https:\/\/lospoliticosveracruz.com\/?p=103400\" \/>\n<meta property=\"og:site_name\" content=\"Los pol\u00edticos Veracruz\" \/>\n<meta property=\"article:publisher\" content=\"https:\/\/www.facebook.com\/people\/Notimemes-de-los-Polticos\/61565672886568\/\" \/>\n<meta property=\"article:published_time\" content=\"2023-03-08T14:26:52+00:00\" \/>\n<meta property=\"article:modified_time\" content=\"2023-03-08T14:27:00+00:00\" \/>\n<meta property=\"og:image\" content=\"https:\/\/lospoliticosveracruz.com.mx\/wp-content\/uploads\/2023\/02\/Estancia-190x300.jpg\" \/>\n<meta name=\"author\" content=\"Lo viste en Los Pol\u00edticos\" \/>\n<meta name=\"twitter:card\" content=\"summary_large_image\" \/>\n<meta name=\"twitter:creator\" content=\"@LosPoliticosVer\" \/>\n<meta name=\"twitter:site\" content=\"@LosPoliticosVer\" \/>\n<meta name=\"twitter:label1\" content=\"Escrito por\" \/>\n\t<meta name=\"twitter:data1\" content=\"Lo viste en Los Pol\u00edticos\" \/>\n\t<meta name=\"twitter:label2\" content=\"Tiempo de lectura\" \/>\n\t<meta name=\"twitter:data2\" content=\"5 minutos\" \/>\n<script type=\"application\/ld+json\" class=\"yoast-schema-graph\">{\"@context\":\"https:\\\/\\\/schema.org\",\"@graph\":[{\"@type\":\"Article\",\"@id\":\"https:\\\/\\\/lospoliticosveracruz.com\\\/?p=103400#article\",\"isPartOf\":{\"@id\":\"https:\\\/\\\/lospoliticosveracruz.com\\\/?p=103400\"},\"author\":{\"name\":\"Lo viste en Los Pol\u00edticos\",\"@id\":\"https:\\\/\\\/lospoliticosveracruz.com\\\/#\\\/schema\\\/person\\\/b8702bb0e538456e6efd07080bf2a4a2\"},\"headline\":\"PRI 2024\",\"datePublished\":\"2023-03-08T14:26:52+00:00\",\"dateModified\":\"2023-03-08T14:27:00+00:00\",\"mainEntityOfPage\":{\"@id\":\"https:\\\/\\\/lospoliticosveracruz.com\\\/?p=103400\"},\"wordCount\":912,\"publisher\":{\"@id\":\"https:\\\/\\\/lospoliticosveracruz.com\\\/#organization\"},\"image\":{\"@id\":\"https:\\\/\\\/lospoliticosveracruz.com\\\/?p=103400#primaryimage\"},\"thumbnailUrl\":\"https:\\\/\\\/lospoliticosveracruz.com.mx\\\/wp-content\\\/uploads\\\/2023\\\/02\\\/Estancia-190x300.jpg\",\"keywords\":[\"Alejandro Moreno C\u00e1rdenas\",\"Carlos Brito G\u00f3mez\",\"D\u00eda Internacional de la Mujer\",\"Omar Z\u00fa\u00f1iga\"],\"articleSection\":[\"De Opini\u00f3n\"],\"inLanguage\":\"es\"},{\"@type\":\"WebPage\",\"@id\":\"https:\\\/\\\/lospoliticosveracruz.com\\\/?p=103400\",\"url\":\"https:\\\/\\\/lospoliticosveracruz.com\\\/?p=103400\",\"name\":\"PRI 2024 - Los pol\u00edticos Veracruz\",\"isPartOf\":{\"@id\":\"https:\\\/\\\/lospoliticosveracruz.com\\\/#website\"},\"primaryImageOfPage\":{\"@id\":\"https:\\\/\\\/lospoliticosveracruz.com\\\/?p=103400#primaryimage\"},\"image\":{\"@id\":\"https:\\\/\\\/lospoliticosveracruz.com\\\/?p=103400#primaryimage\"},\"thumbnailUrl\":\"https:\\\/\\\/lospoliticosveracruz.com.mx\\\/wp-content\\\/uploads\\\/2023\\\/02\\\/Estancia-190x300.jpg\",\"datePublished\":\"2023-03-08T14:26:52+00:00\",\"dateModified\":\"2023-03-08T14:27:00+00:00\",\"breadcrumb\":{\"@id\":\"https:\\\/\\\/lospoliticosveracruz.com\\\/?p=103400#breadcrumb\"},\"inLanguage\":\"es\",\"potentialAction\":[{\"@type\":\"ReadAction\",\"target\":[\"https:\\\/\\\/lospoliticosveracruz.com\\\/?p=103400\"]}]},{\"@type\":\"ImageObject\",\"inLanguage\":\"es\",\"@id\":\"https:\\\/\\\/lospoliticosveracruz.com\\\/?p=103400#primaryimage\",\"url\":\"https:\\\/\\\/lospoliticosveracruz.com.mx\\\/wp-content\\\/uploads\\\/2023\\\/02\\\/Estancia-190x300.jpg\",\"contentUrl\":\"https:\\\/\\\/lospoliticosveracruz.com.mx\\\/wp-content\\\/uploads\\\/2023\\\/02\\\/Estancia-190x300.jpg\"},{\"@type\":\"BreadcrumbList\",\"@id\":\"https:\\\/\\\/lospoliticosveracruz.com\\\/?p=103400#breadcrumb\",\"itemListElement\":[{\"@type\":\"ListItem\",\"position\":1,\"name\":\"Portada\",\"item\":\"https:\\\/\\\/lospoliticosveracruz.com\\\/\"},{\"@type\":\"ListItem\",\"position\":2,\"name\":\"PRI 2024\"}]},{\"@type\":\"WebSite\",\"@id\":\"https:\\\/\\\/lospoliticosveracruz.com\\\/#website\",\"url\":\"https:\\\/\\\/lospoliticosveracruz.com\\\/\",\"name\":\"Los pol\u00edticos Veracruz\",\"description\":\"\",\"publisher\":{\"@id\":\"https:\\\/\\\/lospoliticosveracruz.com\\\/#organization\"},\"potentialAction\":[{\"@type\":\"SearchAction\",\"target\":{\"@type\":\"EntryPoint\",\"urlTemplate\":\"https:\\\/\\\/lospoliticosveracruz.com\\\/?s={search_term_string}\"},\"query-input\":{\"@type\":\"PropertyValueSpecification\",\"valueRequired\":true,\"valueName\":\"search_term_string\"}}],\"inLanguage\":\"es\"},{\"@type\":\"Organization\",\"@id\":\"https:\\\/\\\/lospoliticosveracruz.com\\\/#organization\",\"name\":\"Los pol\u00edticos Veracruz\",\"url\":\"https:\\\/\\\/lospoliticosveracruz.com\\\/\",\"logo\":{\"@type\":\"ImageObject\",\"inLanguage\":\"es\",\"@id\":\"https:\\\/\\\/lospoliticosveracruz.com\\\/#\\\/schema\\\/logo\\\/image\\\/\",\"url\":\"https:\\\/\\\/lospoliticosveracruz.com\\\/wp-content\\\/uploads\\\/2025\\\/12\\\/Logo-Nuevo-LOS-POLITICOS-1.jpg\",\"contentUrl\":\"https:\\\/\\\/lospoliticosveracruz.com\\\/wp-content\\\/uploads\\\/2025\\\/12\\\/Logo-Nuevo-LOS-POLITICOS-1.jpg\",\"width\":260,\"height\":70,\"caption\":\"Los pol\u00edticos Veracruz\"},\"image\":{\"@id\":\"https:\\\/\\\/lospoliticosveracruz.com\\\/#\\\/schema\\\/logo\\\/image\\\/\"},\"sameAs\":[\"https:\\\/\\\/www.facebook.com\\\/people\\\/Notimemes-de-los-Polticos\\\/61565672886568\\\/\",\"https:\\\/\\\/x.com\\\/LosPoliticosVer\"]},{\"@type\":\"Person\",\"@id\":\"https:\\\/\\\/lospoliticosveracruz.com\\\/#\\\/schema\\\/person\\\/b8702bb0e538456e6efd07080bf2a4a2\",\"name\":\"Lo viste en Los Pol\u00edticos\",\"image\":{\"@type\":\"ImageObject\",\"inLanguage\":\"es\",\"@id\":\"https:\\\/\\\/secure.gravatar.com\\\/avatar\\\/3a8de04a2656d44082be478bd6c086daa447c4651605818287b9532d3d0bd435?s=96&d=mm&r=g\",\"url\":\"https:\\\/\\\/secure.gravatar.com\\\/avatar\\\/3a8de04a2656d44082be478bd6c086daa447c4651605818287b9532d3d0bd435?s=96&d=mm&r=g\",\"contentUrl\":\"https:\\\/\\\/secure.gravatar.com\\\/avatar\\\/3a8de04a2656d44082be478bd6c086daa447c4651605818287b9532d3d0bd435?s=96&d=mm&r=g\",\"caption\":\"Lo viste en Los Pol\u00edticos\"},\"url\":\"https:\\\/\\\/lospoliticosveracruz.com\\\/?author=2\"}]}<\/script>\n<!-- \/ Yoast SEO plugin. -->","yoast_head_json":{"title":"PRI 2024 - Los pol\u00edticos Veracruz","robots":{"index":"index","follow":"follow","max-snippet":"max-snippet:-1","max-image-preview":"max-image-preview:large","max-video-preview":"max-video-preview:-1"},"canonical":"https:\/\/lospoliticosveracruz.com\/?p=103400","og_locale":"es_ES","og_type":"article","og_title":"PRI 2024 - Los pol\u00edticos Veracruz","og_description":"Omar Z\u00fa\u00f1iga De Primera Mano Veracruz mantiene su peso espec\u00edfico en el concierto nacional.A pesar de los malos gobiernos y de malas decisiones, m\u00e1s all\u00e1 de haber sido desplazado al cuarto sitio por el tama\u00f1o del padr\u00f3n electoral (detr\u00e1s de Jalisco), Veracruz ha sido cuna de grandes pol\u00edticos a lo largo de la historia, cada [&hellip;]","og_url":"https:\/\/lospoliticosveracruz.com\/?p=103400","og_site_name":"Los pol\u00edticos Veracruz","article_publisher":"https:\/\/www.facebook.com\/people\/Notimemes-de-los-Polticos\/61565672886568\/","article_published_time":"2023-03-08T14:26:52+00:00","article_modified_time":"2023-03-08T14:27:00+00:00","og_image":[{"url":"https:\/\/lospoliticosveracruz.com.mx\/wp-content\/uploads\/2023\/02\/Estancia-190x300.jpg","type":"","width":"","height":""}],"author":"Lo viste en Los Pol\u00edticos","twitter_card":"summary_large_image","twitter_creator":"@LosPoliticosVer","twitter_site":"@LosPoliticosVer","twitter_misc":{"Escrito por":"Lo viste en Los Pol\u00edticos","Tiempo de lectura":"5 minutos"},"schema":{"@context":"https:\/\/schema.org","@graph":[{"@type":"Article","@id":"https:\/\/lospoliticosveracruz.com\/?p=103400#article","isPartOf":{"@id":"https:\/\/lospoliticosveracruz.com\/?p=103400"},"author":{"name":"Lo viste en Los Pol\u00edticos","@id":"https:\/\/lospoliticosveracruz.com\/#\/schema\/person\/b8702bb0e538456e6efd07080bf2a4a2"},"headline":"PRI 2024","datePublished":"2023-03-08T14:26:52+00:00","dateModified":"2023-03-08T14:27:00+00:00","mainEntityOfPage":{"@id":"https:\/\/lospoliticosveracruz.com\/?p=103400"},"wordCount":912,"publisher":{"@id":"https:\/\/lospoliticosveracruz.com\/#organization"},"image":{"@id":"https:\/\/lospoliticosveracruz.com\/?p=103400#primaryimage"},"thumbnailUrl":"https:\/\/lospoliticosveracruz.com.mx\/wp-content\/uploads\/2023\/02\/Estancia-190x300.jpg","keywords":["Alejandro Moreno C\u00e1rdenas","Carlos Brito G\u00f3mez","D\u00eda Internacional de la Mujer","Omar Z\u00fa\u00f1iga"],"articleSection":["De Opini\u00f3n"],"inLanguage":"es"},{"@type":"WebPage","@id":"https:\/\/lospoliticosveracruz.com\/?p=103400","url":"https:\/\/lospoliticosveracruz.com\/?p=103400","name":"PRI 2024 - Los pol\u00edticos Veracruz","isPartOf":{"@id":"https:\/\/lospoliticosveracruz.com\/#website"},"primaryImageOfPage":{"@id":"https:\/\/lospoliticosveracruz.com\/?p=103400#primaryimage"},"image":{"@id":"https:\/\/lospoliticosveracruz.com\/?p=103400#primaryimage"},"thumbnailUrl":"https:\/\/lospoliticosveracruz.com.mx\/wp-content\/uploads\/2023\/02\/Estancia-190x300.jpg","datePublished":"2023-03-08T14:26:52+00:00","dateModified":"2023-03-08T14:27:00+00:00","breadcrumb":{"@id":"https:\/\/lospoliticosveracruz.com\/?p=103400#breadcrumb"},"inLanguage":"es","potentialAction":[{"@type":"ReadAction","target":["https:\/\/lospoliticosveracruz.com\/?p=103400"]}]},{"@type":"ImageObject","inLanguage":"es","@id":"https:\/\/lospoliticosveracruz.com\/?p=103400#primaryimage","url":"https:\/\/lospoliticosveracruz.com.mx\/wp-content\/uploads\/2023\/02\/Estancia-190x300.jpg","contentUrl":"https:\/\/lospoliticosveracruz.com.mx\/wp-content\/uploads\/2023\/02\/Estancia-190x300.jpg"},{"@type":"BreadcrumbList","@id":"https:\/\/lospoliticosveracruz.com\/?p=103400#breadcrumb","itemListElement":[{"@type":"ListItem","position":1,"name":"Portada","item":"https:\/\/lospoliticosveracruz.com\/"},{"@type":"ListItem","position":2,"name":"PRI 2024"}]},{"@type":"WebSite","@id":"https:\/\/lospoliticosveracruz.com\/#website","url":"https:\/\/lospoliticosveracruz.com\/","name":"Los pol\u00edticos Veracruz","description":"","publisher":{"@id":"https:\/\/lospoliticosveracruz.com\/#organization"},"potentialAction":[{"@type":"SearchAction","target":{"@type":"EntryPoint","urlTemplate":"https:\/\/lospoliticosveracruz.com\/?s={search_term_string}"},"query-input":{"@type":"PropertyValueSpecification","valueRequired":true,"valueName":"search_term_string"}}],"inLanguage":"es"},{"@type":"Organization","@id":"https:\/\/lospoliticosveracruz.com\/#organization","name":"Los pol\u00edticos Veracruz","url":"https:\/\/lospoliticosveracruz.com\/","logo":{"@type":"ImageObject","inLanguage":"es","@id":"https:\/\/lospoliticosveracruz.com\/#\/schema\/logo\/image\/","url":"https:\/\/lospoliticosveracruz.com\/wp-content\/uploads\/2025\/12\/Logo-Nuevo-LOS-POLITICOS-1.jpg","contentUrl":"https:\/\/lospoliticosveracruz.com\/wp-content\/uploads\/2025\/12\/Logo-Nuevo-LOS-POLITICOS-1.jpg","width":260,"height":70,"caption":"Los pol\u00edticos Veracruz"},"image":{"@id":"https:\/\/lospoliticosveracruz.com\/#\/schema\/logo\/image\/"},"sameAs":["https:\/\/www.facebook.com\/people\/Notimemes-de-los-Polticos\/61565672886568\/","https:\/\/x.com\/LosPoliticosVer"]},{"@type":"Person","@id":"https:\/\/lospoliticosveracruz.com\/#\/schema\/person\/b8702bb0e538456e6efd07080bf2a4a2","name":"Lo viste en Los Pol\u00edticos","image":{"@type":"ImageObject","inLanguage":"es","@id":"https:\/\/secure.gravatar.com\/avatar\/3a8de04a2656d44082be478bd6c086daa447c4651605818287b9532d3d0bd435?s=96&d=mm&r=g","url":"https:\/\/secure.gravatar.com\/avatar\/3a8de04a2656d44082be478bd6c086daa447c4651605818287b9532d3d0bd435?s=96&d=mm&r=g","contentUrl":"https:\/\/secure.gravatar.com\/avatar\/3a8de04a2656d44082be478bd6c086daa447c4651605818287b9532d3d0bd435?s=96&d=mm&r=g","caption":"Lo viste en Los Pol\u00edticos"},"url":"https:\/\/lospoliticosveracruz.com\/?author=2"}]}},"_links":{"self":[{"href":"https:\/\/lospoliticosveracruz.com\/index.php?rest_route=\/wp\/v2\/posts\/103400","targetHints":{"allow":["GET"]}}],"collection":[{"href":"https:\/\/lospoliticosveracruz.com\/index.php?rest_route=\/wp\/v2\/posts"}],"about":[{"href":"https:\/\/lospoliticosveracruz.com\/index.php?rest_route=\/wp\/v2\/types\/post"}],"author":[{"embeddable":true,"href":"https:\/\/lospoliticosveracruz.com\/index.php?rest_route=\/wp\/v2\/users\/2"}],"replies":[{"embeddable":true,"href":"https:\/\/lospoliticosveracruz.com\/index.php?rest_route=%2Fwp%2Fv2%2Fcomments&post=103400"}],"version-history":[{"count":1,"href":"https:\/\/lospoliticosveracruz.com\/index.php?rest_route=\/wp\/v2\/posts\/103400\/revisions"}],"predecessor-version":[{"id":103402,"href":"https:\/\/lospoliticosveracruz.com\/index.php?rest_route=\/wp\/v2\/posts\/103400\/revisions\/103402"}],"wp:attachment":[{"href":"https:\/\/lospoliticosveracruz.com\/index.php?rest_route=%2Fwp%2Fv2%2Fmedia&parent=103400"}],"wp:term":[{"taxonomy":"category","embeddable":true,"href":"https:\/\/lospoliticosveracruz.com\/index.php?rest_route=%2Fwp%2Fv2%2Fcategories&post=103400"},{"taxonomy":"post_tag","embeddable":true,"href":"https:\/\/lospoliticosveracruz.com\/index.php?rest_route=%2Fwp%2Fv2%2Ftags&post=103400"}],"curies":[{"name":"wp","href":"https:\/\/api.w.org\/{rel}","templated":true}]}}