{"id":103424,"date":"2023-03-08T16:01:34","date_gmt":"2023-03-08T22:01:34","guid":{"rendered":"https:\/\/lospoliticosveracruz.com.mx\/?p=103424"},"modified":"2023-03-08T16:01:40","modified_gmt":"2023-03-08T22:01:40","slug":"morena-unico-beneficiario-de-la-disputa-mc-vs-pri-prd","status":"publish","type":"post","link":"https:\/\/lospoliticosveracruz.com\/?p=103424","title":{"rendered":"MORENA \u00daNICO BENEFICIARIO DE LA DISPUTA MC vs PRI\/PRD"},"content":{"rendered":"\n<p><strong>Luis Bustos<\/strong><br><em>EnEstaHora<\/em><\/p>\n\n\n\n<p>Hoy en d\u00eda, algunos pol\u00edticos de \u201coficio\u201d, (los defino as\u00ed porque su vida entera ha dependido de la pol\u00edtica, de sus cargos, de sus \u201chuesos\u201d), est\u00e1n protagonizando un show al nivel de los que se presentan en la TV.<\/p>\n\n\n<div class=\"wp-block-image\">\n<figure class=\"alignleft size-medium\"><a href=\"https:\/\/lospoliticosveracruz.com.mx\/wp-content\/uploads\/2023\/02\/Estancia.jpg\"><img decoding=\"async\" src=\"https:\/\/lospoliticosveracruz.com.mx\/wp-content\/uploads\/2023\/02\/Estancia-190x300.jpg\" alt=\"\" class=\"wp-image-102751\"\/><\/a><\/figure>\n<\/div>\n\n\n<p><br>Cierto, Movimiento Ciudadano se ha salido de la contienda de Edomex, con razones cre\u00edble o no cre\u00edbles, eso depende del grado de conocimiento que cada quien tenga de Dante Delgado, quien dice, no quiere que le carguen el muertito aquellos que pierdan la elecci\u00f3n presidencial, refiri\u00e9ndose a priistas, perredistas y hasta morenistas, porque ech\u00f3 verborrea en contra de unos y otros.<br>Pareciera que habla como si estuviera y fuera a permanecer, estoicamente, en el limbo.<br>Unos, posiblemente piensen que hizo bien y que se est\u00e1 \u201ccurando en salud\u201d, por aquello del 24, para cuando, presume tener buenos \u201cgallos\u201d, dejando de lado la objetividad.<br>Que el alcalde de Monterrey, tiene franquicia al estilo McDonald\u2019s, pues si, efectivamente muchos ciudadanos tenemos bien grabado en nuestra mente el tr\u00e1gico acontecimiento de Tijuana y por mucho, puede ser el m\u00e1s \u201cconocido\u201d por la ciudadan\u00eda, aun sin conocerlo en verdad, pero el solo apellido Colosio ya es MARCA y, como tal, resulta un producto vendible electoralmente.<br>Dante, tambi\u00e9n le apuesta a sus gobernadores, Samuel Garc\u00eda, de Nuevo Le\u00f3n y Enrique Alfaro de Jalisco, quienes de mutuo propio se han anotado.<br>Si bien es cierto, Samuel gan\u00f3 puntos al haberse colgado, por m\u00e9rito propio, la medalla de la inversi\u00f3n de Tesla, tambi\u00e9n es obvio, que le faltan kil\u00f3metros por recorrer, destacando que hay mucha duda sobre si su esposa lo pudiera hacer ganar a nivel pa\u00eds, como lo hizo en su estado.<br>De Alfaro, solo se puede decir que, quiz\u00e1s sea buen pol\u00edtico y tenga algunos resultados, pero es un producto menos atractivo, menos vendible electoralmente.<br>Una vez, comentado las opciones Dantescas, me arriesgo a opinar sobre la postura del PRI y del PRD.<br>Lo que dijo +Alito: \u201cA Movimiento Ciudadano no le importa el futuro de las familias de Coahuila y del Estado de M\u00e9xico. Prefieren estar del lado incorrecto de las historia y darle la espalda a Va Por M\u00e9xico, la coalici\u00f3n que naci\u00f3 como respuesta a la exigencia de la ciudadan\u00eda de ir unidos\u201d, asegur\u00f3 el dirigente priista en redes sociales.<br>\u201cDe nueva cuenta, @MovCiudadanoMX demuestra que NO est\u00e1 a la altura de las crisis que vive el pa\u00eds. Cobardemente dicen hacerse a un lado, pero lo que realmente hacen es repetir el discurso que le dictan desde Morena. Una vez m\u00e1s, MC no tuvo el valor de ser opositor\u201d.<br>Por su parte, el coordinador priista en San L\u00e1zaro, Rub\u00e9n Moreira, dijo no estar sorprendido del anuncio de un partido \u201clleno de pol\u00edticos que han contendido por muchas siglas\u201d, pues mencion\u00f3 que MC apenas cumple los requisitos m\u00ednimos para mantener su registro.<\/p>\n\n\n\n<p>\u201cMovimiento Ciudadano ha buscado pretextos para no ayudar a Va por M\u00e9xico. No va a participar en los comicios porque no tiene capacidad, ahora, para hacer campa\u00f1a y sumar votos. \u00c9sa es la verdad; ya los veremos perdiendo el registro en el 24\u201d, dijo el legislador.<\/p>\n\n\n\n<p>En lo que corresponde al PRD, su dirigente, Jes\u00fas Zambrano, tambi\u00e9n se sum\u00f3 a las cr\u00edticas hacia MC y consider\u00f3 que, con el retiro de la contienda, este partido \u201cdemostr\u00f3 no tener niveles de competitividad\u201d.<\/p>\n\n\n\n<p>Dijo que lo que se esperaba no era su desistimiento, sino que se sumara a la alianza Va por M\u00e9xico para frenar a Morena, pero al no ser as\u00ed, llam\u00f3 a MC que pida a sus simpatizantes que voten por \u00e9sta.<\/p>\n\n\n\n<p>Adem\u00e1s, tambi\u00e9n pidi\u00f3 a quienes fueron perredistas en apoyo a Juan Zepeda, quien \u201cse llev\u00f3 una parte importante de las simpat\u00edas electorales perredistas\u201d, que vuelvan al PRD.<\/p>\n\n\n\n<p>\u201cOjal\u00e1 y que escuchen este respetuoso deseo que yo expreso p\u00fablicamente, que en el curso de las campa\u00f1as hagan un llamado para que los votos de los simpatizantes de MC se sumen a los de la coalici\u00f3n\u201d, dijo en entrevista con medios.<br>Como podemos apreciar y, ojal\u00e1 no lo olvidemos nunca, son las posturas antag\u00f3nicas de parte de MC y su contraparte, conformada por PRI y PRD\u2026.El PAN, ha guardado silencio.<br>Pues bien, cual haya sido la raz\u00f3n cierta, verdadera, real, vaya \u201cver\u00edfica\u201d de Dante y socios de MC, lo que los otros partidos deber\u00edan de hacer es dejar de lado los gritos y sombrerazos, porque de las palabras se puede pasar, f\u00e1cilmente, a las armas y, electoralmente, esas son peligrosas en la suma de un voto m\u00e1s.<br>No olviden que la ruta para el 2024 a\u00fan es larga, pero quiz\u00e1s, resulte muy corta y, en ese recorrido, para alcanzar la meta y los objetivos, se pueden necesitar unos a otros.<br>Me inclino por buscar el acercamiento racional, objetivo, con alteza de miras y sin egos de parte y parte, poniendo por encima de todo, a la naci\u00f3n.<br>Para lograr eso, no es muy complicado, existen herramientas como el dialogo, los consensos, las propuestas y los acuerdos.<br>Muchos de los protagonistas de este zinzizape, seguramente deben de recordar muy bien a Don Fernando Guti\u00e9rrez Barrios, que siempre hablaba de algo fundamental: LA CONCORDIA.<br>De lo contrario, desde ahora, est\u00e1n legitimando al \u00fanico beneficiario posible: Morena.<\/p>\n","protected":false},"excerpt":{"rendered":"<p>Luis BustosEnEstaHora Hoy en d\u00eda, algunos pol\u00edticos de \u201coficio\u201d, (los defino as\u00ed porque su vida entera ha dependido de la pol\u00edtica, de sus cargos, de sus \u201chuesos\u201d), est\u00e1n protagonizando un show al nivel de los que se presentan en la TV. Cierto, Movimiento Ciudadano se ha salido de la contienda de Edomex, con razones cre\u00edble [&hellip;]<\/p>\n","protected":false},"author":2,"featured_media":0,"comment_status":"closed","ping_status":"closed","sticky":false,"template":"","format":"standard","meta":{"tdm_status":"","tdm_grid_status":"","footnotes":""},"categories":[70],"tags":[1006,37478,16759,2327,15997],"class_list":{"0":"post-103424","1":"post","2":"type-post","3":"status-publish","4":"format-standard","6":"category-de-opinion","7":"tag-dante-delgado-rannauro","8":"tag-enrique-alfaro-de-jalisco","9":"tag-luis-bustos","10":"tag-movimiento-ciudadano","11":"tag-samuel-garcia"},"yoast_head":"<!-- This site is optimized with the Yoast SEO plugin v27.4 - https:\/\/yoast.com\/product\/yoast-seo-wordpress\/ -->\n<title>MORENA \u00daNICO BENEFICIARIO DE LA DISPUTA MC vs PRI\/PRD - Los pol\u00edticos Veracruz<\/title>\n<meta name=\"robots\" content=\"index, follow, max-snippet:-1, max-image-preview:large, max-video-preview:-1\" \/>\n<link rel=\"canonical\" href=\"https:\/\/lospoliticosveracruz.com\/?p=103424\" \/>\n<meta property=\"og:locale\" content=\"es_ES\" \/>\n<meta property=\"og:type\" content=\"article\" \/>\n<meta property=\"og:title\" content=\"MORENA \u00daNICO BENEFICIARIO DE LA DISPUTA MC vs PRI\/PRD - Los pol\u00edticos Veracruz\" \/>\n<meta property=\"og:description\" content=\"Luis BustosEnEstaHora Hoy en d\u00eda, algunos pol\u00edticos de \u201coficio\u201d, (los defino as\u00ed porque su vida entera ha dependido de la pol\u00edtica, de sus cargos, de sus \u201chuesos\u201d), est\u00e1n protagonizando un show al nivel de los que se presentan en la TV. Cierto, Movimiento Ciudadano se ha salido de la contienda de Edomex, con razones cre\u00edble [&hellip;]\" \/>\n<meta property=\"og:url\" content=\"https:\/\/lospoliticosveracruz.com\/?p=103424\" \/>\n<meta property=\"og:site_name\" content=\"Los pol\u00edticos Veracruz\" \/>\n<meta property=\"article:publisher\" content=\"https:\/\/www.facebook.com\/people\/Notimemes-de-los-Polticos\/61565672886568\/\" \/>\n<meta property=\"article:published_time\" content=\"2023-03-08T22:01:34+00:00\" \/>\n<meta property=\"article:modified_time\" content=\"2023-03-08T22:01:40+00:00\" \/>\n<meta property=\"og:image\" content=\"https:\/\/lospoliticosveracruz.com.mx\/wp-content\/uploads\/2023\/02\/Estancia-190x300.jpg\" \/>\n<meta name=\"author\" content=\"Lo viste en Los Pol\u00edticos\" \/>\n<meta name=\"twitter:card\" content=\"summary_large_image\" \/>\n<meta name=\"twitter:creator\" content=\"@LosPoliticosVer\" \/>\n<meta name=\"twitter:site\" content=\"@LosPoliticosVer\" \/>\n<meta name=\"twitter:label1\" content=\"Escrito por\" \/>\n\t<meta name=\"twitter:data1\" content=\"Lo viste en Los Pol\u00edticos\" \/>\n\t<meta name=\"twitter:label2\" content=\"Tiempo de lectura\" \/>\n\t<meta name=\"twitter:data2\" content=\"5 minutos\" \/>\n<script type=\"application\/ld+json\" class=\"yoast-schema-graph\">{\"@context\":\"https:\\\/\\\/schema.org\",\"@graph\":[{\"@type\":\"Article\",\"@id\":\"https:\\\/\\\/lospoliticosveracruz.com\\\/?p=103424#article\",\"isPartOf\":{\"@id\":\"https:\\\/\\\/lospoliticosveracruz.com\\\/?p=103424\"},\"author\":{\"name\":\"Lo viste en Los Pol\u00edticos\",\"@id\":\"https:\\\/\\\/lospoliticosveracruz.com\\\/#\\\/schema\\\/person\\\/b8702bb0e538456e6efd07080bf2a4a2\"},\"headline\":\"MORENA \u00daNICO BENEFICIARIO DE LA DISPUTA MC vs PRI\\\/PRD\",\"datePublished\":\"2023-03-08T22:01:34+00:00\",\"dateModified\":\"2023-03-08T22:01:40+00:00\",\"mainEntityOfPage\":{\"@id\":\"https:\\\/\\\/lospoliticosveracruz.com\\\/?p=103424\"},\"wordCount\":928,\"publisher\":{\"@id\":\"https:\\\/\\\/lospoliticosveracruz.com\\\/#organization\"},\"image\":{\"@id\":\"https:\\\/\\\/lospoliticosveracruz.com\\\/?p=103424#primaryimage\"},\"thumbnailUrl\":\"https:\\\/\\\/lospoliticosveracruz.com.mx\\\/wp-content\\\/uploads\\\/2023\\\/02\\\/Estancia-190x300.jpg\",\"keywords\":[\"Dante Delgado Rannauro\",\"Enrique Alfaro de Jalisco\",\"Luis Bustos\",\"Movimiento Ciudadano\",\"Samuel Garc\u00eda\"],\"articleSection\":[\"De Opini\u00f3n\"],\"inLanguage\":\"es\"},{\"@type\":\"WebPage\",\"@id\":\"https:\\\/\\\/lospoliticosveracruz.com\\\/?p=103424\",\"url\":\"https:\\\/\\\/lospoliticosveracruz.com\\\/?p=103424\",\"name\":\"MORENA \u00daNICO BENEFICIARIO DE LA DISPUTA MC vs PRI\\\/PRD - Los pol\u00edticos Veracruz\",\"isPartOf\":{\"@id\":\"https:\\\/\\\/lospoliticosveracruz.com\\\/#website\"},\"primaryImageOfPage\":{\"@id\":\"https:\\\/\\\/lospoliticosveracruz.com\\\/?p=103424#primaryimage\"},\"image\":{\"@id\":\"https:\\\/\\\/lospoliticosveracruz.com\\\/?p=103424#primaryimage\"},\"thumbnailUrl\":\"https:\\\/\\\/lospoliticosveracruz.com.mx\\\/wp-content\\\/uploads\\\/2023\\\/02\\\/Estancia-190x300.jpg\",\"datePublished\":\"2023-03-08T22:01:34+00:00\",\"dateModified\":\"2023-03-08T22:01:40+00:00\",\"breadcrumb\":{\"@id\":\"https:\\\/\\\/lospoliticosveracruz.com\\\/?p=103424#breadcrumb\"},\"inLanguage\":\"es\",\"potentialAction\":[{\"@type\":\"ReadAction\",\"target\":[\"https:\\\/\\\/lospoliticosveracruz.com\\\/?p=103424\"]}]},{\"@type\":\"ImageObject\",\"inLanguage\":\"es\",\"@id\":\"https:\\\/\\\/lospoliticosveracruz.com\\\/?p=103424#primaryimage\",\"url\":\"https:\\\/\\\/lospoliticosveracruz.com.mx\\\/wp-content\\\/uploads\\\/2023\\\/02\\\/Estancia-190x300.jpg\",\"contentUrl\":\"https:\\\/\\\/lospoliticosveracruz.com.mx\\\/wp-content\\\/uploads\\\/2023\\\/02\\\/Estancia-190x300.jpg\"},{\"@type\":\"BreadcrumbList\",\"@id\":\"https:\\\/\\\/lospoliticosveracruz.com\\\/?p=103424#breadcrumb\",\"itemListElement\":[{\"@type\":\"ListItem\",\"position\":1,\"name\":\"Portada\",\"item\":\"https:\\\/\\\/lospoliticosveracruz.com\\\/\"},{\"@type\":\"ListItem\",\"position\":2,\"name\":\"MORENA \u00daNICO BENEFICIARIO DE LA DISPUTA MC vs PRI\\\/PRD\"}]},{\"@type\":\"WebSite\",\"@id\":\"https:\\\/\\\/lospoliticosveracruz.com\\\/#website\",\"url\":\"https:\\\/\\\/lospoliticosveracruz.com\\\/\",\"name\":\"Los pol\u00edticos Veracruz\",\"description\":\"\",\"publisher\":{\"@id\":\"https:\\\/\\\/lospoliticosveracruz.com\\\/#organization\"},\"potentialAction\":[{\"@type\":\"SearchAction\",\"target\":{\"@type\":\"EntryPoint\",\"urlTemplate\":\"https:\\\/\\\/lospoliticosveracruz.com\\\/?s={search_term_string}\"},\"query-input\":{\"@type\":\"PropertyValueSpecification\",\"valueRequired\":true,\"valueName\":\"search_term_string\"}}],\"inLanguage\":\"es\"},{\"@type\":\"Organization\",\"@id\":\"https:\\\/\\\/lospoliticosveracruz.com\\\/#organization\",\"name\":\"Los pol\u00edticos Veracruz\",\"url\":\"https:\\\/\\\/lospoliticosveracruz.com\\\/\",\"logo\":{\"@type\":\"ImageObject\",\"inLanguage\":\"es\",\"@id\":\"https:\\\/\\\/lospoliticosveracruz.com\\\/#\\\/schema\\\/logo\\\/image\\\/\",\"url\":\"https:\\\/\\\/lospoliticosveracruz.com\\\/wp-content\\\/uploads\\\/2025\\\/12\\\/Logo-Nuevo-LOS-POLITICOS-1.jpg\",\"contentUrl\":\"https:\\\/\\\/lospoliticosveracruz.com\\\/wp-content\\\/uploads\\\/2025\\\/12\\\/Logo-Nuevo-LOS-POLITICOS-1.jpg\",\"width\":260,\"height\":70,\"caption\":\"Los pol\u00edticos Veracruz\"},\"image\":{\"@id\":\"https:\\\/\\\/lospoliticosveracruz.com\\\/#\\\/schema\\\/logo\\\/image\\\/\"},\"sameAs\":[\"https:\\\/\\\/www.facebook.com\\\/people\\\/Notimemes-de-los-Polticos\\\/61565672886568\\\/\",\"https:\\\/\\\/x.com\\\/LosPoliticosVer\"]},{\"@type\":\"Person\",\"@id\":\"https:\\\/\\\/lospoliticosveracruz.com\\\/#\\\/schema\\\/person\\\/b8702bb0e538456e6efd07080bf2a4a2\",\"name\":\"Lo viste en Los Pol\u00edticos\",\"image\":{\"@type\":\"ImageObject\",\"inLanguage\":\"es\",\"@id\":\"https:\\\/\\\/secure.gravatar.com\\\/avatar\\\/3a8de04a2656d44082be478bd6c086daa447c4651605818287b9532d3d0bd435?s=96&d=mm&r=g\",\"url\":\"https:\\\/\\\/secure.gravatar.com\\\/avatar\\\/3a8de04a2656d44082be478bd6c086daa447c4651605818287b9532d3d0bd435?s=96&d=mm&r=g\",\"contentUrl\":\"https:\\\/\\\/secure.gravatar.com\\\/avatar\\\/3a8de04a2656d44082be478bd6c086daa447c4651605818287b9532d3d0bd435?s=96&d=mm&r=g\",\"caption\":\"Lo viste en Los Pol\u00edticos\"},\"url\":\"https:\\\/\\\/lospoliticosveracruz.com\\\/?author=2\"}]}<\/script>\n<!-- \/ Yoast SEO plugin. -->","yoast_head_json":{"title":"MORENA \u00daNICO BENEFICIARIO DE LA DISPUTA MC vs PRI\/PRD - Los pol\u00edticos Veracruz","robots":{"index":"index","follow":"follow","max-snippet":"max-snippet:-1","max-image-preview":"max-image-preview:large","max-video-preview":"max-video-preview:-1"},"canonical":"https:\/\/lospoliticosveracruz.com\/?p=103424","og_locale":"es_ES","og_type":"article","og_title":"MORENA \u00daNICO BENEFICIARIO DE LA DISPUTA MC vs PRI\/PRD - Los pol\u00edticos Veracruz","og_description":"Luis BustosEnEstaHora Hoy en d\u00eda, algunos pol\u00edticos de \u201coficio\u201d, (los defino as\u00ed porque su vida entera ha dependido de la pol\u00edtica, de sus cargos, de sus \u201chuesos\u201d), est\u00e1n protagonizando un show al nivel de los que se presentan en la TV. Cierto, Movimiento Ciudadano se ha salido de la contienda de Edomex, con razones cre\u00edble [&hellip;]","og_url":"https:\/\/lospoliticosveracruz.com\/?p=103424","og_site_name":"Los pol\u00edticos Veracruz","article_publisher":"https:\/\/www.facebook.com\/people\/Notimemes-de-los-Polticos\/61565672886568\/","article_published_time":"2023-03-08T22:01:34+00:00","article_modified_time":"2023-03-08T22:01:40+00:00","og_image":[{"url":"https:\/\/lospoliticosveracruz.com.mx\/wp-content\/uploads\/2023\/02\/Estancia-190x300.jpg","type":"","width":"","height":""}],"author":"Lo viste en Los Pol\u00edticos","twitter_card":"summary_large_image","twitter_creator":"@LosPoliticosVer","twitter_site":"@LosPoliticosVer","twitter_misc":{"Escrito por":"Lo viste en Los Pol\u00edticos","Tiempo de lectura":"5 minutos"},"schema":{"@context":"https:\/\/schema.org","@graph":[{"@type":"Article","@id":"https:\/\/lospoliticosveracruz.com\/?p=103424#article","isPartOf":{"@id":"https:\/\/lospoliticosveracruz.com\/?p=103424"},"author":{"name":"Lo viste en Los Pol\u00edticos","@id":"https:\/\/lospoliticosveracruz.com\/#\/schema\/person\/b8702bb0e538456e6efd07080bf2a4a2"},"headline":"MORENA \u00daNICO BENEFICIARIO DE LA DISPUTA MC vs PRI\/PRD","datePublished":"2023-03-08T22:01:34+00:00","dateModified":"2023-03-08T22:01:40+00:00","mainEntityOfPage":{"@id":"https:\/\/lospoliticosveracruz.com\/?p=103424"},"wordCount":928,"publisher":{"@id":"https:\/\/lospoliticosveracruz.com\/#organization"},"image":{"@id":"https:\/\/lospoliticosveracruz.com\/?p=103424#primaryimage"},"thumbnailUrl":"https:\/\/lospoliticosveracruz.com.mx\/wp-content\/uploads\/2023\/02\/Estancia-190x300.jpg","keywords":["Dante Delgado Rannauro","Enrique Alfaro de Jalisco","Luis Bustos","Movimiento Ciudadano","Samuel Garc\u00eda"],"articleSection":["De Opini\u00f3n"],"inLanguage":"es"},{"@type":"WebPage","@id":"https:\/\/lospoliticosveracruz.com\/?p=103424","url":"https:\/\/lospoliticosveracruz.com\/?p=103424","name":"MORENA \u00daNICO BENEFICIARIO DE LA DISPUTA MC vs PRI\/PRD - Los pol\u00edticos Veracruz","isPartOf":{"@id":"https:\/\/lospoliticosveracruz.com\/#website"},"primaryImageOfPage":{"@id":"https:\/\/lospoliticosveracruz.com\/?p=103424#primaryimage"},"image":{"@id":"https:\/\/lospoliticosveracruz.com\/?p=103424#primaryimage"},"thumbnailUrl":"https:\/\/lospoliticosveracruz.com.mx\/wp-content\/uploads\/2023\/02\/Estancia-190x300.jpg","datePublished":"2023-03-08T22:01:34+00:00","dateModified":"2023-03-08T22:01:40+00:00","breadcrumb":{"@id":"https:\/\/lospoliticosveracruz.com\/?p=103424#breadcrumb"},"inLanguage":"es","potentialAction":[{"@type":"ReadAction","target":["https:\/\/lospoliticosveracruz.com\/?p=103424"]}]},{"@type":"ImageObject","inLanguage":"es","@id":"https:\/\/lospoliticosveracruz.com\/?p=103424#primaryimage","url":"https:\/\/lospoliticosveracruz.com.mx\/wp-content\/uploads\/2023\/02\/Estancia-190x300.jpg","contentUrl":"https:\/\/lospoliticosveracruz.com.mx\/wp-content\/uploads\/2023\/02\/Estancia-190x300.jpg"},{"@type":"BreadcrumbList","@id":"https:\/\/lospoliticosveracruz.com\/?p=103424#breadcrumb","itemListElement":[{"@type":"ListItem","position":1,"name":"Portada","item":"https:\/\/lospoliticosveracruz.com\/"},{"@type":"ListItem","position":2,"name":"MORENA \u00daNICO BENEFICIARIO DE LA DISPUTA MC vs PRI\/PRD"}]},{"@type":"WebSite","@id":"https:\/\/lospoliticosveracruz.com\/#website","url":"https:\/\/lospoliticosveracruz.com\/","name":"Los pol\u00edticos Veracruz","description":"","publisher":{"@id":"https:\/\/lospoliticosveracruz.com\/#organization"},"potentialAction":[{"@type":"SearchAction","target":{"@type":"EntryPoint","urlTemplate":"https:\/\/lospoliticosveracruz.com\/?s={search_term_string}"},"query-input":{"@type":"PropertyValueSpecification","valueRequired":true,"valueName":"search_term_string"}}],"inLanguage":"es"},{"@type":"Organization","@id":"https:\/\/lospoliticosveracruz.com\/#organization","name":"Los pol\u00edticos Veracruz","url":"https:\/\/lospoliticosveracruz.com\/","logo":{"@type":"ImageObject","inLanguage":"es","@id":"https:\/\/lospoliticosveracruz.com\/#\/schema\/logo\/image\/","url":"https:\/\/lospoliticosveracruz.com\/wp-content\/uploads\/2025\/12\/Logo-Nuevo-LOS-POLITICOS-1.jpg","contentUrl":"https:\/\/lospoliticosveracruz.com\/wp-content\/uploads\/2025\/12\/Logo-Nuevo-LOS-POLITICOS-1.jpg","width":260,"height":70,"caption":"Los pol\u00edticos Veracruz"},"image":{"@id":"https:\/\/lospoliticosveracruz.com\/#\/schema\/logo\/image\/"},"sameAs":["https:\/\/www.facebook.com\/people\/Notimemes-de-los-Polticos\/61565672886568\/","https:\/\/x.com\/LosPoliticosVer"]},{"@type":"Person","@id":"https:\/\/lospoliticosveracruz.com\/#\/schema\/person\/b8702bb0e538456e6efd07080bf2a4a2","name":"Lo viste en Los Pol\u00edticos","image":{"@type":"ImageObject","inLanguage":"es","@id":"https:\/\/secure.gravatar.com\/avatar\/3a8de04a2656d44082be478bd6c086daa447c4651605818287b9532d3d0bd435?s=96&d=mm&r=g","url":"https:\/\/secure.gravatar.com\/avatar\/3a8de04a2656d44082be478bd6c086daa447c4651605818287b9532d3d0bd435?s=96&d=mm&r=g","contentUrl":"https:\/\/secure.gravatar.com\/avatar\/3a8de04a2656d44082be478bd6c086daa447c4651605818287b9532d3d0bd435?s=96&d=mm&r=g","caption":"Lo viste en Los Pol\u00edticos"},"url":"https:\/\/lospoliticosveracruz.com\/?author=2"}]}},"_links":{"self":[{"href":"https:\/\/lospoliticosveracruz.com\/index.php?rest_route=\/wp\/v2\/posts\/103424","targetHints":{"allow":["GET"]}}],"collection":[{"href":"https:\/\/lospoliticosveracruz.com\/index.php?rest_route=\/wp\/v2\/posts"}],"about":[{"href":"https:\/\/lospoliticosveracruz.com\/index.php?rest_route=\/wp\/v2\/types\/post"}],"author":[{"embeddable":true,"href":"https:\/\/lospoliticosveracruz.com\/index.php?rest_route=\/wp\/v2\/users\/2"}],"replies":[{"embeddable":true,"href":"https:\/\/lospoliticosveracruz.com\/index.php?rest_route=%2Fwp%2Fv2%2Fcomments&post=103424"}],"version-history":[{"count":1,"href":"https:\/\/lospoliticosveracruz.com\/index.php?rest_route=\/wp\/v2\/posts\/103424\/revisions"}],"predecessor-version":[{"id":103425,"href":"https:\/\/lospoliticosveracruz.com\/index.php?rest_route=\/wp\/v2\/posts\/103424\/revisions\/103425"}],"wp:attachment":[{"href":"https:\/\/lospoliticosveracruz.com\/index.php?rest_route=%2Fwp%2Fv2%2Fmedia&parent=103424"}],"wp:term":[{"taxonomy":"category","embeddable":true,"href":"https:\/\/lospoliticosveracruz.com\/index.php?rest_route=%2Fwp%2Fv2%2Fcategories&post=103424"},{"taxonomy":"post_tag","embeddable":true,"href":"https:\/\/lospoliticosveracruz.com\/index.php?rest_route=%2Fwp%2Fv2%2Ftags&post=103424"}],"curies":[{"name":"wp","href":"https:\/\/api.w.org\/{rel}","templated":true}]}}