{"id":103447,"date":"2023-03-09T08:35:26","date_gmt":"2023-03-09T14:35:26","guid":{"rendered":"https:\/\/lospoliticosveracruz.com.mx\/?p=103447"},"modified":"2023-03-09T08:35:32","modified_gmt":"2023-03-09T14:35:32","slug":"mas-aguerridas-y-valientes","status":"publish","type":"post","link":"https:\/\/lospoliticosveracruz.com\/?p=103447","title":{"rendered":"M\u00c1S AGUERRIDAS Y VALIENTES"},"content":{"rendered":"\n<p><\/p>\n\n\n\n<p><strong>Bernardo Guti\u00e9rrez Parra<br><\/strong><em>Desde el Caf\u00e9<\/em><\/p>\n\n\n\n<p>Otra vez salieron a exigir que ya no las agredan, que ya no las humillen, que ya no las hostiguen secuestren o desaparezcan; que ya no las maten o las mutilen. Y otra vez se toparon con la cerraz\u00f3n de las vallas met\u00e1licas y la indiferencia presidencial. Porque lo \u00fanico que hizo L\u00f3pez Obrador para cubrir el expediente fue decir que su gobierno cuenta con una \u201cestrategia especial\u201d para defenderlas de abusos, malos tratos y feminicidios.<\/p>\n\n\n<div class=\"wp-block-image\">\n<figure class=\"alignleft size-medium\"><a href=\"https:\/\/lospoliticosveracruz.com.mx\/wp-content\/uploads\/2021\/10\/WhatsApp-Image-2021-10-02-at-15.20.25.jpeg\"><img loading=\"lazy\" decoding=\"async\" width=\"212\" height=\"300\" src=\"https:\/\/lospoliticosveracruz.com.mx\/wp-content\/uploads\/2021\/10\/WhatsApp-Image-2021-10-02-at-15.20.25-212x300.jpeg\" alt=\"\" class=\"wp-image-80177\" srcset=\"https:\/\/lospoliticosveracruz.com\/wp-content\/uploads\/2021\/10\/WhatsApp-Image-2021-10-02-at-15.20.25-212x300.jpeg 212w, https:\/\/lospoliticosveracruz.com\/wp-content\/uploads\/2021\/10\/WhatsApp-Image-2021-10-02-at-15.20.25-724x1024.jpeg 724w, https:\/\/lospoliticosveracruz.com\/wp-content\/uploads\/2021\/10\/WhatsApp-Image-2021-10-02-at-15.20.25-768x1086.jpeg 768w, https:\/\/lospoliticosveracruz.com\/wp-content\/uploads\/2021\/10\/WhatsApp-Image-2021-10-02-at-15.20.25.jpeg 905w\" sizes=\"auto, (max-width: 212px) 100vw, 212px\" \/><\/a><\/figure>\n<\/div>\n\n\n<p>\u00bfCu\u00e1l estrategia? \u00bfEn qu\u00e9 consiste? No lo dijo ni lo va a decir porque no la tiene; no existe esa estrategia. Si as\u00ed fuera M\u00e9xico no ser\u00eda el infierno que se ha convertido para las mujeres, porque eso es este pa\u00eds, un infierno para ellas.<\/p>\n\n\n\n<p>En Veracruz (tercer lugar nacional en feminicidios) 17 carteles con fotos de mujeres desplegados en la fachada y la parte posterior de Palacio de Gobierno, anuncian al mundo que la igualdad de g\u00e9nero es una realidad en la entidad.<\/p>\n\n\n\n<p>En las fotos aparecen la presidenta del Poder Judicial estatal, Lisbeth Jim\u00e9nez Aguirre; la presidenta del Congreso local, Margarita Corro Mendoza y Claudia Gal\u00e1n Espinoza, integrante del Consejo de la Judicatura. El resto son ministras del Poder Judicial.<\/p>\n\n\n\n<p>En lo personal me pone feliz ver a tantas mujeres empoderadas, pero mi felicidad ser\u00e1 completa el d\u00eda que tengan el perfil para ocupar esos puestos, y sean aut\u00e9nticamente aut\u00f3nomas e independientes del poder que ejercen sobre ellas tanto el gobernador como del secretario de Gobierno.<\/p>\n\n\n\n<p>\u201cEso s\u00ed es politiquer\u00eda, es atole con el dedo para las mujeres de parte de Cuitl\u00e1huac Garc\u00eda\u201d me dijo Julia, integrante de un colectivo de mujeres agredidas, mientras se\u00f1alaba los carteles.<\/p>\n\n\n\n<p>Como ayer fue D\u00eda Internacional de la Mujer hab\u00eda que decirles algo bonito y Cuitl\u00e1huac solt\u00f3 de su pecho a los reporteros: \u201cLos invito a que escuchen a las mujeres, que la sociedad est\u00e9 atenta\u2026 (una) sociedad que todav\u00eda tiene tintes machistas\u201d.<\/p>\n\n\n\n<p>Pero no tuvo que ir muy lejos para que le reviraran. \u201cQuien menos nos escucha es \u00e9l y tampoco nos atiende. De hecho tiene \u2018siglos\u2019 que no nos recibe\u201d, me dijo Carmen, que busca desde hace cinco a\u00f1os a su hija desaparecida.<\/p>\n\n\n\n<p>\u201cM\u00e1s que criticarlas es importante escucharlas\u201d agreg\u00f3 Cuitl\u00e1huac, pasando por alto que quien m\u00e1s las critica y ofende es su patr\u00f3n L\u00f3pez Obrador.<\/p>\n\n\n\n<p>Bien guapa toda ella la Oficial Mayor de la SEV, Ariadna Aguilar Amaya, dijo que \u201cGracias al impulso del gobernador Cuitl\u00e1huac Garc\u00eda, en Veracruz se est\u00e1 viviendo una transformaci\u00f3n palpable en cuanto a la equidad de g\u00e9nero\u201d. Y qu\u00e9 bueno que as\u00ed sea, pero ese no es el punto.<\/p>\n\n\n\n<p>El punto son las agresiones, violaciones, secuestros y asesinatos que han convertido a la entidad en la tercera m\u00e1s peligrosa para las mujeres. El punto son los m\u00e1s de 400 feminicidios perpetrados en Veracruz en este gobierno; el punto son las 22 mujeres acribilladas en los primeros dos meses de este a\u00f1o.<\/p>\n\n\n\n<p>Por otra parte, el punto no son los 10 feminicidas condenados a cadenas perpetuas, sino los cientos de tipejos que tras privarlas de la vida siguen sueltos e impunes.<\/p>\n\n\n\n<p>Ese es el punto.<\/p>\n\n\n\n<p>Este mi\u00e9rcoles miles de mujeres en Xalapa lo volvieron a hacer y salieron a las calles m\u00e1s aguerridas, valientes y entusiastas a exigir lo que por derecho y humanidad les corresponde.<\/p>\n\n\n\n<p>Lo que llam\u00f3 la atenci\u00f3n es que en su gran mayor\u00eda fueron j\u00f3venes, adolescentes e incluso ni\u00f1as, que un d\u00eda dir\u00e1n a sus hijos y nietos que hubo una vez que en M\u00e9xico se contaron por miles las mujeres asesinadas por ga\u00f1anes sin escr\u00fapulos y que ellas les dieron voz.<\/p>\n\n\n\n<p>Y agregar\u00e1n que en ese entonces tomaron las calles para exigir respeto a sus vidas, justicia, paz y trabajos mejor remunerados, a pesar de que gobernaba en Veracruz un sujeto que nunca vio por ellas. Y en Palacio Nacional ejerc\u00eda el poder un individuo que las odiaba y que era aut\u00f3crata, macho, soez y acomplejado.<\/p>\n\n\n\n<p>Un consejero de lujo para el INE<\/p>\n\n\n\n<p>No todos los hombres y mujeres que buscan un cargo en el organigrama del INE tienen un compadre en el Congreso o un amigo de mucho peso en Palacio Nacional. En la enorme lista de aspirantes, hay entes brillantes con personalidad propia y la capacidad necesaria para seguir dando lustre al Instituto Nacional Electoral.<\/p>\n\n\n\n<p>Una de esas personas es el doctor Armando Hern\u00e1ndez Cruz, poseedor de una hoja curricular envidiable, como envidiable es su labor acad\u00e9mica y profesional.<\/p>\n\n\n\n<p>Armando Hern\u00e1ndez es Licenciado en Derecho por la UNAM. De 1994 a 1997 realiz\u00f3 una Especialidad en Derecho Constitucional y Administrativo en la UNAM y fue en nuestra M\u00e1xima Casa de Estudios donde obtuvo su Doctorado en Derecho en 2001.<\/p>\n\n\n\n<p>Tiene una Especialidad en Derechos Humanos y una Maestr\u00eda en Derecho, adem\u00e1s de una Especialidad en Derecho Constitucional que le otorg\u00f3 la Universidad de Salamanca, Espa\u00f1a, en 2008.<\/p>\n\n\n\n<p>Como formaci\u00f3n adicional tiene una licenciatura en Periodismo, otra en Econom\u00eda y una m\u00e1s en Comunicaci\u00f3n Social.<\/p>\n\n\n\n<p>Desde 1995 es catedr\u00e1tico de la Facultad de Derecho de la UNAM en diversas asignaturas a nivel licenciatura y posgrado. Ha impartido c\u00e1tedra a nivel licenciatura y posgrado en la Universidad Aut\u00f3noma de Tlaxcala, en el Instituto Nacional de Ciencias Penales y en la Universidad An\u00e1huac, entre otras. Tambi\u00e9n ha impartido cursos y conferencias especiales sobre temas de cultura de legalidad, derechos humanos y derecho electoral, en instituciones como las Comisiones y Procuradur\u00edas estatales de Derechos Humanos en Yucat\u00e1n, Tabasco, Puebla y Chihuahua.<\/p>\n\n\n\n<p>Fue integrante del Consejo Consultivo de la Comisi\u00f3n de Derechos Humanos del Distrito Federal, Director General de Derechos Humanos en la Procuradur\u00eda General de Justicia del Distrito Federal, adem\u00e1s de Instructor y capacitador en cursos sobre Derechos Humanos en esa Procuradur\u00eda y en el Instituto de Formaci\u00f3n Profesional.<\/p>\n\n\n\n<p>En la actualidad es Magistrado Presidente del Tribunal Electoral del Distrito Federal, cargo que desempe\u00f1a desde el 2014.<\/p>\n\n\n\n<p>Entre los libros que ha escrito destacan Derechos Humanos, Democracia y Desarrollo, publicado en 2006; Los Derechos Econ\u00f3micos, Sociales y Culturales y su Justiciabilidad en el Derecho Mexicano, publicado en 2010 y Eficacia Constitucional y Derechos Humanos editado en 2014.<\/p>\n\n\n\n<p>El vast\u00edsimo conocimiento del doctor Hern\u00e1ndez Cruz en derechos humanos y electorales, lo hace una persona indispensable en el INE.<\/p>\n\n\n\n<p>Ayer por la noche se dieron a conocer los primeros resultados del examen realizado a los aspirantes a consejeros electorales, y si entre ellos queda el doctor Armando Hern\u00e1ndez Cruz, el INE y el pa\u00eds tendr\u00e1n un Consejero de lujo.<\/p>\n\n\n\n<p>bernardogup@hotmail.com<\/p>\n","protected":false},"excerpt":{"rendered":"<p>Bernardo Guti\u00e9rrez ParraDesde el Caf\u00e9 Otra vez salieron a exigir que ya no las agredan, que ya no las humillen, que ya no las hostiguen secuestren o desaparezcan; que ya no las maten o las mutilen. Y otra vez se toparon con la cerraz\u00f3n de las vallas met\u00e1licas y la indiferencia presidencial. Porque lo \u00fanico [&hellip;]<\/p>\n","protected":false},"author":2,"featured_media":0,"comment_status":"closed","ping_status":"closed","sticky":false,"template":"","format":"standard","meta":{"tdm_status":"","tdm_grid_status":"","footnotes":""},"categories":[70],"tags":[34206,1563,4995,826,1026,3228,195],"class_list":{"0":"post-103447","1":"post","2":"type-post","3":"status-publish","4":"format-standard","6":"category-de-opinion","7":"tag-bernardo-gutierrez-parra","8":"tag-cuitlahuac-garcia-jimenez","9":"tag-dia-internacional-de-la-mujer","10":"tag-feminicidios","11":"tag-morena","12":"tag-oficial-mayor-de-la-sev","13":"tag-veracruz"},"yoast_head":"<!-- This site is optimized with the Yoast SEO plugin v27.4 - https:\/\/yoast.com\/product\/yoast-seo-wordpress\/ -->\n<title>M\u00c1S AGUERRIDAS Y VALIENTES - Los pol\u00edticos Veracruz<\/title>\n<meta name=\"robots\" content=\"index, follow, max-snippet:-1, max-image-preview:large, max-video-preview:-1\" \/>\n<link rel=\"canonical\" href=\"https:\/\/lospoliticosveracruz.com\/?p=103447\" \/>\n<meta property=\"og:locale\" content=\"es_ES\" \/>\n<meta property=\"og:type\" content=\"article\" \/>\n<meta property=\"og:title\" content=\"M\u00c1S AGUERRIDAS Y VALIENTES - Los pol\u00edticos Veracruz\" \/>\n<meta property=\"og:description\" content=\"Bernardo Guti\u00e9rrez ParraDesde el Caf\u00e9 Otra vez salieron a exigir que ya no las agredan, que ya no las humillen, que ya no las hostiguen secuestren o desaparezcan; que ya no las maten o las mutilen. Y otra vez se toparon con la cerraz\u00f3n de las vallas met\u00e1licas y la indiferencia presidencial. Porque lo \u00fanico [&hellip;]\" \/>\n<meta property=\"og:url\" content=\"https:\/\/lospoliticosveracruz.com\/?p=103447\" \/>\n<meta property=\"og:site_name\" content=\"Los pol\u00edticos Veracruz\" \/>\n<meta property=\"article:publisher\" content=\"https:\/\/www.facebook.com\/people\/Notimemes-de-los-Polticos\/61565672886568\/\" \/>\n<meta property=\"article:published_time\" content=\"2023-03-09T14:35:26+00:00\" \/>\n<meta property=\"article:modified_time\" content=\"2023-03-09T14:35:32+00:00\" \/>\n<meta property=\"og:image\" content=\"https:\/\/lospoliticosveracruz.com.mx\/wp-content\/uploads\/2021\/10\/WhatsApp-Image-2021-10-02-at-15.20.25-212x300.jpeg\" \/>\n<meta name=\"author\" content=\"Lo viste en Los Pol\u00edticos\" \/>\n<meta name=\"twitter:card\" content=\"summary_large_image\" \/>\n<meta name=\"twitter:creator\" content=\"@LosPoliticosVer\" \/>\n<meta name=\"twitter:site\" content=\"@LosPoliticosVer\" \/>\n<meta name=\"twitter:label1\" content=\"Escrito por\" \/>\n\t<meta name=\"twitter:data1\" content=\"Lo viste en Los Pol\u00edticos\" \/>\n\t<meta name=\"twitter:label2\" content=\"Tiempo de lectura\" \/>\n\t<meta name=\"twitter:data2\" content=\"6 minutos\" \/>\n<script type=\"application\/ld+json\" class=\"yoast-schema-graph\">{\"@context\":\"https:\\\/\\\/schema.org\",\"@graph\":[{\"@type\":\"Article\",\"@id\":\"https:\\\/\\\/lospoliticosveracruz.com\\\/?p=103447#article\",\"isPartOf\":{\"@id\":\"https:\\\/\\\/lospoliticosveracruz.com\\\/?p=103447\"},\"author\":{\"name\":\"Lo viste en Los Pol\u00edticos\",\"@id\":\"https:\\\/\\\/lospoliticosveracruz.com\\\/#\\\/schema\\\/person\\\/b8702bb0e538456e6efd07080bf2a4a2\"},\"headline\":\"M\u00c1S AGUERRIDAS Y VALIENTES\",\"datePublished\":\"2023-03-09T14:35:26+00:00\",\"dateModified\":\"2023-03-09T14:35:32+00:00\",\"mainEntityOfPage\":{\"@id\":\"https:\\\/\\\/lospoliticosveracruz.com\\\/?p=103447\"},\"wordCount\":1151,\"publisher\":{\"@id\":\"https:\\\/\\\/lospoliticosveracruz.com\\\/#organization\"},\"image\":{\"@id\":\"https:\\\/\\\/lospoliticosveracruz.com\\\/?p=103447#primaryimage\"},\"thumbnailUrl\":\"https:\\\/\\\/lospoliticosveracruz.com.mx\\\/wp-content\\\/uploads\\\/2021\\\/10\\\/WhatsApp-Image-2021-10-02-at-15.20.25-212x300.jpeg\",\"keywords\":[\"Bernardo Guti\u00e9rrez Parra\",\"Cuitl\u00e1huac Garc\u00eda Jim\u00e9nez\",\"D\u00eda Internacional de la Mujer\",\"feminicidios\",\"Morena\",\"Oficial Mayor de la SEV\",\"Veracruz\"],\"articleSection\":[\"De Opini\u00f3n\"],\"inLanguage\":\"es\"},{\"@type\":\"WebPage\",\"@id\":\"https:\\\/\\\/lospoliticosveracruz.com\\\/?p=103447\",\"url\":\"https:\\\/\\\/lospoliticosveracruz.com\\\/?p=103447\",\"name\":\"M\u00c1S AGUERRIDAS Y VALIENTES - Los pol\u00edticos Veracruz\",\"isPartOf\":{\"@id\":\"https:\\\/\\\/lospoliticosveracruz.com\\\/#website\"},\"primaryImageOfPage\":{\"@id\":\"https:\\\/\\\/lospoliticosveracruz.com\\\/?p=103447#primaryimage\"},\"image\":{\"@id\":\"https:\\\/\\\/lospoliticosveracruz.com\\\/?p=103447#primaryimage\"},\"thumbnailUrl\":\"https:\\\/\\\/lospoliticosveracruz.com.mx\\\/wp-content\\\/uploads\\\/2021\\\/10\\\/WhatsApp-Image-2021-10-02-at-15.20.25-212x300.jpeg\",\"datePublished\":\"2023-03-09T14:35:26+00:00\",\"dateModified\":\"2023-03-09T14:35:32+00:00\",\"breadcrumb\":{\"@id\":\"https:\\\/\\\/lospoliticosveracruz.com\\\/?p=103447#breadcrumb\"},\"inLanguage\":\"es\",\"potentialAction\":[{\"@type\":\"ReadAction\",\"target\":[\"https:\\\/\\\/lospoliticosveracruz.com\\\/?p=103447\"]}]},{\"@type\":\"ImageObject\",\"inLanguage\":\"es\",\"@id\":\"https:\\\/\\\/lospoliticosveracruz.com\\\/?p=103447#primaryimage\",\"url\":\"https:\\\/\\\/lospoliticosveracruz.com.mx\\\/wp-content\\\/uploads\\\/2021\\\/10\\\/WhatsApp-Image-2021-10-02-at-15.20.25-212x300.jpeg\",\"contentUrl\":\"https:\\\/\\\/lospoliticosveracruz.com.mx\\\/wp-content\\\/uploads\\\/2021\\\/10\\\/WhatsApp-Image-2021-10-02-at-15.20.25-212x300.jpeg\"},{\"@type\":\"BreadcrumbList\",\"@id\":\"https:\\\/\\\/lospoliticosveracruz.com\\\/?p=103447#breadcrumb\",\"itemListElement\":[{\"@type\":\"ListItem\",\"position\":1,\"name\":\"Portada\",\"item\":\"https:\\\/\\\/lospoliticosveracruz.com\\\/\"},{\"@type\":\"ListItem\",\"position\":2,\"name\":\"M\u00c1S AGUERRIDAS Y VALIENTES\"}]},{\"@type\":\"WebSite\",\"@id\":\"https:\\\/\\\/lospoliticosveracruz.com\\\/#website\",\"url\":\"https:\\\/\\\/lospoliticosveracruz.com\\\/\",\"name\":\"Los pol\u00edticos Veracruz\",\"description\":\"\",\"publisher\":{\"@id\":\"https:\\\/\\\/lospoliticosveracruz.com\\\/#organization\"},\"potentialAction\":[{\"@type\":\"SearchAction\",\"target\":{\"@type\":\"EntryPoint\",\"urlTemplate\":\"https:\\\/\\\/lospoliticosveracruz.com\\\/?s={search_term_string}\"},\"query-input\":{\"@type\":\"PropertyValueSpecification\",\"valueRequired\":true,\"valueName\":\"search_term_string\"}}],\"inLanguage\":\"es\"},{\"@type\":\"Organization\",\"@id\":\"https:\\\/\\\/lospoliticosveracruz.com\\\/#organization\",\"name\":\"Los pol\u00edticos Veracruz\",\"url\":\"https:\\\/\\\/lospoliticosveracruz.com\\\/\",\"logo\":{\"@type\":\"ImageObject\",\"inLanguage\":\"es\",\"@id\":\"https:\\\/\\\/lospoliticosveracruz.com\\\/#\\\/schema\\\/logo\\\/image\\\/\",\"url\":\"https:\\\/\\\/lospoliticosveracruz.com\\\/wp-content\\\/uploads\\\/2025\\\/12\\\/Logo-Nuevo-LOS-POLITICOS-1.jpg\",\"contentUrl\":\"https:\\\/\\\/lospoliticosveracruz.com\\\/wp-content\\\/uploads\\\/2025\\\/12\\\/Logo-Nuevo-LOS-POLITICOS-1.jpg\",\"width\":260,\"height\":70,\"caption\":\"Los pol\u00edticos Veracruz\"},\"image\":{\"@id\":\"https:\\\/\\\/lospoliticosveracruz.com\\\/#\\\/schema\\\/logo\\\/image\\\/\"},\"sameAs\":[\"https:\\\/\\\/www.facebook.com\\\/people\\\/Notimemes-de-los-Polticos\\\/61565672886568\\\/\",\"https:\\\/\\\/x.com\\\/LosPoliticosVer\"]},{\"@type\":\"Person\",\"@id\":\"https:\\\/\\\/lospoliticosveracruz.com\\\/#\\\/schema\\\/person\\\/b8702bb0e538456e6efd07080bf2a4a2\",\"name\":\"Lo viste en Los Pol\u00edticos\",\"image\":{\"@type\":\"ImageObject\",\"inLanguage\":\"es\",\"@id\":\"https:\\\/\\\/secure.gravatar.com\\\/avatar\\\/3a8de04a2656d44082be478bd6c086daa447c4651605818287b9532d3d0bd435?s=96&d=mm&r=g\",\"url\":\"https:\\\/\\\/secure.gravatar.com\\\/avatar\\\/3a8de04a2656d44082be478bd6c086daa447c4651605818287b9532d3d0bd435?s=96&d=mm&r=g\",\"contentUrl\":\"https:\\\/\\\/secure.gravatar.com\\\/avatar\\\/3a8de04a2656d44082be478bd6c086daa447c4651605818287b9532d3d0bd435?s=96&d=mm&r=g\",\"caption\":\"Lo viste en Los Pol\u00edticos\"},\"url\":\"https:\\\/\\\/lospoliticosveracruz.com\\\/?author=2\"}]}<\/script>\n<!-- \/ Yoast SEO plugin. -->","yoast_head_json":{"title":"M\u00c1S AGUERRIDAS Y VALIENTES - Los pol\u00edticos Veracruz","robots":{"index":"index","follow":"follow","max-snippet":"max-snippet:-1","max-image-preview":"max-image-preview:large","max-video-preview":"max-video-preview:-1"},"canonical":"https:\/\/lospoliticosveracruz.com\/?p=103447","og_locale":"es_ES","og_type":"article","og_title":"M\u00c1S AGUERRIDAS Y VALIENTES - Los pol\u00edticos Veracruz","og_description":"Bernardo Guti\u00e9rrez ParraDesde el Caf\u00e9 Otra vez salieron a exigir que ya no las agredan, que ya no las humillen, que ya no las hostiguen secuestren o desaparezcan; que ya no las maten o las mutilen. Y otra vez se toparon con la cerraz\u00f3n de las vallas met\u00e1licas y la indiferencia presidencial. Porque lo \u00fanico [&hellip;]","og_url":"https:\/\/lospoliticosveracruz.com\/?p=103447","og_site_name":"Los pol\u00edticos Veracruz","article_publisher":"https:\/\/www.facebook.com\/people\/Notimemes-de-los-Polticos\/61565672886568\/","article_published_time":"2023-03-09T14:35:26+00:00","article_modified_time":"2023-03-09T14:35:32+00:00","og_image":[{"url":"https:\/\/lospoliticosveracruz.com.mx\/wp-content\/uploads\/2021\/10\/WhatsApp-Image-2021-10-02-at-15.20.25-212x300.jpeg","type":"","width":"","height":""}],"author":"Lo viste en Los Pol\u00edticos","twitter_card":"summary_large_image","twitter_creator":"@LosPoliticosVer","twitter_site":"@LosPoliticosVer","twitter_misc":{"Escrito por":"Lo viste en Los Pol\u00edticos","Tiempo de lectura":"6 minutos"},"schema":{"@context":"https:\/\/schema.org","@graph":[{"@type":"Article","@id":"https:\/\/lospoliticosveracruz.com\/?p=103447#article","isPartOf":{"@id":"https:\/\/lospoliticosveracruz.com\/?p=103447"},"author":{"name":"Lo viste en Los Pol\u00edticos","@id":"https:\/\/lospoliticosveracruz.com\/#\/schema\/person\/b8702bb0e538456e6efd07080bf2a4a2"},"headline":"M\u00c1S AGUERRIDAS Y VALIENTES","datePublished":"2023-03-09T14:35:26+00:00","dateModified":"2023-03-09T14:35:32+00:00","mainEntityOfPage":{"@id":"https:\/\/lospoliticosveracruz.com\/?p=103447"},"wordCount":1151,"publisher":{"@id":"https:\/\/lospoliticosveracruz.com\/#organization"},"image":{"@id":"https:\/\/lospoliticosveracruz.com\/?p=103447#primaryimage"},"thumbnailUrl":"https:\/\/lospoliticosveracruz.com.mx\/wp-content\/uploads\/2021\/10\/WhatsApp-Image-2021-10-02-at-15.20.25-212x300.jpeg","keywords":["Bernardo Guti\u00e9rrez Parra","Cuitl\u00e1huac Garc\u00eda Jim\u00e9nez","D\u00eda Internacional de la Mujer","feminicidios","Morena","Oficial Mayor de la SEV","Veracruz"],"articleSection":["De Opini\u00f3n"],"inLanguage":"es"},{"@type":"WebPage","@id":"https:\/\/lospoliticosveracruz.com\/?p=103447","url":"https:\/\/lospoliticosveracruz.com\/?p=103447","name":"M\u00c1S AGUERRIDAS Y VALIENTES - Los pol\u00edticos Veracruz","isPartOf":{"@id":"https:\/\/lospoliticosveracruz.com\/#website"},"primaryImageOfPage":{"@id":"https:\/\/lospoliticosveracruz.com\/?p=103447#primaryimage"},"image":{"@id":"https:\/\/lospoliticosveracruz.com\/?p=103447#primaryimage"},"thumbnailUrl":"https:\/\/lospoliticosveracruz.com.mx\/wp-content\/uploads\/2021\/10\/WhatsApp-Image-2021-10-02-at-15.20.25-212x300.jpeg","datePublished":"2023-03-09T14:35:26+00:00","dateModified":"2023-03-09T14:35:32+00:00","breadcrumb":{"@id":"https:\/\/lospoliticosveracruz.com\/?p=103447#breadcrumb"},"inLanguage":"es","potentialAction":[{"@type":"ReadAction","target":["https:\/\/lospoliticosveracruz.com\/?p=103447"]}]},{"@type":"ImageObject","inLanguage":"es","@id":"https:\/\/lospoliticosveracruz.com\/?p=103447#primaryimage","url":"https:\/\/lospoliticosveracruz.com.mx\/wp-content\/uploads\/2021\/10\/WhatsApp-Image-2021-10-02-at-15.20.25-212x300.jpeg","contentUrl":"https:\/\/lospoliticosveracruz.com.mx\/wp-content\/uploads\/2021\/10\/WhatsApp-Image-2021-10-02-at-15.20.25-212x300.jpeg"},{"@type":"BreadcrumbList","@id":"https:\/\/lospoliticosveracruz.com\/?p=103447#breadcrumb","itemListElement":[{"@type":"ListItem","position":1,"name":"Portada","item":"https:\/\/lospoliticosveracruz.com\/"},{"@type":"ListItem","position":2,"name":"M\u00c1S AGUERRIDAS Y VALIENTES"}]},{"@type":"WebSite","@id":"https:\/\/lospoliticosveracruz.com\/#website","url":"https:\/\/lospoliticosveracruz.com\/","name":"Los pol\u00edticos Veracruz","description":"","publisher":{"@id":"https:\/\/lospoliticosveracruz.com\/#organization"},"potentialAction":[{"@type":"SearchAction","target":{"@type":"EntryPoint","urlTemplate":"https:\/\/lospoliticosveracruz.com\/?s={search_term_string}"},"query-input":{"@type":"PropertyValueSpecification","valueRequired":true,"valueName":"search_term_string"}}],"inLanguage":"es"},{"@type":"Organization","@id":"https:\/\/lospoliticosveracruz.com\/#organization","name":"Los pol\u00edticos Veracruz","url":"https:\/\/lospoliticosveracruz.com\/","logo":{"@type":"ImageObject","inLanguage":"es","@id":"https:\/\/lospoliticosveracruz.com\/#\/schema\/logo\/image\/","url":"https:\/\/lospoliticosveracruz.com\/wp-content\/uploads\/2025\/12\/Logo-Nuevo-LOS-POLITICOS-1.jpg","contentUrl":"https:\/\/lospoliticosveracruz.com\/wp-content\/uploads\/2025\/12\/Logo-Nuevo-LOS-POLITICOS-1.jpg","width":260,"height":70,"caption":"Los pol\u00edticos Veracruz"},"image":{"@id":"https:\/\/lospoliticosveracruz.com\/#\/schema\/logo\/image\/"},"sameAs":["https:\/\/www.facebook.com\/people\/Notimemes-de-los-Polticos\/61565672886568\/","https:\/\/x.com\/LosPoliticosVer"]},{"@type":"Person","@id":"https:\/\/lospoliticosveracruz.com\/#\/schema\/person\/b8702bb0e538456e6efd07080bf2a4a2","name":"Lo viste en Los Pol\u00edticos","image":{"@type":"ImageObject","inLanguage":"es","@id":"https:\/\/secure.gravatar.com\/avatar\/3a8de04a2656d44082be478bd6c086daa447c4651605818287b9532d3d0bd435?s=96&d=mm&r=g","url":"https:\/\/secure.gravatar.com\/avatar\/3a8de04a2656d44082be478bd6c086daa447c4651605818287b9532d3d0bd435?s=96&d=mm&r=g","contentUrl":"https:\/\/secure.gravatar.com\/avatar\/3a8de04a2656d44082be478bd6c086daa447c4651605818287b9532d3d0bd435?s=96&d=mm&r=g","caption":"Lo viste en Los Pol\u00edticos"},"url":"https:\/\/lospoliticosveracruz.com\/?author=2"}]}},"_links":{"self":[{"href":"https:\/\/lospoliticosveracruz.com\/index.php?rest_route=\/wp\/v2\/posts\/103447","targetHints":{"allow":["GET"]}}],"collection":[{"href":"https:\/\/lospoliticosveracruz.com\/index.php?rest_route=\/wp\/v2\/posts"}],"about":[{"href":"https:\/\/lospoliticosveracruz.com\/index.php?rest_route=\/wp\/v2\/types\/post"}],"author":[{"embeddable":true,"href":"https:\/\/lospoliticosveracruz.com\/index.php?rest_route=\/wp\/v2\/users\/2"}],"replies":[{"embeddable":true,"href":"https:\/\/lospoliticosveracruz.com\/index.php?rest_route=%2Fwp%2Fv2%2Fcomments&post=103447"}],"version-history":[{"count":1,"href":"https:\/\/lospoliticosveracruz.com\/index.php?rest_route=\/wp\/v2\/posts\/103447\/revisions"}],"predecessor-version":[{"id":103448,"href":"https:\/\/lospoliticosveracruz.com\/index.php?rest_route=\/wp\/v2\/posts\/103447\/revisions\/103448"}],"wp:attachment":[{"href":"https:\/\/lospoliticosveracruz.com\/index.php?rest_route=%2Fwp%2Fv2%2Fmedia&parent=103447"}],"wp:term":[{"taxonomy":"category","embeddable":true,"href":"https:\/\/lospoliticosveracruz.com\/index.php?rest_route=%2Fwp%2Fv2%2Fcategories&post=103447"},{"taxonomy":"post_tag","embeddable":true,"href":"https:\/\/lospoliticosveracruz.com\/index.php?rest_route=%2Fwp%2Fv2%2Ftags&post=103447"}],"curies":[{"name":"wp","href":"https:\/\/api.w.org\/{rel}","templated":true}]}}