{"id":103478,"date":"2023-03-10T05:53:08","date_gmt":"2023-03-10T11:53:08","guid":{"rendered":"https:\/\/lospoliticosveracruz.com.mx\/?p=103478"},"modified":"2023-03-10T05:53:17","modified_gmt":"2023-03-10T11:53:17","slug":"de-los-tiempos-de-felipe-a-los-tiempos-de-morena","status":"publish","type":"post","link":"https:\/\/lospoliticosveracruz.com\/?p=103478","title":{"rendered":"DE LOS TIEMPOS DE FELIPE a los tiempos de Morena&nbsp;"},"content":{"rendered":"\n<p><em>Bernardo Guti\u00e9rrez Parra\u00a0<\/em><\/p>\n\n\n\n<p><em>Desde el Caf\u00e9\u00a0<\/em><\/p>\n\n\n\n<p>Que recuerde, en tiempos de Felipe Calder\u00f3n jam\u00e1s se habl\u00f3 de un narcoestado. Se habl\u00f3 y mucho de la guerra contra el narco, del n\u00famero de muertos, de las v\u00edctimas colaterales, pero nunca se mencion\u00f3 la palabra narcoestado, como tampoco se hizo en el sexenio de Enrique Pe\u00f1a Nieto. Hasta ayer que el presidente L\u00f3pez Obrador la sac\u00f3 a colaci\u00f3n.\u00a0<br><\/p>\n\n\n<div class=\"wp-block-image\">\n<figure class=\"alignleft size-full is-resized\"><a href=\"https:\/\/lospoliticosveracruz.com.mx\/wp-content\/uploads\/2023\/02\/Vinissimo.jpg\"><img loading=\"lazy\" decoding=\"async\" src=\"https:\/\/lospoliticosveracruz.com.mx\/wp-content\/uploads\/2023\/02\/Vinissimo.jpg\" alt=\"\" class=\"wp-image-102752\" width=\"175\" height=\"178\"\/><\/a><\/figure>\n<\/div>\n\n\n<p>En su conferencia desde lo que fue el bunker de Genaro Garc\u00eda Luna dijo: \u201cCreo que s\u00ed hay elementos para sostener que imper\u00f3 durante el gobierno de Calder\u00f3n un narcoestado, porque fue un gobierno, de principio a fin, violatorio de la Constituci\u00f3n. Un gobierno, como lo dije en su momento, espurio. No hay que olvidar los antecedentes, a Calder\u00f3n lo impusieron lo oligarcas de M\u00e9xico\u201d.&nbsp;<\/p>\n\n\n\n<p>\u00bfAport\u00f3 pruebas? No hombre, cu\u00e1les si no tiene nada. Simplemente ech\u00f3 a volar la mentira.&nbsp;<\/p>\n\n\n\n<p>Y a rengl\u00f3n seguido sac\u00f3 a relucir el peine: \u201c\u00c9l no gan\u00f3 la elecci\u00f3n. Hubo un fraude orquestado en el que participaron funcionarios p\u00fablicos, el presidente Fox, los medios de informaci\u00f3n, las c\u00fapulas empresariales. Fue una asociaci\u00f3n de intereses para evitar que se llevara a cabo un cambio verdadero en el pa\u00eds\u201d.&nbsp;<\/p>\n\n\n\n<p>Pobre hombre, cuando Dios lo llame a cuentas se ir\u00e1 sin haber podido superar el trauma por la derrota que le infringi\u00f3 el michoacano. Pero mientras viva seguir\u00e1 duro y dale con la cantaleta a pesar de que hasta hoy no ha podido aportar una sola prueba del presunto fraude.&nbsp;&nbsp;<\/p>\n\n\n\n<p>Otro de sus traumas es que por m\u00e1s que se ha empe\u00f1ado no ha podido llevar a prisi\u00f3n a su odiado enemigo. Si cuenta con \u201celementos\u201d de que Felipe Calder\u00f3n fue cabeza o parte de un narcoestado \u00bfpor qu\u00e9 no pide su extradici\u00f3n a Espa\u00f1a para que sea procesado?&nbsp;<\/p>\n\n\n\n<p>Hasta hoy lector, no hay indicios de que Felipe estuviera embarrado en los convenios que hizo su Secretario de Seguridad P\u00fablica, Genaro Garc\u00eda Luna con el crimen organizado. Si su nombre sali\u00f3 a relucir en el juicio de Brooklyn fue de manera tangencial, contrario a Andr\u00e9s Manuel, cuyo nombre tambi\u00e9n sali\u00f3 a relucir, pero en un presunto soborno por 7 millones de d\u00f3lares.&nbsp;<\/p>\n\n\n\n<p>Reitero, si hubiera indicios de la complicidad de Felipe con criminales, los gringos lo hubieran detenido, procesado y juzgado antes que al Chapo y a Garc\u00eda Luna, pero hasta ahora no hay nada.&nbsp;<\/p>\n\n\n\n<p>Lo que s\u00ed hay del otro lado del Bravo es la certeza de que el gobierno de M\u00e9xico anda en malos pasos. \u201cAc\u00e1 casi todos piensan que M\u00e9xico es un Estado fallido y las pruebas est\u00e1n a la vista con los asesinatos, secuestros y desapariciones de todos los d\u00edas y por la manga ancha que el presidente les ha dado a los delincuentes\u201d, me dijo un colega de Houston.<\/p>\n\n\n\n<p>El secuestro y asesinato de dos de cuatro ciudadanos norteamericanos en Matamoros, prendi\u00f3 los focos rojos en el Congreso de aquel pa\u00eds cuyos legisladores (principalmente republicanos), le est\u00e1n pidiendo al presidente Biden que declare terroristas a los narcos mexicanos para mandar a su ej\u00e9rcito a perseguirlos en nuestro pa\u00eds.&nbsp;<\/p>\n\n\n\n<p>Pero en lugar de apaciguar las aguas L\u00f3pez Obrador se les fue encima. \u201cSi no cambian su actitud y piensan que van a utilizar a M\u00e9xico con prop\u00f3sitos propagand\u00edsticos, electoreros y politiqueros, nosotros vamos a llamar a que no se vote por ese partido por intervencionista, inhumano, hip\u00f3crita y corrupto\u201d.<\/p>\n\n\n\n<p>En respuesta, el congresista Dan Crenshaw, (ese que le pregunt\u00f3: Se\u00f1or presidente, \u00bfa qui\u00e9n representas? \u00bfa los c\u00e1rteles o a tu pueblo?) le mand\u00f3 un tuit muy bravo. \u201cContr\u00f3lese, deber\u00eda hacer campa\u00f1a contra los carteles que ASESINAN (sic) a su propia gente&#8230;\u201d.<\/p>\n\n\n\n<p>Insisto, nunca se habl\u00f3 de un narcoestado en tiempos de Felipe Calder\u00f3n. Se comenz\u00f3 a utilizar esa palabra en 2019 tras el llamado culiacanazo y se aviv\u00f3 en marzo del 2020 cuando L\u00f3pez Obrador salud\u00f3 a la mam\u00e1 del Chapo.&nbsp;<\/p>\n\n\n\n<p>\u00bfTiene Andr\u00e9s Manuel elementos para acusar a Calder\u00f3n de hacer del pa\u00eds un narcoestado? No, de lo contrario ya hubiera hecho uso de ellos.&nbsp;&nbsp;<\/p>\n\n\n\n<p>Lo que s\u00ed es un hecho es que el gobierno de los Estados Unidos cuenta con elementos suficientes para proceder penalmente (cuando lo estime necesario) contra pol\u00edticos mexicanos que tienen a este pa\u00eds al borde de un narcoestado. Y en su gran mayor\u00eda son morenos.&nbsp;<\/p>\n\n\n\n<p>Como dice un cl\u00e1sico; al tiempo.&nbsp; &nbsp;<\/p>\n\n\n\n<p>Fe de erratas<\/p>\n\n\n\n<p>En mi columna de ayer escrib\u00ed que el doctor Armando Hern\u00e1ndez Cruz, funge como Magistrado Presidente del Tribunal Electoral del Distrito Federal, pero el dato es incorrecto. El actual Presidente de ese Tribunal es el magistrado Reyes Rodr\u00edguez Mondrag\u00f3n. (Por cierto, el doctor Hern\u00e1ndez pas\u00f3 satisfactoriamente su primer examen para ser consejero electoral).&nbsp;<\/p>\n\n\n\n<p>Tambi\u00e9n escrib\u00ed que las mujeres cuyas fotos aparecen en la fachada y la parte posterior de Palacio de Gobierno son ministras, cuando su cargo es de magistradas.<\/p>\n\n\n\n<p>Por lo anterior ofrezco disculpas.<\/p>\n\n\n\n<p>bernardogup@hotmail.com<\/p>\n","protected":false},"excerpt":{"rendered":"<p>Bernardo Guti\u00e9rrez Parra\u00a0 Desde el Caf\u00e9\u00a0 Que recuerde, en tiempos de Felipe Calder\u00f3n jam\u00e1s se habl\u00f3 de un narcoestado. Se habl\u00f3 y mucho de la guerra contra el narco, del n\u00famero de muertos, de las v\u00edctimas colaterales, pero nunca se mencion\u00f3 la palabra narcoestado, como tampoco se hizo en el sexenio de Enrique Pe\u00f1a Nieto. [&hellip;]<\/p>\n","protected":false},"author":2,"featured_media":0,"comment_status":"closed","ping_status":"closed","sticky":false,"template":"","format":"standard","meta":{"tdm_status":"","tdm_grid_status":"","footnotes":""},"categories":[70],"tags":[618,34206,1032,1026,20590],"class_list":{"0":"post-103478","1":"post","2":"type-post","3":"status-publish","4":"format-standard","6":"category-de-opinion","7":"tag-andres-manuel-lopez-obrador","8":"tag-bernardo-gutierrez-parra","9":"tag-felipe-calderon-hinojosa","10":"tag-morena","11":"tag-narcoestado"},"yoast_head":"<!-- This site is optimized with the Yoast SEO plugin v27.4 - https:\/\/yoast.com\/product\/yoast-seo-wordpress\/ -->\n<title>DE LOS TIEMPOS DE FELIPE a los tiempos de Morena&nbsp; - Los pol\u00edticos Veracruz<\/title>\n<meta name=\"robots\" content=\"index, follow, max-snippet:-1, max-image-preview:large, max-video-preview:-1\" \/>\n<link rel=\"canonical\" href=\"https:\/\/lospoliticosveracruz.com\/?p=103478\" \/>\n<meta property=\"og:locale\" content=\"es_ES\" \/>\n<meta property=\"og:type\" content=\"article\" \/>\n<meta property=\"og:title\" content=\"DE LOS TIEMPOS DE FELIPE a los tiempos de Morena&nbsp; - Los pol\u00edticos Veracruz\" \/>\n<meta property=\"og:description\" content=\"Bernardo Guti\u00e9rrez Parra\u00a0 Desde el Caf\u00e9\u00a0 Que recuerde, en tiempos de Felipe Calder\u00f3n jam\u00e1s se habl\u00f3 de un narcoestado. Se habl\u00f3 y mucho de la guerra contra el narco, del n\u00famero de muertos, de las v\u00edctimas colaterales, pero nunca se mencion\u00f3 la palabra narcoestado, como tampoco se hizo en el sexenio de Enrique Pe\u00f1a Nieto. [&hellip;]\" \/>\n<meta property=\"og:url\" content=\"https:\/\/lospoliticosveracruz.com\/?p=103478\" \/>\n<meta property=\"og:site_name\" content=\"Los pol\u00edticos Veracruz\" \/>\n<meta property=\"article:publisher\" content=\"https:\/\/www.facebook.com\/people\/Notimemes-de-los-Polticos\/61565672886568\/\" \/>\n<meta property=\"article:published_time\" content=\"2023-03-10T11:53:08+00:00\" \/>\n<meta property=\"article:modified_time\" content=\"2023-03-10T11:53:17+00:00\" \/>\n<meta property=\"og:image\" content=\"https:\/\/lospoliticosveracruz.com.mx\/wp-content\/uploads\/2023\/02\/Vinissimo.jpg\" \/>\n<meta name=\"author\" content=\"Lo viste en Los Pol\u00edticos\" \/>\n<meta name=\"twitter:card\" content=\"summary_large_image\" \/>\n<meta name=\"twitter:creator\" content=\"@LosPoliticosVer\" \/>\n<meta name=\"twitter:site\" content=\"@LosPoliticosVer\" \/>\n<meta name=\"twitter:label1\" content=\"Escrito por\" \/>\n\t<meta name=\"twitter:data1\" content=\"Lo viste en Los Pol\u00edticos\" \/>\n\t<meta name=\"twitter:label2\" content=\"Tiempo de lectura\" \/>\n\t<meta name=\"twitter:data2\" content=\"4 minutos\" \/>\n<script type=\"application\/ld+json\" class=\"yoast-schema-graph\">{\"@context\":\"https:\\\/\\\/schema.org\",\"@graph\":[{\"@type\":\"Article\",\"@id\":\"https:\\\/\\\/lospoliticosveracruz.com\\\/?p=103478#article\",\"isPartOf\":{\"@id\":\"https:\\\/\\\/lospoliticosveracruz.com\\\/?p=103478\"},\"author\":{\"name\":\"Lo viste en Los Pol\u00edticos\",\"@id\":\"https:\\\/\\\/lospoliticosveracruz.com\\\/#\\\/schema\\\/person\\\/b8702bb0e538456e6efd07080bf2a4a2\"},\"headline\":\"DE LOS TIEMPOS DE FELIPE a los tiempos de Morena&nbsp;\",\"datePublished\":\"2023-03-10T11:53:08+00:00\",\"dateModified\":\"2023-03-10T11:53:17+00:00\",\"mainEntityOfPage\":{\"@id\":\"https:\\\/\\\/lospoliticosveracruz.com\\\/?p=103478\"},\"wordCount\":899,\"publisher\":{\"@id\":\"https:\\\/\\\/lospoliticosveracruz.com\\\/#organization\"},\"image\":{\"@id\":\"https:\\\/\\\/lospoliticosveracruz.com\\\/?p=103478#primaryimage\"},\"thumbnailUrl\":\"https:\\\/\\\/lospoliticosveracruz.com.mx\\\/wp-content\\\/uploads\\\/2023\\\/02\\\/Vinissimo.jpg\",\"keywords\":[\"Andr\u00e9s Manuel L\u00f3pez Obrador\",\"Bernardo Guti\u00e9rrez Parra\",\"Felipe Calder\u00f3n Hinojosa\",\"Morena\",\"Narcoestado\"],\"articleSection\":[\"De Opini\u00f3n\"],\"inLanguage\":\"es\"},{\"@type\":\"WebPage\",\"@id\":\"https:\\\/\\\/lospoliticosveracruz.com\\\/?p=103478\",\"url\":\"https:\\\/\\\/lospoliticosveracruz.com\\\/?p=103478\",\"name\":\"DE LOS TIEMPOS DE FELIPE a los tiempos de Morena&nbsp; - Los pol\u00edticos Veracruz\",\"isPartOf\":{\"@id\":\"https:\\\/\\\/lospoliticosveracruz.com\\\/#website\"},\"primaryImageOfPage\":{\"@id\":\"https:\\\/\\\/lospoliticosveracruz.com\\\/?p=103478#primaryimage\"},\"image\":{\"@id\":\"https:\\\/\\\/lospoliticosveracruz.com\\\/?p=103478#primaryimage\"},\"thumbnailUrl\":\"https:\\\/\\\/lospoliticosveracruz.com.mx\\\/wp-content\\\/uploads\\\/2023\\\/02\\\/Vinissimo.jpg\",\"datePublished\":\"2023-03-10T11:53:08+00:00\",\"dateModified\":\"2023-03-10T11:53:17+00:00\",\"breadcrumb\":{\"@id\":\"https:\\\/\\\/lospoliticosveracruz.com\\\/?p=103478#breadcrumb\"},\"inLanguage\":\"es\",\"potentialAction\":[{\"@type\":\"ReadAction\",\"target\":[\"https:\\\/\\\/lospoliticosveracruz.com\\\/?p=103478\"]}]},{\"@type\":\"ImageObject\",\"inLanguage\":\"es\",\"@id\":\"https:\\\/\\\/lospoliticosveracruz.com\\\/?p=103478#primaryimage\",\"url\":\"https:\\\/\\\/lospoliticosveracruz.com.mx\\\/wp-content\\\/uploads\\\/2023\\\/02\\\/Vinissimo.jpg\",\"contentUrl\":\"https:\\\/\\\/lospoliticosveracruz.com.mx\\\/wp-content\\\/uploads\\\/2023\\\/02\\\/Vinissimo.jpg\"},{\"@type\":\"BreadcrumbList\",\"@id\":\"https:\\\/\\\/lospoliticosveracruz.com\\\/?p=103478#breadcrumb\",\"itemListElement\":[{\"@type\":\"ListItem\",\"position\":1,\"name\":\"Portada\",\"item\":\"https:\\\/\\\/lospoliticosveracruz.com\\\/\"},{\"@type\":\"ListItem\",\"position\":2,\"name\":\"DE LOS TIEMPOS DE FELIPE a los tiempos de Morena&nbsp;\"}]},{\"@type\":\"WebSite\",\"@id\":\"https:\\\/\\\/lospoliticosveracruz.com\\\/#website\",\"url\":\"https:\\\/\\\/lospoliticosveracruz.com\\\/\",\"name\":\"Los pol\u00edticos Veracruz\",\"description\":\"\",\"publisher\":{\"@id\":\"https:\\\/\\\/lospoliticosveracruz.com\\\/#organization\"},\"potentialAction\":[{\"@type\":\"SearchAction\",\"target\":{\"@type\":\"EntryPoint\",\"urlTemplate\":\"https:\\\/\\\/lospoliticosveracruz.com\\\/?s={search_term_string}\"},\"query-input\":{\"@type\":\"PropertyValueSpecification\",\"valueRequired\":true,\"valueName\":\"search_term_string\"}}],\"inLanguage\":\"es\"},{\"@type\":\"Organization\",\"@id\":\"https:\\\/\\\/lospoliticosveracruz.com\\\/#organization\",\"name\":\"Los pol\u00edticos Veracruz\",\"url\":\"https:\\\/\\\/lospoliticosveracruz.com\\\/\",\"logo\":{\"@type\":\"ImageObject\",\"inLanguage\":\"es\",\"@id\":\"https:\\\/\\\/lospoliticosveracruz.com\\\/#\\\/schema\\\/logo\\\/image\\\/\",\"url\":\"https:\\\/\\\/lospoliticosveracruz.com\\\/wp-content\\\/uploads\\\/2025\\\/12\\\/Logo-Nuevo-LOS-POLITICOS-1.jpg\",\"contentUrl\":\"https:\\\/\\\/lospoliticosveracruz.com\\\/wp-content\\\/uploads\\\/2025\\\/12\\\/Logo-Nuevo-LOS-POLITICOS-1.jpg\",\"width\":260,\"height\":70,\"caption\":\"Los pol\u00edticos Veracruz\"},\"image\":{\"@id\":\"https:\\\/\\\/lospoliticosveracruz.com\\\/#\\\/schema\\\/logo\\\/image\\\/\"},\"sameAs\":[\"https:\\\/\\\/www.facebook.com\\\/people\\\/Notimemes-de-los-Polticos\\\/61565672886568\\\/\",\"https:\\\/\\\/x.com\\\/LosPoliticosVer\"]},{\"@type\":\"Person\",\"@id\":\"https:\\\/\\\/lospoliticosveracruz.com\\\/#\\\/schema\\\/person\\\/b8702bb0e538456e6efd07080bf2a4a2\",\"name\":\"Lo viste en Los Pol\u00edticos\",\"image\":{\"@type\":\"ImageObject\",\"inLanguage\":\"es\",\"@id\":\"https:\\\/\\\/secure.gravatar.com\\\/avatar\\\/3a8de04a2656d44082be478bd6c086daa447c4651605818287b9532d3d0bd435?s=96&d=mm&r=g\",\"url\":\"https:\\\/\\\/secure.gravatar.com\\\/avatar\\\/3a8de04a2656d44082be478bd6c086daa447c4651605818287b9532d3d0bd435?s=96&d=mm&r=g\",\"contentUrl\":\"https:\\\/\\\/secure.gravatar.com\\\/avatar\\\/3a8de04a2656d44082be478bd6c086daa447c4651605818287b9532d3d0bd435?s=96&d=mm&r=g\",\"caption\":\"Lo viste en Los Pol\u00edticos\"},\"url\":\"https:\\\/\\\/lospoliticosveracruz.com\\\/?author=2\"}]}<\/script>\n<!-- \/ Yoast SEO plugin. -->","yoast_head_json":{"title":"DE LOS TIEMPOS DE FELIPE a los tiempos de Morena&nbsp; - Los pol\u00edticos Veracruz","robots":{"index":"index","follow":"follow","max-snippet":"max-snippet:-1","max-image-preview":"max-image-preview:large","max-video-preview":"max-video-preview:-1"},"canonical":"https:\/\/lospoliticosveracruz.com\/?p=103478","og_locale":"es_ES","og_type":"article","og_title":"DE LOS TIEMPOS DE FELIPE a los tiempos de Morena&nbsp; - Los pol\u00edticos Veracruz","og_description":"Bernardo Guti\u00e9rrez Parra\u00a0 Desde el Caf\u00e9\u00a0 Que recuerde, en tiempos de Felipe Calder\u00f3n jam\u00e1s se habl\u00f3 de un narcoestado. Se habl\u00f3 y mucho de la guerra contra el narco, del n\u00famero de muertos, de las v\u00edctimas colaterales, pero nunca se mencion\u00f3 la palabra narcoestado, como tampoco se hizo en el sexenio de Enrique Pe\u00f1a Nieto. [&hellip;]","og_url":"https:\/\/lospoliticosveracruz.com\/?p=103478","og_site_name":"Los pol\u00edticos Veracruz","article_publisher":"https:\/\/www.facebook.com\/people\/Notimemes-de-los-Polticos\/61565672886568\/","article_published_time":"2023-03-10T11:53:08+00:00","article_modified_time":"2023-03-10T11:53:17+00:00","og_image":[{"url":"https:\/\/lospoliticosveracruz.com.mx\/wp-content\/uploads\/2023\/02\/Vinissimo.jpg","type":"","width":"","height":""}],"author":"Lo viste en Los Pol\u00edticos","twitter_card":"summary_large_image","twitter_creator":"@LosPoliticosVer","twitter_site":"@LosPoliticosVer","twitter_misc":{"Escrito por":"Lo viste en Los Pol\u00edticos","Tiempo de lectura":"4 minutos"},"schema":{"@context":"https:\/\/schema.org","@graph":[{"@type":"Article","@id":"https:\/\/lospoliticosveracruz.com\/?p=103478#article","isPartOf":{"@id":"https:\/\/lospoliticosveracruz.com\/?p=103478"},"author":{"name":"Lo viste en Los Pol\u00edticos","@id":"https:\/\/lospoliticosveracruz.com\/#\/schema\/person\/b8702bb0e538456e6efd07080bf2a4a2"},"headline":"DE LOS TIEMPOS DE FELIPE a los tiempos de Morena&nbsp;","datePublished":"2023-03-10T11:53:08+00:00","dateModified":"2023-03-10T11:53:17+00:00","mainEntityOfPage":{"@id":"https:\/\/lospoliticosveracruz.com\/?p=103478"},"wordCount":899,"publisher":{"@id":"https:\/\/lospoliticosveracruz.com\/#organization"},"image":{"@id":"https:\/\/lospoliticosveracruz.com\/?p=103478#primaryimage"},"thumbnailUrl":"https:\/\/lospoliticosveracruz.com.mx\/wp-content\/uploads\/2023\/02\/Vinissimo.jpg","keywords":["Andr\u00e9s Manuel L\u00f3pez Obrador","Bernardo Guti\u00e9rrez Parra","Felipe Calder\u00f3n Hinojosa","Morena","Narcoestado"],"articleSection":["De Opini\u00f3n"],"inLanguage":"es"},{"@type":"WebPage","@id":"https:\/\/lospoliticosveracruz.com\/?p=103478","url":"https:\/\/lospoliticosveracruz.com\/?p=103478","name":"DE LOS TIEMPOS DE FELIPE a los tiempos de Morena&nbsp; - Los pol\u00edticos Veracruz","isPartOf":{"@id":"https:\/\/lospoliticosveracruz.com\/#website"},"primaryImageOfPage":{"@id":"https:\/\/lospoliticosveracruz.com\/?p=103478#primaryimage"},"image":{"@id":"https:\/\/lospoliticosveracruz.com\/?p=103478#primaryimage"},"thumbnailUrl":"https:\/\/lospoliticosveracruz.com.mx\/wp-content\/uploads\/2023\/02\/Vinissimo.jpg","datePublished":"2023-03-10T11:53:08+00:00","dateModified":"2023-03-10T11:53:17+00:00","breadcrumb":{"@id":"https:\/\/lospoliticosveracruz.com\/?p=103478#breadcrumb"},"inLanguage":"es","potentialAction":[{"@type":"ReadAction","target":["https:\/\/lospoliticosveracruz.com\/?p=103478"]}]},{"@type":"ImageObject","inLanguage":"es","@id":"https:\/\/lospoliticosveracruz.com\/?p=103478#primaryimage","url":"https:\/\/lospoliticosveracruz.com.mx\/wp-content\/uploads\/2023\/02\/Vinissimo.jpg","contentUrl":"https:\/\/lospoliticosveracruz.com.mx\/wp-content\/uploads\/2023\/02\/Vinissimo.jpg"},{"@type":"BreadcrumbList","@id":"https:\/\/lospoliticosveracruz.com\/?p=103478#breadcrumb","itemListElement":[{"@type":"ListItem","position":1,"name":"Portada","item":"https:\/\/lospoliticosveracruz.com\/"},{"@type":"ListItem","position":2,"name":"DE LOS TIEMPOS DE FELIPE a los tiempos de Morena&nbsp;"}]},{"@type":"WebSite","@id":"https:\/\/lospoliticosveracruz.com\/#website","url":"https:\/\/lospoliticosveracruz.com\/","name":"Los pol\u00edticos Veracruz","description":"","publisher":{"@id":"https:\/\/lospoliticosveracruz.com\/#organization"},"potentialAction":[{"@type":"SearchAction","target":{"@type":"EntryPoint","urlTemplate":"https:\/\/lospoliticosveracruz.com\/?s={search_term_string}"},"query-input":{"@type":"PropertyValueSpecification","valueRequired":true,"valueName":"search_term_string"}}],"inLanguage":"es"},{"@type":"Organization","@id":"https:\/\/lospoliticosveracruz.com\/#organization","name":"Los pol\u00edticos Veracruz","url":"https:\/\/lospoliticosveracruz.com\/","logo":{"@type":"ImageObject","inLanguage":"es","@id":"https:\/\/lospoliticosveracruz.com\/#\/schema\/logo\/image\/","url":"https:\/\/lospoliticosveracruz.com\/wp-content\/uploads\/2025\/12\/Logo-Nuevo-LOS-POLITICOS-1.jpg","contentUrl":"https:\/\/lospoliticosveracruz.com\/wp-content\/uploads\/2025\/12\/Logo-Nuevo-LOS-POLITICOS-1.jpg","width":260,"height":70,"caption":"Los pol\u00edticos Veracruz"},"image":{"@id":"https:\/\/lospoliticosveracruz.com\/#\/schema\/logo\/image\/"},"sameAs":["https:\/\/www.facebook.com\/people\/Notimemes-de-los-Polticos\/61565672886568\/","https:\/\/x.com\/LosPoliticosVer"]},{"@type":"Person","@id":"https:\/\/lospoliticosveracruz.com\/#\/schema\/person\/b8702bb0e538456e6efd07080bf2a4a2","name":"Lo viste en Los Pol\u00edticos","image":{"@type":"ImageObject","inLanguage":"es","@id":"https:\/\/secure.gravatar.com\/avatar\/3a8de04a2656d44082be478bd6c086daa447c4651605818287b9532d3d0bd435?s=96&d=mm&r=g","url":"https:\/\/secure.gravatar.com\/avatar\/3a8de04a2656d44082be478bd6c086daa447c4651605818287b9532d3d0bd435?s=96&d=mm&r=g","contentUrl":"https:\/\/secure.gravatar.com\/avatar\/3a8de04a2656d44082be478bd6c086daa447c4651605818287b9532d3d0bd435?s=96&d=mm&r=g","caption":"Lo viste en Los Pol\u00edticos"},"url":"https:\/\/lospoliticosveracruz.com\/?author=2"}]}},"_links":{"self":[{"href":"https:\/\/lospoliticosveracruz.com\/index.php?rest_route=\/wp\/v2\/posts\/103478","targetHints":{"allow":["GET"]}}],"collection":[{"href":"https:\/\/lospoliticosveracruz.com\/index.php?rest_route=\/wp\/v2\/posts"}],"about":[{"href":"https:\/\/lospoliticosveracruz.com\/index.php?rest_route=\/wp\/v2\/types\/post"}],"author":[{"embeddable":true,"href":"https:\/\/lospoliticosveracruz.com\/index.php?rest_route=\/wp\/v2\/users\/2"}],"replies":[{"embeddable":true,"href":"https:\/\/lospoliticosveracruz.com\/index.php?rest_route=%2Fwp%2Fv2%2Fcomments&post=103478"}],"version-history":[{"count":1,"href":"https:\/\/lospoliticosveracruz.com\/index.php?rest_route=\/wp\/v2\/posts\/103478\/revisions"}],"predecessor-version":[{"id":103479,"href":"https:\/\/lospoliticosveracruz.com\/index.php?rest_route=\/wp\/v2\/posts\/103478\/revisions\/103479"}],"wp:attachment":[{"href":"https:\/\/lospoliticosveracruz.com\/index.php?rest_route=%2Fwp%2Fv2%2Fmedia&parent=103478"}],"wp:term":[{"taxonomy":"category","embeddable":true,"href":"https:\/\/lospoliticosveracruz.com\/index.php?rest_route=%2Fwp%2Fv2%2Fcategories&post=103478"},{"taxonomy":"post_tag","embeddable":true,"href":"https:\/\/lospoliticosveracruz.com\/index.php?rest_route=%2Fwp%2Fv2%2Ftags&post=103478"}],"curies":[{"name":"wp","href":"https:\/\/api.w.org\/{rel}","templated":true}]}}