{"id":103661,"date":"2023-03-15T07:17:00","date_gmt":"2023-03-15T13:17:00","guid":{"rendered":"https:\/\/lospoliticosveracruz.com.mx\/?p=103661"},"modified":"2023-03-15T08:05:12","modified_gmt":"2023-03-15T14:05:12","slug":"ahued-con-nahle","status":"publish","type":"post","link":"https:\/\/lospoliticosveracruz.com\/?p=103661","title":{"rendered":"AHUED, CON NAHLE?"},"content":{"rendered":"\n<p><strong>Salvador Mu\u00f1oz<br><\/strong><em>Los Pol\u00edticos<\/em><\/p>\n\n\n\n<p>Si bien no comparto la vehemencia con que muchos ven al presidente municipal de Xalapa, Ricardo Ahued, la cual respeto, no dejo de reconocer que el edil ha sabido ganarse el coraz\u00f3n de una gran mayor\u00eda de ciudadanos porque tiene imagen de honesto, de honrado, y adem\u00e1s, eso s\u00ed me consta, si puede, trata de hacer el bien sin mirar a quien, lo que le ha valido para que haya alcanzado varios logros en la representaci\u00f3n popular que van desde el que ocupa por segunda ocasi\u00f3n en el Ayuntamiento de Xalapa, diputado federal, tambi\u00e9n local as\u00ed como Senador\u2026<\/p>\n\n\n\n<figure class=\"wp-block-embed is-type-video is-provider-youtube wp-block-embed-youtube wp-embed-aspect-16-9 wp-has-aspect-ratio\"><div class=\"wp-block-embed__wrapper\">\n<iframe loading=\"lazy\" title=\"Cluster Coworking\" width=\"696\" height=\"392\" src=\"https:\/\/www.youtube.com\/embed\/Nxe-vxf8GuY?feature=oembed\" frameborder=\"0\" allow=\"accelerometer; autoplay; clipboard-write; encrypted-media; gyroscope; picture-in-picture; web-share\" referrerpolicy=\"strict-origin-when-cross-origin\" allowfullscreen><\/iframe>\n<\/div><\/figure>\n\n\n\n<p><br>Con este palmar\u00e9s pol\u00edtico as\u00ed como el lustre de su persona, es que en varias ocasiones lo han \u201ccandidateado\u201d para la Gubernatura de Veracruz.<br>Siendo francos que no franquistas, a pesar de tantos y tantos logros, si lo ponemos a la par de otro alcalde que vienen igual candidateando a la Gubernatura, Juan Manuel Diez Francos, de Orizaba, sinceramente no tiene nada que hacer\u2026 \u00bfpor qu\u00e9?<br>Si bien Juan Manuel Diez Francos no es as\u00ed como el m\u00e1s simp\u00e1tico de los pol\u00edticos, al menos ha sido el m\u00e1s eficiente de los representantes populares en m\u00e1s de una d\u00e9cada al ser tres veces presidente municipal de la Pluviosilla\u2026 vamos, el cambio en dicha Ciudad que alguna vez fue cabecera del poder ejecutivo, se ve desde que uno entra a ella hasta que sale\u2026 cosa contraria a Xalapa\u2026 la Atenas Veracruzana se estanc\u00f3 a tal grado que est\u00e1 lejos de parecer una Ciudad Capital, pero aqu\u00ed viene lo curioso de nuestra pol\u00edtica, sea o no en tiempos de la Cuarta Transformaci\u00f3n:<br>Todos sabemos que una y otra, y las que sean necesarias, son varias las ocasiones en que Ricardo Ahued se ha descartado para contender por la Gubernatura este 2024. A todos nos queda claro que, por ser un hombre de palabra, as\u00ed lo har\u00e1 (por favor, Anti-Ahueds, no recuerden la campa\u00f1a que dej\u00f3 a medias con la lucha por tarifas de luz m\u00e1s justas para los veracruzanos), pero\u2026<br>Al inicio de esta columna les platicaba de esa vehemencia con que ven a Ricardo Ahued algunos veracruzanos\u2026 Son \u00e9stos los que al ver que quiz\u00e1s no compita por el Premio Mayor de Veracruz, ya le encontraron otro puesto: \u00a1La secretar\u00eda de Gobierno!<br>Futureando, con el optimismo que caracteriza a los morenos, hay quienes ven en el empresario pl\u00e1stico el N\u00famero 2 con Roc\u00edo Nahle por encima de otros pol\u00edticos como Amado Cruz Malpica o Juan Javier G\u00f3mez Cazar\u00edn (quien por cierto, a veces parece m\u00e1s secretario de Gobierno que otrooos!)\u2026<br>Dan dos razones para ver a Ahued Bardahuil en ese punto:<br>1.- Nahle no olvida que si alguien se flet\u00f3 en la campa\u00f1a para Senador, sin duda alguna fue el empresario\u2026<br>2.- Nahle necesitar\u00eda de un pol\u00edtico que sea capaz de conciliar con morenos, pero tambi\u00e9n con pri\u00edstas y panistas\u2026 vamos, se requiere sensibilidad y tacto pol\u00edtico que no se conocen en la administraci\u00f3n de Cuitl\u00e1huac\u2026<br>Si bien, esta idea no deja de ser un reconocimiento al trabajo pol\u00edtico del alcalde de Xalapa, hay ya quienes le ven cinco patas al burro\u2026 \u00bfo tres pies al gato?<br>1.- Si as\u00ed se diera, Ricardo Ahued dejar\u00eda otro cargo a medias luego de la Senadur\u00eda y tambi\u00e9n Aduanas\u2026<br>2.- Veracruz vivir\u00eda un caso extraordinario teniendo a una zacatecana y a un pachuco de nacimiento, gobernando la entidad\u2026<br>Pero bueno, esto no deja de ser el ferviente deseo de quienes quieren bien a Ricardo Ahued y si bien, no se comprende, s\u00ed se respeta\u2026<\/p>\n","protected":false},"excerpt":{"rendered":"<p>Salvador Mu\u00f1ozLos Pol\u00edticos Si bien no comparto la vehemencia con que muchos ven al presidente municipal de Xalapa, Ricardo Ahued, la cual respeto, no dejo de reconocer que el edil ha sabido ganarse el coraz\u00f3n de una gran mayor\u00eda de ciudadanos porque tiene imagen de honesto, de honrado, y adem\u00e1s, eso s\u00ed me consta, si [&hellip;]<\/p>\n","protected":false},"author":2,"featured_media":0,"comment_status":"closed","ping_status":"closed","sticky":false,"template":"","format":"standard","meta":{"tdm_status":"","tdm_grid_status":"","footnotes":""},"categories":[70],"tags":[5618,12695,1640,876,3578,2646,96],"class_list":{"0":"post-103661","1":"post","2":"type-post","3":"status-publish","4":"format-standard","6":"category-de-opinion","7":"tag-amado-cruz-malpica","8":"tag-juan-javier-gomez-cazarin","9":"tag-juan-manuel-diez-francos","10":"tag-ricardo-ahued","11":"tag-rocio-nahle","12":"tag-salvador-munoz","13":"tag-xalapa"},"yoast_head":"<!-- This site is optimized with the Yoast SEO plugin v27.4 - https:\/\/yoast.com\/product\/yoast-seo-wordpress\/ -->\n<title>AHUED, CON NAHLE? - Los pol\u00edticos Veracruz<\/title>\n<meta name=\"robots\" content=\"index, follow, max-snippet:-1, max-image-preview:large, max-video-preview:-1\" \/>\n<link rel=\"canonical\" href=\"https:\/\/lospoliticosveracruz.com\/?p=103661\" \/>\n<meta property=\"og:locale\" content=\"es_ES\" \/>\n<meta property=\"og:type\" content=\"article\" \/>\n<meta property=\"og:title\" content=\"AHUED, CON NAHLE? - Los pol\u00edticos Veracruz\" \/>\n<meta property=\"og:description\" content=\"Salvador Mu\u00f1ozLos Pol\u00edticos Si bien no comparto la vehemencia con que muchos ven al presidente municipal de Xalapa, Ricardo Ahued, la cual respeto, no dejo de reconocer que el edil ha sabido ganarse el coraz\u00f3n de una gran mayor\u00eda de ciudadanos porque tiene imagen de honesto, de honrado, y adem\u00e1s, eso s\u00ed me consta, si [&hellip;]\" \/>\n<meta property=\"og:url\" content=\"https:\/\/lospoliticosveracruz.com\/?p=103661\" \/>\n<meta property=\"og:site_name\" content=\"Los pol\u00edticos Veracruz\" \/>\n<meta property=\"article:publisher\" content=\"https:\/\/www.facebook.com\/people\/Notimemes-de-los-Polticos\/61565672886568\/\" \/>\n<meta property=\"article:published_time\" content=\"2023-03-15T13:17:00+00:00\" \/>\n<meta property=\"article:modified_time\" content=\"2023-03-15T14:05:12+00:00\" \/>\n<meta property=\"og:image\" content=\"https:\/\/lospoliticosveracruz.com\/wp-content\/uploads\/2016\/07\/Logo-Dor.jpg\" \/>\n\t<meta property=\"og:image:width\" content=\"200\" \/>\n\t<meta property=\"og:image:height\" content=\"200\" \/>\n\t<meta property=\"og:image:type\" content=\"image\/jpeg\" \/>\n<meta name=\"author\" content=\"Lo viste en Los Pol\u00edticos\" \/>\n<meta name=\"twitter:card\" content=\"summary_large_image\" \/>\n<meta name=\"twitter:creator\" content=\"@LosPoliticosVer\" \/>\n<meta name=\"twitter:site\" content=\"@LosPoliticosVer\" \/>\n<meta name=\"twitter:label1\" content=\"Escrito por\" \/>\n\t<meta name=\"twitter:data1\" content=\"Lo viste en Los Pol\u00edticos\" \/>\n\t<meta name=\"twitter:label2\" content=\"Tiempo de lectura\" \/>\n\t<meta name=\"twitter:data2\" content=\"3 minutos\" \/>\n<script type=\"application\/ld+json\" class=\"yoast-schema-graph\">{\"@context\":\"https:\\\/\\\/schema.org\",\"@graph\":[{\"@type\":\"Article\",\"@id\":\"https:\\\/\\\/lospoliticosveracruz.com\\\/?p=103661#article\",\"isPartOf\":{\"@id\":\"https:\\\/\\\/lospoliticosveracruz.com\\\/?p=103661\"},\"author\":{\"name\":\"Lo viste en Los Pol\u00edticos\",\"@id\":\"https:\\\/\\\/lospoliticosveracruz.com\\\/#\\\/schema\\\/person\\\/b8702bb0e538456e6efd07080bf2a4a2\"},\"headline\":\"AHUED, CON NAHLE?\",\"datePublished\":\"2023-03-15T13:17:00+00:00\",\"dateModified\":\"2023-03-15T14:05:12+00:00\",\"mainEntityOfPage\":{\"@id\":\"https:\\\/\\\/lospoliticosveracruz.com\\\/?p=103661\"},\"wordCount\":639,\"publisher\":{\"@id\":\"https:\\\/\\\/lospoliticosveracruz.com\\\/#organization\"},\"keywords\":[\"Amado Cruz Malpica\",\"Juan Javier G\u00f3mez Cazar\u00edn\",\"Juan Manuel Diez Francos\",\"Ricardo Ahued\",\"Roc\u00edo Nahle\",\"Salvador Mu\u00f1oz\",\"Xalapa\"],\"articleSection\":[\"De Opini\u00f3n\"],\"inLanguage\":\"es\"},{\"@type\":\"WebPage\",\"@id\":\"https:\\\/\\\/lospoliticosveracruz.com\\\/?p=103661\",\"url\":\"https:\\\/\\\/lospoliticosveracruz.com\\\/?p=103661\",\"name\":\"AHUED, CON NAHLE? - Los pol\u00edticos Veracruz\",\"isPartOf\":{\"@id\":\"https:\\\/\\\/lospoliticosveracruz.com\\\/#website\"},\"datePublished\":\"2023-03-15T13:17:00+00:00\",\"dateModified\":\"2023-03-15T14:05:12+00:00\",\"breadcrumb\":{\"@id\":\"https:\\\/\\\/lospoliticosveracruz.com\\\/?p=103661#breadcrumb\"},\"inLanguage\":\"es\",\"potentialAction\":[{\"@type\":\"ReadAction\",\"target\":[\"https:\\\/\\\/lospoliticosveracruz.com\\\/?p=103661\"]}]},{\"@type\":\"BreadcrumbList\",\"@id\":\"https:\\\/\\\/lospoliticosveracruz.com\\\/?p=103661#breadcrumb\",\"itemListElement\":[{\"@type\":\"ListItem\",\"position\":1,\"name\":\"Portada\",\"item\":\"https:\\\/\\\/lospoliticosveracruz.com\\\/\"},{\"@type\":\"ListItem\",\"position\":2,\"name\":\"AHUED, CON NAHLE?\"}]},{\"@type\":\"WebSite\",\"@id\":\"https:\\\/\\\/lospoliticosveracruz.com\\\/#website\",\"url\":\"https:\\\/\\\/lospoliticosveracruz.com\\\/\",\"name\":\"Los pol\u00edticos Veracruz\",\"description\":\"\",\"publisher\":{\"@id\":\"https:\\\/\\\/lospoliticosveracruz.com\\\/#organization\"},\"potentialAction\":[{\"@type\":\"SearchAction\",\"target\":{\"@type\":\"EntryPoint\",\"urlTemplate\":\"https:\\\/\\\/lospoliticosveracruz.com\\\/?s={search_term_string}\"},\"query-input\":{\"@type\":\"PropertyValueSpecification\",\"valueRequired\":true,\"valueName\":\"search_term_string\"}}],\"inLanguage\":\"es\"},{\"@type\":\"Organization\",\"@id\":\"https:\\\/\\\/lospoliticosveracruz.com\\\/#organization\",\"name\":\"Los pol\u00edticos Veracruz\",\"url\":\"https:\\\/\\\/lospoliticosveracruz.com\\\/\",\"logo\":{\"@type\":\"ImageObject\",\"inLanguage\":\"es\",\"@id\":\"https:\\\/\\\/lospoliticosveracruz.com\\\/#\\\/schema\\\/logo\\\/image\\\/\",\"url\":\"https:\\\/\\\/lospoliticosveracruz.com\\\/wp-content\\\/uploads\\\/2025\\\/12\\\/Logo-Nuevo-LOS-POLITICOS-1.jpg\",\"contentUrl\":\"https:\\\/\\\/lospoliticosveracruz.com\\\/wp-content\\\/uploads\\\/2025\\\/12\\\/Logo-Nuevo-LOS-POLITICOS-1.jpg\",\"width\":260,\"height\":70,\"caption\":\"Los pol\u00edticos Veracruz\"},\"image\":{\"@id\":\"https:\\\/\\\/lospoliticosveracruz.com\\\/#\\\/schema\\\/logo\\\/image\\\/\"},\"sameAs\":[\"https:\\\/\\\/www.facebook.com\\\/people\\\/Notimemes-de-los-Polticos\\\/61565672886568\\\/\",\"https:\\\/\\\/x.com\\\/LosPoliticosVer\"]},{\"@type\":\"Person\",\"@id\":\"https:\\\/\\\/lospoliticosveracruz.com\\\/#\\\/schema\\\/person\\\/b8702bb0e538456e6efd07080bf2a4a2\",\"name\":\"Lo viste en Los Pol\u00edticos\",\"image\":{\"@type\":\"ImageObject\",\"inLanguage\":\"es\",\"@id\":\"https:\\\/\\\/secure.gravatar.com\\\/avatar\\\/3a8de04a2656d44082be478bd6c086daa447c4651605818287b9532d3d0bd435?s=96&d=mm&r=g\",\"url\":\"https:\\\/\\\/secure.gravatar.com\\\/avatar\\\/3a8de04a2656d44082be478bd6c086daa447c4651605818287b9532d3d0bd435?s=96&d=mm&r=g\",\"contentUrl\":\"https:\\\/\\\/secure.gravatar.com\\\/avatar\\\/3a8de04a2656d44082be478bd6c086daa447c4651605818287b9532d3d0bd435?s=96&d=mm&r=g\",\"caption\":\"Lo viste en Los Pol\u00edticos\"},\"url\":\"https:\\\/\\\/lospoliticosveracruz.com\\\/?author=2\"}]}<\/script>\n<!-- \/ Yoast SEO plugin. -->","yoast_head_json":{"title":"AHUED, CON NAHLE? - Los pol\u00edticos Veracruz","robots":{"index":"index","follow":"follow","max-snippet":"max-snippet:-1","max-image-preview":"max-image-preview:large","max-video-preview":"max-video-preview:-1"},"canonical":"https:\/\/lospoliticosveracruz.com\/?p=103661","og_locale":"es_ES","og_type":"article","og_title":"AHUED, CON NAHLE? - Los pol\u00edticos Veracruz","og_description":"Salvador Mu\u00f1ozLos Pol\u00edticos Si bien no comparto la vehemencia con que muchos ven al presidente municipal de Xalapa, Ricardo Ahued, la cual respeto, no dejo de reconocer que el edil ha sabido ganarse el coraz\u00f3n de una gran mayor\u00eda de ciudadanos porque tiene imagen de honesto, de honrado, y adem\u00e1s, eso s\u00ed me consta, si [&hellip;]","og_url":"https:\/\/lospoliticosveracruz.com\/?p=103661","og_site_name":"Los pol\u00edticos Veracruz","article_publisher":"https:\/\/www.facebook.com\/people\/Notimemes-de-los-Polticos\/61565672886568\/","article_published_time":"2023-03-15T13:17:00+00:00","article_modified_time":"2023-03-15T14:05:12+00:00","og_image":[{"width":200,"height":200,"url":"https:\/\/lospoliticosveracruz.com\/wp-content\/uploads\/2016\/07\/Logo-Dor.jpg","type":"image\/jpeg"}],"author":"Lo viste en Los Pol\u00edticos","twitter_card":"summary_large_image","twitter_creator":"@LosPoliticosVer","twitter_site":"@LosPoliticosVer","twitter_misc":{"Escrito por":"Lo viste en Los Pol\u00edticos","Tiempo de lectura":"3 minutos"},"schema":{"@context":"https:\/\/schema.org","@graph":[{"@type":"Article","@id":"https:\/\/lospoliticosveracruz.com\/?p=103661#article","isPartOf":{"@id":"https:\/\/lospoliticosveracruz.com\/?p=103661"},"author":{"name":"Lo viste en Los Pol\u00edticos","@id":"https:\/\/lospoliticosveracruz.com\/#\/schema\/person\/b8702bb0e538456e6efd07080bf2a4a2"},"headline":"AHUED, CON NAHLE?","datePublished":"2023-03-15T13:17:00+00:00","dateModified":"2023-03-15T14:05:12+00:00","mainEntityOfPage":{"@id":"https:\/\/lospoliticosveracruz.com\/?p=103661"},"wordCount":639,"publisher":{"@id":"https:\/\/lospoliticosveracruz.com\/#organization"},"keywords":["Amado Cruz Malpica","Juan Javier G\u00f3mez Cazar\u00edn","Juan Manuel Diez Francos","Ricardo Ahued","Roc\u00edo Nahle","Salvador Mu\u00f1oz","Xalapa"],"articleSection":["De Opini\u00f3n"],"inLanguage":"es"},{"@type":"WebPage","@id":"https:\/\/lospoliticosveracruz.com\/?p=103661","url":"https:\/\/lospoliticosveracruz.com\/?p=103661","name":"AHUED, CON NAHLE? - Los pol\u00edticos Veracruz","isPartOf":{"@id":"https:\/\/lospoliticosveracruz.com\/#website"},"datePublished":"2023-03-15T13:17:00+00:00","dateModified":"2023-03-15T14:05:12+00:00","breadcrumb":{"@id":"https:\/\/lospoliticosveracruz.com\/?p=103661#breadcrumb"},"inLanguage":"es","potentialAction":[{"@type":"ReadAction","target":["https:\/\/lospoliticosveracruz.com\/?p=103661"]}]},{"@type":"BreadcrumbList","@id":"https:\/\/lospoliticosveracruz.com\/?p=103661#breadcrumb","itemListElement":[{"@type":"ListItem","position":1,"name":"Portada","item":"https:\/\/lospoliticosveracruz.com\/"},{"@type":"ListItem","position":2,"name":"AHUED, CON NAHLE?"}]},{"@type":"WebSite","@id":"https:\/\/lospoliticosveracruz.com\/#website","url":"https:\/\/lospoliticosveracruz.com\/","name":"Los pol\u00edticos Veracruz","description":"","publisher":{"@id":"https:\/\/lospoliticosveracruz.com\/#organization"},"potentialAction":[{"@type":"SearchAction","target":{"@type":"EntryPoint","urlTemplate":"https:\/\/lospoliticosveracruz.com\/?s={search_term_string}"},"query-input":{"@type":"PropertyValueSpecification","valueRequired":true,"valueName":"search_term_string"}}],"inLanguage":"es"},{"@type":"Organization","@id":"https:\/\/lospoliticosveracruz.com\/#organization","name":"Los pol\u00edticos Veracruz","url":"https:\/\/lospoliticosveracruz.com\/","logo":{"@type":"ImageObject","inLanguage":"es","@id":"https:\/\/lospoliticosveracruz.com\/#\/schema\/logo\/image\/","url":"https:\/\/lospoliticosveracruz.com\/wp-content\/uploads\/2025\/12\/Logo-Nuevo-LOS-POLITICOS-1.jpg","contentUrl":"https:\/\/lospoliticosveracruz.com\/wp-content\/uploads\/2025\/12\/Logo-Nuevo-LOS-POLITICOS-1.jpg","width":260,"height":70,"caption":"Los pol\u00edticos Veracruz"},"image":{"@id":"https:\/\/lospoliticosveracruz.com\/#\/schema\/logo\/image\/"},"sameAs":["https:\/\/www.facebook.com\/people\/Notimemes-de-los-Polticos\/61565672886568\/","https:\/\/x.com\/LosPoliticosVer"]},{"@type":"Person","@id":"https:\/\/lospoliticosveracruz.com\/#\/schema\/person\/b8702bb0e538456e6efd07080bf2a4a2","name":"Lo viste en Los Pol\u00edticos","image":{"@type":"ImageObject","inLanguage":"es","@id":"https:\/\/secure.gravatar.com\/avatar\/3a8de04a2656d44082be478bd6c086daa447c4651605818287b9532d3d0bd435?s=96&d=mm&r=g","url":"https:\/\/secure.gravatar.com\/avatar\/3a8de04a2656d44082be478bd6c086daa447c4651605818287b9532d3d0bd435?s=96&d=mm&r=g","contentUrl":"https:\/\/secure.gravatar.com\/avatar\/3a8de04a2656d44082be478bd6c086daa447c4651605818287b9532d3d0bd435?s=96&d=mm&r=g","caption":"Lo viste en Los Pol\u00edticos"},"url":"https:\/\/lospoliticosveracruz.com\/?author=2"}]}},"_links":{"self":[{"href":"https:\/\/lospoliticosveracruz.com\/index.php?rest_route=\/wp\/v2\/posts\/103661","targetHints":{"allow":["GET"]}}],"collection":[{"href":"https:\/\/lospoliticosveracruz.com\/index.php?rest_route=\/wp\/v2\/posts"}],"about":[{"href":"https:\/\/lospoliticosveracruz.com\/index.php?rest_route=\/wp\/v2\/types\/post"}],"author":[{"embeddable":true,"href":"https:\/\/lospoliticosveracruz.com\/index.php?rest_route=\/wp\/v2\/users\/2"}],"replies":[{"embeddable":true,"href":"https:\/\/lospoliticosveracruz.com\/index.php?rest_route=%2Fwp%2Fv2%2Fcomments&post=103661"}],"version-history":[{"count":1,"href":"https:\/\/lospoliticosveracruz.com\/index.php?rest_route=\/wp\/v2\/posts\/103661\/revisions"}],"predecessor-version":[{"id":103662,"href":"https:\/\/lospoliticosveracruz.com\/index.php?rest_route=\/wp\/v2\/posts\/103661\/revisions\/103662"}],"wp:attachment":[{"href":"https:\/\/lospoliticosveracruz.com\/index.php?rest_route=%2Fwp%2Fv2%2Fmedia&parent=103661"}],"wp:term":[{"taxonomy":"category","embeddable":true,"href":"https:\/\/lospoliticosveracruz.com\/index.php?rest_route=%2Fwp%2Fv2%2Fcategories&post=103661"},{"taxonomy":"post_tag","embeddable":true,"href":"https:\/\/lospoliticosveracruz.com\/index.php?rest_route=%2Fwp%2Fv2%2Ftags&post=103661"}],"curies":[{"name":"wp","href":"https:\/\/api.w.org\/{rel}","templated":true}]}}