{"id":103673,"date":"2023-03-15T07:45:14","date_gmt":"2023-03-15T13:45:14","guid":{"rendered":"https:\/\/lospoliticosveracruz.com.mx\/?p=103673"},"modified":"2023-03-15T07:45:19","modified_gmt":"2023-03-15T13:45:19","slug":"sergio-gutierrez-el-defensor-de-lopez-obrador","status":"publish","type":"post","link":"https:\/\/lospoliticosveracruz.com\/?p=103673","title":{"rendered":"SERGIO GUTI\u00c9RREZ, EL DEFENSOR DE L\u00d3PEZ OBRADOR"},"content":{"rendered":"\n<p><strong>Ricardo Chua<br><\/strong><em>Sale y Vale<\/em><\/p>\n\n\n\n<p>Mucho podr\u00e1n criticar el presunto \u00aboportunismo\u00bb del diputado federal minatitleco de MORENA; Sergio Guti\u00e9rrez Luna, para quedarse con la candidatura a la gubernatura de Veracruz en 2024\u2026 Le podr\u00e1n llamar \u00abpayaso cercano a personajes oscuros\u00bb y le podr\u00e1n rematar dici\u00e9ndole: \u00abAmbicioso vulgar\u00bb\u2026 Pero es el \u00fanico pol\u00edtico de MORENA, que ha DEFENDIDO al Presidente, Andr\u00e9s Manuel L\u00f3pez Obrador, con su principal adversario en el pa\u00eds: Lorenzo C\u00f3rdova, el vocal presidente del INE\u2026<\/p>\n\n\n<div class=\"wp-block-image\">\n<figure class=\"alignleft size-medium\"><a href=\"https:\/\/lospoliticosveracruz.com.mx\/wp-content\/uploads\/2023\/02\/Estancia.jpg\"><img decoding=\"async\" src=\"https:\/\/lospoliticosveracruz.com.mx\/wp-content\/uploads\/2023\/02\/Estancia-190x300.jpg\" alt=\"\" class=\"wp-image-102751\"\/><\/a><\/figure>\n<\/div>\n\n\n<p>Guti\u00e9rrez Luna es \u00e9l \u00fanico personaje que se fue a meter al \u00abterritorio\u00bb de Lorenzo C\u00f3rdova, que es la Universidad Nacional Aut\u00f3noma de M\u00e9xico (UNAM), a un debate sobre el famoso \u00abPlan B\u00bb que propuso L\u00f3pez Obrador, para defenderlo y se dio un tiro de a t\u00fa a t\u00fa con el Presidente del INE.. Un debate que fue muy publicitado en las redes sociales\u2026 Obvio las opiniones se dividieron, unos dicen que gan\u00f3 C\u00f3rdova, otros se\u00f1alan que gan\u00f3 Guti\u00e9rrez Luna.. Para todos hay gustos\u2026<\/p>\n\n\n\n<p>Lo cierto es que no es f\u00e1cil\u2026 Irse a meter a la UNAM a debatir con uno de sus grandes exponentes nacionales como lo es Lorenzo C\u00f3rdova.. Un personaje que tiene una credibilidad impresionante en la sociedad mexicana\u2026. Pero Sergio Guti\u00e9rrez no temi\u00f3 y fue a enfrentar con sus argumentos la defensa del \u00abPlan B\u00bb.. Ya que este auditorio donde se llev\u00f3 a cabo el debate, era un sitio \u00abhostil\u00bb para el legislador federal de MORENA\u2026 Se puede decir que sali\u00f3 \u00abairoso\u00bb\u2026 Y repetimos, ya cada qui\u00e9n calificar\u00e1 su actuaci\u00f3n de acuerdo a sus intereses\u2026<\/p>\n\n\n\n<p>Pero OJO aqu\u00ed el tema es que con esa acci\u00f3n Guti\u00e9rrez Luna se puso en la mira del Presidente de M\u00e9xico.. Nadie lo ha defendido como \u00e9l, con argumentos reales y legales, no con puras \u00abgrillas\u00bb baratas, politiquer\u00edas o s\u00f3lo firmando desplegados en medios de comunicaci\u00f3n\u2026 No el minatitleco se prepar\u00f3 para debatir al principal opositor electoral del R\u00e9gimen de la 4T.. Algo que no lo han hecho ni Marcelo Ebrard, Claudia Sheinbaum, Rocio Nahle o hasta Cuitl\u00e1huac Garc\u00eda\u2026 En eso se los llev\u00f3 de calle Sergio Guti\u00e9rrez\u2026<\/p>\n\n\n\n<p>Si nos basamos en el \u00abviejo libro\u00bb de la pol\u00edtica\u2026 Se dir\u00eda que el diputado federal hizo su funci\u00f3n y el Presidente qued\u00f3 satisfecho.. Pero con este Presidente emanado de MORENA, poco se sabe como va a actuar.. No hace una pol\u00edtica lineal, es ambigua\u2026 As\u00ed que si todos los que pensaban que por irse a Jap\u00f3n, por varios d\u00edas, Guti\u00e9rrez Luna estaba \u00abdescalificado\u00bb del 2024 en Veracruz. Este acto de valor de ir a la UNAM y polemizar con Lorenzo C\u00f3rdova\u2026 No la tienen, ni los que lo llamaron: \u00abambicioso vulgar\u00bb.. EL QUE ENTENDI\u00d3, ENTENDI\u00d3\u2026.<\/p>\n\n\n\n<p>LA SUCESI\u00d3N EN VERACRUZ, \u00bfINDEFINIDA?.. Los que son expertos en temas pol\u00edticos, se\u00f1alan que la sucesi\u00f3n estatal en Veracruz para el 2024\u2026 Es todav\u00eda una encrucijada tanto para MORENA como para partidos de oposici\u00f3n\u2026 Nadie sabe a\u00fan qu\u00e9 va a pasar\u2026 Ya que MORENA, al menos, se va a saber qu\u00e9 suceder\u00e1 con ellos, hasta que el Presidente, Andr\u00e9s Manuel L\u00f3pez Obrador DIGA qui\u00e9n ser\u00e1 el candidato\u2026 S\u00f3lo \u00e9l y nadie m\u00e1s\u2026 Los que digan lo contrario, entonces, est\u00e1n mintiendo\u2026<\/p>\n\n\n\n<p>Lo que se sabe sobre la oposici\u00f3n en Veracruz\u2026 Es probable que el PAN lleve mano en esta coalici\u00f3n a la Presidencia de la Rep\u00fablica\u2026 Y de ah\u00ed, vendr\u00e1n las negociaciones para las 9 gubernaturas que se jugar\u00e1n en 2024.. Entre ellos la de \u00abJarochilandia\u00bb.. Si bien es cierto, Movimiento Ciudadano y Dante Delgado se bajaron de las elecciones de Coahuila y Estado de M\u00e9xico, presuntamente por los \u00abamarres\u00bb de Ricardo Monreal para que vaya por la Jefatura de Gobierno a la CDMX por este partido\u2026<\/p>\n\n\n\n<p>Asimismo se dice que es por salvar a Samuel Garc\u00eda, gobernador de Nuevo Le\u00f3n, del juicio pol\u00edtico que le quieren implementar diputados del Congreso del Estado, que en este momento depende de los legisladores de MORENA.. Se ve que Dante est\u00e1 construyendo para \u00e9l en Veracruz, pero tambi\u00e9n se mantiene cercano a Monreal y Marcelo Ebrard.. Mientras que el PVEM, se encuentra partido en 3 partes.. El poder pol\u00edtico de Jorge Emilio Gonz\u00e1lez, el del senador, Manuel Velasco y el del gobernador de San Luis Potos\u00ed, Ricardo \u00abEl Pollo\u00bb Gallardo\u2026<\/p>\n\n\n\n<p>Pero as\u00ed como Dante Delgado quiere Veracruz para \u00e9l\u2026 Intenta retener Jalisco junto con Nuevo Le\u00f3n.. Adem\u00e1s busca retener los 3 segundos lugares obtenidos en Colima, Nayarit y Campeche.. Por eso, no se descarta que en \u00abJarochilandia\u00bb, la oposici\u00f3n la pueda \u00abjugar\u00bb con un Yunes \u00abazul\u00bb o Dante\u2026 S\u00f3lo hay que recordar que en 2024 viene la primera reelecci\u00f3n de Senadores\u2026 Y en Veracruz, dentro de MORENA, esto podr\u00eda demostrar la fortaleza de Ricardo Ahued para quiz\u00e1s volver a jugar en mancuerna con Roc\u00edo Nahle para retener la entidad..<\/p>\n\n\n\n<p>Se puede pensar que de candidatos vayan Nahle o Sergio Guti\u00e9rrez Luna\u2026 Con Ricardo Ahued, Manuel Huerta o Zenyazen Escobar para el Senado\u2026 Mientras que Cuitl\u00e1huac Garc\u00eda estar\u00eda buscando su posici\u00f3n plurinominal.. Y la de f\u00f3rmula se la dar\u00edan a una mujer\u2026 Pero dicen que el gobernador quiere a Zenyazen de candidato a Senador o gobernador.. Pero el tema es que Cuitl\u00e1huac pueda aguantar para entrar a la lista nacional por el Senado\u2026 Ya que el mandatario estatal tambi\u00e9n quiere proteger a los suyos\u2026<\/p>\n\n\n\n<p>Ya que se dice est\u00e1 pidiendo posiciones en las diputaciones federales para que Palacio Nacional se las apruebe\u2026 Ya que \u00e9l desea dejar bien protegidos como legisladores a personajes cercanos a \u00e9l: Eleazar Guerrero P\u00e9rez, Jos\u00e9 Luis Lima Franco y Eric Cisneros Burgos.. Ya que este \u00faltimo es el que m\u00e1s adversarios tiene dentro y fuera de MORENA.. As\u00ed que esa protecci\u00f3n se las dar\u00e1n por fuero\u2026 S\u00f3lo falta que la lista la apruebe Mario Delgado y la avale Palacio Nacional\u2026 CONSUMATUM EST\u2026<\/p>\n","protected":false},"excerpt":{"rendered":"<p>Ricardo ChuaSale y Vale Mucho podr\u00e1n criticar el presunto \u00aboportunismo\u00bb del diputado federal minatitleco de MORENA; Sergio Guti\u00e9rrez Luna, para quedarse con la candidatura a la gubernatura de Veracruz en 2024\u2026 Le podr\u00e1n llamar \u00abpayaso cercano a personajes oscuros\u00bb y le podr\u00e1n rematar dici\u00e9ndole: \u00abAmbicioso vulgar\u00bb\u2026 Pero es el \u00fanico pol\u00edtico de MORENA, que ha [&hellip;]<\/p>\n","protected":false},"author":2,"featured_media":0,"comment_status":"closed","ping_status":"closed","sticky":false,"template":"","format":"standard","meta":{"tdm_status":"","tdm_grid_status":"","footnotes":""},"categories":[70],"tags":[618,9627,2219,5613,14703,1026,2327,26717,16147,143],"class_list":{"0":"post-103673","1":"post","2":"type-post","3":"status-publish","4":"format-standard","6":"category-de-opinion","7":"tag-andres-manuel-lopez-obrador","8":"tag-claudia-sheinbaum","9":"tag-dante-delgado","10":"tag-lorenzo-cordova","11":"tag-marcelo-ebrard","12":"tag-morena","13":"tag-movimiento-ciudadano","14":"tag-rocio-nahle-2","15":"tag-sergio-gutierrez-luna","16":"tag-unam"},"yoast_head":"<!-- This site is optimized with the Yoast SEO plugin v27.4 - https:\/\/yoast.com\/product\/yoast-seo-wordpress\/ -->\n<title>SERGIO GUTI\u00c9RREZ, EL DEFENSOR DE L\u00d3PEZ OBRADOR - Los pol\u00edticos Veracruz<\/title>\n<meta name=\"robots\" content=\"index, follow, max-snippet:-1, max-image-preview:large, max-video-preview:-1\" \/>\n<link rel=\"canonical\" href=\"https:\/\/lospoliticosveracruz.com\/?p=103673\" \/>\n<meta property=\"og:locale\" content=\"es_ES\" \/>\n<meta property=\"og:type\" content=\"article\" \/>\n<meta property=\"og:title\" content=\"SERGIO GUTI\u00c9RREZ, EL DEFENSOR DE L\u00d3PEZ OBRADOR - Los pol\u00edticos Veracruz\" \/>\n<meta property=\"og:description\" content=\"Ricardo ChuaSale y Vale Mucho podr\u00e1n criticar el presunto \u00aboportunismo\u00bb del diputado federal minatitleco de MORENA; Sergio Guti\u00e9rrez Luna, para quedarse con la candidatura a la gubernatura de Veracruz en 2024\u2026 Le podr\u00e1n llamar \u00abpayaso cercano a personajes oscuros\u00bb y le podr\u00e1n rematar dici\u00e9ndole: \u00abAmbicioso vulgar\u00bb\u2026 Pero es el \u00fanico pol\u00edtico de MORENA, que ha [&hellip;]\" \/>\n<meta property=\"og:url\" content=\"https:\/\/lospoliticosveracruz.com\/?p=103673\" \/>\n<meta property=\"og:site_name\" content=\"Los pol\u00edticos Veracruz\" \/>\n<meta property=\"article:publisher\" content=\"https:\/\/www.facebook.com\/people\/Notimemes-de-los-Polticos\/61565672886568\/\" \/>\n<meta property=\"article:published_time\" content=\"2023-03-15T13:45:14+00:00\" \/>\n<meta property=\"article:modified_time\" content=\"2023-03-15T13:45:19+00:00\" \/>\n<meta property=\"og:image\" content=\"https:\/\/lospoliticosveracruz.com.mx\/wp-content\/uploads\/2023\/02\/Estancia-190x300.jpg\" \/>\n<meta name=\"author\" content=\"Lo viste en Los Pol\u00edticos\" \/>\n<meta name=\"twitter:card\" content=\"summary_large_image\" \/>\n<meta name=\"twitter:creator\" content=\"@LosPoliticosVer\" \/>\n<meta name=\"twitter:site\" content=\"@LosPoliticosVer\" \/>\n<meta name=\"twitter:label1\" content=\"Escrito por\" \/>\n\t<meta name=\"twitter:data1\" content=\"Lo viste en Los Pol\u00edticos\" \/>\n\t<meta name=\"twitter:label2\" content=\"Tiempo de lectura\" \/>\n\t<meta name=\"twitter:data2\" content=\"5 minutos\" \/>\n<script type=\"application\/ld+json\" class=\"yoast-schema-graph\">{\"@context\":\"https:\\\/\\\/schema.org\",\"@graph\":[{\"@type\":\"Article\",\"@id\":\"https:\\\/\\\/lospoliticosveracruz.com\\\/?p=103673#article\",\"isPartOf\":{\"@id\":\"https:\\\/\\\/lospoliticosveracruz.com\\\/?p=103673\"},\"author\":{\"name\":\"Lo viste en Los Pol\u00edticos\",\"@id\":\"https:\\\/\\\/lospoliticosveracruz.com\\\/#\\\/schema\\\/person\\\/b8702bb0e538456e6efd07080bf2a4a2\"},\"headline\":\"SERGIO GUTI\u00c9RREZ, EL DEFENSOR DE L\u00d3PEZ OBRADOR\",\"datePublished\":\"2023-03-15T13:45:14+00:00\",\"dateModified\":\"2023-03-15T13:45:19+00:00\",\"mainEntityOfPage\":{\"@id\":\"https:\\\/\\\/lospoliticosveracruz.com\\\/?p=103673\"},\"wordCount\":1041,\"publisher\":{\"@id\":\"https:\\\/\\\/lospoliticosveracruz.com\\\/#organization\"},\"image\":{\"@id\":\"https:\\\/\\\/lospoliticosveracruz.com\\\/?p=103673#primaryimage\"},\"thumbnailUrl\":\"https:\\\/\\\/lospoliticosveracruz.com.mx\\\/wp-content\\\/uploads\\\/2023\\\/02\\\/Estancia-190x300.jpg\",\"keywords\":[\"Andr\u00e9s Manuel L\u00f3pez Obrador\",\"Claudia Sheinbaum\",\"Dante Delgado\",\"Lorenzo C\u00f3rdova\",\"Marcelo Ebrard\",\"Morena\",\"Movimiento Ciudadano\",\"Rocio Nahle\",\"Sergio Guti\u00e9rrez Luna\",\"UNAM\"],\"articleSection\":[\"De Opini\u00f3n\"],\"inLanguage\":\"es\"},{\"@type\":\"WebPage\",\"@id\":\"https:\\\/\\\/lospoliticosveracruz.com\\\/?p=103673\",\"url\":\"https:\\\/\\\/lospoliticosveracruz.com\\\/?p=103673\",\"name\":\"SERGIO GUTI\u00c9RREZ, EL DEFENSOR DE L\u00d3PEZ OBRADOR - Los pol\u00edticos Veracruz\",\"isPartOf\":{\"@id\":\"https:\\\/\\\/lospoliticosveracruz.com\\\/#website\"},\"primaryImageOfPage\":{\"@id\":\"https:\\\/\\\/lospoliticosveracruz.com\\\/?p=103673#primaryimage\"},\"image\":{\"@id\":\"https:\\\/\\\/lospoliticosveracruz.com\\\/?p=103673#primaryimage\"},\"thumbnailUrl\":\"https:\\\/\\\/lospoliticosveracruz.com.mx\\\/wp-content\\\/uploads\\\/2023\\\/02\\\/Estancia-190x300.jpg\",\"datePublished\":\"2023-03-15T13:45:14+00:00\",\"dateModified\":\"2023-03-15T13:45:19+00:00\",\"breadcrumb\":{\"@id\":\"https:\\\/\\\/lospoliticosveracruz.com\\\/?p=103673#breadcrumb\"},\"inLanguage\":\"es\",\"potentialAction\":[{\"@type\":\"ReadAction\",\"target\":[\"https:\\\/\\\/lospoliticosveracruz.com\\\/?p=103673\"]}]},{\"@type\":\"ImageObject\",\"inLanguage\":\"es\",\"@id\":\"https:\\\/\\\/lospoliticosveracruz.com\\\/?p=103673#primaryimage\",\"url\":\"https:\\\/\\\/lospoliticosveracruz.com.mx\\\/wp-content\\\/uploads\\\/2023\\\/02\\\/Estancia-190x300.jpg\",\"contentUrl\":\"https:\\\/\\\/lospoliticosveracruz.com.mx\\\/wp-content\\\/uploads\\\/2023\\\/02\\\/Estancia-190x300.jpg\"},{\"@type\":\"BreadcrumbList\",\"@id\":\"https:\\\/\\\/lospoliticosveracruz.com\\\/?p=103673#breadcrumb\",\"itemListElement\":[{\"@type\":\"ListItem\",\"position\":1,\"name\":\"Portada\",\"item\":\"https:\\\/\\\/lospoliticosveracruz.com\\\/\"},{\"@type\":\"ListItem\",\"position\":2,\"name\":\"SERGIO GUTI\u00c9RREZ, EL DEFENSOR DE L\u00d3PEZ OBRADOR\"}]},{\"@type\":\"WebSite\",\"@id\":\"https:\\\/\\\/lospoliticosveracruz.com\\\/#website\",\"url\":\"https:\\\/\\\/lospoliticosveracruz.com\\\/\",\"name\":\"Los pol\u00edticos Veracruz\",\"description\":\"\",\"publisher\":{\"@id\":\"https:\\\/\\\/lospoliticosveracruz.com\\\/#organization\"},\"potentialAction\":[{\"@type\":\"SearchAction\",\"target\":{\"@type\":\"EntryPoint\",\"urlTemplate\":\"https:\\\/\\\/lospoliticosveracruz.com\\\/?s={search_term_string}\"},\"query-input\":{\"@type\":\"PropertyValueSpecification\",\"valueRequired\":true,\"valueName\":\"search_term_string\"}}],\"inLanguage\":\"es\"},{\"@type\":\"Organization\",\"@id\":\"https:\\\/\\\/lospoliticosveracruz.com\\\/#organization\",\"name\":\"Los pol\u00edticos Veracruz\",\"url\":\"https:\\\/\\\/lospoliticosveracruz.com\\\/\",\"logo\":{\"@type\":\"ImageObject\",\"inLanguage\":\"es\",\"@id\":\"https:\\\/\\\/lospoliticosveracruz.com\\\/#\\\/schema\\\/logo\\\/image\\\/\",\"url\":\"https:\\\/\\\/lospoliticosveracruz.com\\\/wp-content\\\/uploads\\\/2025\\\/12\\\/Logo-Nuevo-LOS-POLITICOS-1.jpg\",\"contentUrl\":\"https:\\\/\\\/lospoliticosveracruz.com\\\/wp-content\\\/uploads\\\/2025\\\/12\\\/Logo-Nuevo-LOS-POLITICOS-1.jpg\",\"width\":260,\"height\":70,\"caption\":\"Los pol\u00edticos Veracruz\"},\"image\":{\"@id\":\"https:\\\/\\\/lospoliticosveracruz.com\\\/#\\\/schema\\\/logo\\\/image\\\/\"},\"sameAs\":[\"https:\\\/\\\/www.facebook.com\\\/people\\\/Notimemes-de-los-Polticos\\\/61565672886568\\\/\",\"https:\\\/\\\/x.com\\\/LosPoliticosVer\"]},{\"@type\":\"Person\",\"@id\":\"https:\\\/\\\/lospoliticosveracruz.com\\\/#\\\/schema\\\/person\\\/b8702bb0e538456e6efd07080bf2a4a2\",\"name\":\"Lo viste en Los Pol\u00edticos\",\"image\":{\"@type\":\"ImageObject\",\"inLanguage\":\"es\",\"@id\":\"https:\\\/\\\/secure.gravatar.com\\\/avatar\\\/3a8de04a2656d44082be478bd6c086daa447c4651605818287b9532d3d0bd435?s=96&d=mm&r=g\",\"url\":\"https:\\\/\\\/secure.gravatar.com\\\/avatar\\\/3a8de04a2656d44082be478bd6c086daa447c4651605818287b9532d3d0bd435?s=96&d=mm&r=g\",\"contentUrl\":\"https:\\\/\\\/secure.gravatar.com\\\/avatar\\\/3a8de04a2656d44082be478bd6c086daa447c4651605818287b9532d3d0bd435?s=96&d=mm&r=g\",\"caption\":\"Lo viste en Los Pol\u00edticos\"},\"url\":\"https:\\\/\\\/lospoliticosveracruz.com\\\/?author=2\"}]}<\/script>\n<!-- \/ Yoast SEO plugin. -->","yoast_head_json":{"title":"SERGIO GUTI\u00c9RREZ, EL DEFENSOR DE L\u00d3PEZ OBRADOR - Los pol\u00edticos Veracruz","robots":{"index":"index","follow":"follow","max-snippet":"max-snippet:-1","max-image-preview":"max-image-preview:large","max-video-preview":"max-video-preview:-1"},"canonical":"https:\/\/lospoliticosveracruz.com\/?p=103673","og_locale":"es_ES","og_type":"article","og_title":"SERGIO GUTI\u00c9RREZ, EL DEFENSOR DE L\u00d3PEZ OBRADOR - Los pol\u00edticos Veracruz","og_description":"Ricardo ChuaSale y Vale Mucho podr\u00e1n criticar el presunto \u00aboportunismo\u00bb del diputado federal minatitleco de MORENA; Sergio Guti\u00e9rrez Luna, para quedarse con la candidatura a la gubernatura de Veracruz en 2024\u2026 Le podr\u00e1n llamar \u00abpayaso cercano a personajes oscuros\u00bb y le podr\u00e1n rematar dici\u00e9ndole: \u00abAmbicioso vulgar\u00bb\u2026 Pero es el \u00fanico pol\u00edtico de MORENA, que ha [&hellip;]","og_url":"https:\/\/lospoliticosveracruz.com\/?p=103673","og_site_name":"Los pol\u00edticos Veracruz","article_publisher":"https:\/\/www.facebook.com\/people\/Notimemes-de-los-Polticos\/61565672886568\/","article_published_time":"2023-03-15T13:45:14+00:00","article_modified_time":"2023-03-15T13:45:19+00:00","og_image":[{"url":"https:\/\/lospoliticosveracruz.com.mx\/wp-content\/uploads\/2023\/02\/Estancia-190x300.jpg","type":"","width":"","height":""}],"author":"Lo viste en Los Pol\u00edticos","twitter_card":"summary_large_image","twitter_creator":"@LosPoliticosVer","twitter_site":"@LosPoliticosVer","twitter_misc":{"Escrito por":"Lo viste en Los Pol\u00edticos","Tiempo de lectura":"5 minutos"},"schema":{"@context":"https:\/\/schema.org","@graph":[{"@type":"Article","@id":"https:\/\/lospoliticosveracruz.com\/?p=103673#article","isPartOf":{"@id":"https:\/\/lospoliticosveracruz.com\/?p=103673"},"author":{"name":"Lo viste en Los Pol\u00edticos","@id":"https:\/\/lospoliticosveracruz.com\/#\/schema\/person\/b8702bb0e538456e6efd07080bf2a4a2"},"headline":"SERGIO GUTI\u00c9RREZ, EL DEFENSOR DE L\u00d3PEZ OBRADOR","datePublished":"2023-03-15T13:45:14+00:00","dateModified":"2023-03-15T13:45:19+00:00","mainEntityOfPage":{"@id":"https:\/\/lospoliticosveracruz.com\/?p=103673"},"wordCount":1041,"publisher":{"@id":"https:\/\/lospoliticosveracruz.com\/#organization"},"image":{"@id":"https:\/\/lospoliticosveracruz.com\/?p=103673#primaryimage"},"thumbnailUrl":"https:\/\/lospoliticosveracruz.com.mx\/wp-content\/uploads\/2023\/02\/Estancia-190x300.jpg","keywords":["Andr\u00e9s Manuel L\u00f3pez Obrador","Claudia Sheinbaum","Dante Delgado","Lorenzo C\u00f3rdova","Marcelo Ebrard","Morena","Movimiento Ciudadano","Rocio Nahle","Sergio Guti\u00e9rrez Luna","UNAM"],"articleSection":["De Opini\u00f3n"],"inLanguage":"es"},{"@type":"WebPage","@id":"https:\/\/lospoliticosveracruz.com\/?p=103673","url":"https:\/\/lospoliticosveracruz.com\/?p=103673","name":"SERGIO GUTI\u00c9RREZ, EL DEFENSOR DE L\u00d3PEZ OBRADOR - Los pol\u00edticos Veracruz","isPartOf":{"@id":"https:\/\/lospoliticosveracruz.com\/#website"},"primaryImageOfPage":{"@id":"https:\/\/lospoliticosveracruz.com\/?p=103673#primaryimage"},"image":{"@id":"https:\/\/lospoliticosveracruz.com\/?p=103673#primaryimage"},"thumbnailUrl":"https:\/\/lospoliticosveracruz.com.mx\/wp-content\/uploads\/2023\/02\/Estancia-190x300.jpg","datePublished":"2023-03-15T13:45:14+00:00","dateModified":"2023-03-15T13:45:19+00:00","breadcrumb":{"@id":"https:\/\/lospoliticosveracruz.com\/?p=103673#breadcrumb"},"inLanguage":"es","potentialAction":[{"@type":"ReadAction","target":["https:\/\/lospoliticosveracruz.com\/?p=103673"]}]},{"@type":"ImageObject","inLanguage":"es","@id":"https:\/\/lospoliticosveracruz.com\/?p=103673#primaryimage","url":"https:\/\/lospoliticosveracruz.com.mx\/wp-content\/uploads\/2023\/02\/Estancia-190x300.jpg","contentUrl":"https:\/\/lospoliticosveracruz.com.mx\/wp-content\/uploads\/2023\/02\/Estancia-190x300.jpg"},{"@type":"BreadcrumbList","@id":"https:\/\/lospoliticosveracruz.com\/?p=103673#breadcrumb","itemListElement":[{"@type":"ListItem","position":1,"name":"Portada","item":"https:\/\/lospoliticosveracruz.com\/"},{"@type":"ListItem","position":2,"name":"SERGIO GUTI\u00c9RREZ, EL DEFENSOR DE L\u00d3PEZ OBRADOR"}]},{"@type":"WebSite","@id":"https:\/\/lospoliticosveracruz.com\/#website","url":"https:\/\/lospoliticosveracruz.com\/","name":"Los pol\u00edticos Veracruz","description":"","publisher":{"@id":"https:\/\/lospoliticosveracruz.com\/#organization"},"potentialAction":[{"@type":"SearchAction","target":{"@type":"EntryPoint","urlTemplate":"https:\/\/lospoliticosveracruz.com\/?s={search_term_string}"},"query-input":{"@type":"PropertyValueSpecification","valueRequired":true,"valueName":"search_term_string"}}],"inLanguage":"es"},{"@type":"Organization","@id":"https:\/\/lospoliticosveracruz.com\/#organization","name":"Los pol\u00edticos Veracruz","url":"https:\/\/lospoliticosveracruz.com\/","logo":{"@type":"ImageObject","inLanguage":"es","@id":"https:\/\/lospoliticosveracruz.com\/#\/schema\/logo\/image\/","url":"https:\/\/lospoliticosveracruz.com\/wp-content\/uploads\/2025\/12\/Logo-Nuevo-LOS-POLITICOS-1.jpg","contentUrl":"https:\/\/lospoliticosveracruz.com\/wp-content\/uploads\/2025\/12\/Logo-Nuevo-LOS-POLITICOS-1.jpg","width":260,"height":70,"caption":"Los pol\u00edticos Veracruz"},"image":{"@id":"https:\/\/lospoliticosveracruz.com\/#\/schema\/logo\/image\/"},"sameAs":["https:\/\/www.facebook.com\/people\/Notimemes-de-los-Polticos\/61565672886568\/","https:\/\/x.com\/LosPoliticosVer"]},{"@type":"Person","@id":"https:\/\/lospoliticosveracruz.com\/#\/schema\/person\/b8702bb0e538456e6efd07080bf2a4a2","name":"Lo viste en Los Pol\u00edticos","image":{"@type":"ImageObject","inLanguage":"es","@id":"https:\/\/secure.gravatar.com\/avatar\/3a8de04a2656d44082be478bd6c086daa447c4651605818287b9532d3d0bd435?s=96&d=mm&r=g","url":"https:\/\/secure.gravatar.com\/avatar\/3a8de04a2656d44082be478bd6c086daa447c4651605818287b9532d3d0bd435?s=96&d=mm&r=g","contentUrl":"https:\/\/secure.gravatar.com\/avatar\/3a8de04a2656d44082be478bd6c086daa447c4651605818287b9532d3d0bd435?s=96&d=mm&r=g","caption":"Lo viste en Los Pol\u00edticos"},"url":"https:\/\/lospoliticosveracruz.com\/?author=2"}]}},"_links":{"self":[{"href":"https:\/\/lospoliticosveracruz.com\/index.php?rest_route=\/wp\/v2\/posts\/103673","targetHints":{"allow":["GET"]}}],"collection":[{"href":"https:\/\/lospoliticosveracruz.com\/index.php?rest_route=\/wp\/v2\/posts"}],"about":[{"href":"https:\/\/lospoliticosveracruz.com\/index.php?rest_route=\/wp\/v2\/types\/post"}],"author":[{"embeddable":true,"href":"https:\/\/lospoliticosveracruz.com\/index.php?rest_route=\/wp\/v2\/users\/2"}],"replies":[{"embeddable":true,"href":"https:\/\/lospoliticosveracruz.com\/index.php?rest_route=%2Fwp%2Fv2%2Fcomments&post=103673"}],"version-history":[{"count":1,"href":"https:\/\/lospoliticosveracruz.com\/index.php?rest_route=\/wp\/v2\/posts\/103673\/revisions"}],"predecessor-version":[{"id":103675,"href":"https:\/\/lospoliticosveracruz.com\/index.php?rest_route=\/wp\/v2\/posts\/103673\/revisions\/103675"}],"wp:attachment":[{"href":"https:\/\/lospoliticosveracruz.com\/index.php?rest_route=%2Fwp%2Fv2%2Fmedia&parent=103673"}],"wp:term":[{"taxonomy":"category","embeddable":true,"href":"https:\/\/lospoliticosveracruz.com\/index.php?rest_route=%2Fwp%2Fv2%2Fcategories&post=103673"},{"taxonomy":"post_tag","embeddable":true,"href":"https:\/\/lospoliticosveracruz.com\/index.php?rest_route=%2Fwp%2Fv2%2Ftags&post=103673"}],"curies":[{"name":"wp","href":"https:\/\/api.w.org\/{rel}","templated":true}]}}