{"id":103678,"date":"2023-03-15T07:53:52","date_gmt":"2023-03-15T13:53:52","guid":{"rendered":"https:\/\/lospoliticosveracruz.com.mx\/?p=103678"},"modified":"2023-03-15T07:53:57","modified_gmt":"2023-03-15T13:53:57","slug":"cuitlahuac-y-los-medios","status":"publish","type":"post","link":"https:\/\/lospoliticosveracruz.com\/?p=103678","title":{"rendered":"CUITL\u00c1HUAC Y LOS MEDIOS"},"content":{"rendered":"\n<p><\/p>\n\n\n\n<ul class=\"wp-block-list\"><li><\/li><\/ul>\n\n\n\n<p><strong>Omar Z\u00fa\u00f1iga<br><\/strong><em>De Primera Mano<\/em><\/p>\n\n\n\n<p>Pues nada\u2026, que ahora el gobernador se levant\u00f3 de malas y a eso de las 10:00 horas de este martes arre\u00f3 parejo contra varios medios de comunicaci\u00f3n.<br>A trav\u00e9s de un post en su p\u00e1gina oficial de Facebook, Cuitl\u00e1huac Garc\u00eda Jim\u00e9nez public\u00f3 lo siguiente:<br>\u201cEl Presidente Andr\u00e9s Manuel L\u00f3pez Obrador record\u00f3 hoy en la ma\u00f1anera que la doctrina de la derecha es la hipocres\u00eda. Fue claro que voceros del prianismo callaron cuando Garc\u00eda Luna y Felipe Calder\u00f3n pactaban con el narco, y hoy se desgarran las vestiduras vociferando cuanta cr\u00edtica falsa pueden. Aqu\u00ed tenemos un ejemplo tambi\u00e9n de lo que callaron y ahora se ponen como los \u201cdefensores\u201d de lo que silenciaron, tristemente algunos medios los secundaron\u2026 \u00bfverdad Oliva Radio, Notiver, Meganoticias y XEU?<\/p>\n\n\n<div class=\"wp-block-image\">\n<figure class=\"alignleft size-medium\"><a href=\"https:\/\/lospoliticosveracruz.com.mx\/wp-content\/uploads\/2021\/10\/Zacauilt.jpg\"><img decoding=\"async\" src=\"https:\/\/lospoliticosveracruz.com.mx\/wp-content\/uploads\/2021\/10\/Zacauilt-150x300.jpg\" alt=\"\" class=\"wp-image-80558\"\/><\/a><\/figure>\n<\/div>\n\n\n<p><br>(creo que me faltaron ((emoji de gui\u00f1o)\u2026) y abajo una ilustraci\u00f3n de Rogelio Franco)\u201d<br>Lo he dicho en reiteradas ocasiones: que Cuitl\u00e1huac pretende ser un clon del presidente L\u00f3pez Obrador y lo \u00fanico que consigue, es ser la copia regi\u00f3n 4, un copy-paste con error, es un remedo, pues.<br>Cuitl\u00e1huac no es y no ser\u00e1 su tlatoani, con apuros y puede articular un par de frases de manera coherente.<br>Los medios no son su enemigo, se\u00f1or gobernador, no sea necio como los ignorantes.<br>Estamos para se\u00f1alar errores y que el gobernante en turno pueda corregirlos; no va a llegar a ning\u00fan lado si hace caso omiso de los se\u00f1alamientos y se sienta solamente a escuchar a sus panegiristas cant\u00e1ndole al o\u00eddo la melod\u00eda que usted quiere escuchar. As\u00ed no son las cosas.<br>V\u00e9ase en el espejo de Javier Duarte, que no escuch\u00f3 a tiempo (aunque quiz\u00e1 usted ya no est\u00e9 a tiempo de evitar un destino como ese)<br>No se escude en la soberbia de todopoderoso, porque no lo es, sea humilde y escuche las voces que le dicen que est\u00e1 equivocado y ci\u00e9rnalas (cernir: atalayar, observar, examinar. De nada), y decida; pero no escupa para arriba, irremediablemente le caer\u00e1 en la cara.<br>Usted va a terminar, en noviembre de 2024 dejar\u00e1 de ser gobernador, los medios nos vamos a quedar, \u201cel poder\u201d que usted detenta es ef\u00edmero.<br>V\u00e9alo as\u00ed, voltee para atr\u00e1s y ver\u00e1 m\u00e1s de cuatro a\u00f1os, vea al frente y le queda ya poco m\u00e1s de un a\u00f1o. Esto se acab\u00f3.<br>Qu\u00e9 caso tiene, usted no tiene ni con mucho, la esgrima verbal que tiene el presidente L\u00f3pez Obrador, ni el carisma, ni la experiencia, ni la aceptaci\u00f3n; entonces, para qu\u00e9 abrir un nuevo frente de los pinchemil que tiene abiertos.<br>Y por si fuera poco, este no es su primer ataque contra medios o sus reporteros, ejemplos sobran y menciono a las compa\u00f1eras y amigas Rosalinda Morales y Sarah Landa.<br>Y debe entender, se\u00f1or gobernador que no se mata la verdad matando periodistas.<br>Mi solidaridad con Jos\u00e9 Luis Oliva, don Alfonso Salces, Mitzy Cordero, Grupo Pazos y todos y cada uno de quienes hacen posible a esos medios de comunicaci\u00f3n.<br>Debemos se\u00f1alar los abusos del poder. Para eso estamos.<\/p>\n\n\n\n<hr class=\"wp-block-separator has-alpha-channel-opacity\"\/>\n\n\n\n<p>Algo de lo que poco o nada se ha dicho es de la elecci\u00f3n interna en la delegaci\u00f3n de Canacintra Xalapa, misma que se encuentra ac\u00e9fala en estos momentos, con un encargado de despacho sin poder de decisi\u00f3n ni autoridad jur\u00eddica o administrativa.<br>El encargado es precisamente Rafael Landgrave, presidente saliente que busc\u00f3 la reelecci\u00f3n para el a\u00f1o 2023, ante Juan Manuel Garc\u00eda, por recientemente nombrado vicepresidente nacional de este organismo empresarial encargado de la regi\u00f3n sur-sureste del pa\u00eds.<br>Hubo impugnaciones de ambas partes dado el cochinero que hubo en la elecci\u00f3n interna y por esta misma causa, nos aseguran del altiplano que la elecci\u00f3n ser\u00e1 repetida, probablemente a finales de marzo y quien habr\u00e1 de resultar ganador no representa necesariamente a la actual mesa directiva. Ya se ver\u00e1.<\/p>\n\n\n\n<p>\u00a1Qu\u00e9 barbaridad!<br>deprimera.mano2020@gmail.com<\/p>\n","protected":false},"excerpt":{"rendered":"<p>Omar Z\u00fa\u00f1igaDe Primera Mano Pues nada\u2026, que ahora el gobernador se levant\u00f3 de malas y a eso de las 10:00 horas de este martes arre\u00f3 parejo contra varios medios de comunicaci\u00f3n.A trav\u00e9s de un post en su p\u00e1gina oficial de Facebook, Cuitl\u00e1huac Garc\u00eda Jim\u00e9nez public\u00f3 lo siguiente:\u201cEl Presidente Andr\u00e9s Manuel L\u00f3pez Obrador record\u00f3 hoy en [&hellip;]<\/p>\n","protected":false},"author":2,"featured_media":0,"comment_status":"closed","ping_status":"closed","sticky":false,"template":"","format":"standard","meta":{"tdm_status":"","tdm_grid_status":"","footnotes":""},"categories":[70],"tags":[618,6918,1563,1026,28705,37555,32175],"class_list":{"0":"post-103678","1":"post","2":"type-post","3":"status-publish","4":"format-standard","6":"category-de-opinion","7":"tag-andres-manuel-lopez-obrador","8":"tag-canacintra-xalapa","9":"tag-cuitlahuac-garcia-jimenez","10":"tag-morena","11":"tag-omar-zuniga","12":"tag-rosalinda-morales","13":"tag-sarah-landa"},"yoast_head":"<!-- This site is optimized with the Yoast SEO plugin v27.4 - https:\/\/yoast.com\/product\/yoast-seo-wordpress\/ -->\n<title>CUITL\u00c1HUAC Y LOS MEDIOS - Los pol\u00edticos Veracruz<\/title>\n<meta name=\"robots\" content=\"index, follow, max-snippet:-1, max-image-preview:large, max-video-preview:-1\" \/>\n<link rel=\"canonical\" href=\"https:\/\/lospoliticosveracruz.com\/?p=103678\" \/>\n<meta property=\"og:locale\" content=\"es_ES\" \/>\n<meta property=\"og:type\" content=\"article\" \/>\n<meta property=\"og:title\" content=\"CUITL\u00c1HUAC Y LOS MEDIOS - Los pol\u00edticos Veracruz\" \/>\n<meta property=\"og:description\" content=\"Omar Z\u00fa\u00f1igaDe Primera Mano Pues nada\u2026, que ahora el gobernador se levant\u00f3 de malas y a eso de las 10:00 horas de este martes arre\u00f3 parejo contra varios medios de comunicaci\u00f3n.A trav\u00e9s de un post en su p\u00e1gina oficial de Facebook, Cuitl\u00e1huac Garc\u00eda Jim\u00e9nez public\u00f3 lo siguiente:\u201cEl Presidente Andr\u00e9s Manuel L\u00f3pez Obrador record\u00f3 hoy en [&hellip;]\" \/>\n<meta property=\"og:url\" content=\"https:\/\/lospoliticosveracruz.com\/?p=103678\" \/>\n<meta property=\"og:site_name\" content=\"Los pol\u00edticos Veracruz\" \/>\n<meta property=\"article:publisher\" content=\"https:\/\/www.facebook.com\/people\/Notimemes-de-los-Polticos\/61565672886568\/\" \/>\n<meta property=\"article:published_time\" content=\"2023-03-15T13:53:52+00:00\" \/>\n<meta property=\"article:modified_time\" content=\"2023-03-15T13:53:57+00:00\" \/>\n<meta property=\"og:image\" content=\"https:\/\/lospoliticosveracruz.com.mx\/wp-content\/uploads\/2021\/10\/Zacauilt-150x300.jpg\" \/>\n<meta name=\"author\" content=\"Lo viste en Los Pol\u00edticos\" \/>\n<meta name=\"twitter:card\" content=\"summary_large_image\" \/>\n<meta name=\"twitter:creator\" content=\"@LosPoliticosVer\" \/>\n<meta name=\"twitter:site\" content=\"@LosPoliticosVer\" \/>\n<meta name=\"twitter:label1\" content=\"Escrito por\" \/>\n\t<meta name=\"twitter:data1\" content=\"Lo viste en Los Pol\u00edticos\" \/>\n\t<meta name=\"twitter:label2\" content=\"Tiempo de lectura\" \/>\n\t<meta name=\"twitter:data2\" content=\"3 minutos\" \/>\n<script type=\"application\/ld+json\" class=\"yoast-schema-graph\">{\"@context\":\"https:\\\/\\\/schema.org\",\"@graph\":[{\"@type\":\"Article\",\"@id\":\"https:\\\/\\\/lospoliticosveracruz.com\\\/?p=103678#article\",\"isPartOf\":{\"@id\":\"https:\\\/\\\/lospoliticosveracruz.com\\\/?p=103678\"},\"author\":{\"name\":\"Lo viste en Los Pol\u00edticos\",\"@id\":\"https:\\\/\\\/lospoliticosveracruz.com\\\/#\\\/schema\\\/person\\\/b8702bb0e538456e6efd07080bf2a4a2\"},\"headline\":\"CUITL\u00c1HUAC Y LOS MEDIOS\",\"datePublished\":\"2023-03-15T13:53:52+00:00\",\"dateModified\":\"2023-03-15T13:53:57+00:00\",\"mainEntityOfPage\":{\"@id\":\"https:\\\/\\\/lospoliticosveracruz.com\\\/?p=103678\"},\"wordCount\":693,\"publisher\":{\"@id\":\"https:\\\/\\\/lospoliticosveracruz.com\\\/#organization\"},\"image\":{\"@id\":\"https:\\\/\\\/lospoliticosveracruz.com\\\/?p=103678#primaryimage\"},\"thumbnailUrl\":\"https:\\\/\\\/lospoliticosveracruz.com.mx\\\/wp-content\\\/uploads\\\/2021\\\/10\\\/Zacauilt-150x300.jpg\",\"keywords\":[\"Andr\u00e9s Manuel L\u00f3pez Obrador\",\"Canacintra Xalapa\",\"Cuitl\u00e1huac Garc\u00eda Jim\u00e9nez\",\"Morena\",\"Omar Z\u00fa\u00f1iga\",\"Rosalinda Morales\",\"Sarah Landa\"],\"articleSection\":[\"De Opini\u00f3n\"],\"inLanguage\":\"es\"},{\"@type\":\"WebPage\",\"@id\":\"https:\\\/\\\/lospoliticosveracruz.com\\\/?p=103678\",\"url\":\"https:\\\/\\\/lospoliticosveracruz.com\\\/?p=103678\",\"name\":\"CUITL\u00c1HUAC Y LOS MEDIOS - Los pol\u00edticos Veracruz\",\"isPartOf\":{\"@id\":\"https:\\\/\\\/lospoliticosveracruz.com\\\/#website\"},\"primaryImageOfPage\":{\"@id\":\"https:\\\/\\\/lospoliticosveracruz.com\\\/?p=103678#primaryimage\"},\"image\":{\"@id\":\"https:\\\/\\\/lospoliticosveracruz.com\\\/?p=103678#primaryimage\"},\"thumbnailUrl\":\"https:\\\/\\\/lospoliticosveracruz.com.mx\\\/wp-content\\\/uploads\\\/2021\\\/10\\\/Zacauilt-150x300.jpg\",\"datePublished\":\"2023-03-15T13:53:52+00:00\",\"dateModified\":\"2023-03-15T13:53:57+00:00\",\"breadcrumb\":{\"@id\":\"https:\\\/\\\/lospoliticosveracruz.com\\\/?p=103678#breadcrumb\"},\"inLanguage\":\"es\",\"potentialAction\":[{\"@type\":\"ReadAction\",\"target\":[\"https:\\\/\\\/lospoliticosveracruz.com\\\/?p=103678\"]}]},{\"@type\":\"ImageObject\",\"inLanguage\":\"es\",\"@id\":\"https:\\\/\\\/lospoliticosveracruz.com\\\/?p=103678#primaryimage\",\"url\":\"https:\\\/\\\/lospoliticosveracruz.com.mx\\\/wp-content\\\/uploads\\\/2021\\\/10\\\/Zacauilt-150x300.jpg\",\"contentUrl\":\"https:\\\/\\\/lospoliticosveracruz.com.mx\\\/wp-content\\\/uploads\\\/2021\\\/10\\\/Zacauilt-150x300.jpg\"},{\"@type\":\"BreadcrumbList\",\"@id\":\"https:\\\/\\\/lospoliticosveracruz.com\\\/?p=103678#breadcrumb\",\"itemListElement\":[{\"@type\":\"ListItem\",\"position\":1,\"name\":\"Portada\",\"item\":\"https:\\\/\\\/lospoliticosveracruz.com\\\/\"},{\"@type\":\"ListItem\",\"position\":2,\"name\":\"CUITL\u00c1HUAC Y LOS MEDIOS\"}]},{\"@type\":\"WebSite\",\"@id\":\"https:\\\/\\\/lospoliticosveracruz.com\\\/#website\",\"url\":\"https:\\\/\\\/lospoliticosveracruz.com\\\/\",\"name\":\"Los pol\u00edticos Veracruz\",\"description\":\"\",\"publisher\":{\"@id\":\"https:\\\/\\\/lospoliticosveracruz.com\\\/#organization\"},\"potentialAction\":[{\"@type\":\"SearchAction\",\"target\":{\"@type\":\"EntryPoint\",\"urlTemplate\":\"https:\\\/\\\/lospoliticosveracruz.com\\\/?s={search_term_string}\"},\"query-input\":{\"@type\":\"PropertyValueSpecification\",\"valueRequired\":true,\"valueName\":\"search_term_string\"}}],\"inLanguage\":\"es\"},{\"@type\":\"Organization\",\"@id\":\"https:\\\/\\\/lospoliticosveracruz.com\\\/#organization\",\"name\":\"Los pol\u00edticos Veracruz\",\"url\":\"https:\\\/\\\/lospoliticosveracruz.com\\\/\",\"logo\":{\"@type\":\"ImageObject\",\"inLanguage\":\"es\",\"@id\":\"https:\\\/\\\/lospoliticosveracruz.com\\\/#\\\/schema\\\/logo\\\/image\\\/\",\"url\":\"https:\\\/\\\/lospoliticosveracruz.com\\\/wp-content\\\/uploads\\\/2025\\\/12\\\/Logo-Nuevo-LOS-POLITICOS-1.jpg\",\"contentUrl\":\"https:\\\/\\\/lospoliticosveracruz.com\\\/wp-content\\\/uploads\\\/2025\\\/12\\\/Logo-Nuevo-LOS-POLITICOS-1.jpg\",\"width\":260,\"height\":70,\"caption\":\"Los pol\u00edticos Veracruz\"},\"image\":{\"@id\":\"https:\\\/\\\/lospoliticosveracruz.com\\\/#\\\/schema\\\/logo\\\/image\\\/\"},\"sameAs\":[\"https:\\\/\\\/www.facebook.com\\\/people\\\/Notimemes-de-los-Polticos\\\/61565672886568\\\/\",\"https:\\\/\\\/x.com\\\/LosPoliticosVer\"]},{\"@type\":\"Person\",\"@id\":\"https:\\\/\\\/lospoliticosveracruz.com\\\/#\\\/schema\\\/person\\\/b8702bb0e538456e6efd07080bf2a4a2\",\"name\":\"Lo viste en Los Pol\u00edticos\",\"image\":{\"@type\":\"ImageObject\",\"inLanguage\":\"es\",\"@id\":\"https:\\\/\\\/secure.gravatar.com\\\/avatar\\\/3a8de04a2656d44082be478bd6c086daa447c4651605818287b9532d3d0bd435?s=96&d=mm&r=g\",\"url\":\"https:\\\/\\\/secure.gravatar.com\\\/avatar\\\/3a8de04a2656d44082be478bd6c086daa447c4651605818287b9532d3d0bd435?s=96&d=mm&r=g\",\"contentUrl\":\"https:\\\/\\\/secure.gravatar.com\\\/avatar\\\/3a8de04a2656d44082be478bd6c086daa447c4651605818287b9532d3d0bd435?s=96&d=mm&r=g\",\"caption\":\"Lo viste en Los Pol\u00edticos\"},\"url\":\"https:\\\/\\\/lospoliticosveracruz.com\\\/?author=2\"}]}<\/script>\n<!-- \/ Yoast SEO plugin. -->","yoast_head_json":{"title":"CUITL\u00c1HUAC Y LOS MEDIOS - Los pol\u00edticos Veracruz","robots":{"index":"index","follow":"follow","max-snippet":"max-snippet:-1","max-image-preview":"max-image-preview:large","max-video-preview":"max-video-preview:-1"},"canonical":"https:\/\/lospoliticosveracruz.com\/?p=103678","og_locale":"es_ES","og_type":"article","og_title":"CUITL\u00c1HUAC Y LOS MEDIOS - Los pol\u00edticos Veracruz","og_description":"Omar Z\u00fa\u00f1igaDe Primera Mano Pues nada\u2026, que ahora el gobernador se levant\u00f3 de malas y a eso de las 10:00 horas de este martes arre\u00f3 parejo contra varios medios de comunicaci\u00f3n.A trav\u00e9s de un post en su p\u00e1gina oficial de Facebook, Cuitl\u00e1huac Garc\u00eda Jim\u00e9nez public\u00f3 lo siguiente:\u201cEl Presidente Andr\u00e9s Manuel L\u00f3pez Obrador record\u00f3 hoy en [&hellip;]","og_url":"https:\/\/lospoliticosveracruz.com\/?p=103678","og_site_name":"Los pol\u00edticos Veracruz","article_publisher":"https:\/\/www.facebook.com\/people\/Notimemes-de-los-Polticos\/61565672886568\/","article_published_time":"2023-03-15T13:53:52+00:00","article_modified_time":"2023-03-15T13:53:57+00:00","og_image":[{"url":"https:\/\/lospoliticosveracruz.com.mx\/wp-content\/uploads\/2021\/10\/Zacauilt-150x300.jpg","type":"","width":"","height":""}],"author":"Lo viste en Los Pol\u00edticos","twitter_card":"summary_large_image","twitter_creator":"@LosPoliticosVer","twitter_site":"@LosPoliticosVer","twitter_misc":{"Escrito por":"Lo viste en Los Pol\u00edticos","Tiempo de lectura":"3 minutos"},"schema":{"@context":"https:\/\/schema.org","@graph":[{"@type":"Article","@id":"https:\/\/lospoliticosveracruz.com\/?p=103678#article","isPartOf":{"@id":"https:\/\/lospoliticosveracruz.com\/?p=103678"},"author":{"name":"Lo viste en Los Pol\u00edticos","@id":"https:\/\/lospoliticosveracruz.com\/#\/schema\/person\/b8702bb0e538456e6efd07080bf2a4a2"},"headline":"CUITL\u00c1HUAC Y LOS MEDIOS","datePublished":"2023-03-15T13:53:52+00:00","dateModified":"2023-03-15T13:53:57+00:00","mainEntityOfPage":{"@id":"https:\/\/lospoliticosveracruz.com\/?p=103678"},"wordCount":693,"publisher":{"@id":"https:\/\/lospoliticosveracruz.com\/#organization"},"image":{"@id":"https:\/\/lospoliticosveracruz.com\/?p=103678#primaryimage"},"thumbnailUrl":"https:\/\/lospoliticosveracruz.com.mx\/wp-content\/uploads\/2021\/10\/Zacauilt-150x300.jpg","keywords":["Andr\u00e9s Manuel L\u00f3pez Obrador","Canacintra Xalapa","Cuitl\u00e1huac Garc\u00eda Jim\u00e9nez","Morena","Omar Z\u00fa\u00f1iga","Rosalinda Morales","Sarah Landa"],"articleSection":["De Opini\u00f3n"],"inLanguage":"es"},{"@type":"WebPage","@id":"https:\/\/lospoliticosveracruz.com\/?p=103678","url":"https:\/\/lospoliticosveracruz.com\/?p=103678","name":"CUITL\u00c1HUAC Y LOS MEDIOS - Los pol\u00edticos Veracruz","isPartOf":{"@id":"https:\/\/lospoliticosveracruz.com\/#website"},"primaryImageOfPage":{"@id":"https:\/\/lospoliticosveracruz.com\/?p=103678#primaryimage"},"image":{"@id":"https:\/\/lospoliticosveracruz.com\/?p=103678#primaryimage"},"thumbnailUrl":"https:\/\/lospoliticosveracruz.com.mx\/wp-content\/uploads\/2021\/10\/Zacauilt-150x300.jpg","datePublished":"2023-03-15T13:53:52+00:00","dateModified":"2023-03-15T13:53:57+00:00","breadcrumb":{"@id":"https:\/\/lospoliticosveracruz.com\/?p=103678#breadcrumb"},"inLanguage":"es","potentialAction":[{"@type":"ReadAction","target":["https:\/\/lospoliticosveracruz.com\/?p=103678"]}]},{"@type":"ImageObject","inLanguage":"es","@id":"https:\/\/lospoliticosveracruz.com\/?p=103678#primaryimage","url":"https:\/\/lospoliticosveracruz.com.mx\/wp-content\/uploads\/2021\/10\/Zacauilt-150x300.jpg","contentUrl":"https:\/\/lospoliticosveracruz.com.mx\/wp-content\/uploads\/2021\/10\/Zacauilt-150x300.jpg"},{"@type":"BreadcrumbList","@id":"https:\/\/lospoliticosveracruz.com\/?p=103678#breadcrumb","itemListElement":[{"@type":"ListItem","position":1,"name":"Portada","item":"https:\/\/lospoliticosveracruz.com\/"},{"@type":"ListItem","position":2,"name":"CUITL\u00c1HUAC Y LOS MEDIOS"}]},{"@type":"WebSite","@id":"https:\/\/lospoliticosveracruz.com\/#website","url":"https:\/\/lospoliticosveracruz.com\/","name":"Los pol\u00edticos Veracruz","description":"","publisher":{"@id":"https:\/\/lospoliticosveracruz.com\/#organization"},"potentialAction":[{"@type":"SearchAction","target":{"@type":"EntryPoint","urlTemplate":"https:\/\/lospoliticosveracruz.com\/?s={search_term_string}"},"query-input":{"@type":"PropertyValueSpecification","valueRequired":true,"valueName":"search_term_string"}}],"inLanguage":"es"},{"@type":"Organization","@id":"https:\/\/lospoliticosveracruz.com\/#organization","name":"Los pol\u00edticos Veracruz","url":"https:\/\/lospoliticosveracruz.com\/","logo":{"@type":"ImageObject","inLanguage":"es","@id":"https:\/\/lospoliticosveracruz.com\/#\/schema\/logo\/image\/","url":"https:\/\/lospoliticosveracruz.com\/wp-content\/uploads\/2025\/12\/Logo-Nuevo-LOS-POLITICOS-1.jpg","contentUrl":"https:\/\/lospoliticosveracruz.com\/wp-content\/uploads\/2025\/12\/Logo-Nuevo-LOS-POLITICOS-1.jpg","width":260,"height":70,"caption":"Los pol\u00edticos Veracruz"},"image":{"@id":"https:\/\/lospoliticosveracruz.com\/#\/schema\/logo\/image\/"},"sameAs":["https:\/\/www.facebook.com\/people\/Notimemes-de-los-Polticos\/61565672886568\/","https:\/\/x.com\/LosPoliticosVer"]},{"@type":"Person","@id":"https:\/\/lospoliticosveracruz.com\/#\/schema\/person\/b8702bb0e538456e6efd07080bf2a4a2","name":"Lo viste en Los Pol\u00edticos","image":{"@type":"ImageObject","inLanguage":"es","@id":"https:\/\/secure.gravatar.com\/avatar\/3a8de04a2656d44082be478bd6c086daa447c4651605818287b9532d3d0bd435?s=96&d=mm&r=g","url":"https:\/\/secure.gravatar.com\/avatar\/3a8de04a2656d44082be478bd6c086daa447c4651605818287b9532d3d0bd435?s=96&d=mm&r=g","contentUrl":"https:\/\/secure.gravatar.com\/avatar\/3a8de04a2656d44082be478bd6c086daa447c4651605818287b9532d3d0bd435?s=96&d=mm&r=g","caption":"Lo viste en Los Pol\u00edticos"},"url":"https:\/\/lospoliticosveracruz.com\/?author=2"}]}},"_links":{"self":[{"href":"https:\/\/lospoliticosveracruz.com\/index.php?rest_route=\/wp\/v2\/posts\/103678","targetHints":{"allow":["GET"]}}],"collection":[{"href":"https:\/\/lospoliticosveracruz.com\/index.php?rest_route=\/wp\/v2\/posts"}],"about":[{"href":"https:\/\/lospoliticosveracruz.com\/index.php?rest_route=\/wp\/v2\/types\/post"}],"author":[{"embeddable":true,"href":"https:\/\/lospoliticosveracruz.com\/index.php?rest_route=\/wp\/v2\/users\/2"}],"replies":[{"embeddable":true,"href":"https:\/\/lospoliticosveracruz.com\/index.php?rest_route=%2Fwp%2Fv2%2Fcomments&post=103678"}],"version-history":[{"count":1,"href":"https:\/\/lospoliticosveracruz.com\/index.php?rest_route=\/wp\/v2\/posts\/103678\/revisions"}],"predecessor-version":[{"id":103680,"href":"https:\/\/lospoliticosveracruz.com\/index.php?rest_route=\/wp\/v2\/posts\/103678\/revisions\/103680"}],"wp:attachment":[{"href":"https:\/\/lospoliticosveracruz.com\/index.php?rest_route=%2Fwp%2Fv2%2Fmedia&parent=103678"}],"wp:term":[{"taxonomy":"category","embeddable":true,"href":"https:\/\/lospoliticosveracruz.com\/index.php?rest_route=%2Fwp%2Fv2%2Fcategories&post=103678"},{"taxonomy":"post_tag","embeddable":true,"href":"https:\/\/lospoliticosveracruz.com\/index.php?rest_route=%2Fwp%2Fv2%2Ftags&post=103678"}],"curies":[{"name":"wp","href":"https:\/\/api.w.org\/{rel}","templated":true}]}}