{"id":103681,"date":"2023-03-15T07:57:25","date_gmt":"2023-03-15T13:57:25","guid":{"rendered":"https:\/\/lospoliticosveracruz.com.mx\/?p=103681"},"modified":"2023-03-15T07:57:32","modified_gmt":"2023-03-15T13:57:32","slug":"el-discurso-de-los-pobres-se-oye-lejos","status":"publish","type":"post","link":"https:\/\/lospoliticosveracruz.com\/?p=103681","title":{"rendered":"EL DISCURSO DE LOS POBRES, SE OYE LEJOS"},"content":{"rendered":"\n<p><\/p>\n\n\n\n<p><strong>Julio Vallejo<br><\/strong><em>La l\u00ednea delgada entre mi opini\u00f3n y la tuya<\/em><\/p>\n\n\n\n<p>El trabajo arduo siempre tiene recompensas. Pero\u2026<\/p>\n\n\n\n<p>A qui\u00e9n de ustedes han mandado de viaje con vi\u00e1ticos pagados a trabajar y termina como gallina poniendo.<\/p>\n\n\n<div class=\"wp-block-image\">\n<figure class=\"alignleft size-medium\"><a href=\"https:\/\/lospoliticosveracruz.com.mx\/wp-content\/uploads\/2021\/10\/WhatsApp-Image-2021-10-02-at-15.20.25.jpeg\"><img loading=\"lazy\" decoding=\"async\" width=\"212\" height=\"300\" src=\"https:\/\/lospoliticosveracruz.com.mx\/wp-content\/uploads\/2021\/10\/WhatsApp-Image-2021-10-02-at-15.20.25-212x300.jpeg\" alt=\"\" class=\"wp-image-80177\" srcset=\"https:\/\/lospoliticosveracruz.com\/wp-content\/uploads\/2021\/10\/WhatsApp-Image-2021-10-02-at-15.20.25-212x300.jpeg 212w, https:\/\/lospoliticosveracruz.com\/wp-content\/uploads\/2021\/10\/WhatsApp-Image-2021-10-02-at-15.20.25-724x1024.jpeg 724w, https:\/\/lospoliticosveracruz.com\/wp-content\/uploads\/2021\/10\/WhatsApp-Image-2021-10-02-at-15.20.25-768x1086.jpeg 768w, https:\/\/lospoliticosveracruz.com\/wp-content\/uploads\/2021\/10\/WhatsApp-Image-2021-10-02-at-15.20.25.jpeg 905w\" sizes=\"auto, (max-width: 212px) 100vw, 212px\" \/><\/a><\/figure>\n<\/div>\n\n\n<p>Hace un par de lustros lleg\u00f3 una orden de trabajo a la cual se ten\u00eda que ir a Mesa de Cacahuatenco, un centro ceremonial del a\u00f1o m\u00e1s o menos 900 D.C en el periodo precolombino habitado al parecer por los Totonacas o Xapanecas.<\/p>\n\n\n\n<p>Este m\u00e1gico lugar est\u00e1 en la punta de un cerro del municipio de Ixhuatl\u00e1n de Madero; un lugar lleno de historia, cultura, arte y tradici\u00f3n.<\/p>\n\n\n\n<p>Solo con el hecho de estar ah\u00ed, respiras lo que pas\u00f3 en aquel m\u00e1gico lugar, pareciera que los dioses te incitan a restaurar cada piedra que ah\u00ed queda y en cada paso que das por el pasto, se dejan subir las pisadas de aquellos seres vivientes que habitaban ese terreno.<\/p>\n\n\n\n<p>Una majestuosa regi\u00f3n, en la cual con la ayuda de los rayos del sol te deja abrir la puerta de aquel maravilloso lugar, dejando ver algunos vestigios de lo que fue una iglesia justo enfrente una cancha de juegos y con tan solo dar unos pasos encuentras una cisterna de agua cristalina rodeada de piedras volc\u00e1nicas adornadas con vegetaci\u00f3n, se rumora que ah\u00ed se ba\u00f1aban solamente los dioses.<\/p>\n\n\n\n<p>\u00a1Me encant\u00f3! Para llegar ah\u00ed, tuvimos que caminar, caminar y subirnos a un burro para no seguir caminando.<\/p>\n\n\n\n<p>Sin embargo, cuando conversas con un contador, tal parece que le quita la magia aquel lugar; resulta ser que me iban a descontar lo de los vi\u00e1ticos, supuestamente por que no cuadraban las cuentas; seg\u00fan la calculadora les estaba robando su dinero.<\/p>\n\n\n\n<p>Cuando habl\u00e9 con el tesorero muy en\u00e9rgicamente me dijo, que \u00e9l personalmente hab\u00eda llamado por tel\u00e9fono para saber el costo de cada cosa. A lo que le cuestione \u00a1tambi\u00e9n la renta del \u201cburro\u201d!<\/p>\n\n\n\n<p>Yo no s\u00e9 si con esta pregunta le habr\u00e9 arruinado el surco intrapariental donde se ubica el l\u00f3bulo frontal o su Neurona espejo. Pero el muy delicado blanco rabbit solo exclam\u00f3: \u00a1Por qu\u00e9 te dormiste en el suelo, si te dimos para la habitaci\u00f3n!<\/p>\n\n\n\n<p>\u00a1Se\u00f1or! usted sabe d\u00f3nde est\u00e1 exactamente el lugar o ha estado all\u00e1. \u00a1No verdad!, mire lo veo en su rostro. Simplemente lo que supuestamente a usted le falta de dinero, es lo que yo puse para regresarme.<\/p>\n\n\n\n<p>A qu\u00e9 viene todo este alegato si es que as\u00ed se le pudiera llamar as\u00ed. Pues bueno, me cuestion\u00e9 cuando vi pasar a un secretario de despacho; de esos que se dedican a promocionar Veracruz, dejando en claro que no es el \u00fanico, y se le aplaude; pero, lo que no se aplaude, es el gasto excesivo en los vi\u00e1ticos, los cuales son dinero del pueblo.<\/p>\n\n\n\n<p>Si tomamos en cuenta, que el secretario no requiere de terceras personas para su protecci\u00f3n, ya que estamos en un estado seguro, para que hacer el gasto innecesario de vi\u00e1ticos; como refacciones de la camioneta, gasolina, peajes, comidas y sueldos por mencionar solo algunos gastos.<\/p>\n\n\n\n<p>Estamos en una era de transformaci\u00f3n y austeridad; no lo evidencio yo, as\u00ed lo dice el Presidente de la Rep\u00fablica.<\/p>\n\n\n\n<p>Mientras m\u00e1s larga se convierte una conversaci\u00f3n, m\u00e1s clara salen las cuentas; es decir, hay que empezar a transformar de una manera radical la gobernanza, donde el cambio conductual empiece por los jefes o secretarios de despacho y no como siempre fregando a los que menos tienen.<\/p>\n\n\n\n<p>Pareciera ser que cada d\u00eda el discurso de primero los pobres se oye muy muy lejano, como si fuera un eco donde s\u00f3lo lo replica el pueblo hasta que se pierde en el limbo de la jerarqu\u00eda, porque en la realidad s\u00f3lo se ve el gasto innecesario como lo antes expuesto. O t\u00fa qu\u00e9 opinas. \u00bfCrees que si ellos pagaran los vi\u00e1ticos andar\u00edan con sus secuaces para todos lados?<\/p>\n","protected":false},"excerpt":{"rendered":"<p>Julio VallejoLa l\u00ednea delgada entre mi opini\u00f3n y la tuya El trabajo arduo siempre tiene recompensas. Pero\u2026 A qui\u00e9n de ustedes han mandado de viaje con vi\u00e1ticos pagados a trabajar y termina como gallina poniendo. Hace un par de lustros lleg\u00f3 una orden de trabajo a la cual se ten\u00eda que ir a Mesa de [&hellip;]<\/p>\n","protected":false},"author":2,"featured_media":0,"comment_status":"closed","ping_status":"closed","sticky":false,"template":"","format":"standard","meta":{"tdm_status":"","tdm_grid_status":"","footnotes":""},"categories":[70],"tags":[618,32927,1026,19060,195],"class_list":{"0":"post-103681","1":"post","2":"type-post","3":"status-publish","4":"format-standard","6":"category-de-opinion","7":"tag-andres-manuel-lopez-obrador","8":"tag-julio-vallejo","9":"tag-morena","10":"tag-primero-los-pobres","11":"tag-veracruz"},"yoast_head":"<!-- This site is optimized with the Yoast SEO plugin v27.4 - https:\/\/yoast.com\/product\/yoast-seo-wordpress\/ -->\n<title>EL DISCURSO DE LOS POBRES, SE OYE LEJOS - Los pol\u00edticos Veracruz<\/title>\n<meta name=\"robots\" content=\"index, follow, max-snippet:-1, max-image-preview:large, max-video-preview:-1\" \/>\n<link rel=\"canonical\" href=\"https:\/\/lospoliticosveracruz.com\/?p=103681\" \/>\n<meta property=\"og:locale\" content=\"es_ES\" \/>\n<meta property=\"og:type\" content=\"article\" \/>\n<meta property=\"og:title\" content=\"EL DISCURSO DE LOS POBRES, SE OYE LEJOS - Los pol\u00edticos Veracruz\" \/>\n<meta property=\"og:description\" content=\"Julio VallejoLa l\u00ednea delgada entre mi opini\u00f3n y la tuya El trabajo arduo siempre tiene recompensas. Pero\u2026 A qui\u00e9n de ustedes han mandado de viaje con vi\u00e1ticos pagados a trabajar y termina como gallina poniendo. Hace un par de lustros lleg\u00f3 una orden de trabajo a la cual se ten\u00eda que ir a Mesa de [&hellip;]\" \/>\n<meta property=\"og:url\" content=\"https:\/\/lospoliticosveracruz.com\/?p=103681\" \/>\n<meta property=\"og:site_name\" content=\"Los pol\u00edticos Veracruz\" \/>\n<meta property=\"article:publisher\" content=\"https:\/\/www.facebook.com\/people\/Notimemes-de-los-Polticos\/61565672886568\/\" \/>\n<meta property=\"article:published_time\" content=\"2023-03-15T13:57:25+00:00\" \/>\n<meta property=\"article:modified_time\" content=\"2023-03-15T13:57:32+00:00\" \/>\n<meta property=\"og:image\" content=\"https:\/\/lospoliticosveracruz.com.mx\/wp-content\/uploads\/2021\/10\/WhatsApp-Image-2021-10-02-at-15.20.25-212x300.jpeg\" \/>\n<meta name=\"author\" content=\"Lo viste en Los Pol\u00edticos\" \/>\n<meta name=\"twitter:card\" content=\"summary_large_image\" \/>\n<meta name=\"twitter:creator\" content=\"@LosPoliticosVer\" \/>\n<meta name=\"twitter:site\" content=\"@LosPoliticosVer\" \/>\n<meta name=\"twitter:label1\" content=\"Escrito por\" \/>\n\t<meta name=\"twitter:data1\" content=\"Lo viste en Los Pol\u00edticos\" \/>\n\t<meta name=\"twitter:label2\" content=\"Tiempo de lectura\" \/>\n\t<meta name=\"twitter:data2\" content=\"3 minutos\" \/>\n<script type=\"application\/ld+json\" class=\"yoast-schema-graph\">{\"@context\":\"https:\\\/\\\/schema.org\",\"@graph\":[{\"@type\":\"Article\",\"@id\":\"https:\\\/\\\/lospoliticosveracruz.com\\\/?p=103681#article\",\"isPartOf\":{\"@id\":\"https:\\\/\\\/lospoliticosveracruz.com\\\/?p=103681\"},\"author\":{\"name\":\"Lo viste en Los Pol\u00edticos\",\"@id\":\"https:\\\/\\\/lospoliticosveracruz.com\\\/#\\\/schema\\\/person\\\/b8702bb0e538456e6efd07080bf2a4a2\"},\"headline\":\"EL DISCURSO DE LOS POBRES, SE OYE LEJOS\",\"datePublished\":\"2023-03-15T13:57:25+00:00\",\"dateModified\":\"2023-03-15T13:57:32+00:00\",\"mainEntityOfPage\":{\"@id\":\"https:\\\/\\\/lospoliticosveracruz.com\\\/?p=103681\"},\"wordCount\":690,\"publisher\":{\"@id\":\"https:\\\/\\\/lospoliticosveracruz.com\\\/#organization\"},\"image\":{\"@id\":\"https:\\\/\\\/lospoliticosveracruz.com\\\/?p=103681#primaryimage\"},\"thumbnailUrl\":\"https:\\\/\\\/lospoliticosveracruz.com.mx\\\/wp-content\\\/uploads\\\/2021\\\/10\\\/WhatsApp-Image-2021-10-02-at-15.20.25-212x300.jpeg\",\"keywords\":[\"Andr\u00e9s Manuel L\u00f3pez Obrador\",\"Julio Vallejo\",\"Morena\",\"primero los pobres\",\"Veracruz\"],\"articleSection\":[\"De Opini\u00f3n\"],\"inLanguage\":\"es\"},{\"@type\":\"WebPage\",\"@id\":\"https:\\\/\\\/lospoliticosveracruz.com\\\/?p=103681\",\"url\":\"https:\\\/\\\/lospoliticosveracruz.com\\\/?p=103681\",\"name\":\"EL DISCURSO DE LOS POBRES, SE OYE LEJOS - Los pol\u00edticos Veracruz\",\"isPartOf\":{\"@id\":\"https:\\\/\\\/lospoliticosveracruz.com\\\/#website\"},\"primaryImageOfPage\":{\"@id\":\"https:\\\/\\\/lospoliticosveracruz.com\\\/?p=103681#primaryimage\"},\"image\":{\"@id\":\"https:\\\/\\\/lospoliticosveracruz.com\\\/?p=103681#primaryimage\"},\"thumbnailUrl\":\"https:\\\/\\\/lospoliticosveracruz.com.mx\\\/wp-content\\\/uploads\\\/2021\\\/10\\\/WhatsApp-Image-2021-10-02-at-15.20.25-212x300.jpeg\",\"datePublished\":\"2023-03-15T13:57:25+00:00\",\"dateModified\":\"2023-03-15T13:57:32+00:00\",\"breadcrumb\":{\"@id\":\"https:\\\/\\\/lospoliticosveracruz.com\\\/?p=103681#breadcrumb\"},\"inLanguage\":\"es\",\"potentialAction\":[{\"@type\":\"ReadAction\",\"target\":[\"https:\\\/\\\/lospoliticosveracruz.com\\\/?p=103681\"]}]},{\"@type\":\"ImageObject\",\"inLanguage\":\"es\",\"@id\":\"https:\\\/\\\/lospoliticosveracruz.com\\\/?p=103681#primaryimage\",\"url\":\"https:\\\/\\\/lospoliticosveracruz.com.mx\\\/wp-content\\\/uploads\\\/2021\\\/10\\\/WhatsApp-Image-2021-10-02-at-15.20.25-212x300.jpeg\",\"contentUrl\":\"https:\\\/\\\/lospoliticosveracruz.com.mx\\\/wp-content\\\/uploads\\\/2021\\\/10\\\/WhatsApp-Image-2021-10-02-at-15.20.25-212x300.jpeg\"},{\"@type\":\"BreadcrumbList\",\"@id\":\"https:\\\/\\\/lospoliticosveracruz.com\\\/?p=103681#breadcrumb\",\"itemListElement\":[{\"@type\":\"ListItem\",\"position\":1,\"name\":\"Portada\",\"item\":\"https:\\\/\\\/lospoliticosveracruz.com\\\/\"},{\"@type\":\"ListItem\",\"position\":2,\"name\":\"EL DISCURSO DE LOS POBRES, SE OYE LEJOS\"}]},{\"@type\":\"WebSite\",\"@id\":\"https:\\\/\\\/lospoliticosveracruz.com\\\/#website\",\"url\":\"https:\\\/\\\/lospoliticosveracruz.com\\\/\",\"name\":\"Los pol\u00edticos Veracruz\",\"description\":\"\",\"publisher\":{\"@id\":\"https:\\\/\\\/lospoliticosveracruz.com\\\/#organization\"},\"potentialAction\":[{\"@type\":\"SearchAction\",\"target\":{\"@type\":\"EntryPoint\",\"urlTemplate\":\"https:\\\/\\\/lospoliticosveracruz.com\\\/?s={search_term_string}\"},\"query-input\":{\"@type\":\"PropertyValueSpecification\",\"valueRequired\":true,\"valueName\":\"search_term_string\"}}],\"inLanguage\":\"es\"},{\"@type\":\"Organization\",\"@id\":\"https:\\\/\\\/lospoliticosveracruz.com\\\/#organization\",\"name\":\"Los pol\u00edticos Veracruz\",\"url\":\"https:\\\/\\\/lospoliticosveracruz.com\\\/\",\"logo\":{\"@type\":\"ImageObject\",\"inLanguage\":\"es\",\"@id\":\"https:\\\/\\\/lospoliticosveracruz.com\\\/#\\\/schema\\\/logo\\\/image\\\/\",\"url\":\"https:\\\/\\\/lospoliticosveracruz.com\\\/wp-content\\\/uploads\\\/2025\\\/12\\\/Logo-Nuevo-LOS-POLITICOS-1.jpg\",\"contentUrl\":\"https:\\\/\\\/lospoliticosveracruz.com\\\/wp-content\\\/uploads\\\/2025\\\/12\\\/Logo-Nuevo-LOS-POLITICOS-1.jpg\",\"width\":260,\"height\":70,\"caption\":\"Los pol\u00edticos Veracruz\"},\"image\":{\"@id\":\"https:\\\/\\\/lospoliticosveracruz.com\\\/#\\\/schema\\\/logo\\\/image\\\/\"},\"sameAs\":[\"https:\\\/\\\/www.facebook.com\\\/people\\\/Notimemes-de-los-Polticos\\\/61565672886568\\\/\",\"https:\\\/\\\/x.com\\\/LosPoliticosVer\"]},{\"@type\":\"Person\",\"@id\":\"https:\\\/\\\/lospoliticosveracruz.com\\\/#\\\/schema\\\/person\\\/b8702bb0e538456e6efd07080bf2a4a2\",\"name\":\"Lo viste en Los Pol\u00edticos\",\"image\":{\"@type\":\"ImageObject\",\"inLanguage\":\"es\",\"@id\":\"https:\\\/\\\/secure.gravatar.com\\\/avatar\\\/3a8de04a2656d44082be478bd6c086daa447c4651605818287b9532d3d0bd435?s=96&d=mm&r=g\",\"url\":\"https:\\\/\\\/secure.gravatar.com\\\/avatar\\\/3a8de04a2656d44082be478bd6c086daa447c4651605818287b9532d3d0bd435?s=96&d=mm&r=g\",\"contentUrl\":\"https:\\\/\\\/secure.gravatar.com\\\/avatar\\\/3a8de04a2656d44082be478bd6c086daa447c4651605818287b9532d3d0bd435?s=96&d=mm&r=g\",\"caption\":\"Lo viste en Los Pol\u00edticos\"},\"url\":\"https:\\\/\\\/lospoliticosveracruz.com\\\/?author=2\"}]}<\/script>\n<!-- \/ Yoast SEO plugin. -->","yoast_head_json":{"title":"EL DISCURSO DE LOS POBRES, SE OYE LEJOS - Los pol\u00edticos Veracruz","robots":{"index":"index","follow":"follow","max-snippet":"max-snippet:-1","max-image-preview":"max-image-preview:large","max-video-preview":"max-video-preview:-1"},"canonical":"https:\/\/lospoliticosveracruz.com\/?p=103681","og_locale":"es_ES","og_type":"article","og_title":"EL DISCURSO DE LOS POBRES, SE OYE LEJOS - Los pol\u00edticos Veracruz","og_description":"Julio VallejoLa l\u00ednea delgada entre mi opini\u00f3n y la tuya El trabajo arduo siempre tiene recompensas. Pero\u2026 A qui\u00e9n de ustedes han mandado de viaje con vi\u00e1ticos pagados a trabajar y termina como gallina poniendo. Hace un par de lustros lleg\u00f3 una orden de trabajo a la cual se ten\u00eda que ir a Mesa de [&hellip;]","og_url":"https:\/\/lospoliticosveracruz.com\/?p=103681","og_site_name":"Los pol\u00edticos Veracruz","article_publisher":"https:\/\/www.facebook.com\/people\/Notimemes-de-los-Polticos\/61565672886568\/","article_published_time":"2023-03-15T13:57:25+00:00","article_modified_time":"2023-03-15T13:57:32+00:00","og_image":[{"url":"https:\/\/lospoliticosveracruz.com.mx\/wp-content\/uploads\/2021\/10\/WhatsApp-Image-2021-10-02-at-15.20.25-212x300.jpeg","type":"","width":"","height":""}],"author":"Lo viste en Los Pol\u00edticos","twitter_card":"summary_large_image","twitter_creator":"@LosPoliticosVer","twitter_site":"@LosPoliticosVer","twitter_misc":{"Escrito por":"Lo viste en Los Pol\u00edticos","Tiempo de lectura":"3 minutos"},"schema":{"@context":"https:\/\/schema.org","@graph":[{"@type":"Article","@id":"https:\/\/lospoliticosveracruz.com\/?p=103681#article","isPartOf":{"@id":"https:\/\/lospoliticosveracruz.com\/?p=103681"},"author":{"name":"Lo viste en Los Pol\u00edticos","@id":"https:\/\/lospoliticosveracruz.com\/#\/schema\/person\/b8702bb0e538456e6efd07080bf2a4a2"},"headline":"EL DISCURSO DE LOS POBRES, SE OYE LEJOS","datePublished":"2023-03-15T13:57:25+00:00","dateModified":"2023-03-15T13:57:32+00:00","mainEntityOfPage":{"@id":"https:\/\/lospoliticosveracruz.com\/?p=103681"},"wordCount":690,"publisher":{"@id":"https:\/\/lospoliticosveracruz.com\/#organization"},"image":{"@id":"https:\/\/lospoliticosveracruz.com\/?p=103681#primaryimage"},"thumbnailUrl":"https:\/\/lospoliticosveracruz.com.mx\/wp-content\/uploads\/2021\/10\/WhatsApp-Image-2021-10-02-at-15.20.25-212x300.jpeg","keywords":["Andr\u00e9s Manuel L\u00f3pez Obrador","Julio Vallejo","Morena","primero los pobres","Veracruz"],"articleSection":["De Opini\u00f3n"],"inLanguage":"es"},{"@type":"WebPage","@id":"https:\/\/lospoliticosveracruz.com\/?p=103681","url":"https:\/\/lospoliticosveracruz.com\/?p=103681","name":"EL DISCURSO DE LOS POBRES, SE OYE LEJOS - Los pol\u00edticos Veracruz","isPartOf":{"@id":"https:\/\/lospoliticosveracruz.com\/#website"},"primaryImageOfPage":{"@id":"https:\/\/lospoliticosveracruz.com\/?p=103681#primaryimage"},"image":{"@id":"https:\/\/lospoliticosveracruz.com\/?p=103681#primaryimage"},"thumbnailUrl":"https:\/\/lospoliticosveracruz.com.mx\/wp-content\/uploads\/2021\/10\/WhatsApp-Image-2021-10-02-at-15.20.25-212x300.jpeg","datePublished":"2023-03-15T13:57:25+00:00","dateModified":"2023-03-15T13:57:32+00:00","breadcrumb":{"@id":"https:\/\/lospoliticosveracruz.com\/?p=103681#breadcrumb"},"inLanguage":"es","potentialAction":[{"@type":"ReadAction","target":["https:\/\/lospoliticosveracruz.com\/?p=103681"]}]},{"@type":"ImageObject","inLanguage":"es","@id":"https:\/\/lospoliticosveracruz.com\/?p=103681#primaryimage","url":"https:\/\/lospoliticosveracruz.com.mx\/wp-content\/uploads\/2021\/10\/WhatsApp-Image-2021-10-02-at-15.20.25-212x300.jpeg","contentUrl":"https:\/\/lospoliticosveracruz.com.mx\/wp-content\/uploads\/2021\/10\/WhatsApp-Image-2021-10-02-at-15.20.25-212x300.jpeg"},{"@type":"BreadcrumbList","@id":"https:\/\/lospoliticosveracruz.com\/?p=103681#breadcrumb","itemListElement":[{"@type":"ListItem","position":1,"name":"Portada","item":"https:\/\/lospoliticosveracruz.com\/"},{"@type":"ListItem","position":2,"name":"EL DISCURSO DE LOS POBRES, SE OYE LEJOS"}]},{"@type":"WebSite","@id":"https:\/\/lospoliticosveracruz.com\/#website","url":"https:\/\/lospoliticosveracruz.com\/","name":"Los pol\u00edticos Veracruz","description":"","publisher":{"@id":"https:\/\/lospoliticosveracruz.com\/#organization"},"potentialAction":[{"@type":"SearchAction","target":{"@type":"EntryPoint","urlTemplate":"https:\/\/lospoliticosveracruz.com\/?s={search_term_string}"},"query-input":{"@type":"PropertyValueSpecification","valueRequired":true,"valueName":"search_term_string"}}],"inLanguage":"es"},{"@type":"Organization","@id":"https:\/\/lospoliticosveracruz.com\/#organization","name":"Los pol\u00edticos Veracruz","url":"https:\/\/lospoliticosveracruz.com\/","logo":{"@type":"ImageObject","inLanguage":"es","@id":"https:\/\/lospoliticosveracruz.com\/#\/schema\/logo\/image\/","url":"https:\/\/lospoliticosveracruz.com\/wp-content\/uploads\/2025\/12\/Logo-Nuevo-LOS-POLITICOS-1.jpg","contentUrl":"https:\/\/lospoliticosveracruz.com\/wp-content\/uploads\/2025\/12\/Logo-Nuevo-LOS-POLITICOS-1.jpg","width":260,"height":70,"caption":"Los pol\u00edticos Veracruz"},"image":{"@id":"https:\/\/lospoliticosveracruz.com\/#\/schema\/logo\/image\/"},"sameAs":["https:\/\/www.facebook.com\/people\/Notimemes-de-los-Polticos\/61565672886568\/","https:\/\/x.com\/LosPoliticosVer"]},{"@type":"Person","@id":"https:\/\/lospoliticosveracruz.com\/#\/schema\/person\/b8702bb0e538456e6efd07080bf2a4a2","name":"Lo viste en Los Pol\u00edticos","image":{"@type":"ImageObject","inLanguage":"es","@id":"https:\/\/secure.gravatar.com\/avatar\/3a8de04a2656d44082be478bd6c086daa447c4651605818287b9532d3d0bd435?s=96&d=mm&r=g","url":"https:\/\/secure.gravatar.com\/avatar\/3a8de04a2656d44082be478bd6c086daa447c4651605818287b9532d3d0bd435?s=96&d=mm&r=g","contentUrl":"https:\/\/secure.gravatar.com\/avatar\/3a8de04a2656d44082be478bd6c086daa447c4651605818287b9532d3d0bd435?s=96&d=mm&r=g","caption":"Lo viste en Los Pol\u00edticos"},"url":"https:\/\/lospoliticosveracruz.com\/?author=2"}]}},"_links":{"self":[{"href":"https:\/\/lospoliticosveracruz.com\/index.php?rest_route=\/wp\/v2\/posts\/103681","targetHints":{"allow":["GET"]}}],"collection":[{"href":"https:\/\/lospoliticosveracruz.com\/index.php?rest_route=\/wp\/v2\/posts"}],"about":[{"href":"https:\/\/lospoliticosveracruz.com\/index.php?rest_route=\/wp\/v2\/types\/post"}],"author":[{"embeddable":true,"href":"https:\/\/lospoliticosveracruz.com\/index.php?rest_route=\/wp\/v2\/users\/2"}],"replies":[{"embeddable":true,"href":"https:\/\/lospoliticosveracruz.com\/index.php?rest_route=%2Fwp%2Fv2%2Fcomments&post=103681"}],"version-history":[{"count":1,"href":"https:\/\/lospoliticosveracruz.com\/index.php?rest_route=\/wp\/v2\/posts\/103681\/revisions"}],"predecessor-version":[{"id":103683,"href":"https:\/\/lospoliticosveracruz.com\/index.php?rest_route=\/wp\/v2\/posts\/103681\/revisions\/103683"}],"wp:attachment":[{"href":"https:\/\/lospoliticosveracruz.com\/index.php?rest_route=%2Fwp%2Fv2%2Fmedia&parent=103681"}],"wp:term":[{"taxonomy":"category","embeddable":true,"href":"https:\/\/lospoliticosveracruz.com\/index.php?rest_route=%2Fwp%2Fv2%2Fcategories&post=103681"},{"taxonomy":"post_tag","embeddable":true,"href":"https:\/\/lospoliticosveracruz.com\/index.php?rest_route=%2Fwp%2Fv2%2Ftags&post=103681"}],"curies":[{"name":"wp","href":"https:\/\/api.w.org\/{rel}","templated":true}]}}