{"id":103694,"date":"2023-03-15T11:41:08","date_gmt":"2023-03-15T17:41:08","guid":{"rendered":"https:\/\/lospoliticosveracruz.com.mx\/?p=103694"},"modified":"2023-03-15T11:41:33","modified_gmt":"2023-03-15T17:41:33","slug":"libertades","status":"publish","type":"post","link":"https:\/\/lospoliticosveracruz.com\/?p=103694","title":{"rendered":"LIBERTADES"},"content":{"rendered":"\n<p><strong>Manolo Victorio<\/strong><\/p>\n\n\n\n<p><em>Carpe Diem<\/em><\/p>\n\n\n\n<p><\/p>\n\n\n\n<p>Los primeros 28 art\u00edculos de nuestra carta magna nos confieren derechos universales, intransferibles e inalienables; son tambi\u00e9n irrenunciables porque no podemos despojarnos de su cobija protectora, ni siquiera por propia voluntad, son tambi\u00e9n intransferibles porque no se pueden prestar al pr\u00f3jimo o al extranjero y son derechos inalienables, porque nadie los puede suprimir bajo ninguna circunstancia ni se puede despojar de ellos a ninguna persona.<\/p>\n\n\n\n<p>Las primeras lecciones de derecho indican que el art\u00edculo 6\u00ba constitucional nos da el derecho, a todos, en la universalidad del colectivo, de poder expresarnos.<\/p>\n\n\n\n<p>Los periodistas no tenemos el imperio de la verdad.<\/p>\n\n\n\n<p>Tampoco podemos erigirnos en jueces de la palabra hablada, escrita o lanzada al \u00e9ter en medios electr\u00f3nicos como la radio y la televisi\u00f3n, ni somos perros guardianes de las redes sociales donde la l\u00f3gica semiol\u00f3gica de Umberto Eco bautiz\u00f3 como nichos ef\u00edmeros, sin sustento ni rigor \u00e9tico que&nbsp;&nbsp;\u00abdan el derecho de hablar a legiones de idiotas\u00bb, erigidos en influencers, tiktokeros, youtuberos, free lancers o imita changos&nbsp;&nbsp;que se impostan como comunicadores,&nbsp;&nbsp;periodistas o l\u00edderes de opini\u00f3n solo con traer un tel\u00e9fono celular en la mano.<\/p>\n\n\n\n<p>Habr\u00eda que sujetarse a la letra de la ley en afirmaci\u00f3n positiva del derecho que asiste a \u201cesta invasi\u00f3n de idiotas\u201d, a esta irrupci\u00f3n de necios a decir, difundir o subir a las plataformas sociales cualquier cantidad de banalidades que confunden a quienes no tienen el h\u00e1bito de consumir informaci\u00f3n certificada.<\/p>\n\n\n\n<p>Es la libertad de expresi\u00f3n, tan el\u00e1stica y resistente como la tela de la ara\u00f1a donde pudieron columpiarse cinco elefantes al mismo tiempo, como versa la canci\u00f3n infantil de anta\u00f1o.<\/p>\n\n\n\n<p>La diferencia estriba en la preparaci\u00f3n del periodista, en su formaci\u00f3n profesional o emp\u00edrica, basada siempre en la filosof\u00eda de la buena fe.<\/p>\n\n\n\n<p>El trabajo constante que refleja la realidad, por m\u00e1s inc\u00f3moda que le resulte al gobernante que vive y se mueve acompa\u00f1ado de rode\u00f3logos, asesores de la nada, achichincles a sueldo y&nbsp;&nbsp;eminencias grises que lo encapsulan en una nube rosa; es la obligaci\u00f3n del periodista.<\/p>\n\n\n\n<p>Nada m\u00e1s.<\/p>\n\n\n\n<p>El periodista no toma su primer caf\u00e9 de la ma\u00f1ana con malsana intenci\u00f3n de enderezar una campa\u00f1a de odio o desprestigio en contra de nadie, funcionario, pol\u00edtico, hombre o mujer p\u00fablica en el ejercicio de sus funciones.<\/p>\n\n\n\n<p>Tampoco se acuesta con avieso plan de destruir prestigios o carreras p\u00fablicas.<\/p>\n\n\n\n<p>Es la realidad la que marca la agenda, el derrotero de las notas, cr\u00f3nicas o reportajes period\u00edsticos cuya principal exigencia es el rigor de la comprobaci\u00f3n.<\/p>\n\n\n\n<p>Ese es el trabajo period\u00edstico.<\/p>\n\n\n\n<p>Prescindir de loas, inciensos literarios, aderezos estil\u00edsticos que busquen erigir o denostar la imagen de alguien. Es la transmisi\u00f3n de la informaci\u00f3n de los hechos que se registran, con un lenguaje preciso, conciso y macizo.<\/p>\n\n\n\n<p>Cuando ense\u00f1aba el oficio, Gabriel Garc\u00eda M\u00e1rquez, dec\u00eda: un texto es como una salchicha: debes primero saber a d\u00f3nde vas a llegar, as\u00ed que tienes que anudarla abajo. Cuando ya la tienes bien amarrada, comienzas a meterle la carne, el perejil, la papa, que es todo lo que uno consigue en la reporter\u00eda, y despu\u00e9s la amarras arriba y ah\u00ed est\u00e1 la salchicha, recuerda David Lara Ramos en la Fundaci\u00f3n Gabo.<\/p>\n\n\n\n<p>\u201cLe style c&#8217;est l\u2019homme\u201d, dec\u00eda el fil\u00f3sofo y naturalista franc\u00e9s Buffon.<\/p>\n\n\n\n<p>La noticia es la misma, s\u00f3lo cambia la forma en que se cuenta, dicen que dijo alguna vez Gabo. El estilo es el hombre dec\u00eda Buffon.<\/p>\n\n\n\n<p>Y a veces el estilo, filoso cuchillo intangible que hiere al gobernante, lastima el ego, desbarranca \u00eddolos de barros, desdibuja el discurso del progreso, la paz social y el bien com\u00fan construido por la propaganda gubernamental y cre\u00edda a pie juntillas por los inquilinos temporales del poder.<\/p>\n\n\n\n<p>Es ah\u00ed como dicen en la aldea, cuando la puerca tuerce el rabo.<\/p>\n\n\n\n<p>Hay una realidad revelada por los medios de comunicaci\u00f3n que el aparato propand\u00edstico gubernamental trabaja todos los d\u00edas en maquillar, cuando esta maquinaria trabaja en la inteligencia de la certeza de su trabajo.<\/p>\n\n\n\n<p>Aqu\u00ed, la sociedad sabe el trabajo de cada quien.<\/p>\n\n\n\n<p>Los gobernantes deben gobernar, los medios de comunicaci\u00f3n informar.<\/p>\n\n\n\n<p>Es una cohabitaci\u00f3n trompicada, una relaci\u00f3n pedregosa, accidentada, donde los desencuentros, las diferencias de visi\u00f3n entre datos, hechos y narrativa, se presentan cotidianamente. Eso es tambi\u00e9n democracia.<\/p>\n\n\n\n<p>El gobernante tiene derecho a quejarse del trato de lo medios de comunicaci\u00f3n, le asiste la libertad de decir lo que le venga en ganar, en imitaci\u00f3n o motu propio.<\/p>\n\n\n\n<p>Los periodistas, ejercen su derecho a disentir de la realidad oficial, siempre que lo sustentado en el trabajo reporteril tenga un anclaje de certificaci\u00f3n.<\/p>\n\n\n\n<p>Cuando se dice, escribe o lanza algo a las plataformas sociales bajo el filtro de la comprobaci\u00f3n, no hay discurso que derribe el argumento period\u00edstico.<\/p>\n\n\n\n<p>Todos tenemos el derecho de pensar, obrar y ejercer nuestras libertades bajo la tutela de la ley.<\/p>\n\n\n\n<p>La verdad os har\u00e1 libres, dice la palabra. En periodismo, la verdad comprobable es la \u00fanica premisa.<\/p>\n\n\n\n<p>Como escribi\u00f3 Ryszard Kapuscinski, en colof\u00f3n de los encuentros y desencuentros entre el poder y la prensa: para ejercer el periodismo, ante todo, hay que ser buenos seres humanos. Las malas personas no pueden ser buenos periodistas. Si se es una buena persona se puede intentar comprender a los dem\u00e1s, sus intenciones, su fe, sus intereses, sus dificultades, sus tragedias.<\/p>\n\n\n\n<p>\u00a1Tan, tan!, gritaba aliviado un viejo periodista cuando terminaba en su Remington 500 su octava nota del d\u00eda, destajo impuesto por el jefe de redacci\u00f3n como tarea diaria, al friccionar en aplauso final, sus palmas, en se\u00f1al sonora del deber cumplido.<\/p>\n\n\n\n<p>\u00a1Tan, tan!<\/p>\n","protected":false},"excerpt":{"rendered":"<p>Manolo Victorio Carpe Diem Los primeros 28 art\u00edculos de nuestra carta magna nos confieren derechos universales, intransferibles e inalienables; son tambi\u00e9n irrenunciables porque no podemos despojarnos de su cobija protectora, ni siquiera por propia voluntad, son tambi\u00e9n intransferibles porque no se pueden prestar al pr\u00f3jimo o al extranjero y son derechos inalienables, porque nadie los [&hellip;]<\/p>\n","protected":false},"author":2,"featured_media":0,"comment_status":"closed","ping_status":"closed","sticky":false,"template":"","format":"standard","meta":{"tdm_status":"","tdm_grid_status":"","footnotes":""},"categories":[70],"tags":[28396],"class_list":{"0":"post-103694","1":"post","2":"type-post","3":"status-publish","4":"format-standard","6":"category-de-opinion","7":"tag-manolo-victorio"},"yoast_head":"<!-- This site is optimized with the Yoast SEO plugin v27.4 - https:\/\/yoast.com\/product\/yoast-seo-wordpress\/ -->\n<title>LIBERTADES - Los pol\u00edticos Veracruz<\/title>\n<meta name=\"robots\" content=\"index, follow, max-snippet:-1, max-image-preview:large, max-video-preview:-1\" \/>\n<link rel=\"canonical\" href=\"https:\/\/lospoliticosveracruz.com\/?p=103694\" \/>\n<meta property=\"og:locale\" content=\"es_ES\" \/>\n<meta property=\"og:type\" content=\"article\" \/>\n<meta property=\"og:title\" content=\"LIBERTADES - Los pol\u00edticos Veracruz\" \/>\n<meta property=\"og:description\" content=\"Manolo Victorio Carpe Diem Los primeros 28 art\u00edculos de nuestra carta magna nos confieren derechos universales, intransferibles e inalienables; son tambi\u00e9n irrenunciables porque no podemos despojarnos de su cobija protectora, ni siquiera por propia voluntad, son tambi\u00e9n intransferibles porque no se pueden prestar al pr\u00f3jimo o al extranjero y son derechos inalienables, porque nadie los [&hellip;]\" \/>\n<meta property=\"og:url\" content=\"https:\/\/lospoliticosveracruz.com\/?p=103694\" \/>\n<meta property=\"og:site_name\" content=\"Los pol\u00edticos Veracruz\" \/>\n<meta property=\"article:publisher\" content=\"https:\/\/www.facebook.com\/people\/Notimemes-de-los-Polticos\/61565672886568\/\" \/>\n<meta property=\"article:published_time\" content=\"2023-03-15T17:41:08+00:00\" \/>\n<meta property=\"article:modified_time\" content=\"2023-03-15T17:41:33+00:00\" \/>\n<meta property=\"og:image\" content=\"https:\/\/lospoliticosveracruz.com\/wp-content\/uploads\/2016\/07\/Logo-Dor.jpg\" \/>\n\t<meta property=\"og:image:width\" content=\"200\" \/>\n\t<meta property=\"og:image:height\" content=\"200\" \/>\n\t<meta property=\"og:image:type\" content=\"image\/jpeg\" \/>\n<meta name=\"author\" content=\"Lo viste en Los Pol\u00edticos\" \/>\n<meta name=\"twitter:card\" content=\"summary_large_image\" \/>\n<meta name=\"twitter:creator\" content=\"@LosPoliticosVer\" \/>\n<meta name=\"twitter:site\" content=\"@LosPoliticosVer\" \/>\n<meta name=\"twitter:label1\" content=\"Escrito por\" \/>\n\t<meta name=\"twitter:data1\" content=\"Lo viste en Los Pol\u00edticos\" \/>\n\t<meta name=\"twitter:label2\" content=\"Tiempo de lectura\" \/>\n\t<meta name=\"twitter:data2\" content=\"5 minutos\" \/>\n<script type=\"application\/ld+json\" class=\"yoast-schema-graph\">{\"@context\":\"https:\\\/\\\/schema.org\",\"@graph\":[{\"@type\":\"Article\",\"@id\":\"https:\\\/\\\/lospoliticosveracruz.com\\\/?p=103694#article\",\"isPartOf\":{\"@id\":\"https:\\\/\\\/lospoliticosveracruz.com\\\/?p=103694\"},\"author\":{\"name\":\"Lo viste en Los Pol\u00edticos\",\"@id\":\"https:\\\/\\\/lospoliticosveracruz.com\\\/#\\\/schema\\\/person\\\/b8702bb0e538456e6efd07080bf2a4a2\"},\"headline\":\"LIBERTADES\",\"datePublished\":\"2023-03-15T17:41:08+00:00\",\"dateModified\":\"2023-03-15T17:41:33+00:00\",\"mainEntityOfPage\":{\"@id\":\"https:\\\/\\\/lospoliticosveracruz.com\\\/?p=103694\"},\"wordCount\":1005,\"publisher\":{\"@id\":\"https:\\\/\\\/lospoliticosveracruz.com\\\/#organization\"},\"keywords\":[\"Manolo Victorio\"],\"articleSection\":[\"De Opini\u00f3n\"],\"inLanguage\":\"es\"},{\"@type\":\"WebPage\",\"@id\":\"https:\\\/\\\/lospoliticosveracruz.com\\\/?p=103694\",\"url\":\"https:\\\/\\\/lospoliticosveracruz.com\\\/?p=103694\",\"name\":\"LIBERTADES - Los pol\u00edticos Veracruz\",\"isPartOf\":{\"@id\":\"https:\\\/\\\/lospoliticosveracruz.com\\\/#website\"},\"datePublished\":\"2023-03-15T17:41:08+00:00\",\"dateModified\":\"2023-03-15T17:41:33+00:00\",\"breadcrumb\":{\"@id\":\"https:\\\/\\\/lospoliticosveracruz.com\\\/?p=103694#breadcrumb\"},\"inLanguage\":\"es\",\"potentialAction\":[{\"@type\":\"ReadAction\",\"target\":[\"https:\\\/\\\/lospoliticosveracruz.com\\\/?p=103694\"]}]},{\"@type\":\"BreadcrumbList\",\"@id\":\"https:\\\/\\\/lospoliticosveracruz.com\\\/?p=103694#breadcrumb\",\"itemListElement\":[{\"@type\":\"ListItem\",\"position\":1,\"name\":\"Portada\",\"item\":\"https:\\\/\\\/lospoliticosveracruz.com\\\/\"},{\"@type\":\"ListItem\",\"position\":2,\"name\":\"LIBERTADES\"}]},{\"@type\":\"WebSite\",\"@id\":\"https:\\\/\\\/lospoliticosveracruz.com\\\/#website\",\"url\":\"https:\\\/\\\/lospoliticosveracruz.com\\\/\",\"name\":\"Los pol\u00edticos Veracruz\",\"description\":\"\",\"publisher\":{\"@id\":\"https:\\\/\\\/lospoliticosveracruz.com\\\/#organization\"},\"potentialAction\":[{\"@type\":\"SearchAction\",\"target\":{\"@type\":\"EntryPoint\",\"urlTemplate\":\"https:\\\/\\\/lospoliticosveracruz.com\\\/?s={search_term_string}\"},\"query-input\":{\"@type\":\"PropertyValueSpecification\",\"valueRequired\":true,\"valueName\":\"search_term_string\"}}],\"inLanguage\":\"es\"},{\"@type\":\"Organization\",\"@id\":\"https:\\\/\\\/lospoliticosveracruz.com\\\/#organization\",\"name\":\"Los pol\u00edticos Veracruz\",\"url\":\"https:\\\/\\\/lospoliticosveracruz.com\\\/\",\"logo\":{\"@type\":\"ImageObject\",\"inLanguage\":\"es\",\"@id\":\"https:\\\/\\\/lospoliticosveracruz.com\\\/#\\\/schema\\\/logo\\\/image\\\/\",\"url\":\"https:\\\/\\\/lospoliticosveracruz.com\\\/wp-content\\\/uploads\\\/2025\\\/12\\\/Logo-Nuevo-LOS-POLITICOS-1.jpg\",\"contentUrl\":\"https:\\\/\\\/lospoliticosveracruz.com\\\/wp-content\\\/uploads\\\/2025\\\/12\\\/Logo-Nuevo-LOS-POLITICOS-1.jpg\",\"width\":260,\"height\":70,\"caption\":\"Los pol\u00edticos Veracruz\"},\"image\":{\"@id\":\"https:\\\/\\\/lospoliticosveracruz.com\\\/#\\\/schema\\\/logo\\\/image\\\/\"},\"sameAs\":[\"https:\\\/\\\/www.facebook.com\\\/people\\\/Notimemes-de-los-Polticos\\\/61565672886568\\\/\",\"https:\\\/\\\/x.com\\\/LosPoliticosVer\"]},{\"@type\":\"Person\",\"@id\":\"https:\\\/\\\/lospoliticosveracruz.com\\\/#\\\/schema\\\/person\\\/b8702bb0e538456e6efd07080bf2a4a2\",\"name\":\"Lo viste en Los Pol\u00edticos\",\"image\":{\"@type\":\"ImageObject\",\"inLanguage\":\"es\",\"@id\":\"https:\\\/\\\/secure.gravatar.com\\\/avatar\\\/3a8de04a2656d44082be478bd6c086daa447c4651605818287b9532d3d0bd435?s=96&d=mm&r=g\",\"url\":\"https:\\\/\\\/secure.gravatar.com\\\/avatar\\\/3a8de04a2656d44082be478bd6c086daa447c4651605818287b9532d3d0bd435?s=96&d=mm&r=g\",\"contentUrl\":\"https:\\\/\\\/secure.gravatar.com\\\/avatar\\\/3a8de04a2656d44082be478bd6c086daa447c4651605818287b9532d3d0bd435?s=96&d=mm&r=g\",\"caption\":\"Lo viste en Los Pol\u00edticos\"},\"url\":\"https:\\\/\\\/lospoliticosveracruz.com\\\/?author=2\"}]}<\/script>\n<!-- \/ Yoast SEO plugin. -->","yoast_head_json":{"title":"LIBERTADES - Los pol\u00edticos Veracruz","robots":{"index":"index","follow":"follow","max-snippet":"max-snippet:-1","max-image-preview":"max-image-preview:large","max-video-preview":"max-video-preview:-1"},"canonical":"https:\/\/lospoliticosveracruz.com\/?p=103694","og_locale":"es_ES","og_type":"article","og_title":"LIBERTADES - Los pol\u00edticos Veracruz","og_description":"Manolo Victorio Carpe Diem Los primeros 28 art\u00edculos de nuestra carta magna nos confieren derechos universales, intransferibles e inalienables; son tambi\u00e9n irrenunciables porque no podemos despojarnos de su cobija protectora, ni siquiera por propia voluntad, son tambi\u00e9n intransferibles porque no se pueden prestar al pr\u00f3jimo o al extranjero y son derechos inalienables, porque nadie los [&hellip;]","og_url":"https:\/\/lospoliticosveracruz.com\/?p=103694","og_site_name":"Los pol\u00edticos Veracruz","article_publisher":"https:\/\/www.facebook.com\/people\/Notimemes-de-los-Polticos\/61565672886568\/","article_published_time":"2023-03-15T17:41:08+00:00","article_modified_time":"2023-03-15T17:41:33+00:00","og_image":[{"width":200,"height":200,"url":"https:\/\/lospoliticosveracruz.com\/wp-content\/uploads\/2016\/07\/Logo-Dor.jpg","type":"image\/jpeg"}],"author":"Lo viste en Los Pol\u00edticos","twitter_card":"summary_large_image","twitter_creator":"@LosPoliticosVer","twitter_site":"@LosPoliticosVer","twitter_misc":{"Escrito por":"Lo viste en Los Pol\u00edticos","Tiempo de lectura":"5 minutos"},"schema":{"@context":"https:\/\/schema.org","@graph":[{"@type":"Article","@id":"https:\/\/lospoliticosveracruz.com\/?p=103694#article","isPartOf":{"@id":"https:\/\/lospoliticosveracruz.com\/?p=103694"},"author":{"name":"Lo viste en Los Pol\u00edticos","@id":"https:\/\/lospoliticosveracruz.com\/#\/schema\/person\/b8702bb0e538456e6efd07080bf2a4a2"},"headline":"LIBERTADES","datePublished":"2023-03-15T17:41:08+00:00","dateModified":"2023-03-15T17:41:33+00:00","mainEntityOfPage":{"@id":"https:\/\/lospoliticosveracruz.com\/?p=103694"},"wordCount":1005,"publisher":{"@id":"https:\/\/lospoliticosveracruz.com\/#organization"},"keywords":["Manolo Victorio"],"articleSection":["De Opini\u00f3n"],"inLanguage":"es"},{"@type":"WebPage","@id":"https:\/\/lospoliticosveracruz.com\/?p=103694","url":"https:\/\/lospoliticosveracruz.com\/?p=103694","name":"LIBERTADES - Los pol\u00edticos Veracruz","isPartOf":{"@id":"https:\/\/lospoliticosveracruz.com\/#website"},"datePublished":"2023-03-15T17:41:08+00:00","dateModified":"2023-03-15T17:41:33+00:00","breadcrumb":{"@id":"https:\/\/lospoliticosveracruz.com\/?p=103694#breadcrumb"},"inLanguage":"es","potentialAction":[{"@type":"ReadAction","target":["https:\/\/lospoliticosveracruz.com\/?p=103694"]}]},{"@type":"BreadcrumbList","@id":"https:\/\/lospoliticosveracruz.com\/?p=103694#breadcrumb","itemListElement":[{"@type":"ListItem","position":1,"name":"Portada","item":"https:\/\/lospoliticosveracruz.com\/"},{"@type":"ListItem","position":2,"name":"LIBERTADES"}]},{"@type":"WebSite","@id":"https:\/\/lospoliticosveracruz.com\/#website","url":"https:\/\/lospoliticosveracruz.com\/","name":"Los pol\u00edticos Veracruz","description":"","publisher":{"@id":"https:\/\/lospoliticosveracruz.com\/#organization"},"potentialAction":[{"@type":"SearchAction","target":{"@type":"EntryPoint","urlTemplate":"https:\/\/lospoliticosveracruz.com\/?s={search_term_string}"},"query-input":{"@type":"PropertyValueSpecification","valueRequired":true,"valueName":"search_term_string"}}],"inLanguage":"es"},{"@type":"Organization","@id":"https:\/\/lospoliticosveracruz.com\/#organization","name":"Los pol\u00edticos Veracruz","url":"https:\/\/lospoliticosveracruz.com\/","logo":{"@type":"ImageObject","inLanguage":"es","@id":"https:\/\/lospoliticosveracruz.com\/#\/schema\/logo\/image\/","url":"https:\/\/lospoliticosveracruz.com\/wp-content\/uploads\/2025\/12\/Logo-Nuevo-LOS-POLITICOS-1.jpg","contentUrl":"https:\/\/lospoliticosveracruz.com\/wp-content\/uploads\/2025\/12\/Logo-Nuevo-LOS-POLITICOS-1.jpg","width":260,"height":70,"caption":"Los pol\u00edticos Veracruz"},"image":{"@id":"https:\/\/lospoliticosveracruz.com\/#\/schema\/logo\/image\/"},"sameAs":["https:\/\/www.facebook.com\/people\/Notimemes-de-los-Polticos\/61565672886568\/","https:\/\/x.com\/LosPoliticosVer"]},{"@type":"Person","@id":"https:\/\/lospoliticosveracruz.com\/#\/schema\/person\/b8702bb0e538456e6efd07080bf2a4a2","name":"Lo viste en Los Pol\u00edticos","image":{"@type":"ImageObject","inLanguage":"es","@id":"https:\/\/secure.gravatar.com\/avatar\/3a8de04a2656d44082be478bd6c086daa447c4651605818287b9532d3d0bd435?s=96&d=mm&r=g","url":"https:\/\/secure.gravatar.com\/avatar\/3a8de04a2656d44082be478bd6c086daa447c4651605818287b9532d3d0bd435?s=96&d=mm&r=g","contentUrl":"https:\/\/secure.gravatar.com\/avatar\/3a8de04a2656d44082be478bd6c086daa447c4651605818287b9532d3d0bd435?s=96&d=mm&r=g","caption":"Lo viste en Los Pol\u00edticos"},"url":"https:\/\/lospoliticosveracruz.com\/?author=2"}]}},"_links":{"self":[{"href":"https:\/\/lospoliticosveracruz.com\/index.php?rest_route=\/wp\/v2\/posts\/103694","targetHints":{"allow":["GET"]}}],"collection":[{"href":"https:\/\/lospoliticosveracruz.com\/index.php?rest_route=\/wp\/v2\/posts"}],"about":[{"href":"https:\/\/lospoliticosveracruz.com\/index.php?rest_route=\/wp\/v2\/types\/post"}],"author":[{"embeddable":true,"href":"https:\/\/lospoliticosveracruz.com\/index.php?rest_route=\/wp\/v2\/users\/2"}],"replies":[{"embeddable":true,"href":"https:\/\/lospoliticosveracruz.com\/index.php?rest_route=%2Fwp%2Fv2%2Fcomments&post=103694"}],"version-history":[{"count":2,"href":"https:\/\/lospoliticosveracruz.com\/index.php?rest_route=\/wp\/v2\/posts\/103694\/revisions"}],"predecessor-version":[{"id":103696,"href":"https:\/\/lospoliticosveracruz.com\/index.php?rest_route=\/wp\/v2\/posts\/103694\/revisions\/103696"}],"wp:attachment":[{"href":"https:\/\/lospoliticosveracruz.com\/index.php?rest_route=%2Fwp%2Fv2%2Fmedia&parent=103694"}],"wp:term":[{"taxonomy":"category","embeddable":true,"href":"https:\/\/lospoliticosveracruz.com\/index.php?rest_route=%2Fwp%2Fv2%2Fcategories&post=103694"},{"taxonomy":"post_tag","embeddable":true,"href":"https:\/\/lospoliticosveracruz.com\/index.php?rest_route=%2Fwp%2Fv2%2Ftags&post=103694"}],"curies":[{"name":"wp","href":"https:\/\/api.w.org\/{rel}","templated":true}]}}