{"id":103700,"date":"2023-03-15T13:48:41","date_gmt":"2023-03-15T19:48:41","guid":{"rendered":"https:\/\/lospoliticosveracruz.com.mx\/?p=103700"},"modified":"2023-03-15T13:48:46","modified_gmt":"2023-03-15T19:48:46","slug":"ganar-el-24-sin-politicos-que-ingenuidad","status":"publish","type":"post","link":"https:\/\/lospoliticosveracruz.com\/?p=103700","title":{"rendered":"\u00bfGANAR EL 24 SIN POL\u00cdTICOS?\u2026 qu\u00e9 ingenuidad!"},"content":{"rendered":"\n<p><strong>Vicente Luna Hern\u00e1ndez<\/strong><\/p>\n\n\n\n<p>El ex presidente nacional de COPARMEX Gustavo Adolfo de Hoyos Walther lanz\u00f3 su grito de guerra en b\u00fasqueda de la presidencia de M\u00e9xico: \u201cLos mexicanos estamos hasta la madre de los pol\u00edtico, sexenio tras sexenio nos han quedado demostrado que son unos incompetentes\u2026\u201d \u00bfen serio cree que esta frase le dar\u00e1 la candidatura? \u00bfOfender le dar\u00e1 votos? \u00bfQui\u00e9n le asesoro a decir esto? \u00bfEs su amigo o enemigo? \u00bfSabe que para ser presidente primero debe ser candidato?<\/p>\n\n\n<div class=\"wp-block-image\">\n<figure class=\"alignleft size-medium\"><a href=\"https:\/\/lospoliticosveracruz.com.mx\/wp-content\/uploads\/2021\/10\/Zacauilt.jpg\"><img decoding=\"async\" src=\"https:\/\/lospoliticosveracruz.com.mx\/wp-content\/uploads\/2021\/10\/Zacauilt-150x300.jpg\" alt=\"\" class=\"wp-image-80558\"\/><\/a><\/figure>\n<\/div>\n\n\n<p><br>Siempre he manifestado que la palabra pol\u00edtica m\u00e1s all\u00e1 de significados etimol\u00f3gicos, es la suma de voluntades para obtener, cambiar, mejorar el entorno social que nos rodea, lograr beneficios colectivos, el actuar y desempe\u00f1o de quienes logran esos objetivos son responsabilidades personales, misma que deben ser se\u00f1aladas y castigadas de acuerdo a sus normas y reglas internas, en otras palabras, la \u201cpol\u00edtica\u201d no es mala\u2026hay gobernantes malos.<br>La sociedad civil ha demostrado estar dispuesta a participar en un proyecto pol\u00edtico que permita transformar lo que presuntamente se est\u00e1 trasformando, est\u00e1 dispuesta a influir en la toma de decisiones que permitan mejorar las condiciones de vida de las y los mexicanos, estoy convencido que en la mesa donde est\u00e1n las c\u00fapulas de las dirigencias partidistas, debe haber las sillas necesarias para aquellas y aquellos que representan sectores de la sociedad que \u2013 regularmente \u2013 no son invitados al caf\u00e9 y las galletas, los tiempos pol\u00edticos y la inconformidad social en amplios sectores sociales, no est\u00e1n para que solo las y los dirigentes quieran comerse el pastel ejecutivo y legislativo que estar\u00e1 en disputa en el 2024, antes se atascaban y hoy deben compartir\u2026si quieren ganar.<br>\u00bfQue los gobernantes han fallado a la sociedad? Es cierto, de todos los partidos pol\u00edtico hay ejemplos, incluso muchos de los que hoy gobiernan bajo los colores de morena, ayer eran parte de esas \u201cmafias del poder \u201cque hoy reniegan y desconocen de manera c\u00ednica, dar nombres est\u00e1 de mas, la realidad es que ciertos personajes que bebieron el poder ayer\u2026hoy con camisa color guinda siguen bebiendo sin rubor alguno, \u00bfla pol\u00edtica fallo? \u00bf la pol\u00edtica traicion\u00f3? \u00bfSe debe denigrar la palabra \u201cpol\u00edtica\u201d? no confundamos, las cosas como son \u00bfAcaso los gobernantes de oposici\u00f3n que acaban de salir y fueron premiados con embajadas no fallaron en su responsabilidad? \u00bfO se purificaron al contribuir a los triunfos de Morena? \u00bfPurificadores o c\u00f3mplices?<\/p>\n\n\n\n<p>Es la suma de los partidos pol\u00edticos, militancia, simpatizantes, sociedad organizada y aquellas y aquellos que regularmente no votan, la fuerza de la alianza que permitir\u00e1 estar en condiciones de competir contra la alianza oficial, es la \u00fanica v\u00eda de acceder al poder para transformar lo que se considera que est\u00e1 mal de este gobierno, no se vale que en aras de unas simpat\u00edas ciudadanas, se minimice el significado de la pol\u00edtica y se quiera meter en un mismo costal, a mujeres y hombres que han sabido dignificar el poder p\u00fablico qu\u00e9 en su momento tuvieron.<br>Mal hace el empresario en dar una cachetada y esperar que los dirigent4s partidistas pongan la otra mejilla, mal empieza su camino a la candidatura ciudadana que anhela, \u00bfacaso solo es llamar la atenci\u00f3n para una diputaci\u00f3n? \u00bfAcaso no est\u00e1 actuando igual que aquellos a los que acusa?<br>Est\u00e1 claro que construir una alianza entre la sociedad civil y los partidos de oposici\u00f3n va m\u00e1s all\u00e1 de personajes pol\u00edticos, en todos los partidos hay manzanas podridas \u00bfacaso Morena no tiene? pero es la realidad en este pa\u00eds, solo los partidos tienen la facultad de postular candidatos y una candidatura independiente, est\u00e1 comprobado que no es la soluci\u00f3n y remedio para los problemas que atraviesa M\u00e9xico, ah\u00ed est\u00e1 Nuevo Le\u00f3n y su \u201cBronco\u201d\u2026ofendiendo y denigrando a posibles aliados no es la ruta hacia el 24\u2026 nada cerca y todo aleja.<br>P.D.- Con que \u00e1nimo que se equivoquen aquellos que creen que con chistes o con palabras vulgares van camino a una victoria\u2026Escribir\u00e9 otro d\u00eda.<\/p>\n","protected":false},"excerpt":{"rendered":"<p>Vicente Luna Hern\u00e1ndez El ex presidente nacional de COPARMEX Gustavo Adolfo de Hoyos Walther lanz\u00f3 su grito de guerra en b\u00fasqueda de la presidencia de M\u00e9xico: \u201cLos mexicanos estamos hasta la madre de los pol\u00edtico, sexenio tras sexenio nos han quedado demostrado que son unos incompetentes\u2026\u201d \u00bfen serio cree que esta frase le dar\u00e1 la [&hellip;]<\/p>\n","protected":false},"author":2,"featured_media":0,"comment_status":"closed","ping_status":"closed","sticky":false,"template":"","format":"standard","meta":{"tdm_status":"","tdm_grid_status":"","footnotes":""},"categories":[1],"tags":[6293,37556,15667],"class_list":{"0":"post-103700","1":"post","2":"type-post","3":"status-publish","4":"format-standard","6":"category-sin-categoria","7":"tag-coparmex","8":"tag-gustavo-adolfo-de-hoyos-walther","9":"tag-vicente-luna-hernandez"},"yoast_head":"<!-- This site is optimized with the Yoast SEO plugin v27.4 - https:\/\/yoast.com\/product\/yoast-seo-wordpress\/ -->\n<title>\u00bfGANAR EL 24 SIN POL\u00cdTICOS?\u2026 qu\u00e9 ingenuidad! - Los pol\u00edticos Veracruz<\/title>\n<meta name=\"robots\" content=\"index, follow, max-snippet:-1, max-image-preview:large, max-video-preview:-1\" \/>\n<link rel=\"canonical\" href=\"https:\/\/lospoliticosveracruz.com\/?p=103700\" \/>\n<meta property=\"og:locale\" content=\"es_ES\" \/>\n<meta property=\"og:type\" content=\"article\" \/>\n<meta property=\"og:title\" content=\"\u00bfGANAR EL 24 SIN POL\u00cdTICOS?\u2026 qu\u00e9 ingenuidad! - Los pol\u00edticos Veracruz\" \/>\n<meta property=\"og:description\" content=\"Vicente Luna Hern\u00e1ndez El ex presidente nacional de COPARMEX Gustavo Adolfo de Hoyos Walther lanz\u00f3 su grito de guerra en b\u00fasqueda de la presidencia de M\u00e9xico: \u201cLos mexicanos estamos hasta la madre de los pol\u00edtico, sexenio tras sexenio nos han quedado demostrado que son unos incompetentes\u2026\u201d \u00bfen serio cree que esta frase le dar\u00e1 la [&hellip;]\" \/>\n<meta property=\"og:url\" content=\"https:\/\/lospoliticosveracruz.com\/?p=103700\" \/>\n<meta property=\"og:site_name\" content=\"Los pol\u00edticos Veracruz\" \/>\n<meta property=\"article:publisher\" content=\"https:\/\/www.facebook.com\/people\/Notimemes-de-los-Polticos\/61565672886568\/\" \/>\n<meta property=\"article:published_time\" content=\"2023-03-15T19:48:41+00:00\" \/>\n<meta property=\"article:modified_time\" content=\"2023-03-15T19:48:46+00:00\" \/>\n<meta property=\"og:image\" content=\"https:\/\/lospoliticosveracruz.com.mx\/wp-content\/uploads\/2021\/10\/Zacauilt-150x300.jpg\" \/>\n<meta name=\"author\" content=\"Lo viste en Los Pol\u00edticos\" \/>\n<meta name=\"twitter:card\" content=\"summary_large_image\" \/>\n<meta name=\"twitter:creator\" content=\"@LosPoliticosVer\" \/>\n<meta name=\"twitter:site\" content=\"@LosPoliticosVer\" \/>\n<meta name=\"twitter:label1\" content=\"Escrito por\" \/>\n\t<meta name=\"twitter:data1\" content=\"Lo viste en Los Pol\u00edticos\" \/>\n\t<meta name=\"twitter:label2\" content=\"Tiempo de lectura\" \/>\n\t<meta name=\"twitter:data2\" content=\"3 minutos\" \/>\n<script type=\"application\/ld+json\" class=\"yoast-schema-graph\">{\"@context\":\"https:\\\/\\\/schema.org\",\"@graph\":[{\"@type\":\"Article\",\"@id\":\"https:\\\/\\\/lospoliticosveracruz.com\\\/?p=103700#article\",\"isPartOf\":{\"@id\":\"https:\\\/\\\/lospoliticosveracruz.com\\\/?p=103700\"},\"author\":{\"name\":\"Lo viste en Los Pol\u00edticos\",\"@id\":\"https:\\\/\\\/lospoliticosveracruz.com\\\/#\\\/schema\\\/person\\\/b8702bb0e538456e6efd07080bf2a4a2\"},\"headline\":\"\u00bfGANAR EL 24 SIN POL\u00cdTICOS?\u2026 qu\u00e9 ingenuidad!\",\"datePublished\":\"2023-03-15T19:48:41+00:00\",\"dateModified\":\"2023-03-15T19:48:46+00:00\",\"mainEntityOfPage\":{\"@id\":\"https:\\\/\\\/lospoliticosveracruz.com\\\/?p=103700\"},\"wordCount\":702,\"publisher\":{\"@id\":\"https:\\\/\\\/lospoliticosveracruz.com\\\/#organization\"},\"image\":{\"@id\":\"https:\\\/\\\/lospoliticosveracruz.com\\\/?p=103700#primaryimage\"},\"thumbnailUrl\":\"https:\\\/\\\/lospoliticosveracruz.com.mx\\\/wp-content\\\/uploads\\\/2021\\\/10\\\/Zacauilt-150x300.jpg\",\"keywords\":[\"Coparmex\",\"Gustavo Adolfo de Hoyos Walther\",\"Vicente Luna Hern\u00e1ndez\"],\"inLanguage\":\"es\"},{\"@type\":\"WebPage\",\"@id\":\"https:\\\/\\\/lospoliticosveracruz.com\\\/?p=103700\",\"url\":\"https:\\\/\\\/lospoliticosveracruz.com\\\/?p=103700\",\"name\":\"\u00bfGANAR EL 24 SIN POL\u00cdTICOS?\u2026 qu\u00e9 ingenuidad! - Los pol\u00edticos Veracruz\",\"isPartOf\":{\"@id\":\"https:\\\/\\\/lospoliticosveracruz.com\\\/#website\"},\"primaryImageOfPage\":{\"@id\":\"https:\\\/\\\/lospoliticosveracruz.com\\\/?p=103700#primaryimage\"},\"image\":{\"@id\":\"https:\\\/\\\/lospoliticosveracruz.com\\\/?p=103700#primaryimage\"},\"thumbnailUrl\":\"https:\\\/\\\/lospoliticosveracruz.com.mx\\\/wp-content\\\/uploads\\\/2021\\\/10\\\/Zacauilt-150x300.jpg\",\"datePublished\":\"2023-03-15T19:48:41+00:00\",\"dateModified\":\"2023-03-15T19:48:46+00:00\",\"breadcrumb\":{\"@id\":\"https:\\\/\\\/lospoliticosveracruz.com\\\/?p=103700#breadcrumb\"},\"inLanguage\":\"es\",\"potentialAction\":[{\"@type\":\"ReadAction\",\"target\":[\"https:\\\/\\\/lospoliticosveracruz.com\\\/?p=103700\"]}]},{\"@type\":\"ImageObject\",\"inLanguage\":\"es\",\"@id\":\"https:\\\/\\\/lospoliticosveracruz.com\\\/?p=103700#primaryimage\",\"url\":\"https:\\\/\\\/lospoliticosveracruz.com.mx\\\/wp-content\\\/uploads\\\/2021\\\/10\\\/Zacauilt-150x300.jpg\",\"contentUrl\":\"https:\\\/\\\/lospoliticosveracruz.com.mx\\\/wp-content\\\/uploads\\\/2021\\\/10\\\/Zacauilt-150x300.jpg\"},{\"@type\":\"BreadcrumbList\",\"@id\":\"https:\\\/\\\/lospoliticosveracruz.com\\\/?p=103700#breadcrumb\",\"itemListElement\":[{\"@type\":\"ListItem\",\"position\":1,\"name\":\"Portada\",\"item\":\"https:\\\/\\\/lospoliticosveracruz.com\\\/\"},{\"@type\":\"ListItem\",\"position\":2,\"name\":\"\u00bfGANAR EL 24 SIN POL\u00cdTICOS?\u2026 qu\u00e9 ingenuidad!\"}]},{\"@type\":\"WebSite\",\"@id\":\"https:\\\/\\\/lospoliticosveracruz.com\\\/#website\",\"url\":\"https:\\\/\\\/lospoliticosveracruz.com\\\/\",\"name\":\"Los pol\u00edticos Veracruz\",\"description\":\"\",\"publisher\":{\"@id\":\"https:\\\/\\\/lospoliticosveracruz.com\\\/#organization\"},\"potentialAction\":[{\"@type\":\"SearchAction\",\"target\":{\"@type\":\"EntryPoint\",\"urlTemplate\":\"https:\\\/\\\/lospoliticosveracruz.com\\\/?s={search_term_string}\"},\"query-input\":{\"@type\":\"PropertyValueSpecification\",\"valueRequired\":true,\"valueName\":\"search_term_string\"}}],\"inLanguage\":\"es\"},{\"@type\":\"Organization\",\"@id\":\"https:\\\/\\\/lospoliticosveracruz.com\\\/#organization\",\"name\":\"Los pol\u00edticos Veracruz\",\"url\":\"https:\\\/\\\/lospoliticosveracruz.com\\\/\",\"logo\":{\"@type\":\"ImageObject\",\"inLanguage\":\"es\",\"@id\":\"https:\\\/\\\/lospoliticosveracruz.com\\\/#\\\/schema\\\/logo\\\/image\\\/\",\"url\":\"https:\\\/\\\/lospoliticosveracruz.com\\\/wp-content\\\/uploads\\\/2025\\\/12\\\/Logo-Nuevo-LOS-POLITICOS-1.jpg\",\"contentUrl\":\"https:\\\/\\\/lospoliticosveracruz.com\\\/wp-content\\\/uploads\\\/2025\\\/12\\\/Logo-Nuevo-LOS-POLITICOS-1.jpg\",\"width\":260,\"height\":70,\"caption\":\"Los pol\u00edticos Veracruz\"},\"image\":{\"@id\":\"https:\\\/\\\/lospoliticosveracruz.com\\\/#\\\/schema\\\/logo\\\/image\\\/\"},\"sameAs\":[\"https:\\\/\\\/www.facebook.com\\\/people\\\/Notimemes-de-los-Polticos\\\/61565672886568\\\/\",\"https:\\\/\\\/x.com\\\/LosPoliticosVer\"]},{\"@type\":\"Person\",\"@id\":\"https:\\\/\\\/lospoliticosveracruz.com\\\/#\\\/schema\\\/person\\\/b8702bb0e538456e6efd07080bf2a4a2\",\"name\":\"Lo viste en Los Pol\u00edticos\",\"image\":{\"@type\":\"ImageObject\",\"inLanguage\":\"es\",\"@id\":\"https:\\\/\\\/secure.gravatar.com\\\/avatar\\\/3a8de04a2656d44082be478bd6c086daa447c4651605818287b9532d3d0bd435?s=96&d=mm&r=g\",\"url\":\"https:\\\/\\\/secure.gravatar.com\\\/avatar\\\/3a8de04a2656d44082be478bd6c086daa447c4651605818287b9532d3d0bd435?s=96&d=mm&r=g\",\"contentUrl\":\"https:\\\/\\\/secure.gravatar.com\\\/avatar\\\/3a8de04a2656d44082be478bd6c086daa447c4651605818287b9532d3d0bd435?s=96&d=mm&r=g\",\"caption\":\"Lo viste en Los Pol\u00edticos\"},\"url\":\"https:\\\/\\\/lospoliticosveracruz.com\\\/?author=2\"}]}<\/script>\n<!-- \/ Yoast SEO plugin. -->","yoast_head_json":{"title":"\u00bfGANAR EL 24 SIN POL\u00cdTICOS?\u2026 qu\u00e9 ingenuidad! - Los pol\u00edticos Veracruz","robots":{"index":"index","follow":"follow","max-snippet":"max-snippet:-1","max-image-preview":"max-image-preview:large","max-video-preview":"max-video-preview:-1"},"canonical":"https:\/\/lospoliticosveracruz.com\/?p=103700","og_locale":"es_ES","og_type":"article","og_title":"\u00bfGANAR EL 24 SIN POL\u00cdTICOS?\u2026 qu\u00e9 ingenuidad! - Los pol\u00edticos Veracruz","og_description":"Vicente Luna Hern\u00e1ndez El ex presidente nacional de COPARMEX Gustavo Adolfo de Hoyos Walther lanz\u00f3 su grito de guerra en b\u00fasqueda de la presidencia de M\u00e9xico: \u201cLos mexicanos estamos hasta la madre de los pol\u00edtico, sexenio tras sexenio nos han quedado demostrado que son unos incompetentes\u2026\u201d \u00bfen serio cree que esta frase le dar\u00e1 la [&hellip;]","og_url":"https:\/\/lospoliticosveracruz.com\/?p=103700","og_site_name":"Los pol\u00edticos Veracruz","article_publisher":"https:\/\/www.facebook.com\/people\/Notimemes-de-los-Polticos\/61565672886568\/","article_published_time":"2023-03-15T19:48:41+00:00","article_modified_time":"2023-03-15T19:48:46+00:00","og_image":[{"url":"https:\/\/lospoliticosveracruz.com.mx\/wp-content\/uploads\/2021\/10\/Zacauilt-150x300.jpg","type":"","width":"","height":""}],"author":"Lo viste en Los Pol\u00edticos","twitter_card":"summary_large_image","twitter_creator":"@LosPoliticosVer","twitter_site":"@LosPoliticosVer","twitter_misc":{"Escrito por":"Lo viste en Los Pol\u00edticos","Tiempo de lectura":"3 minutos"},"schema":{"@context":"https:\/\/schema.org","@graph":[{"@type":"Article","@id":"https:\/\/lospoliticosveracruz.com\/?p=103700#article","isPartOf":{"@id":"https:\/\/lospoliticosveracruz.com\/?p=103700"},"author":{"name":"Lo viste en Los Pol\u00edticos","@id":"https:\/\/lospoliticosveracruz.com\/#\/schema\/person\/b8702bb0e538456e6efd07080bf2a4a2"},"headline":"\u00bfGANAR EL 24 SIN POL\u00cdTICOS?\u2026 qu\u00e9 ingenuidad!","datePublished":"2023-03-15T19:48:41+00:00","dateModified":"2023-03-15T19:48:46+00:00","mainEntityOfPage":{"@id":"https:\/\/lospoliticosveracruz.com\/?p=103700"},"wordCount":702,"publisher":{"@id":"https:\/\/lospoliticosveracruz.com\/#organization"},"image":{"@id":"https:\/\/lospoliticosveracruz.com\/?p=103700#primaryimage"},"thumbnailUrl":"https:\/\/lospoliticosveracruz.com.mx\/wp-content\/uploads\/2021\/10\/Zacauilt-150x300.jpg","keywords":["Coparmex","Gustavo Adolfo de Hoyos Walther","Vicente Luna Hern\u00e1ndez"],"inLanguage":"es"},{"@type":"WebPage","@id":"https:\/\/lospoliticosveracruz.com\/?p=103700","url":"https:\/\/lospoliticosveracruz.com\/?p=103700","name":"\u00bfGANAR EL 24 SIN POL\u00cdTICOS?\u2026 qu\u00e9 ingenuidad! - Los pol\u00edticos Veracruz","isPartOf":{"@id":"https:\/\/lospoliticosveracruz.com\/#website"},"primaryImageOfPage":{"@id":"https:\/\/lospoliticosveracruz.com\/?p=103700#primaryimage"},"image":{"@id":"https:\/\/lospoliticosveracruz.com\/?p=103700#primaryimage"},"thumbnailUrl":"https:\/\/lospoliticosveracruz.com.mx\/wp-content\/uploads\/2021\/10\/Zacauilt-150x300.jpg","datePublished":"2023-03-15T19:48:41+00:00","dateModified":"2023-03-15T19:48:46+00:00","breadcrumb":{"@id":"https:\/\/lospoliticosveracruz.com\/?p=103700#breadcrumb"},"inLanguage":"es","potentialAction":[{"@type":"ReadAction","target":["https:\/\/lospoliticosveracruz.com\/?p=103700"]}]},{"@type":"ImageObject","inLanguage":"es","@id":"https:\/\/lospoliticosveracruz.com\/?p=103700#primaryimage","url":"https:\/\/lospoliticosveracruz.com.mx\/wp-content\/uploads\/2021\/10\/Zacauilt-150x300.jpg","contentUrl":"https:\/\/lospoliticosveracruz.com.mx\/wp-content\/uploads\/2021\/10\/Zacauilt-150x300.jpg"},{"@type":"BreadcrumbList","@id":"https:\/\/lospoliticosveracruz.com\/?p=103700#breadcrumb","itemListElement":[{"@type":"ListItem","position":1,"name":"Portada","item":"https:\/\/lospoliticosveracruz.com\/"},{"@type":"ListItem","position":2,"name":"\u00bfGANAR EL 24 SIN POL\u00cdTICOS?\u2026 qu\u00e9 ingenuidad!"}]},{"@type":"WebSite","@id":"https:\/\/lospoliticosveracruz.com\/#website","url":"https:\/\/lospoliticosveracruz.com\/","name":"Los pol\u00edticos Veracruz","description":"","publisher":{"@id":"https:\/\/lospoliticosveracruz.com\/#organization"},"potentialAction":[{"@type":"SearchAction","target":{"@type":"EntryPoint","urlTemplate":"https:\/\/lospoliticosveracruz.com\/?s={search_term_string}"},"query-input":{"@type":"PropertyValueSpecification","valueRequired":true,"valueName":"search_term_string"}}],"inLanguage":"es"},{"@type":"Organization","@id":"https:\/\/lospoliticosveracruz.com\/#organization","name":"Los pol\u00edticos Veracruz","url":"https:\/\/lospoliticosveracruz.com\/","logo":{"@type":"ImageObject","inLanguage":"es","@id":"https:\/\/lospoliticosveracruz.com\/#\/schema\/logo\/image\/","url":"https:\/\/lospoliticosveracruz.com\/wp-content\/uploads\/2025\/12\/Logo-Nuevo-LOS-POLITICOS-1.jpg","contentUrl":"https:\/\/lospoliticosveracruz.com\/wp-content\/uploads\/2025\/12\/Logo-Nuevo-LOS-POLITICOS-1.jpg","width":260,"height":70,"caption":"Los pol\u00edticos Veracruz"},"image":{"@id":"https:\/\/lospoliticosveracruz.com\/#\/schema\/logo\/image\/"},"sameAs":["https:\/\/www.facebook.com\/people\/Notimemes-de-los-Polticos\/61565672886568\/","https:\/\/x.com\/LosPoliticosVer"]},{"@type":"Person","@id":"https:\/\/lospoliticosveracruz.com\/#\/schema\/person\/b8702bb0e538456e6efd07080bf2a4a2","name":"Lo viste en Los Pol\u00edticos","image":{"@type":"ImageObject","inLanguage":"es","@id":"https:\/\/secure.gravatar.com\/avatar\/3a8de04a2656d44082be478bd6c086daa447c4651605818287b9532d3d0bd435?s=96&d=mm&r=g","url":"https:\/\/secure.gravatar.com\/avatar\/3a8de04a2656d44082be478bd6c086daa447c4651605818287b9532d3d0bd435?s=96&d=mm&r=g","contentUrl":"https:\/\/secure.gravatar.com\/avatar\/3a8de04a2656d44082be478bd6c086daa447c4651605818287b9532d3d0bd435?s=96&d=mm&r=g","caption":"Lo viste en Los Pol\u00edticos"},"url":"https:\/\/lospoliticosveracruz.com\/?author=2"}]}},"_links":{"self":[{"href":"https:\/\/lospoliticosveracruz.com\/index.php?rest_route=\/wp\/v2\/posts\/103700","targetHints":{"allow":["GET"]}}],"collection":[{"href":"https:\/\/lospoliticosveracruz.com\/index.php?rest_route=\/wp\/v2\/posts"}],"about":[{"href":"https:\/\/lospoliticosveracruz.com\/index.php?rest_route=\/wp\/v2\/types\/post"}],"author":[{"embeddable":true,"href":"https:\/\/lospoliticosveracruz.com\/index.php?rest_route=\/wp\/v2\/users\/2"}],"replies":[{"embeddable":true,"href":"https:\/\/lospoliticosveracruz.com\/index.php?rest_route=%2Fwp%2Fv2%2Fcomments&post=103700"}],"version-history":[{"count":1,"href":"https:\/\/lospoliticosveracruz.com\/index.php?rest_route=\/wp\/v2\/posts\/103700\/revisions"}],"predecessor-version":[{"id":103701,"href":"https:\/\/lospoliticosveracruz.com\/index.php?rest_route=\/wp\/v2\/posts\/103700\/revisions\/103701"}],"wp:attachment":[{"href":"https:\/\/lospoliticosveracruz.com\/index.php?rest_route=%2Fwp%2Fv2%2Fmedia&parent=103700"}],"wp:term":[{"taxonomy":"category","embeddable":true,"href":"https:\/\/lospoliticosveracruz.com\/index.php?rest_route=%2Fwp%2Fv2%2Fcategories&post=103700"},{"taxonomy":"post_tag","embeddable":true,"href":"https:\/\/lospoliticosveracruz.com\/index.php?rest_route=%2Fwp%2Fv2%2Ftags&post=103700"}],"curies":[{"name":"wp","href":"https:\/\/api.w.org\/{rel}","templated":true}]}}